{"id":412956,"date":"2022-04-21T08:01:30","date_gmt":"2022-04-21T12:01:30","guid":{"rendered":"https:\/\/www.ip.gov.py\/ip\/?p=412956"},"modified":"2022-04-21T08:01:30","modified_gmt":"2022-04-21T12:01:30","slug":"el-papa-se-sumo-al-pedido-de-una-tregua-en-ucrania-durante-la-pascua-ortodoxa","status":"publish","type":"post","link":"https:\/\/www.ip.gov.py\/ip\/2022\/04\/21\/el-papa-se-sumo-al-pedido-de-una-tregua-en-ucrania-durante-la-pascua-ortodoxa\/","title":{"rendered":"El Papa se sum\u00f3 al pedido de una tregua en Ucrania durante la Pascua ortodoxa"},"content":{"rendered":"<p style=\"text-align: justify;\"><em><strong>Ciudad del Vaticano.-<\/strong><\/em>El papa Francisco se uni\u00f3 este jueves al pedido del secretario general de las Naciones Unidas, Ant\u00f3nio Guterres, para que haya una tregua en Ucrania con motivo de la Pascua ortodoxa que se celebra entre este jueves y el domingo, inform\u00f3 un comunicado vaticano.<!--more--><\/p>\n<p style=\"text-align: justify;\">\u00abEl Domingo de Ramos el papa Francisco hab\u00eda pedido una tregua pascual para llegar a la paz. La Santa Sede y el Santo Padre se unen al llamamiento del Sr. Ant\u00f3nio Guterres, secretario general de la ONU, de acuerdo con Su Beatitud Sviatoslav Shevchuk, Jefe de la Iglesia greco-cat\u00f3lica ucraniana, lanzado el 19 de abril, para una tregua en con motivo de la celebraci\u00f3n de la Pascua seg\u00fan el calendario juliano, el 24 de abril\u00bb, inform\u00f3 un comunicado vaticano.<\/p>\n<p style=\"text-align: justify;\">El texto se refiri\u00f3 as\u00ed al pedido hecho por el pont\u00edfice el pasado 10 de abril para una tregua en la guerra entre Ucrania y Rusia, que no fue escuchado por las naciones en conflicto.<\/p>\n<p style=\"text-align: justify;\">\u00abConscientes de que nada es imposible para Dios, invocan al Se\u00f1or para que la poblaci\u00f3n atrapada en zonas de guerra sea evacuada y pronto se restablezca la paz, y exigen a quien tiene la responsabilidad de las naciones que escuchen el grito de paz de los pueblos\u00bb, agreg\u00f3 la nota de la Santa Sede.<\/p>\n<p style=\"text-align: justify;\">Guterres envi\u00f3 el mi\u00e9rcoles una carta a los presidentes ruso y ucraniano, Vladimir Putin y Volodimir Zelenski, pidi\u00e9ndoles una reuni\u00f3n en Mosc\u00fa y Kiev, respectivamente, anunci\u00f3 su vocero St\u00e9phane Dujarric.T\u00e9lam.<\/p>\n","protected":false},"excerpt":{"rendered":"<p>Ciudad del Vaticano.-El papa Francisco se uni\u00f3 este jueves al pedido del secretario general de las Naciones Unidas, Ant\u00f3nio Guterres, para que haya una tregua en Ucrania con motivo de la Pascua ortodoxa que se celebra entre este jueves y el domingo, inform\u00f3 un comunicado vaticano.<\/p>\n","protected":false},"author":11,"featured_media":412957,"comment_status":"closed","ping_status":"closed","sticky":false,"template":"","format":"standard","meta":{"_monsterinsights_skip_tracking":false,"_monsterinsights_sitenote_active":false,"_monsterinsights_sitenote_note":"","_monsterinsights_sitenote_category":0,"footnotes":""},"categories":[5],"tags":[4184,2045,3451,5459,8656,3262,1391],"class_list":{"0":"post-412956","1":"post","2":"type-post","3":"status-publish","4":"format-standard","5":"has-post-thumbnail","7":"category-internacionales","8":"tag-francisco","9":"tag-guerra","10":"tag-papa","11":"tag-pedido","12":"tag-tregua","13":"tag-ucrania","14":"tag-vaticano"},"yoast_head":"<!-- This site is optimized with the Yoast SEO plugin v27.4 - https:\/\/yoast.com\/product\/yoast-seo-wordpress\/ -->\n<title>El Papa se sum\u00f3 al pedido de una tregua en Ucrania durante la Pascua ortodoxa - .::Agencia IP::.<\/title>\n<meta name=\"robots\" content=\"index, follow, max-snippet:-1, max-image-preview:large, max-video-preview:-1\" \/>\n<link rel=\"canonical\" href=\"https:\/\/www.ip.gov.py\/ip\/2022\/04\/21\/el-papa-se-sumo-al-pedido-de-una-tregua-en-ucrania-durante-la-pascua-ortodoxa\/\" \/>\n<meta property=\"og:locale\" content=\"es_ES\" \/>\n<meta property=\"og:type\" content=\"article\" \/>\n<meta property=\"og:title\" content=\"El Papa se sum\u00f3 al pedido de una tregua en Ucrania durante la Pascua ortodoxa - .::Agencia IP::.\" \/>\n<meta property=\"og:description\" content=\"Ciudad del Vaticano.-El papa Francisco se uni\u00f3 este jueves al pedido del secretario general de las Naciones Unidas, Ant\u00f3nio Guterres, para que haya una tregua en Ucrania con motivo de la Pascua ortodoxa que se celebra entre este jueves y el domingo, inform\u00f3 un comunicado vaticano.\" \/>\n<meta property=\"og:url\" content=\"https:\/\/www.ip.gov.py\/ip\/2022\/04\/21\/el-papa-se-sumo-al-pedido-de-una-tregua-en-ucrania-durante-la-pascua-ortodoxa\/\" \/>\n<meta property=\"og:site_name\" content=\".::Agencia IP::.\" \/>\n<meta property=\"article:publisher\" content=\"https:\/\/www.facebook.com\/IPParaguay\/\" \/>\n<meta property=\"article:published_time\" content=\"2022-04-21T12:01:30+00:00\" \/>\n<meta property=\"og:image\" content=\"https:\/\/www.ip.gov.py\/ip\/wp-content\/uploads\/2022\/04\/Papa.jpg\" \/>\n\t<meta property=\"og:image:width\" content=\"900\" \/>\n\t<meta property=\"og:image:height\" content=\"506\" \/>\n\t<meta property=\"og:image:type\" content=\"image\/jpeg\" \/>\n<meta name=\"author\" content=\"vrios\" \/>\n<meta name=\"twitter:card\" content=\"summary_large_image\" \/>\n<meta name=\"twitter:creator\" content=\"@IPParaguay\" \/>\n<meta name=\"twitter:site\" content=\"@IPParaguay\" \/>\n<meta name=\"twitter:label1\" content=\"Escrito por\" \/>\n\t<meta name=\"twitter:data1\" content=\"vrios\" \/>\n\t<meta name=\"twitter:label2\" content=\"Tiempo de lectura\" \/>\n\t<meta name=\"twitter:data2\" content=\"2 minutos\" \/>\n<script type=\"application\/ld+json\" class=\"yoast-schema-graph\">{\"@context\":\"https:\\\/\\\/schema.org\",\"@graph\":[{\"@type\":\"Article\",\"@id\":\"https:\\\/\\\/www.ip.gov.py\\\/ip\\\/2022\\\/04\\\/21\\\/el-papa-se-sumo-al-pedido-de-una-tregua-en-ucrania-durante-la-pascua-ortodoxa\\\/#article\",\"isPartOf\":{\"@id\":\"https:\\\/\\\/www.ip.gov.py\\\/ip\\\/2022\\\/04\\\/21\\\/el-papa-se-sumo-al-pedido-de-una-tregua-en-ucrania-durante-la-pascua-ortodoxa\\\/\"},\"author\":{\"name\":\"vrios\",\"@id\":\"https:\\\/\\\/www.ip.gov.py\\\/ip\\\/#\\\/schema\\\/person\\\/fa3668852e893cb0423795330f919039\"},\"headline\":\"El Papa se sum\u00f3 al pedido de una tregua en Ucrania durante la Pascua ortodoxa\",\"datePublished\":\"2022-04-21T12:01:30+00:00\",\"mainEntityOfPage\":{\"@id\":\"https:\\\/\\\/www.ip.gov.py\\\/ip\\\/2022\\\/04\\\/21\\\/el-papa-se-sumo-al-pedido-de-una-tregua-en-ucrania-durante-la-pascua-ortodoxa\\\/\"},\"wordCount\":273,\"publisher\":{\"@id\":\"https:\\\/\\\/www.ip.gov.py\\\/ip\\\/#organization\"},\"image\":{\"@id\":\"https:\\\/\\\/www.ip.gov.py\\\/ip\\\/2022\\\/04\\\/21\\\/el-papa-se-sumo-al-pedido-de-una-tregua-en-ucrania-durante-la-pascua-ortodoxa\\\/#primaryimage\"},\"thumbnailUrl\":\"https:\\\/\\\/www.ip.gov.py\\\/ip\\\/wp-content\\\/uploads\\\/2022\\\/04\\\/Papa.jpg\",\"keywords\":[\"Francisco\",\"Guerra\",\"Papa\",\"Pedido\",\"Tregua\",\"Ucrania\",\"Vaticano\"],\"articleSection\":[\"Internacionales\"],\"inLanguage\":\"es\"},{\"@type\":\"WebPage\",\"@id\":\"https:\\\/\\\/www.ip.gov.py\\\/ip\\\/2022\\\/04\\\/21\\\/el-papa-se-sumo-al-pedido-de-una-tregua-en-ucrania-durante-la-pascua-ortodoxa\\\/\",\"url\":\"https:\\\/\\\/www.ip.gov.py\\\/ip\\\/2022\\\/04\\\/21\\\/el-papa-se-sumo-al-pedido-de-una-tregua-en-ucrania-durante-la-pascua-ortodoxa\\\/\",\"name\":\"El Papa se sum\u00f3 al pedido de una tregua en Ucrania durante la Pascua ortodoxa - .::Agencia IP::.\",\"isPartOf\":{\"@id\":\"https:\\\/\\\/www.ip.gov.py\\\/ip\\\/#website\"},\"primaryImageOfPage\":{\"@id\":\"https:\\\/\\\/www.ip.gov.py\\\/ip\\\/2022\\\/04\\\/21\\\/el-papa-se-sumo-al-pedido-de-una-tregua-en-ucrania-durante-la-pascua-ortodoxa\\\/#primaryimage\"},\"image\":{\"@id\":\"https:\\\/\\\/www.ip.gov.py\\\/ip\\\/2022\\\/04\\\/21\\\/el-papa-se-sumo-al-pedido-de-una-tregua-en-ucrania-durante-la-pascua-ortodoxa\\\/#primaryimage\"},\"thumbnailUrl\":\"https:\\\/\\\/www.ip.gov.py\\\/ip\\\/wp-content\\\/uploads\\\/2022\\\/04\\\/Papa.jpg\",\"datePublished\":\"2022-04-21T12:01:30+00:00\",\"breadcrumb\":{\"@id\":\"https:\\\/\\\/www.ip.gov.py\\\/ip\\\/2022\\\/04\\\/21\\\/el-papa-se-sumo-al-pedido-de-una-tregua-en-ucrania-durante-la-pascua-ortodoxa\\\/#breadcrumb\"},\"inLanguage\":\"es\",\"potentialAction\":[{\"@type\":\"ReadAction\",\"target\":[\"https:\\\/\\\/www.ip.gov.py\\\/ip\\\/2022\\\/04\\\/21\\\/el-papa-se-sumo-al-pedido-de-una-tregua-en-ucrania-durante-la-pascua-ortodoxa\\\/\"]}]},{\"@type\":\"ImageObject\",\"inLanguage\":\"es\",\"@id\":\"https:\\\/\\\/www.ip.gov.py\\\/ip\\\/2022\\\/04\\\/21\\\/el-papa-se-sumo-al-pedido-de-una-tregua-en-ucrania-durante-la-pascua-ortodoxa\\\/#primaryimage\",\"url\":\"https:\\\/\\\/www.ip.gov.py\\\/ip\\\/wp-content\\\/uploads\\\/2022\\\/04\\\/Papa.jpg\",\"contentUrl\":\"https:\\\/\\\/www.ip.gov.py\\\/ip\\\/wp-content\\\/uploads\\\/2022\\\/04\\\/Papa.jpg\",\"width\":900,\"height\":506,\"caption\":\"T\u00e9lam\"},{\"@type\":\"BreadcrumbList\",\"@id\":\"https:\\\/\\\/www.ip.gov.py\\\/ip\\\/2022\\\/04\\\/21\\\/el-papa-se-sumo-al-pedido-de-una-tregua-en-ucrania-durante-la-pascua-ortodoxa\\\/#breadcrumb\",\"itemListElement\":[{\"@type\":\"ListItem\",\"position\":1,\"name\":\"Portada\",\"item\":\"https:\\\/\\\/www.ip.gov.py\\\/ip\\\/\"},{\"@type\":\"ListItem\",\"position\":2,\"name\":\"El Papa se sum\u00f3 al pedido de una tregua en Ucrania durante la Pascua ortodoxa\"}]},{\"@type\":\"WebSite\",\"@id\":\"https:\\\/\\\/www.ip.gov.py\\\/ip\\\/#website\",\"url\":\"https:\\\/\\\/www.ip.gov.py\\\/ip\\\/\",\"name\":\".::Agencia IP::.\",\"description\":\"\",\"publisher\":{\"@id\":\"https:\\\/\\\/www.ip.gov.py\\\/ip\\\/#organization\"},\"potentialAction\":[{\"@type\":\"SearchAction\",\"target\":{\"@type\":\"EntryPoint\",\"urlTemplate\":\"https:\\\/\\\/www.ip.gov.py\\\/ip\\\/?s={search_term_string}\"},\"query-input\":{\"@type\":\"PropertyValueSpecification\",\"valueRequired\":true,\"valueName\":\"search_term_string\"}}],\"inLanguage\":\"es\"},{\"@type\":\"Organization\",\"@id\":\"https:\\\/\\\/www.ip.gov.py\\\/ip\\\/#organization\",\"name\":\"Agencia IP\",\"url\":\"https:\\\/\\\/www.ip.gov.py\\\/ip\\\/\",\"logo\":{\"@type\":\"ImageObject\",\"inLanguage\":\"es\",\"@id\":\"https:\\\/\\\/www.ip.gov.py\\\/ip\\\/#\\\/schema\\\/logo\\\/image\\\/\",\"url\":\"https:\\\/\\\/www.ip.gov.py\\\/ip\\\/wp-content\\\/uploads\\\/2018\\\/01\\\/Agencia-IP.jpg\",\"contentUrl\":\"https:\\\/\\\/www.ip.gov.py\\\/ip\\\/wp-content\\\/uploads\\\/2018\\\/01\\\/Agencia-IP.jpg\",\"width\":150,\"height\":150,\"caption\":\"Agencia IP\"},\"image\":{\"@id\":\"https:\\\/\\\/www.ip.gov.py\\\/ip\\\/#\\\/schema\\\/logo\\\/image\\\/\"},\"sameAs\":[\"https:\\\/\\\/www.facebook.com\\\/IPParaguay\\\/\",\"https:\\\/\\\/x.com\\\/IPParaguay\",\"https:\\\/\\\/www.instagram.com\\\/IPParaguay\"]},{\"@type\":\"Person\",\"@id\":\"https:\\\/\\\/www.ip.gov.py\\\/ip\\\/#\\\/schema\\\/person\\\/fa3668852e893cb0423795330f919039\",\"name\":\"vrios\",\"url\":\"https:\\\/\\\/www.ip.gov.py\\\/ip\\\/author\\\/vrios\\\/\"}]}<\/script>\n<!-- \/ Yoast SEO plugin. -->","yoast_head_json":{"title":"El Papa se sum\u00f3 al pedido de una tregua en Ucrania durante la Pascua ortodoxa - .::Agencia IP::.","robots":{"index":"index","follow":"follow","max-snippet":"max-snippet:-1","max-image-preview":"max-image-preview:large","max-video-preview":"max-video-preview:-1"},"canonical":"https:\/\/www.ip.gov.py\/ip\/2022\/04\/21\/el-papa-se-sumo-al-pedido-de-una-tregua-en-ucrania-durante-la-pascua-ortodoxa\/","og_locale":"es_ES","og_type":"article","og_title":"El Papa se sum\u00f3 al pedido de una tregua en Ucrania durante la Pascua ortodoxa - .::Agencia IP::.","og_description":"Ciudad del Vaticano.-El papa Francisco se uni\u00f3 este jueves al pedido del secretario general de las Naciones Unidas, Ant\u00f3nio Guterres, para que haya una tregua en Ucrania con motivo de la Pascua ortodoxa que se celebra entre este jueves y el domingo, inform\u00f3 un comunicado vaticano.","og_url":"https:\/\/www.ip.gov.py\/ip\/2022\/04\/21\/el-papa-se-sumo-al-pedido-de-una-tregua-en-ucrania-durante-la-pascua-ortodoxa\/","og_site_name":".::Agencia IP::.","article_publisher":"https:\/\/www.facebook.com\/IPParaguay\/","article_published_time":"2022-04-21T12:01:30+00:00","og_image":[{"width":900,"height":506,"url":"https:\/\/www.ip.gov.py\/ip\/wp-content\/uploads\/2022\/04\/Papa.jpg","type":"image\/jpeg"}],"author":"vrios","twitter_card":"summary_large_image","twitter_creator":"@IPParaguay","twitter_site":"@IPParaguay","twitter_misc":{"Escrito por":"vrios","Tiempo de lectura":"2 minutos"},"schema":{"@context":"https:\/\/schema.org","@graph":[{"@type":"Article","@id":"https:\/\/www.ip.gov.py\/ip\/2022\/04\/21\/el-papa-se-sumo-al-pedido-de-una-tregua-en-ucrania-durante-la-pascua-ortodoxa\/#article","isPartOf":{"@id":"https:\/\/www.ip.gov.py\/ip\/2022\/04\/21\/el-papa-se-sumo-al-pedido-de-una-tregua-en-ucrania-durante-la-pascua-ortodoxa\/"},"author":{"name":"vrios","@id":"https:\/\/www.ip.gov.py\/ip\/#\/schema\/person\/fa3668852e893cb0423795330f919039"},"headline":"El Papa se sum\u00f3 al pedido de una tregua en Ucrania durante la Pascua ortodoxa","datePublished":"2022-04-21T12:01:30+00:00","mainEntityOfPage":{"@id":"https:\/\/www.ip.gov.py\/ip\/2022\/04\/21\/el-papa-se-sumo-al-pedido-de-una-tregua-en-ucrania-durante-la-pascua-ortodoxa\/"},"wordCount":273,"publisher":{"@id":"https:\/\/www.ip.gov.py\/ip\/#organization"},"image":{"@id":"https:\/\/www.ip.gov.py\/ip\/2022\/04\/21\/el-papa-se-sumo-al-pedido-de-una-tregua-en-ucrania-durante-la-pascua-ortodoxa\/#primaryimage"},"thumbnailUrl":"https:\/\/www.ip.gov.py\/ip\/wp-content\/uploads\/2022\/04\/Papa.jpg","keywords":["Francisco","Guerra","Papa","Pedido","Tregua","Ucrania","Vaticano"],"articleSection":["Internacionales"],"inLanguage":"es"},{"@type":"WebPage","@id":"https:\/\/www.ip.gov.py\/ip\/2022\/04\/21\/el-papa-se-sumo-al-pedido-de-una-tregua-en-ucrania-durante-la-pascua-ortodoxa\/","url":"https:\/\/www.ip.gov.py\/ip\/2022\/04\/21\/el-papa-se-sumo-al-pedido-de-una-tregua-en-ucrania-durante-la-pascua-ortodoxa\/","name":"El Papa se sum\u00f3 al pedido de una tregua en Ucrania durante la Pascua ortodoxa - .::Agencia IP::.","isPartOf":{"@id":"https:\/\/www.ip.gov.py\/ip\/#website"},"primaryImageOfPage":{"@id":"https:\/\/www.ip.gov.py\/ip\/2022\/04\/21\/el-papa-se-sumo-al-pedido-de-una-tregua-en-ucrania-durante-la-pascua-ortodoxa\/#primaryimage"},"image":{"@id":"https:\/\/www.ip.gov.py\/ip\/2022\/04\/21\/el-papa-se-sumo-al-pedido-de-una-tregua-en-ucrania-durante-la-pascua-ortodoxa\/#primaryimage"},"thumbnailUrl":"https:\/\/www.ip.gov.py\/ip\/wp-content\/uploads\/2022\/04\/Papa.jpg","datePublished":"2022-04-21T12:01:30+00:00","breadcrumb":{"@id":"https:\/\/www.ip.gov.py\/ip\/2022\/04\/21\/el-papa-se-sumo-al-pedido-de-una-tregua-en-ucrania-durante-la-pascua-ortodoxa\/#breadcrumb"},"inLanguage":"es","potentialAction":[{"@type":"ReadAction","target":["https:\/\/www.ip.gov.py\/ip\/2022\/04\/21\/el-papa-se-sumo-al-pedido-de-una-tregua-en-ucrania-durante-la-pascua-ortodoxa\/"]}]},{"@type":"ImageObject","inLanguage":"es","@id":"https:\/\/www.ip.gov.py\/ip\/2022\/04\/21\/el-papa-se-sumo-al-pedido-de-una-tregua-en-ucrania-durante-la-pascua-ortodoxa\/#primaryimage","url":"https:\/\/www.ip.gov.py\/ip\/wp-content\/uploads\/2022\/04\/Papa.jpg","contentUrl":"https:\/\/www.ip.gov.py\/ip\/wp-content\/uploads\/2022\/04\/Papa.jpg","width":900,"height":506,"caption":"T\u00e9lam"},{"@type":"BreadcrumbList","@id":"https:\/\/www.ip.gov.py\/ip\/2022\/04\/21\/el-papa-se-sumo-al-pedido-de-una-tregua-en-ucrania-durante-la-pascua-ortodoxa\/#breadcrumb","itemListElement":[{"@type":"ListItem","position":1,"name":"Portada","item":"https:\/\/www.ip.gov.py\/ip\/"},{"@type":"ListItem","position":2,"name":"El Papa se sum\u00f3 al pedido de una tregua en Ucrania durante la Pascua ortodoxa"}]},{"@type":"WebSite","@id":"https:\/\/www.ip.gov.py\/ip\/#website","url":"https:\/\/www.ip.gov.py\/ip\/","name":".::Agencia IP::.","description":"","publisher":{"@id":"https:\/\/www.ip.gov.py\/ip\/#organization"},"potentialAction":[{"@type":"SearchAction","target":{"@type":"EntryPoint","urlTemplate":"https:\/\/www.ip.gov.py\/ip\/?s={search_term_string}"},"query-input":{"@type":"PropertyValueSpecification","valueRequired":true,"valueName":"search_term_string"}}],"inLanguage":"es"},{"@type":"Organization","@id":"https:\/\/www.ip.gov.py\/ip\/#organization","name":"Agencia IP","url":"https:\/\/www.ip.gov.py\/ip\/","logo":{"@type":"ImageObject","inLanguage":"es","@id":"https:\/\/www.ip.gov.py\/ip\/#\/schema\/logo\/image\/","url":"https:\/\/www.ip.gov.py\/ip\/wp-content\/uploads\/2018\/01\/Agencia-IP.jpg","contentUrl":"https:\/\/www.ip.gov.py\/ip\/wp-content\/uploads\/2018\/01\/Agencia-IP.jpg","width":150,"height":150,"caption":"Agencia IP"},"image":{"@id":"https:\/\/www.ip.gov.py\/ip\/#\/schema\/logo\/image\/"},"sameAs":["https:\/\/www.facebook.com\/IPParaguay\/","https:\/\/x.com\/IPParaguay","https:\/\/www.instagram.com\/IPParaguay"]},{"@type":"Person","@id":"https:\/\/www.ip.gov.py\/ip\/#\/schema\/person\/fa3668852e893cb0423795330f919039","name":"vrios","url":"https:\/\/www.ip.gov.py\/ip\/author\/vrios\/"}]}},"_links":{"self":[{"href":"https:\/\/www.ip.gov.py\/ip\/wp-json\/wp\/v2\/posts\/412956","targetHints":{"allow":["GET"]}}],"collection":[{"href":"https:\/\/www.ip.gov.py\/ip\/wp-json\/wp\/v2\/posts"}],"about":[{"href":"https:\/\/www.ip.gov.py\/ip\/wp-json\/wp\/v2\/types\/post"}],"author":[{"embeddable":true,"href":"https:\/\/www.ip.gov.py\/ip\/wp-json\/wp\/v2\/users\/11"}],"replies":[{"embeddable":true,"href":"https:\/\/www.ip.gov.py\/ip\/wp-json\/wp\/v2\/comments?post=412956"}],"version-history":[{"count":0,"href":"https:\/\/www.ip.gov.py\/ip\/wp-json\/wp\/v2\/posts\/412956\/revisions"}],"wp:featuredmedia":[{"embeddable":true,"href":"https:\/\/www.ip.gov.py\/ip\/wp-json\/wp\/v2\/media\/412957"}],"wp:attachment":[{"href":"https:\/\/www.ip.gov.py\/ip\/wp-json\/wp\/v2\/media?parent=412956"}],"wp:term":[{"taxonomy":"category","embeddable":true,"href":"https:\/\/www.ip.gov.py\/ip\/wp-json\/wp\/v2\/categories?post=412956"},{"taxonomy":"post_tag","embeddable":true,"href":"https:\/\/www.ip.gov.py\/ip\/wp-json\/wp\/v2\/tags?post=412956"}],"curies":[{"name":"wp","href":"https:\/\/api.w.org\/{rel}","templated":true}]}}