{"id":413108,"date":"2022-04-22T12:48:41","date_gmt":"2022-04-22T16:48:41","guid":{"rendered":"https:\/\/www.ip.gov.py\/ip\/?p=413108"},"modified":"2022-04-22T12:48:41","modified_gmt":"2022-04-22T16:48:41","slug":"ministro-de-la-juventud-acompana-proyecto-territorio-deportivo-nacional","status":"publish","type":"post","link":"https:\/\/www.ip.gov.py\/ip\/2022\/04\/22\/ministro-de-la-juventud-acompana-proyecto-territorio-deportivo-nacional\/","title":{"rendered":"Ministro de la juventud acompa\u00f1a proyecto Territorio Deportivo Nacional"},"content":{"rendered":"<p><em><strong>Asunci\u00f3n, Agencia IP.-<\/strong><\/em>El ministro de la Secretar\u00eda Nacional de la Juventud, Edgar Colm\u00e1n acompa\u00f1\u00f3 la palada inicial de la futura plaza deportiva de la localidad de Juan Manuel Frutos, en el\u00a0 departamento de Caaguaz\u00fa.<!--more--><\/p>\n<p>\u201cUn gusto acompa\u00f1ar el evento de palada inicial de lo que ser\u00e1 una nueva plaza deportiva para la ciudad, estamos cada vez m\u00e1s cerca del Territorio Deportivo Nacional gracias al compromiso de la Secretar\u00eda de Deportes\u201d, destac\u00f3 en la ocasi\u00f3n el funcionario gubernamental.<\/p>\n<p>Agreg\u00f3 que es \u201cEs importante brindar m\u00e1s oportunidades para los j\u00f3venes, luego vamos a gestionar para iluminar la plaza e instalaci\u00f3n de wifi para convertirlo en un centro de recreaci\u00f3n y social y que m\u00e1s gente pueda disfrutar de este espacio p\u00fablico\u201d Desde la SNJ acompa\u00f1amos a la SND para construir las plazas deportivas, en 240 distritos del pa\u00eds\u201d, enfatiz\u00f3.<\/p>\n<p>\u201cEl deporte no solo es sin\u00f3nimo de hacer ejercicio, sino de salud y para no incurrir en los vicios. Entendemos que es demasiado importante y queremos brindar m\u00e1s oportunidades. Estamos trabajando para brindar m\u00e1s beneficios y herramientas para los j\u00f3venes del Paraguay\u201d, finaliz\u00f3.<\/p>\n<p>&nbsp;<\/p>\n<p>&nbsp;<\/p>\n<p>&nbsp;<\/p>\n<p>&nbsp;<\/p>\n","protected":false},"excerpt":{"rendered":"<p>Asunci\u00f3n, Agencia IP.-El ministro de la Secretar\u00eda Nacional de la Juventud, Edgar Colm\u00e1n acompa\u00f1\u00f3 la palada inicial de la futura plaza deportiva de la localidad de Juan Manuel Frutos, en el\u00a0 departamento de Caaguaz\u00fa.<\/p>\n","protected":false},"author":11,"featured_media":413110,"comment_status":"closed","ping_status":"closed","sticky":false,"template":"","format":"standard","meta":{"_monsterinsights_skip_tracking":false,"_monsterinsights_sitenote_active":false,"_monsterinsights_sitenote_note":"","_monsterinsights_sitenote_category":0,"footnotes":""},"categories":[8],"tags":[358,11706,2602,427,3081],"class_list":{"0":"post-413108","1":"post","2":"type-post","3":"status-publish","4":"format-standard","5":"has-post-thumbnail","7":"category-deportes","8":"tag-caaguazu","9":"tag-juan-manuel-frutos","10":"tag-juventud","11":"tag-ministro","12":"tag-plazas-deportivas"},"yoast_head":"<!-- This site is optimized with the Yoast SEO plugin v27.5 - https:\/\/yoast.com\/product\/yoast-seo-wordpress\/ -->\n<title>Ministro de la juventud acompa\u00f1a proyecto Territorio Deportivo Nacional - .::Agencia IP::.<\/title>\n<meta name=\"robots\" content=\"index, follow, max-snippet:-1, max-image-preview:large, max-video-preview:-1\" \/>\n<link rel=\"canonical\" href=\"https:\/\/www.ip.gov.py\/ip\/2022\/04\/22\/ministro-de-la-juventud-acompana-proyecto-territorio-deportivo-nacional\/\" \/>\n<meta property=\"og:locale\" content=\"es_ES\" \/>\n<meta property=\"og:type\" content=\"article\" \/>\n<meta property=\"og:title\" content=\"Ministro de la juventud acompa\u00f1a proyecto Territorio Deportivo Nacional - .::Agencia IP::.\" \/>\n<meta property=\"og:description\" content=\"Asunci\u00f3n, Agencia IP.-El ministro de la Secretar\u00eda Nacional de la Juventud, Edgar Colm\u00e1n acompa\u00f1\u00f3 la palada inicial de la futura plaza deportiva de la localidad de Juan Manuel Frutos, en el\u00a0 departamento de Caaguaz\u00fa.\" \/>\n<meta property=\"og:url\" content=\"https:\/\/www.ip.gov.py\/ip\/2022\/04\/22\/ministro-de-la-juventud-acompana-proyecto-territorio-deportivo-nacional\/\" \/>\n<meta property=\"og:site_name\" content=\".::Agencia IP::.\" \/>\n<meta property=\"article:publisher\" content=\"https:\/\/www.facebook.com\/IPParaguay\/\" \/>\n<meta property=\"article:published_time\" content=\"2022-04-22T16:48:41+00:00\" \/>\n<meta property=\"og:image\" content=\"https:\/\/www.ip.gov.py\/ip\/wp-content\/uploads\/2022\/04\/Plazas-Deportivas.jpg\" \/>\n\t<meta property=\"og:image:width\" content=\"1280\" \/>\n\t<meta property=\"og:image:height\" content=\"853\" \/>\n\t<meta property=\"og:image:type\" content=\"image\/jpeg\" \/>\n<meta name=\"author\" content=\"vrios\" \/>\n<meta name=\"twitter:card\" content=\"summary_large_image\" \/>\n<meta name=\"twitter:creator\" content=\"@IPParaguay\" \/>\n<meta name=\"twitter:site\" content=\"@IPParaguay\" \/>\n<meta name=\"twitter:label1\" content=\"Escrito por\" \/>\n\t<meta name=\"twitter:data1\" content=\"vrios\" \/>\n\t<meta name=\"twitter:label2\" content=\"Tiempo de lectura\" \/>\n\t<meta name=\"twitter:data2\" content=\"1 minuto\" \/>\n<script type=\"application\/ld+json\" class=\"yoast-schema-graph\">{\"@context\":\"https:\\\/\\\/schema.org\",\"@graph\":[{\"@type\":\"Article\",\"@id\":\"https:\\\/\\\/www.ip.gov.py\\\/ip\\\/2022\\\/04\\\/22\\\/ministro-de-la-juventud-acompana-proyecto-territorio-deportivo-nacional\\\/#article\",\"isPartOf\":{\"@id\":\"https:\\\/\\\/www.ip.gov.py\\\/ip\\\/2022\\\/04\\\/22\\\/ministro-de-la-juventud-acompana-proyecto-territorio-deportivo-nacional\\\/\"},\"author\":{\"name\":\"vrios\",\"@id\":\"https:\\\/\\\/www.ip.gov.py\\\/ip\\\/#\\\/schema\\\/person\\\/fa3668852e893cb0423795330f919039\"},\"headline\":\"Ministro de la juventud acompa\u00f1a proyecto Territorio Deportivo Nacional\",\"datePublished\":\"2022-04-22T16:48:41+00:00\",\"mainEntityOfPage\":{\"@id\":\"https:\\\/\\\/www.ip.gov.py\\\/ip\\\/2022\\\/04\\\/22\\\/ministro-de-la-juventud-acompana-proyecto-territorio-deportivo-nacional\\\/\"},\"wordCount\":214,\"publisher\":{\"@id\":\"https:\\\/\\\/www.ip.gov.py\\\/ip\\\/#organization\"},\"image\":{\"@id\":\"https:\\\/\\\/www.ip.gov.py\\\/ip\\\/2022\\\/04\\\/22\\\/ministro-de-la-juventud-acompana-proyecto-territorio-deportivo-nacional\\\/#primaryimage\"},\"thumbnailUrl\":\"https:\\\/\\\/www.ip.gov.py\\\/ip\\\/wp-content\\\/uploads\\\/2022\\\/04\\\/Plazas-Deportivas.jpg\",\"keywords\":[\"Caaguaz\u00fa\",\"Juan Manuel Frutos\",\"Juventud\",\"Ministro\",\"plazas deportivas\"],\"articleSection\":[\"Deportes\"],\"inLanguage\":\"es\"},{\"@type\":\"WebPage\",\"@id\":\"https:\\\/\\\/www.ip.gov.py\\\/ip\\\/2022\\\/04\\\/22\\\/ministro-de-la-juventud-acompana-proyecto-territorio-deportivo-nacional\\\/\",\"url\":\"https:\\\/\\\/www.ip.gov.py\\\/ip\\\/2022\\\/04\\\/22\\\/ministro-de-la-juventud-acompana-proyecto-territorio-deportivo-nacional\\\/\",\"name\":\"Ministro de la juventud acompa\u00f1a proyecto Territorio Deportivo Nacional - .::Agencia IP::.\",\"isPartOf\":{\"@id\":\"https:\\\/\\\/www.ip.gov.py\\\/ip\\\/#website\"},\"primaryImageOfPage\":{\"@id\":\"https:\\\/\\\/www.ip.gov.py\\\/ip\\\/2022\\\/04\\\/22\\\/ministro-de-la-juventud-acompana-proyecto-territorio-deportivo-nacional\\\/#primaryimage\"},\"image\":{\"@id\":\"https:\\\/\\\/www.ip.gov.py\\\/ip\\\/2022\\\/04\\\/22\\\/ministro-de-la-juventud-acompana-proyecto-territorio-deportivo-nacional\\\/#primaryimage\"},\"thumbnailUrl\":\"https:\\\/\\\/www.ip.gov.py\\\/ip\\\/wp-content\\\/uploads\\\/2022\\\/04\\\/Plazas-Deportivas.jpg\",\"datePublished\":\"2022-04-22T16:48:41+00:00\",\"breadcrumb\":{\"@id\":\"https:\\\/\\\/www.ip.gov.py\\\/ip\\\/2022\\\/04\\\/22\\\/ministro-de-la-juventud-acompana-proyecto-territorio-deportivo-nacional\\\/#breadcrumb\"},\"inLanguage\":\"es\",\"potentialAction\":[{\"@type\":\"ReadAction\",\"target\":[\"https:\\\/\\\/www.ip.gov.py\\\/ip\\\/2022\\\/04\\\/22\\\/ministro-de-la-juventud-acompana-proyecto-territorio-deportivo-nacional\\\/\"]}]},{\"@type\":\"ImageObject\",\"inLanguage\":\"es\",\"@id\":\"https:\\\/\\\/www.ip.gov.py\\\/ip\\\/2022\\\/04\\\/22\\\/ministro-de-la-juventud-acompana-proyecto-territorio-deportivo-nacional\\\/#primaryimage\",\"url\":\"https:\\\/\\\/www.ip.gov.py\\\/ip\\\/wp-content\\\/uploads\\\/2022\\\/04\\\/Plazas-Deportivas.jpg\",\"contentUrl\":\"https:\\\/\\\/www.ip.gov.py\\\/ip\\\/wp-content\\\/uploads\\\/2022\\\/04\\\/Plazas-Deportivas.jpg\",\"width\":1280,\"height\":853,\"caption\":\"SND\"},{\"@type\":\"BreadcrumbList\",\"@id\":\"https:\\\/\\\/www.ip.gov.py\\\/ip\\\/2022\\\/04\\\/22\\\/ministro-de-la-juventud-acompana-proyecto-territorio-deportivo-nacional\\\/#breadcrumb\",\"itemListElement\":[{\"@type\":\"ListItem\",\"position\":1,\"name\":\"Portada\",\"item\":\"https:\\\/\\\/www.ip.gov.py\\\/ip\\\/\"},{\"@type\":\"ListItem\",\"position\":2,\"name\":\"Ministro de la juventud acompa\u00f1a proyecto Territorio Deportivo Nacional\"}]},{\"@type\":\"WebSite\",\"@id\":\"https:\\\/\\\/www.ip.gov.py\\\/ip\\\/#website\",\"url\":\"https:\\\/\\\/www.ip.gov.py\\\/ip\\\/\",\"name\":\".::Agencia IP::.\",\"description\":\"\",\"publisher\":{\"@id\":\"https:\\\/\\\/www.ip.gov.py\\\/ip\\\/#organization\"},\"potentialAction\":[{\"@type\":\"SearchAction\",\"target\":{\"@type\":\"EntryPoint\",\"urlTemplate\":\"https:\\\/\\\/www.ip.gov.py\\\/ip\\\/?s={search_term_string}\"},\"query-input\":{\"@type\":\"PropertyValueSpecification\",\"valueRequired\":true,\"valueName\":\"search_term_string\"}}],\"inLanguage\":\"es\"},{\"@type\":\"Organization\",\"@id\":\"https:\\\/\\\/www.ip.gov.py\\\/ip\\\/#organization\",\"name\":\"Agencia IP\",\"url\":\"https:\\\/\\\/www.ip.gov.py\\\/ip\\\/\",\"logo\":{\"@type\":\"ImageObject\",\"inLanguage\":\"es\",\"@id\":\"https:\\\/\\\/www.ip.gov.py\\\/ip\\\/#\\\/schema\\\/logo\\\/image\\\/\",\"url\":\"https:\\\/\\\/www.ip.gov.py\\\/ip\\\/wp-content\\\/uploads\\\/2018\\\/01\\\/Agencia-IP.jpg\",\"contentUrl\":\"https:\\\/\\\/www.ip.gov.py\\\/ip\\\/wp-content\\\/uploads\\\/2018\\\/01\\\/Agencia-IP.jpg\",\"width\":150,\"height\":150,\"caption\":\"Agencia IP\"},\"image\":{\"@id\":\"https:\\\/\\\/www.ip.gov.py\\\/ip\\\/#\\\/schema\\\/logo\\\/image\\\/\"},\"sameAs\":[\"https:\\\/\\\/www.facebook.com\\\/IPParaguay\\\/\",\"https:\\\/\\\/x.com\\\/IPParaguay\",\"https:\\\/\\\/www.instagram.com\\\/IPParaguay\"]},{\"@type\":\"Person\",\"@id\":\"https:\\\/\\\/www.ip.gov.py\\\/ip\\\/#\\\/schema\\\/person\\\/fa3668852e893cb0423795330f919039\",\"name\":\"vrios\",\"url\":\"https:\\\/\\\/www.ip.gov.py\\\/ip\\\/author\\\/vrios\\\/\"}]}<\/script>\n<!-- \/ Yoast SEO plugin. -->","yoast_head_json":{"title":"Ministro de la juventud acompa\u00f1a proyecto Territorio Deportivo Nacional - .::Agencia IP::.","robots":{"index":"index","follow":"follow","max-snippet":"max-snippet:-1","max-image-preview":"max-image-preview:large","max-video-preview":"max-video-preview:-1"},"canonical":"https:\/\/www.ip.gov.py\/ip\/2022\/04\/22\/ministro-de-la-juventud-acompana-proyecto-territorio-deportivo-nacional\/","og_locale":"es_ES","og_type":"article","og_title":"Ministro de la juventud acompa\u00f1a proyecto Territorio Deportivo Nacional - .::Agencia IP::.","og_description":"Asunci\u00f3n, Agencia IP.-El ministro de la Secretar\u00eda Nacional de la Juventud, Edgar Colm\u00e1n acompa\u00f1\u00f3 la palada inicial de la futura plaza deportiva de la localidad de Juan Manuel Frutos, en el\u00a0 departamento de Caaguaz\u00fa.","og_url":"https:\/\/www.ip.gov.py\/ip\/2022\/04\/22\/ministro-de-la-juventud-acompana-proyecto-territorio-deportivo-nacional\/","og_site_name":".::Agencia IP::.","article_publisher":"https:\/\/www.facebook.com\/IPParaguay\/","article_published_time":"2022-04-22T16:48:41+00:00","og_image":[{"width":1280,"height":853,"url":"https:\/\/www.ip.gov.py\/ip\/wp-content\/uploads\/2022\/04\/Plazas-Deportivas.jpg","type":"image\/jpeg"}],"author":"vrios","twitter_card":"summary_large_image","twitter_creator":"@IPParaguay","twitter_site":"@IPParaguay","twitter_misc":{"Escrito por":"vrios","Tiempo de lectura":"1 minuto"},"schema":{"@context":"https:\/\/schema.org","@graph":[{"@type":"Article","@id":"https:\/\/www.ip.gov.py\/ip\/2022\/04\/22\/ministro-de-la-juventud-acompana-proyecto-territorio-deportivo-nacional\/#article","isPartOf":{"@id":"https:\/\/www.ip.gov.py\/ip\/2022\/04\/22\/ministro-de-la-juventud-acompana-proyecto-territorio-deportivo-nacional\/"},"author":{"name":"vrios","@id":"https:\/\/www.ip.gov.py\/ip\/#\/schema\/person\/fa3668852e893cb0423795330f919039"},"headline":"Ministro de la juventud acompa\u00f1a proyecto Territorio Deportivo Nacional","datePublished":"2022-04-22T16:48:41+00:00","mainEntityOfPage":{"@id":"https:\/\/www.ip.gov.py\/ip\/2022\/04\/22\/ministro-de-la-juventud-acompana-proyecto-territorio-deportivo-nacional\/"},"wordCount":214,"publisher":{"@id":"https:\/\/www.ip.gov.py\/ip\/#organization"},"image":{"@id":"https:\/\/www.ip.gov.py\/ip\/2022\/04\/22\/ministro-de-la-juventud-acompana-proyecto-territorio-deportivo-nacional\/#primaryimage"},"thumbnailUrl":"https:\/\/www.ip.gov.py\/ip\/wp-content\/uploads\/2022\/04\/Plazas-Deportivas.jpg","keywords":["Caaguaz\u00fa","Juan Manuel Frutos","Juventud","Ministro","plazas deportivas"],"articleSection":["Deportes"],"inLanguage":"es"},{"@type":"WebPage","@id":"https:\/\/www.ip.gov.py\/ip\/2022\/04\/22\/ministro-de-la-juventud-acompana-proyecto-territorio-deportivo-nacional\/","url":"https:\/\/www.ip.gov.py\/ip\/2022\/04\/22\/ministro-de-la-juventud-acompana-proyecto-territorio-deportivo-nacional\/","name":"Ministro de la juventud acompa\u00f1a proyecto Territorio Deportivo Nacional - .::Agencia IP::.","isPartOf":{"@id":"https:\/\/www.ip.gov.py\/ip\/#website"},"primaryImageOfPage":{"@id":"https:\/\/www.ip.gov.py\/ip\/2022\/04\/22\/ministro-de-la-juventud-acompana-proyecto-territorio-deportivo-nacional\/#primaryimage"},"image":{"@id":"https:\/\/www.ip.gov.py\/ip\/2022\/04\/22\/ministro-de-la-juventud-acompana-proyecto-territorio-deportivo-nacional\/#primaryimage"},"thumbnailUrl":"https:\/\/www.ip.gov.py\/ip\/wp-content\/uploads\/2022\/04\/Plazas-Deportivas.jpg","datePublished":"2022-04-22T16:48:41+00:00","breadcrumb":{"@id":"https:\/\/www.ip.gov.py\/ip\/2022\/04\/22\/ministro-de-la-juventud-acompana-proyecto-territorio-deportivo-nacional\/#breadcrumb"},"inLanguage":"es","potentialAction":[{"@type":"ReadAction","target":["https:\/\/www.ip.gov.py\/ip\/2022\/04\/22\/ministro-de-la-juventud-acompana-proyecto-territorio-deportivo-nacional\/"]}]},{"@type":"ImageObject","inLanguage":"es","@id":"https:\/\/www.ip.gov.py\/ip\/2022\/04\/22\/ministro-de-la-juventud-acompana-proyecto-territorio-deportivo-nacional\/#primaryimage","url":"https:\/\/www.ip.gov.py\/ip\/wp-content\/uploads\/2022\/04\/Plazas-Deportivas.jpg","contentUrl":"https:\/\/www.ip.gov.py\/ip\/wp-content\/uploads\/2022\/04\/Plazas-Deportivas.jpg","width":1280,"height":853,"caption":"SND"},{"@type":"BreadcrumbList","@id":"https:\/\/www.ip.gov.py\/ip\/2022\/04\/22\/ministro-de-la-juventud-acompana-proyecto-territorio-deportivo-nacional\/#breadcrumb","itemListElement":[{"@type":"ListItem","position":1,"name":"Portada","item":"https:\/\/www.ip.gov.py\/ip\/"},{"@type":"ListItem","position":2,"name":"Ministro de la juventud acompa\u00f1a proyecto Territorio Deportivo Nacional"}]},{"@type":"WebSite","@id":"https:\/\/www.ip.gov.py\/ip\/#website","url":"https:\/\/www.ip.gov.py\/ip\/","name":".::Agencia IP::.","description":"","publisher":{"@id":"https:\/\/www.ip.gov.py\/ip\/#organization"},"potentialAction":[{"@type":"SearchAction","target":{"@type":"EntryPoint","urlTemplate":"https:\/\/www.ip.gov.py\/ip\/?s={search_term_string}"},"query-input":{"@type":"PropertyValueSpecification","valueRequired":true,"valueName":"search_term_string"}}],"inLanguage":"es"},{"@type":"Organization","@id":"https:\/\/www.ip.gov.py\/ip\/#organization","name":"Agencia IP","url":"https:\/\/www.ip.gov.py\/ip\/","logo":{"@type":"ImageObject","inLanguage":"es","@id":"https:\/\/www.ip.gov.py\/ip\/#\/schema\/logo\/image\/","url":"https:\/\/www.ip.gov.py\/ip\/wp-content\/uploads\/2018\/01\/Agencia-IP.jpg","contentUrl":"https:\/\/www.ip.gov.py\/ip\/wp-content\/uploads\/2018\/01\/Agencia-IP.jpg","width":150,"height":150,"caption":"Agencia IP"},"image":{"@id":"https:\/\/www.ip.gov.py\/ip\/#\/schema\/logo\/image\/"},"sameAs":["https:\/\/www.facebook.com\/IPParaguay\/","https:\/\/x.com\/IPParaguay","https:\/\/www.instagram.com\/IPParaguay"]},{"@type":"Person","@id":"https:\/\/www.ip.gov.py\/ip\/#\/schema\/person\/fa3668852e893cb0423795330f919039","name":"vrios","url":"https:\/\/www.ip.gov.py\/ip\/author\/vrios\/"}]}},"_links":{"self":[{"href":"https:\/\/www.ip.gov.py\/ip\/wp-json\/wp\/v2\/posts\/413108","targetHints":{"allow":["GET"]}}],"collection":[{"href":"https:\/\/www.ip.gov.py\/ip\/wp-json\/wp\/v2\/posts"}],"about":[{"href":"https:\/\/www.ip.gov.py\/ip\/wp-json\/wp\/v2\/types\/post"}],"author":[{"embeddable":true,"href":"https:\/\/www.ip.gov.py\/ip\/wp-json\/wp\/v2\/users\/11"}],"replies":[{"embeddable":true,"href":"https:\/\/www.ip.gov.py\/ip\/wp-json\/wp\/v2\/comments?post=413108"}],"version-history":[{"count":0,"href":"https:\/\/www.ip.gov.py\/ip\/wp-json\/wp\/v2\/posts\/413108\/revisions"}],"wp:featuredmedia":[{"embeddable":true,"href":"https:\/\/www.ip.gov.py\/ip\/wp-json\/wp\/v2\/media\/413110"}],"wp:attachment":[{"href":"https:\/\/www.ip.gov.py\/ip\/wp-json\/wp\/v2\/media?parent=413108"}],"wp:term":[{"taxonomy":"category","embeddable":true,"href":"https:\/\/www.ip.gov.py\/ip\/wp-json\/wp\/v2\/categories?post=413108"},{"taxonomy":"post_tag","embeddable":true,"href":"https:\/\/www.ip.gov.py\/ip\/wp-json\/wp\/v2\/tags?post=413108"}],"curies":[{"name":"wp","href":"https:\/\/api.w.org\/{rel}","templated":true}]}}