{"id":415232,"date":"2022-05-09T13:57:01","date_gmt":"2022-05-09T17:57:01","guid":{"rendered":"https:\/\/www.ip.gov.py\/ip\/?p=415232"},"modified":"2022-05-09T14:41:50","modified_gmt":"2022-05-09T18:41:50","slug":"instituciones-educativas-deben-aplicar-protocolo-y-guias-contra-abuso-sexual","status":"publish","type":"post","link":"https:\/\/www.ip.gov.py\/ip\/2022\/05\/09\/instituciones-educativas-deben-aplicar-protocolo-y-guias-contra-abuso-sexual\/","title":{"rendered":"Viceministro insiste en que instituciones educativas apliquen protocolo y gu\u00edas existentes contra el abuso sexual"},"content":{"rendered":"<p style=\"text-align: justify;\"><strong><em>Asunci\u00f3n, Agencia IP<\/em> <\/strong>-Desde el 2012 se cuenta con un protocolo contra el acoso escolar en las instituciones educativas, y en el 2015 con una gu\u00eda contra la vulneraci\u00f3n sexual en el \u00e1mbito educativo. \u201cEstas pautas estaban establecidas, y es sumamente grosero que esta instituci\u00f3n desconozca esta normas\u201d record\u00f3 este lunes el viceministro de Protecci\u00f3n Integral de Derechos del Minna, Eduardo Escobar.<\/p>\n<p style=\"text-align: justify;\"><!--more--><\/p>\n<p style=\"text-align: justify;\">El viceministro abord\u00f3, en entrevista con Radio C\u00e1ritas, los procedimientos institucionales establecidos ante casos de vulneraci\u00f3n de derechos de ni\u00f1os, ni\u00f1as y adolescentes, en el contexto del actual caso de supuesto abuso sexual de un ni\u00f1o dentro de una instituci\u00f3n educativa privada de la ciudad de Lambar\u00e9.<\/p>\n<p style=\"text-align: justify;\">Mencionando la notoriedad p\u00fablica y medi\u00e1tica del caso, el viceministro afirm\u00f3 que \u201cesto va a ser un antes y un despu\u00e9s con respecto a la protecci\u00f3n de los ni\u00f1os, van a pensar dos veces, porque van a tener que dar una respuesta a una responsabilidad penal a este cuerpo docente y administrativo de este colegio\u00bb.<\/p>\n<p style=\"text-align: justify;\">El viceministro afirm\u00f3 que \u00abtodas las gu\u00edas y los protocolos est\u00e1n ah\u00ed y ellos ten\u00edan la obligaci\u00f3n, con un abogado que entiende de derecho, interiorizado y no pueden alegar desconocimiento de las leyes. Es su funci\u00f3n, es su trabajo\u201d, afirm\u00f3.<\/p>\n<p style=\"text-align: justify;\">Refiri\u00f3 que socialmente la vulneraci\u00f3n de los derechos de los ni\u00f1os, ni\u00f1as y adolescentes es una cuesti\u00f3n donde cada vez m\u00e1s se gana conciencia y se denuncia. Las estad\u00edsticas en el 2010 mostraban unos 580 casos denunciados, mientras que desde hace 3 a\u00f1os esta cifra aument\u00f3 en 3000 casos por a\u00f1o. \u201cSe increment\u00f3 porque la gente est\u00e1 perdiendo el miedo\u201d, destac\u00f3.<\/p>\n<p style=\"text-align: justify;\">En ese sentido se\u00f1al\u00f3 que la campa\u00f1a del Minna de este a\u00f1o, con el lema \u00abTodos somos responsables\u00bb hace hincapi\u00e9 en la figura del abusador y su potencial capacidad de destruir vidas.<\/p>\n<p style=\"text-align: justify;\">Por otro lado, destac\u00f3 que en la actualidad, tambi\u00e9n existe un mayor empoderamiento por parte de los magistrados con respecto a la sanci\u00f3n que se ha incrementado en los \u00faltimos a\u00f1os.<\/p>\n<p style=\"text-align: justify;\">\u201cEs una maduraci\u00f3n de la sociedad que ya no tolera la violencia, es muy importante. Linea 147 Fono Ayuda del MINNA, se encuentra las 24 horas disponible para que se pueda realizar una denuncia en forma segura y gratuita. Esta l\u00ednea est\u00e1 operada por sic\u00f3logos para la primera contenci\u00f3n y que guarda la confidencialidad de los datos\u201d, resalt\u00f3 el viceministro.<\/p>\n<p style=\"text-align: justify;\">Agreg\u00f3 que, en el caso de Lambar\u00e9, la instituci\u00f3n educativa incurri\u00f3 en cinco situaciones que llam\u00f3 poderosamente la atenci\u00f3n. \u201cUno al no precautelar la seguridad de los ni\u00f1os, segundo, la primera alerta de la madre ante el acoso escolar, que sufr\u00eda el ni\u00f1o, no se act\u00faa en consecuencia. Tercero, en que se produce el abuso sexual y no fue detectado por el colegio, cuarto, cuando la madre vuelve a recurrir a las autoridades del colegio y tampoco se denuncia ante los organismos jurisdiccionales y quinto, al obstruir la investigaci\u00f3n judicial al no entregar las pruebas que el ministerio p\u00fablico solicita\u201d, explic\u00f3.<\/p>\n<h4><strong>Las escuelas como lugares seguros para los ni\u00f1os<\/strong><\/h4>\n<p style=\"text-align: justify;\">Mencion\u00f3 que en las instituciones educativas son menos los casos que ocurren en el entorno familiar, ya que en un 85%, usualmente las escuelas son lugares seguros para los ni\u00f1os. Los mayores denunciantes de casos de abusos, son los docentes.<\/p>\n<p style=\"text-align: justify;\">\u201cEn este caso duele m\u00e1s porque la escuela es un entorno seguro, usualmente en el entorno familiar, son los padrastros, los abuelos, o una persona allegada a la familia, pondera los derechos de los ni\u00f1os en los casos de abuso\u00bb, lament\u00f3.<\/p>\n<p style=\"text-align: justify;\">Tambi\u00e9n agreg\u00f3 que el Ministerio de la Ni\u00f1ez y la Adolescencia (MINNA), en febrero de este a\u00f1o, lanz\u00f3 una campa\u00f1a contra el buillyn en las escuelas, a trav\u00e9s de charlas a docentes, defensores p\u00fablicos y a toda la comunidad educativa. \u201cTodo va ligado a la no violencia\u201d, a\u00f1adi\u00f3.<\/p>\n<p style=\"text-align: justify;\">Finalmente, destac\u00f3 que desde el MINNA, se present\u00f3 la campa\u00f1a de prevenci\u00f3n #TodosSomosResponsables a\u00f1o 2022. \u201cCada a\u00f1o damos un matiz diferente y este a\u00f1o nos enfocamos en el abusador, por eso el lema de este a\u00f1o es el abuso sexual destruye vida, porque sabemos lo que pasa una persona, y tiene que tener un coraje tremendo para que pueda superar esta situaci\u00f3n\u201d, culmin\u00f3 el viceministro de Protecci\u00f3n Integral de Derechos, Eduardo Escobar.<\/p>\n","protected":false},"excerpt":{"rendered":"<p>Asunci\u00f3n, Agencia IP -Desde el 2012 se cuenta con un protocolo contra el acoso escolar en las instituciones educativas, y en el 2015 con una gu\u00eda contra la vulneraci\u00f3n sexual en el \u00e1mbito educativo. \u201cEstas pautas estaban establecidas, y es sumamente grosero que esta instituci\u00f3n desconozca esta normas\u201d record\u00f3 este lunes el viceministro de Protecci\u00f3n [&hellip;]<\/p>\n","protected":false},"author":34,"featured_media":415233,"comment_status":"closed","ping_status":"closed","sticky":false,"template":"","format":"standard","meta":{"_monsterinsights_skip_tracking":false,"_monsterinsights_sitenote_active":false,"_monsterinsights_sitenote_note":"","_monsterinsights_sitenote_category":0,"footnotes":""},"categories":[2988],"tags":[11945,11537,11944,3009,447,1763,3024],"class_list":{"0":"post-415232","1":"post","2":"type-post","3":"status-publish","4":"format-standard","5":"has-post-thumbnail","7":"category-educacion","8":"tag-abuso","9":"tag-contra","10":"tag-guia","11":"tag-minna","12":"tag-ninez","13":"tag-proteccion","14":"tag-protocolo"},"yoast_head":"<!-- This site is optimized with the Yoast SEO plugin v27.5 - https:\/\/yoast.com\/product\/yoast-seo-wordpress\/ -->\n<title>Viceministro insiste en que instituciones educativas apliquen protocolo y gu\u00edas existentes contra el abuso sexual - .::Agencia IP::.<\/title>\n<meta name=\"robots\" content=\"index, follow, max-snippet:-1, max-image-preview:large, max-video-preview:-1\" \/>\n<link rel=\"canonical\" href=\"https:\/\/www.ip.gov.py\/ip\/2022\/05\/09\/instituciones-educativas-deben-aplicar-protocolo-y-guias-contra-abuso-sexual\/\" \/>\n<meta property=\"og:locale\" content=\"es_ES\" \/>\n<meta property=\"og:type\" content=\"article\" \/>\n<meta property=\"og:title\" content=\"Viceministro insiste en que instituciones educativas apliquen protocolo y gu\u00edas existentes contra el abuso sexual - .::Agencia IP::.\" \/>\n<meta property=\"og:description\" content=\"Asunci\u00f3n, Agencia IP -Desde el 2012 se cuenta con un protocolo contra el acoso escolar en las instituciones educativas, y en el 2015 con una gu\u00eda contra la vulneraci\u00f3n sexual en el \u00e1mbito educativo. \u201cEstas pautas estaban establecidas, y es sumamente grosero que esta instituci\u00f3n desconozca esta normas\u201d record\u00f3 este lunes el viceministro de Protecci\u00f3n [&hellip;]\" \/>\n<meta property=\"og:url\" content=\"https:\/\/www.ip.gov.py\/ip\/2022\/05\/09\/instituciones-educativas-deben-aplicar-protocolo-y-guias-contra-abuso-sexual\/\" \/>\n<meta property=\"og:site_name\" content=\".::Agencia IP::.\" \/>\n<meta property=\"article:publisher\" content=\"https:\/\/www.facebook.com\/IPParaguay\/\" \/>\n<meta property=\"article:published_time\" content=\"2022-05-09T17:57:01+00:00\" \/>\n<meta property=\"article:modified_time\" content=\"2022-05-09T18:41:50+00:00\" \/>\n<meta property=\"og:image\" content=\"https:\/\/www.ip.gov.py\/ip\/wp-content\/uploads\/2022\/05\/Viceministro-MINNA-Eduardo-Escobar.jpeg\" \/>\n\t<meta property=\"og:image:width\" content=\"1240\" \/>\n\t<meta property=\"og:image:height\" content=\"899\" \/>\n\t<meta property=\"og:image:type\" content=\"image\/jpeg\" \/>\n<meta name=\"author\" content=\"Julio Davalos\" \/>\n<meta name=\"twitter:card\" content=\"summary_large_image\" \/>\n<meta name=\"twitter:creator\" content=\"@IPParaguay\" \/>\n<meta name=\"twitter:site\" content=\"@IPParaguay\" \/>\n<meta name=\"twitter:label1\" content=\"Escrito por\" \/>\n\t<meta name=\"twitter:data1\" content=\"Julio Davalos\" \/>\n\t<meta name=\"twitter:label2\" content=\"Tiempo de lectura\" \/>\n\t<meta name=\"twitter:data2\" content=\"4 minutos\" \/>\n<script type=\"application\/ld+json\" class=\"yoast-schema-graph\">{\"@context\":\"https:\\\/\\\/schema.org\",\"@graph\":[{\"@type\":\"Article\",\"@id\":\"https:\\\/\\\/www.ip.gov.py\\\/ip\\\/2022\\\/05\\\/09\\\/instituciones-educativas-deben-aplicar-protocolo-y-guias-contra-abuso-sexual\\\/#article\",\"isPartOf\":{\"@id\":\"https:\\\/\\\/www.ip.gov.py\\\/ip\\\/2022\\\/05\\\/09\\\/instituciones-educativas-deben-aplicar-protocolo-y-guias-contra-abuso-sexual\\\/\"},\"author\":{\"name\":\"Julio Davalos\",\"@id\":\"https:\\\/\\\/www.ip.gov.py\\\/ip\\\/#\\\/schema\\\/person\\\/eca17efa564153e0e4f59d8dfde23d1f\"},\"headline\":\"Viceministro insiste en que instituciones educativas apliquen protocolo y gu\u00edas existentes contra el abuso sexual\",\"datePublished\":\"2022-05-09T17:57:01+00:00\",\"dateModified\":\"2022-05-09T18:41:50+00:00\",\"mainEntityOfPage\":{\"@id\":\"https:\\\/\\\/www.ip.gov.py\\\/ip\\\/2022\\\/05\\\/09\\\/instituciones-educativas-deben-aplicar-protocolo-y-guias-contra-abuso-sexual\\\/\"},\"wordCount\":770,\"publisher\":{\"@id\":\"https:\\\/\\\/www.ip.gov.py\\\/ip\\\/#organization\"},\"image\":{\"@id\":\"https:\\\/\\\/www.ip.gov.py\\\/ip\\\/2022\\\/05\\\/09\\\/instituciones-educativas-deben-aplicar-protocolo-y-guias-contra-abuso-sexual\\\/#primaryimage\"},\"thumbnailUrl\":\"https:\\\/\\\/www.ip.gov.py\\\/ip\\\/wp-content\\\/uploads\\\/2022\\\/05\\\/Viceministro-MINNA-Eduardo-Escobar.jpeg\",\"keywords\":[\"abuso\",\"contra\",\"gu\u00eda\",\"Minna\",\"ni\u00f1ez\",\"protecci\u00f3n\",\"protocolo\"],\"articleSection\":[\"Educaci\u00f3n\"],\"inLanguage\":\"es\"},{\"@type\":\"WebPage\",\"@id\":\"https:\\\/\\\/www.ip.gov.py\\\/ip\\\/2022\\\/05\\\/09\\\/instituciones-educativas-deben-aplicar-protocolo-y-guias-contra-abuso-sexual\\\/\",\"url\":\"https:\\\/\\\/www.ip.gov.py\\\/ip\\\/2022\\\/05\\\/09\\\/instituciones-educativas-deben-aplicar-protocolo-y-guias-contra-abuso-sexual\\\/\",\"name\":\"Viceministro insiste en que instituciones educativas apliquen protocolo y gu\u00edas existentes contra el abuso sexual - .::Agencia IP::.\",\"isPartOf\":{\"@id\":\"https:\\\/\\\/www.ip.gov.py\\\/ip\\\/#website\"},\"primaryImageOfPage\":{\"@id\":\"https:\\\/\\\/www.ip.gov.py\\\/ip\\\/2022\\\/05\\\/09\\\/instituciones-educativas-deben-aplicar-protocolo-y-guias-contra-abuso-sexual\\\/#primaryimage\"},\"image\":{\"@id\":\"https:\\\/\\\/www.ip.gov.py\\\/ip\\\/2022\\\/05\\\/09\\\/instituciones-educativas-deben-aplicar-protocolo-y-guias-contra-abuso-sexual\\\/#primaryimage\"},\"thumbnailUrl\":\"https:\\\/\\\/www.ip.gov.py\\\/ip\\\/wp-content\\\/uploads\\\/2022\\\/05\\\/Viceministro-MINNA-Eduardo-Escobar.jpeg\",\"datePublished\":\"2022-05-09T17:57:01+00:00\",\"dateModified\":\"2022-05-09T18:41:50+00:00\",\"breadcrumb\":{\"@id\":\"https:\\\/\\\/www.ip.gov.py\\\/ip\\\/2022\\\/05\\\/09\\\/instituciones-educativas-deben-aplicar-protocolo-y-guias-contra-abuso-sexual\\\/#breadcrumb\"},\"inLanguage\":\"es\",\"potentialAction\":[{\"@type\":\"ReadAction\",\"target\":[\"https:\\\/\\\/www.ip.gov.py\\\/ip\\\/2022\\\/05\\\/09\\\/instituciones-educativas-deben-aplicar-protocolo-y-guias-contra-abuso-sexual\\\/\"]}]},{\"@type\":\"ImageObject\",\"inLanguage\":\"es\",\"@id\":\"https:\\\/\\\/www.ip.gov.py\\\/ip\\\/2022\\\/05\\\/09\\\/instituciones-educativas-deben-aplicar-protocolo-y-guias-contra-abuso-sexual\\\/#primaryimage\",\"url\":\"https:\\\/\\\/www.ip.gov.py\\\/ip\\\/wp-content\\\/uploads\\\/2022\\\/05\\\/Viceministro-MINNA-Eduardo-Escobar.jpeg\",\"contentUrl\":\"https:\\\/\\\/www.ip.gov.py\\\/ip\\\/wp-content\\\/uploads\\\/2022\\\/05\\\/Viceministro-MINNA-Eduardo-Escobar.jpeg\",\"width\":1240,\"height\":899},{\"@type\":\"BreadcrumbList\",\"@id\":\"https:\\\/\\\/www.ip.gov.py\\\/ip\\\/2022\\\/05\\\/09\\\/instituciones-educativas-deben-aplicar-protocolo-y-guias-contra-abuso-sexual\\\/#breadcrumb\",\"itemListElement\":[{\"@type\":\"ListItem\",\"position\":1,\"name\":\"Portada\",\"item\":\"https:\\\/\\\/www.ip.gov.py\\\/ip\\\/\"},{\"@type\":\"ListItem\",\"position\":2,\"name\":\"Viceministro insiste en que instituciones educativas apliquen protocolo y gu\u00edas existentes contra el abuso sexual\"}]},{\"@type\":\"WebSite\",\"@id\":\"https:\\\/\\\/www.ip.gov.py\\\/ip\\\/#website\",\"url\":\"https:\\\/\\\/www.ip.gov.py\\\/ip\\\/\",\"name\":\".::Agencia IP::.\",\"description\":\"\",\"publisher\":{\"@id\":\"https:\\\/\\\/www.ip.gov.py\\\/ip\\\/#organization\"},\"potentialAction\":[{\"@type\":\"SearchAction\",\"target\":{\"@type\":\"EntryPoint\",\"urlTemplate\":\"https:\\\/\\\/www.ip.gov.py\\\/ip\\\/?s={search_term_string}\"},\"query-input\":{\"@type\":\"PropertyValueSpecification\",\"valueRequired\":true,\"valueName\":\"search_term_string\"}}],\"inLanguage\":\"es\"},{\"@type\":\"Organization\",\"@id\":\"https:\\\/\\\/www.ip.gov.py\\\/ip\\\/#organization\",\"name\":\"Agencia IP\",\"url\":\"https:\\\/\\\/www.ip.gov.py\\\/ip\\\/\",\"logo\":{\"@type\":\"ImageObject\",\"inLanguage\":\"es\",\"@id\":\"https:\\\/\\\/www.ip.gov.py\\\/ip\\\/#\\\/schema\\\/logo\\\/image\\\/\",\"url\":\"https:\\\/\\\/www.ip.gov.py\\\/ip\\\/wp-content\\\/uploads\\\/2018\\\/01\\\/Agencia-IP.jpg\",\"contentUrl\":\"https:\\\/\\\/www.ip.gov.py\\\/ip\\\/wp-content\\\/uploads\\\/2018\\\/01\\\/Agencia-IP.jpg\",\"width\":150,\"height\":150,\"caption\":\"Agencia IP\"},\"image\":{\"@id\":\"https:\\\/\\\/www.ip.gov.py\\\/ip\\\/#\\\/schema\\\/logo\\\/image\\\/\"},\"sameAs\":[\"https:\\\/\\\/www.facebook.com\\\/IPParaguay\\\/\",\"https:\\\/\\\/x.com\\\/IPParaguay\",\"https:\\\/\\\/www.instagram.com\\\/IPParaguay\"]},{\"@type\":\"Person\",\"@id\":\"https:\\\/\\\/www.ip.gov.py\\\/ip\\\/#\\\/schema\\\/person\\\/eca17efa564153e0e4f59d8dfde23d1f\",\"name\":\"Julio Davalos\",\"url\":\"https:\\\/\\\/www.ip.gov.py\\\/ip\\\/author\\\/jdavalos\\\/\"}]}<\/script>\n<!-- \/ Yoast SEO plugin. -->","yoast_head_json":{"title":"Viceministro insiste en que instituciones educativas apliquen protocolo y gu\u00edas existentes contra el abuso sexual - .::Agencia IP::.","robots":{"index":"index","follow":"follow","max-snippet":"max-snippet:-1","max-image-preview":"max-image-preview:large","max-video-preview":"max-video-preview:-1"},"canonical":"https:\/\/www.ip.gov.py\/ip\/2022\/05\/09\/instituciones-educativas-deben-aplicar-protocolo-y-guias-contra-abuso-sexual\/","og_locale":"es_ES","og_type":"article","og_title":"Viceministro insiste en que instituciones educativas apliquen protocolo y gu\u00edas existentes contra el abuso sexual - .::Agencia IP::.","og_description":"Asunci\u00f3n, Agencia IP -Desde el 2012 se cuenta con un protocolo contra el acoso escolar en las instituciones educativas, y en el 2015 con una gu\u00eda contra la vulneraci\u00f3n sexual en el \u00e1mbito educativo. \u201cEstas pautas estaban establecidas, y es sumamente grosero que esta instituci\u00f3n desconozca esta normas\u201d record\u00f3 este lunes el viceministro de Protecci\u00f3n [&hellip;]","og_url":"https:\/\/www.ip.gov.py\/ip\/2022\/05\/09\/instituciones-educativas-deben-aplicar-protocolo-y-guias-contra-abuso-sexual\/","og_site_name":".::Agencia IP::.","article_publisher":"https:\/\/www.facebook.com\/IPParaguay\/","article_published_time":"2022-05-09T17:57:01+00:00","article_modified_time":"2022-05-09T18:41:50+00:00","og_image":[{"width":1240,"height":899,"url":"https:\/\/www.ip.gov.py\/ip\/wp-content\/uploads\/2022\/05\/Viceministro-MINNA-Eduardo-Escobar.jpeg","type":"image\/jpeg"}],"author":"Julio Davalos","twitter_card":"summary_large_image","twitter_creator":"@IPParaguay","twitter_site":"@IPParaguay","twitter_misc":{"Escrito por":"Julio Davalos","Tiempo de lectura":"4 minutos"},"schema":{"@context":"https:\/\/schema.org","@graph":[{"@type":"Article","@id":"https:\/\/www.ip.gov.py\/ip\/2022\/05\/09\/instituciones-educativas-deben-aplicar-protocolo-y-guias-contra-abuso-sexual\/#article","isPartOf":{"@id":"https:\/\/www.ip.gov.py\/ip\/2022\/05\/09\/instituciones-educativas-deben-aplicar-protocolo-y-guias-contra-abuso-sexual\/"},"author":{"name":"Julio Davalos","@id":"https:\/\/www.ip.gov.py\/ip\/#\/schema\/person\/eca17efa564153e0e4f59d8dfde23d1f"},"headline":"Viceministro insiste en que instituciones educativas apliquen protocolo y gu\u00edas existentes contra el abuso sexual","datePublished":"2022-05-09T17:57:01+00:00","dateModified":"2022-05-09T18:41:50+00:00","mainEntityOfPage":{"@id":"https:\/\/www.ip.gov.py\/ip\/2022\/05\/09\/instituciones-educativas-deben-aplicar-protocolo-y-guias-contra-abuso-sexual\/"},"wordCount":770,"publisher":{"@id":"https:\/\/www.ip.gov.py\/ip\/#organization"},"image":{"@id":"https:\/\/www.ip.gov.py\/ip\/2022\/05\/09\/instituciones-educativas-deben-aplicar-protocolo-y-guias-contra-abuso-sexual\/#primaryimage"},"thumbnailUrl":"https:\/\/www.ip.gov.py\/ip\/wp-content\/uploads\/2022\/05\/Viceministro-MINNA-Eduardo-Escobar.jpeg","keywords":["abuso","contra","gu\u00eda","Minna","ni\u00f1ez","protecci\u00f3n","protocolo"],"articleSection":["Educaci\u00f3n"],"inLanguage":"es"},{"@type":"WebPage","@id":"https:\/\/www.ip.gov.py\/ip\/2022\/05\/09\/instituciones-educativas-deben-aplicar-protocolo-y-guias-contra-abuso-sexual\/","url":"https:\/\/www.ip.gov.py\/ip\/2022\/05\/09\/instituciones-educativas-deben-aplicar-protocolo-y-guias-contra-abuso-sexual\/","name":"Viceministro insiste en que instituciones educativas apliquen protocolo y gu\u00edas existentes contra el abuso sexual - .::Agencia IP::.","isPartOf":{"@id":"https:\/\/www.ip.gov.py\/ip\/#website"},"primaryImageOfPage":{"@id":"https:\/\/www.ip.gov.py\/ip\/2022\/05\/09\/instituciones-educativas-deben-aplicar-protocolo-y-guias-contra-abuso-sexual\/#primaryimage"},"image":{"@id":"https:\/\/www.ip.gov.py\/ip\/2022\/05\/09\/instituciones-educativas-deben-aplicar-protocolo-y-guias-contra-abuso-sexual\/#primaryimage"},"thumbnailUrl":"https:\/\/www.ip.gov.py\/ip\/wp-content\/uploads\/2022\/05\/Viceministro-MINNA-Eduardo-Escobar.jpeg","datePublished":"2022-05-09T17:57:01+00:00","dateModified":"2022-05-09T18:41:50+00:00","breadcrumb":{"@id":"https:\/\/www.ip.gov.py\/ip\/2022\/05\/09\/instituciones-educativas-deben-aplicar-protocolo-y-guias-contra-abuso-sexual\/#breadcrumb"},"inLanguage":"es","potentialAction":[{"@type":"ReadAction","target":["https:\/\/www.ip.gov.py\/ip\/2022\/05\/09\/instituciones-educativas-deben-aplicar-protocolo-y-guias-contra-abuso-sexual\/"]}]},{"@type":"ImageObject","inLanguage":"es","@id":"https:\/\/www.ip.gov.py\/ip\/2022\/05\/09\/instituciones-educativas-deben-aplicar-protocolo-y-guias-contra-abuso-sexual\/#primaryimage","url":"https:\/\/www.ip.gov.py\/ip\/wp-content\/uploads\/2022\/05\/Viceministro-MINNA-Eduardo-Escobar.jpeg","contentUrl":"https:\/\/www.ip.gov.py\/ip\/wp-content\/uploads\/2022\/05\/Viceministro-MINNA-Eduardo-Escobar.jpeg","width":1240,"height":899},{"@type":"BreadcrumbList","@id":"https:\/\/www.ip.gov.py\/ip\/2022\/05\/09\/instituciones-educativas-deben-aplicar-protocolo-y-guias-contra-abuso-sexual\/#breadcrumb","itemListElement":[{"@type":"ListItem","position":1,"name":"Portada","item":"https:\/\/www.ip.gov.py\/ip\/"},{"@type":"ListItem","position":2,"name":"Viceministro insiste en que instituciones educativas apliquen protocolo y gu\u00edas existentes contra el abuso sexual"}]},{"@type":"WebSite","@id":"https:\/\/www.ip.gov.py\/ip\/#website","url":"https:\/\/www.ip.gov.py\/ip\/","name":".::Agencia IP::.","description":"","publisher":{"@id":"https:\/\/www.ip.gov.py\/ip\/#organization"},"potentialAction":[{"@type":"SearchAction","target":{"@type":"EntryPoint","urlTemplate":"https:\/\/www.ip.gov.py\/ip\/?s={search_term_string}"},"query-input":{"@type":"PropertyValueSpecification","valueRequired":true,"valueName":"search_term_string"}}],"inLanguage":"es"},{"@type":"Organization","@id":"https:\/\/www.ip.gov.py\/ip\/#organization","name":"Agencia IP","url":"https:\/\/www.ip.gov.py\/ip\/","logo":{"@type":"ImageObject","inLanguage":"es","@id":"https:\/\/www.ip.gov.py\/ip\/#\/schema\/logo\/image\/","url":"https:\/\/www.ip.gov.py\/ip\/wp-content\/uploads\/2018\/01\/Agencia-IP.jpg","contentUrl":"https:\/\/www.ip.gov.py\/ip\/wp-content\/uploads\/2018\/01\/Agencia-IP.jpg","width":150,"height":150,"caption":"Agencia IP"},"image":{"@id":"https:\/\/www.ip.gov.py\/ip\/#\/schema\/logo\/image\/"},"sameAs":["https:\/\/www.facebook.com\/IPParaguay\/","https:\/\/x.com\/IPParaguay","https:\/\/www.instagram.com\/IPParaguay"]},{"@type":"Person","@id":"https:\/\/www.ip.gov.py\/ip\/#\/schema\/person\/eca17efa564153e0e4f59d8dfde23d1f","name":"Julio Davalos","url":"https:\/\/www.ip.gov.py\/ip\/author\/jdavalos\/"}]}},"_links":{"self":[{"href":"https:\/\/www.ip.gov.py\/ip\/wp-json\/wp\/v2\/posts\/415232","targetHints":{"allow":["GET"]}}],"collection":[{"href":"https:\/\/www.ip.gov.py\/ip\/wp-json\/wp\/v2\/posts"}],"about":[{"href":"https:\/\/www.ip.gov.py\/ip\/wp-json\/wp\/v2\/types\/post"}],"author":[{"embeddable":true,"href":"https:\/\/www.ip.gov.py\/ip\/wp-json\/wp\/v2\/users\/34"}],"replies":[{"embeddable":true,"href":"https:\/\/www.ip.gov.py\/ip\/wp-json\/wp\/v2\/comments?post=415232"}],"version-history":[{"count":0,"href":"https:\/\/www.ip.gov.py\/ip\/wp-json\/wp\/v2\/posts\/415232\/revisions"}],"wp:featuredmedia":[{"embeddable":true,"href":"https:\/\/www.ip.gov.py\/ip\/wp-json\/wp\/v2\/media\/415233"}],"wp:attachment":[{"href":"https:\/\/www.ip.gov.py\/ip\/wp-json\/wp\/v2\/media?parent=415232"}],"wp:term":[{"taxonomy":"category","embeddable":true,"href":"https:\/\/www.ip.gov.py\/ip\/wp-json\/wp\/v2\/categories?post=415232"},{"taxonomy":"post_tag","embeddable":true,"href":"https:\/\/www.ip.gov.py\/ip\/wp-json\/wp\/v2\/tags?post=415232"}],"curies":[{"name":"wp","href":"https:\/\/api.w.org\/{rel}","templated":true}]}}