{"id":416532,"date":"2022-05-19T07:52:34","date_gmt":"2022-05-19T11:52:34","guid":{"rendered":"https:\/\/www.ip.gov.py\/ip\/?p=416532"},"modified":"2022-05-19T07:52:34","modified_gmt":"2022-05-19T11:52:34","slug":"equipo-economico-advierte-sobre-proyecto-a-ser-tratado-en-senado-y-que-compromete-sostenibilidad-de-caja-fiscal","status":"publish","type":"post","link":"https:\/\/www.ip.gov.py\/ip\/2022\/05\/19\/equipo-economico-advierte-sobre-proyecto-a-ser-tratado-en-senado-y-que-compromete-sostenibilidad-de-caja-fiscal\/","title":{"rendered":"Equipo Econ\u00f3mico advierte sobre proyecto a ser tratado en Senado y que compromete sostenibilidad de Caja Fiscal"},"content":{"rendered":"<p style=\"text-align: justify;\"><em><strong>Asunci\u00f3n, Agencia IP.-<\/strong><\/em> La C\u00e1mara de Senadores tratar\u00e1 este jueves el Proyecto de Ley \u201cQue regula el r\u00e9gimen de actualizaci\u00f3n de los haberes jubilatorios de los funcionarios y empleados p\u00fablicos jubilados de la Administraci\u00f3n Central y del Servicio Civil\u201d, el cual compromete la sostenibilidad de la Caja Fiscal. <!--more--><\/p>\n<p style=\"text-align: justify;\">En la v\u00edspera, el Equipo Econ\u00f3mico Nacional (EEN) en reuni\u00f3n de urgencia, tom\u00f3 conocimiento del informe t\u00e9cnico presentado por el Ministerio de Hacienda, que expone consideraciones t\u00e9cnicas y jur\u00eddicas, as\u00ed como el impacto financiero y actuarial, que tendr\u00eda el mencionado Proyecto de Ley. Este jueves 19 de mayo, el proyecto de ley se encuentra en el orden del d\u00eda de tratamiento en la Honorable C\u00e1mara de Senadores.<\/p>\n<p style=\"text-align: justify;\">En tal sentido, el EEN expresa su preocupaci\u00f3n sobre el impacto que tendr\u00eda en la sostenibilidad financiera del sistema la aprobaci\u00f3n de este tipo de iniciativas, contrarias a las modificaciones requeridas en la actualidad para la Caja Fiscal, cuyo resultado deficitario viene agrav\u00e1ndose con el pasar de los a\u00f1os. Igualmente, la propuesta no responde a los fallos judiciales en torno al mecanismo de actualizaci\u00f3n de las jubilaciones.<\/p>\n<p style=\"text-align: justify;\">Por lo tanto, el EEN considera que es de extrema urgencia avanzar en el di\u00e1logo iniciado con gremios representantes de los afiliados de la Caja Fiscal, a fin de evaluar las alternativas que permitir\u00e1n establecer condiciones de sostenibilidad financiera para garantizar los compromisos en el corto, mediano y largo plazo, del Sistema de Jubilaciones y Pensiones del Sector P\u00fablico.<\/p>\n<p style=\"text-align: justify;\">Por otra parte, la Comisi\u00f3n de Hacienda y Presupuesto de la C\u00e1mara de Senadores prorrog\u00f3 su tratamiento por treinta d\u00edas, por lo que entendemos que esta decisi\u00f3n dar\u00e1 lugar a profundizar la discusi\u00f3n con m\u00e1s tiempo y abrir al dialogo sobre sus implicancias.<\/p>\n<p style=\"text-align: justify;\">El EEN se mantendr\u00e1 vigilante respecto al tratamiento del Proyecto de Ley y extremar\u00e1 esfuerzos para que en el m\u00e1s breve plazo y a instancias del Poder Ejecutivo sea puesta a consideraci\u00f3n del Honorable Congreso Nacional una Propuesta Legislativa que cumpla con este prop\u00f3sito, en resguardo de los ahorros de los actuales y futuros jubilados de la Caja Fiscal.<\/p>\n<p style=\"text-align: justify;\">Cualquier tipo de modificaci\u00f3n legal al Sistema de Jubilaciones y Pensiones del Sector P\u00fablico (Caja Fiscal), debe estar sustentado en estudios t\u00e9cnicos actuariales, sostenibles, con justicia y equidad de manera integral.<\/p>\n","protected":false},"excerpt":{"rendered":"<p>Asunci\u00f3n, Agencia IP.- La C\u00e1mara de Senadores tratar\u00e1 este jueves el Proyecto de Ley \u201cQue regula el r\u00e9gimen de actualizaci\u00f3n de los haberes jubilatorios de los funcionarios y empleados p\u00fablicos jubilados de la Administraci\u00f3n Central y del Servicio Civil\u201d, el cual compromete la sostenibilidad de la Caja Fiscal.<\/p>\n","protected":false},"author":23,"featured_media":416534,"comment_status":"closed","ping_status":"closed","sticky":false,"template":"","format":"standard","meta":{"_monsterinsights_skip_tracking":false,"_monsterinsights_sitenote_active":false,"_monsterinsights_sitenote_note":"","_monsterinsights_sitenote_category":0,"footnotes":""},"categories":[9],"tags":[1115,2632,4003,3814,713],"class_list":{"0":"post-416532","1":"post","2":"type-post","3":"status-publish","4":"format-standard","5":"has-post-thumbnail","7":"category-economia","8":"tag-caja-fiscal","9":"tag-camara-de-senadores","10":"tag-een","11":"tag-equipo-economico-nacional","12":"tag-sostenibilidad"},"yoast_head":"<!-- This site is optimized with the Yoast SEO plugin v27.5 - https:\/\/yoast.com\/product\/yoast-seo-wordpress\/ -->\n<title>Equipo Econ\u00f3mico advierte sobre proyecto a ser tratado en Senado y que compromete sostenibilidad de Caja Fiscal - .::Agencia IP::.<\/title>\n<meta name=\"robots\" content=\"index, follow, max-snippet:-1, max-image-preview:large, max-video-preview:-1\" \/>\n<link rel=\"canonical\" href=\"https:\/\/www.ip.gov.py\/ip\/2022\/05\/19\/equipo-economico-advierte-sobre-proyecto-a-ser-tratado-en-senado-y-que-compromete-sostenibilidad-de-caja-fiscal\/\" \/>\n<meta property=\"og:locale\" content=\"es_ES\" \/>\n<meta property=\"og:type\" content=\"article\" \/>\n<meta property=\"og:title\" content=\"Equipo Econ\u00f3mico advierte sobre proyecto a ser tratado en Senado y que compromete sostenibilidad de Caja Fiscal - .::Agencia IP::.\" \/>\n<meta property=\"og:description\" content=\"Asunci\u00f3n, Agencia IP.- La C\u00e1mara de Senadores tratar\u00e1 este jueves el Proyecto de Ley \u201cQue regula el r\u00e9gimen de actualizaci\u00f3n de los haberes jubilatorios de los funcionarios y empleados p\u00fablicos jubilados de la Administraci\u00f3n Central y del Servicio Civil\u201d, el cual compromete la sostenibilidad de la Caja Fiscal.\" \/>\n<meta property=\"og:url\" content=\"https:\/\/www.ip.gov.py\/ip\/2022\/05\/19\/equipo-economico-advierte-sobre-proyecto-a-ser-tratado-en-senado-y-que-compromete-sostenibilidad-de-caja-fiscal\/\" \/>\n<meta property=\"og:site_name\" content=\".::Agencia IP::.\" \/>\n<meta property=\"article:publisher\" content=\"https:\/\/www.facebook.com\/IPParaguay\/\" \/>\n<meta property=\"article:published_time\" content=\"2022-05-19T11:52:34+00:00\" \/>\n<meta property=\"og:image\" content=\"https:\/\/www.ip.gov.py\/ip\/wp-content\/uploads\/2022\/05\/EEN.jpg\" \/>\n\t<meta property=\"og:image:width\" content=\"786\" \/>\n\t<meta property=\"og:image:height\" content=\"466\" \/>\n\t<meta property=\"og:image:type\" content=\"image\/jpeg\" \/>\n<meta name=\"author\" content=\"Noelia Ferreira\" \/>\n<meta name=\"twitter:card\" content=\"summary_large_image\" \/>\n<meta name=\"twitter:creator\" content=\"@IPParaguay\" \/>\n<meta name=\"twitter:site\" content=\"@IPParaguay\" \/>\n<meta name=\"twitter:label1\" content=\"Escrito por\" \/>\n\t<meta name=\"twitter:data1\" content=\"Noelia Ferreira\" \/>\n\t<meta name=\"twitter:label2\" content=\"Tiempo de lectura\" \/>\n\t<meta name=\"twitter:data2\" content=\"2 minutos\" \/>\n<script type=\"application\/ld+json\" class=\"yoast-schema-graph\">{\"@context\":\"https:\\\/\\\/schema.org\",\"@graph\":[{\"@type\":\"Article\",\"@id\":\"https:\\\/\\\/www.ip.gov.py\\\/ip\\\/2022\\\/05\\\/19\\\/equipo-economico-advierte-sobre-proyecto-a-ser-tratado-en-senado-y-que-compromete-sostenibilidad-de-caja-fiscal\\\/#article\",\"isPartOf\":{\"@id\":\"https:\\\/\\\/www.ip.gov.py\\\/ip\\\/2022\\\/05\\\/19\\\/equipo-economico-advierte-sobre-proyecto-a-ser-tratado-en-senado-y-que-compromete-sostenibilidad-de-caja-fiscal\\\/\"},\"author\":{\"name\":\"Noelia Ferreira\",\"@id\":\"https:\\\/\\\/www.ip.gov.py\\\/ip\\\/#\\\/schema\\\/person\\\/791af27a9219bdbf9064abb776bb41c2\"},\"headline\":\"Equipo Econ\u00f3mico advierte sobre proyecto a ser tratado en Senado y que compromete sostenibilidad de Caja Fiscal\",\"datePublished\":\"2022-05-19T11:52:34+00:00\",\"mainEntityOfPage\":{\"@id\":\"https:\\\/\\\/www.ip.gov.py\\\/ip\\\/2022\\\/05\\\/19\\\/equipo-economico-advierte-sobre-proyecto-a-ser-tratado-en-senado-y-que-compromete-sostenibilidad-de-caja-fiscal\\\/\"},\"wordCount\":428,\"publisher\":{\"@id\":\"https:\\\/\\\/www.ip.gov.py\\\/ip\\\/#organization\"},\"image\":{\"@id\":\"https:\\\/\\\/www.ip.gov.py\\\/ip\\\/2022\\\/05\\\/19\\\/equipo-economico-advierte-sobre-proyecto-a-ser-tratado-en-senado-y-que-compromete-sostenibilidad-de-caja-fiscal\\\/#primaryimage\"},\"thumbnailUrl\":\"https:\\\/\\\/www.ip.gov.py\\\/ip\\\/wp-content\\\/uploads\\\/2022\\\/05\\\/EEN.jpg\",\"keywords\":[\"Caja Fiscal\",\"C\u00e1mara de Senadores\",\"EEN\",\"Equipo Econ\u00f3mico Nacional\",\"sostenibilidad\"],\"articleSection\":[\"Econom\u00eda\"],\"inLanguage\":\"es\"},{\"@type\":\"WebPage\",\"@id\":\"https:\\\/\\\/www.ip.gov.py\\\/ip\\\/2022\\\/05\\\/19\\\/equipo-economico-advierte-sobre-proyecto-a-ser-tratado-en-senado-y-que-compromete-sostenibilidad-de-caja-fiscal\\\/\",\"url\":\"https:\\\/\\\/www.ip.gov.py\\\/ip\\\/2022\\\/05\\\/19\\\/equipo-economico-advierte-sobre-proyecto-a-ser-tratado-en-senado-y-que-compromete-sostenibilidad-de-caja-fiscal\\\/\",\"name\":\"Equipo Econ\u00f3mico advierte sobre proyecto a ser tratado en Senado y que compromete sostenibilidad de Caja Fiscal - .::Agencia IP::.\",\"isPartOf\":{\"@id\":\"https:\\\/\\\/www.ip.gov.py\\\/ip\\\/#website\"},\"primaryImageOfPage\":{\"@id\":\"https:\\\/\\\/www.ip.gov.py\\\/ip\\\/2022\\\/05\\\/19\\\/equipo-economico-advierte-sobre-proyecto-a-ser-tratado-en-senado-y-que-compromete-sostenibilidad-de-caja-fiscal\\\/#primaryimage\"},\"image\":{\"@id\":\"https:\\\/\\\/www.ip.gov.py\\\/ip\\\/2022\\\/05\\\/19\\\/equipo-economico-advierte-sobre-proyecto-a-ser-tratado-en-senado-y-que-compromete-sostenibilidad-de-caja-fiscal\\\/#primaryimage\"},\"thumbnailUrl\":\"https:\\\/\\\/www.ip.gov.py\\\/ip\\\/wp-content\\\/uploads\\\/2022\\\/05\\\/EEN.jpg\",\"datePublished\":\"2022-05-19T11:52:34+00:00\",\"breadcrumb\":{\"@id\":\"https:\\\/\\\/www.ip.gov.py\\\/ip\\\/2022\\\/05\\\/19\\\/equipo-economico-advierte-sobre-proyecto-a-ser-tratado-en-senado-y-que-compromete-sostenibilidad-de-caja-fiscal\\\/#breadcrumb\"},\"inLanguage\":\"es\",\"potentialAction\":[{\"@type\":\"ReadAction\",\"target\":[\"https:\\\/\\\/www.ip.gov.py\\\/ip\\\/2022\\\/05\\\/19\\\/equipo-economico-advierte-sobre-proyecto-a-ser-tratado-en-senado-y-que-compromete-sostenibilidad-de-caja-fiscal\\\/\"]}]},{\"@type\":\"ImageObject\",\"inLanguage\":\"es\",\"@id\":\"https:\\\/\\\/www.ip.gov.py\\\/ip\\\/2022\\\/05\\\/19\\\/equipo-economico-advierte-sobre-proyecto-a-ser-tratado-en-senado-y-que-compromete-sostenibilidad-de-caja-fiscal\\\/#primaryimage\",\"url\":\"https:\\\/\\\/www.ip.gov.py\\\/ip\\\/wp-content\\\/uploads\\\/2022\\\/05\\\/EEN.jpg\",\"contentUrl\":\"https:\\\/\\\/www.ip.gov.py\\\/ip\\\/wp-content\\\/uploads\\\/2022\\\/05\\\/EEN.jpg\",\"width\":786,\"height\":466,\"caption\":\"El Equipo Econ\u00f3mico Nacional (EEN) se reuni\u00f3 de urgencia este mi\u00e9rcoles al tomar conocimiento del Informe T\u00e9cnico presentado por la cartera Fiscal. Foto: Hacienda\"},{\"@type\":\"BreadcrumbList\",\"@id\":\"https:\\\/\\\/www.ip.gov.py\\\/ip\\\/2022\\\/05\\\/19\\\/equipo-economico-advierte-sobre-proyecto-a-ser-tratado-en-senado-y-que-compromete-sostenibilidad-de-caja-fiscal\\\/#breadcrumb\",\"itemListElement\":[{\"@type\":\"ListItem\",\"position\":1,\"name\":\"Portada\",\"item\":\"https:\\\/\\\/www.ip.gov.py\\\/ip\\\/\"},{\"@type\":\"ListItem\",\"position\":2,\"name\":\"Equipo Econ\u00f3mico advierte sobre proyecto a ser tratado en Senado y que compromete sostenibilidad de Caja Fiscal\"}]},{\"@type\":\"WebSite\",\"@id\":\"https:\\\/\\\/www.ip.gov.py\\\/ip\\\/#website\",\"url\":\"https:\\\/\\\/www.ip.gov.py\\\/ip\\\/\",\"name\":\".::Agencia IP::.\",\"description\":\"\",\"publisher\":{\"@id\":\"https:\\\/\\\/www.ip.gov.py\\\/ip\\\/#organization\"},\"potentialAction\":[{\"@type\":\"SearchAction\",\"target\":{\"@type\":\"EntryPoint\",\"urlTemplate\":\"https:\\\/\\\/www.ip.gov.py\\\/ip\\\/?s={search_term_string}\"},\"query-input\":{\"@type\":\"PropertyValueSpecification\",\"valueRequired\":true,\"valueName\":\"search_term_string\"}}],\"inLanguage\":\"es\"},{\"@type\":\"Organization\",\"@id\":\"https:\\\/\\\/www.ip.gov.py\\\/ip\\\/#organization\",\"name\":\"Agencia IP\",\"url\":\"https:\\\/\\\/www.ip.gov.py\\\/ip\\\/\",\"logo\":{\"@type\":\"ImageObject\",\"inLanguage\":\"es\",\"@id\":\"https:\\\/\\\/www.ip.gov.py\\\/ip\\\/#\\\/schema\\\/logo\\\/image\\\/\",\"url\":\"https:\\\/\\\/www.ip.gov.py\\\/ip\\\/wp-content\\\/uploads\\\/2018\\\/01\\\/Agencia-IP.jpg\",\"contentUrl\":\"https:\\\/\\\/www.ip.gov.py\\\/ip\\\/wp-content\\\/uploads\\\/2018\\\/01\\\/Agencia-IP.jpg\",\"width\":150,\"height\":150,\"caption\":\"Agencia IP\"},\"image\":{\"@id\":\"https:\\\/\\\/www.ip.gov.py\\\/ip\\\/#\\\/schema\\\/logo\\\/image\\\/\"},\"sameAs\":[\"https:\\\/\\\/www.facebook.com\\\/IPParaguay\\\/\",\"https:\\\/\\\/x.com\\\/IPParaguay\",\"https:\\\/\\\/www.instagram.com\\\/IPParaguay\"]},{\"@type\":\"Person\",\"@id\":\"https:\\\/\\\/www.ip.gov.py\\\/ip\\\/#\\\/schema\\\/person\\\/791af27a9219bdbf9064abb776bb41c2\",\"name\":\"Noelia Ferreira\",\"sameAs\":[\"http:\\\/\\\/www.ip.gov.py\"],\"url\":\"https:\\\/\\\/www.ip.gov.py\\\/ip\\\/author\\\/nferreira\\\/\"}]}<\/script>\n<!-- \/ Yoast SEO plugin. -->","yoast_head_json":{"title":"Equipo Econ\u00f3mico advierte sobre proyecto a ser tratado en Senado y que compromete sostenibilidad de Caja Fiscal - .::Agencia IP::.","robots":{"index":"index","follow":"follow","max-snippet":"max-snippet:-1","max-image-preview":"max-image-preview:large","max-video-preview":"max-video-preview:-1"},"canonical":"https:\/\/www.ip.gov.py\/ip\/2022\/05\/19\/equipo-economico-advierte-sobre-proyecto-a-ser-tratado-en-senado-y-que-compromete-sostenibilidad-de-caja-fiscal\/","og_locale":"es_ES","og_type":"article","og_title":"Equipo Econ\u00f3mico advierte sobre proyecto a ser tratado en Senado y que compromete sostenibilidad de Caja Fiscal - .::Agencia IP::.","og_description":"Asunci\u00f3n, Agencia IP.- La C\u00e1mara de Senadores tratar\u00e1 este jueves el Proyecto de Ley \u201cQue regula el r\u00e9gimen de actualizaci\u00f3n de los haberes jubilatorios de los funcionarios y empleados p\u00fablicos jubilados de la Administraci\u00f3n Central y del Servicio Civil\u201d, el cual compromete la sostenibilidad de la Caja Fiscal.","og_url":"https:\/\/www.ip.gov.py\/ip\/2022\/05\/19\/equipo-economico-advierte-sobre-proyecto-a-ser-tratado-en-senado-y-que-compromete-sostenibilidad-de-caja-fiscal\/","og_site_name":".::Agencia IP::.","article_publisher":"https:\/\/www.facebook.com\/IPParaguay\/","article_published_time":"2022-05-19T11:52:34+00:00","og_image":[{"width":786,"height":466,"url":"https:\/\/www.ip.gov.py\/ip\/wp-content\/uploads\/2022\/05\/EEN.jpg","type":"image\/jpeg"}],"author":"Noelia Ferreira","twitter_card":"summary_large_image","twitter_creator":"@IPParaguay","twitter_site":"@IPParaguay","twitter_misc":{"Escrito por":"Noelia Ferreira","Tiempo de lectura":"2 minutos"},"schema":{"@context":"https:\/\/schema.org","@graph":[{"@type":"Article","@id":"https:\/\/www.ip.gov.py\/ip\/2022\/05\/19\/equipo-economico-advierte-sobre-proyecto-a-ser-tratado-en-senado-y-que-compromete-sostenibilidad-de-caja-fiscal\/#article","isPartOf":{"@id":"https:\/\/www.ip.gov.py\/ip\/2022\/05\/19\/equipo-economico-advierte-sobre-proyecto-a-ser-tratado-en-senado-y-que-compromete-sostenibilidad-de-caja-fiscal\/"},"author":{"name":"Noelia Ferreira","@id":"https:\/\/www.ip.gov.py\/ip\/#\/schema\/person\/791af27a9219bdbf9064abb776bb41c2"},"headline":"Equipo Econ\u00f3mico advierte sobre proyecto a ser tratado en Senado y que compromete sostenibilidad de Caja Fiscal","datePublished":"2022-05-19T11:52:34+00:00","mainEntityOfPage":{"@id":"https:\/\/www.ip.gov.py\/ip\/2022\/05\/19\/equipo-economico-advierte-sobre-proyecto-a-ser-tratado-en-senado-y-que-compromete-sostenibilidad-de-caja-fiscal\/"},"wordCount":428,"publisher":{"@id":"https:\/\/www.ip.gov.py\/ip\/#organization"},"image":{"@id":"https:\/\/www.ip.gov.py\/ip\/2022\/05\/19\/equipo-economico-advierte-sobre-proyecto-a-ser-tratado-en-senado-y-que-compromete-sostenibilidad-de-caja-fiscal\/#primaryimage"},"thumbnailUrl":"https:\/\/www.ip.gov.py\/ip\/wp-content\/uploads\/2022\/05\/EEN.jpg","keywords":["Caja Fiscal","C\u00e1mara de Senadores","EEN","Equipo Econ\u00f3mico Nacional","sostenibilidad"],"articleSection":["Econom\u00eda"],"inLanguage":"es"},{"@type":"WebPage","@id":"https:\/\/www.ip.gov.py\/ip\/2022\/05\/19\/equipo-economico-advierte-sobre-proyecto-a-ser-tratado-en-senado-y-que-compromete-sostenibilidad-de-caja-fiscal\/","url":"https:\/\/www.ip.gov.py\/ip\/2022\/05\/19\/equipo-economico-advierte-sobre-proyecto-a-ser-tratado-en-senado-y-que-compromete-sostenibilidad-de-caja-fiscal\/","name":"Equipo Econ\u00f3mico advierte sobre proyecto a ser tratado en Senado y que compromete sostenibilidad de Caja Fiscal - .::Agencia IP::.","isPartOf":{"@id":"https:\/\/www.ip.gov.py\/ip\/#website"},"primaryImageOfPage":{"@id":"https:\/\/www.ip.gov.py\/ip\/2022\/05\/19\/equipo-economico-advierte-sobre-proyecto-a-ser-tratado-en-senado-y-que-compromete-sostenibilidad-de-caja-fiscal\/#primaryimage"},"image":{"@id":"https:\/\/www.ip.gov.py\/ip\/2022\/05\/19\/equipo-economico-advierte-sobre-proyecto-a-ser-tratado-en-senado-y-que-compromete-sostenibilidad-de-caja-fiscal\/#primaryimage"},"thumbnailUrl":"https:\/\/www.ip.gov.py\/ip\/wp-content\/uploads\/2022\/05\/EEN.jpg","datePublished":"2022-05-19T11:52:34+00:00","breadcrumb":{"@id":"https:\/\/www.ip.gov.py\/ip\/2022\/05\/19\/equipo-economico-advierte-sobre-proyecto-a-ser-tratado-en-senado-y-que-compromete-sostenibilidad-de-caja-fiscal\/#breadcrumb"},"inLanguage":"es","potentialAction":[{"@type":"ReadAction","target":["https:\/\/www.ip.gov.py\/ip\/2022\/05\/19\/equipo-economico-advierte-sobre-proyecto-a-ser-tratado-en-senado-y-que-compromete-sostenibilidad-de-caja-fiscal\/"]}]},{"@type":"ImageObject","inLanguage":"es","@id":"https:\/\/www.ip.gov.py\/ip\/2022\/05\/19\/equipo-economico-advierte-sobre-proyecto-a-ser-tratado-en-senado-y-que-compromete-sostenibilidad-de-caja-fiscal\/#primaryimage","url":"https:\/\/www.ip.gov.py\/ip\/wp-content\/uploads\/2022\/05\/EEN.jpg","contentUrl":"https:\/\/www.ip.gov.py\/ip\/wp-content\/uploads\/2022\/05\/EEN.jpg","width":786,"height":466,"caption":"El Equipo Econ\u00f3mico Nacional (EEN) se reuni\u00f3 de urgencia este mi\u00e9rcoles al tomar conocimiento del Informe T\u00e9cnico presentado por la cartera Fiscal. Foto: Hacienda"},{"@type":"BreadcrumbList","@id":"https:\/\/www.ip.gov.py\/ip\/2022\/05\/19\/equipo-economico-advierte-sobre-proyecto-a-ser-tratado-en-senado-y-que-compromete-sostenibilidad-de-caja-fiscal\/#breadcrumb","itemListElement":[{"@type":"ListItem","position":1,"name":"Portada","item":"https:\/\/www.ip.gov.py\/ip\/"},{"@type":"ListItem","position":2,"name":"Equipo Econ\u00f3mico advierte sobre proyecto a ser tratado en Senado y que compromete sostenibilidad de Caja Fiscal"}]},{"@type":"WebSite","@id":"https:\/\/www.ip.gov.py\/ip\/#website","url":"https:\/\/www.ip.gov.py\/ip\/","name":".::Agencia IP::.","description":"","publisher":{"@id":"https:\/\/www.ip.gov.py\/ip\/#organization"},"potentialAction":[{"@type":"SearchAction","target":{"@type":"EntryPoint","urlTemplate":"https:\/\/www.ip.gov.py\/ip\/?s={search_term_string}"},"query-input":{"@type":"PropertyValueSpecification","valueRequired":true,"valueName":"search_term_string"}}],"inLanguage":"es"},{"@type":"Organization","@id":"https:\/\/www.ip.gov.py\/ip\/#organization","name":"Agencia IP","url":"https:\/\/www.ip.gov.py\/ip\/","logo":{"@type":"ImageObject","inLanguage":"es","@id":"https:\/\/www.ip.gov.py\/ip\/#\/schema\/logo\/image\/","url":"https:\/\/www.ip.gov.py\/ip\/wp-content\/uploads\/2018\/01\/Agencia-IP.jpg","contentUrl":"https:\/\/www.ip.gov.py\/ip\/wp-content\/uploads\/2018\/01\/Agencia-IP.jpg","width":150,"height":150,"caption":"Agencia IP"},"image":{"@id":"https:\/\/www.ip.gov.py\/ip\/#\/schema\/logo\/image\/"},"sameAs":["https:\/\/www.facebook.com\/IPParaguay\/","https:\/\/x.com\/IPParaguay","https:\/\/www.instagram.com\/IPParaguay"]},{"@type":"Person","@id":"https:\/\/www.ip.gov.py\/ip\/#\/schema\/person\/791af27a9219bdbf9064abb776bb41c2","name":"Noelia Ferreira","sameAs":["http:\/\/www.ip.gov.py"],"url":"https:\/\/www.ip.gov.py\/ip\/author\/nferreira\/"}]}},"_links":{"self":[{"href":"https:\/\/www.ip.gov.py\/ip\/wp-json\/wp\/v2\/posts\/416532","targetHints":{"allow":["GET"]}}],"collection":[{"href":"https:\/\/www.ip.gov.py\/ip\/wp-json\/wp\/v2\/posts"}],"about":[{"href":"https:\/\/www.ip.gov.py\/ip\/wp-json\/wp\/v2\/types\/post"}],"author":[{"embeddable":true,"href":"https:\/\/www.ip.gov.py\/ip\/wp-json\/wp\/v2\/users\/23"}],"replies":[{"embeddable":true,"href":"https:\/\/www.ip.gov.py\/ip\/wp-json\/wp\/v2\/comments?post=416532"}],"version-history":[{"count":0,"href":"https:\/\/www.ip.gov.py\/ip\/wp-json\/wp\/v2\/posts\/416532\/revisions"}],"wp:featuredmedia":[{"embeddable":true,"href":"https:\/\/www.ip.gov.py\/ip\/wp-json\/wp\/v2\/media\/416534"}],"wp:attachment":[{"href":"https:\/\/www.ip.gov.py\/ip\/wp-json\/wp\/v2\/media?parent=416532"}],"wp:term":[{"taxonomy":"category","embeddable":true,"href":"https:\/\/www.ip.gov.py\/ip\/wp-json\/wp\/v2\/categories?post=416532"},{"taxonomy":"post_tag","embeddable":true,"href":"https:\/\/www.ip.gov.py\/ip\/wp-json\/wp\/v2\/tags?post=416532"}],"curies":[{"name":"wp","href":"https:\/\/api.w.org\/{rel}","templated":true}]}}