{"id":416716,"date":"2022-05-20T07:58:48","date_gmt":"2022-05-20T11:58:48","guid":{"rendered":"https:\/\/www.ip.gov.py\/ip\/?p=416716"},"modified":"2022-05-20T07:59:21","modified_gmt":"2022-05-20T11:59:21","slug":"victimas-de-la-dictadura-cobran-en-la-fecha-su-indemnizacion","status":"publish","type":"post","link":"https:\/\/www.ip.gov.py\/ip\/2022\/05\/20\/victimas-de-la-dictadura-cobran-en-la-fecha-su-indemnizacion\/","title":{"rendered":"V\u00edctimas de la Dictadura cobran en la fecha su indemnizaci\u00f3n"},"content":{"rendered":"<p style=\"text-align: justify;\"><strong><em>Asunci\u00f3n, Agencia IP.-<\/em><\/strong> Hoy viernes 20 de mayo, el Ministerio de Hacienda, a trav\u00e9s de la Direcci\u00f3n Administrativa, paga a un nuevo grupo de V\u00edctimas de la Dictadura. El pago en concepto de indemnizaci\u00f3n se realizar\u00e1 a trav\u00e9s de la red del Banco Nacional de Fomento (BNF).<!--more--><\/p>\n<p style=\"text-align: justify;\">Los beneficiarios autorizados por Resoluci\u00f3n MH\/DA N\u00b0 68\/2022 deber\u00e1n concurrir personalmente y presentar C\u00e9dula de Identidad Civil vigente en la sucursal del microcentro del BNF, ubicada en las calles Chile y Eduardo V\u00edctor Haedo, de la ciudad de Asunci\u00f3n. En el local se estar\u00e1 entregando y activando la tarjeta de d\u00e9bito.<\/p>\n<p style=\"text-align: justify;\">Aquellos beneficiarios que ya poseen tarjetas de d\u00e9bito del BNF, con cuentas habilitadas a trav\u00e9s del Ministerio de Hacienda para percibir otros tipos de beneficios, no requieren una nueva tarjeta. Para saber en detalle la lista de las v\u00edctimas que cobran en la fecha su indemnizaci\u00f3n por parte del Estado ver cuadro adjunto al final de la nota.<\/p>\n<p style=\"text-align: justify;\">Cabe recordar que los pagos se realizan de conformidad a lo dispuesto en el Art\u00edculo 469 del Decreto N\u00ba 6581\/2022, Anexo A \u201cGu\u00eda de Normas y Procesos del PGN 2022\u201d, aprobado por la Ley N\u00ba 6873\/2022.<\/p>\n<p style=\"text-align: justify;\">La instituci\u00f3n recuerda a toda la ciudadan\u00eda que los servicios brindados por la Coordinaci\u00f3n de Obligaciones Diversas del Estado (CODE), dependiente de la Direcci\u00f3n Administrativa son gratuitos, por lo cual no es necesario contratar los servicios de terceras personas que acarrean gastos innecesarios.<\/p>\n<p style=\"text-align: justify;\">Para aclarar cualquier tipo de duda, se recomienda canalizar las consultas a la direcci\u00f3n de correo electr\u00f3nico code1@hacienda.gov.py.<\/p>\n<figure id=\"attachment_416437\" aria-describedby=\"caption-attachment-416437\" style=\"width: 393px\" class=\"wp-caption aligncenter\"><img loading=\"lazy\" decoding=\"async\" class=\"size-full wp-image-416437\" src=\"https:\/\/www.ip.gov.py\/ip\/wp-content\/uploads\/2022\/05\/COBRO-Victimas-de-la-Dictadura.jpg\" alt=\"\" width=\"393\" height=\"491\" srcset=\"https:\/\/www.ip.gov.py\/ip\/wp-content\/uploads\/2022\/05\/COBRO-Victimas-de-la-Dictadura.jpg 393w, https:\/\/www.ip.gov.py\/ip\/wp-content\/uploads\/2022\/05\/COBRO-Victimas-de-la-Dictadura-336x420.jpg 336w\" sizes=\"auto, (max-width: 393px) 100vw, 393px\" \/><figcaption id=\"caption-attachment-416437\" class=\"wp-caption-text\">El listado de las v\u00edctimas que cobran en la fecha su indemnizaci\u00f3n por parte del Estado. Gentileza: Hacienda<\/figcaption><\/figure>\n","protected":false},"excerpt":{"rendered":"<p>Asunci\u00f3n, Agencia IP.- Hoy viernes 20 de mayo, el Ministerio de Hacienda, a trav\u00e9s de la Direcci\u00f3n Administrativa, paga a un nuevo grupo de V\u00edctimas de la Dictadura. El pago en concepto de indemnizaci\u00f3n se realizar\u00e1 a trav\u00e9s de la red del Banco Nacional de Fomento (BNF).<\/p>\n","protected":false},"author":23,"featured_media":415888,"comment_status":"closed","ping_status":"closed","sticky":false,"template":"","format":"standard","meta":{"_monsterinsights_skip_tracking":false,"_monsterinsights_sitenote_active":false,"_monsterinsights_sitenote_note":"","_monsterinsights_sitenote_category":0,"footnotes":""},"categories":[9],"tags":[372,11783,3341],"class_list":{"0":"post-416716","1":"post","2":"type-post","3":"status-publish","4":"format-standard","5":"has-post-thumbnail","7":"category-economia","8":"tag-bnf","9":"tag-pago-de-indemnizacion","10":"tag-victimas-de-la-dictadura"},"yoast_head":"<!-- This site is optimized with the Yoast SEO plugin v27.5 - https:\/\/yoast.com\/product\/yoast-seo-wordpress\/ -->\n<title>V\u00edctimas de la Dictadura cobran en la fecha su indemnizaci\u00f3n - .::Agencia IP::.<\/title>\n<meta name=\"robots\" content=\"index, follow, max-snippet:-1, max-image-preview:large, max-video-preview:-1\" \/>\n<link rel=\"canonical\" href=\"https:\/\/www.ip.gov.py\/ip\/2022\/05\/20\/victimas-de-la-dictadura-cobran-en-la-fecha-su-indemnizacion\/\" \/>\n<meta property=\"og:locale\" content=\"es_ES\" \/>\n<meta property=\"og:type\" content=\"article\" \/>\n<meta property=\"og:title\" content=\"V\u00edctimas de la Dictadura cobran en la fecha su indemnizaci\u00f3n - .::Agencia IP::.\" \/>\n<meta property=\"og:description\" content=\"Asunci\u00f3n, Agencia IP.- Hoy viernes 20 de mayo, el Ministerio de Hacienda, a trav\u00e9s de la Direcci\u00f3n Administrativa, paga a un nuevo grupo de V\u00edctimas de la Dictadura. El pago en concepto de indemnizaci\u00f3n se realizar\u00e1 a trav\u00e9s de la red del Banco Nacional de Fomento (BNF).\" \/>\n<meta property=\"og:url\" content=\"https:\/\/www.ip.gov.py\/ip\/2022\/05\/20\/victimas-de-la-dictadura-cobran-en-la-fecha-su-indemnizacion\/\" \/>\n<meta property=\"og:site_name\" content=\".::Agencia IP::.\" \/>\n<meta property=\"article:publisher\" content=\"https:\/\/www.facebook.com\/IPParaguay\/\" \/>\n<meta property=\"article:published_time\" content=\"2022-05-20T11:58:48+00:00\" \/>\n<meta property=\"article:modified_time\" content=\"2022-05-20T11:59:21+00:00\" \/>\n<meta property=\"og:image\" content=\"https:\/\/www.ip.gov.py\/ip\/wp-content\/uploads\/2022\/05\/Hacienda-fachada-bandera.jpeg\" \/>\n\t<meta property=\"og:image:width\" content=\"1600\" \/>\n\t<meta property=\"og:image:height\" content=\"1066\" \/>\n\t<meta property=\"og:image:type\" content=\"image\/jpeg\" \/>\n<meta name=\"author\" content=\"Noelia Ferreira\" \/>\n<meta name=\"twitter:card\" content=\"summary_large_image\" \/>\n<meta name=\"twitter:creator\" content=\"@IPParaguay\" \/>\n<meta name=\"twitter:site\" content=\"@IPParaguay\" \/>\n<meta name=\"twitter:label1\" content=\"Escrito por\" \/>\n\t<meta name=\"twitter:data1\" content=\"Noelia Ferreira\" \/>\n\t<meta name=\"twitter:label2\" content=\"Tiempo de lectura\" \/>\n\t<meta name=\"twitter:data2\" content=\"2 minutos\" \/>\n<script type=\"application\/ld+json\" class=\"yoast-schema-graph\">{\"@context\":\"https:\\\/\\\/schema.org\",\"@graph\":[{\"@type\":\"Article\",\"@id\":\"https:\\\/\\\/www.ip.gov.py\\\/ip\\\/2022\\\/05\\\/20\\\/victimas-de-la-dictadura-cobran-en-la-fecha-su-indemnizacion\\\/#article\",\"isPartOf\":{\"@id\":\"https:\\\/\\\/www.ip.gov.py\\\/ip\\\/2022\\\/05\\\/20\\\/victimas-de-la-dictadura-cobran-en-la-fecha-su-indemnizacion\\\/\"},\"author\":{\"name\":\"Noelia Ferreira\",\"@id\":\"https:\\\/\\\/www.ip.gov.py\\\/ip\\\/#\\\/schema\\\/person\\\/791af27a9219bdbf9064abb776bb41c2\"},\"headline\":\"V\u00edctimas de la Dictadura cobran en la fecha su indemnizaci\u00f3n\",\"datePublished\":\"2022-05-20T11:58:48+00:00\",\"dateModified\":\"2022-05-20T11:59:21+00:00\",\"mainEntityOfPage\":{\"@id\":\"https:\\\/\\\/www.ip.gov.py\\\/ip\\\/2022\\\/05\\\/20\\\/victimas-de-la-dictadura-cobran-en-la-fecha-su-indemnizacion\\\/\"},\"wordCount\":315,\"publisher\":{\"@id\":\"https:\\\/\\\/www.ip.gov.py\\\/ip\\\/#organization\"},\"image\":{\"@id\":\"https:\\\/\\\/www.ip.gov.py\\\/ip\\\/2022\\\/05\\\/20\\\/victimas-de-la-dictadura-cobran-en-la-fecha-su-indemnizacion\\\/#primaryimage\"},\"thumbnailUrl\":\"https:\\\/\\\/www.ip.gov.py\\\/ip\\\/wp-content\\\/uploads\\\/2022\\\/05\\\/Hacienda-fachada-bandera.jpeg\",\"keywords\":[\"BNF\",\"pago de indemnizaci\u00f3n\",\"Victimas de la Dictadura\"],\"articleSection\":[\"Econom\u00eda\"],\"inLanguage\":\"es\"},{\"@type\":\"WebPage\",\"@id\":\"https:\\\/\\\/www.ip.gov.py\\\/ip\\\/2022\\\/05\\\/20\\\/victimas-de-la-dictadura-cobran-en-la-fecha-su-indemnizacion\\\/\",\"url\":\"https:\\\/\\\/www.ip.gov.py\\\/ip\\\/2022\\\/05\\\/20\\\/victimas-de-la-dictadura-cobran-en-la-fecha-su-indemnizacion\\\/\",\"name\":\"V\u00edctimas de la Dictadura cobran en la fecha su indemnizaci\u00f3n - .::Agencia IP::.\",\"isPartOf\":{\"@id\":\"https:\\\/\\\/www.ip.gov.py\\\/ip\\\/#website\"},\"primaryImageOfPage\":{\"@id\":\"https:\\\/\\\/www.ip.gov.py\\\/ip\\\/2022\\\/05\\\/20\\\/victimas-de-la-dictadura-cobran-en-la-fecha-su-indemnizacion\\\/#primaryimage\"},\"image\":{\"@id\":\"https:\\\/\\\/www.ip.gov.py\\\/ip\\\/2022\\\/05\\\/20\\\/victimas-de-la-dictadura-cobran-en-la-fecha-su-indemnizacion\\\/#primaryimage\"},\"thumbnailUrl\":\"https:\\\/\\\/www.ip.gov.py\\\/ip\\\/wp-content\\\/uploads\\\/2022\\\/05\\\/Hacienda-fachada-bandera.jpeg\",\"datePublished\":\"2022-05-20T11:58:48+00:00\",\"dateModified\":\"2022-05-20T11:59:21+00:00\",\"breadcrumb\":{\"@id\":\"https:\\\/\\\/www.ip.gov.py\\\/ip\\\/2022\\\/05\\\/20\\\/victimas-de-la-dictadura-cobran-en-la-fecha-su-indemnizacion\\\/#breadcrumb\"},\"inLanguage\":\"es\",\"potentialAction\":[{\"@type\":\"ReadAction\",\"target\":[\"https:\\\/\\\/www.ip.gov.py\\\/ip\\\/2022\\\/05\\\/20\\\/victimas-de-la-dictadura-cobran-en-la-fecha-su-indemnizacion\\\/\"]}]},{\"@type\":\"ImageObject\",\"inLanguage\":\"es\",\"@id\":\"https:\\\/\\\/www.ip.gov.py\\\/ip\\\/2022\\\/05\\\/20\\\/victimas-de-la-dictadura-cobran-en-la-fecha-su-indemnizacion\\\/#primaryimage\",\"url\":\"https:\\\/\\\/www.ip.gov.py\\\/ip\\\/wp-content\\\/uploads\\\/2022\\\/05\\\/Hacienda-fachada-bandera.jpeg\",\"contentUrl\":\"https:\\\/\\\/www.ip.gov.py\\\/ip\\\/wp-content\\\/uploads\\\/2022\\\/05\\\/Hacienda-fachada-bandera.jpeg\",\"width\":1600,\"height\":1066,\"caption\":\"Sede del Ministerio de Econom\u00eda \\\/ Foto Agencia IP.\"},{\"@type\":\"BreadcrumbList\",\"@id\":\"https:\\\/\\\/www.ip.gov.py\\\/ip\\\/2022\\\/05\\\/20\\\/victimas-de-la-dictadura-cobran-en-la-fecha-su-indemnizacion\\\/#breadcrumb\",\"itemListElement\":[{\"@type\":\"ListItem\",\"position\":1,\"name\":\"Portada\",\"item\":\"https:\\\/\\\/www.ip.gov.py\\\/ip\\\/\"},{\"@type\":\"ListItem\",\"position\":2,\"name\":\"V\u00edctimas de la Dictadura cobran en la fecha su indemnizaci\u00f3n\"}]},{\"@type\":\"WebSite\",\"@id\":\"https:\\\/\\\/www.ip.gov.py\\\/ip\\\/#website\",\"url\":\"https:\\\/\\\/www.ip.gov.py\\\/ip\\\/\",\"name\":\".::Agencia IP::.\",\"description\":\"\",\"publisher\":{\"@id\":\"https:\\\/\\\/www.ip.gov.py\\\/ip\\\/#organization\"},\"potentialAction\":[{\"@type\":\"SearchAction\",\"target\":{\"@type\":\"EntryPoint\",\"urlTemplate\":\"https:\\\/\\\/www.ip.gov.py\\\/ip\\\/?s={search_term_string}\"},\"query-input\":{\"@type\":\"PropertyValueSpecification\",\"valueRequired\":true,\"valueName\":\"search_term_string\"}}],\"inLanguage\":\"es\"},{\"@type\":\"Organization\",\"@id\":\"https:\\\/\\\/www.ip.gov.py\\\/ip\\\/#organization\",\"name\":\"Agencia IP\",\"url\":\"https:\\\/\\\/www.ip.gov.py\\\/ip\\\/\",\"logo\":{\"@type\":\"ImageObject\",\"inLanguage\":\"es\",\"@id\":\"https:\\\/\\\/www.ip.gov.py\\\/ip\\\/#\\\/schema\\\/logo\\\/image\\\/\",\"url\":\"https:\\\/\\\/www.ip.gov.py\\\/ip\\\/wp-content\\\/uploads\\\/2018\\\/01\\\/Agencia-IP.jpg\",\"contentUrl\":\"https:\\\/\\\/www.ip.gov.py\\\/ip\\\/wp-content\\\/uploads\\\/2018\\\/01\\\/Agencia-IP.jpg\",\"width\":150,\"height\":150,\"caption\":\"Agencia IP\"},\"image\":{\"@id\":\"https:\\\/\\\/www.ip.gov.py\\\/ip\\\/#\\\/schema\\\/logo\\\/image\\\/\"},\"sameAs\":[\"https:\\\/\\\/www.facebook.com\\\/IPParaguay\\\/\",\"https:\\\/\\\/x.com\\\/IPParaguay\",\"https:\\\/\\\/www.instagram.com\\\/IPParaguay\"]},{\"@type\":\"Person\",\"@id\":\"https:\\\/\\\/www.ip.gov.py\\\/ip\\\/#\\\/schema\\\/person\\\/791af27a9219bdbf9064abb776bb41c2\",\"name\":\"Noelia Ferreira\",\"sameAs\":[\"http:\\\/\\\/www.ip.gov.py\"],\"url\":\"https:\\\/\\\/www.ip.gov.py\\\/ip\\\/author\\\/nferreira\\\/\"}]}<\/script>\n<!-- \/ Yoast SEO plugin. -->","yoast_head_json":{"title":"V\u00edctimas de la Dictadura cobran en la fecha su indemnizaci\u00f3n - .::Agencia IP::.","robots":{"index":"index","follow":"follow","max-snippet":"max-snippet:-1","max-image-preview":"max-image-preview:large","max-video-preview":"max-video-preview:-1"},"canonical":"https:\/\/www.ip.gov.py\/ip\/2022\/05\/20\/victimas-de-la-dictadura-cobran-en-la-fecha-su-indemnizacion\/","og_locale":"es_ES","og_type":"article","og_title":"V\u00edctimas de la Dictadura cobran en la fecha su indemnizaci\u00f3n - .::Agencia IP::.","og_description":"Asunci\u00f3n, Agencia IP.- Hoy viernes 20 de mayo, el Ministerio de Hacienda, a trav\u00e9s de la Direcci\u00f3n Administrativa, paga a un nuevo grupo de V\u00edctimas de la Dictadura. El pago en concepto de indemnizaci\u00f3n se realizar\u00e1 a trav\u00e9s de la red del Banco Nacional de Fomento (BNF).","og_url":"https:\/\/www.ip.gov.py\/ip\/2022\/05\/20\/victimas-de-la-dictadura-cobran-en-la-fecha-su-indemnizacion\/","og_site_name":".::Agencia IP::.","article_publisher":"https:\/\/www.facebook.com\/IPParaguay\/","article_published_time":"2022-05-20T11:58:48+00:00","article_modified_time":"2022-05-20T11:59:21+00:00","og_image":[{"width":1600,"height":1066,"url":"https:\/\/www.ip.gov.py\/ip\/wp-content\/uploads\/2022\/05\/Hacienda-fachada-bandera.jpeg","type":"image\/jpeg"}],"author":"Noelia Ferreira","twitter_card":"summary_large_image","twitter_creator":"@IPParaguay","twitter_site":"@IPParaguay","twitter_misc":{"Escrito por":"Noelia Ferreira","Tiempo de lectura":"2 minutos"},"schema":{"@context":"https:\/\/schema.org","@graph":[{"@type":"Article","@id":"https:\/\/www.ip.gov.py\/ip\/2022\/05\/20\/victimas-de-la-dictadura-cobran-en-la-fecha-su-indemnizacion\/#article","isPartOf":{"@id":"https:\/\/www.ip.gov.py\/ip\/2022\/05\/20\/victimas-de-la-dictadura-cobran-en-la-fecha-su-indemnizacion\/"},"author":{"name":"Noelia Ferreira","@id":"https:\/\/www.ip.gov.py\/ip\/#\/schema\/person\/791af27a9219bdbf9064abb776bb41c2"},"headline":"V\u00edctimas de la Dictadura cobran en la fecha su indemnizaci\u00f3n","datePublished":"2022-05-20T11:58:48+00:00","dateModified":"2022-05-20T11:59:21+00:00","mainEntityOfPage":{"@id":"https:\/\/www.ip.gov.py\/ip\/2022\/05\/20\/victimas-de-la-dictadura-cobran-en-la-fecha-su-indemnizacion\/"},"wordCount":315,"publisher":{"@id":"https:\/\/www.ip.gov.py\/ip\/#organization"},"image":{"@id":"https:\/\/www.ip.gov.py\/ip\/2022\/05\/20\/victimas-de-la-dictadura-cobran-en-la-fecha-su-indemnizacion\/#primaryimage"},"thumbnailUrl":"https:\/\/www.ip.gov.py\/ip\/wp-content\/uploads\/2022\/05\/Hacienda-fachada-bandera.jpeg","keywords":["BNF","pago de indemnizaci\u00f3n","Victimas de la Dictadura"],"articleSection":["Econom\u00eda"],"inLanguage":"es"},{"@type":"WebPage","@id":"https:\/\/www.ip.gov.py\/ip\/2022\/05\/20\/victimas-de-la-dictadura-cobran-en-la-fecha-su-indemnizacion\/","url":"https:\/\/www.ip.gov.py\/ip\/2022\/05\/20\/victimas-de-la-dictadura-cobran-en-la-fecha-su-indemnizacion\/","name":"V\u00edctimas de la Dictadura cobran en la fecha su indemnizaci\u00f3n - .::Agencia IP::.","isPartOf":{"@id":"https:\/\/www.ip.gov.py\/ip\/#website"},"primaryImageOfPage":{"@id":"https:\/\/www.ip.gov.py\/ip\/2022\/05\/20\/victimas-de-la-dictadura-cobran-en-la-fecha-su-indemnizacion\/#primaryimage"},"image":{"@id":"https:\/\/www.ip.gov.py\/ip\/2022\/05\/20\/victimas-de-la-dictadura-cobran-en-la-fecha-su-indemnizacion\/#primaryimage"},"thumbnailUrl":"https:\/\/www.ip.gov.py\/ip\/wp-content\/uploads\/2022\/05\/Hacienda-fachada-bandera.jpeg","datePublished":"2022-05-20T11:58:48+00:00","dateModified":"2022-05-20T11:59:21+00:00","breadcrumb":{"@id":"https:\/\/www.ip.gov.py\/ip\/2022\/05\/20\/victimas-de-la-dictadura-cobran-en-la-fecha-su-indemnizacion\/#breadcrumb"},"inLanguage":"es","potentialAction":[{"@type":"ReadAction","target":["https:\/\/www.ip.gov.py\/ip\/2022\/05\/20\/victimas-de-la-dictadura-cobran-en-la-fecha-su-indemnizacion\/"]}]},{"@type":"ImageObject","inLanguage":"es","@id":"https:\/\/www.ip.gov.py\/ip\/2022\/05\/20\/victimas-de-la-dictadura-cobran-en-la-fecha-su-indemnizacion\/#primaryimage","url":"https:\/\/www.ip.gov.py\/ip\/wp-content\/uploads\/2022\/05\/Hacienda-fachada-bandera.jpeg","contentUrl":"https:\/\/www.ip.gov.py\/ip\/wp-content\/uploads\/2022\/05\/Hacienda-fachada-bandera.jpeg","width":1600,"height":1066,"caption":"Sede del Ministerio de Econom\u00eda \/ Foto Agencia IP."},{"@type":"BreadcrumbList","@id":"https:\/\/www.ip.gov.py\/ip\/2022\/05\/20\/victimas-de-la-dictadura-cobran-en-la-fecha-su-indemnizacion\/#breadcrumb","itemListElement":[{"@type":"ListItem","position":1,"name":"Portada","item":"https:\/\/www.ip.gov.py\/ip\/"},{"@type":"ListItem","position":2,"name":"V\u00edctimas de la Dictadura cobran en la fecha su indemnizaci\u00f3n"}]},{"@type":"WebSite","@id":"https:\/\/www.ip.gov.py\/ip\/#website","url":"https:\/\/www.ip.gov.py\/ip\/","name":".::Agencia IP::.","description":"","publisher":{"@id":"https:\/\/www.ip.gov.py\/ip\/#organization"},"potentialAction":[{"@type":"SearchAction","target":{"@type":"EntryPoint","urlTemplate":"https:\/\/www.ip.gov.py\/ip\/?s={search_term_string}"},"query-input":{"@type":"PropertyValueSpecification","valueRequired":true,"valueName":"search_term_string"}}],"inLanguage":"es"},{"@type":"Organization","@id":"https:\/\/www.ip.gov.py\/ip\/#organization","name":"Agencia IP","url":"https:\/\/www.ip.gov.py\/ip\/","logo":{"@type":"ImageObject","inLanguage":"es","@id":"https:\/\/www.ip.gov.py\/ip\/#\/schema\/logo\/image\/","url":"https:\/\/www.ip.gov.py\/ip\/wp-content\/uploads\/2018\/01\/Agencia-IP.jpg","contentUrl":"https:\/\/www.ip.gov.py\/ip\/wp-content\/uploads\/2018\/01\/Agencia-IP.jpg","width":150,"height":150,"caption":"Agencia IP"},"image":{"@id":"https:\/\/www.ip.gov.py\/ip\/#\/schema\/logo\/image\/"},"sameAs":["https:\/\/www.facebook.com\/IPParaguay\/","https:\/\/x.com\/IPParaguay","https:\/\/www.instagram.com\/IPParaguay"]},{"@type":"Person","@id":"https:\/\/www.ip.gov.py\/ip\/#\/schema\/person\/791af27a9219bdbf9064abb776bb41c2","name":"Noelia Ferreira","sameAs":["http:\/\/www.ip.gov.py"],"url":"https:\/\/www.ip.gov.py\/ip\/author\/nferreira\/"}]}},"_links":{"self":[{"href":"https:\/\/www.ip.gov.py\/ip\/wp-json\/wp\/v2\/posts\/416716","targetHints":{"allow":["GET"]}}],"collection":[{"href":"https:\/\/www.ip.gov.py\/ip\/wp-json\/wp\/v2\/posts"}],"about":[{"href":"https:\/\/www.ip.gov.py\/ip\/wp-json\/wp\/v2\/types\/post"}],"author":[{"embeddable":true,"href":"https:\/\/www.ip.gov.py\/ip\/wp-json\/wp\/v2\/users\/23"}],"replies":[{"embeddable":true,"href":"https:\/\/www.ip.gov.py\/ip\/wp-json\/wp\/v2\/comments?post=416716"}],"version-history":[{"count":0,"href":"https:\/\/www.ip.gov.py\/ip\/wp-json\/wp\/v2\/posts\/416716\/revisions"}],"wp:featuredmedia":[{"embeddable":true,"href":"https:\/\/www.ip.gov.py\/ip\/wp-json\/wp\/v2\/media\/415888"}],"wp:attachment":[{"href":"https:\/\/www.ip.gov.py\/ip\/wp-json\/wp\/v2\/media?parent=416716"}],"wp:term":[{"taxonomy":"category","embeddable":true,"href":"https:\/\/www.ip.gov.py\/ip\/wp-json\/wp\/v2\/categories?post=416716"},{"taxonomy":"post_tag","embeddable":true,"href":"https:\/\/www.ip.gov.py\/ip\/wp-json\/wp\/v2\/tags?post=416716"}],"curies":[{"name":"wp","href":"https:\/\/api.w.org\/{rel}","templated":true}]}}