{"id":418961,"date":"2022-06-07T08:56:37","date_gmt":"2022-06-07T12:56:37","guid":{"rendered":"https:\/\/www.ip.gov.py\/ip\/?p=418961"},"modified":"2022-06-07T10:16:22","modified_gmt":"2022-06-07T14:16:22","slug":"ministro-de-la-juventud-expuso-sobre-politicas-publicas-del-paraguay-ante-la-onu","status":"publish","type":"post","link":"https:\/\/www.ip.gov.py\/ip\/2022\/06\/07\/ministro-de-la-juventud-expuso-sobre-politicas-publicas-del-paraguay-ante-la-onu\/","title":{"rendered":"Ministro de la Juventud expuso sobre pol\u00edticas p\u00fablicas del Paraguay ante la ONU"},"content":{"rendered":"<p style=\"text-align: justify;\"><em><strong>Asunci\u00f3n, Agencia IP.-<\/strong> <\/em>El ministro de la Secretar\u00eda Nacional de la Juventud (CNJ), Edgar Colman, brind\u00f3 un discurso sobre las pol\u00edticas p\u00fablicas del Paraguay en la prevenci\u00f3n de la delincuencia, ante Asamblea General de las Naciones Unidas en Nueva York, Estados Unidos.<!--more--><\/p>\n<p style=\"text-align: justify;\">El tema de debate fue \u201cMejorar la integraci\u00f3n de la Juventud en las Pol\u00edticas P\u00fablicas de Prevenci\u00f3n de la Delincuencia\u201d. En ese sentido, el titular de la SNJ sostuvo que se debe prestar principal atenci\u00f3n a los j\u00f3venes, quienes son particularmente vulnerables a la delincuencia y a las drogas; por ello, en el segmento de alto nivel, expuso sobre los principales programas, planes y acciones que realiza la instituci\u00f3n como parte del Estado paraguayo.<\/p>\n<p style=\"text-align: justify;\">Afirm\u00f3 que en el pa\u00eds se implementan varias acciones como el programa \u201cParaguay Rep\u00fablica Joven\u201d, que es una hoja de ruta con pol\u00edticas de juventud en materia de educaci\u00f3n, empleo, salud, seguridad, participaci\u00f3n ciudadana, emprendedurismo, econom\u00eda creativa, e innovaci\u00f3n.<\/p>\n<p style=\"text-align: justify;\">Se\u00f1al\u00f3 que se ofrecen oportunidades de participaci\u00f3n y se refuerza la formaci\u00f3n ciudadana, trabajando en el impulso de conocimientos, habilidades sociales, y el contacto entre todas las partes, en especial de la triple h\u00e9lice \u201cgobierno, sector privado, y academia\u201d.<\/p>\n<p style=\"text-align: justify;\">\u201cEl Paraguay se compromete a identificar e intensificar estos esfuerzos por apoyar a las organizaciones y programas juveniles y sociales, educativas, culturales, recreativas, y deportivas, as\u00ed como el uso de herramientas digitales y aplicaci\u00f3n en redes sociales para que los j\u00f3venes se conviertan en agentes de prevenci\u00f3n de delitos en sus comunidades en l\u00ednea con la declaraci\u00f3n de Kyoto y la Agenda 2030 de Desarrollo Sostenible\u201d, mencion\u00f3.<\/p>\n<p style=\"text-align: justify;\">Esta reuni\u00f3n brinda a los Estados Miembros, la oportunidad de intercambiar puntos de vista sobre las oportunidades y los desaf\u00edos en la integraci\u00f3n de la juventud en las pol\u00edticas y pr\u00e1cticas de prevenci\u00f3n del crimen y la violencia, con la inclusi\u00f3n del dise\u00f1o, implementaci\u00f3n, y coordinaci\u00f3n de programas dirigidos a personas de 15 a 30 a\u00f1os, como v\u00edctimas y potenciales delincuentes.<\/p>\n<p style=\"text-align: justify;\">Tambi\u00e9n, se busca incentivar al empoderamiento de los j\u00f3venes como agentes de cambio y contribuir a una prevenci\u00f3n m\u00e1s eficaz, inform\u00f3 la Canciller\u00eda Nacional.<\/p>\n","protected":false},"excerpt":{"rendered":"<p>Asunci\u00f3n, Agencia IP.- El ministro de la Secretar\u00eda Nacional de la Juventud (CNJ), Edgar Colman, brind\u00f3 un discurso sobre las pol\u00edticas p\u00fablicas del Paraguay en la prevenci\u00f3n de la delincuencia, ante Asamblea General de las Naciones Unidas en Nueva York, Estados Unidos.<\/p>\n","protected":false},"author":7,"featured_media":418973,"comment_status":"closed","ping_status":"closed","sticky":false,"template":"","format":"standard","meta":{"_monsterinsights_skip_tracking":false,"_monsterinsights_sitenote_active":false,"_monsterinsights_sitenote_note":"","_monsterinsights_sitenote_category":0,"footnotes":""},"categories":[6],"tags":[3969,2726],"class_list":{"0":"post-418961","1":"post","2":"type-post","3":"status-publish","4":"format-standard","5":"has-post-thumbnail","7":"category-politica","8":"tag-ministerio-de-relaciones-exteriores","9":"tag-secretaria-nacional-de-la-juventud"},"yoast_head":"<!-- This site is optimized with the Yoast SEO plugin v27.5 - https:\/\/yoast.com\/product\/yoast-seo-wordpress\/ -->\n<title>Ministro de la Juventud expuso sobre pol\u00edticas p\u00fablicas del Paraguay ante la ONU - .::Agencia IP::.<\/title>\n<meta name=\"robots\" content=\"index, follow, max-snippet:-1, max-image-preview:large, max-video-preview:-1\" \/>\n<link rel=\"canonical\" href=\"https:\/\/www.ip.gov.py\/ip\/2022\/06\/07\/ministro-de-la-juventud-expuso-sobre-politicas-publicas-del-paraguay-ante-la-onu\/\" \/>\n<meta property=\"og:locale\" content=\"es_ES\" \/>\n<meta property=\"og:type\" content=\"article\" \/>\n<meta property=\"og:title\" content=\"Ministro de la Juventud expuso sobre pol\u00edticas p\u00fablicas del Paraguay ante la ONU - .::Agencia IP::.\" \/>\n<meta property=\"og:description\" content=\"Asunci\u00f3n, Agencia IP.- El ministro de la Secretar\u00eda Nacional de la Juventud (CNJ), Edgar Colman, brind\u00f3 un discurso sobre las pol\u00edticas p\u00fablicas del Paraguay en la prevenci\u00f3n de la delincuencia, ante Asamblea General de las Naciones Unidas en Nueva York, Estados Unidos.\" \/>\n<meta property=\"og:url\" content=\"https:\/\/www.ip.gov.py\/ip\/2022\/06\/07\/ministro-de-la-juventud-expuso-sobre-politicas-publicas-del-paraguay-ante-la-onu\/\" \/>\n<meta property=\"og:site_name\" content=\".::Agencia IP::.\" \/>\n<meta property=\"article:publisher\" content=\"https:\/\/www.facebook.com\/IPParaguay\/\" \/>\n<meta property=\"article:published_time\" content=\"2022-06-07T12:56:37+00:00\" \/>\n<meta property=\"article:modified_time\" content=\"2022-06-07T14:16:22+00:00\" \/>\n<meta property=\"og:image\" content=\"https:\/\/www.ip.gov.py\/ip\/wp-content\/uploads\/2022\/06\/MinistrodelaJuventudNNUU-1.jpg\" \/>\n\t<meta property=\"og:image:width\" content=\"800\" \/>\n\t<meta property=\"og:image:height\" content=\"533\" \/>\n\t<meta property=\"og:image:type\" content=\"image\/jpeg\" \/>\n<meta name=\"author\" content=\"Karina L\u00f3pez\" \/>\n<meta name=\"twitter:card\" content=\"summary_large_image\" \/>\n<meta name=\"twitter:creator\" content=\"@IPParaguay\" \/>\n<meta name=\"twitter:site\" content=\"@IPParaguay\" \/>\n<meta name=\"twitter:label1\" content=\"Escrito por\" \/>\n\t<meta name=\"twitter:data1\" content=\"Karina L\u00f3pez\" \/>\n\t<meta name=\"twitter:label2\" content=\"Tiempo de lectura\" \/>\n\t<meta name=\"twitter:data2\" content=\"2 minutos\" \/>\n<script type=\"application\/ld+json\" class=\"yoast-schema-graph\">{\"@context\":\"https:\\\/\\\/schema.org\",\"@graph\":[{\"@type\":\"Article\",\"@id\":\"https:\\\/\\\/www.ip.gov.py\\\/ip\\\/2022\\\/06\\\/07\\\/ministro-de-la-juventud-expuso-sobre-politicas-publicas-del-paraguay-ante-la-onu\\\/#article\",\"isPartOf\":{\"@id\":\"https:\\\/\\\/www.ip.gov.py\\\/ip\\\/2022\\\/06\\\/07\\\/ministro-de-la-juventud-expuso-sobre-politicas-publicas-del-paraguay-ante-la-onu\\\/\"},\"author\":{\"name\":\"Karina L\u00f3pez\",\"@id\":\"https:\\\/\\\/www.ip.gov.py\\\/ip\\\/#\\\/schema\\\/person\\\/613765cf13d420d448042e6802220539\"},\"headline\":\"Ministro de la Juventud expuso sobre pol\u00edticas p\u00fablicas del Paraguay ante la ONU\",\"datePublished\":\"2022-06-07T12:56:37+00:00\",\"dateModified\":\"2022-06-07T14:16:22+00:00\",\"mainEntityOfPage\":{\"@id\":\"https:\\\/\\\/www.ip.gov.py\\\/ip\\\/2022\\\/06\\\/07\\\/ministro-de-la-juventud-expuso-sobre-politicas-publicas-del-paraguay-ante-la-onu\\\/\"},\"wordCount\":404,\"publisher\":{\"@id\":\"https:\\\/\\\/www.ip.gov.py\\\/ip\\\/#organization\"},\"image\":{\"@id\":\"https:\\\/\\\/www.ip.gov.py\\\/ip\\\/2022\\\/06\\\/07\\\/ministro-de-la-juventud-expuso-sobre-politicas-publicas-del-paraguay-ante-la-onu\\\/#primaryimage\"},\"thumbnailUrl\":\"https:\\\/\\\/www.ip.gov.py\\\/ip\\\/wp-content\\\/uploads\\\/2022\\\/06\\\/MinistrodelaJuventudNNUU-1.jpg\",\"keywords\":[\"Ministerio de Relaciones Exteriores\",\"Secretar\u00eda Nacional de la Juventud\"],\"articleSection\":[\"Pol\u00edtica\"],\"inLanguage\":\"es\"},{\"@type\":\"WebPage\",\"@id\":\"https:\\\/\\\/www.ip.gov.py\\\/ip\\\/2022\\\/06\\\/07\\\/ministro-de-la-juventud-expuso-sobre-politicas-publicas-del-paraguay-ante-la-onu\\\/\",\"url\":\"https:\\\/\\\/www.ip.gov.py\\\/ip\\\/2022\\\/06\\\/07\\\/ministro-de-la-juventud-expuso-sobre-politicas-publicas-del-paraguay-ante-la-onu\\\/\",\"name\":\"Ministro de la Juventud expuso sobre pol\u00edticas p\u00fablicas del Paraguay ante la ONU - .::Agencia IP::.\",\"isPartOf\":{\"@id\":\"https:\\\/\\\/www.ip.gov.py\\\/ip\\\/#website\"},\"primaryImageOfPage\":{\"@id\":\"https:\\\/\\\/www.ip.gov.py\\\/ip\\\/2022\\\/06\\\/07\\\/ministro-de-la-juventud-expuso-sobre-politicas-publicas-del-paraguay-ante-la-onu\\\/#primaryimage\"},\"image\":{\"@id\":\"https:\\\/\\\/www.ip.gov.py\\\/ip\\\/2022\\\/06\\\/07\\\/ministro-de-la-juventud-expuso-sobre-politicas-publicas-del-paraguay-ante-la-onu\\\/#primaryimage\"},\"thumbnailUrl\":\"https:\\\/\\\/www.ip.gov.py\\\/ip\\\/wp-content\\\/uploads\\\/2022\\\/06\\\/MinistrodelaJuventudNNUU-1.jpg\",\"datePublished\":\"2022-06-07T12:56:37+00:00\",\"dateModified\":\"2022-06-07T14:16:22+00:00\",\"breadcrumb\":{\"@id\":\"https:\\\/\\\/www.ip.gov.py\\\/ip\\\/2022\\\/06\\\/07\\\/ministro-de-la-juventud-expuso-sobre-politicas-publicas-del-paraguay-ante-la-onu\\\/#breadcrumb\"},\"inLanguage\":\"es\",\"potentialAction\":[{\"@type\":\"ReadAction\",\"target\":[\"https:\\\/\\\/www.ip.gov.py\\\/ip\\\/2022\\\/06\\\/07\\\/ministro-de-la-juventud-expuso-sobre-politicas-publicas-del-paraguay-ante-la-onu\\\/\"]}]},{\"@type\":\"ImageObject\",\"inLanguage\":\"es\",\"@id\":\"https:\\\/\\\/www.ip.gov.py\\\/ip\\\/2022\\\/06\\\/07\\\/ministro-de-la-juventud-expuso-sobre-politicas-publicas-del-paraguay-ante-la-onu\\\/#primaryimage\",\"url\":\"https:\\\/\\\/www.ip.gov.py\\\/ip\\\/wp-content\\\/uploads\\\/2022\\\/06\\\/MinistrodelaJuventudNNUU-1.jpg\",\"contentUrl\":\"https:\\\/\\\/www.ip.gov.py\\\/ip\\\/wp-content\\\/uploads\\\/2022\\\/06\\\/MinistrodelaJuventudNNUU-1.jpg\",\"width\":800,\"height\":533,\"caption\":\"El ministro durante su intervenci\u00f3n en la Asamblea de la ONU. Foto MRE\"},{\"@type\":\"BreadcrumbList\",\"@id\":\"https:\\\/\\\/www.ip.gov.py\\\/ip\\\/2022\\\/06\\\/07\\\/ministro-de-la-juventud-expuso-sobre-politicas-publicas-del-paraguay-ante-la-onu\\\/#breadcrumb\",\"itemListElement\":[{\"@type\":\"ListItem\",\"position\":1,\"name\":\"Portada\",\"item\":\"https:\\\/\\\/www.ip.gov.py\\\/ip\\\/\"},{\"@type\":\"ListItem\",\"position\":2,\"name\":\"Ministro de la Juventud expuso sobre pol\u00edticas p\u00fablicas del Paraguay ante la ONU\"}]},{\"@type\":\"WebSite\",\"@id\":\"https:\\\/\\\/www.ip.gov.py\\\/ip\\\/#website\",\"url\":\"https:\\\/\\\/www.ip.gov.py\\\/ip\\\/\",\"name\":\".::Agencia IP::.\",\"description\":\"\",\"publisher\":{\"@id\":\"https:\\\/\\\/www.ip.gov.py\\\/ip\\\/#organization\"},\"potentialAction\":[{\"@type\":\"SearchAction\",\"target\":{\"@type\":\"EntryPoint\",\"urlTemplate\":\"https:\\\/\\\/www.ip.gov.py\\\/ip\\\/?s={search_term_string}\"},\"query-input\":{\"@type\":\"PropertyValueSpecification\",\"valueRequired\":true,\"valueName\":\"search_term_string\"}}],\"inLanguage\":\"es\"},{\"@type\":\"Organization\",\"@id\":\"https:\\\/\\\/www.ip.gov.py\\\/ip\\\/#organization\",\"name\":\"Agencia IP\",\"url\":\"https:\\\/\\\/www.ip.gov.py\\\/ip\\\/\",\"logo\":{\"@type\":\"ImageObject\",\"inLanguage\":\"es\",\"@id\":\"https:\\\/\\\/www.ip.gov.py\\\/ip\\\/#\\\/schema\\\/logo\\\/image\\\/\",\"url\":\"https:\\\/\\\/www.ip.gov.py\\\/ip\\\/wp-content\\\/uploads\\\/2018\\\/01\\\/Agencia-IP.jpg\",\"contentUrl\":\"https:\\\/\\\/www.ip.gov.py\\\/ip\\\/wp-content\\\/uploads\\\/2018\\\/01\\\/Agencia-IP.jpg\",\"width\":150,\"height\":150,\"caption\":\"Agencia IP\"},\"image\":{\"@id\":\"https:\\\/\\\/www.ip.gov.py\\\/ip\\\/#\\\/schema\\\/logo\\\/image\\\/\"},\"sameAs\":[\"https:\\\/\\\/www.facebook.com\\\/IPParaguay\\\/\",\"https:\\\/\\\/x.com\\\/IPParaguay\",\"https:\\\/\\\/www.instagram.com\\\/IPParaguay\"]},{\"@type\":\"Person\",\"@id\":\"https:\\\/\\\/www.ip.gov.py\\\/ip\\\/#\\\/schema\\\/person\\\/613765cf13d420d448042e6802220539\",\"name\":\"Karina L\u00f3pez\",\"url\":\"https:\\\/\\\/www.ip.gov.py\\\/ip\\\/author\\\/klopez\\\/\"}]}<\/script>\n<!-- \/ Yoast SEO plugin. -->","yoast_head_json":{"title":"Ministro de la Juventud expuso sobre pol\u00edticas p\u00fablicas del Paraguay ante la ONU - .::Agencia IP::.","robots":{"index":"index","follow":"follow","max-snippet":"max-snippet:-1","max-image-preview":"max-image-preview:large","max-video-preview":"max-video-preview:-1"},"canonical":"https:\/\/www.ip.gov.py\/ip\/2022\/06\/07\/ministro-de-la-juventud-expuso-sobre-politicas-publicas-del-paraguay-ante-la-onu\/","og_locale":"es_ES","og_type":"article","og_title":"Ministro de la Juventud expuso sobre pol\u00edticas p\u00fablicas del Paraguay ante la ONU - .::Agencia IP::.","og_description":"Asunci\u00f3n, Agencia IP.- El ministro de la Secretar\u00eda Nacional de la Juventud (CNJ), Edgar Colman, brind\u00f3 un discurso sobre las pol\u00edticas p\u00fablicas del Paraguay en la prevenci\u00f3n de la delincuencia, ante Asamblea General de las Naciones Unidas en Nueva York, Estados Unidos.","og_url":"https:\/\/www.ip.gov.py\/ip\/2022\/06\/07\/ministro-de-la-juventud-expuso-sobre-politicas-publicas-del-paraguay-ante-la-onu\/","og_site_name":".::Agencia IP::.","article_publisher":"https:\/\/www.facebook.com\/IPParaguay\/","article_published_time":"2022-06-07T12:56:37+00:00","article_modified_time":"2022-06-07T14:16:22+00:00","og_image":[{"width":800,"height":533,"url":"https:\/\/www.ip.gov.py\/ip\/wp-content\/uploads\/2022\/06\/MinistrodelaJuventudNNUU-1.jpg","type":"image\/jpeg"}],"author":"Karina L\u00f3pez","twitter_card":"summary_large_image","twitter_creator":"@IPParaguay","twitter_site":"@IPParaguay","twitter_misc":{"Escrito por":"Karina L\u00f3pez","Tiempo de lectura":"2 minutos"},"schema":{"@context":"https:\/\/schema.org","@graph":[{"@type":"Article","@id":"https:\/\/www.ip.gov.py\/ip\/2022\/06\/07\/ministro-de-la-juventud-expuso-sobre-politicas-publicas-del-paraguay-ante-la-onu\/#article","isPartOf":{"@id":"https:\/\/www.ip.gov.py\/ip\/2022\/06\/07\/ministro-de-la-juventud-expuso-sobre-politicas-publicas-del-paraguay-ante-la-onu\/"},"author":{"name":"Karina L\u00f3pez","@id":"https:\/\/www.ip.gov.py\/ip\/#\/schema\/person\/613765cf13d420d448042e6802220539"},"headline":"Ministro de la Juventud expuso sobre pol\u00edticas p\u00fablicas del Paraguay ante la ONU","datePublished":"2022-06-07T12:56:37+00:00","dateModified":"2022-06-07T14:16:22+00:00","mainEntityOfPage":{"@id":"https:\/\/www.ip.gov.py\/ip\/2022\/06\/07\/ministro-de-la-juventud-expuso-sobre-politicas-publicas-del-paraguay-ante-la-onu\/"},"wordCount":404,"publisher":{"@id":"https:\/\/www.ip.gov.py\/ip\/#organization"},"image":{"@id":"https:\/\/www.ip.gov.py\/ip\/2022\/06\/07\/ministro-de-la-juventud-expuso-sobre-politicas-publicas-del-paraguay-ante-la-onu\/#primaryimage"},"thumbnailUrl":"https:\/\/www.ip.gov.py\/ip\/wp-content\/uploads\/2022\/06\/MinistrodelaJuventudNNUU-1.jpg","keywords":["Ministerio de Relaciones Exteriores","Secretar\u00eda Nacional de la Juventud"],"articleSection":["Pol\u00edtica"],"inLanguage":"es"},{"@type":"WebPage","@id":"https:\/\/www.ip.gov.py\/ip\/2022\/06\/07\/ministro-de-la-juventud-expuso-sobre-politicas-publicas-del-paraguay-ante-la-onu\/","url":"https:\/\/www.ip.gov.py\/ip\/2022\/06\/07\/ministro-de-la-juventud-expuso-sobre-politicas-publicas-del-paraguay-ante-la-onu\/","name":"Ministro de la Juventud expuso sobre pol\u00edticas p\u00fablicas del Paraguay ante la ONU - .::Agencia IP::.","isPartOf":{"@id":"https:\/\/www.ip.gov.py\/ip\/#website"},"primaryImageOfPage":{"@id":"https:\/\/www.ip.gov.py\/ip\/2022\/06\/07\/ministro-de-la-juventud-expuso-sobre-politicas-publicas-del-paraguay-ante-la-onu\/#primaryimage"},"image":{"@id":"https:\/\/www.ip.gov.py\/ip\/2022\/06\/07\/ministro-de-la-juventud-expuso-sobre-politicas-publicas-del-paraguay-ante-la-onu\/#primaryimage"},"thumbnailUrl":"https:\/\/www.ip.gov.py\/ip\/wp-content\/uploads\/2022\/06\/MinistrodelaJuventudNNUU-1.jpg","datePublished":"2022-06-07T12:56:37+00:00","dateModified":"2022-06-07T14:16:22+00:00","breadcrumb":{"@id":"https:\/\/www.ip.gov.py\/ip\/2022\/06\/07\/ministro-de-la-juventud-expuso-sobre-politicas-publicas-del-paraguay-ante-la-onu\/#breadcrumb"},"inLanguage":"es","potentialAction":[{"@type":"ReadAction","target":["https:\/\/www.ip.gov.py\/ip\/2022\/06\/07\/ministro-de-la-juventud-expuso-sobre-politicas-publicas-del-paraguay-ante-la-onu\/"]}]},{"@type":"ImageObject","inLanguage":"es","@id":"https:\/\/www.ip.gov.py\/ip\/2022\/06\/07\/ministro-de-la-juventud-expuso-sobre-politicas-publicas-del-paraguay-ante-la-onu\/#primaryimage","url":"https:\/\/www.ip.gov.py\/ip\/wp-content\/uploads\/2022\/06\/MinistrodelaJuventudNNUU-1.jpg","contentUrl":"https:\/\/www.ip.gov.py\/ip\/wp-content\/uploads\/2022\/06\/MinistrodelaJuventudNNUU-1.jpg","width":800,"height":533,"caption":"El ministro durante su intervenci\u00f3n en la Asamblea de la ONU. Foto MRE"},{"@type":"BreadcrumbList","@id":"https:\/\/www.ip.gov.py\/ip\/2022\/06\/07\/ministro-de-la-juventud-expuso-sobre-politicas-publicas-del-paraguay-ante-la-onu\/#breadcrumb","itemListElement":[{"@type":"ListItem","position":1,"name":"Portada","item":"https:\/\/www.ip.gov.py\/ip\/"},{"@type":"ListItem","position":2,"name":"Ministro de la Juventud expuso sobre pol\u00edticas p\u00fablicas del Paraguay ante la ONU"}]},{"@type":"WebSite","@id":"https:\/\/www.ip.gov.py\/ip\/#website","url":"https:\/\/www.ip.gov.py\/ip\/","name":".::Agencia IP::.","description":"","publisher":{"@id":"https:\/\/www.ip.gov.py\/ip\/#organization"},"potentialAction":[{"@type":"SearchAction","target":{"@type":"EntryPoint","urlTemplate":"https:\/\/www.ip.gov.py\/ip\/?s={search_term_string}"},"query-input":{"@type":"PropertyValueSpecification","valueRequired":true,"valueName":"search_term_string"}}],"inLanguage":"es"},{"@type":"Organization","@id":"https:\/\/www.ip.gov.py\/ip\/#organization","name":"Agencia IP","url":"https:\/\/www.ip.gov.py\/ip\/","logo":{"@type":"ImageObject","inLanguage":"es","@id":"https:\/\/www.ip.gov.py\/ip\/#\/schema\/logo\/image\/","url":"https:\/\/www.ip.gov.py\/ip\/wp-content\/uploads\/2018\/01\/Agencia-IP.jpg","contentUrl":"https:\/\/www.ip.gov.py\/ip\/wp-content\/uploads\/2018\/01\/Agencia-IP.jpg","width":150,"height":150,"caption":"Agencia IP"},"image":{"@id":"https:\/\/www.ip.gov.py\/ip\/#\/schema\/logo\/image\/"},"sameAs":["https:\/\/www.facebook.com\/IPParaguay\/","https:\/\/x.com\/IPParaguay","https:\/\/www.instagram.com\/IPParaguay"]},{"@type":"Person","@id":"https:\/\/www.ip.gov.py\/ip\/#\/schema\/person\/613765cf13d420d448042e6802220539","name":"Karina L\u00f3pez","url":"https:\/\/www.ip.gov.py\/ip\/author\/klopez\/"}]}},"_links":{"self":[{"href":"https:\/\/www.ip.gov.py\/ip\/wp-json\/wp\/v2\/posts\/418961","targetHints":{"allow":["GET"]}}],"collection":[{"href":"https:\/\/www.ip.gov.py\/ip\/wp-json\/wp\/v2\/posts"}],"about":[{"href":"https:\/\/www.ip.gov.py\/ip\/wp-json\/wp\/v2\/types\/post"}],"author":[{"embeddable":true,"href":"https:\/\/www.ip.gov.py\/ip\/wp-json\/wp\/v2\/users\/7"}],"replies":[{"embeddable":true,"href":"https:\/\/www.ip.gov.py\/ip\/wp-json\/wp\/v2\/comments?post=418961"}],"version-history":[{"count":0,"href":"https:\/\/www.ip.gov.py\/ip\/wp-json\/wp\/v2\/posts\/418961\/revisions"}],"wp:featuredmedia":[{"embeddable":true,"href":"https:\/\/www.ip.gov.py\/ip\/wp-json\/wp\/v2\/media\/418973"}],"wp:attachment":[{"href":"https:\/\/www.ip.gov.py\/ip\/wp-json\/wp\/v2\/media?parent=418961"}],"wp:term":[{"taxonomy":"category","embeddable":true,"href":"https:\/\/www.ip.gov.py\/ip\/wp-json\/wp\/v2\/categories?post=418961"},{"taxonomy":"post_tag","embeddable":true,"href":"https:\/\/www.ip.gov.py\/ip\/wp-json\/wp\/v2\/tags?post=418961"}],"curies":[{"name":"wp","href":"https:\/\/api.w.org\/{rel}","templated":true}]}}