{"id":420726,"date":"2022-06-20T11:16:59","date_gmt":"2022-06-20T15:16:59","guid":{"rendered":"https:\/\/www.ip.gov.py\/ip\/?p=420726"},"modified":"2022-06-20T11:39:00","modified_gmt":"2022-06-20T15:39:00","slug":"paraguay-ratifico-en-viena-su-compromiso-en-la-lucha-contra-el-uso-de-las-tic-con-fines-delictivos","status":"publish","type":"post","link":"https:\/\/www.ip.gov.py\/ip\/2022\/06\/20\/paraguay-ratifico-en-viena-su-compromiso-en-la-lucha-contra-el-uso-de-las-tic-con-fines-delictivos\/","title":{"rendered":"Paraguay ratific\u00f3 su compromiso en la lucha contra el uso de las TIC con fines delictivos"},"content":{"rendered":"<p style=\"text-align: justify;\"><em><strong>Asunci\u00f3n, Agencia IP.-\u00a0<\/strong><\/em>La delegaci\u00f3n paraguaya que particip\u00f3 en Viena del segundo periodo de sesiones del Comit\u00e9 Intergubernamental Especial de Composici\u00f3n Abierta ratific\u00f3 la convicci\u00f3n del Gobierno Nacional y su compromiso en la lucha contra la utilizaci\u00f3n de las tecnolog\u00edas de la informaci\u00f3n y las comunicaciones con fines delictivos.<\/p>\n<p><!--more--><\/p>\n<p style=\"text-align: justify;\">Las sesiones del Comit\u00e9 se encaminan a la elaboraci\u00f3n de una Convenci\u00f3n Internacional Integral sobre la Lucha contra la Utilizaci\u00f3n de las Tecnolog\u00edas de la Informaci\u00f3n y las Comunicaciones con Fines Delictivos, establecido por la resoluci\u00f3n 74\/247 de la Asamblea General de las Naciones Unidas.<\/p>\n<p style=\"text-align: justify;\">Las reuniones se desarrollaron del 30 de mayo al 10 de junio y la delegaci\u00f3n de Paraguay, encabezada por la Fiscal Irma Llano de la Unidad Especializada de Delitos Inform\u00e1ticos del Ministerio P\u00fablico, particip\u00f3 activamente de las deliberaciones en los diferentes puntos de la agenda.<\/p>\n<p style=\"text-align: justify;\">La agenda de temas abordados incluy\u00f3 el intercambio de aportes en materia de las disposiciones generales, provisiones sobre criminalizaci\u00f3n y disposiciones sobre las medidas procesales y la aplicaci\u00f3n de la ley de la futura convenci\u00f3n internacional.<\/p>\n<p style=\"text-align: justify;\">Entre otros puntos, la delegaci\u00f3n paraguaya resalt\u00f3 la necesidad de armonizar esta nueva convenci\u00f3n con los instrumentos internacionales ya existentes, como el Convenio de Budapest del cual Paraguay es parte, y los esfuerzos a nivel nacional, regional e internacional para combatir los delitos cibern\u00e9ticos.<\/p>\n<p style=\"text-align: justify;\">Asimismo, se ratific\u00f3 la convicci\u00f3n del Gobierno Nacional de que este mandato otorgado por la Asamblea General establece una clara oportunidad para fortalecer la asistencia t\u00e9cnica y profundizar la cooperaci\u00f3n internacional en la lucha contra estos flagelos.<\/p>\n<p style=\"text-align: justify;\">Cabe se\u00f1alar que el tercer periodo de sesiones del referido Comit\u00e9 se celebrar\u00e1 en la ciudad de Nueva York del 29 de agosto al 9 de setiembre, ocasi\u00f3n en la que se discutir\u00e1n, entre otras cuestiones, los aportes sobre las disposiciones sobre cooperaci\u00f3n internacional, asistencia t\u00e9cnica y las medidas de prevenci\u00f3n de la nueva convenci\u00f3n.<\/p>\n","protected":false},"excerpt":{"rendered":"<p>Asunci\u00f3n, Agencia IP.-\u00a0La delegaci\u00f3n paraguaya que particip\u00f3 en Viena del segundo periodo de sesiones del Comit\u00e9 Intergubernamental Especial de Composici\u00f3n Abierta ratific\u00f3 la convicci\u00f3n del Gobierno Nacional y su compromiso en la lucha contra la utilizaci\u00f3n de las tecnolog\u00edas de la informaci\u00f3n y las comunicaciones con fines delictivos.<\/p>\n","protected":false},"author":2,"featured_media":420737,"comment_status":"closed","ping_status":"closed","sticky":false,"template":"","format":"standard","meta":{"_monsterinsights_skip_tracking":false,"_monsterinsights_sitenote_active":false,"_monsterinsights_sitenote_note":"","_monsterinsights_sitenote_category":0,"footnotes":""},"categories":[6],"tags":[12542,162,12541,9723],"class_list":{"0":"post-420726","1":"post","2":"type-post","3":"status-publish","4":"format-standard","5":"has-post-thumbnail","7":"category-politica","8":"tag-delitos","9":"tag-paraguay","10":"tag-uso-de-tics","11":"tag-viena"},"yoast_head":"<!-- This site is optimized with the Yoast SEO plugin v27.5 - https:\/\/yoast.com\/product\/yoast-seo-wordpress\/ -->\n<title>Paraguay ratific\u00f3 su compromiso en la lucha contra el uso de las TIC con fines delictivos - .::Agencia IP::.<\/title>\n<meta name=\"robots\" content=\"index, follow, max-snippet:-1, max-image-preview:large, max-video-preview:-1\" \/>\n<link rel=\"canonical\" href=\"https:\/\/www.ip.gov.py\/ip\/2022\/06\/20\/paraguay-ratifico-en-viena-su-compromiso-en-la-lucha-contra-el-uso-de-las-tic-con-fines-delictivos\/\" \/>\n<meta property=\"og:locale\" content=\"es_ES\" \/>\n<meta property=\"og:type\" content=\"article\" \/>\n<meta property=\"og:title\" content=\"Paraguay ratific\u00f3 su compromiso en la lucha contra el uso de las TIC con fines delictivos - .::Agencia IP::.\" \/>\n<meta property=\"og:description\" content=\"Asunci\u00f3n, Agencia IP.-\u00a0La delegaci\u00f3n paraguaya que particip\u00f3 en Viena del segundo periodo de sesiones del Comit\u00e9 Intergubernamental Especial de Composici\u00f3n Abierta ratific\u00f3 la convicci\u00f3n del Gobierno Nacional y su compromiso en la lucha contra la utilizaci\u00f3n de las tecnolog\u00edas de la informaci\u00f3n y las comunicaciones con fines delictivos.\" \/>\n<meta property=\"og:url\" content=\"https:\/\/www.ip.gov.py\/ip\/2022\/06\/20\/paraguay-ratifico-en-viena-su-compromiso-en-la-lucha-contra-el-uso-de-las-tic-con-fines-delictivos\/\" \/>\n<meta property=\"og:site_name\" content=\".::Agencia IP::.\" \/>\n<meta property=\"article:publisher\" content=\"https:\/\/www.facebook.com\/IPParaguay\/\" \/>\n<meta property=\"article:published_time\" content=\"2022-06-20T15:16:59+00:00\" \/>\n<meta property=\"article:modified_time\" content=\"2022-06-20T15:39:00+00:00\" \/>\n<meta property=\"og:image\" content=\"https:\/\/www.ip.gov.py\/ip\/wp-content\/uploads\/2022\/06\/VienausodeTic-1.jpg\" \/>\n\t<meta property=\"og:image:width\" content=\"800\" \/>\n\t<meta property=\"og:image:height\" content=\"627\" \/>\n\t<meta property=\"og:image:type\" content=\"image\/jpeg\" \/>\n<meta name=\"author\" content=\"Roque Mereles\" \/>\n<meta name=\"twitter:card\" content=\"summary_large_image\" \/>\n<meta name=\"twitter:creator\" content=\"@IPParaguay\" \/>\n<meta name=\"twitter:site\" content=\"@IPParaguay\" \/>\n<meta name=\"twitter:label1\" content=\"Escrito por\" \/>\n\t<meta name=\"twitter:data1\" content=\"Roque Mereles\" \/>\n\t<meta name=\"twitter:label2\" content=\"Tiempo de lectura\" \/>\n\t<meta name=\"twitter:data2\" content=\"2 minutos\" \/>\n<script type=\"application\/ld+json\" class=\"yoast-schema-graph\">{\"@context\":\"https:\\\/\\\/schema.org\",\"@graph\":[{\"@type\":\"Article\",\"@id\":\"https:\\\/\\\/www.ip.gov.py\\\/ip\\\/2022\\\/06\\\/20\\\/paraguay-ratifico-en-viena-su-compromiso-en-la-lucha-contra-el-uso-de-las-tic-con-fines-delictivos\\\/#article\",\"isPartOf\":{\"@id\":\"https:\\\/\\\/www.ip.gov.py\\\/ip\\\/2022\\\/06\\\/20\\\/paraguay-ratifico-en-viena-su-compromiso-en-la-lucha-contra-el-uso-de-las-tic-con-fines-delictivos\\\/\"},\"author\":{\"name\":\"Roque Mereles\",\"@id\":\"https:\\\/\\\/www.ip.gov.py\\\/ip\\\/#\\\/schema\\\/person\\\/7ec1ca00d0a9301ecc37fff902ff6741\"},\"headline\":\"Paraguay ratific\u00f3 su compromiso en la lucha contra el uso de las TIC con fines delictivos\",\"datePublished\":\"2022-06-20T15:16:59+00:00\",\"dateModified\":\"2022-06-20T15:39:00+00:00\",\"mainEntityOfPage\":{\"@id\":\"https:\\\/\\\/www.ip.gov.py\\\/ip\\\/2022\\\/06\\\/20\\\/paraguay-ratifico-en-viena-su-compromiso-en-la-lucha-contra-el-uso-de-las-tic-con-fines-delictivos\\\/\"},\"wordCount\":355,\"publisher\":{\"@id\":\"https:\\\/\\\/www.ip.gov.py\\\/ip\\\/#organization\"},\"image\":{\"@id\":\"https:\\\/\\\/www.ip.gov.py\\\/ip\\\/2022\\\/06\\\/20\\\/paraguay-ratifico-en-viena-su-compromiso-en-la-lucha-contra-el-uso-de-las-tic-con-fines-delictivos\\\/#primaryimage\"},\"thumbnailUrl\":\"https:\\\/\\\/www.ip.gov.py\\\/ip\\\/wp-content\\\/uploads\\\/2022\\\/06\\\/VienausodeTic-1.jpg\",\"keywords\":[\"delitos\",\"paraguay\",\"uso de TICs\",\"Viena\"],\"articleSection\":[\"Pol\u00edtica\"],\"inLanguage\":\"es\"},{\"@type\":\"WebPage\",\"@id\":\"https:\\\/\\\/www.ip.gov.py\\\/ip\\\/2022\\\/06\\\/20\\\/paraguay-ratifico-en-viena-su-compromiso-en-la-lucha-contra-el-uso-de-las-tic-con-fines-delictivos\\\/\",\"url\":\"https:\\\/\\\/www.ip.gov.py\\\/ip\\\/2022\\\/06\\\/20\\\/paraguay-ratifico-en-viena-su-compromiso-en-la-lucha-contra-el-uso-de-las-tic-con-fines-delictivos\\\/\",\"name\":\"Paraguay ratific\u00f3 su compromiso en la lucha contra el uso de las TIC con fines delictivos - .::Agencia IP::.\",\"isPartOf\":{\"@id\":\"https:\\\/\\\/www.ip.gov.py\\\/ip\\\/#website\"},\"primaryImageOfPage\":{\"@id\":\"https:\\\/\\\/www.ip.gov.py\\\/ip\\\/2022\\\/06\\\/20\\\/paraguay-ratifico-en-viena-su-compromiso-en-la-lucha-contra-el-uso-de-las-tic-con-fines-delictivos\\\/#primaryimage\"},\"image\":{\"@id\":\"https:\\\/\\\/www.ip.gov.py\\\/ip\\\/2022\\\/06\\\/20\\\/paraguay-ratifico-en-viena-su-compromiso-en-la-lucha-contra-el-uso-de-las-tic-con-fines-delictivos\\\/#primaryimage\"},\"thumbnailUrl\":\"https:\\\/\\\/www.ip.gov.py\\\/ip\\\/wp-content\\\/uploads\\\/2022\\\/06\\\/VienausodeTic-1.jpg\",\"datePublished\":\"2022-06-20T15:16:59+00:00\",\"dateModified\":\"2022-06-20T15:39:00+00:00\",\"breadcrumb\":{\"@id\":\"https:\\\/\\\/www.ip.gov.py\\\/ip\\\/2022\\\/06\\\/20\\\/paraguay-ratifico-en-viena-su-compromiso-en-la-lucha-contra-el-uso-de-las-tic-con-fines-delictivos\\\/#breadcrumb\"},\"inLanguage\":\"es\",\"potentialAction\":[{\"@type\":\"ReadAction\",\"target\":[\"https:\\\/\\\/www.ip.gov.py\\\/ip\\\/2022\\\/06\\\/20\\\/paraguay-ratifico-en-viena-su-compromiso-en-la-lucha-contra-el-uso-de-las-tic-con-fines-delictivos\\\/\"]}]},{\"@type\":\"ImageObject\",\"inLanguage\":\"es\",\"@id\":\"https:\\\/\\\/www.ip.gov.py\\\/ip\\\/2022\\\/06\\\/20\\\/paraguay-ratifico-en-viena-su-compromiso-en-la-lucha-contra-el-uso-de-las-tic-con-fines-delictivos\\\/#primaryimage\",\"url\":\"https:\\\/\\\/www.ip.gov.py\\\/ip\\\/wp-content\\\/uploads\\\/2022\\\/06\\\/VienausodeTic-1.jpg\",\"contentUrl\":\"https:\\\/\\\/www.ip.gov.py\\\/ip\\\/wp-content\\\/uploads\\\/2022\\\/06\\\/VienausodeTic-1.jpg\",\"width\":800,\"height\":627},{\"@type\":\"BreadcrumbList\",\"@id\":\"https:\\\/\\\/www.ip.gov.py\\\/ip\\\/2022\\\/06\\\/20\\\/paraguay-ratifico-en-viena-su-compromiso-en-la-lucha-contra-el-uso-de-las-tic-con-fines-delictivos\\\/#breadcrumb\",\"itemListElement\":[{\"@type\":\"ListItem\",\"position\":1,\"name\":\"Portada\",\"item\":\"https:\\\/\\\/www.ip.gov.py\\\/ip\\\/\"},{\"@type\":\"ListItem\",\"position\":2,\"name\":\"Paraguay ratific\u00f3 su compromiso en la lucha contra el uso de las TIC con fines delictivos\"}]},{\"@type\":\"WebSite\",\"@id\":\"https:\\\/\\\/www.ip.gov.py\\\/ip\\\/#website\",\"url\":\"https:\\\/\\\/www.ip.gov.py\\\/ip\\\/\",\"name\":\".::Agencia IP::.\",\"description\":\"\",\"publisher\":{\"@id\":\"https:\\\/\\\/www.ip.gov.py\\\/ip\\\/#organization\"},\"potentialAction\":[{\"@type\":\"SearchAction\",\"target\":{\"@type\":\"EntryPoint\",\"urlTemplate\":\"https:\\\/\\\/www.ip.gov.py\\\/ip\\\/?s={search_term_string}\"},\"query-input\":{\"@type\":\"PropertyValueSpecification\",\"valueRequired\":true,\"valueName\":\"search_term_string\"}}],\"inLanguage\":\"es\"},{\"@type\":\"Organization\",\"@id\":\"https:\\\/\\\/www.ip.gov.py\\\/ip\\\/#organization\",\"name\":\"Agencia IP\",\"url\":\"https:\\\/\\\/www.ip.gov.py\\\/ip\\\/\",\"logo\":{\"@type\":\"ImageObject\",\"inLanguage\":\"es\",\"@id\":\"https:\\\/\\\/www.ip.gov.py\\\/ip\\\/#\\\/schema\\\/logo\\\/image\\\/\",\"url\":\"https:\\\/\\\/www.ip.gov.py\\\/ip\\\/wp-content\\\/uploads\\\/2018\\\/01\\\/Agencia-IP.jpg\",\"contentUrl\":\"https:\\\/\\\/www.ip.gov.py\\\/ip\\\/wp-content\\\/uploads\\\/2018\\\/01\\\/Agencia-IP.jpg\",\"width\":150,\"height\":150,\"caption\":\"Agencia IP\"},\"image\":{\"@id\":\"https:\\\/\\\/www.ip.gov.py\\\/ip\\\/#\\\/schema\\\/logo\\\/image\\\/\"},\"sameAs\":[\"https:\\\/\\\/www.facebook.com\\\/IPParaguay\\\/\",\"https:\\\/\\\/x.com\\\/IPParaguay\",\"https:\\\/\\\/www.instagram.com\\\/IPParaguay\"]},{\"@type\":\"Person\",\"@id\":\"https:\\\/\\\/www.ip.gov.py\\\/ip\\\/#\\\/schema\\\/person\\\/7ec1ca00d0a9301ecc37fff902ff6741\",\"name\":\"Roque Mereles\",\"url\":\"https:\\\/\\\/www.ip.gov.py\\\/ip\\\/author\\\/rmereles\\\/\"}]}<\/script>\n<!-- \/ Yoast SEO plugin. -->","yoast_head_json":{"title":"Paraguay ratific\u00f3 su compromiso en la lucha contra el uso de las TIC con fines delictivos - .::Agencia IP::.","robots":{"index":"index","follow":"follow","max-snippet":"max-snippet:-1","max-image-preview":"max-image-preview:large","max-video-preview":"max-video-preview:-1"},"canonical":"https:\/\/www.ip.gov.py\/ip\/2022\/06\/20\/paraguay-ratifico-en-viena-su-compromiso-en-la-lucha-contra-el-uso-de-las-tic-con-fines-delictivos\/","og_locale":"es_ES","og_type":"article","og_title":"Paraguay ratific\u00f3 su compromiso en la lucha contra el uso de las TIC con fines delictivos - .::Agencia IP::.","og_description":"Asunci\u00f3n, Agencia IP.-\u00a0La delegaci\u00f3n paraguaya que particip\u00f3 en Viena del segundo periodo de sesiones del Comit\u00e9 Intergubernamental Especial de Composici\u00f3n Abierta ratific\u00f3 la convicci\u00f3n del Gobierno Nacional y su compromiso en la lucha contra la utilizaci\u00f3n de las tecnolog\u00edas de la informaci\u00f3n y las comunicaciones con fines delictivos.","og_url":"https:\/\/www.ip.gov.py\/ip\/2022\/06\/20\/paraguay-ratifico-en-viena-su-compromiso-en-la-lucha-contra-el-uso-de-las-tic-con-fines-delictivos\/","og_site_name":".::Agencia IP::.","article_publisher":"https:\/\/www.facebook.com\/IPParaguay\/","article_published_time":"2022-06-20T15:16:59+00:00","article_modified_time":"2022-06-20T15:39:00+00:00","og_image":[{"width":800,"height":627,"url":"https:\/\/www.ip.gov.py\/ip\/wp-content\/uploads\/2022\/06\/VienausodeTic-1.jpg","type":"image\/jpeg"}],"author":"Roque Mereles","twitter_card":"summary_large_image","twitter_creator":"@IPParaguay","twitter_site":"@IPParaguay","twitter_misc":{"Escrito por":"Roque Mereles","Tiempo de lectura":"2 minutos"},"schema":{"@context":"https:\/\/schema.org","@graph":[{"@type":"Article","@id":"https:\/\/www.ip.gov.py\/ip\/2022\/06\/20\/paraguay-ratifico-en-viena-su-compromiso-en-la-lucha-contra-el-uso-de-las-tic-con-fines-delictivos\/#article","isPartOf":{"@id":"https:\/\/www.ip.gov.py\/ip\/2022\/06\/20\/paraguay-ratifico-en-viena-su-compromiso-en-la-lucha-contra-el-uso-de-las-tic-con-fines-delictivos\/"},"author":{"name":"Roque Mereles","@id":"https:\/\/www.ip.gov.py\/ip\/#\/schema\/person\/7ec1ca00d0a9301ecc37fff902ff6741"},"headline":"Paraguay ratific\u00f3 su compromiso en la lucha contra el uso de las TIC con fines delictivos","datePublished":"2022-06-20T15:16:59+00:00","dateModified":"2022-06-20T15:39:00+00:00","mainEntityOfPage":{"@id":"https:\/\/www.ip.gov.py\/ip\/2022\/06\/20\/paraguay-ratifico-en-viena-su-compromiso-en-la-lucha-contra-el-uso-de-las-tic-con-fines-delictivos\/"},"wordCount":355,"publisher":{"@id":"https:\/\/www.ip.gov.py\/ip\/#organization"},"image":{"@id":"https:\/\/www.ip.gov.py\/ip\/2022\/06\/20\/paraguay-ratifico-en-viena-su-compromiso-en-la-lucha-contra-el-uso-de-las-tic-con-fines-delictivos\/#primaryimage"},"thumbnailUrl":"https:\/\/www.ip.gov.py\/ip\/wp-content\/uploads\/2022\/06\/VienausodeTic-1.jpg","keywords":["delitos","paraguay","uso de TICs","Viena"],"articleSection":["Pol\u00edtica"],"inLanguage":"es"},{"@type":"WebPage","@id":"https:\/\/www.ip.gov.py\/ip\/2022\/06\/20\/paraguay-ratifico-en-viena-su-compromiso-en-la-lucha-contra-el-uso-de-las-tic-con-fines-delictivos\/","url":"https:\/\/www.ip.gov.py\/ip\/2022\/06\/20\/paraguay-ratifico-en-viena-su-compromiso-en-la-lucha-contra-el-uso-de-las-tic-con-fines-delictivos\/","name":"Paraguay ratific\u00f3 su compromiso en la lucha contra el uso de las TIC con fines delictivos - .::Agencia IP::.","isPartOf":{"@id":"https:\/\/www.ip.gov.py\/ip\/#website"},"primaryImageOfPage":{"@id":"https:\/\/www.ip.gov.py\/ip\/2022\/06\/20\/paraguay-ratifico-en-viena-su-compromiso-en-la-lucha-contra-el-uso-de-las-tic-con-fines-delictivos\/#primaryimage"},"image":{"@id":"https:\/\/www.ip.gov.py\/ip\/2022\/06\/20\/paraguay-ratifico-en-viena-su-compromiso-en-la-lucha-contra-el-uso-de-las-tic-con-fines-delictivos\/#primaryimage"},"thumbnailUrl":"https:\/\/www.ip.gov.py\/ip\/wp-content\/uploads\/2022\/06\/VienausodeTic-1.jpg","datePublished":"2022-06-20T15:16:59+00:00","dateModified":"2022-06-20T15:39:00+00:00","breadcrumb":{"@id":"https:\/\/www.ip.gov.py\/ip\/2022\/06\/20\/paraguay-ratifico-en-viena-su-compromiso-en-la-lucha-contra-el-uso-de-las-tic-con-fines-delictivos\/#breadcrumb"},"inLanguage":"es","potentialAction":[{"@type":"ReadAction","target":["https:\/\/www.ip.gov.py\/ip\/2022\/06\/20\/paraguay-ratifico-en-viena-su-compromiso-en-la-lucha-contra-el-uso-de-las-tic-con-fines-delictivos\/"]}]},{"@type":"ImageObject","inLanguage":"es","@id":"https:\/\/www.ip.gov.py\/ip\/2022\/06\/20\/paraguay-ratifico-en-viena-su-compromiso-en-la-lucha-contra-el-uso-de-las-tic-con-fines-delictivos\/#primaryimage","url":"https:\/\/www.ip.gov.py\/ip\/wp-content\/uploads\/2022\/06\/VienausodeTic-1.jpg","contentUrl":"https:\/\/www.ip.gov.py\/ip\/wp-content\/uploads\/2022\/06\/VienausodeTic-1.jpg","width":800,"height":627},{"@type":"BreadcrumbList","@id":"https:\/\/www.ip.gov.py\/ip\/2022\/06\/20\/paraguay-ratifico-en-viena-su-compromiso-en-la-lucha-contra-el-uso-de-las-tic-con-fines-delictivos\/#breadcrumb","itemListElement":[{"@type":"ListItem","position":1,"name":"Portada","item":"https:\/\/www.ip.gov.py\/ip\/"},{"@type":"ListItem","position":2,"name":"Paraguay ratific\u00f3 su compromiso en la lucha contra el uso de las TIC con fines delictivos"}]},{"@type":"WebSite","@id":"https:\/\/www.ip.gov.py\/ip\/#website","url":"https:\/\/www.ip.gov.py\/ip\/","name":".::Agencia IP::.","description":"","publisher":{"@id":"https:\/\/www.ip.gov.py\/ip\/#organization"},"potentialAction":[{"@type":"SearchAction","target":{"@type":"EntryPoint","urlTemplate":"https:\/\/www.ip.gov.py\/ip\/?s={search_term_string}"},"query-input":{"@type":"PropertyValueSpecification","valueRequired":true,"valueName":"search_term_string"}}],"inLanguage":"es"},{"@type":"Organization","@id":"https:\/\/www.ip.gov.py\/ip\/#organization","name":"Agencia IP","url":"https:\/\/www.ip.gov.py\/ip\/","logo":{"@type":"ImageObject","inLanguage":"es","@id":"https:\/\/www.ip.gov.py\/ip\/#\/schema\/logo\/image\/","url":"https:\/\/www.ip.gov.py\/ip\/wp-content\/uploads\/2018\/01\/Agencia-IP.jpg","contentUrl":"https:\/\/www.ip.gov.py\/ip\/wp-content\/uploads\/2018\/01\/Agencia-IP.jpg","width":150,"height":150,"caption":"Agencia IP"},"image":{"@id":"https:\/\/www.ip.gov.py\/ip\/#\/schema\/logo\/image\/"},"sameAs":["https:\/\/www.facebook.com\/IPParaguay\/","https:\/\/x.com\/IPParaguay","https:\/\/www.instagram.com\/IPParaguay"]},{"@type":"Person","@id":"https:\/\/www.ip.gov.py\/ip\/#\/schema\/person\/7ec1ca00d0a9301ecc37fff902ff6741","name":"Roque Mereles","url":"https:\/\/www.ip.gov.py\/ip\/author\/rmereles\/"}]}},"_links":{"self":[{"href":"https:\/\/www.ip.gov.py\/ip\/wp-json\/wp\/v2\/posts\/420726","targetHints":{"allow":["GET"]}}],"collection":[{"href":"https:\/\/www.ip.gov.py\/ip\/wp-json\/wp\/v2\/posts"}],"about":[{"href":"https:\/\/www.ip.gov.py\/ip\/wp-json\/wp\/v2\/types\/post"}],"author":[{"embeddable":true,"href":"https:\/\/www.ip.gov.py\/ip\/wp-json\/wp\/v2\/users\/2"}],"replies":[{"embeddable":true,"href":"https:\/\/www.ip.gov.py\/ip\/wp-json\/wp\/v2\/comments?post=420726"}],"version-history":[{"count":0,"href":"https:\/\/www.ip.gov.py\/ip\/wp-json\/wp\/v2\/posts\/420726\/revisions"}],"wp:featuredmedia":[{"embeddable":true,"href":"https:\/\/www.ip.gov.py\/ip\/wp-json\/wp\/v2\/media\/420737"}],"wp:attachment":[{"href":"https:\/\/www.ip.gov.py\/ip\/wp-json\/wp\/v2\/media?parent=420726"}],"wp:term":[{"taxonomy":"category","embeddable":true,"href":"https:\/\/www.ip.gov.py\/ip\/wp-json\/wp\/v2\/categories?post=420726"},{"taxonomy":"post_tag","embeddable":true,"href":"https:\/\/www.ip.gov.py\/ip\/wp-json\/wp\/v2\/tags?post=420726"}],"curies":[{"name":"wp","href":"https:\/\/api.w.org\/{rel}","templated":true}]}}