{"id":420984,"date":"2022-06-22T07:44:42","date_gmt":"2022-06-22T11:44:42","guid":{"rendered":"https:\/\/www.ip.gov.py\/ip\/?p=420984"},"modified":"2022-06-22T07:44:42","modified_gmt":"2022-06-22T11:44:42","slug":"espana-anuncio-una-nueva-baja-del-iva-a-la-electricidad-para-aliviar-la-inflacion","status":"publish","type":"post","link":"https:\/\/www.ip.gov.py\/ip\/2022\/06\/22\/espana-anuncio-una-nueva-baja-del-iva-a-la-electricidad-para-aliviar-la-inflacion\/","title":{"rendered":"Espa\u00f1a anunci\u00f3 una nueva baja del IVA a la electricidad para aliviar la inflaci\u00f3n"},"content":{"rendered":"<p style=\"text-align: justify;\"><em><strong>Madrid.-<\/strong><\/em>El presidente del Gobierno espa\u00f1ol, Pedro S\u00e1nchez, anunci\u00f3 este mi\u00e9rcoles una segunda disminuci\u00f3n del IVA sobre la electricidad en menos de un a\u00f1o, con un tope de 5%, para limitar el impacto de una inflaci\u00f3n r\u00e9cord exacerbada por la guerra en Ucrania.<!--more--><\/p>\n<p style=\"text-align: justify;\">\u00abHace un a\u00f1o rebajamos el IVA de la luz del 21 al 10%. En el pr\u00f3ximo consejo de ministros lo reduciremos del 10 al 5% para seguir protegiendo a la ciudadan\u00eda de los efectos de la guerra\u00bb, dijo S\u00e1nchez en el Parlamento, inform\u00f3 la agencia de noticias AFP.<\/p>\n<p style=\"text-align: justify;\">El Gobierno dirigido por el l\u00edder socialista adopt\u00f3 en marzo un paquete de medidas para paliar el alza de precios durante tres meses.<\/p>\n<p style=\"text-align: justify;\">El s\u00e1bado pr\u00f3ximo tiene previsto adoptar otras medidas en un consejo de ministros, o reuni\u00f3n de gabinete, extraordinario, con el fin de atenuar los efectos de la inflaci\u00f3n, que en mayo lleg\u00f3 a 8,7% a ritmo interanual.<\/p>\n<p style=\"text-align: justify;\">El Ejecutivo no ha precisado qu\u00e9 otras medidas tomar\u00e1 el s\u00e1bado. Pero hay algunas pistas, avanzadas sobre todo por el partido de izquierda de Podemos, socio minoritario de los socialistas en el Gobierno de coalici\u00f3n.<\/p>\n<p style=\"text-align: justify;\">La ministra de Trabajo, Yolanda D\u00edaz, de Podemos, propuso una reducci\u00f3n del 50% del precio de los abonos para el transporte p\u00fablico y un cheque de 300 euros para las familias m\u00e1s vulnerables, tal y \u00abcomo se ha puesto en marcha en Francia\u00bb.<\/p>\n<p style=\"text-align: justify;\">\u00abLa inflaci\u00f3n est\u00e1 golpeando a las familias. (&#8230;) El gobierno actu\u00f3 con rapidez y determinaci\u00f3n, pero ahora no es suficiente. Debemos reforzar la protecci\u00f3n frente a una crisis internacional\u00bb, tuite\u00f3 la ministra.<\/p>\n<p style=\"text-align: justify;\">Para financiar estas medidas, varios ministros han hablado de la posibilidad de instaurar un impuesto extraordinario a las empresas energ\u00e9ticas, cuyos beneficios aumentaron fuertemente el a\u00f1o pasado, como han hecho otros pa\u00edses europeos en los \u00faltimos meses.<\/p>\n<p style=\"text-align: justify;\">Ser\u00eda una decisi\u00f3n de \u00abjusticia\u00bb, pero hay que ver \u00abde qu\u00e9 manera lo podemos hacer mejor\u00bb, dijo el martes la ministra de Hacienda, la socialista Mar\u00eda Jes\u00fas Montero, quien esboz\u00f3 la posibilidad de aplicarlo en el pr\u00f3ximo ejercicio fiscal, a principios de 2023.<\/p>\n<p style=\"text-align: justify;\">Madrid ha adoptado varios paquetes de medidas desde el verano pasado para intentar frenar la inflaci\u00f3n.<\/p>\n<p style=\"text-align: justify;\">El \u00faltimo y m\u00e1s importante, aprobado en marzo, consisti\u00f3 de una serie de ayudas directas por valor de 6.000 millones de euros (6.320 millones de d\u00f3lares) para hogares y empresas. Est\u00e1 en vigor hasta fines de junio y debe ser prolongado.T\u00e9lam.<\/p>\n","protected":false},"excerpt":{"rendered":"<p>Madrid.-El presidente del Gobierno espa\u00f1ol, Pedro S\u00e1nchez, anunci\u00f3 este mi\u00e9rcoles una segunda disminuci\u00f3n del IVA sobre la electricidad en menos de un a\u00f1o, con un tope de 5%, para limitar el impacto de una inflaci\u00f3n r\u00e9cord exacerbada por la guerra en Ucrania.<\/p>\n","protected":false},"author":11,"featured_media":420985,"comment_status":"closed","ping_status":"closed","sticky":false,"template":"","format":"standard","meta":{"_monsterinsights_skip_tracking":false,"_monsterinsights_sitenote_active":false,"_monsterinsights_sitenote_note":"","_monsterinsights_sitenote_category":0,"footnotes":""},"categories":[5],"tags":[1056,486,355,3480,4661],"class_list":{"0":"post-420984","1":"post","2":"type-post","3":"status-publish","4":"format-standard","5":"has-post-thumbnail","7":"category-internacionales","9":"tag-espana","10":"tag-inflacion","11":"tag-medidas","12":"tag-pedro-sanchez"},"yoast_head":"<!-- This site is optimized with the Yoast SEO plugin v27.5 - https:\/\/yoast.com\/product\/yoast-seo-wordpress\/ -->\n<title>Espa\u00f1a anunci\u00f3 una nueva baja del IVA a la electricidad para aliviar la inflaci\u00f3n - .::Agencia IP::.<\/title>\n<meta name=\"robots\" content=\"index, follow, max-snippet:-1, max-image-preview:large, max-video-preview:-1\" \/>\n<link rel=\"canonical\" href=\"https:\/\/www.ip.gov.py\/ip\/2022\/06\/22\/espana-anuncio-una-nueva-baja-del-iva-a-la-electricidad-para-aliviar-la-inflacion\/\" \/>\n<meta property=\"og:locale\" content=\"es_ES\" \/>\n<meta property=\"og:type\" content=\"article\" \/>\n<meta property=\"og:title\" content=\"Espa\u00f1a anunci\u00f3 una nueva baja del IVA a la electricidad para aliviar la inflaci\u00f3n - .::Agencia IP::.\" \/>\n<meta property=\"og:description\" content=\"Madrid.-El presidente del Gobierno espa\u00f1ol, Pedro S\u00e1nchez, anunci\u00f3 este mi\u00e9rcoles una segunda disminuci\u00f3n del IVA sobre la electricidad en menos de un a\u00f1o, con un tope de 5%, para limitar el impacto de una inflaci\u00f3n r\u00e9cord exacerbada por la guerra en Ucrania.\" \/>\n<meta property=\"og:url\" content=\"https:\/\/www.ip.gov.py\/ip\/2022\/06\/22\/espana-anuncio-una-nueva-baja-del-iva-a-la-electricidad-para-aliviar-la-inflacion\/\" \/>\n<meta property=\"og:site_name\" content=\".::Agencia IP::.\" \/>\n<meta property=\"article:publisher\" content=\"https:\/\/www.facebook.com\/IPParaguay\/\" \/>\n<meta property=\"article:published_time\" content=\"2022-06-22T11:44:42+00:00\" \/>\n<meta property=\"og:image\" content=\"https:\/\/www.ip.gov.py\/ip\/wp-content\/uploads\/2022\/06\/Pedro-Sanchez.jpg\" \/>\n\t<meta property=\"og:image:width\" content=\"900\" \/>\n\t<meta property=\"og:image:height\" content=\"506\" \/>\n\t<meta property=\"og:image:type\" content=\"image\/jpeg\" \/>\n<meta name=\"author\" content=\"vrios\" \/>\n<meta name=\"twitter:card\" content=\"summary_large_image\" \/>\n<meta name=\"twitter:creator\" content=\"@IPParaguay\" \/>\n<meta name=\"twitter:site\" content=\"@IPParaguay\" \/>\n<meta name=\"twitter:label1\" content=\"Escrito por\" \/>\n\t<meta name=\"twitter:data1\" content=\"vrios\" \/>\n\t<meta name=\"twitter:label2\" content=\"Tiempo de lectura\" \/>\n\t<meta name=\"twitter:data2\" content=\"2 minutos\" \/>\n<script type=\"application\/ld+json\" class=\"yoast-schema-graph\">{\"@context\":\"https:\\\/\\\/schema.org\",\"@graph\":[{\"@type\":\"Article\",\"@id\":\"https:\\\/\\\/www.ip.gov.py\\\/ip\\\/2022\\\/06\\\/22\\\/espana-anuncio-una-nueva-baja-del-iva-a-la-electricidad-para-aliviar-la-inflacion\\\/#article\",\"isPartOf\":{\"@id\":\"https:\\\/\\\/www.ip.gov.py\\\/ip\\\/2022\\\/06\\\/22\\\/espana-anuncio-una-nueva-baja-del-iva-a-la-electricidad-para-aliviar-la-inflacion\\\/\"},\"author\":{\"name\":\"vrios\",\"@id\":\"https:\\\/\\\/www.ip.gov.py\\\/ip\\\/#\\\/schema\\\/person\\\/fa3668852e893cb0423795330f919039\"},\"headline\":\"Espa\u00f1a anunci\u00f3 una nueva baja del IVA a la electricidad para aliviar la inflaci\u00f3n\",\"datePublished\":\"2022-06-22T11:44:42+00:00\",\"mainEntityOfPage\":{\"@id\":\"https:\\\/\\\/www.ip.gov.py\\\/ip\\\/2022\\\/06\\\/22\\\/espana-anuncio-una-nueva-baja-del-iva-a-la-electricidad-para-aliviar-la-inflacion\\\/\"},\"wordCount\":441,\"publisher\":{\"@id\":\"https:\\\/\\\/www.ip.gov.py\\\/ip\\\/#organization\"},\"image\":{\"@id\":\"https:\\\/\\\/www.ip.gov.py\\\/ip\\\/2022\\\/06\\\/22\\\/espana-anuncio-una-nueva-baja-del-iva-a-la-electricidad-para-aliviar-la-inflacion\\\/#primaryimage\"},\"thumbnailUrl\":\"https:\\\/\\\/www.ip.gov.py\\\/ip\\\/wp-content\\\/uploads\\\/2022\\\/06\\\/Pedro-Sanchez.jpg\",\"keywords\":[\"electricidad\",\"Espa\u00f1a\",\"inflaci\u00f3n\",\"medidas\",\"Pedro S\u00e1nchez\"],\"articleSection\":[\"Internacionales\"],\"inLanguage\":\"es\"},{\"@type\":\"WebPage\",\"@id\":\"https:\\\/\\\/www.ip.gov.py\\\/ip\\\/2022\\\/06\\\/22\\\/espana-anuncio-una-nueva-baja-del-iva-a-la-electricidad-para-aliviar-la-inflacion\\\/\",\"url\":\"https:\\\/\\\/www.ip.gov.py\\\/ip\\\/2022\\\/06\\\/22\\\/espana-anuncio-una-nueva-baja-del-iva-a-la-electricidad-para-aliviar-la-inflacion\\\/\",\"name\":\"Espa\u00f1a anunci\u00f3 una nueva baja del IVA a la electricidad para aliviar la inflaci\u00f3n - .::Agencia IP::.\",\"isPartOf\":{\"@id\":\"https:\\\/\\\/www.ip.gov.py\\\/ip\\\/#website\"},\"primaryImageOfPage\":{\"@id\":\"https:\\\/\\\/www.ip.gov.py\\\/ip\\\/2022\\\/06\\\/22\\\/espana-anuncio-una-nueva-baja-del-iva-a-la-electricidad-para-aliviar-la-inflacion\\\/#primaryimage\"},\"image\":{\"@id\":\"https:\\\/\\\/www.ip.gov.py\\\/ip\\\/2022\\\/06\\\/22\\\/espana-anuncio-una-nueva-baja-del-iva-a-la-electricidad-para-aliviar-la-inflacion\\\/#primaryimage\"},\"thumbnailUrl\":\"https:\\\/\\\/www.ip.gov.py\\\/ip\\\/wp-content\\\/uploads\\\/2022\\\/06\\\/Pedro-Sanchez.jpg\",\"datePublished\":\"2022-06-22T11:44:42+00:00\",\"breadcrumb\":{\"@id\":\"https:\\\/\\\/www.ip.gov.py\\\/ip\\\/2022\\\/06\\\/22\\\/espana-anuncio-una-nueva-baja-del-iva-a-la-electricidad-para-aliviar-la-inflacion\\\/#breadcrumb\"},\"inLanguage\":\"es\",\"potentialAction\":[{\"@type\":\"ReadAction\",\"target\":[\"https:\\\/\\\/www.ip.gov.py\\\/ip\\\/2022\\\/06\\\/22\\\/espana-anuncio-una-nueva-baja-del-iva-a-la-electricidad-para-aliviar-la-inflacion\\\/\"]}]},{\"@type\":\"ImageObject\",\"inLanguage\":\"es\",\"@id\":\"https:\\\/\\\/www.ip.gov.py\\\/ip\\\/2022\\\/06\\\/22\\\/espana-anuncio-una-nueva-baja-del-iva-a-la-electricidad-para-aliviar-la-inflacion\\\/#primaryimage\",\"url\":\"https:\\\/\\\/www.ip.gov.py\\\/ip\\\/wp-content\\\/uploads\\\/2022\\\/06\\\/Pedro-Sanchez.jpg\",\"contentUrl\":\"https:\\\/\\\/www.ip.gov.py\\\/ip\\\/wp-content\\\/uploads\\\/2022\\\/06\\\/Pedro-Sanchez.jpg\",\"width\":900,\"height\":506,\"caption\":\"T\u00e9lam\"},{\"@type\":\"BreadcrumbList\",\"@id\":\"https:\\\/\\\/www.ip.gov.py\\\/ip\\\/2022\\\/06\\\/22\\\/espana-anuncio-una-nueva-baja-del-iva-a-la-electricidad-para-aliviar-la-inflacion\\\/#breadcrumb\",\"itemListElement\":[{\"@type\":\"ListItem\",\"position\":1,\"name\":\"Portada\",\"item\":\"https:\\\/\\\/www.ip.gov.py\\\/ip\\\/\"},{\"@type\":\"ListItem\",\"position\":2,\"name\":\"Espa\u00f1a anunci\u00f3 una nueva baja del IVA a la electricidad para aliviar la inflaci\u00f3n\"}]},{\"@type\":\"WebSite\",\"@id\":\"https:\\\/\\\/www.ip.gov.py\\\/ip\\\/#website\",\"url\":\"https:\\\/\\\/www.ip.gov.py\\\/ip\\\/\",\"name\":\".::Agencia IP::.\",\"description\":\"\",\"publisher\":{\"@id\":\"https:\\\/\\\/www.ip.gov.py\\\/ip\\\/#organization\"},\"potentialAction\":[{\"@type\":\"SearchAction\",\"target\":{\"@type\":\"EntryPoint\",\"urlTemplate\":\"https:\\\/\\\/www.ip.gov.py\\\/ip\\\/?s={search_term_string}\"},\"query-input\":{\"@type\":\"PropertyValueSpecification\",\"valueRequired\":true,\"valueName\":\"search_term_string\"}}],\"inLanguage\":\"es\"},{\"@type\":\"Organization\",\"@id\":\"https:\\\/\\\/www.ip.gov.py\\\/ip\\\/#organization\",\"name\":\"Agencia IP\",\"url\":\"https:\\\/\\\/www.ip.gov.py\\\/ip\\\/\",\"logo\":{\"@type\":\"ImageObject\",\"inLanguage\":\"es\",\"@id\":\"https:\\\/\\\/www.ip.gov.py\\\/ip\\\/#\\\/schema\\\/logo\\\/image\\\/\",\"url\":\"https:\\\/\\\/www.ip.gov.py\\\/ip\\\/wp-content\\\/uploads\\\/2018\\\/01\\\/Agencia-IP.jpg\",\"contentUrl\":\"https:\\\/\\\/www.ip.gov.py\\\/ip\\\/wp-content\\\/uploads\\\/2018\\\/01\\\/Agencia-IP.jpg\",\"width\":150,\"height\":150,\"caption\":\"Agencia IP\"},\"image\":{\"@id\":\"https:\\\/\\\/www.ip.gov.py\\\/ip\\\/#\\\/schema\\\/logo\\\/image\\\/\"},\"sameAs\":[\"https:\\\/\\\/www.facebook.com\\\/IPParaguay\\\/\",\"https:\\\/\\\/x.com\\\/IPParaguay\",\"https:\\\/\\\/www.instagram.com\\\/IPParaguay\"]},{\"@type\":\"Person\",\"@id\":\"https:\\\/\\\/www.ip.gov.py\\\/ip\\\/#\\\/schema\\\/person\\\/fa3668852e893cb0423795330f919039\",\"name\":\"vrios\",\"url\":\"https:\\\/\\\/www.ip.gov.py\\\/ip\\\/author\\\/vrios\\\/\"}]}<\/script>\n<!-- \/ Yoast SEO plugin. -->","yoast_head_json":{"title":"Espa\u00f1a anunci\u00f3 una nueva baja del IVA a la electricidad para aliviar la inflaci\u00f3n - .::Agencia IP::.","robots":{"index":"index","follow":"follow","max-snippet":"max-snippet:-1","max-image-preview":"max-image-preview:large","max-video-preview":"max-video-preview:-1"},"canonical":"https:\/\/www.ip.gov.py\/ip\/2022\/06\/22\/espana-anuncio-una-nueva-baja-del-iva-a-la-electricidad-para-aliviar-la-inflacion\/","og_locale":"es_ES","og_type":"article","og_title":"Espa\u00f1a anunci\u00f3 una nueva baja del IVA a la electricidad para aliviar la inflaci\u00f3n - .::Agencia IP::.","og_description":"Madrid.-El presidente del Gobierno espa\u00f1ol, Pedro S\u00e1nchez, anunci\u00f3 este mi\u00e9rcoles una segunda disminuci\u00f3n del IVA sobre la electricidad en menos de un a\u00f1o, con un tope de 5%, para limitar el impacto de una inflaci\u00f3n r\u00e9cord exacerbada por la guerra en Ucrania.","og_url":"https:\/\/www.ip.gov.py\/ip\/2022\/06\/22\/espana-anuncio-una-nueva-baja-del-iva-a-la-electricidad-para-aliviar-la-inflacion\/","og_site_name":".::Agencia IP::.","article_publisher":"https:\/\/www.facebook.com\/IPParaguay\/","article_published_time":"2022-06-22T11:44:42+00:00","og_image":[{"width":900,"height":506,"url":"https:\/\/www.ip.gov.py\/ip\/wp-content\/uploads\/2022\/06\/Pedro-Sanchez.jpg","type":"image\/jpeg"}],"author":"vrios","twitter_card":"summary_large_image","twitter_creator":"@IPParaguay","twitter_site":"@IPParaguay","twitter_misc":{"Escrito por":"vrios","Tiempo de lectura":"2 minutos"},"schema":{"@context":"https:\/\/schema.org","@graph":[{"@type":"Article","@id":"https:\/\/www.ip.gov.py\/ip\/2022\/06\/22\/espana-anuncio-una-nueva-baja-del-iva-a-la-electricidad-para-aliviar-la-inflacion\/#article","isPartOf":{"@id":"https:\/\/www.ip.gov.py\/ip\/2022\/06\/22\/espana-anuncio-una-nueva-baja-del-iva-a-la-electricidad-para-aliviar-la-inflacion\/"},"author":{"name":"vrios","@id":"https:\/\/www.ip.gov.py\/ip\/#\/schema\/person\/fa3668852e893cb0423795330f919039"},"headline":"Espa\u00f1a anunci\u00f3 una nueva baja del IVA a la electricidad para aliviar la inflaci\u00f3n","datePublished":"2022-06-22T11:44:42+00:00","mainEntityOfPage":{"@id":"https:\/\/www.ip.gov.py\/ip\/2022\/06\/22\/espana-anuncio-una-nueva-baja-del-iva-a-la-electricidad-para-aliviar-la-inflacion\/"},"wordCount":441,"publisher":{"@id":"https:\/\/www.ip.gov.py\/ip\/#organization"},"image":{"@id":"https:\/\/www.ip.gov.py\/ip\/2022\/06\/22\/espana-anuncio-una-nueva-baja-del-iva-a-la-electricidad-para-aliviar-la-inflacion\/#primaryimage"},"thumbnailUrl":"https:\/\/www.ip.gov.py\/ip\/wp-content\/uploads\/2022\/06\/Pedro-Sanchez.jpg","keywords":["electricidad","Espa\u00f1a","inflaci\u00f3n","medidas","Pedro S\u00e1nchez"],"articleSection":["Internacionales"],"inLanguage":"es"},{"@type":"WebPage","@id":"https:\/\/www.ip.gov.py\/ip\/2022\/06\/22\/espana-anuncio-una-nueva-baja-del-iva-a-la-electricidad-para-aliviar-la-inflacion\/","url":"https:\/\/www.ip.gov.py\/ip\/2022\/06\/22\/espana-anuncio-una-nueva-baja-del-iva-a-la-electricidad-para-aliviar-la-inflacion\/","name":"Espa\u00f1a anunci\u00f3 una nueva baja del IVA a la electricidad para aliviar la inflaci\u00f3n - .::Agencia IP::.","isPartOf":{"@id":"https:\/\/www.ip.gov.py\/ip\/#website"},"primaryImageOfPage":{"@id":"https:\/\/www.ip.gov.py\/ip\/2022\/06\/22\/espana-anuncio-una-nueva-baja-del-iva-a-la-electricidad-para-aliviar-la-inflacion\/#primaryimage"},"image":{"@id":"https:\/\/www.ip.gov.py\/ip\/2022\/06\/22\/espana-anuncio-una-nueva-baja-del-iva-a-la-electricidad-para-aliviar-la-inflacion\/#primaryimage"},"thumbnailUrl":"https:\/\/www.ip.gov.py\/ip\/wp-content\/uploads\/2022\/06\/Pedro-Sanchez.jpg","datePublished":"2022-06-22T11:44:42+00:00","breadcrumb":{"@id":"https:\/\/www.ip.gov.py\/ip\/2022\/06\/22\/espana-anuncio-una-nueva-baja-del-iva-a-la-electricidad-para-aliviar-la-inflacion\/#breadcrumb"},"inLanguage":"es","potentialAction":[{"@type":"ReadAction","target":["https:\/\/www.ip.gov.py\/ip\/2022\/06\/22\/espana-anuncio-una-nueva-baja-del-iva-a-la-electricidad-para-aliviar-la-inflacion\/"]}]},{"@type":"ImageObject","inLanguage":"es","@id":"https:\/\/www.ip.gov.py\/ip\/2022\/06\/22\/espana-anuncio-una-nueva-baja-del-iva-a-la-electricidad-para-aliviar-la-inflacion\/#primaryimage","url":"https:\/\/www.ip.gov.py\/ip\/wp-content\/uploads\/2022\/06\/Pedro-Sanchez.jpg","contentUrl":"https:\/\/www.ip.gov.py\/ip\/wp-content\/uploads\/2022\/06\/Pedro-Sanchez.jpg","width":900,"height":506,"caption":"T\u00e9lam"},{"@type":"BreadcrumbList","@id":"https:\/\/www.ip.gov.py\/ip\/2022\/06\/22\/espana-anuncio-una-nueva-baja-del-iva-a-la-electricidad-para-aliviar-la-inflacion\/#breadcrumb","itemListElement":[{"@type":"ListItem","position":1,"name":"Portada","item":"https:\/\/www.ip.gov.py\/ip\/"},{"@type":"ListItem","position":2,"name":"Espa\u00f1a anunci\u00f3 una nueva baja del IVA a la electricidad para aliviar la inflaci\u00f3n"}]},{"@type":"WebSite","@id":"https:\/\/www.ip.gov.py\/ip\/#website","url":"https:\/\/www.ip.gov.py\/ip\/","name":".::Agencia IP::.","description":"","publisher":{"@id":"https:\/\/www.ip.gov.py\/ip\/#organization"},"potentialAction":[{"@type":"SearchAction","target":{"@type":"EntryPoint","urlTemplate":"https:\/\/www.ip.gov.py\/ip\/?s={search_term_string}"},"query-input":{"@type":"PropertyValueSpecification","valueRequired":true,"valueName":"search_term_string"}}],"inLanguage":"es"},{"@type":"Organization","@id":"https:\/\/www.ip.gov.py\/ip\/#organization","name":"Agencia IP","url":"https:\/\/www.ip.gov.py\/ip\/","logo":{"@type":"ImageObject","inLanguage":"es","@id":"https:\/\/www.ip.gov.py\/ip\/#\/schema\/logo\/image\/","url":"https:\/\/www.ip.gov.py\/ip\/wp-content\/uploads\/2018\/01\/Agencia-IP.jpg","contentUrl":"https:\/\/www.ip.gov.py\/ip\/wp-content\/uploads\/2018\/01\/Agencia-IP.jpg","width":150,"height":150,"caption":"Agencia IP"},"image":{"@id":"https:\/\/www.ip.gov.py\/ip\/#\/schema\/logo\/image\/"},"sameAs":["https:\/\/www.facebook.com\/IPParaguay\/","https:\/\/x.com\/IPParaguay","https:\/\/www.instagram.com\/IPParaguay"]},{"@type":"Person","@id":"https:\/\/www.ip.gov.py\/ip\/#\/schema\/person\/fa3668852e893cb0423795330f919039","name":"vrios","url":"https:\/\/www.ip.gov.py\/ip\/author\/vrios\/"}]}},"_links":{"self":[{"href":"https:\/\/www.ip.gov.py\/ip\/wp-json\/wp\/v2\/posts\/420984","targetHints":{"allow":["GET"]}}],"collection":[{"href":"https:\/\/www.ip.gov.py\/ip\/wp-json\/wp\/v2\/posts"}],"about":[{"href":"https:\/\/www.ip.gov.py\/ip\/wp-json\/wp\/v2\/types\/post"}],"author":[{"embeddable":true,"href":"https:\/\/www.ip.gov.py\/ip\/wp-json\/wp\/v2\/users\/11"}],"replies":[{"embeddable":true,"href":"https:\/\/www.ip.gov.py\/ip\/wp-json\/wp\/v2\/comments?post=420984"}],"version-history":[{"count":0,"href":"https:\/\/www.ip.gov.py\/ip\/wp-json\/wp\/v2\/posts\/420984\/revisions"}],"wp:featuredmedia":[{"embeddable":true,"href":"https:\/\/www.ip.gov.py\/ip\/wp-json\/wp\/v2\/media\/420985"}],"wp:attachment":[{"href":"https:\/\/www.ip.gov.py\/ip\/wp-json\/wp\/v2\/media?parent=420984"}],"wp:term":[{"taxonomy":"category","embeddable":true,"href":"https:\/\/www.ip.gov.py\/ip\/wp-json\/wp\/v2\/categories?post=420984"},{"taxonomy":"post_tag","embeddable":true,"href":"https:\/\/www.ip.gov.py\/ip\/wp-json\/wp\/v2\/tags?post=420984"}],"curies":[{"name":"wp","href":"https:\/\/api.w.org\/{rel}","templated":true}]}}