{"id":421124,"date":"2022-06-22T12:50:43","date_gmt":"2022-06-22T16:50:43","guid":{"rendered":"https:\/\/www.ip.gov.py\/ip\/?p=421124"},"modified":"2022-06-22T12:50:43","modified_gmt":"2022-06-22T16:50:43","slug":"petro-reabrira-la-frontera-con-venezuela","status":"publish","type":"post","link":"https:\/\/www.ip.gov.py\/ip\/2022\/06\/22\/petro-reabrira-la-frontera-con-venezuela\/","title":{"rendered":"Petro reabrir\u00e1 la frontera con Venezuela"},"content":{"rendered":"<p style=\"text-align: justify;\"><em><strong>Bogot\u00e1.-<\/strong><\/em>El presidente electo de Colombia, Gustavo Petro, anunci\u00f3 este mi\u00e9rcoles que reabrir\u00e1 la frontera con Venezuela luego de una charla con el Gobierno de Caracas para restablecer el tr\u00e1nsito por esa zona.<!--more--><\/p>\n<p style=\"text-align: justify;\">\u00abMe he comunicado con el Gobierno venezolano para abrir las fronteras y restablecer el pleno ejercicio de los derechos humanos en la frontera\u00bb, afirm\u00f3 en Twitter Petro, que el domingo se impuso en el balotaje a Rodolfo Hern\u00e1ndez y a partir del 7 de agosto, cuando asuma el cargo, ser\u00e1 el primer presidente de izquierda en el pa\u00eds.<\/p>\n<p style=\"text-align: justify;\">Durante la campa\u00f1a presidencial, tanto el candidato del Pacto Hist\u00f3rico con el de la Liga de Gobernantes Anticorrupci\u00f3n hab\u00edan anunciado que iban a restablecer las relaciones con Venezuela<\/p>\n<p style=\"text-align: justify;\">Por su parte, el presidente venezolano, Nicol\u00e1s Maduro, hab\u00eda dicho antes de la segunda vuelta que \u00abgane quien gane\u00bb confiaba en recomponer el v\u00ednculo con el pa\u00eds vecino.<\/p>\n<p style=\"text-align: justify;\">Caracas y Bogot\u00e1 tienen v\u00ednculos tirantes desde hace a\u00f1os. En 2015, el gobierno de Maduro orden\u00f3 cerrar la frontera tras denunciar una \u00abemboscada\u00bb a militares venezolanos, lo que cort\u00f3 el flujo comercial entre ambos pa\u00edses, que comparten una extensa frontera terrestre de unos 2.200 kil\u00f3metros.<\/p>\n<p style=\"text-align: justify;\">En octubre \u00faltimo, Venezuela anunci\u00f3 la \u00abapertura comercial\u00bb de su frontera en el estado T\u00e1chira, aunque el paso se mantiene restringido y se endurece seg\u00fan las tensiones entre ambos gobiernos.<\/p>\n<p style=\"text-align: justify;\">Este paso binacional, el m\u00e1s importante del pa\u00eds, fue cerrado en febrero de 2019 tras un fallido ingreso de ayuda humanitaria encabezado por el l\u00edder opositor Juan Guaid\u00f3, a quien el Gobierno de Iv\u00e1n Duque reconoce \u2013igual que otros pa\u00edses- como presidente encargado de Venezuela.<\/p>\n<p style=\"text-align: justify;\">Maduro denunci\u00f3 entonces el hecho como un intento de \u00abinvasi\u00f3n\u00bb extranjera, rompi\u00f3 relaciones diplom\u00e1ticas con Bogot\u00e1 por su reconocimiento a Guaid\u00f3 y cort\u00f3 incluso el paso peatonal.T\u00e9lam.<\/p>\n","protected":false},"excerpt":{"rendered":"<p>Bogot\u00e1.-El presidente electo de Colombia, Gustavo Petro, anunci\u00f3 este mi\u00e9rcoles que reabrir\u00e1 la frontera con Venezuela luego de una charla con el Gobierno de Caracas para restablecer el tr\u00e1nsito por esa zona.<\/p>\n","protected":false},"author":11,"featured_media":421127,"comment_status":"closed","ping_status":"closed","sticky":false,"template":"","format":"standard","meta":{"_monsterinsights_skip_tracking":false,"_monsterinsights_sitenote_active":false,"_monsterinsights_sitenote_note":"","_monsterinsights_sitenote_category":0,"footnotes":""},"categories":[5],"tags":[5261,536,764,11295,495,64],"class_list":{"0":"post-421124","1":"post","2":"type-post","3":"status-publish","4":"format-standard","5":"has-post-thumbnail","7":"category-internacionales","8":"tag-apertura","9":"tag-colombia","10":"tag-frontera","11":"tag-petro","12":"tag-presidente","13":"tag-venezuela"},"yoast_head":"<!-- This site is optimized with the Yoast SEO plugin v27.5 - https:\/\/yoast.com\/product\/yoast-seo-wordpress\/ -->\n<title>Petro reabrir\u00e1 la frontera con Venezuela - .::Agencia IP::.<\/title>\n<meta name=\"robots\" content=\"index, follow, max-snippet:-1, max-image-preview:large, max-video-preview:-1\" \/>\n<link rel=\"canonical\" href=\"https:\/\/www.ip.gov.py\/ip\/2022\/06\/22\/petro-reabrira-la-frontera-con-venezuela\/\" \/>\n<meta property=\"og:locale\" content=\"es_ES\" \/>\n<meta property=\"og:type\" content=\"article\" \/>\n<meta property=\"og:title\" content=\"Petro reabrir\u00e1 la frontera con Venezuela - .::Agencia IP::.\" \/>\n<meta property=\"og:description\" content=\"Bogot\u00e1.-El presidente electo de Colombia, Gustavo Petro, anunci\u00f3 este mi\u00e9rcoles que reabrir\u00e1 la frontera con Venezuela luego de una charla con el Gobierno de Caracas para restablecer el tr\u00e1nsito por esa zona.\" \/>\n<meta property=\"og:url\" content=\"https:\/\/www.ip.gov.py\/ip\/2022\/06\/22\/petro-reabrira-la-frontera-con-venezuela\/\" \/>\n<meta property=\"og:site_name\" content=\".::Agencia IP::.\" \/>\n<meta property=\"article:publisher\" content=\"https:\/\/www.facebook.com\/IPParaguay\/\" \/>\n<meta property=\"article:published_time\" content=\"2022-06-22T16:50:43+00:00\" \/>\n<meta property=\"og:image\" content=\"https:\/\/www.ip.gov.py\/ip\/wp-content\/uploads\/2022\/06\/Frontera.jpg\" \/>\n\t<meta property=\"og:image:width\" content=\"900\" \/>\n\t<meta property=\"og:image:height\" content=\"506\" \/>\n\t<meta property=\"og:image:type\" content=\"image\/jpeg\" \/>\n<meta name=\"author\" content=\"vrios\" \/>\n<meta name=\"twitter:card\" content=\"summary_large_image\" \/>\n<meta name=\"twitter:creator\" content=\"@IPParaguay\" \/>\n<meta name=\"twitter:site\" content=\"@IPParaguay\" \/>\n<meta name=\"twitter:label1\" content=\"Escrito por\" \/>\n\t<meta name=\"twitter:data1\" content=\"vrios\" \/>\n\t<meta name=\"twitter:label2\" content=\"Tiempo de lectura\" \/>\n\t<meta name=\"twitter:data2\" content=\"2 minutos\" \/>\n<script type=\"application\/ld+json\" class=\"yoast-schema-graph\">{\"@context\":\"https:\\\/\\\/schema.org\",\"@graph\":[{\"@type\":\"Article\",\"@id\":\"https:\\\/\\\/www.ip.gov.py\\\/ip\\\/2022\\\/06\\\/22\\\/petro-reabrira-la-frontera-con-venezuela\\\/#article\",\"isPartOf\":{\"@id\":\"https:\\\/\\\/www.ip.gov.py\\\/ip\\\/2022\\\/06\\\/22\\\/petro-reabrira-la-frontera-con-venezuela\\\/\"},\"author\":{\"name\":\"vrios\",\"@id\":\"https:\\\/\\\/www.ip.gov.py\\\/ip\\\/#\\\/schema\\\/person\\\/fa3668852e893cb0423795330f919039\"},\"headline\":\"Petro reabrir\u00e1 la frontera con Venezuela\",\"datePublished\":\"2022-06-22T16:50:43+00:00\",\"mainEntityOfPage\":{\"@id\":\"https:\\\/\\\/www.ip.gov.py\\\/ip\\\/2022\\\/06\\\/22\\\/petro-reabrira-la-frontera-con-venezuela\\\/\"},\"wordCount\":324,\"publisher\":{\"@id\":\"https:\\\/\\\/www.ip.gov.py\\\/ip\\\/#organization\"},\"image\":{\"@id\":\"https:\\\/\\\/www.ip.gov.py\\\/ip\\\/2022\\\/06\\\/22\\\/petro-reabrira-la-frontera-con-venezuela\\\/#primaryimage\"},\"thumbnailUrl\":\"https:\\\/\\\/www.ip.gov.py\\\/ip\\\/wp-content\\\/uploads\\\/2022\\\/06\\\/Frontera.jpg\",\"keywords\":[\"Apertura\",\"colombia\",\"frontera\",\"Petro\",\"presidente\",\"Venezuela\"],\"articleSection\":[\"Internacionales\"],\"inLanguage\":\"es\"},{\"@type\":\"WebPage\",\"@id\":\"https:\\\/\\\/www.ip.gov.py\\\/ip\\\/2022\\\/06\\\/22\\\/petro-reabrira-la-frontera-con-venezuela\\\/\",\"url\":\"https:\\\/\\\/www.ip.gov.py\\\/ip\\\/2022\\\/06\\\/22\\\/petro-reabrira-la-frontera-con-venezuela\\\/\",\"name\":\"Petro reabrir\u00e1 la frontera con Venezuela - .::Agencia IP::.\",\"isPartOf\":{\"@id\":\"https:\\\/\\\/www.ip.gov.py\\\/ip\\\/#website\"},\"primaryImageOfPage\":{\"@id\":\"https:\\\/\\\/www.ip.gov.py\\\/ip\\\/2022\\\/06\\\/22\\\/petro-reabrira-la-frontera-con-venezuela\\\/#primaryimage\"},\"image\":{\"@id\":\"https:\\\/\\\/www.ip.gov.py\\\/ip\\\/2022\\\/06\\\/22\\\/petro-reabrira-la-frontera-con-venezuela\\\/#primaryimage\"},\"thumbnailUrl\":\"https:\\\/\\\/www.ip.gov.py\\\/ip\\\/wp-content\\\/uploads\\\/2022\\\/06\\\/Frontera.jpg\",\"datePublished\":\"2022-06-22T16:50:43+00:00\",\"breadcrumb\":{\"@id\":\"https:\\\/\\\/www.ip.gov.py\\\/ip\\\/2022\\\/06\\\/22\\\/petro-reabrira-la-frontera-con-venezuela\\\/#breadcrumb\"},\"inLanguage\":\"es\",\"potentialAction\":[{\"@type\":\"ReadAction\",\"target\":[\"https:\\\/\\\/www.ip.gov.py\\\/ip\\\/2022\\\/06\\\/22\\\/petro-reabrira-la-frontera-con-venezuela\\\/\"]}]},{\"@type\":\"ImageObject\",\"inLanguage\":\"es\",\"@id\":\"https:\\\/\\\/www.ip.gov.py\\\/ip\\\/2022\\\/06\\\/22\\\/petro-reabrira-la-frontera-con-venezuela\\\/#primaryimage\",\"url\":\"https:\\\/\\\/www.ip.gov.py\\\/ip\\\/wp-content\\\/uploads\\\/2022\\\/06\\\/Frontera.jpg\",\"contentUrl\":\"https:\\\/\\\/www.ip.gov.py\\\/ip\\\/wp-content\\\/uploads\\\/2022\\\/06\\\/Frontera.jpg\",\"width\":900,\"height\":506,\"caption\":\"T\u00e9lam\"},{\"@type\":\"BreadcrumbList\",\"@id\":\"https:\\\/\\\/www.ip.gov.py\\\/ip\\\/2022\\\/06\\\/22\\\/petro-reabrira-la-frontera-con-venezuela\\\/#breadcrumb\",\"itemListElement\":[{\"@type\":\"ListItem\",\"position\":1,\"name\":\"Portada\",\"item\":\"https:\\\/\\\/www.ip.gov.py\\\/ip\\\/\"},{\"@type\":\"ListItem\",\"position\":2,\"name\":\"Petro reabrir\u00e1 la frontera con Venezuela\"}]},{\"@type\":\"WebSite\",\"@id\":\"https:\\\/\\\/www.ip.gov.py\\\/ip\\\/#website\",\"url\":\"https:\\\/\\\/www.ip.gov.py\\\/ip\\\/\",\"name\":\".::Agencia IP::.\",\"description\":\"\",\"publisher\":{\"@id\":\"https:\\\/\\\/www.ip.gov.py\\\/ip\\\/#organization\"},\"potentialAction\":[{\"@type\":\"SearchAction\",\"target\":{\"@type\":\"EntryPoint\",\"urlTemplate\":\"https:\\\/\\\/www.ip.gov.py\\\/ip\\\/?s={search_term_string}\"},\"query-input\":{\"@type\":\"PropertyValueSpecification\",\"valueRequired\":true,\"valueName\":\"search_term_string\"}}],\"inLanguage\":\"es\"},{\"@type\":\"Organization\",\"@id\":\"https:\\\/\\\/www.ip.gov.py\\\/ip\\\/#organization\",\"name\":\"Agencia IP\",\"url\":\"https:\\\/\\\/www.ip.gov.py\\\/ip\\\/\",\"logo\":{\"@type\":\"ImageObject\",\"inLanguage\":\"es\",\"@id\":\"https:\\\/\\\/www.ip.gov.py\\\/ip\\\/#\\\/schema\\\/logo\\\/image\\\/\",\"url\":\"https:\\\/\\\/www.ip.gov.py\\\/ip\\\/wp-content\\\/uploads\\\/2018\\\/01\\\/Agencia-IP.jpg\",\"contentUrl\":\"https:\\\/\\\/www.ip.gov.py\\\/ip\\\/wp-content\\\/uploads\\\/2018\\\/01\\\/Agencia-IP.jpg\",\"width\":150,\"height\":150,\"caption\":\"Agencia IP\"},\"image\":{\"@id\":\"https:\\\/\\\/www.ip.gov.py\\\/ip\\\/#\\\/schema\\\/logo\\\/image\\\/\"},\"sameAs\":[\"https:\\\/\\\/www.facebook.com\\\/IPParaguay\\\/\",\"https:\\\/\\\/x.com\\\/IPParaguay\",\"https:\\\/\\\/www.instagram.com\\\/IPParaguay\"]},{\"@type\":\"Person\",\"@id\":\"https:\\\/\\\/www.ip.gov.py\\\/ip\\\/#\\\/schema\\\/person\\\/fa3668852e893cb0423795330f919039\",\"name\":\"vrios\",\"url\":\"https:\\\/\\\/www.ip.gov.py\\\/ip\\\/author\\\/vrios\\\/\"}]}<\/script>\n<!-- \/ Yoast SEO plugin. -->","yoast_head_json":{"title":"Petro reabrir\u00e1 la frontera con Venezuela - .::Agencia IP::.","robots":{"index":"index","follow":"follow","max-snippet":"max-snippet:-1","max-image-preview":"max-image-preview:large","max-video-preview":"max-video-preview:-1"},"canonical":"https:\/\/www.ip.gov.py\/ip\/2022\/06\/22\/petro-reabrira-la-frontera-con-venezuela\/","og_locale":"es_ES","og_type":"article","og_title":"Petro reabrir\u00e1 la frontera con Venezuela - .::Agencia IP::.","og_description":"Bogot\u00e1.-El presidente electo de Colombia, Gustavo Petro, anunci\u00f3 este mi\u00e9rcoles que reabrir\u00e1 la frontera con Venezuela luego de una charla con el Gobierno de Caracas para restablecer el tr\u00e1nsito por esa zona.","og_url":"https:\/\/www.ip.gov.py\/ip\/2022\/06\/22\/petro-reabrira-la-frontera-con-venezuela\/","og_site_name":".::Agencia IP::.","article_publisher":"https:\/\/www.facebook.com\/IPParaguay\/","article_published_time":"2022-06-22T16:50:43+00:00","og_image":[{"width":900,"height":506,"url":"https:\/\/www.ip.gov.py\/ip\/wp-content\/uploads\/2022\/06\/Frontera.jpg","type":"image\/jpeg"}],"author":"vrios","twitter_card":"summary_large_image","twitter_creator":"@IPParaguay","twitter_site":"@IPParaguay","twitter_misc":{"Escrito por":"vrios","Tiempo de lectura":"2 minutos"},"schema":{"@context":"https:\/\/schema.org","@graph":[{"@type":"Article","@id":"https:\/\/www.ip.gov.py\/ip\/2022\/06\/22\/petro-reabrira-la-frontera-con-venezuela\/#article","isPartOf":{"@id":"https:\/\/www.ip.gov.py\/ip\/2022\/06\/22\/petro-reabrira-la-frontera-con-venezuela\/"},"author":{"name":"vrios","@id":"https:\/\/www.ip.gov.py\/ip\/#\/schema\/person\/fa3668852e893cb0423795330f919039"},"headline":"Petro reabrir\u00e1 la frontera con Venezuela","datePublished":"2022-06-22T16:50:43+00:00","mainEntityOfPage":{"@id":"https:\/\/www.ip.gov.py\/ip\/2022\/06\/22\/petro-reabrira-la-frontera-con-venezuela\/"},"wordCount":324,"publisher":{"@id":"https:\/\/www.ip.gov.py\/ip\/#organization"},"image":{"@id":"https:\/\/www.ip.gov.py\/ip\/2022\/06\/22\/petro-reabrira-la-frontera-con-venezuela\/#primaryimage"},"thumbnailUrl":"https:\/\/www.ip.gov.py\/ip\/wp-content\/uploads\/2022\/06\/Frontera.jpg","keywords":["Apertura","colombia","frontera","Petro","presidente","Venezuela"],"articleSection":["Internacionales"],"inLanguage":"es"},{"@type":"WebPage","@id":"https:\/\/www.ip.gov.py\/ip\/2022\/06\/22\/petro-reabrira-la-frontera-con-venezuela\/","url":"https:\/\/www.ip.gov.py\/ip\/2022\/06\/22\/petro-reabrira-la-frontera-con-venezuela\/","name":"Petro reabrir\u00e1 la frontera con Venezuela - .::Agencia IP::.","isPartOf":{"@id":"https:\/\/www.ip.gov.py\/ip\/#website"},"primaryImageOfPage":{"@id":"https:\/\/www.ip.gov.py\/ip\/2022\/06\/22\/petro-reabrira-la-frontera-con-venezuela\/#primaryimage"},"image":{"@id":"https:\/\/www.ip.gov.py\/ip\/2022\/06\/22\/petro-reabrira-la-frontera-con-venezuela\/#primaryimage"},"thumbnailUrl":"https:\/\/www.ip.gov.py\/ip\/wp-content\/uploads\/2022\/06\/Frontera.jpg","datePublished":"2022-06-22T16:50:43+00:00","breadcrumb":{"@id":"https:\/\/www.ip.gov.py\/ip\/2022\/06\/22\/petro-reabrira-la-frontera-con-venezuela\/#breadcrumb"},"inLanguage":"es","potentialAction":[{"@type":"ReadAction","target":["https:\/\/www.ip.gov.py\/ip\/2022\/06\/22\/petro-reabrira-la-frontera-con-venezuela\/"]}]},{"@type":"ImageObject","inLanguage":"es","@id":"https:\/\/www.ip.gov.py\/ip\/2022\/06\/22\/petro-reabrira-la-frontera-con-venezuela\/#primaryimage","url":"https:\/\/www.ip.gov.py\/ip\/wp-content\/uploads\/2022\/06\/Frontera.jpg","contentUrl":"https:\/\/www.ip.gov.py\/ip\/wp-content\/uploads\/2022\/06\/Frontera.jpg","width":900,"height":506,"caption":"T\u00e9lam"},{"@type":"BreadcrumbList","@id":"https:\/\/www.ip.gov.py\/ip\/2022\/06\/22\/petro-reabrira-la-frontera-con-venezuela\/#breadcrumb","itemListElement":[{"@type":"ListItem","position":1,"name":"Portada","item":"https:\/\/www.ip.gov.py\/ip\/"},{"@type":"ListItem","position":2,"name":"Petro reabrir\u00e1 la frontera con Venezuela"}]},{"@type":"WebSite","@id":"https:\/\/www.ip.gov.py\/ip\/#website","url":"https:\/\/www.ip.gov.py\/ip\/","name":".::Agencia IP::.","description":"","publisher":{"@id":"https:\/\/www.ip.gov.py\/ip\/#organization"},"potentialAction":[{"@type":"SearchAction","target":{"@type":"EntryPoint","urlTemplate":"https:\/\/www.ip.gov.py\/ip\/?s={search_term_string}"},"query-input":{"@type":"PropertyValueSpecification","valueRequired":true,"valueName":"search_term_string"}}],"inLanguage":"es"},{"@type":"Organization","@id":"https:\/\/www.ip.gov.py\/ip\/#organization","name":"Agencia IP","url":"https:\/\/www.ip.gov.py\/ip\/","logo":{"@type":"ImageObject","inLanguage":"es","@id":"https:\/\/www.ip.gov.py\/ip\/#\/schema\/logo\/image\/","url":"https:\/\/www.ip.gov.py\/ip\/wp-content\/uploads\/2018\/01\/Agencia-IP.jpg","contentUrl":"https:\/\/www.ip.gov.py\/ip\/wp-content\/uploads\/2018\/01\/Agencia-IP.jpg","width":150,"height":150,"caption":"Agencia IP"},"image":{"@id":"https:\/\/www.ip.gov.py\/ip\/#\/schema\/logo\/image\/"},"sameAs":["https:\/\/www.facebook.com\/IPParaguay\/","https:\/\/x.com\/IPParaguay","https:\/\/www.instagram.com\/IPParaguay"]},{"@type":"Person","@id":"https:\/\/www.ip.gov.py\/ip\/#\/schema\/person\/fa3668852e893cb0423795330f919039","name":"vrios","url":"https:\/\/www.ip.gov.py\/ip\/author\/vrios\/"}]}},"_links":{"self":[{"href":"https:\/\/www.ip.gov.py\/ip\/wp-json\/wp\/v2\/posts\/421124","targetHints":{"allow":["GET"]}}],"collection":[{"href":"https:\/\/www.ip.gov.py\/ip\/wp-json\/wp\/v2\/posts"}],"about":[{"href":"https:\/\/www.ip.gov.py\/ip\/wp-json\/wp\/v2\/types\/post"}],"author":[{"embeddable":true,"href":"https:\/\/www.ip.gov.py\/ip\/wp-json\/wp\/v2\/users\/11"}],"replies":[{"embeddable":true,"href":"https:\/\/www.ip.gov.py\/ip\/wp-json\/wp\/v2\/comments?post=421124"}],"version-history":[{"count":0,"href":"https:\/\/www.ip.gov.py\/ip\/wp-json\/wp\/v2\/posts\/421124\/revisions"}],"wp:featuredmedia":[{"embeddable":true,"href":"https:\/\/www.ip.gov.py\/ip\/wp-json\/wp\/v2\/media\/421127"}],"wp:attachment":[{"href":"https:\/\/www.ip.gov.py\/ip\/wp-json\/wp\/v2\/media?parent=421124"}],"wp:term":[{"taxonomy":"category","embeddable":true,"href":"https:\/\/www.ip.gov.py\/ip\/wp-json\/wp\/v2\/categories?post=421124"},{"taxonomy":"post_tag","embeddable":true,"href":"https:\/\/www.ip.gov.py\/ip\/wp-json\/wp\/v2\/tags?post=421124"}],"curies":[{"name":"wp","href":"https:\/\/api.w.org\/{rel}","templated":true}]}}