{"id":421837,"date":"2022-06-28T12:20:29","date_gmt":"2022-06-28T16:20:29","guid":{"rendered":"https:\/\/www.ip.gov.py\/ip\/?p=421837"},"modified":"2022-06-28T12:20:29","modified_gmt":"2022-06-28T16:20:29","slug":"paraguay-sera-sede-del-5-o-encuentro-panamericano-de-jovenes-lecheros","status":"publish","type":"post","link":"https:\/\/www.ip.gov.py\/ip\/2022\/06\/28\/paraguay-sera-sede-del-5-o-encuentro-panamericano-de-jovenes-lecheros\/","title":{"rendered":"Paraguay ser\u00e1 sede del 5.\u00ba Encuentro Panamericano de J\u00f3venes Lecheros"},"content":{"rendered":"<p style=\"text-align: justify;\"><em><strong>Asunci\u00f3n, Agencia IP.-<\/strong> <\/em>La C\u00e1mara Paraguaya de Industriales L\u00e1cteos (Capainlac) inform\u00f3 que el 5.\u00ba Encuentro Panamericano de J\u00f3venes Lecheros, tendr\u00e1 como sede a Paraguay el a\u00f1o pr\u00f3ximo.<!--more--><\/p>\n<p style=\"text-align: justify;\">El anuncio fue dado en el marco de un brindis por el D\u00eda Mundial de la Leche realizado este s\u00e1bado 25 de junio, durante la Feria de la Cooprolanda, en J. Eulogio Estigarribia, departamento de Caaguaz\u00fa.<\/p>\n<p style=\"text-align: justify;\">M\u00e1s de 200 j\u00f3venes de Am\u00e9rica Latina participar\u00e1n del 5.\u00ba Encuentro Panamericano de J\u00f3venes Lecheros, un evento que se realiza cada dos a\u00f1os con el prop\u00f3sito de generar un espacio donde integrar a la nueva generaci\u00f3n de productores vinculados al sector l\u00e1cteo de la regi\u00f3n y promover el intercambio de experiencias y conocimientos.<\/p>\n<p style=\"text-align: justify;\">Paraguay ser\u00e1 la sede de la edici\u00f3n 2023, cuya organizaci\u00f3n est\u00e1 a cargo de la Federaci\u00f3n Panamericana de Lecher\u00eda (Fepale) y la C\u00e1mara Paraguaya de Industriales L\u00e1cteos (Capainlac), con el apoyo de la Asociaci\u00f3n Paraguaya de Productores de Leche y Criadores de Razas Lecheras (Aprole), el Viceministerio de Ganader\u00eda y el Servicio Nacional de Calidad y Salud Animal (Senacsa).<\/p>\n<p style=\"text-align: justify;\">\u201cEl sector l\u00e1cteo, as\u00ed como otros rubros agropecuarios, est\u00e1 pasando por momentos muy dif\u00edciles por la suba de los insumos y el combustible, y por las consecuencias que dej\u00f3 la mayor sequ\u00eda que sufrimos en los \u00faltimos a\u00f1os. Todo esto, en lugar de desanimar a los actores del quehacer lechero nacional, nos motiva a seguir trabajando en conjunto para superar las adversidades\u201d, dijo Erno Becker, presidente de la Capainlac, durante el encuentro realizado en la Feria de la Cooprolanda.<\/p>\n<p style=\"text-align: justify;\">En ese desafiante contexto, impulsar el relevo generacional en el campo y, m\u00e1s espec\u00edficamente, en el sector l\u00e1cteo, es fundamental para el pa\u00eds y la regi\u00f3n. Por eso Becker subray\u00f3 la importancia de reunir a los j\u00f3venes productores en torno a este encuentro panamericano, en el cual abordar\u00e1n inquietudes comunes como el recambio e integraci\u00f3n generacional en la producci\u00f3n de leche, la sucesi\u00f3n en las fincas, la migraci\u00f3n a la ciudad y la participaci\u00f3n de los j\u00f3venes en las organizaciones y entidades lecheras, entre otros temas que ser\u00e1n guiados por especialistas del sector l\u00e1cteo.<\/p>\n<h4 style=\"text-align: justify;\"><strong>Tres ciudades sedes<\/strong><\/h4>\n<p style=\"text-align: justify;\">La edici\u00f3n 2023, prevista para octubre, tendr\u00e1 tres ciudades sedes: J. Eulogio Estigarribia (ex Campo 9), donde se realizar\u00e1n las charlas y giras t\u00e9cnicas; Ciudad del Este, centro de las actividades recreativas que se pondr\u00e1n en marcha con el apoyo de la Secretar\u00eda Nacional de Turismo (Senatur); y Asunci\u00f3n, punto de encuentro de los participantes provenientes de pa\u00edses como Argentina, Brasil, Chile, Colombia, Costa Rica, Ecuador, El Salvador, Guatemala, Honduras, Panam\u00e1 y Uruguay, adem\u00e1s de Paraguay.<\/p>\n<p style=\"text-align: justify;\">Para formar parte de este evento, los j\u00f3venes productores l\u00e1cteos deben inscribirse en la p\u00e1gina web de la Capainlac <strong><a href=\"https:\/\/capainlac.com.py\/\" target=\"_blank\" rel=\"noopener\">www.capainlac.com.py<\/a><\/strong>. Las inscripciones se habilitar\u00e1n en octubre del 2022. Participan j\u00f3venes del sector ganadero<\/p>\n<p style=\"text-align: justify;\">Como parte del lanzamiento del Encuentro Panamericano de J\u00f3venes Lecheros, la Capainlac anunci\u00f3 que realizar\u00e1 un concurso de creaci\u00f3n del logo del evento, cuyos datos se dar\u00e1n a conocer pr\u00f3ximamente. Esta iniciativa y otras actividades de organizaci\u00f3n y difusi\u00f3n del congreso cuentan con la ayuda de la Comisi\u00f3n Nacional de J\u00f3venes Lecheros.<\/p>\n<p style=\"text-align: justify;\">Como cierre, se realiz\u00f3 un brindis para recordar el D\u00eda Mundial de la Leche, proclamada el 1 de junio por la Organizaci\u00f3n de las Naciones Unidas para la Agricultura y la Alimentaci\u00f3n (FAO), con el objetivo de incentivar el consumo de leche y tratar cuestiones relacionadas con el sector lechero en todo el mundo.<\/p>\n<p style=\"text-align: justify;\">En el \u00e1mbito nacional, Becker afirm\u00f3 que el desaf\u00edo principal del sector es potenciar la implementaci\u00f3n del Plan Estrat\u00e9gico de la Cadena L\u00e1ctea que est\u00e1 bajo la coordinaci\u00f3n de la Comisi\u00f3n Interinstitucional de Competitividad L\u00e1ctea, en el marco de una asociaci\u00f3n p\u00fablico-privada, liderada por el Viceministerio de Ganader\u00eda y Senacsa. Este plan contempla distintas l\u00edneas de trabajo que ayudar\u00e1n al crecimiento del sector l\u00e1cteo como investigaci\u00f3n e innovaci\u00f3n, transferencia tecnol\u00f3gica y asistencia t\u00e9cnica, acciones sanitarias, de inocuidad y calidad; sistema de informaci\u00f3n, formaci\u00f3n de recursos humanos, inserci\u00f3n internacional y aumento del consumo per c\u00e1pita de l\u00e1cteos.<\/p>\n<h4 style=\"text-align: justify;\"><strong>Sobre la Capainlac<\/strong><\/h4>\n<p style=\"text-align: justify;\">Integrada por ocho empresas (Lactolanda, La Fortuna, Los Colonos, Parmalat, Do\u00f1a \u00c1ngela, La Pradera, Tr\u00e9bol y Coop), la Capainlac es una entidad social sin fines de lucro, que nuclea a los establecimientos industriales del pa\u00eds dedicados a la industrializaci\u00f3n y comercializaci\u00f3n de productos l\u00e1cteos. Tambi\u00e9n ejerce su representaci\u00f3n en la defensa de sus derechos y en la protecci\u00f3n de intereses comunes tanto locales como regionales.<\/p>\n","protected":false},"excerpt":{"rendered":"<p>Asunci\u00f3n, Agencia IP.- La C\u00e1mara Paraguaya de Industriales L\u00e1cteos (Capainlac) inform\u00f3 que el 5.\u00ba Encuentro Panamericano de J\u00f3venes Lecheros, tendr\u00e1 como sede a Paraguay el a\u00f1o pr\u00f3ximo.<\/p>\n","protected":false},"author":23,"featured_media":421839,"comment_status":"closed","ping_status":"closed","sticky":false,"template":"","format":"standard","meta":{"_monsterinsights_skip_tracking":false,"_monsterinsights_sitenote_active":false,"_monsterinsights_sitenote_note":"","_monsterinsights_sitenote_category":0,"footnotes":""},"categories":[9],"tags":[7732,4637,12622,838,1785,59,82,111],"class_list":{"0":"post-421837","1":"post","2":"type-post","3":"status-publish","4":"format-standard","5":"has-post-thumbnail","7":"category-economia","8":"tag-camara-paraguaya-de-industriales-lacteos","9":"tag-capainlac","10":"tag-encuentro-panamericano-de-jovenes-lecheros","11":"tag-fao","12":"tag-leche","13":"tag-mag","14":"tag-senacsa","15":"tag-senatur"},"yoast_head":"<!-- This site is optimized with the Yoast SEO plugin v27.5 - https:\/\/yoast.com\/product\/yoast-seo-wordpress\/ -->\n<title>Paraguay ser\u00e1 sede del 5.\u00ba Encuentro Panamericano de J\u00f3venes Lecheros - .::Agencia IP::.<\/title>\n<meta name=\"robots\" content=\"index, follow, max-snippet:-1, max-image-preview:large, max-video-preview:-1\" \/>\n<link rel=\"canonical\" href=\"https:\/\/www.ip.gov.py\/ip\/2022\/06\/28\/paraguay-sera-sede-del-5-o-encuentro-panamericano-de-jovenes-lecheros\/\" \/>\n<meta property=\"og:locale\" content=\"es_ES\" \/>\n<meta property=\"og:type\" content=\"article\" \/>\n<meta property=\"og:title\" content=\"Paraguay ser\u00e1 sede del 5.\u00ba Encuentro Panamericano de J\u00f3venes Lecheros - .::Agencia IP::.\" \/>\n<meta property=\"og:description\" content=\"Asunci\u00f3n, Agencia IP.- La C\u00e1mara Paraguaya de Industriales L\u00e1cteos (Capainlac) inform\u00f3 que el 5.\u00ba Encuentro Panamericano de J\u00f3venes Lecheros, tendr\u00e1 como sede a Paraguay el a\u00f1o pr\u00f3ximo.\" \/>\n<meta property=\"og:url\" content=\"https:\/\/www.ip.gov.py\/ip\/2022\/06\/28\/paraguay-sera-sede-del-5-o-encuentro-panamericano-de-jovenes-lecheros\/\" \/>\n<meta property=\"og:site_name\" content=\".::Agencia IP::.\" \/>\n<meta property=\"article:publisher\" content=\"https:\/\/www.facebook.com\/IPParaguay\/\" \/>\n<meta property=\"article:published_time\" content=\"2022-06-28T16:20:29+00:00\" \/>\n<meta property=\"og:image\" content=\"https:\/\/www.ip.gov.py\/ip\/wp-content\/uploads\/2022\/06\/Erno-Becker-Capainlac.png\" \/>\n\t<meta property=\"og:image:width\" content=\"1080\" \/>\n\t<meta property=\"og:image:height\" content=\"720\" \/>\n\t<meta property=\"og:image:type\" content=\"image\/png\" \/>\n<meta name=\"author\" content=\"Noelia Ferreira\" \/>\n<meta name=\"twitter:card\" content=\"summary_large_image\" \/>\n<meta name=\"twitter:creator\" content=\"@IPParaguay\" \/>\n<meta name=\"twitter:site\" content=\"@IPParaguay\" \/>\n<meta name=\"twitter:label1\" content=\"Escrito por\" \/>\n\t<meta name=\"twitter:data1\" content=\"Noelia Ferreira\" \/>\n\t<meta name=\"twitter:label2\" content=\"Tiempo de lectura\" \/>\n\t<meta name=\"twitter:data2\" content=\"4 minutos\" \/>\n<script type=\"application\/ld+json\" class=\"yoast-schema-graph\">{\"@context\":\"https:\\\/\\\/schema.org\",\"@graph\":[{\"@type\":\"Article\",\"@id\":\"https:\\\/\\\/www.ip.gov.py\\\/ip\\\/2022\\\/06\\\/28\\\/paraguay-sera-sede-del-5-o-encuentro-panamericano-de-jovenes-lecheros\\\/#article\",\"isPartOf\":{\"@id\":\"https:\\\/\\\/www.ip.gov.py\\\/ip\\\/2022\\\/06\\\/28\\\/paraguay-sera-sede-del-5-o-encuentro-panamericano-de-jovenes-lecheros\\\/\"},\"author\":{\"name\":\"Noelia Ferreira\",\"@id\":\"https:\\\/\\\/www.ip.gov.py\\\/ip\\\/#\\\/schema\\\/person\\\/791af27a9219bdbf9064abb776bb41c2\"},\"headline\":\"Paraguay ser\u00e1 sede del 5.\u00ba Encuentro Panamericano de J\u00f3venes Lecheros\",\"datePublished\":\"2022-06-28T16:20:29+00:00\",\"mainEntityOfPage\":{\"@id\":\"https:\\\/\\\/www.ip.gov.py\\\/ip\\\/2022\\\/06\\\/28\\\/paraguay-sera-sede-del-5-o-encuentro-panamericano-de-jovenes-lecheros\\\/\"},\"wordCount\":835,\"publisher\":{\"@id\":\"https:\\\/\\\/www.ip.gov.py\\\/ip\\\/#organization\"},\"image\":{\"@id\":\"https:\\\/\\\/www.ip.gov.py\\\/ip\\\/2022\\\/06\\\/28\\\/paraguay-sera-sede-del-5-o-encuentro-panamericano-de-jovenes-lecheros\\\/#primaryimage\"},\"thumbnailUrl\":\"https:\\\/\\\/www.ip.gov.py\\\/ip\\\/wp-content\\\/uploads\\\/2022\\\/06\\\/Erno-Becker-Capainlac.png\",\"keywords\":[\"C\u00e1mara Paraguaya de Industriales L\u00e1cteos\",\"Capainlac\",\"Encuentro Panamericano de J\u00f3venes Lecheros\",\"FAO\",\"leche\",\"MAG\",\"Senacsa\",\"Senatur\"],\"articleSection\":[\"Econom\u00eda\"],\"inLanguage\":\"es\"},{\"@type\":\"WebPage\",\"@id\":\"https:\\\/\\\/www.ip.gov.py\\\/ip\\\/2022\\\/06\\\/28\\\/paraguay-sera-sede-del-5-o-encuentro-panamericano-de-jovenes-lecheros\\\/\",\"url\":\"https:\\\/\\\/www.ip.gov.py\\\/ip\\\/2022\\\/06\\\/28\\\/paraguay-sera-sede-del-5-o-encuentro-panamericano-de-jovenes-lecheros\\\/\",\"name\":\"Paraguay ser\u00e1 sede del 5.\u00ba Encuentro Panamericano de J\u00f3venes Lecheros - .::Agencia IP::.\",\"isPartOf\":{\"@id\":\"https:\\\/\\\/www.ip.gov.py\\\/ip\\\/#website\"},\"primaryImageOfPage\":{\"@id\":\"https:\\\/\\\/www.ip.gov.py\\\/ip\\\/2022\\\/06\\\/28\\\/paraguay-sera-sede-del-5-o-encuentro-panamericano-de-jovenes-lecheros\\\/#primaryimage\"},\"image\":{\"@id\":\"https:\\\/\\\/www.ip.gov.py\\\/ip\\\/2022\\\/06\\\/28\\\/paraguay-sera-sede-del-5-o-encuentro-panamericano-de-jovenes-lecheros\\\/#primaryimage\"},\"thumbnailUrl\":\"https:\\\/\\\/www.ip.gov.py\\\/ip\\\/wp-content\\\/uploads\\\/2022\\\/06\\\/Erno-Becker-Capainlac.png\",\"datePublished\":\"2022-06-28T16:20:29+00:00\",\"breadcrumb\":{\"@id\":\"https:\\\/\\\/www.ip.gov.py\\\/ip\\\/2022\\\/06\\\/28\\\/paraguay-sera-sede-del-5-o-encuentro-panamericano-de-jovenes-lecheros\\\/#breadcrumb\"},\"inLanguage\":\"es\",\"potentialAction\":[{\"@type\":\"ReadAction\",\"target\":[\"https:\\\/\\\/www.ip.gov.py\\\/ip\\\/2022\\\/06\\\/28\\\/paraguay-sera-sede-del-5-o-encuentro-panamericano-de-jovenes-lecheros\\\/\"]}]},{\"@type\":\"ImageObject\",\"inLanguage\":\"es\",\"@id\":\"https:\\\/\\\/www.ip.gov.py\\\/ip\\\/2022\\\/06\\\/28\\\/paraguay-sera-sede-del-5-o-encuentro-panamericano-de-jovenes-lecheros\\\/#primaryimage\",\"url\":\"https:\\\/\\\/www.ip.gov.py\\\/ip\\\/wp-content\\\/uploads\\\/2022\\\/06\\\/Erno-Becker-Capainlac.png\",\"contentUrl\":\"https:\\\/\\\/www.ip.gov.py\\\/ip\\\/wp-content\\\/uploads\\\/2022\\\/06\\\/Erno-Becker-Capainlac.png\",\"width\":1080,\"height\":720,\"caption\":\"presidente de la Capainlac, Erno Becker. Foto: Gentileza\"},{\"@type\":\"BreadcrumbList\",\"@id\":\"https:\\\/\\\/www.ip.gov.py\\\/ip\\\/2022\\\/06\\\/28\\\/paraguay-sera-sede-del-5-o-encuentro-panamericano-de-jovenes-lecheros\\\/#breadcrumb\",\"itemListElement\":[{\"@type\":\"ListItem\",\"position\":1,\"name\":\"Portada\",\"item\":\"https:\\\/\\\/www.ip.gov.py\\\/ip\\\/\"},{\"@type\":\"ListItem\",\"position\":2,\"name\":\"Paraguay ser\u00e1 sede del 5.\u00ba Encuentro Panamericano de J\u00f3venes Lecheros\"}]},{\"@type\":\"WebSite\",\"@id\":\"https:\\\/\\\/www.ip.gov.py\\\/ip\\\/#website\",\"url\":\"https:\\\/\\\/www.ip.gov.py\\\/ip\\\/\",\"name\":\".::Agencia IP::.\",\"description\":\"\",\"publisher\":{\"@id\":\"https:\\\/\\\/www.ip.gov.py\\\/ip\\\/#organization\"},\"potentialAction\":[{\"@type\":\"SearchAction\",\"target\":{\"@type\":\"EntryPoint\",\"urlTemplate\":\"https:\\\/\\\/www.ip.gov.py\\\/ip\\\/?s={search_term_string}\"},\"query-input\":{\"@type\":\"PropertyValueSpecification\",\"valueRequired\":true,\"valueName\":\"search_term_string\"}}],\"inLanguage\":\"es\"},{\"@type\":\"Organization\",\"@id\":\"https:\\\/\\\/www.ip.gov.py\\\/ip\\\/#organization\",\"name\":\"Agencia IP\",\"url\":\"https:\\\/\\\/www.ip.gov.py\\\/ip\\\/\",\"logo\":{\"@type\":\"ImageObject\",\"inLanguage\":\"es\",\"@id\":\"https:\\\/\\\/www.ip.gov.py\\\/ip\\\/#\\\/schema\\\/logo\\\/image\\\/\",\"url\":\"https:\\\/\\\/www.ip.gov.py\\\/ip\\\/wp-content\\\/uploads\\\/2018\\\/01\\\/Agencia-IP.jpg\",\"contentUrl\":\"https:\\\/\\\/www.ip.gov.py\\\/ip\\\/wp-content\\\/uploads\\\/2018\\\/01\\\/Agencia-IP.jpg\",\"width\":150,\"height\":150,\"caption\":\"Agencia IP\"},\"image\":{\"@id\":\"https:\\\/\\\/www.ip.gov.py\\\/ip\\\/#\\\/schema\\\/logo\\\/image\\\/\"},\"sameAs\":[\"https:\\\/\\\/www.facebook.com\\\/IPParaguay\\\/\",\"https:\\\/\\\/x.com\\\/IPParaguay\",\"https:\\\/\\\/www.instagram.com\\\/IPParaguay\"]},{\"@type\":\"Person\",\"@id\":\"https:\\\/\\\/www.ip.gov.py\\\/ip\\\/#\\\/schema\\\/person\\\/791af27a9219bdbf9064abb776bb41c2\",\"name\":\"Noelia Ferreira\",\"sameAs\":[\"http:\\\/\\\/www.ip.gov.py\"],\"url\":\"https:\\\/\\\/www.ip.gov.py\\\/ip\\\/author\\\/nferreira\\\/\"}]}<\/script>\n<!-- \/ Yoast SEO plugin. -->","yoast_head_json":{"title":"Paraguay ser\u00e1 sede del 5.\u00ba Encuentro Panamericano de J\u00f3venes Lecheros - .::Agencia IP::.","robots":{"index":"index","follow":"follow","max-snippet":"max-snippet:-1","max-image-preview":"max-image-preview:large","max-video-preview":"max-video-preview:-1"},"canonical":"https:\/\/www.ip.gov.py\/ip\/2022\/06\/28\/paraguay-sera-sede-del-5-o-encuentro-panamericano-de-jovenes-lecheros\/","og_locale":"es_ES","og_type":"article","og_title":"Paraguay ser\u00e1 sede del 5.\u00ba Encuentro Panamericano de J\u00f3venes Lecheros - .::Agencia IP::.","og_description":"Asunci\u00f3n, Agencia IP.- La C\u00e1mara Paraguaya de Industriales L\u00e1cteos (Capainlac) inform\u00f3 que el 5.\u00ba Encuentro Panamericano de J\u00f3venes Lecheros, tendr\u00e1 como sede a Paraguay el a\u00f1o pr\u00f3ximo.","og_url":"https:\/\/www.ip.gov.py\/ip\/2022\/06\/28\/paraguay-sera-sede-del-5-o-encuentro-panamericano-de-jovenes-lecheros\/","og_site_name":".::Agencia IP::.","article_publisher":"https:\/\/www.facebook.com\/IPParaguay\/","article_published_time":"2022-06-28T16:20:29+00:00","og_image":[{"width":1080,"height":720,"url":"https:\/\/www.ip.gov.py\/ip\/wp-content\/uploads\/2022\/06\/Erno-Becker-Capainlac.png","type":"image\/png"}],"author":"Noelia Ferreira","twitter_card":"summary_large_image","twitter_creator":"@IPParaguay","twitter_site":"@IPParaguay","twitter_misc":{"Escrito por":"Noelia Ferreira","Tiempo de lectura":"4 minutos"},"schema":{"@context":"https:\/\/schema.org","@graph":[{"@type":"Article","@id":"https:\/\/www.ip.gov.py\/ip\/2022\/06\/28\/paraguay-sera-sede-del-5-o-encuentro-panamericano-de-jovenes-lecheros\/#article","isPartOf":{"@id":"https:\/\/www.ip.gov.py\/ip\/2022\/06\/28\/paraguay-sera-sede-del-5-o-encuentro-panamericano-de-jovenes-lecheros\/"},"author":{"name":"Noelia Ferreira","@id":"https:\/\/www.ip.gov.py\/ip\/#\/schema\/person\/791af27a9219bdbf9064abb776bb41c2"},"headline":"Paraguay ser\u00e1 sede del 5.\u00ba Encuentro Panamericano de J\u00f3venes Lecheros","datePublished":"2022-06-28T16:20:29+00:00","mainEntityOfPage":{"@id":"https:\/\/www.ip.gov.py\/ip\/2022\/06\/28\/paraguay-sera-sede-del-5-o-encuentro-panamericano-de-jovenes-lecheros\/"},"wordCount":835,"publisher":{"@id":"https:\/\/www.ip.gov.py\/ip\/#organization"},"image":{"@id":"https:\/\/www.ip.gov.py\/ip\/2022\/06\/28\/paraguay-sera-sede-del-5-o-encuentro-panamericano-de-jovenes-lecheros\/#primaryimage"},"thumbnailUrl":"https:\/\/www.ip.gov.py\/ip\/wp-content\/uploads\/2022\/06\/Erno-Becker-Capainlac.png","keywords":["C\u00e1mara Paraguaya de Industriales L\u00e1cteos","Capainlac","Encuentro Panamericano de J\u00f3venes Lecheros","FAO","leche","MAG","Senacsa","Senatur"],"articleSection":["Econom\u00eda"],"inLanguage":"es"},{"@type":"WebPage","@id":"https:\/\/www.ip.gov.py\/ip\/2022\/06\/28\/paraguay-sera-sede-del-5-o-encuentro-panamericano-de-jovenes-lecheros\/","url":"https:\/\/www.ip.gov.py\/ip\/2022\/06\/28\/paraguay-sera-sede-del-5-o-encuentro-panamericano-de-jovenes-lecheros\/","name":"Paraguay ser\u00e1 sede del 5.\u00ba Encuentro Panamericano de J\u00f3venes Lecheros - .::Agencia IP::.","isPartOf":{"@id":"https:\/\/www.ip.gov.py\/ip\/#website"},"primaryImageOfPage":{"@id":"https:\/\/www.ip.gov.py\/ip\/2022\/06\/28\/paraguay-sera-sede-del-5-o-encuentro-panamericano-de-jovenes-lecheros\/#primaryimage"},"image":{"@id":"https:\/\/www.ip.gov.py\/ip\/2022\/06\/28\/paraguay-sera-sede-del-5-o-encuentro-panamericano-de-jovenes-lecheros\/#primaryimage"},"thumbnailUrl":"https:\/\/www.ip.gov.py\/ip\/wp-content\/uploads\/2022\/06\/Erno-Becker-Capainlac.png","datePublished":"2022-06-28T16:20:29+00:00","breadcrumb":{"@id":"https:\/\/www.ip.gov.py\/ip\/2022\/06\/28\/paraguay-sera-sede-del-5-o-encuentro-panamericano-de-jovenes-lecheros\/#breadcrumb"},"inLanguage":"es","potentialAction":[{"@type":"ReadAction","target":["https:\/\/www.ip.gov.py\/ip\/2022\/06\/28\/paraguay-sera-sede-del-5-o-encuentro-panamericano-de-jovenes-lecheros\/"]}]},{"@type":"ImageObject","inLanguage":"es","@id":"https:\/\/www.ip.gov.py\/ip\/2022\/06\/28\/paraguay-sera-sede-del-5-o-encuentro-panamericano-de-jovenes-lecheros\/#primaryimage","url":"https:\/\/www.ip.gov.py\/ip\/wp-content\/uploads\/2022\/06\/Erno-Becker-Capainlac.png","contentUrl":"https:\/\/www.ip.gov.py\/ip\/wp-content\/uploads\/2022\/06\/Erno-Becker-Capainlac.png","width":1080,"height":720,"caption":"presidente de la Capainlac, Erno Becker. Foto: Gentileza"},{"@type":"BreadcrumbList","@id":"https:\/\/www.ip.gov.py\/ip\/2022\/06\/28\/paraguay-sera-sede-del-5-o-encuentro-panamericano-de-jovenes-lecheros\/#breadcrumb","itemListElement":[{"@type":"ListItem","position":1,"name":"Portada","item":"https:\/\/www.ip.gov.py\/ip\/"},{"@type":"ListItem","position":2,"name":"Paraguay ser\u00e1 sede del 5.\u00ba Encuentro Panamericano de J\u00f3venes Lecheros"}]},{"@type":"WebSite","@id":"https:\/\/www.ip.gov.py\/ip\/#website","url":"https:\/\/www.ip.gov.py\/ip\/","name":".::Agencia IP::.","description":"","publisher":{"@id":"https:\/\/www.ip.gov.py\/ip\/#organization"},"potentialAction":[{"@type":"SearchAction","target":{"@type":"EntryPoint","urlTemplate":"https:\/\/www.ip.gov.py\/ip\/?s={search_term_string}"},"query-input":{"@type":"PropertyValueSpecification","valueRequired":true,"valueName":"search_term_string"}}],"inLanguage":"es"},{"@type":"Organization","@id":"https:\/\/www.ip.gov.py\/ip\/#organization","name":"Agencia IP","url":"https:\/\/www.ip.gov.py\/ip\/","logo":{"@type":"ImageObject","inLanguage":"es","@id":"https:\/\/www.ip.gov.py\/ip\/#\/schema\/logo\/image\/","url":"https:\/\/www.ip.gov.py\/ip\/wp-content\/uploads\/2018\/01\/Agencia-IP.jpg","contentUrl":"https:\/\/www.ip.gov.py\/ip\/wp-content\/uploads\/2018\/01\/Agencia-IP.jpg","width":150,"height":150,"caption":"Agencia IP"},"image":{"@id":"https:\/\/www.ip.gov.py\/ip\/#\/schema\/logo\/image\/"},"sameAs":["https:\/\/www.facebook.com\/IPParaguay\/","https:\/\/x.com\/IPParaguay","https:\/\/www.instagram.com\/IPParaguay"]},{"@type":"Person","@id":"https:\/\/www.ip.gov.py\/ip\/#\/schema\/person\/791af27a9219bdbf9064abb776bb41c2","name":"Noelia Ferreira","sameAs":["http:\/\/www.ip.gov.py"],"url":"https:\/\/www.ip.gov.py\/ip\/author\/nferreira\/"}]}},"_links":{"self":[{"href":"https:\/\/www.ip.gov.py\/ip\/wp-json\/wp\/v2\/posts\/421837","targetHints":{"allow":["GET"]}}],"collection":[{"href":"https:\/\/www.ip.gov.py\/ip\/wp-json\/wp\/v2\/posts"}],"about":[{"href":"https:\/\/www.ip.gov.py\/ip\/wp-json\/wp\/v2\/types\/post"}],"author":[{"embeddable":true,"href":"https:\/\/www.ip.gov.py\/ip\/wp-json\/wp\/v2\/users\/23"}],"replies":[{"embeddable":true,"href":"https:\/\/www.ip.gov.py\/ip\/wp-json\/wp\/v2\/comments?post=421837"}],"version-history":[{"count":0,"href":"https:\/\/www.ip.gov.py\/ip\/wp-json\/wp\/v2\/posts\/421837\/revisions"}],"wp:featuredmedia":[{"embeddable":true,"href":"https:\/\/www.ip.gov.py\/ip\/wp-json\/wp\/v2\/media\/421839"}],"wp:attachment":[{"href":"https:\/\/www.ip.gov.py\/ip\/wp-json\/wp\/v2\/media?parent=421837"}],"wp:term":[{"taxonomy":"category","embeddable":true,"href":"https:\/\/www.ip.gov.py\/ip\/wp-json\/wp\/v2\/categories?post=421837"},{"taxonomy":"post_tag","embeddable":true,"href":"https:\/\/www.ip.gov.py\/ip\/wp-json\/wp\/v2\/tags?post=421837"}],"curies":[{"name":"wp","href":"https:\/\/api.w.org\/{rel}","templated":true}]}}