{"id":422595,"date":"2022-07-05T09:18:46","date_gmt":"2022-07-05T13:18:46","guid":{"rendered":"https:\/\/www.ip.gov.py\/ip\/?p=422595"},"modified":"2022-07-05T09:18:46","modified_gmt":"2022-07-05T13:18:46","slug":"impulsan-el-protagonismo-de-los-jovenes-a-traves-de-becas-otorgadas-por-la-snj","status":"publish","type":"post","link":"https:\/\/www.ip.gov.py\/ip\/2022\/07\/05\/impulsan-el-protagonismo-de-los-jovenes-a-traves-de-becas-otorgadas-por-la-snj\/","title":{"rendered":"Impulsan el protagonismo de los j\u00f3venes a trav\u00e9s de becas otorgadas por la SNJ"},"content":{"rendered":"<p style=\"text-align: justify;\"><em><strong>Asunci\u00f3n, Agencia IP.-<\/strong> <\/em>El ministro de Secretar\u00eda Nacional de la Juventud (SNJ), Edgar Colm\u00e1n asegur\u00f3 que las becas otorgadas por la cartera a su cargo son de suma importancia para la sociedad. Refiri\u00f3 que en el \u00faltimo a\u00f1o las mismas han aumentado de 4.000 a 5.000 destacando que \u00abuna beca cambia la vida, no s\u00f3lo del joven, sino de la familia y la comunidad\u00bb.<!--more--><\/p>\n<p style=\"text-align: justify;\">El ministro coment\u00f3 su propia historia como joven nacido en Coronel Oviedo, hijo de trabajadores, que pudo cumplir su sue\u00f1o de hacer una carrera universitaria gracias a haber concursado para una beca otorgada por el Estado.<\/p>\n<p style=\"text-align: justify;\">\u00abNuestro objetivo es aumentar cada d\u00eda el n\u00famero de becas, ya que los j\u00f3venes son prioridad para el gobierno nacional\u00bb, manifest\u00f3 en el curso del programa \u00abEl Paraguay que Hacemos\u00bb (EPQH) de Radio Nacional del Paraguay.<\/p>\n<p style=\"text-align: justify;\">\u00abLas Becas Juventud benefician\u00a0a estudiantes de escasos recursos de 18 a 30 a\u00f1os, cuyo t\u00e9rmino medio sea la nota tres en adelante, en distintas \u00e1reas como las carreras universitarias, las tecnicaturas, idiomas, mandos medios y deportes\u201d, se\u00f1al\u00f3.<\/p>\n<p style=\"text-align: justify;\">El Programa de Asistencia Financiera de la SNJ otorga una asistencia financiera de 2.000.000 de guaran\u00edes fraccionados en ocho pagos que se realizan a lo largo del presente a\u00f1o. La ayuda econ\u00f3mica brinda asistencia a 4.000 estudiantes universitarios de distintas carreras, y 1.000 tecnicaturas terciarias.<\/p>\n<h4 style=\"text-align: justify;\"><strong>Planificaci\u00f3n y voluntariado<\/strong><\/h4>\n<p style=\"text-align: justify;\">Un aporte importante en favor de la juventud,\u00a0es el Plan Nacional de Juventud que busca generar los delineamientos en cuanto a los indicadores de las juventudes, y que servir\u00e1 a todas las instituciones y \u00e1reas involucradas en el trabajo con los j\u00f3venes, como educaci\u00f3n, trabajo, seguridad, entre otras.<\/p>\n<p style=\"text-align: justify;\">Colm\u00e1n anunci\u00f3 el lanzamiento del Plan Nacional de Juventud, para marzo del 2023. \u00abEste es un instrumento que permitir\u00e1 dar continuidad a los programas sociales en favor de los j\u00f3venes\u00bb, indic\u00f3 el ministro. \u00abEstamos instalando este plan a trav\u00e9s de los foros regionales, de modo que sean los mismos j\u00f3venes los que determinen la proyecci\u00f3n de acciones.\u00a0 Trabajamos con actores del gobierno, la sociedad civil, la academia y los organismos internacionales\u00bb.<\/p>\n<p style=\"text-align: justify;\">Los XII Juegos de la Organizaci\u00f3n Deportiva Suramericana &#8211; Odesur ASU2022, del 1 al 15 de octubre, tendr\u00e1 el protagonismo de la Juventud.\u00a0 La Secretar\u00eda Nacional de la Juventud impulsa el programa de voluntariado juvenil ActiVamos, con distintos aliados de la sociedad civil y el sector estudiantil.<\/p>\n<p style=\"text-align: justify;\">El ministro dijo estar confiado de llegar a los 6.000 voluntarios para los Juegos Sudamericanos Asunci\u00f3n 2022, ya que se cuenta con la experiencia y la plataforma disponible para este proyecto. Trabajando conjuntamente con la Secretar\u00eda Nacional de Deportes (SND), alientan a los j\u00f3venes a aprovechar esta gran oportunidad. \u201cDesde la Secretar\u00eda Nacional de la Juventud queremos acompa\u00f1ar este gran evento y recorrer todos los departamentos del pa\u00eds para captar voluntarios\u201d.<\/p>\n<p style=\"text-align: justify;\">La SNJ es el ente rector en esta materia ante las dem\u00e1s instituciones y entidades del Estado, articulando acciones, y la integraci\u00f3n de espacios de trabajos interinstitucionales.<\/p>\n<h4 style=\"text-align: justify;\"><strong>Premios Mbarete<\/strong><\/h4>\n<p style=\"text-align: justify;\">El ministro Edgar Colm\u00e1n, se refiri\u00f3 tambi\u00e9n al Premio Nacional Joven Mbarete 2022, llevado adelante con la Oficina de la Primera Dama, Silvana Abdo,\u00a0y la organizaci\u00f3n One Young World,\u00a0en b\u00fasqueda de l\u00edderes que impulsan iniciativas sociales, en cinco \u00e1mbitos:\u00a0 tecnol\u00f3gico, cultural, y empresarial, con enfoque en la promoci\u00f3n de la ni\u00f1ez, capacitaci\u00f3n a mujeres, la educaci\u00f3n inclusiva, emprendimiento y cultura art\u00edstica.<\/p>\n<p style=\"text-align: justify;\">Con la selecci\u00f3n del jurado, los cinco (5) j\u00f3venes ganadores del Premio Nacional, representar\u00e1n a Paraguay en la Cumbre One Young World, del 5 al 8 de septiembre, acompa\u00f1ando a la primera dama de la Naci\u00f3n al encuentro internacional.\u00a0 Los seleccionados acceder\u00e1n a un viaje ida y vuelta a Manchester, Inglaterra, para participar de la cumbre de j\u00f3venes l\u00edderes. One Young World\u00a0(Un Mundo Joven) es una organizaci\u00f3n sin \u00e1nimo de lucro fundada en el 2010 con sede en Londres, Reino Unido que re\u00fane a j\u00f3venes l\u00edderes de todo el mundo para desarrollar soluciones a los problemas m\u00e1s apremiantes de la sociedad.<\/p>\n<p style=\"text-align: justify;\">\u00a0\u00abCon este premio animamos\u00a0a los j\u00f3venes a potenciar su rol como agente de cambio para generar m\u00e1s acciones que impacten de manera sostenible y equitativa el desarrollo del pa\u00eds\u201d, se\u00f1al\u00f3. El concurso est\u00e1 dirigido para personas de 18 a 30 a\u00f1os, del territorio paraguayo, que lideran iniciativas en varios \u00e1mbitos.\u00a0 Para participar, los interesados deben inscribirse en la p\u00e1gina\u00a0<a href=\"https:\/\/www.republicajoven.gov.py\/\" target=\"_blank\" rel=\"noopener\"><strong>www.republicajoven.gov.py\u00a0<\/strong><\/a>donde tambi\u00e9n encontrar\u00e1n las bases y condiciones. Podr\u00e1n hacerlo hasta el 12 de julio.\u00a0 Las propuestas innovadoras ser\u00e1n seleccionadas por un jurado p\u00fablico-privado.<\/p>\n<h4 style=\"text-align: justify;\"><strong>Edgar Colm\u00e1n<\/strong><\/h4>\n<p style=\"text-align: justify;\">Est\u00e1 al frente de la Secretar\u00eda de la Juventud, desde el a\u00f1o 2021.\u00a0 Es egresado de Marketing y Publicidad de Facultad de Ciencias Econ\u00f3micas y Administrativas de la Universidad Americana, con una Especializaci\u00f3n en Gobernabilidad, Gerencia Pol\u00edtica y Gesti\u00f3n P\u00fablica, y una Maestr\u00eda en Asuntos Pol\u00edticos y Gobernabilidad realizados en la Universidad Columbia del Paraguay.\u00a0 Se especializ\u00f3 en Innovaci\u00f3n y Gobierno en la Georgetown University de Washington DC (USA). Fue director Nacional de Emprendedurismo del Ministerio de Industria y Comercio.\u00a0 Se destaca por su trabajo social, como fundador y director ejecutivo del Centro Ovetense de Voluntariado (COV), tambi\u00e9n para programas<\/p>\n<p style=\"text-align: justify;\">\u00a0y organizaciones naciones e internacionales como; Techo, Telet\u00f3n, Operaci\u00f3n Sonrisa, Fundar, Vanguardia Iberoamericana, WWF, y otros. Fue becario del Programa Nacional de Becas a la Excelencia de la Itaipu Binacional. Fue reconocido como Joven Destacado Ovetense por la C\u00e1mara Junior Internacional y la Municipalidad de Coronel Oviedo.\u00a0\u00a0 Es uno de los fundadores Aso de Ex Becarios de la Itaipu Binacional. Fue presidente del Centro de Estudiantes y Representante Estudiantil ante el Consejo Superior Universitario de la Universidad Americana. Como deportista, se ha destacado en el f\u00fatbol de sal\u00f3n, deporte que contin\u00faa practicando. Ha sido presidente de la Asociaci\u00f3n de F\u00fatbol de Sal\u00f3n Ovetense, entre otras actividades gremiales.<\/p>\n","protected":false},"excerpt":{"rendered":"<p>Asunci\u00f3n, Agencia IP.- El ministro de Secretar\u00eda Nacional de la Juventud (SNJ), Edgar Colm\u00e1n asegur\u00f3 que las becas otorgadas por la cartera a su cargo son de suma importancia para la sociedad. Refiri\u00f3 que en el \u00faltimo a\u00f1o las mismas han aumentado de 4.000 a 5.000 destacando que \u00abuna beca cambia la vida, no s\u00f3lo [&hellip;]<\/p>\n","protected":false},"author":23,"featured_media":422596,"comment_status":"closed","ping_status":"closed","sticky":false,"template":"","format":"standard","meta":{"_monsterinsights_skip_tracking":false,"_monsterinsights_sitenote_active":false,"_monsterinsights_sitenote_note":"","_monsterinsights_sitenote_category":0,"footnotes":""},"categories":[2988],"tags":[535,2602,1395],"class_list":{"0":"post-422595","1":"post","2":"type-post","3":"status-publish","4":"format-standard","5":"has-post-thumbnail","7":"category-educacion","8":"tag-becas","9":"tag-juventud","10":"tag-snj"},"yoast_head":"<!-- This site is optimized with the Yoast SEO plugin v27.5 - https:\/\/yoast.com\/product\/yoast-seo-wordpress\/ -->\n<title>Impulsan el protagonismo de los j\u00f3venes a trav\u00e9s de becas otorgadas por la SNJ - .::Agencia IP::.<\/title>\n<meta name=\"robots\" content=\"index, follow, max-snippet:-1, max-image-preview:large, max-video-preview:-1\" \/>\n<link rel=\"canonical\" href=\"https:\/\/www.ip.gov.py\/ip\/2022\/07\/05\/impulsan-el-protagonismo-de-los-jovenes-a-traves-de-becas-otorgadas-por-la-snj\/\" \/>\n<meta property=\"og:locale\" content=\"es_ES\" \/>\n<meta property=\"og:type\" content=\"article\" \/>\n<meta property=\"og:title\" content=\"Impulsan el protagonismo de los j\u00f3venes a trav\u00e9s de becas otorgadas por la SNJ - .::Agencia IP::.\" \/>\n<meta property=\"og:description\" content=\"Asunci\u00f3n, Agencia IP.- El ministro de Secretar\u00eda Nacional de la Juventud (SNJ), Edgar Colm\u00e1n asegur\u00f3 que las becas otorgadas por la cartera a su cargo son de suma importancia para la sociedad. Refiri\u00f3 que en el \u00faltimo a\u00f1o las mismas han aumentado de 4.000 a 5.000 destacando que \u00abuna beca cambia la vida, no s\u00f3lo [&hellip;]\" \/>\n<meta property=\"og:url\" content=\"https:\/\/www.ip.gov.py\/ip\/2022\/07\/05\/impulsan-el-protagonismo-de-los-jovenes-a-traves-de-becas-otorgadas-por-la-snj\/\" \/>\n<meta property=\"og:site_name\" content=\".::Agencia IP::.\" \/>\n<meta property=\"article:publisher\" content=\"https:\/\/www.facebook.com\/IPParaguay\/\" \/>\n<meta property=\"article:published_time\" content=\"2022-07-05T13:18:46+00:00\" \/>\n<meta property=\"og:image\" content=\"https:\/\/www.ip.gov.py\/ip\/wp-content\/uploads\/2022\/07\/Juventud-SNJ.jpeg\" \/>\n\t<meta property=\"og:image:width\" content=\"610\" \/>\n\t<meta property=\"og:image:height\" content=\"396\" \/>\n\t<meta property=\"og:image:type\" content=\"image\/jpeg\" \/>\n<meta name=\"author\" content=\"Noelia Ferreira\" \/>\n<meta name=\"twitter:card\" content=\"summary_large_image\" \/>\n<meta name=\"twitter:creator\" content=\"@IPParaguay\" \/>\n<meta name=\"twitter:site\" content=\"@IPParaguay\" \/>\n<meta name=\"twitter:label1\" content=\"Escrito por\" \/>\n\t<meta name=\"twitter:data1\" content=\"Noelia Ferreira\" \/>\n\t<meta name=\"twitter:label2\" content=\"Tiempo de lectura\" \/>\n\t<meta name=\"twitter:data2\" content=\"5 minutos\" \/>\n<script type=\"application\/ld+json\" class=\"yoast-schema-graph\">{\"@context\":\"https:\\\/\\\/schema.org\",\"@graph\":[{\"@type\":\"Article\",\"@id\":\"https:\\\/\\\/www.ip.gov.py\\\/ip\\\/2022\\\/07\\\/05\\\/impulsan-el-protagonismo-de-los-jovenes-a-traves-de-becas-otorgadas-por-la-snj\\\/#article\",\"isPartOf\":{\"@id\":\"https:\\\/\\\/www.ip.gov.py\\\/ip\\\/2022\\\/07\\\/05\\\/impulsan-el-protagonismo-de-los-jovenes-a-traves-de-becas-otorgadas-por-la-snj\\\/\"},\"author\":{\"name\":\"Noelia Ferreira\",\"@id\":\"https:\\\/\\\/www.ip.gov.py\\\/ip\\\/#\\\/schema\\\/person\\\/791af27a9219bdbf9064abb776bb41c2\"},\"headline\":\"Impulsan el protagonismo de los j\u00f3venes a trav\u00e9s de becas otorgadas por la SNJ\",\"datePublished\":\"2022-07-05T13:18:46+00:00\",\"mainEntityOfPage\":{\"@id\":\"https:\\\/\\\/www.ip.gov.py\\\/ip\\\/2022\\\/07\\\/05\\\/impulsan-el-protagonismo-de-los-jovenes-a-traves-de-becas-otorgadas-por-la-snj\\\/\"},\"wordCount\":1035,\"publisher\":{\"@id\":\"https:\\\/\\\/www.ip.gov.py\\\/ip\\\/#organization\"},\"image\":{\"@id\":\"https:\\\/\\\/www.ip.gov.py\\\/ip\\\/2022\\\/07\\\/05\\\/impulsan-el-protagonismo-de-los-jovenes-a-traves-de-becas-otorgadas-por-la-snj\\\/#primaryimage\"},\"thumbnailUrl\":\"https:\\\/\\\/www.ip.gov.py\\\/ip\\\/wp-content\\\/uploads\\\/2022\\\/07\\\/Juventud-SNJ.jpeg\",\"keywords\":[\"becas\",\"Juventud\",\"SNJ\"],\"articleSection\":[\"Educaci\u00f3n\"],\"inLanguage\":\"es\"},{\"@type\":\"WebPage\",\"@id\":\"https:\\\/\\\/www.ip.gov.py\\\/ip\\\/2022\\\/07\\\/05\\\/impulsan-el-protagonismo-de-los-jovenes-a-traves-de-becas-otorgadas-por-la-snj\\\/\",\"url\":\"https:\\\/\\\/www.ip.gov.py\\\/ip\\\/2022\\\/07\\\/05\\\/impulsan-el-protagonismo-de-los-jovenes-a-traves-de-becas-otorgadas-por-la-snj\\\/\",\"name\":\"Impulsan el protagonismo de los j\u00f3venes a trav\u00e9s de becas otorgadas por la SNJ - .::Agencia IP::.\",\"isPartOf\":{\"@id\":\"https:\\\/\\\/www.ip.gov.py\\\/ip\\\/#website\"},\"primaryImageOfPage\":{\"@id\":\"https:\\\/\\\/www.ip.gov.py\\\/ip\\\/2022\\\/07\\\/05\\\/impulsan-el-protagonismo-de-los-jovenes-a-traves-de-becas-otorgadas-por-la-snj\\\/#primaryimage\"},\"image\":{\"@id\":\"https:\\\/\\\/www.ip.gov.py\\\/ip\\\/2022\\\/07\\\/05\\\/impulsan-el-protagonismo-de-los-jovenes-a-traves-de-becas-otorgadas-por-la-snj\\\/#primaryimage\"},\"thumbnailUrl\":\"https:\\\/\\\/www.ip.gov.py\\\/ip\\\/wp-content\\\/uploads\\\/2022\\\/07\\\/Juventud-SNJ.jpeg\",\"datePublished\":\"2022-07-05T13:18:46+00:00\",\"breadcrumb\":{\"@id\":\"https:\\\/\\\/www.ip.gov.py\\\/ip\\\/2022\\\/07\\\/05\\\/impulsan-el-protagonismo-de-los-jovenes-a-traves-de-becas-otorgadas-por-la-snj\\\/#breadcrumb\"},\"inLanguage\":\"es\",\"potentialAction\":[{\"@type\":\"ReadAction\",\"target\":[\"https:\\\/\\\/www.ip.gov.py\\\/ip\\\/2022\\\/07\\\/05\\\/impulsan-el-protagonismo-de-los-jovenes-a-traves-de-becas-otorgadas-por-la-snj\\\/\"]}]},{\"@type\":\"ImageObject\",\"inLanguage\":\"es\",\"@id\":\"https:\\\/\\\/www.ip.gov.py\\\/ip\\\/2022\\\/07\\\/05\\\/impulsan-el-protagonismo-de-los-jovenes-a-traves-de-becas-otorgadas-por-la-snj\\\/#primaryimage\",\"url\":\"https:\\\/\\\/www.ip.gov.py\\\/ip\\\/wp-content\\\/uploads\\\/2022\\\/07\\\/Juventud-SNJ.jpeg\",\"contentUrl\":\"https:\\\/\\\/www.ip.gov.py\\\/ip\\\/wp-content\\\/uploads\\\/2022\\\/07\\\/Juventud-SNJ.jpeg\",\"width\":610,\"height\":396,\"caption\":\"El ministro de Secretar\u00eda Nacional de la Juventud (SNJ), Edgar Colm\u00e1n. Foto: Agencia IP\"},{\"@type\":\"BreadcrumbList\",\"@id\":\"https:\\\/\\\/www.ip.gov.py\\\/ip\\\/2022\\\/07\\\/05\\\/impulsan-el-protagonismo-de-los-jovenes-a-traves-de-becas-otorgadas-por-la-snj\\\/#breadcrumb\",\"itemListElement\":[{\"@type\":\"ListItem\",\"position\":1,\"name\":\"Portada\",\"item\":\"https:\\\/\\\/www.ip.gov.py\\\/ip\\\/\"},{\"@type\":\"ListItem\",\"position\":2,\"name\":\"Impulsan el protagonismo de los j\u00f3venes a trav\u00e9s de becas otorgadas por la SNJ\"}]},{\"@type\":\"WebSite\",\"@id\":\"https:\\\/\\\/www.ip.gov.py\\\/ip\\\/#website\",\"url\":\"https:\\\/\\\/www.ip.gov.py\\\/ip\\\/\",\"name\":\".::Agencia IP::.\",\"description\":\"\",\"publisher\":{\"@id\":\"https:\\\/\\\/www.ip.gov.py\\\/ip\\\/#organization\"},\"potentialAction\":[{\"@type\":\"SearchAction\",\"target\":{\"@type\":\"EntryPoint\",\"urlTemplate\":\"https:\\\/\\\/www.ip.gov.py\\\/ip\\\/?s={search_term_string}\"},\"query-input\":{\"@type\":\"PropertyValueSpecification\",\"valueRequired\":true,\"valueName\":\"search_term_string\"}}],\"inLanguage\":\"es\"},{\"@type\":\"Organization\",\"@id\":\"https:\\\/\\\/www.ip.gov.py\\\/ip\\\/#organization\",\"name\":\"Agencia IP\",\"url\":\"https:\\\/\\\/www.ip.gov.py\\\/ip\\\/\",\"logo\":{\"@type\":\"ImageObject\",\"inLanguage\":\"es\",\"@id\":\"https:\\\/\\\/www.ip.gov.py\\\/ip\\\/#\\\/schema\\\/logo\\\/image\\\/\",\"url\":\"https:\\\/\\\/www.ip.gov.py\\\/ip\\\/wp-content\\\/uploads\\\/2018\\\/01\\\/Agencia-IP.jpg\",\"contentUrl\":\"https:\\\/\\\/www.ip.gov.py\\\/ip\\\/wp-content\\\/uploads\\\/2018\\\/01\\\/Agencia-IP.jpg\",\"width\":150,\"height\":150,\"caption\":\"Agencia IP\"},\"image\":{\"@id\":\"https:\\\/\\\/www.ip.gov.py\\\/ip\\\/#\\\/schema\\\/logo\\\/image\\\/\"},\"sameAs\":[\"https:\\\/\\\/www.facebook.com\\\/IPParaguay\\\/\",\"https:\\\/\\\/x.com\\\/IPParaguay\",\"https:\\\/\\\/www.instagram.com\\\/IPParaguay\"]},{\"@type\":\"Person\",\"@id\":\"https:\\\/\\\/www.ip.gov.py\\\/ip\\\/#\\\/schema\\\/person\\\/791af27a9219bdbf9064abb776bb41c2\",\"name\":\"Noelia Ferreira\",\"sameAs\":[\"http:\\\/\\\/www.ip.gov.py\"],\"url\":\"https:\\\/\\\/www.ip.gov.py\\\/ip\\\/author\\\/nferreira\\\/\"}]}<\/script>\n<!-- \/ Yoast SEO plugin. -->","yoast_head_json":{"title":"Impulsan el protagonismo de los j\u00f3venes a trav\u00e9s de becas otorgadas por la SNJ - .::Agencia IP::.","robots":{"index":"index","follow":"follow","max-snippet":"max-snippet:-1","max-image-preview":"max-image-preview:large","max-video-preview":"max-video-preview:-1"},"canonical":"https:\/\/www.ip.gov.py\/ip\/2022\/07\/05\/impulsan-el-protagonismo-de-los-jovenes-a-traves-de-becas-otorgadas-por-la-snj\/","og_locale":"es_ES","og_type":"article","og_title":"Impulsan el protagonismo de los j\u00f3venes a trav\u00e9s de becas otorgadas por la SNJ - .::Agencia IP::.","og_description":"Asunci\u00f3n, Agencia IP.- El ministro de Secretar\u00eda Nacional de la Juventud (SNJ), Edgar Colm\u00e1n asegur\u00f3 que las becas otorgadas por la cartera a su cargo son de suma importancia para la sociedad. Refiri\u00f3 que en el \u00faltimo a\u00f1o las mismas han aumentado de 4.000 a 5.000 destacando que \u00abuna beca cambia la vida, no s\u00f3lo [&hellip;]","og_url":"https:\/\/www.ip.gov.py\/ip\/2022\/07\/05\/impulsan-el-protagonismo-de-los-jovenes-a-traves-de-becas-otorgadas-por-la-snj\/","og_site_name":".::Agencia IP::.","article_publisher":"https:\/\/www.facebook.com\/IPParaguay\/","article_published_time":"2022-07-05T13:18:46+00:00","og_image":[{"width":610,"height":396,"url":"https:\/\/www.ip.gov.py\/ip\/wp-content\/uploads\/2022\/07\/Juventud-SNJ.jpeg","type":"image\/jpeg"}],"author":"Noelia Ferreira","twitter_card":"summary_large_image","twitter_creator":"@IPParaguay","twitter_site":"@IPParaguay","twitter_misc":{"Escrito por":"Noelia Ferreira","Tiempo de lectura":"5 minutos"},"schema":{"@context":"https:\/\/schema.org","@graph":[{"@type":"Article","@id":"https:\/\/www.ip.gov.py\/ip\/2022\/07\/05\/impulsan-el-protagonismo-de-los-jovenes-a-traves-de-becas-otorgadas-por-la-snj\/#article","isPartOf":{"@id":"https:\/\/www.ip.gov.py\/ip\/2022\/07\/05\/impulsan-el-protagonismo-de-los-jovenes-a-traves-de-becas-otorgadas-por-la-snj\/"},"author":{"name":"Noelia Ferreira","@id":"https:\/\/www.ip.gov.py\/ip\/#\/schema\/person\/791af27a9219bdbf9064abb776bb41c2"},"headline":"Impulsan el protagonismo de los j\u00f3venes a trav\u00e9s de becas otorgadas por la SNJ","datePublished":"2022-07-05T13:18:46+00:00","mainEntityOfPage":{"@id":"https:\/\/www.ip.gov.py\/ip\/2022\/07\/05\/impulsan-el-protagonismo-de-los-jovenes-a-traves-de-becas-otorgadas-por-la-snj\/"},"wordCount":1035,"publisher":{"@id":"https:\/\/www.ip.gov.py\/ip\/#organization"},"image":{"@id":"https:\/\/www.ip.gov.py\/ip\/2022\/07\/05\/impulsan-el-protagonismo-de-los-jovenes-a-traves-de-becas-otorgadas-por-la-snj\/#primaryimage"},"thumbnailUrl":"https:\/\/www.ip.gov.py\/ip\/wp-content\/uploads\/2022\/07\/Juventud-SNJ.jpeg","keywords":["becas","Juventud","SNJ"],"articleSection":["Educaci\u00f3n"],"inLanguage":"es"},{"@type":"WebPage","@id":"https:\/\/www.ip.gov.py\/ip\/2022\/07\/05\/impulsan-el-protagonismo-de-los-jovenes-a-traves-de-becas-otorgadas-por-la-snj\/","url":"https:\/\/www.ip.gov.py\/ip\/2022\/07\/05\/impulsan-el-protagonismo-de-los-jovenes-a-traves-de-becas-otorgadas-por-la-snj\/","name":"Impulsan el protagonismo de los j\u00f3venes a trav\u00e9s de becas otorgadas por la SNJ - .::Agencia IP::.","isPartOf":{"@id":"https:\/\/www.ip.gov.py\/ip\/#website"},"primaryImageOfPage":{"@id":"https:\/\/www.ip.gov.py\/ip\/2022\/07\/05\/impulsan-el-protagonismo-de-los-jovenes-a-traves-de-becas-otorgadas-por-la-snj\/#primaryimage"},"image":{"@id":"https:\/\/www.ip.gov.py\/ip\/2022\/07\/05\/impulsan-el-protagonismo-de-los-jovenes-a-traves-de-becas-otorgadas-por-la-snj\/#primaryimage"},"thumbnailUrl":"https:\/\/www.ip.gov.py\/ip\/wp-content\/uploads\/2022\/07\/Juventud-SNJ.jpeg","datePublished":"2022-07-05T13:18:46+00:00","breadcrumb":{"@id":"https:\/\/www.ip.gov.py\/ip\/2022\/07\/05\/impulsan-el-protagonismo-de-los-jovenes-a-traves-de-becas-otorgadas-por-la-snj\/#breadcrumb"},"inLanguage":"es","potentialAction":[{"@type":"ReadAction","target":["https:\/\/www.ip.gov.py\/ip\/2022\/07\/05\/impulsan-el-protagonismo-de-los-jovenes-a-traves-de-becas-otorgadas-por-la-snj\/"]}]},{"@type":"ImageObject","inLanguage":"es","@id":"https:\/\/www.ip.gov.py\/ip\/2022\/07\/05\/impulsan-el-protagonismo-de-los-jovenes-a-traves-de-becas-otorgadas-por-la-snj\/#primaryimage","url":"https:\/\/www.ip.gov.py\/ip\/wp-content\/uploads\/2022\/07\/Juventud-SNJ.jpeg","contentUrl":"https:\/\/www.ip.gov.py\/ip\/wp-content\/uploads\/2022\/07\/Juventud-SNJ.jpeg","width":610,"height":396,"caption":"El ministro de Secretar\u00eda Nacional de la Juventud (SNJ), Edgar Colm\u00e1n. Foto: Agencia IP"},{"@type":"BreadcrumbList","@id":"https:\/\/www.ip.gov.py\/ip\/2022\/07\/05\/impulsan-el-protagonismo-de-los-jovenes-a-traves-de-becas-otorgadas-por-la-snj\/#breadcrumb","itemListElement":[{"@type":"ListItem","position":1,"name":"Portada","item":"https:\/\/www.ip.gov.py\/ip\/"},{"@type":"ListItem","position":2,"name":"Impulsan el protagonismo de los j\u00f3venes a trav\u00e9s de becas otorgadas por la SNJ"}]},{"@type":"WebSite","@id":"https:\/\/www.ip.gov.py\/ip\/#website","url":"https:\/\/www.ip.gov.py\/ip\/","name":".::Agencia IP::.","description":"","publisher":{"@id":"https:\/\/www.ip.gov.py\/ip\/#organization"},"potentialAction":[{"@type":"SearchAction","target":{"@type":"EntryPoint","urlTemplate":"https:\/\/www.ip.gov.py\/ip\/?s={search_term_string}"},"query-input":{"@type":"PropertyValueSpecification","valueRequired":true,"valueName":"search_term_string"}}],"inLanguage":"es"},{"@type":"Organization","@id":"https:\/\/www.ip.gov.py\/ip\/#organization","name":"Agencia IP","url":"https:\/\/www.ip.gov.py\/ip\/","logo":{"@type":"ImageObject","inLanguage":"es","@id":"https:\/\/www.ip.gov.py\/ip\/#\/schema\/logo\/image\/","url":"https:\/\/www.ip.gov.py\/ip\/wp-content\/uploads\/2018\/01\/Agencia-IP.jpg","contentUrl":"https:\/\/www.ip.gov.py\/ip\/wp-content\/uploads\/2018\/01\/Agencia-IP.jpg","width":150,"height":150,"caption":"Agencia IP"},"image":{"@id":"https:\/\/www.ip.gov.py\/ip\/#\/schema\/logo\/image\/"},"sameAs":["https:\/\/www.facebook.com\/IPParaguay\/","https:\/\/x.com\/IPParaguay","https:\/\/www.instagram.com\/IPParaguay"]},{"@type":"Person","@id":"https:\/\/www.ip.gov.py\/ip\/#\/schema\/person\/791af27a9219bdbf9064abb776bb41c2","name":"Noelia Ferreira","sameAs":["http:\/\/www.ip.gov.py"],"url":"https:\/\/www.ip.gov.py\/ip\/author\/nferreira\/"}]}},"_links":{"self":[{"href":"https:\/\/www.ip.gov.py\/ip\/wp-json\/wp\/v2\/posts\/422595","targetHints":{"allow":["GET"]}}],"collection":[{"href":"https:\/\/www.ip.gov.py\/ip\/wp-json\/wp\/v2\/posts"}],"about":[{"href":"https:\/\/www.ip.gov.py\/ip\/wp-json\/wp\/v2\/types\/post"}],"author":[{"embeddable":true,"href":"https:\/\/www.ip.gov.py\/ip\/wp-json\/wp\/v2\/users\/23"}],"replies":[{"embeddable":true,"href":"https:\/\/www.ip.gov.py\/ip\/wp-json\/wp\/v2\/comments?post=422595"}],"version-history":[{"count":0,"href":"https:\/\/www.ip.gov.py\/ip\/wp-json\/wp\/v2\/posts\/422595\/revisions"}],"wp:featuredmedia":[{"embeddable":true,"href":"https:\/\/www.ip.gov.py\/ip\/wp-json\/wp\/v2\/media\/422596"}],"wp:attachment":[{"href":"https:\/\/www.ip.gov.py\/ip\/wp-json\/wp\/v2\/media?parent=422595"}],"wp:term":[{"taxonomy":"category","embeddable":true,"href":"https:\/\/www.ip.gov.py\/ip\/wp-json\/wp\/v2\/categories?post=422595"},{"taxonomy":"post_tag","embeddable":true,"href":"https:\/\/www.ip.gov.py\/ip\/wp-json\/wp\/v2\/tags?post=422595"}],"curies":[{"name":"wp","href":"https:\/\/api.w.org\/{rel}","templated":true}]}}