{"id":423943,"date":"2022-07-15T08:04:40","date_gmt":"2022-07-15T12:04:40","guid":{"rendered":"https:\/\/www.ip.gov.py\/ip\/?p=423943"},"modified":"2022-08-01T10:59:00","modified_gmt":"2022-08-01T14:59:00","slug":"embajadora-paraguaya-en-francia-presentara-un-pais-joven-competitivo-y-con-mucho-talento","status":"publish","type":"post","link":"https:\/\/www.ip.gov.py\/ip\/2022\/07\/15\/embajadora-paraguaya-en-francia-presentara-un-pais-joven-competitivo-y-con-mucho-talento\/","title":{"rendered":"Embajadora paraguaya en Francia presentar\u00e1 un pa\u00eds joven, competitivo y con mucho talento"},"content":{"rendered":"<p style=\"text-align: justify;\"><em><strong>Asunci\u00f3n, Agencia IP.-<\/strong> <\/em>La embajadora del Paraguay ante Francia, Cythia Fil\u00e1rtiga, quien prepara su misi\u00f3n de representar al pa\u00eds ante la Naci\u00f3n europea, realiza permanentes reuniones con autoridades nacionales y sociedad civil para socializar su plan de trabajo, que fuera presentado al Congreso para la aprobaci\u00f3n de su nombramiento, de manera a generar un puente con una de las potencias del mundo.<\/p>\n<p style=\"text-align: justify;\"><!--more--><br \/>\nDiplom\u00e1tica de carrera, con amplia trayectoria en sedes diplom\u00e1ticas como Argentina, Colombia y Brasil, como tambi\u00e9n en la Cooperaci\u00f3n Internacional, Fil\u00e1rtiga quien a\u00fan se desempe\u00f1a como Directora General de Pol\u00edtica Bilateral en la Canciller\u00eda Paraguaya, hizo una breve parada en el programa Tribuna de Paraguay TV, para exponer su Master Plan.<\/p>\n<p style=\"text-align: justify;\">Al hacer un repaso en su plan de trabajo, en el relacionamiento pol\u00edtico, la embajadora dijo que enfatizar\u00e1 el di\u00e1logo pol\u00edtico de alto nivel, propiciar visitas oficiales, apoyar las gestiones del Acuerdo Mercosur \u2013 Uni\u00f3n Europea, fomentar la cooperaci\u00f3n en defensa y seguridad, entre otros temas.<\/p>\n<p style=\"text-align: justify;\">En el \u00e1rea de la diplomacia econ\u00f3mica para el desarrollo, Fil\u00e1rtiga mencion\u00f3 que har\u00e1 \u00e9nfasis en la promoci\u00f3n comercial, promoci\u00f3n de inversiones e intercambio interinstitucional entre los ministerios de econom\u00eda, hacienda, comercio y otros.<\/p>\n<p style=\"text-align: justify;\">Adem\u00e1s, manifest\u00f3 que har\u00e1 especial \u00e9nfasis en la diplomacia cultural con la promoci\u00f3n de las artes, la gastronom\u00eda, el turismo, apoyo a las industrias culturales, tur\u00edstica y en el \u00e1mbito del deporte. \u201cParaguay puede ofrecer productos con valor agregado, de calidad\u201d, sostuvo.<\/p>\n<p style=\"text-align: justify;\">La diplom\u00e1tica destac\u00f3 que en el 2023 Francia ser\u00e1 sede del mundial de Rugby y en el 2024, Par\u00eds, la ciudad luz, ser\u00e1 sede de los Juegos Ol\u00edmpicos. En ese sentido, mencion\u00f3 que esta semana se reuni\u00f3 con el Ministro de Deportes, Diego Galeano Harrison, a fin de generar la inclusi\u00f3n del deporte en su agenda de trabajo.<\/p>\n<p style=\"text-align: justify;\">En su hoja de ruta, la atenci\u00f3n a los connacionales ser\u00e1 clave, por lo que dijo que ser\u00e1 su prioridad mantener un fluido relacionamiento con las autoridades migratorias, policiales y penitenciarias; buscar\u00e1 asegurar la eficiencia de los servicios de atenci\u00f3n a paraguayos en Francia; brindar herramientas de apoyo para la inserci\u00f3n laboral de los connacionales y la coordinaci\u00f3n de acciones descentralizadas a nivel regional.<\/p>\n<p>Al ser consultada sobre cu\u00e1l ser\u00e1 el Paraguay que estar\u00e1 representada por la misi\u00f3n diplom\u00e1tica en Francia, la embajadora sentenci\u00f3: \u201cpresentar\u00e9 a Paraguay joven, competitivo y con mucho talento, esa ser\u00e1 la imagen de nuestro pa\u00eds en Francia\u201d<\/p>\n","protected":false},"excerpt":{"rendered":"<p>Asunci\u00f3n, Agencia IP.- La embajadora del Paraguay ante Francia, Cythia Fil\u00e1rtiga, quien prepara su misi\u00f3n de representar al pa\u00eds ante la Naci\u00f3n europea, realiza permanentes reuniones con autoridades nacionales y sociedad civil para socializar su plan de trabajo, que fuera presentado al Congreso para la aprobaci\u00f3n de su nombramiento, de manera a generar un puente [&hellip;]<\/p>\n","protected":false},"author":2,"featured_media":423950,"comment_status":"closed","ping_status":"closed","sticky":false,"template":"","format":"standard","meta":{"_monsterinsights_skip_tracking":false,"_monsterinsights_sitenote_active":false,"_monsterinsights_sitenote_note":"","_monsterinsights_sitenote_category":0,"footnotes":""},"categories":[6],"tags":[2269,167,5356,162],"class_list":{"0":"post-423943","1":"post","2":"type-post","3":"status-publish","4":"format-standard","5":"has-post-thumbnail","7":"category-politica","8":"tag-embajadora","9":"tag-francia","10":"tag-mision","11":"tag-paraguay"},"yoast_head":"<!-- This site is optimized with the Yoast SEO plugin v27.5 - https:\/\/yoast.com\/product\/yoast-seo-wordpress\/ -->\n<title>Embajadora paraguaya en Francia presentar\u00e1 un pa\u00eds joven, competitivo y con mucho talento - .::Agencia IP::.<\/title>\n<meta name=\"robots\" content=\"index, follow, max-snippet:-1, max-image-preview:large, max-video-preview:-1\" \/>\n<link rel=\"canonical\" href=\"https:\/\/www.ip.gov.py\/ip\/2022\/07\/15\/embajadora-paraguaya-en-francia-presentara-un-pais-joven-competitivo-y-con-mucho-talento\/\" \/>\n<meta property=\"og:locale\" content=\"es_ES\" \/>\n<meta property=\"og:type\" content=\"article\" \/>\n<meta property=\"og:title\" content=\"Embajadora paraguaya en Francia presentar\u00e1 un pa\u00eds joven, competitivo y con mucho talento - .::Agencia IP::.\" \/>\n<meta property=\"og:description\" content=\"Asunci\u00f3n, Agencia IP.- La embajadora del Paraguay ante Francia, Cythia Fil\u00e1rtiga, quien prepara su misi\u00f3n de representar al pa\u00eds ante la Naci\u00f3n europea, realiza permanentes reuniones con autoridades nacionales y sociedad civil para socializar su plan de trabajo, que fuera presentado al Congreso para la aprobaci\u00f3n de su nombramiento, de manera a generar un puente [&hellip;]\" \/>\n<meta property=\"og:url\" content=\"https:\/\/www.ip.gov.py\/ip\/2022\/07\/15\/embajadora-paraguaya-en-francia-presentara-un-pais-joven-competitivo-y-con-mucho-talento\/\" \/>\n<meta property=\"og:site_name\" content=\".::Agencia IP::.\" \/>\n<meta property=\"article:publisher\" content=\"https:\/\/www.facebook.com\/IPParaguay\/\" \/>\n<meta property=\"article:published_time\" content=\"2022-07-15T12:04:40+00:00\" \/>\n<meta property=\"article:modified_time\" content=\"2022-08-01T14:59:00+00:00\" \/>\n<meta property=\"og:image\" content=\"https:\/\/www.ip.gov.py\/ip\/wp-content\/uploads\/2022\/07\/WhatsApp-Image-2022-07-15-at-7.23.31-AM.jpeg\" \/>\n\t<meta property=\"og:image:width\" content=\"1280\" \/>\n\t<meta property=\"og:image:height\" content=\"853\" \/>\n\t<meta property=\"og:image:type\" content=\"image\/jpeg\" \/>\n<meta name=\"author\" content=\"Roque Mereles\" \/>\n<meta name=\"twitter:card\" content=\"summary_large_image\" \/>\n<meta name=\"twitter:creator\" content=\"@IPParaguay\" \/>\n<meta name=\"twitter:site\" content=\"@IPParaguay\" \/>\n<meta name=\"twitter:label1\" content=\"Escrito por\" \/>\n\t<meta name=\"twitter:data1\" content=\"Roque Mereles\" \/>\n\t<meta name=\"twitter:label2\" content=\"Tiempo de lectura\" \/>\n\t<meta name=\"twitter:data2\" content=\"2 minutos\" \/>\n<script type=\"application\/ld+json\" class=\"yoast-schema-graph\">{\"@context\":\"https:\\\/\\\/schema.org\",\"@graph\":[{\"@type\":\"Article\",\"@id\":\"https:\\\/\\\/www.ip.gov.py\\\/ip\\\/2022\\\/07\\\/15\\\/embajadora-paraguaya-en-francia-presentara-un-pais-joven-competitivo-y-con-mucho-talento\\\/#article\",\"isPartOf\":{\"@id\":\"https:\\\/\\\/www.ip.gov.py\\\/ip\\\/2022\\\/07\\\/15\\\/embajadora-paraguaya-en-francia-presentara-un-pais-joven-competitivo-y-con-mucho-talento\\\/\"},\"author\":{\"name\":\"Roque Mereles\",\"@id\":\"https:\\\/\\\/www.ip.gov.py\\\/ip\\\/#\\\/schema\\\/person\\\/7ec1ca00d0a9301ecc37fff902ff6741\"},\"headline\":\"Embajadora paraguaya en Francia presentar\u00e1 un pa\u00eds joven, competitivo y con mucho talento\",\"datePublished\":\"2022-07-15T12:04:40+00:00\",\"dateModified\":\"2022-08-01T14:59:00+00:00\",\"mainEntityOfPage\":{\"@id\":\"https:\\\/\\\/www.ip.gov.py\\\/ip\\\/2022\\\/07\\\/15\\\/embajadora-paraguaya-en-francia-presentara-un-pais-joven-competitivo-y-con-mucho-talento\\\/\"},\"wordCount\":448,\"publisher\":{\"@id\":\"https:\\\/\\\/www.ip.gov.py\\\/ip\\\/#organization\"},\"image\":{\"@id\":\"https:\\\/\\\/www.ip.gov.py\\\/ip\\\/2022\\\/07\\\/15\\\/embajadora-paraguaya-en-francia-presentara-un-pais-joven-competitivo-y-con-mucho-talento\\\/#primaryimage\"},\"thumbnailUrl\":\"https:\\\/\\\/www.ip.gov.py\\\/ip\\\/wp-content\\\/uploads\\\/2022\\\/07\\\/WhatsApp-Image-2022-07-15-at-7.23.31-AM.jpeg\",\"keywords\":[\"embajadora\",\"Francia\",\"Misi\u00f3n\",\"paraguay\"],\"articleSection\":[\"Pol\u00edtica\"],\"inLanguage\":\"es\"},{\"@type\":\"WebPage\",\"@id\":\"https:\\\/\\\/www.ip.gov.py\\\/ip\\\/2022\\\/07\\\/15\\\/embajadora-paraguaya-en-francia-presentara-un-pais-joven-competitivo-y-con-mucho-talento\\\/\",\"url\":\"https:\\\/\\\/www.ip.gov.py\\\/ip\\\/2022\\\/07\\\/15\\\/embajadora-paraguaya-en-francia-presentara-un-pais-joven-competitivo-y-con-mucho-talento\\\/\",\"name\":\"Embajadora paraguaya en Francia presentar\u00e1 un pa\u00eds joven, competitivo y con mucho talento - .::Agencia IP::.\",\"isPartOf\":{\"@id\":\"https:\\\/\\\/www.ip.gov.py\\\/ip\\\/#website\"},\"primaryImageOfPage\":{\"@id\":\"https:\\\/\\\/www.ip.gov.py\\\/ip\\\/2022\\\/07\\\/15\\\/embajadora-paraguaya-en-francia-presentara-un-pais-joven-competitivo-y-con-mucho-talento\\\/#primaryimage\"},\"image\":{\"@id\":\"https:\\\/\\\/www.ip.gov.py\\\/ip\\\/2022\\\/07\\\/15\\\/embajadora-paraguaya-en-francia-presentara-un-pais-joven-competitivo-y-con-mucho-talento\\\/#primaryimage\"},\"thumbnailUrl\":\"https:\\\/\\\/www.ip.gov.py\\\/ip\\\/wp-content\\\/uploads\\\/2022\\\/07\\\/WhatsApp-Image-2022-07-15-at-7.23.31-AM.jpeg\",\"datePublished\":\"2022-07-15T12:04:40+00:00\",\"dateModified\":\"2022-08-01T14:59:00+00:00\",\"breadcrumb\":{\"@id\":\"https:\\\/\\\/www.ip.gov.py\\\/ip\\\/2022\\\/07\\\/15\\\/embajadora-paraguaya-en-francia-presentara-un-pais-joven-competitivo-y-con-mucho-talento\\\/#breadcrumb\"},\"inLanguage\":\"es\",\"potentialAction\":[{\"@type\":\"ReadAction\",\"target\":[\"https:\\\/\\\/www.ip.gov.py\\\/ip\\\/2022\\\/07\\\/15\\\/embajadora-paraguaya-en-francia-presentara-un-pais-joven-competitivo-y-con-mucho-talento\\\/\"]}]},{\"@type\":\"ImageObject\",\"inLanguage\":\"es\",\"@id\":\"https:\\\/\\\/www.ip.gov.py\\\/ip\\\/2022\\\/07\\\/15\\\/embajadora-paraguaya-en-francia-presentara-un-pais-joven-competitivo-y-con-mucho-talento\\\/#primaryimage\",\"url\":\"https:\\\/\\\/www.ip.gov.py\\\/ip\\\/wp-content\\\/uploads\\\/2022\\\/07\\\/WhatsApp-Image-2022-07-15-at-7.23.31-AM.jpeg\",\"contentUrl\":\"https:\\\/\\\/www.ip.gov.py\\\/ip\\\/wp-content\\\/uploads\\\/2022\\\/07\\\/WhatsApp-Image-2022-07-15-at-7.23.31-AM.jpeg\",\"width\":1280,\"height\":853},{\"@type\":\"BreadcrumbList\",\"@id\":\"https:\\\/\\\/www.ip.gov.py\\\/ip\\\/2022\\\/07\\\/15\\\/embajadora-paraguaya-en-francia-presentara-un-pais-joven-competitivo-y-con-mucho-talento\\\/#breadcrumb\",\"itemListElement\":[{\"@type\":\"ListItem\",\"position\":1,\"name\":\"Portada\",\"item\":\"https:\\\/\\\/www.ip.gov.py\\\/ip\\\/\"},{\"@type\":\"ListItem\",\"position\":2,\"name\":\"Embajadora paraguaya en Francia presentar\u00e1 un pa\u00eds joven, competitivo y con mucho talento\"}]},{\"@type\":\"WebSite\",\"@id\":\"https:\\\/\\\/www.ip.gov.py\\\/ip\\\/#website\",\"url\":\"https:\\\/\\\/www.ip.gov.py\\\/ip\\\/\",\"name\":\".::Agencia IP::.\",\"description\":\"\",\"publisher\":{\"@id\":\"https:\\\/\\\/www.ip.gov.py\\\/ip\\\/#organization\"},\"potentialAction\":[{\"@type\":\"SearchAction\",\"target\":{\"@type\":\"EntryPoint\",\"urlTemplate\":\"https:\\\/\\\/www.ip.gov.py\\\/ip\\\/?s={search_term_string}\"},\"query-input\":{\"@type\":\"PropertyValueSpecification\",\"valueRequired\":true,\"valueName\":\"search_term_string\"}}],\"inLanguage\":\"es\"},{\"@type\":\"Organization\",\"@id\":\"https:\\\/\\\/www.ip.gov.py\\\/ip\\\/#organization\",\"name\":\"Agencia IP\",\"url\":\"https:\\\/\\\/www.ip.gov.py\\\/ip\\\/\",\"logo\":{\"@type\":\"ImageObject\",\"inLanguage\":\"es\",\"@id\":\"https:\\\/\\\/www.ip.gov.py\\\/ip\\\/#\\\/schema\\\/logo\\\/image\\\/\",\"url\":\"https:\\\/\\\/www.ip.gov.py\\\/ip\\\/wp-content\\\/uploads\\\/2018\\\/01\\\/Agencia-IP.jpg\",\"contentUrl\":\"https:\\\/\\\/www.ip.gov.py\\\/ip\\\/wp-content\\\/uploads\\\/2018\\\/01\\\/Agencia-IP.jpg\",\"width\":150,\"height\":150,\"caption\":\"Agencia IP\"},\"image\":{\"@id\":\"https:\\\/\\\/www.ip.gov.py\\\/ip\\\/#\\\/schema\\\/logo\\\/image\\\/\"},\"sameAs\":[\"https:\\\/\\\/www.facebook.com\\\/IPParaguay\\\/\",\"https:\\\/\\\/x.com\\\/IPParaguay\",\"https:\\\/\\\/www.instagram.com\\\/IPParaguay\"]},{\"@type\":\"Person\",\"@id\":\"https:\\\/\\\/www.ip.gov.py\\\/ip\\\/#\\\/schema\\\/person\\\/7ec1ca00d0a9301ecc37fff902ff6741\",\"name\":\"Roque Mereles\",\"url\":\"https:\\\/\\\/www.ip.gov.py\\\/ip\\\/author\\\/rmereles\\\/\"}]}<\/script>\n<!-- \/ Yoast SEO plugin. -->","yoast_head_json":{"title":"Embajadora paraguaya en Francia presentar\u00e1 un pa\u00eds joven, competitivo y con mucho talento - .::Agencia IP::.","robots":{"index":"index","follow":"follow","max-snippet":"max-snippet:-1","max-image-preview":"max-image-preview:large","max-video-preview":"max-video-preview:-1"},"canonical":"https:\/\/www.ip.gov.py\/ip\/2022\/07\/15\/embajadora-paraguaya-en-francia-presentara-un-pais-joven-competitivo-y-con-mucho-talento\/","og_locale":"es_ES","og_type":"article","og_title":"Embajadora paraguaya en Francia presentar\u00e1 un pa\u00eds joven, competitivo y con mucho talento - .::Agencia IP::.","og_description":"Asunci\u00f3n, Agencia IP.- La embajadora del Paraguay ante Francia, Cythia Fil\u00e1rtiga, quien prepara su misi\u00f3n de representar al pa\u00eds ante la Naci\u00f3n europea, realiza permanentes reuniones con autoridades nacionales y sociedad civil para socializar su plan de trabajo, que fuera presentado al Congreso para la aprobaci\u00f3n de su nombramiento, de manera a generar un puente [&hellip;]","og_url":"https:\/\/www.ip.gov.py\/ip\/2022\/07\/15\/embajadora-paraguaya-en-francia-presentara-un-pais-joven-competitivo-y-con-mucho-talento\/","og_site_name":".::Agencia IP::.","article_publisher":"https:\/\/www.facebook.com\/IPParaguay\/","article_published_time":"2022-07-15T12:04:40+00:00","article_modified_time":"2022-08-01T14:59:00+00:00","og_image":[{"width":1280,"height":853,"url":"https:\/\/www.ip.gov.py\/ip\/wp-content\/uploads\/2022\/07\/WhatsApp-Image-2022-07-15-at-7.23.31-AM.jpeg","type":"image\/jpeg"}],"author":"Roque Mereles","twitter_card":"summary_large_image","twitter_creator":"@IPParaguay","twitter_site":"@IPParaguay","twitter_misc":{"Escrito por":"Roque Mereles","Tiempo de lectura":"2 minutos"},"schema":{"@context":"https:\/\/schema.org","@graph":[{"@type":"Article","@id":"https:\/\/www.ip.gov.py\/ip\/2022\/07\/15\/embajadora-paraguaya-en-francia-presentara-un-pais-joven-competitivo-y-con-mucho-talento\/#article","isPartOf":{"@id":"https:\/\/www.ip.gov.py\/ip\/2022\/07\/15\/embajadora-paraguaya-en-francia-presentara-un-pais-joven-competitivo-y-con-mucho-talento\/"},"author":{"name":"Roque Mereles","@id":"https:\/\/www.ip.gov.py\/ip\/#\/schema\/person\/7ec1ca00d0a9301ecc37fff902ff6741"},"headline":"Embajadora paraguaya en Francia presentar\u00e1 un pa\u00eds joven, competitivo y con mucho talento","datePublished":"2022-07-15T12:04:40+00:00","dateModified":"2022-08-01T14:59:00+00:00","mainEntityOfPage":{"@id":"https:\/\/www.ip.gov.py\/ip\/2022\/07\/15\/embajadora-paraguaya-en-francia-presentara-un-pais-joven-competitivo-y-con-mucho-talento\/"},"wordCount":448,"publisher":{"@id":"https:\/\/www.ip.gov.py\/ip\/#organization"},"image":{"@id":"https:\/\/www.ip.gov.py\/ip\/2022\/07\/15\/embajadora-paraguaya-en-francia-presentara-un-pais-joven-competitivo-y-con-mucho-talento\/#primaryimage"},"thumbnailUrl":"https:\/\/www.ip.gov.py\/ip\/wp-content\/uploads\/2022\/07\/WhatsApp-Image-2022-07-15-at-7.23.31-AM.jpeg","keywords":["embajadora","Francia","Misi\u00f3n","paraguay"],"articleSection":["Pol\u00edtica"],"inLanguage":"es"},{"@type":"WebPage","@id":"https:\/\/www.ip.gov.py\/ip\/2022\/07\/15\/embajadora-paraguaya-en-francia-presentara-un-pais-joven-competitivo-y-con-mucho-talento\/","url":"https:\/\/www.ip.gov.py\/ip\/2022\/07\/15\/embajadora-paraguaya-en-francia-presentara-un-pais-joven-competitivo-y-con-mucho-talento\/","name":"Embajadora paraguaya en Francia presentar\u00e1 un pa\u00eds joven, competitivo y con mucho talento - .::Agencia IP::.","isPartOf":{"@id":"https:\/\/www.ip.gov.py\/ip\/#website"},"primaryImageOfPage":{"@id":"https:\/\/www.ip.gov.py\/ip\/2022\/07\/15\/embajadora-paraguaya-en-francia-presentara-un-pais-joven-competitivo-y-con-mucho-talento\/#primaryimage"},"image":{"@id":"https:\/\/www.ip.gov.py\/ip\/2022\/07\/15\/embajadora-paraguaya-en-francia-presentara-un-pais-joven-competitivo-y-con-mucho-talento\/#primaryimage"},"thumbnailUrl":"https:\/\/www.ip.gov.py\/ip\/wp-content\/uploads\/2022\/07\/WhatsApp-Image-2022-07-15-at-7.23.31-AM.jpeg","datePublished":"2022-07-15T12:04:40+00:00","dateModified":"2022-08-01T14:59:00+00:00","breadcrumb":{"@id":"https:\/\/www.ip.gov.py\/ip\/2022\/07\/15\/embajadora-paraguaya-en-francia-presentara-un-pais-joven-competitivo-y-con-mucho-talento\/#breadcrumb"},"inLanguage":"es","potentialAction":[{"@type":"ReadAction","target":["https:\/\/www.ip.gov.py\/ip\/2022\/07\/15\/embajadora-paraguaya-en-francia-presentara-un-pais-joven-competitivo-y-con-mucho-talento\/"]}]},{"@type":"ImageObject","inLanguage":"es","@id":"https:\/\/www.ip.gov.py\/ip\/2022\/07\/15\/embajadora-paraguaya-en-francia-presentara-un-pais-joven-competitivo-y-con-mucho-talento\/#primaryimage","url":"https:\/\/www.ip.gov.py\/ip\/wp-content\/uploads\/2022\/07\/WhatsApp-Image-2022-07-15-at-7.23.31-AM.jpeg","contentUrl":"https:\/\/www.ip.gov.py\/ip\/wp-content\/uploads\/2022\/07\/WhatsApp-Image-2022-07-15-at-7.23.31-AM.jpeg","width":1280,"height":853},{"@type":"BreadcrumbList","@id":"https:\/\/www.ip.gov.py\/ip\/2022\/07\/15\/embajadora-paraguaya-en-francia-presentara-un-pais-joven-competitivo-y-con-mucho-talento\/#breadcrumb","itemListElement":[{"@type":"ListItem","position":1,"name":"Portada","item":"https:\/\/www.ip.gov.py\/ip\/"},{"@type":"ListItem","position":2,"name":"Embajadora paraguaya en Francia presentar\u00e1 un pa\u00eds joven, competitivo y con mucho talento"}]},{"@type":"WebSite","@id":"https:\/\/www.ip.gov.py\/ip\/#website","url":"https:\/\/www.ip.gov.py\/ip\/","name":".::Agencia IP::.","description":"","publisher":{"@id":"https:\/\/www.ip.gov.py\/ip\/#organization"},"potentialAction":[{"@type":"SearchAction","target":{"@type":"EntryPoint","urlTemplate":"https:\/\/www.ip.gov.py\/ip\/?s={search_term_string}"},"query-input":{"@type":"PropertyValueSpecification","valueRequired":true,"valueName":"search_term_string"}}],"inLanguage":"es"},{"@type":"Organization","@id":"https:\/\/www.ip.gov.py\/ip\/#organization","name":"Agencia IP","url":"https:\/\/www.ip.gov.py\/ip\/","logo":{"@type":"ImageObject","inLanguage":"es","@id":"https:\/\/www.ip.gov.py\/ip\/#\/schema\/logo\/image\/","url":"https:\/\/www.ip.gov.py\/ip\/wp-content\/uploads\/2018\/01\/Agencia-IP.jpg","contentUrl":"https:\/\/www.ip.gov.py\/ip\/wp-content\/uploads\/2018\/01\/Agencia-IP.jpg","width":150,"height":150,"caption":"Agencia IP"},"image":{"@id":"https:\/\/www.ip.gov.py\/ip\/#\/schema\/logo\/image\/"},"sameAs":["https:\/\/www.facebook.com\/IPParaguay\/","https:\/\/x.com\/IPParaguay","https:\/\/www.instagram.com\/IPParaguay"]},{"@type":"Person","@id":"https:\/\/www.ip.gov.py\/ip\/#\/schema\/person\/7ec1ca00d0a9301ecc37fff902ff6741","name":"Roque Mereles","url":"https:\/\/www.ip.gov.py\/ip\/author\/rmereles\/"}]}},"_links":{"self":[{"href":"https:\/\/www.ip.gov.py\/ip\/wp-json\/wp\/v2\/posts\/423943","targetHints":{"allow":["GET"]}}],"collection":[{"href":"https:\/\/www.ip.gov.py\/ip\/wp-json\/wp\/v2\/posts"}],"about":[{"href":"https:\/\/www.ip.gov.py\/ip\/wp-json\/wp\/v2\/types\/post"}],"author":[{"embeddable":true,"href":"https:\/\/www.ip.gov.py\/ip\/wp-json\/wp\/v2\/users\/2"}],"replies":[{"embeddable":true,"href":"https:\/\/www.ip.gov.py\/ip\/wp-json\/wp\/v2\/comments?post=423943"}],"version-history":[{"count":0,"href":"https:\/\/www.ip.gov.py\/ip\/wp-json\/wp\/v2\/posts\/423943\/revisions"}],"wp:featuredmedia":[{"embeddable":true,"href":"https:\/\/www.ip.gov.py\/ip\/wp-json\/wp\/v2\/media\/423950"}],"wp:attachment":[{"href":"https:\/\/www.ip.gov.py\/ip\/wp-json\/wp\/v2\/media?parent=423943"}],"wp:term":[{"taxonomy":"category","embeddable":true,"href":"https:\/\/www.ip.gov.py\/ip\/wp-json\/wp\/v2\/categories?post=423943"},{"taxonomy":"post_tag","embeddable":true,"href":"https:\/\/www.ip.gov.py\/ip\/wp-json\/wp\/v2\/tags?post=423943"}],"curies":[{"name":"wp","href":"https:\/\/api.w.org\/{rel}","templated":true}]}}