{"id":424297,"date":"2022-07-19T08:42:27","date_gmt":"2022-07-19T12:42:27","guid":{"rendered":"https:\/\/www.ip.gov.py\/ip\/?p=424297"},"modified":"2022-07-19T08:42:27","modified_gmt":"2022-07-19T12:42:27","slug":"luis-lacalle-pou-propuso-al-resto-de-los-paises-del-mercosur-que-se-unan-al-tratado-de-libre-comercio-con-china","status":"publish","type":"post","link":"https:\/\/www.ip.gov.py\/ip\/2022\/07\/19\/luis-lacalle-pou-propuso-al-resto-de-los-paises-del-mercosur-que-se-unan-al-tratado-de-libre-comercio-con-china\/","title":{"rendered":"Luis Lacalle Pou propuso al resto de los pa\u00edses del Mercosur que se unan al Tratado de Libre Comercio con China"},"content":{"rendered":"<p style=\"text-align: justify;\"><em><strong>Montevideo.-<\/strong><\/em>Luis Lacalle Pou resalt\u00f3 la importancia de que Uruguay pueda avanzar \u201cen conjunto\u201d con el Mercado Com\u00fan del Sur (Mercosur) en un Tratado de Libre Comercio (TLC) con China.<!--more--><\/p>\n<p style=\"text-align: justify;\">\u201cLa idea es avanzar en conjunto. El Mercosur tiene mucha m\u00e1s potencia negociadora en conjunto que Uruguay solo\u201d, dijo el mandatario a la prensa luego de participar en el acto por el 192 aniversario de la Jura de la Constituci\u00f3n.<\/p>\n<p style=\"text-align: justify;\">El pasado 13 de julio, Lacalle Pou indic\u00f3 que el pa\u00eds sudamericano y el gigante asi\u00e1tico iniciar\u00edan las negociaciones para rubricar un TLC luego de que finalizara de manera \u201cpositiva\u201d el estudio de factibilidad que estaban haciendo ambas naciones.<\/p>\n<p style=\"text-align: justify;\">Este lunes, record\u00f3 que esa noticia no es nueva y que anteriores Gobiernos ya buscaron establecer un acuerdo de ese tipo. \u201cNosotros estamos convencidos de que nos ampara la normativa del Mercosur\u201d, apunt\u00f3 el presidente de Uruguay, quien agreg\u00f3 que \u201cya han habido algunas acciones de otros pa\u00edses que han tomado decisiones por fuera del consenso\u201d.<\/p>\n<p style=\"text-align: justify;\">Luego de esto, resalt\u00f3 que la idea es avanzar en conjunto, aunque aclar\u00f3 que Uruguay no est\u00e1 dispuesto a quedarse quieto, porque debe abrir el mercado y conseguir m\u00e1s empleo para su poblaci\u00f3n.<\/p>\n<p style=\"text-align: justify;\">\u201cLa idea inicial es que sea todos juntos. Tiene mucha m\u00e1s potencia negociadora el Mercosur que Uruguay solo. Lo que pasa es que si el Mercosur no pretende avanzar, Uruguay no se puede quedar congelado\u201d, subray\u00f3.<\/p>\n<p style=\"text-align: justify;\">Finalmente, consultado sobre si la pr\u00f3xima Cumbre del Mercosur ser\u00e1 tensa por este asunto, Lacalle Pou dijo que \u00e9l no ve\u00eda una situaci\u00f3n dram\u00e1tica.<\/p>\n<p style=\"text-align: justify;\">\u201cUstedes me han visto en todas las cumbres, que hasta ahora han sido virtuales, comentar hacia donde va Uruguay. Nadie se puede llamar a sorpresa con lo que Uruguay est\u00e1 tratando de hacer hace mucho tiempo\u201d, indic\u00f3. Y a\u00f1adi\u00f3: \u201cHay que ser firmes con las ideas y suaves con las personas. Uruguay va firme con su posici\u00f3n y con su camino porque es para el bien de los uruguayos\u201d.<\/p>\n<p style=\"text-align: justify;\">El presidente hab\u00eda hecho p\u00fablico en septiembre de 2021 que Uruguay y China pretend\u00edan avanzar en un acuerdo de estas caracter\u00edsticas, pese a la postura del Mercosur de no permitir que los pa\u00edses negocien acuerdos por fuera del bloque.<\/p>\n<p style=\"text-align: justify;\">En mayo, Lacalle Pou dijo que Uruguay tiene que romper con el \u201ccorset\u201d del proteccionismo del Mercosur y advirti\u00f3 a sus socios que, si no lo acompa\u00f1an, \u201ccon gusto\u201d los uruguayos ir\u00e1n \u201csolos\u201d, aunque se\u00f1al\u00f3 que no es un \u201cenamorado\u201d de los tratados de libre comercio.<\/p>\n<p style=\"text-align: justify;\">\u201cLo que le decimos a la Argentina, lo que le decimos a Brasil es \u2018entendemos que a veces tienen cierto proteccionismo\u2019, somos la quinta regi\u00f3n m\u00e1s proteccionista del mundo, pero Uruguay tiene que romper con ese corset\u201d, dijo en una entrevista telem\u00e1tica en el ciclo Democracia y Desarrollo, en Buenos Aires.<\/p>\n<p style=\"text-align: justify;\">El presidente uruguayo destac\u00f3 que Uruguay necesita \u201cabrirse al mundo\u201d, por lo que advirti\u00f3: \u201cSi se quiere acompa\u00f1ar se acompa\u00f1a, si no, con gusto vamos solos y no vamos a violentar el Mercosur, al cual pertenecemos y cumplimos todas las normas\u201d.<\/p>\n<p style=\"text-align: justify;\">El viernes pasado Argentina expres\u00f3 que el \u201cestudio preliminar de\u00a0 actibilidad\u201d que Uruguay ha realizado con China para suscribir un TLC deber\u00e1 ser tratado \u201chacia adentro\u201d del Mercosur y analizado \u201cpor todos los pa\u00edses miembros\u201d, se\u00f1alaron fuentes del \u00e1rea econ\u00f3mica de la Canciller\u00eda argentina.<\/p>\n<p style=\"text-align: justify;\">\u201cLa Secretar\u00eda de Relaciones Econ\u00f3micas Internacionales destac\u00f3 que est\u00e1 en etapa de evaluaci\u00f3n la decisi\u00f3n de Uruguay de comenzar pr\u00f3ximamente conversaciones para suscribir un Tratado de Libre Comercio (TLC) con China, sin la participaci\u00f3n del Mercosur\u201d, informaron las fuentes en un breve comunicado.<\/p>\n<p style=\"text-align: justify;\">Este mi\u00e9rcoles, Lacalle Pou viajar\u00e1 a Paraguay para participar en la Cumbre del Mercosur en la que Uruguay asumir\u00e1 la presidencia pro tempore del bloque.Infobae.<\/p>\n","protected":false},"excerpt":{"rendered":"<p>Montevideo.-Luis Lacalle Pou resalt\u00f3 la importancia de que Uruguay pueda avanzar \u201cen conjunto\u201d con el Mercado Com\u00fan del Sur (Mercosur) en un Tratado de Libre Comercio (TLC) con China.<\/p>\n","protected":false},"author":11,"featured_media":424300,"comment_status":"closed","ping_status":"closed","sticky":false,"template":"","format":"standard","meta":{"_monsterinsights_skip_tracking":false,"_monsterinsights_sitenote_active":false,"_monsterinsights_sitenote_note":"","_monsterinsights_sitenote_category":0,"footnotes":""},"categories":[5],"tags":[6128,320,1893,495,430],"class_list":{"0":"post-424297","1":"post","2":"type-post","3":"status-publish","4":"format-standard","5":"has-post-thumbnail","7":"category-internacionales","8":"tag-lacalle-pou","9":"tag-mercosur","10":"tag-negociacion","11":"tag-presidente","12":"tag-uruguay"},"yoast_head":"<!-- This site is optimized with the Yoast SEO plugin v27.5 - https:\/\/yoast.com\/product\/yoast-seo-wordpress\/ -->\n<title>Luis Lacalle Pou propuso al resto de los pa\u00edses del Mercosur que se unan al Tratado de Libre Comercio con China - .::Agencia IP::.<\/title>\n<meta name=\"robots\" content=\"index, follow, max-snippet:-1, max-image-preview:large, max-video-preview:-1\" \/>\n<link rel=\"canonical\" href=\"https:\/\/www.ip.gov.py\/ip\/2022\/07\/19\/luis-lacalle-pou-propuso-al-resto-de-los-paises-del-mercosur-que-se-unan-al-tratado-de-libre-comercio-con-china\/\" \/>\n<meta property=\"og:locale\" content=\"es_ES\" \/>\n<meta property=\"og:type\" content=\"article\" \/>\n<meta property=\"og:title\" content=\"Luis Lacalle Pou propuso al resto de los pa\u00edses del Mercosur que se unan al Tratado de Libre Comercio con China - .::Agencia IP::.\" \/>\n<meta property=\"og:description\" content=\"Montevideo.-Luis Lacalle Pou resalt\u00f3 la importancia de que Uruguay pueda avanzar \u201cen conjunto\u201d con el Mercado Com\u00fan del Sur (Mercosur) en un Tratado de Libre Comercio (TLC) con China.\" \/>\n<meta property=\"og:url\" content=\"https:\/\/www.ip.gov.py\/ip\/2022\/07\/19\/luis-lacalle-pou-propuso-al-resto-de-los-paises-del-mercosur-que-se-unan-al-tratado-de-libre-comercio-con-china\/\" \/>\n<meta property=\"og:site_name\" content=\".::Agencia IP::.\" \/>\n<meta property=\"article:publisher\" content=\"https:\/\/www.facebook.com\/IPParaguay\/\" \/>\n<meta property=\"article:published_time\" content=\"2022-07-19T12:42:27+00:00\" \/>\n<meta property=\"og:image\" content=\"https:\/\/www.ip.gov.py\/ip\/wp-content\/uploads\/2022\/07\/Luis-Lacalle-Pou.webp\" \/>\n\t<meta property=\"og:image:width\" content=\"768\" \/>\n\t<meta property=\"og:image:height\" content=\"512\" \/>\n\t<meta property=\"og:image:type\" content=\"image\/webp\" \/>\n<meta name=\"author\" content=\"vrios\" \/>\n<meta name=\"twitter:card\" content=\"summary_large_image\" \/>\n<meta name=\"twitter:creator\" content=\"@IPParaguay\" \/>\n<meta name=\"twitter:site\" content=\"@IPParaguay\" \/>\n<meta name=\"twitter:label1\" content=\"Escrito por\" \/>\n\t<meta name=\"twitter:data1\" content=\"vrios\" \/>\n\t<meta name=\"twitter:label2\" content=\"Tiempo de lectura\" \/>\n\t<meta name=\"twitter:data2\" content=\"3 minutos\" \/>\n<script type=\"application\/ld+json\" class=\"yoast-schema-graph\">{\"@context\":\"https:\\\/\\\/schema.org\",\"@graph\":[{\"@type\":\"Article\",\"@id\":\"https:\\\/\\\/www.ip.gov.py\\\/ip\\\/2022\\\/07\\\/19\\\/luis-lacalle-pou-propuso-al-resto-de-los-paises-del-mercosur-que-se-unan-al-tratado-de-libre-comercio-con-china\\\/#article\",\"isPartOf\":{\"@id\":\"https:\\\/\\\/www.ip.gov.py\\\/ip\\\/2022\\\/07\\\/19\\\/luis-lacalle-pou-propuso-al-resto-de-los-paises-del-mercosur-que-se-unan-al-tratado-de-libre-comercio-con-china\\\/\"},\"author\":{\"name\":\"vrios\",\"@id\":\"https:\\\/\\\/www.ip.gov.py\\\/ip\\\/#\\\/schema\\\/person\\\/fa3668852e893cb0423795330f919039\"},\"headline\":\"Luis Lacalle Pou propuso al resto de los pa\u00edses del Mercosur que se unan al Tratado de Libre Comercio con China\",\"datePublished\":\"2022-07-19T12:42:27+00:00\",\"mainEntityOfPage\":{\"@id\":\"https:\\\/\\\/www.ip.gov.py\\\/ip\\\/2022\\\/07\\\/19\\\/luis-lacalle-pou-propuso-al-resto-de-los-paises-del-mercosur-que-se-unan-al-tratado-de-libre-comercio-con-china\\\/\"},\"wordCount\":677,\"publisher\":{\"@id\":\"https:\\\/\\\/www.ip.gov.py\\\/ip\\\/#organization\"},\"image\":{\"@id\":\"https:\\\/\\\/www.ip.gov.py\\\/ip\\\/2022\\\/07\\\/19\\\/luis-lacalle-pou-propuso-al-resto-de-los-paises-del-mercosur-que-se-unan-al-tratado-de-libre-comercio-con-china\\\/#primaryimage\"},\"thumbnailUrl\":\"https:\\\/\\\/www.ip.gov.py\\\/ip\\\/wp-content\\\/uploads\\\/2022\\\/07\\\/Luis-Lacalle-Pou.webp\",\"keywords\":[\"Lacalle Pou\",\"Mercosur\",\"negociaci\u00f3n\",\"presidente\",\"Uruguay\"],\"articleSection\":[\"Internacionales\"],\"inLanguage\":\"es\"},{\"@type\":\"WebPage\",\"@id\":\"https:\\\/\\\/www.ip.gov.py\\\/ip\\\/2022\\\/07\\\/19\\\/luis-lacalle-pou-propuso-al-resto-de-los-paises-del-mercosur-que-se-unan-al-tratado-de-libre-comercio-con-china\\\/\",\"url\":\"https:\\\/\\\/www.ip.gov.py\\\/ip\\\/2022\\\/07\\\/19\\\/luis-lacalle-pou-propuso-al-resto-de-los-paises-del-mercosur-que-se-unan-al-tratado-de-libre-comercio-con-china\\\/\",\"name\":\"Luis Lacalle Pou propuso al resto de los pa\u00edses del Mercosur que se unan al Tratado de Libre Comercio con China - .::Agencia IP::.\",\"isPartOf\":{\"@id\":\"https:\\\/\\\/www.ip.gov.py\\\/ip\\\/#website\"},\"primaryImageOfPage\":{\"@id\":\"https:\\\/\\\/www.ip.gov.py\\\/ip\\\/2022\\\/07\\\/19\\\/luis-lacalle-pou-propuso-al-resto-de-los-paises-del-mercosur-que-se-unan-al-tratado-de-libre-comercio-con-china\\\/#primaryimage\"},\"image\":{\"@id\":\"https:\\\/\\\/www.ip.gov.py\\\/ip\\\/2022\\\/07\\\/19\\\/luis-lacalle-pou-propuso-al-resto-de-los-paises-del-mercosur-que-se-unan-al-tratado-de-libre-comercio-con-china\\\/#primaryimage\"},\"thumbnailUrl\":\"https:\\\/\\\/www.ip.gov.py\\\/ip\\\/wp-content\\\/uploads\\\/2022\\\/07\\\/Luis-Lacalle-Pou.webp\",\"datePublished\":\"2022-07-19T12:42:27+00:00\",\"breadcrumb\":{\"@id\":\"https:\\\/\\\/www.ip.gov.py\\\/ip\\\/2022\\\/07\\\/19\\\/luis-lacalle-pou-propuso-al-resto-de-los-paises-del-mercosur-que-se-unan-al-tratado-de-libre-comercio-con-china\\\/#breadcrumb\"},\"inLanguage\":\"es\",\"potentialAction\":[{\"@type\":\"ReadAction\",\"target\":[\"https:\\\/\\\/www.ip.gov.py\\\/ip\\\/2022\\\/07\\\/19\\\/luis-lacalle-pou-propuso-al-resto-de-los-paises-del-mercosur-que-se-unan-al-tratado-de-libre-comercio-con-china\\\/\"]}]},{\"@type\":\"ImageObject\",\"inLanguage\":\"es\",\"@id\":\"https:\\\/\\\/www.ip.gov.py\\\/ip\\\/2022\\\/07\\\/19\\\/luis-lacalle-pou-propuso-al-resto-de-los-paises-del-mercosur-que-se-unan-al-tratado-de-libre-comercio-con-china\\\/#primaryimage\",\"url\":\"https:\\\/\\\/www.ip.gov.py\\\/ip\\\/wp-content\\\/uploads\\\/2022\\\/07\\\/Luis-Lacalle-Pou.webp\",\"contentUrl\":\"https:\\\/\\\/www.ip.gov.py\\\/ip\\\/wp-content\\\/uploads\\\/2022\\\/07\\\/Luis-Lacalle-Pou.webp\",\"width\":768,\"height\":512,\"caption\":\"Efe\"},{\"@type\":\"BreadcrumbList\",\"@id\":\"https:\\\/\\\/www.ip.gov.py\\\/ip\\\/2022\\\/07\\\/19\\\/luis-lacalle-pou-propuso-al-resto-de-los-paises-del-mercosur-que-se-unan-al-tratado-de-libre-comercio-con-china\\\/#breadcrumb\",\"itemListElement\":[{\"@type\":\"ListItem\",\"position\":1,\"name\":\"Portada\",\"item\":\"https:\\\/\\\/www.ip.gov.py\\\/ip\\\/\"},{\"@type\":\"ListItem\",\"position\":2,\"name\":\"Luis Lacalle Pou propuso al resto de los pa\u00edses del Mercosur que se unan al Tratado de Libre Comercio con China\"}]},{\"@type\":\"WebSite\",\"@id\":\"https:\\\/\\\/www.ip.gov.py\\\/ip\\\/#website\",\"url\":\"https:\\\/\\\/www.ip.gov.py\\\/ip\\\/\",\"name\":\".::Agencia IP::.\",\"description\":\"\",\"publisher\":{\"@id\":\"https:\\\/\\\/www.ip.gov.py\\\/ip\\\/#organization\"},\"potentialAction\":[{\"@type\":\"SearchAction\",\"target\":{\"@type\":\"EntryPoint\",\"urlTemplate\":\"https:\\\/\\\/www.ip.gov.py\\\/ip\\\/?s={search_term_string}\"},\"query-input\":{\"@type\":\"PropertyValueSpecification\",\"valueRequired\":true,\"valueName\":\"search_term_string\"}}],\"inLanguage\":\"es\"},{\"@type\":\"Organization\",\"@id\":\"https:\\\/\\\/www.ip.gov.py\\\/ip\\\/#organization\",\"name\":\"Agencia IP\",\"url\":\"https:\\\/\\\/www.ip.gov.py\\\/ip\\\/\",\"logo\":{\"@type\":\"ImageObject\",\"inLanguage\":\"es\",\"@id\":\"https:\\\/\\\/www.ip.gov.py\\\/ip\\\/#\\\/schema\\\/logo\\\/image\\\/\",\"url\":\"https:\\\/\\\/www.ip.gov.py\\\/ip\\\/wp-content\\\/uploads\\\/2018\\\/01\\\/Agencia-IP.jpg\",\"contentUrl\":\"https:\\\/\\\/www.ip.gov.py\\\/ip\\\/wp-content\\\/uploads\\\/2018\\\/01\\\/Agencia-IP.jpg\",\"width\":150,\"height\":150,\"caption\":\"Agencia IP\"},\"image\":{\"@id\":\"https:\\\/\\\/www.ip.gov.py\\\/ip\\\/#\\\/schema\\\/logo\\\/image\\\/\"},\"sameAs\":[\"https:\\\/\\\/www.facebook.com\\\/IPParaguay\\\/\",\"https:\\\/\\\/x.com\\\/IPParaguay\",\"https:\\\/\\\/www.instagram.com\\\/IPParaguay\"]},{\"@type\":\"Person\",\"@id\":\"https:\\\/\\\/www.ip.gov.py\\\/ip\\\/#\\\/schema\\\/person\\\/fa3668852e893cb0423795330f919039\",\"name\":\"vrios\",\"url\":\"https:\\\/\\\/www.ip.gov.py\\\/ip\\\/author\\\/vrios\\\/\"}]}<\/script>\n<!-- \/ Yoast SEO plugin. -->","yoast_head_json":{"title":"Luis Lacalle Pou propuso al resto de los pa\u00edses del Mercosur que se unan al Tratado de Libre Comercio con China - .::Agencia IP::.","robots":{"index":"index","follow":"follow","max-snippet":"max-snippet:-1","max-image-preview":"max-image-preview:large","max-video-preview":"max-video-preview:-1"},"canonical":"https:\/\/www.ip.gov.py\/ip\/2022\/07\/19\/luis-lacalle-pou-propuso-al-resto-de-los-paises-del-mercosur-que-se-unan-al-tratado-de-libre-comercio-con-china\/","og_locale":"es_ES","og_type":"article","og_title":"Luis Lacalle Pou propuso al resto de los pa\u00edses del Mercosur que se unan al Tratado de Libre Comercio con China - .::Agencia IP::.","og_description":"Montevideo.-Luis Lacalle Pou resalt\u00f3 la importancia de que Uruguay pueda avanzar \u201cen conjunto\u201d con el Mercado Com\u00fan del Sur (Mercosur) en un Tratado de Libre Comercio (TLC) con China.","og_url":"https:\/\/www.ip.gov.py\/ip\/2022\/07\/19\/luis-lacalle-pou-propuso-al-resto-de-los-paises-del-mercosur-que-se-unan-al-tratado-de-libre-comercio-con-china\/","og_site_name":".::Agencia IP::.","article_publisher":"https:\/\/www.facebook.com\/IPParaguay\/","article_published_time":"2022-07-19T12:42:27+00:00","og_image":[{"width":768,"height":512,"url":"https:\/\/www.ip.gov.py\/ip\/wp-content\/uploads\/2022\/07\/Luis-Lacalle-Pou.webp","type":"image\/webp"}],"author":"vrios","twitter_card":"summary_large_image","twitter_creator":"@IPParaguay","twitter_site":"@IPParaguay","twitter_misc":{"Escrito por":"vrios","Tiempo de lectura":"3 minutos"},"schema":{"@context":"https:\/\/schema.org","@graph":[{"@type":"Article","@id":"https:\/\/www.ip.gov.py\/ip\/2022\/07\/19\/luis-lacalle-pou-propuso-al-resto-de-los-paises-del-mercosur-que-se-unan-al-tratado-de-libre-comercio-con-china\/#article","isPartOf":{"@id":"https:\/\/www.ip.gov.py\/ip\/2022\/07\/19\/luis-lacalle-pou-propuso-al-resto-de-los-paises-del-mercosur-que-se-unan-al-tratado-de-libre-comercio-con-china\/"},"author":{"name":"vrios","@id":"https:\/\/www.ip.gov.py\/ip\/#\/schema\/person\/fa3668852e893cb0423795330f919039"},"headline":"Luis Lacalle Pou propuso al resto de los pa\u00edses del Mercosur que se unan al Tratado de Libre Comercio con China","datePublished":"2022-07-19T12:42:27+00:00","mainEntityOfPage":{"@id":"https:\/\/www.ip.gov.py\/ip\/2022\/07\/19\/luis-lacalle-pou-propuso-al-resto-de-los-paises-del-mercosur-que-se-unan-al-tratado-de-libre-comercio-con-china\/"},"wordCount":677,"publisher":{"@id":"https:\/\/www.ip.gov.py\/ip\/#organization"},"image":{"@id":"https:\/\/www.ip.gov.py\/ip\/2022\/07\/19\/luis-lacalle-pou-propuso-al-resto-de-los-paises-del-mercosur-que-se-unan-al-tratado-de-libre-comercio-con-china\/#primaryimage"},"thumbnailUrl":"https:\/\/www.ip.gov.py\/ip\/wp-content\/uploads\/2022\/07\/Luis-Lacalle-Pou.webp","keywords":["Lacalle Pou","Mercosur","negociaci\u00f3n","presidente","Uruguay"],"articleSection":["Internacionales"],"inLanguage":"es"},{"@type":"WebPage","@id":"https:\/\/www.ip.gov.py\/ip\/2022\/07\/19\/luis-lacalle-pou-propuso-al-resto-de-los-paises-del-mercosur-que-se-unan-al-tratado-de-libre-comercio-con-china\/","url":"https:\/\/www.ip.gov.py\/ip\/2022\/07\/19\/luis-lacalle-pou-propuso-al-resto-de-los-paises-del-mercosur-que-se-unan-al-tratado-de-libre-comercio-con-china\/","name":"Luis Lacalle Pou propuso al resto de los pa\u00edses del Mercosur que se unan al Tratado de Libre Comercio con China - .::Agencia IP::.","isPartOf":{"@id":"https:\/\/www.ip.gov.py\/ip\/#website"},"primaryImageOfPage":{"@id":"https:\/\/www.ip.gov.py\/ip\/2022\/07\/19\/luis-lacalle-pou-propuso-al-resto-de-los-paises-del-mercosur-que-se-unan-al-tratado-de-libre-comercio-con-china\/#primaryimage"},"image":{"@id":"https:\/\/www.ip.gov.py\/ip\/2022\/07\/19\/luis-lacalle-pou-propuso-al-resto-de-los-paises-del-mercosur-que-se-unan-al-tratado-de-libre-comercio-con-china\/#primaryimage"},"thumbnailUrl":"https:\/\/www.ip.gov.py\/ip\/wp-content\/uploads\/2022\/07\/Luis-Lacalle-Pou.webp","datePublished":"2022-07-19T12:42:27+00:00","breadcrumb":{"@id":"https:\/\/www.ip.gov.py\/ip\/2022\/07\/19\/luis-lacalle-pou-propuso-al-resto-de-los-paises-del-mercosur-que-se-unan-al-tratado-de-libre-comercio-con-china\/#breadcrumb"},"inLanguage":"es","potentialAction":[{"@type":"ReadAction","target":["https:\/\/www.ip.gov.py\/ip\/2022\/07\/19\/luis-lacalle-pou-propuso-al-resto-de-los-paises-del-mercosur-que-se-unan-al-tratado-de-libre-comercio-con-china\/"]}]},{"@type":"ImageObject","inLanguage":"es","@id":"https:\/\/www.ip.gov.py\/ip\/2022\/07\/19\/luis-lacalle-pou-propuso-al-resto-de-los-paises-del-mercosur-que-se-unan-al-tratado-de-libre-comercio-con-china\/#primaryimage","url":"https:\/\/www.ip.gov.py\/ip\/wp-content\/uploads\/2022\/07\/Luis-Lacalle-Pou.webp","contentUrl":"https:\/\/www.ip.gov.py\/ip\/wp-content\/uploads\/2022\/07\/Luis-Lacalle-Pou.webp","width":768,"height":512,"caption":"Efe"},{"@type":"BreadcrumbList","@id":"https:\/\/www.ip.gov.py\/ip\/2022\/07\/19\/luis-lacalle-pou-propuso-al-resto-de-los-paises-del-mercosur-que-se-unan-al-tratado-de-libre-comercio-con-china\/#breadcrumb","itemListElement":[{"@type":"ListItem","position":1,"name":"Portada","item":"https:\/\/www.ip.gov.py\/ip\/"},{"@type":"ListItem","position":2,"name":"Luis Lacalle Pou propuso al resto de los pa\u00edses del Mercosur que se unan al Tratado de Libre Comercio con China"}]},{"@type":"WebSite","@id":"https:\/\/www.ip.gov.py\/ip\/#website","url":"https:\/\/www.ip.gov.py\/ip\/","name":".::Agencia IP::.","description":"","publisher":{"@id":"https:\/\/www.ip.gov.py\/ip\/#organization"},"potentialAction":[{"@type":"SearchAction","target":{"@type":"EntryPoint","urlTemplate":"https:\/\/www.ip.gov.py\/ip\/?s={search_term_string}"},"query-input":{"@type":"PropertyValueSpecification","valueRequired":true,"valueName":"search_term_string"}}],"inLanguage":"es"},{"@type":"Organization","@id":"https:\/\/www.ip.gov.py\/ip\/#organization","name":"Agencia IP","url":"https:\/\/www.ip.gov.py\/ip\/","logo":{"@type":"ImageObject","inLanguage":"es","@id":"https:\/\/www.ip.gov.py\/ip\/#\/schema\/logo\/image\/","url":"https:\/\/www.ip.gov.py\/ip\/wp-content\/uploads\/2018\/01\/Agencia-IP.jpg","contentUrl":"https:\/\/www.ip.gov.py\/ip\/wp-content\/uploads\/2018\/01\/Agencia-IP.jpg","width":150,"height":150,"caption":"Agencia IP"},"image":{"@id":"https:\/\/www.ip.gov.py\/ip\/#\/schema\/logo\/image\/"},"sameAs":["https:\/\/www.facebook.com\/IPParaguay\/","https:\/\/x.com\/IPParaguay","https:\/\/www.instagram.com\/IPParaguay"]},{"@type":"Person","@id":"https:\/\/www.ip.gov.py\/ip\/#\/schema\/person\/fa3668852e893cb0423795330f919039","name":"vrios","url":"https:\/\/www.ip.gov.py\/ip\/author\/vrios\/"}]}},"_links":{"self":[{"href":"https:\/\/www.ip.gov.py\/ip\/wp-json\/wp\/v2\/posts\/424297","targetHints":{"allow":["GET"]}}],"collection":[{"href":"https:\/\/www.ip.gov.py\/ip\/wp-json\/wp\/v2\/posts"}],"about":[{"href":"https:\/\/www.ip.gov.py\/ip\/wp-json\/wp\/v2\/types\/post"}],"author":[{"embeddable":true,"href":"https:\/\/www.ip.gov.py\/ip\/wp-json\/wp\/v2\/users\/11"}],"replies":[{"embeddable":true,"href":"https:\/\/www.ip.gov.py\/ip\/wp-json\/wp\/v2\/comments?post=424297"}],"version-history":[{"count":0,"href":"https:\/\/www.ip.gov.py\/ip\/wp-json\/wp\/v2\/posts\/424297\/revisions"}],"wp:featuredmedia":[{"embeddable":true,"href":"https:\/\/www.ip.gov.py\/ip\/wp-json\/wp\/v2\/media\/424300"}],"wp:attachment":[{"href":"https:\/\/www.ip.gov.py\/ip\/wp-json\/wp\/v2\/media?parent=424297"}],"wp:term":[{"taxonomy":"category","embeddable":true,"href":"https:\/\/www.ip.gov.py\/ip\/wp-json\/wp\/v2\/categories?post=424297"},{"taxonomy":"post_tag","embeddable":true,"href":"https:\/\/www.ip.gov.py\/ip\/wp-json\/wp\/v2\/tags?post=424297"}],"curies":[{"name":"wp","href":"https:\/\/api.w.org\/{rel}","templated":true}]}}