{"id":428831,"date":"2022-08-27T06:38:48","date_gmt":"2022-08-27T10:38:48","guid":{"rendered":"https:\/\/www.ip.gov.py\/ip\/?p=428831"},"modified":"2022-08-27T07:01:35","modified_gmt":"2022-08-27T11:01:35","slug":"el-papa-francisco-creara-cuatro-cardenales-latinoamericanos-este-sabado","status":"publish","type":"post","link":"https:\/\/www.ip.gov.py\/ip\/2022\/08\/27\/el-papa-francisco-creara-cuatro-cardenales-latinoamericanos-este-sabado\/","title":{"rendered":"El papa Francisco crear\u00e1 cuatro cardenales latinoamericanos este s\u00e1bado"},"content":{"rendered":"<p style=\"text-align: justify;\"><em><strong>Asunci\u00f3n, Agencia IP.-<\/strong><\/em> Desde hoy, la Iglesia Cat\u00f3lica contar\u00e1 con 20 nuevos cardenales, que ser\u00e1n creados por el papa Francisco durante el octavo consistorio de su Pontificado. En este marco, compartimos m\u00e1s detalles sobre este acontecimiento, as\u00ed como las expectativas de los nuevos Purpurados latinoamericanos.<!--more--><\/p>\n<p style=\"text-align: justify;\">Entre los 20 nuevos cardenales que el papa crear\u00e1 en el consistorio que se celebrar\u00e1 hoy en la Bas\u00edlica de San Pedro, cuatro provienen de Am\u00e9rica Latina. El acto se realizar\u00e1 a las 16:00 hora local de Roma (10:00 de Paraguay), inform\u00f3 Vatican News.<\/p>\n<p style=\"text-align: justify;\">Se trata del Monse\u00f1or Adalberto Mart\u00ednez Flores, arzobispo metropolitano de Asunci\u00f3n, en Paraguay (el primer cardenal en la historia de este pa\u00eds), el Monse\u00f1or Leonardo Ulrich Steiner, arzobispo metropolitano de Manaos, en Brasil; de Monse\u00f1or Paulo Cezar Costa, arzobispo metropolitano de Brasilia; Monse\u00f1or Jorge Enrique Jim\u00e9nez Carvajal, arzobispo em\u00e9rito de Cartagena de Indias, en Colombia.<\/p>\n<p style=\"text-align: justify;\">El papa Francisco anunci\u00f3 la convocatoria a este <a href=\"https:\/\/www.vatican.va\/content\/francesco\/es\/angelus\/2022\/documents\/20220529-regina-caeli.html\" rel=\"external\">consistorio luego de rezar el Regina Coeli del domingo 29 de mayo de 2022<\/a>.<\/p>\n<h4 style=\"text-align: justify;\"><strong>Las expectativas de los nuevos Purpurados latinoamericanos<\/strong><\/h4>\n<p style=\"text-align: justify;\"><strong>Monse\u00f1or Adalberto Mart\u00ednez Flores<\/strong><\/p>\n<p style=\"text-align: justify;\"><a href=\"https:\/\/www.vaticannews.va\/es\/iglesia\/news\/2022-06\/martinez-flores-el-papa-cumplio-una-promesa-que-todo-paraguay.html\">Monse\u00f1or Adalberto Mart\u00ednez Flores, quien desde el pasado marzo es arzobispo metropolitano de Asunci\u00f3n y se convertir\u00e1 en el primer cardenal en la historia del Paraguay<\/a>, nos confi\u00f3 que recuerda con especial afecto la Santa Misa de Francisco en \u00d1u Guaz\u00fa, durante el viaje apost\u00f3lico del Pont\u00edfice a tierras guaran\u00edes.<\/p>\n<p style=\"text-align: justify;\">\u201cAh\u00ed me toc\u00f3 estar m\u00e1s cerca de \u00e9l, estuvimos conversando y se ve\u00eda muy sereno, algo que he aprendido de \u00e9l, esa paz y serenidad que tiene a\u00fan en medio de tantos compromisos. Yo me sent\u00ed tan cercano a \u00e9l que ya no le tuteaba, sino que le daba del \u2018vos\u2019 sin darme cuenta, porque su cercan\u00eda era tanta que lo que me inspiraba era confianza\u00bb, dijo a Vatican News.<\/p>\n<p style=\"text-align: justify;\"><strong>Monse\u00f1or Jorge Enrique Jim\u00e9nez<\/strong><\/p>\n<p style=\"text-align: justify;\">\u201cEl desaf\u00edo de la Iglesia es dar esperanza a Colombia\u201d,<a href=\"https:\/\/www.vaticannews.va\/es\/iglesia\/news\/2022-05\/jimenez-carvajal-desafio-iglesia-dar-esperanza-a-colombia.html\">\u00a0coment\u00f3 Monse\u00f1or Jorge Enrique Jim\u00e9nez Carvajal<b>,\u00a0<\/b>el arzobispo em\u00e9rito de Cartagena de Indias, en Colombia<\/a>, quien es un gran conocedor de la Iglesia del continente tras casi una d\u00e9cada de servicio en el Celam.<\/p>\n<p style=\"text-align: justify;\">\u201cTodo en la Iglesia es para el servicio, todo. A pesar que nosotros, a veces, cometemos pecado y la burocratizamos, es todo lo contrario de la burocracia. La Iglesia Cat\u00f3lica, todos los servicios que presta, todas sus instituciones, son para servir y, de una manera muy concreta, no de imaginaci\u00f3n: Para anunciar el Evangelio de Jes\u00fas, no existimos para otra cosa\u201d, puntualiz\u00f3 Monse\u00f1or Jim\u00e9nez.<\/p>\n<p style=\"text-align: justify;\"><strong>Monse\u00f1or Leonardo Steiner<\/strong><\/p>\n<p style=\"text-align: justify;\">Por su parte, para <a href=\"https:\/\/www.vaticannews.va\/pt\/igreja\/news\/2022-07\/dom-leonardo-steiner-o-primeiro-cardeal-da-amazonia.html\">Monse\u00f1or Leonardo Steiner, arzobispo metropolitano de Manaos, quien ser\u00e1 el primer cardenal de la Amazon\u00eda<\/a>, el Sucesor de Pedro no olvida al pueblo de la Amazon\u00eda. \u201cEs una expresi\u00f3n de cari\u00f1o, acogida, cercan\u00eda y cuidado del Papa Francisco con toda la Amazon\u00eda. Con el nombramiento muchos fieles de la Amazonia han afirmado que el Papa no se olvida de la gente de all\u00ed. Veo que el nombramiento como cardenal confirma el afecto del Santo Padre por la Amazon\u00eda; estamos agradecidos por este afecto. La colaboraci\u00f3n que puedo prestar al Santo Padre es precisamente para que se recuerde la Amazonia, ya que en algunos momentos el Papa siempre nos recuerda que esta parte de Brasil est\u00e1 siempre en su coraz\u00f3n. Queremos corresponder a esta atenci\u00f3n del Santo Padre\u201d.<\/p>\n<p style=\"text-align: justify;\"><strong>Monse\u00f1or Paulo Cezar Costa<\/strong><\/p>\n<p style=\"text-align: justify;\"><a href=\"https:\/\/www.vaticannews.va\/pt\/igreja\/news\/2022-05\/dom-paulo-cezar-costa-obrigado-ao-papa-francisco-pela-confianca.html\">Monse\u00f1or Paulo Cezar Costa, arzobispo metropolitano de Brasilia<\/a>, agradeci\u00f3 la confianza del Santo Padre, y cont\u00f3 que conoce al Pont\u00edfice desde 2013, del tiempo de la JMJ, cuando ayud\u00f3 al Cardenal Orani, arzobispo de R\u00edo de Janeiro, en la organizaci\u00f3n.<\/p>\n<p style=\"text-align: justify;\">\u201cEl Papa Francisco es un hombre muy sencillo que es capaz de hablar de los problemas m\u00e1s complicados de la vida de la Iglesia y de las cosas simples de la vida, del d\u00eda a d\u00eda\u201d, asever\u00f3 Costa. \u201cEs un hombre que propone una Iglesia en salida, una Iglesia misionera, una Iglesia evangelizadora, una Iglesia que va al encuentro de las periferias humanas y existenciales y ahora propone para toda la Iglesia un camino de sinodalidad: que caminemos juntos\u201d.<\/p>\n<p style=\"text-align: justify;\"><strong>\u00bfQu\u00e9 es un consistorio?<\/strong><\/p>\n<p style=\"text-align: justify;\">En ocasi\u00f3n de la creaci\u00f3n de los nuevos cardenales, cabe destacar que, <a href=\"https:\/\/www.vatican.va\/archive\/cod-iuris-canonici\/cic_index_sp.html\" target=\"_blank\" rel=\"noopener\">seg\u00fan el canon 353 del C\u00f3digo de Derecho Can\u00f3nico<\/a>, los cardenales ayudan todos colegialmente al Pastor Supremo de la Iglesia, sobre todo en los consistorios, que son reuniones convocadas por el Romano Pont\u00edfice y bajo su presidencia. Hay Consistorios ordinarios y extraordinarios.<\/p>\n<p style=\"text-align: justify;\">Por un lado, al Consistorio ordinario se convoca al menos a todos los cardenales presentes en Roma para consultarles \u201csobre algunas cuestiones graves, pero que se presentan sin embargo m\u00e1s com\u00fanmente, o para realizar ciertos actos de m\u00e1xima solemnidad\u201d.<\/p>\n<p style=\"text-align: justify;\">Por otro lado, al Consistorio extraordinario, que se celebra cuando lo aconsejan necesidades especiales de la Iglesia o la gravedad de los asuntos que se deben tratar, todos los cardenales son convocados.<\/p>\n<p style=\"text-align: justify;\">El C\u00f3digo de Derecho Can\u00f3nico precisa, de todos modos, que \u201csolo el Consistorio ordinario en el que se celebran ciertas solemnidades puede ser p\u00fablico\u201d, es decir, cuando, adem\u00e1s de los cardenales, son admitidos prelados, representantes diplom\u00e1ticos de las sociedades civiles y otros invitados al acto.<\/p>\n<p style=\"text-align: justify;\">El Consistorio de este s\u00e1bado ser\u00e1 p\u00fablico. Adem\u00e1s de la creaci\u00f3n de nuevos cardenales, se proceder\u00e1 a la aprobaci\u00f3n de las causas de canonizaci\u00f3n de los Beatos: Giovanni Battista Scalabrini, fundador de la Congregaci\u00f3n de los Misioneros de San Carlos y de la Congregaci\u00f3n de las Hermanas Misioneras de San Carlos Borromeo, y de Art\u00e9mides Zaito, laico profeso \u00edtalo-argentino de los Salesianos de Don Bosco.<\/p>\n<p style=\"text-align: justify;\">De 18:00 a 20:00, se realizar\u00e1n las visitas de cortes\u00eda a los nuevos cardenales,\u00a0<a href=\"https:\/\/press.vatican.va\/content\/salastampa\/it\/bollettino\/pubblico\/2022\/08\/17\/0598\/01206.html\" rel=\"external\">seg\u00fan informa la Oficina de Celebraciones Lit\u00fargicas Pontificias<\/a>. Entretanto, el martes 30 de agosto, a las 17:30 en la Bas\u00edlica Vaticana, el Papa presidir\u00e1 la celebraci\u00f3n eucar\u00edstica con los nuevos cardenales y el Colegio Cardenalicio.<\/p>\n<p style=\"text-align: justify;\"><strong>Modificaci\u00f3n del rito del consistorio<\/strong><\/p>\n<p style=\"text-align: justify;\">En 2012, el Papa Benedicto XVI, para subrayar los dos aspectos que deben considerar el consistorio \u2013la nueva responsabilidad asumida por los cardenales y el contexto de oraci\u00f3n-, tras algunas variaciones en la praxis de los \u00faltimos consistorios, \u201cse ha considerado oportuno introducir algunos cambios menores, que han sido aprobados recientemente por el Santo Padre\u201d. As\u00ed lo explicaba\u00a0<a href=\"https:\/\/www.vatican.va\/news_services\/liturgy\/2012\/documents\/ns_lit_doc_20120218_concistoro_it.html\" rel=\"external\">una nota<\/a> de Monse\u00f1or Guido Marini, actual obispo de Tortona y anterior Maestro de Ceremonias del Sumo Pont\u00edfice.<\/p>\n<p style=\"text-align: justify;\">Como recordaba el mismo Benedicto XVI, el consistorio \u201ces un acontecimiento que suscita cada vez una emoci\u00f3n especial, y no s\u00f3lo en los que con estos ritos son admitidos a formar parte del Colegio cardenalicio, sino en toda la Iglesia, gozosa por este elocuente signo de unidad cat\u00f3lica. La ceremonia misma, en su estructura, pone de relieve el valor de la tarea que los nuevos cardenales est\u00e1n llamados a realizar colaborando estrechamente con el Sucesor de Pedro, e invita al pueblo de Dios a orar para que en su servicio estos hermanos nuestros permanezcan siempre fieles a Cristo hasta el sacrificio de su vida, si fuera necesario, y se dejen guiar \u00fanicamente por su Evangelio\u201d (<a href=\"https:\/\/www.vatican.va\/content\/benedict-xvi\/es\/homilies\/2007\/documents\/hf_ben-xvi_hom_20071124_consistory.html\" rel=\"external\">Homil\u00eda al consistorio ordinario p\u00fablico, 24 de noviembre de 2007<\/a>).<\/p>\n<p style=\"text-align: justify;\"><strong>Primer consistorio en una nueva fase de la pandemia<\/strong><\/p>\n<p style=\"text-align: justify;\">Este ser\u00e1 el octavo Consistorio del Pontificado de Francisco. El \u00faltimo, en plena pandemia de coronavirus,\u00a0<a href=\"https:\/\/www.vatican.va\/content\/francesco\/es\/homilies\/2020\/documents\/papa-francesco_20201128_omelia-concistoro.html\" rel=\"external\">se celebr\u00f3 el 28 de noviembre de 2020<\/a>.<\/p>\n<p style=\"text-align: justify;\">En aquella oportunidad, durante su\u00a0<a href=\"https:\/\/www.vaticannews.va\/es\/papa\/news\/2020-11\/consistorio-papa-francisco-permanecer-vigilantes-camino-jesus.html\">homil\u00eda<\/a>, el Sucesor de Pedro record\u00f3 que \u201ctambi\u00e9n nosotros, Papa y cardenales, tenemos que reflejarnos siempre en esta Palabra de verdad. Es una espada afilada, nos corta, es dolorosa, pero al mismo tiempo nos cura, nos libera, nos convierte. Conversi\u00f3n es justamente esto: desde fuera del camino, volver al camino de Dios\u201d.<\/p>\n<p style=\"text-align: justify;\"><strong>\u00bfC\u00f3mo se podr\u00e1 seguir el consistorio?<\/strong><\/p>\n<p style=\"text-align: justify;\">Como es habitual, el consistorio ordinario p\u00fablico se transmitir\u00e1 en directo a trav\u00e9s de los canales oficiales de la Santa Sede:\u00a0<strong><a href=\"https:\/\/www.facebook.com\/vaticannews.es\" target=\"_blank\" rel=\"external nofollow noopener\">Facebook Live<\/a>,\u00a0<a href=\"https:\/\/www.youtube.com\/watch?v=0nwLZiSb8lk\" target=\"_blank\" rel=\"external nofollow noopener\">canal de YouTube Vatican News en espa\u00f1ol<\/a>\u00a0y\u00a0<a href=\"https:\/\/www.vaticannews.va\/es.html\">nuestro sitio web<\/a>.<\/strong><\/p>\n","protected":false},"excerpt":{"rendered":"<p>Asunci\u00f3n, Agencia IP.- Desde hoy, la Iglesia Cat\u00f3lica contar\u00e1 con 20 nuevos cardenales, que ser\u00e1n creados por el papa Francisco durante el octavo consistorio de su Pontificado. En este marco, compartimos m\u00e1s detalles sobre este acontecimiento, as\u00ed como las expectativas de los nuevos Purpurados latinoamericanos.<\/p>\n","protected":false},"author":23,"featured_media":428832,"comment_status":"closed","ping_status":"closed","sticky":false,"template":"","format":"standard","meta":{"_monsterinsights_skip_tracking":false,"_monsterinsights_sitenote_active":false,"_monsterinsights_sitenote_note":"","_monsterinsights_sitenote_category":0,"footnotes":""},"categories":[5],"tags":[13185,2121,1391],"class_list":{"0":"post-428831","1":"post","2":"type-post","3":"status-publish","4":"format-standard","5":"has-post-thumbnail","7":"category-internacionales","8":"tag-cardenales","9":"tag-papa-francisco","10":"tag-vaticano"},"yoast_head":"<!-- This site is optimized with the Yoast SEO plugin v27.5 - https:\/\/yoast.com\/product\/yoast-seo-wordpress\/ -->\n<title>El papa Francisco crear\u00e1 cuatro cardenales latinoamericanos este s\u00e1bado - .::Agencia IP::.<\/title>\n<meta name=\"robots\" content=\"index, follow, max-snippet:-1, max-image-preview:large, max-video-preview:-1\" \/>\n<link rel=\"canonical\" href=\"https:\/\/www.ip.gov.py\/ip\/2022\/08\/27\/el-papa-francisco-creara-cuatro-cardenales-latinoamericanos-este-sabado\/\" \/>\n<meta property=\"og:locale\" content=\"es_ES\" \/>\n<meta property=\"og:type\" content=\"article\" \/>\n<meta property=\"og:title\" content=\"El papa Francisco crear\u00e1 cuatro cardenales latinoamericanos este s\u00e1bado - .::Agencia IP::.\" \/>\n<meta property=\"og:description\" content=\"Asunci\u00f3n, Agencia IP.- Desde hoy, la Iglesia Cat\u00f3lica contar\u00e1 con 20 nuevos cardenales, que ser\u00e1n creados por el papa Francisco durante el octavo consistorio de su Pontificado. En este marco, compartimos m\u00e1s detalles sobre este acontecimiento, as\u00ed como las expectativas de los nuevos Purpurados latinoamericanos.\" \/>\n<meta property=\"og:url\" content=\"https:\/\/www.ip.gov.py\/ip\/2022\/08\/27\/el-papa-francisco-creara-cuatro-cardenales-latinoamericanos-este-sabado\/\" \/>\n<meta property=\"og:site_name\" content=\".::Agencia IP::.\" \/>\n<meta property=\"article:publisher\" content=\"https:\/\/www.facebook.com\/IPParaguay\/\" \/>\n<meta property=\"article:published_time\" content=\"2022-08-27T10:38:48+00:00\" \/>\n<meta property=\"article:modified_time\" content=\"2022-08-27T11:01:35+00:00\" \/>\n<meta property=\"og:image\" content=\"https:\/\/www.ip.gov.py\/ip\/wp-content\/uploads\/2022\/08\/cq5dam.thumbnail.cropped.1000.563.jpeg\" \/>\n\t<meta property=\"og:image:width\" content=\"1000\" \/>\n\t<meta property=\"og:image:height\" content=\"563\" \/>\n\t<meta property=\"og:image:type\" content=\"image\/jpeg\" \/>\n<meta name=\"author\" content=\"Noelia Ferreira\" \/>\n<meta name=\"twitter:card\" content=\"summary_large_image\" \/>\n<meta name=\"twitter:creator\" content=\"@IPParaguay\" \/>\n<meta name=\"twitter:site\" content=\"@IPParaguay\" \/>\n<meta name=\"twitter:label1\" content=\"Escrito por\" \/>\n\t<meta name=\"twitter:data1\" content=\"Noelia Ferreira\" \/>\n\t<meta name=\"twitter:label2\" content=\"Tiempo de lectura\" \/>\n\t<meta name=\"twitter:data2\" content=\"6 minutos\" \/>\n<script type=\"application\/ld+json\" class=\"yoast-schema-graph\">{\"@context\":\"https:\\\/\\\/schema.org\",\"@graph\":[{\"@type\":\"Article\",\"@id\":\"https:\\\/\\\/www.ip.gov.py\\\/ip\\\/2022\\\/08\\\/27\\\/el-papa-francisco-creara-cuatro-cardenales-latinoamericanos-este-sabado\\\/#article\",\"isPartOf\":{\"@id\":\"https:\\\/\\\/www.ip.gov.py\\\/ip\\\/2022\\\/08\\\/27\\\/el-papa-francisco-creara-cuatro-cardenales-latinoamericanos-este-sabado\\\/\"},\"author\":{\"name\":\"Noelia Ferreira\",\"@id\":\"https:\\\/\\\/www.ip.gov.py\\\/ip\\\/#\\\/schema\\\/person\\\/791af27a9219bdbf9064abb776bb41c2\"},\"headline\":\"El papa Francisco crear\u00e1 cuatro cardenales latinoamericanos este s\u00e1bado\",\"datePublished\":\"2022-08-27T10:38:48+00:00\",\"dateModified\":\"2022-08-27T11:01:35+00:00\",\"mainEntityOfPage\":{\"@id\":\"https:\\\/\\\/www.ip.gov.py\\\/ip\\\/2022\\\/08\\\/27\\\/el-papa-francisco-creara-cuatro-cardenales-latinoamericanos-este-sabado\\\/\"},\"wordCount\":1390,\"publisher\":{\"@id\":\"https:\\\/\\\/www.ip.gov.py\\\/ip\\\/#organization\"},\"image\":{\"@id\":\"https:\\\/\\\/www.ip.gov.py\\\/ip\\\/2022\\\/08\\\/27\\\/el-papa-francisco-creara-cuatro-cardenales-latinoamericanos-este-sabado\\\/#primaryimage\"},\"thumbnailUrl\":\"https:\\\/\\\/www.ip.gov.py\\\/ip\\\/wp-content\\\/uploads\\\/2022\\\/08\\\/cq5dam.thumbnail.cropped.1000.563.jpeg\",\"keywords\":[\"Cardenales\",\"Papa Francisco\",\"Vaticano\"],\"articleSection\":[\"Internacionales\"],\"inLanguage\":\"es\"},{\"@type\":\"WebPage\",\"@id\":\"https:\\\/\\\/www.ip.gov.py\\\/ip\\\/2022\\\/08\\\/27\\\/el-papa-francisco-creara-cuatro-cardenales-latinoamericanos-este-sabado\\\/\",\"url\":\"https:\\\/\\\/www.ip.gov.py\\\/ip\\\/2022\\\/08\\\/27\\\/el-papa-francisco-creara-cuatro-cardenales-latinoamericanos-este-sabado\\\/\",\"name\":\"El papa Francisco crear\u00e1 cuatro cardenales latinoamericanos este s\u00e1bado - .::Agencia IP::.\",\"isPartOf\":{\"@id\":\"https:\\\/\\\/www.ip.gov.py\\\/ip\\\/#website\"},\"primaryImageOfPage\":{\"@id\":\"https:\\\/\\\/www.ip.gov.py\\\/ip\\\/2022\\\/08\\\/27\\\/el-papa-francisco-creara-cuatro-cardenales-latinoamericanos-este-sabado\\\/#primaryimage\"},\"image\":{\"@id\":\"https:\\\/\\\/www.ip.gov.py\\\/ip\\\/2022\\\/08\\\/27\\\/el-papa-francisco-creara-cuatro-cardenales-latinoamericanos-este-sabado\\\/#primaryimage\"},\"thumbnailUrl\":\"https:\\\/\\\/www.ip.gov.py\\\/ip\\\/wp-content\\\/uploads\\\/2022\\\/08\\\/cq5dam.thumbnail.cropped.1000.563.jpeg\",\"datePublished\":\"2022-08-27T10:38:48+00:00\",\"dateModified\":\"2022-08-27T11:01:35+00:00\",\"breadcrumb\":{\"@id\":\"https:\\\/\\\/www.ip.gov.py\\\/ip\\\/2022\\\/08\\\/27\\\/el-papa-francisco-creara-cuatro-cardenales-latinoamericanos-este-sabado\\\/#breadcrumb\"},\"inLanguage\":\"es\",\"potentialAction\":[{\"@type\":\"ReadAction\",\"target\":[\"https:\\\/\\\/www.ip.gov.py\\\/ip\\\/2022\\\/08\\\/27\\\/el-papa-francisco-creara-cuatro-cardenales-latinoamericanos-este-sabado\\\/\"]}]},{\"@type\":\"ImageObject\",\"inLanguage\":\"es\",\"@id\":\"https:\\\/\\\/www.ip.gov.py\\\/ip\\\/2022\\\/08\\\/27\\\/el-papa-francisco-creara-cuatro-cardenales-latinoamericanos-este-sabado\\\/#primaryimage\",\"url\":\"https:\\\/\\\/www.ip.gov.py\\\/ip\\\/wp-content\\\/uploads\\\/2022\\\/08\\\/cq5dam.thumbnail.cropped.1000.563.jpeg\",\"contentUrl\":\"https:\\\/\\\/www.ip.gov.py\\\/ip\\\/wp-content\\\/uploads\\\/2022\\\/08\\\/cq5dam.thumbnail.cropped.1000.563.jpeg\",\"width\":1000,\"height\":563,\"caption\":\"Foto: Vatican News\"},{\"@type\":\"BreadcrumbList\",\"@id\":\"https:\\\/\\\/www.ip.gov.py\\\/ip\\\/2022\\\/08\\\/27\\\/el-papa-francisco-creara-cuatro-cardenales-latinoamericanos-este-sabado\\\/#breadcrumb\",\"itemListElement\":[{\"@type\":\"ListItem\",\"position\":1,\"name\":\"Portada\",\"item\":\"https:\\\/\\\/www.ip.gov.py\\\/ip\\\/\"},{\"@type\":\"ListItem\",\"position\":2,\"name\":\"El papa Francisco crear\u00e1 cuatro cardenales latinoamericanos este s\u00e1bado\"}]},{\"@type\":\"WebSite\",\"@id\":\"https:\\\/\\\/www.ip.gov.py\\\/ip\\\/#website\",\"url\":\"https:\\\/\\\/www.ip.gov.py\\\/ip\\\/\",\"name\":\".::Agencia IP::.\",\"description\":\"\",\"publisher\":{\"@id\":\"https:\\\/\\\/www.ip.gov.py\\\/ip\\\/#organization\"},\"potentialAction\":[{\"@type\":\"SearchAction\",\"target\":{\"@type\":\"EntryPoint\",\"urlTemplate\":\"https:\\\/\\\/www.ip.gov.py\\\/ip\\\/?s={search_term_string}\"},\"query-input\":{\"@type\":\"PropertyValueSpecification\",\"valueRequired\":true,\"valueName\":\"search_term_string\"}}],\"inLanguage\":\"es\"},{\"@type\":\"Organization\",\"@id\":\"https:\\\/\\\/www.ip.gov.py\\\/ip\\\/#organization\",\"name\":\"Agencia IP\",\"url\":\"https:\\\/\\\/www.ip.gov.py\\\/ip\\\/\",\"logo\":{\"@type\":\"ImageObject\",\"inLanguage\":\"es\",\"@id\":\"https:\\\/\\\/www.ip.gov.py\\\/ip\\\/#\\\/schema\\\/logo\\\/image\\\/\",\"url\":\"https:\\\/\\\/www.ip.gov.py\\\/ip\\\/wp-content\\\/uploads\\\/2018\\\/01\\\/Agencia-IP.jpg\",\"contentUrl\":\"https:\\\/\\\/www.ip.gov.py\\\/ip\\\/wp-content\\\/uploads\\\/2018\\\/01\\\/Agencia-IP.jpg\",\"width\":150,\"height\":150,\"caption\":\"Agencia IP\"},\"image\":{\"@id\":\"https:\\\/\\\/www.ip.gov.py\\\/ip\\\/#\\\/schema\\\/logo\\\/image\\\/\"},\"sameAs\":[\"https:\\\/\\\/www.facebook.com\\\/IPParaguay\\\/\",\"https:\\\/\\\/x.com\\\/IPParaguay\",\"https:\\\/\\\/www.instagram.com\\\/IPParaguay\"]},{\"@type\":\"Person\",\"@id\":\"https:\\\/\\\/www.ip.gov.py\\\/ip\\\/#\\\/schema\\\/person\\\/791af27a9219bdbf9064abb776bb41c2\",\"name\":\"Noelia Ferreira\",\"sameAs\":[\"http:\\\/\\\/www.ip.gov.py\"],\"url\":\"https:\\\/\\\/www.ip.gov.py\\\/ip\\\/author\\\/nferreira\\\/\"}]}<\/script>\n<!-- \/ Yoast SEO plugin. -->","yoast_head_json":{"title":"El papa Francisco crear\u00e1 cuatro cardenales latinoamericanos este s\u00e1bado - .::Agencia IP::.","robots":{"index":"index","follow":"follow","max-snippet":"max-snippet:-1","max-image-preview":"max-image-preview:large","max-video-preview":"max-video-preview:-1"},"canonical":"https:\/\/www.ip.gov.py\/ip\/2022\/08\/27\/el-papa-francisco-creara-cuatro-cardenales-latinoamericanos-este-sabado\/","og_locale":"es_ES","og_type":"article","og_title":"El papa Francisco crear\u00e1 cuatro cardenales latinoamericanos este s\u00e1bado - .::Agencia IP::.","og_description":"Asunci\u00f3n, Agencia IP.- Desde hoy, la Iglesia Cat\u00f3lica contar\u00e1 con 20 nuevos cardenales, que ser\u00e1n creados por el papa Francisco durante el octavo consistorio de su Pontificado. En este marco, compartimos m\u00e1s detalles sobre este acontecimiento, as\u00ed como las expectativas de los nuevos Purpurados latinoamericanos.","og_url":"https:\/\/www.ip.gov.py\/ip\/2022\/08\/27\/el-papa-francisco-creara-cuatro-cardenales-latinoamericanos-este-sabado\/","og_site_name":".::Agencia IP::.","article_publisher":"https:\/\/www.facebook.com\/IPParaguay\/","article_published_time":"2022-08-27T10:38:48+00:00","article_modified_time":"2022-08-27T11:01:35+00:00","og_image":[{"width":1000,"height":563,"url":"https:\/\/www.ip.gov.py\/ip\/wp-content\/uploads\/2022\/08\/cq5dam.thumbnail.cropped.1000.563.jpeg","type":"image\/jpeg"}],"author":"Noelia Ferreira","twitter_card":"summary_large_image","twitter_creator":"@IPParaguay","twitter_site":"@IPParaguay","twitter_misc":{"Escrito por":"Noelia Ferreira","Tiempo de lectura":"6 minutos"},"schema":{"@context":"https:\/\/schema.org","@graph":[{"@type":"Article","@id":"https:\/\/www.ip.gov.py\/ip\/2022\/08\/27\/el-papa-francisco-creara-cuatro-cardenales-latinoamericanos-este-sabado\/#article","isPartOf":{"@id":"https:\/\/www.ip.gov.py\/ip\/2022\/08\/27\/el-papa-francisco-creara-cuatro-cardenales-latinoamericanos-este-sabado\/"},"author":{"name":"Noelia Ferreira","@id":"https:\/\/www.ip.gov.py\/ip\/#\/schema\/person\/791af27a9219bdbf9064abb776bb41c2"},"headline":"El papa Francisco crear\u00e1 cuatro cardenales latinoamericanos este s\u00e1bado","datePublished":"2022-08-27T10:38:48+00:00","dateModified":"2022-08-27T11:01:35+00:00","mainEntityOfPage":{"@id":"https:\/\/www.ip.gov.py\/ip\/2022\/08\/27\/el-papa-francisco-creara-cuatro-cardenales-latinoamericanos-este-sabado\/"},"wordCount":1390,"publisher":{"@id":"https:\/\/www.ip.gov.py\/ip\/#organization"},"image":{"@id":"https:\/\/www.ip.gov.py\/ip\/2022\/08\/27\/el-papa-francisco-creara-cuatro-cardenales-latinoamericanos-este-sabado\/#primaryimage"},"thumbnailUrl":"https:\/\/www.ip.gov.py\/ip\/wp-content\/uploads\/2022\/08\/cq5dam.thumbnail.cropped.1000.563.jpeg","keywords":["Cardenales","Papa Francisco","Vaticano"],"articleSection":["Internacionales"],"inLanguage":"es"},{"@type":"WebPage","@id":"https:\/\/www.ip.gov.py\/ip\/2022\/08\/27\/el-papa-francisco-creara-cuatro-cardenales-latinoamericanos-este-sabado\/","url":"https:\/\/www.ip.gov.py\/ip\/2022\/08\/27\/el-papa-francisco-creara-cuatro-cardenales-latinoamericanos-este-sabado\/","name":"El papa Francisco crear\u00e1 cuatro cardenales latinoamericanos este s\u00e1bado - .::Agencia IP::.","isPartOf":{"@id":"https:\/\/www.ip.gov.py\/ip\/#website"},"primaryImageOfPage":{"@id":"https:\/\/www.ip.gov.py\/ip\/2022\/08\/27\/el-papa-francisco-creara-cuatro-cardenales-latinoamericanos-este-sabado\/#primaryimage"},"image":{"@id":"https:\/\/www.ip.gov.py\/ip\/2022\/08\/27\/el-papa-francisco-creara-cuatro-cardenales-latinoamericanos-este-sabado\/#primaryimage"},"thumbnailUrl":"https:\/\/www.ip.gov.py\/ip\/wp-content\/uploads\/2022\/08\/cq5dam.thumbnail.cropped.1000.563.jpeg","datePublished":"2022-08-27T10:38:48+00:00","dateModified":"2022-08-27T11:01:35+00:00","breadcrumb":{"@id":"https:\/\/www.ip.gov.py\/ip\/2022\/08\/27\/el-papa-francisco-creara-cuatro-cardenales-latinoamericanos-este-sabado\/#breadcrumb"},"inLanguage":"es","potentialAction":[{"@type":"ReadAction","target":["https:\/\/www.ip.gov.py\/ip\/2022\/08\/27\/el-papa-francisco-creara-cuatro-cardenales-latinoamericanos-este-sabado\/"]}]},{"@type":"ImageObject","inLanguage":"es","@id":"https:\/\/www.ip.gov.py\/ip\/2022\/08\/27\/el-papa-francisco-creara-cuatro-cardenales-latinoamericanos-este-sabado\/#primaryimage","url":"https:\/\/www.ip.gov.py\/ip\/wp-content\/uploads\/2022\/08\/cq5dam.thumbnail.cropped.1000.563.jpeg","contentUrl":"https:\/\/www.ip.gov.py\/ip\/wp-content\/uploads\/2022\/08\/cq5dam.thumbnail.cropped.1000.563.jpeg","width":1000,"height":563,"caption":"Foto: Vatican News"},{"@type":"BreadcrumbList","@id":"https:\/\/www.ip.gov.py\/ip\/2022\/08\/27\/el-papa-francisco-creara-cuatro-cardenales-latinoamericanos-este-sabado\/#breadcrumb","itemListElement":[{"@type":"ListItem","position":1,"name":"Portada","item":"https:\/\/www.ip.gov.py\/ip\/"},{"@type":"ListItem","position":2,"name":"El papa Francisco crear\u00e1 cuatro cardenales latinoamericanos este s\u00e1bado"}]},{"@type":"WebSite","@id":"https:\/\/www.ip.gov.py\/ip\/#website","url":"https:\/\/www.ip.gov.py\/ip\/","name":".::Agencia IP::.","description":"","publisher":{"@id":"https:\/\/www.ip.gov.py\/ip\/#organization"},"potentialAction":[{"@type":"SearchAction","target":{"@type":"EntryPoint","urlTemplate":"https:\/\/www.ip.gov.py\/ip\/?s={search_term_string}"},"query-input":{"@type":"PropertyValueSpecification","valueRequired":true,"valueName":"search_term_string"}}],"inLanguage":"es"},{"@type":"Organization","@id":"https:\/\/www.ip.gov.py\/ip\/#organization","name":"Agencia IP","url":"https:\/\/www.ip.gov.py\/ip\/","logo":{"@type":"ImageObject","inLanguage":"es","@id":"https:\/\/www.ip.gov.py\/ip\/#\/schema\/logo\/image\/","url":"https:\/\/www.ip.gov.py\/ip\/wp-content\/uploads\/2018\/01\/Agencia-IP.jpg","contentUrl":"https:\/\/www.ip.gov.py\/ip\/wp-content\/uploads\/2018\/01\/Agencia-IP.jpg","width":150,"height":150,"caption":"Agencia IP"},"image":{"@id":"https:\/\/www.ip.gov.py\/ip\/#\/schema\/logo\/image\/"},"sameAs":["https:\/\/www.facebook.com\/IPParaguay\/","https:\/\/x.com\/IPParaguay","https:\/\/www.instagram.com\/IPParaguay"]},{"@type":"Person","@id":"https:\/\/www.ip.gov.py\/ip\/#\/schema\/person\/791af27a9219bdbf9064abb776bb41c2","name":"Noelia Ferreira","sameAs":["http:\/\/www.ip.gov.py"],"url":"https:\/\/www.ip.gov.py\/ip\/author\/nferreira\/"}]}},"_links":{"self":[{"href":"https:\/\/www.ip.gov.py\/ip\/wp-json\/wp\/v2\/posts\/428831","targetHints":{"allow":["GET"]}}],"collection":[{"href":"https:\/\/www.ip.gov.py\/ip\/wp-json\/wp\/v2\/posts"}],"about":[{"href":"https:\/\/www.ip.gov.py\/ip\/wp-json\/wp\/v2\/types\/post"}],"author":[{"embeddable":true,"href":"https:\/\/www.ip.gov.py\/ip\/wp-json\/wp\/v2\/users\/23"}],"replies":[{"embeddable":true,"href":"https:\/\/www.ip.gov.py\/ip\/wp-json\/wp\/v2\/comments?post=428831"}],"version-history":[{"count":0,"href":"https:\/\/www.ip.gov.py\/ip\/wp-json\/wp\/v2\/posts\/428831\/revisions"}],"wp:featuredmedia":[{"embeddable":true,"href":"https:\/\/www.ip.gov.py\/ip\/wp-json\/wp\/v2\/media\/428832"}],"wp:attachment":[{"href":"https:\/\/www.ip.gov.py\/ip\/wp-json\/wp\/v2\/media?parent=428831"}],"wp:term":[{"taxonomy":"category","embeddable":true,"href":"https:\/\/www.ip.gov.py\/ip\/wp-json\/wp\/v2\/categories?post=428831"},{"taxonomy":"post_tag","embeddable":true,"href":"https:\/\/www.ip.gov.py\/ip\/wp-json\/wp\/v2\/tags?post=428831"}],"curies":[{"name":"wp","href":"https:\/\/api.w.org\/{rel}","templated":true}]}}