{"id":429297,"date":"2022-08-31T08:37:12","date_gmt":"2022-08-31T12:37:12","guid":{"rendered":"https:\/\/www.ip.gov.py\/ip\/?p=429297"},"modified":"2022-08-31T08:37:12","modified_gmt":"2022-08-31T12:37:12","slug":"salud-publica-instala-tanque-para-2-000-litros-de-oxigeno-en-el-hospital-de-alberdi","status":"publish","type":"post","link":"https:\/\/www.ip.gov.py\/ip\/2022\/08\/31\/salud-publica-instala-tanque-para-2-000-litros-de-oxigeno-en-el-hospital-de-alberdi\/","title":{"rendered":"Salud P\u00fablica instala tanque para 2.000 litros de ox\u00edgeno en el Hospital de Alberdi"},"content":{"rendered":"<p style=\"text-align: justify;\"><em><strong>Asunci\u00f3n, Agencia IP.-<\/strong> <\/em>Un tanque para ox\u00edgeno con capacidad de hasta 2.000 litros de almacenamiento fue instalado por el Ministerio de Salud P\u00fablica en el Hospital Distrital de Alberdi, en el departamento de \u00d1eembuc\u00fa.<!--more--><\/p>\n<p style=\"text-align: justify;\">La cartera sanitaria detall\u00f3 que este establecimiento depend\u00eda de balones de ox\u00edgeno para suministr\u00e1rselo a los pacientes que precisaban de este soporte, sin embargo, a partir de ahora, la instituci\u00f3n refuerza la disponibilidad y la capacidad del centro asistencial con el tanque que ya se encuentra operativo.<\/p>\n<p style=\"text-align: justify;\">Esta instalaci\u00f3n favorece a los pobladores de Alberdi y zonas aleda\u00f1as. \u201cEl tanque garantiza una mayor disponibilidad, incluso previendo aumentos importantes en el consumo, m\u00e1s a\u00fan en esta \u00e9poca que favorece a la aparici\u00f3n de cuadros respiratorios\u201d, refiere el director de la XII Regi\u00f3n Sanitaria \u2013 \u00d1eembuc\u00fa, An\u00edbal Esp\u00ednola.<\/p>\n<p style=\"text-align: justify;\">Cabe mencionar que, en esta regi\u00f3n del pa\u00eds, otro servicio con disponibilidad de tanque de ox\u00edgeno es el hospital regional de Pilar y, pr\u00f3ximamente, el departamento contar\u00e1 con su propia planta generadora de ox\u00edgeno, para abastecer a los servicios de salud de \u00d1eembuc\u00fa.<\/p>\n","protected":false},"excerpt":{"rendered":"<p>Asunci\u00f3n, Agencia IP.- Un tanque para ox\u00edgeno con capacidad de hasta 2.000 litros de almacenamiento fue instalado por el Ministerio de Salud P\u00fablica en el Hospital Distrital de Alberdi, en el departamento de \u00d1eembuc\u00fa.<\/p>\n","protected":false},"author":23,"featured_media":429299,"comment_status":"closed","ping_status":"closed","sticky":false,"template":"","format":"standard","meta":{"_monsterinsights_skip_tracking":false,"_monsterinsights_sitenote_active":false,"_monsterinsights_sitenote_note":"","_monsterinsights_sitenote_category":0,"footnotes":""},"categories":[2987],"tags":[13247,705,6861,91,13246],"class_list":{"0":"post-429297","1":"post","2":"type-post","3":"status-publish","4":"format-standard","5":"has-post-thumbnail","7":"category-salud","8":"tag-hospital-de-alberdi","9":"tag-neembucu","10":"tag-oxigeno","11":"tag-salud-publica","12":"tag-tanque-para-oxigeno"},"yoast_head":"<!-- This site is optimized with the Yoast SEO plugin v27.5 - https:\/\/yoast.com\/product\/yoast-seo-wordpress\/ -->\n<title>Salud P\u00fablica instala tanque para 2.000 litros de ox\u00edgeno en el Hospital de Alberdi - .::Agencia IP::.<\/title>\n<meta name=\"robots\" content=\"index, follow, max-snippet:-1, max-image-preview:large, max-video-preview:-1\" \/>\n<link rel=\"canonical\" href=\"https:\/\/www.ip.gov.py\/ip\/2022\/08\/31\/salud-publica-instala-tanque-para-2-000-litros-de-oxigeno-en-el-hospital-de-alberdi\/\" \/>\n<meta property=\"og:locale\" content=\"es_ES\" \/>\n<meta property=\"og:type\" content=\"article\" \/>\n<meta property=\"og:title\" content=\"Salud P\u00fablica instala tanque para 2.000 litros de ox\u00edgeno en el Hospital de Alberdi - .::Agencia IP::.\" \/>\n<meta property=\"og:description\" content=\"Asunci\u00f3n, Agencia IP.- Un tanque para ox\u00edgeno con capacidad de hasta 2.000 litros de almacenamiento fue instalado por el Ministerio de Salud P\u00fablica en el Hospital Distrital de Alberdi, en el departamento de \u00d1eembuc\u00fa.\" \/>\n<meta property=\"og:url\" content=\"https:\/\/www.ip.gov.py\/ip\/2022\/08\/31\/salud-publica-instala-tanque-para-2-000-litros-de-oxigeno-en-el-hospital-de-alberdi\/\" \/>\n<meta property=\"og:site_name\" content=\".::Agencia IP::.\" \/>\n<meta property=\"article:publisher\" content=\"https:\/\/www.facebook.com\/IPParaguay\/\" \/>\n<meta property=\"article:published_time\" content=\"2022-08-31T12:37:12+00:00\" \/>\n<meta property=\"og:image\" content=\"https:\/\/www.ip.gov.py\/ip\/wp-content\/uploads\/2022\/08\/Tanque-Oxigeno-Alberdi.jpg\" \/>\n\t<meta property=\"og:image:width\" content=\"870\" \/>\n\t<meta property=\"og:image:height\" content=\"652\" \/>\n\t<meta property=\"og:image:type\" content=\"image\/jpeg\" \/>\n<meta name=\"author\" content=\"Noelia Ferreira\" \/>\n<meta name=\"twitter:card\" content=\"summary_large_image\" \/>\n<meta name=\"twitter:creator\" content=\"@IPParaguay\" \/>\n<meta name=\"twitter:site\" content=\"@IPParaguay\" \/>\n<meta name=\"twitter:label1\" content=\"Escrito por\" \/>\n\t<meta name=\"twitter:data1\" content=\"Noelia Ferreira\" \/>\n\t<meta name=\"twitter:label2\" content=\"Tiempo de lectura\" \/>\n\t<meta name=\"twitter:data2\" content=\"1 minuto\" \/>\n<script type=\"application\/ld+json\" class=\"yoast-schema-graph\">{\"@context\":\"https:\\\/\\\/schema.org\",\"@graph\":[{\"@type\":\"Article\",\"@id\":\"https:\\\/\\\/www.ip.gov.py\\\/ip\\\/2022\\\/08\\\/31\\\/salud-publica-instala-tanque-para-2-000-litros-de-oxigeno-en-el-hospital-de-alberdi\\\/#article\",\"isPartOf\":{\"@id\":\"https:\\\/\\\/www.ip.gov.py\\\/ip\\\/2022\\\/08\\\/31\\\/salud-publica-instala-tanque-para-2-000-litros-de-oxigeno-en-el-hospital-de-alberdi\\\/\"},\"author\":{\"name\":\"Noelia Ferreira\",\"@id\":\"https:\\\/\\\/www.ip.gov.py\\\/ip\\\/#\\\/schema\\\/person\\\/791af27a9219bdbf9064abb776bb41c2\"},\"headline\":\"Salud P\u00fablica instala tanque para 2.000 litros de ox\u00edgeno en el Hospital de Alberdi\",\"datePublished\":\"2022-08-31T12:37:12+00:00\",\"mainEntityOfPage\":{\"@id\":\"https:\\\/\\\/www.ip.gov.py\\\/ip\\\/2022\\\/08\\\/31\\\/salud-publica-instala-tanque-para-2-000-litros-de-oxigeno-en-el-hospital-de-alberdi\\\/\"},\"wordCount\":207,\"publisher\":{\"@id\":\"https:\\\/\\\/www.ip.gov.py\\\/ip\\\/#organization\"},\"image\":{\"@id\":\"https:\\\/\\\/www.ip.gov.py\\\/ip\\\/2022\\\/08\\\/31\\\/salud-publica-instala-tanque-para-2-000-litros-de-oxigeno-en-el-hospital-de-alberdi\\\/#primaryimage\"},\"thumbnailUrl\":\"https:\\\/\\\/www.ip.gov.py\\\/ip\\\/wp-content\\\/uploads\\\/2022\\\/08\\\/Tanque-Oxigeno-Alberdi.jpg\",\"keywords\":[\"Hospital de Alberdi\",\"\u00d1eembuc\u00fa\",\"ox\u00edgeno\",\"Salud P\u00fablica\",\"Tanque para ox\u00edgeno\"],\"articleSection\":[\"Salud\"],\"inLanguage\":\"es\"},{\"@type\":\"WebPage\",\"@id\":\"https:\\\/\\\/www.ip.gov.py\\\/ip\\\/2022\\\/08\\\/31\\\/salud-publica-instala-tanque-para-2-000-litros-de-oxigeno-en-el-hospital-de-alberdi\\\/\",\"url\":\"https:\\\/\\\/www.ip.gov.py\\\/ip\\\/2022\\\/08\\\/31\\\/salud-publica-instala-tanque-para-2-000-litros-de-oxigeno-en-el-hospital-de-alberdi\\\/\",\"name\":\"Salud P\u00fablica instala tanque para 2.000 litros de ox\u00edgeno en el Hospital de Alberdi - .::Agencia IP::.\",\"isPartOf\":{\"@id\":\"https:\\\/\\\/www.ip.gov.py\\\/ip\\\/#website\"},\"primaryImageOfPage\":{\"@id\":\"https:\\\/\\\/www.ip.gov.py\\\/ip\\\/2022\\\/08\\\/31\\\/salud-publica-instala-tanque-para-2-000-litros-de-oxigeno-en-el-hospital-de-alberdi\\\/#primaryimage\"},\"image\":{\"@id\":\"https:\\\/\\\/www.ip.gov.py\\\/ip\\\/2022\\\/08\\\/31\\\/salud-publica-instala-tanque-para-2-000-litros-de-oxigeno-en-el-hospital-de-alberdi\\\/#primaryimage\"},\"thumbnailUrl\":\"https:\\\/\\\/www.ip.gov.py\\\/ip\\\/wp-content\\\/uploads\\\/2022\\\/08\\\/Tanque-Oxigeno-Alberdi.jpg\",\"datePublished\":\"2022-08-31T12:37:12+00:00\",\"breadcrumb\":{\"@id\":\"https:\\\/\\\/www.ip.gov.py\\\/ip\\\/2022\\\/08\\\/31\\\/salud-publica-instala-tanque-para-2-000-litros-de-oxigeno-en-el-hospital-de-alberdi\\\/#breadcrumb\"},\"inLanguage\":\"es\",\"potentialAction\":[{\"@type\":\"ReadAction\",\"target\":[\"https:\\\/\\\/www.ip.gov.py\\\/ip\\\/2022\\\/08\\\/31\\\/salud-publica-instala-tanque-para-2-000-litros-de-oxigeno-en-el-hospital-de-alberdi\\\/\"]}]},{\"@type\":\"ImageObject\",\"inLanguage\":\"es\",\"@id\":\"https:\\\/\\\/www.ip.gov.py\\\/ip\\\/2022\\\/08\\\/31\\\/salud-publica-instala-tanque-para-2-000-litros-de-oxigeno-en-el-hospital-de-alberdi\\\/#primaryimage\",\"url\":\"https:\\\/\\\/www.ip.gov.py\\\/ip\\\/wp-content\\\/uploads\\\/2022\\\/08\\\/Tanque-Oxigeno-Alberdi.jpg\",\"contentUrl\":\"https:\\\/\\\/www.ip.gov.py\\\/ip\\\/wp-content\\\/uploads\\\/2022\\\/08\\\/Tanque-Oxigeno-Alberdi.jpg\",\"width\":870,\"height\":652,\"caption\":\"Foto: Salud P\u00fablica\"},{\"@type\":\"BreadcrumbList\",\"@id\":\"https:\\\/\\\/www.ip.gov.py\\\/ip\\\/2022\\\/08\\\/31\\\/salud-publica-instala-tanque-para-2-000-litros-de-oxigeno-en-el-hospital-de-alberdi\\\/#breadcrumb\",\"itemListElement\":[{\"@type\":\"ListItem\",\"position\":1,\"name\":\"Portada\",\"item\":\"https:\\\/\\\/www.ip.gov.py\\\/ip\\\/\"},{\"@type\":\"ListItem\",\"position\":2,\"name\":\"Salud P\u00fablica instala tanque para 2.000 litros de ox\u00edgeno en el Hospital de Alberdi\"}]},{\"@type\":\"WebSite\",\"@id\":\"https:\\\/\\\/www.ip.gov.py\\\/ip\\\/#website\",\"url\":\"https:\\\/\\\/www.ip.gov.py\\\/ip\\\/\",\"name\":\".::Agencia IP::.\",\"description\":\"\",\"publisher\":{\"@id\":\"https:\\\/\\\/www.ip.gov.py\\\/ip\\\/#organization\"},\"potentialAction\":[{\"@type\":\"SearchAction\",\"target\":{\"@type\":\"EntryPoint\",\"urlTemplate\":\"https:\\\/\\\/www.ip.gov.py\\\/ip\\\/?s={search_term_string}\"},\"query-input\":{\"@type\":\"PropertyValueSpecification\",\"valueRequired\":true,\"valueName\":\"search_term_string\"}}],\"inLanguage\":\"es\"},{\"@type\":\"Organization\",\"@id\":\"https:\\\/\\\/www.ip.gov.py\\\/ip\\\/#organization\",\"name\":\"Agencia IP\",\"url\":\"https:\\\/\\\/www.ip.gov.py\\\/ip\\\/\",\"logo\":{\"@type\":\"ImageObject\",\"inLanguage\":\"es\",\"@id\":\"https:\\\/\\\/www.ip.gov.py\\\/ip\\\/#\\\/schema\\\/logo\\\/image\\\/\",\"url\":\"https:\\\/\\\/www.ip.gov.py\\\/ip\\\/wp-content\\\/uploads\\\/2018\\\/01\\\/Agencia-IP.jpg\",\"contentUrl\":\"https:\\\/\\\/www.ip.gov.py\\\/ip\\\/wp-content\\\/uploads\\\/2018\\\/01\\\/Agencia-IP.jpg\",\"width\":150,\"height\":150,\"caption\":\"Agencia IP\"},\"image\":{\"@id\":\"https:\\\/\\\/www.ip.gov.py\\\/ip\\\/#\\\/schema\\\/logo\\\/image\\\/\"},\"sameAs\":[\"https:\\\/\\\/www.facebook.com\\\/IPParaguay\\\/\",\"https:\\\/\\\/x.com\\\/IPParaguay\",\"https:\\\/\\\/www.instagram.com\\\/IPParaguay\"]},{\"@type\":\"Person\",\"@id\":\"https:\\\/\\\/www.ip.gov.py\\\/ip\\\/#\\\/schema\\\/person\\\/791af27a9219bdbf9064abb776bb41c2\",\"name\":\"Noelia Ferreira\",\"sameAs\":[\"http:\\\/\\\/www.ip.gov.py\"],\"url\":\"https:\\\/\\\/www.ip.gov.py\\\/ip\\\/author\\\/nferreira\\\/\"}]}<\/script>\n<!-- \/ Yoast SEO plugin. -->","yoast_head_json":{"title":"Salud P\u00fablica instala tanque para 2.000 litros de ox\u00edgeno en el Hospital de Alberdi - .::Agencia IP::.","robots":{"index":"index","follow":"follow","max-snippet":"max-snippet:-1","max-image-preview":"max-image-preview:large","max-video-preview":"max-video-preview:-1"},"canonical":"https:\/\/www.ip.gov.py\/ip\/2022\/08\/31\/salud-publica-instala-tanque-para-2-000-litros-de-oxigeno-en-el-hospital-de-alberdi\/","og_locale":"es_ES","og_type":"article","og_title":"Salud P\u00fablica instala tanque para 2.000 litros de ox\u00edgeno en el Hospital de Alberdi - .::Agencia IP::.","og_description":"Asunci\u00f3n, Agencia IP.- Un tanque para ox\u00edgeno con capacidad de hasta 2.000 litros de almacenamiento fue instalado por el Ministerio de Salud P\u00fablica en el Hospital Distrital de Alberdi, en el departamento de \u00d1eembuc\u00fa.","og_url":"https:\/\/www.ip.gov.py\/ip\/2022\/08\/31\/salud-publica-instala-tanque-para-2-000-litros-de-oxigeno-en-el-hospital-de-alberdi\/","og_site_name":".::Agencia IP::.","article_publisher":"https:\/\/www.facebook.com\/IPParaguay\/","article_published_time":"2022-08-31T12:37:12+00:00","og_image":[{"width":870,"height":652,"url":"https:\/\/www.ip.gov.py\/ip\/wp-content\/uploads\/2022\/08\/Tanque-Oxigeno-Alberdi.jpg","type":"image\/jpeg"}],"author":"Noelia Ferreira","twitter_card":"summary_large_image","twitter_creator":"@IPParaguay","twitter_site":"@IPParaguay","twitter_misc":{"Escrito por":"Noelia Ferreira","Tiempo de lectura":"1 minuto"},"schema":{"@context":"https:\/\/schema.org","@graph":[{"@type":"Article","@id":"https:\/\/www.ip.gov.py\/ip\/2022\/08\/31\/salud-publica-instala-tanque-para-2-000-litros-de-oxigeno-en-el-hospital-de-alberdi\/#article","isPartOf":{"@id":"https:\/\/www.ip.gov.py\/ip\/2022\/08\/31\/salud-publica-instala-tanque-para-2-000-litros-de-oxigeno-en-el-hospital-de-alberdi\/"},"author":{"name":"Noelia Ferreira","@id":"https:\/\/www.ip.gov.py\/ip\/#\/schema\/person\/791af27a9219bdbf9064abb776bb41c2"},"headline":"Salud P\u00fablica instala tanque para 2.000 litros de ox\u00edgeno en el Hospital de Alberdi","datePublished":"2022-08-31T12:37:12+00:00","mainEntityOfPage":{"@id":"https:\/\/www.ip.gov.py\/ip\/2022\/08\/31\/salud-publica-instala-tanque-para-2-000-litros-de-oxigeno-en-el-hospital-de-alberdi\/"},"wordCount":207,"publisher":{"@id":"https:\/\/www.ip.gov.py\/ip\/#organization"},"image":{"@id":"https:\/\/www.ip.gov.py\/ip\/2022\/08\/31\/salud-publica-instala-tanque-para-2-000-litros-de-oxigeno-en-el-hospital-de-alberdi\/#primaryimage"},"thumbnailUrl":"https:\/\/www.ip.gov.py\/ip\/wp-content\/uploads\/2022\/08\/Tanque-Oxigeno-Alberdi.jpg","keywords":["Hospital de Alberdi","\u00d1eembuc\u00fa","ox\u00edgeno","Salud P\u00fablica","Tanque para ox\u00edgeno"],"articleSection":["Salud"],"inLanguage":"es"},{"@type":"WebPage","@id":"https:\/\/www.ip.gov.py\/ip\/2022\/08\/31\/salud-publica-instala-tanque-para-2-000-litros-de-oxigeno-en-el-hospital-de-alberdi\/","url":"https:\/\/www.ip.gov.py\/ip\/2022\/08\/31\/salud-publica-instala-tanque-para-2-000-litros-de-oxigeno-en-el-hospital-de-alberdi\/","name":"Salud P\u00fablica instala tanque para 2.000 litros de ox\u00edgeno en el Hospital de Alberdi - .::Agencia IP::.","isPartOf":{"@id":"https:\/\/www.ip.gov.py\/ip\/#website"},"primaryImageOfPage":{"@id":"https:\/\/www.ip.gov.py\/ip\/2022\/08\/31\/salud-publica-instala-tanque-para-2-000-litros-de-oxigeno-en-el-hospital-de-alberdi\/#primaryimage"},"image":{"@id":"https:\/\/www.ip.gov.py\/ip\/2022\/08\/31\/salud-publica-instala-tanque-para-2-000-litros-de-oxigeno-en-el-hospital-de-alberdi\/#primaryimage"},"thumbnailUrl":"https:\/\/www.ip.gov.py\/ip\/wp-content\/uploads\/2022\/08\/Tanque-Oxigeno-Alberdi.jpg","datePublished":"2022-08-31T12:37:12+00:00","breadcrumb":{"@id":"https:\/\/www.ip.gov.py\/ip\/2022\/08\/31\/salud-publica-instala-tanque-para-2-000-litros-de-oxigeno-en-el-hospital-de-alberdi\/#breadcrumb"},"inLanguage":"es","potentialAction":[{"@type":"ReadAction","target":["https:\/\/www.ip.gov.py\/ip\/2022\/08\/31\/salud-publica-instala-tanque-para-2-000-litros-de-oxigeno-en-el-hospital-de-alberdi\/"]}]},{"@type":"ImageObject","inLanguage":"es","@id":"https:\/\/www.ip.gov.py\/ip\/2022\/08\/31\/salud-publica-instala-tanque-para-2-000-litros-de-oxigeno-en-el-hospital-de-alberdi\/#primaryimage","url":"https:\/\/www.ip.gov.py\/ip\/wp-content\/uploads\/2022\/08\/Tanque-Oxigeno-Alberdi.jpg","contentUrl":"https:\/\/www.ip.gov.py\/ip\/wp-content\/uploads\/2022\/08\/Tanque-Oxigeno-Alberdi.jpg","width":870,"height":652,"caption":"Foto: Salud P\u00fablica"},{"@type":"BreadcrumbList","@id":"https:\/\/www.ip.gov.py\/ip\/2022\/08\/31\/salud-publica-instala-tanque-para-2-000-litros-de-oxigeno-en-el-hospital-de-alberdi\/#breadcrumb","itemListElement":[{"@type":"ListItem","position":1,"name":"Portada","item":"https:\/\/www.ip.gov.py\/ip\/"},{"@type":"ListItem","position":2,"name":"Salud P\u00fablica instala tanque para 2.000 litros de ox\u00edgeno en el Hospital de Alberdi"}]},{"@type":"WebSite","@id":"https:\/\/www.ip.gov.py\/ip\/#website","url":"https:\/\/www.ip.gov.py\/ip\/","name":".::Agencia IP::.","description":"","publisher":{"@id":"https:\/\/www.ip.gov.py\/ip\/#organization"},"potentialAction":[{"@type":"SearchAction","target":{"@type":"EntryPoint","urlTemplate":"https:\/\/www.ip.gov.py\/ip\/?s={search_term_string}"},"query-input":{"@type":"PropertyValueSpecification","valueRequired":true,"valueName":"search_term_string"}}],"inLanguage":"es"},{"@type":"Organization","@id":"https:\/\/www.ip.gov.py\/ip\/#organization","name":"Agencia IP","url":"https:\/\/www.ip.gov.py\/ip\/","logo":{"@type":"ImageObject","inLanguage":"es","@id":"https:\/\/www.ip.gov.py\/ip\/#\/schema\/logo\/image\/","url":"https:\/\/www.ip.gov.py\/ip\/wp-content\/uploads\/2018\/01\/Agencia-IP.jpg","contentUrl":"https:\/\/www.ip.gov.py\/ip\/wp-content\/uploads\/2018\/01\/Agencia-IP.jpg","width":150,"height":150,"caption":"Agencia IP"},"image":{"@id":"https:\/\/www.ip.gov.py\/ip\/#\/schema\/logo\/image\/"},"sameAs":["https:\/\/www.facebook.com\/IPParaguay\/","https:\/\/x.com\/IPParaguay","https:\/\/www.instagram.com\/IPParaguay"]},{"@type":"Person","@id":"https:\/\/www.ip.gov.py\/ip\/#\/schema\/person\/791af27a9219bdbf9064abb776bb41c2","name":"Noelia Ferreira","sameAs":["http:\/\/www.ip.gov.py"],"url":"https:\/\/www.ip.gov.py\/ip\/author\/nferreira\/"}]}},"_links":{"self":[{"href":"https:\/\/www.ip.gov.py\/ip\/wp-json\/wp\/v2\/posts\/429297","targetHints":{"allow":["GET"]}}],"collection":[{"href":"https:\/\/www.ip.gov.py\/ip\/wp-json\/wp\/v2\/posts"}],"about":[{"href":"https:\/\/www.ip.gov.py\/ip\/wp-json\/wp\/v2\/types\/post"}],"author":[{"embeddable":true,"href":"https:\/\/www.ip.gov.py\/ip\/wp-json\/wp\/v2\/users\/23"}],"replies":[{"embeddable":true,"href":"https:\/\/www.ip.gov.py\/ip\/wp-json\/wp\/v2\/comments?post=429297"}],"version-history":[{"count":0,"href":"https:\/\/www.ip.gov.py\/ip\/wp-json\/wp\/v2\/posts\/429297\/revisions"}],"wp:featuredmedia":[{"embeddable":true,"href":"https:\/\/www.ip.gov.py\/ip\/wp-json\/wp\/v2\/media\/429299"}],"wp:attachment":[{"href":"https:\/\/www.ip.gov.py\/ip\/wp-json\/wp\/v2\/media?parent=429297"}],"wp:term":[{"taxonomy":"category","embeddable":true,"href":"https:\/\/www.ip.gov.py\/ip\/wp-json\/wp\/v2\/categories?post=429297"},{"taxonomy":"post_tag","embeddable":true,"href":"https:\/\/www.ip.gov.py\/ip\/wp-json\/wp\/v2\/tags?post=429297"}],"curies":[{"name":"wp","href":"https:\/\/api.w.org\/{rel}","templated":true}]}}