{"id":430441,"date":"2022-09-10T15:33:30","date_gmt":"2022-09-10T19:33:30","guid":{"rendered":"https:\/\/www.ip.gov.py\/ip\/?p=430441"},"modified":"2022-09-10T15:33:30","modified_gmt":"2022-09-10T19:33:30","slug":"festival-de-artes-escenicas-abre-convocatoria-para-formar-parte-de-la-muestra-de-la-edicion-2022","status":"publish","type":"post","link":"https:\/\/www.ip.gov.py\/ip\/2022\/09\/10\/festival-de-artes-escenicas-abre-convocatoria-para-formar-parte-de-la-muestra-de-la-edicion-2022\/","title":{"rendered":"Festival de Artes Esc\u00e9nicas abre convocatoria para formar parte de la Muestra de la edici\u00f3n 2022"},"content":{"rendered":"<p style=\"text-align: justify;\"><em><strong>Asunci\u00f3n, Agencia IP.-<\/strong> <\/em>La organizaci\u00f3n de \u201cSYRY Festival Internacional de Artes Esc\u00e9nicas Contempor\u00e1neas 2022. Asunci\u00f3n Danza XIV Edici\u00f3n\u201d invita a core\u00f3grafos profesionales, artistas esc\u00e9nicos, directores y j\u00f3venes talentos interesados a postular sus obras en la convocatoria que permitir\u00e1 que las seleccionadas est\u00e9n en la muestra de la edici\u00f3n 2022 del SYRY.<\/p>\n<p><!--more--><\/p>\n<p style=\"text-align: justify;\">El evento reunir\u00e1 a artistas y docentes nacionales e internacionales, quienes brindar\u00e1n espect\u00e1culos, talleres, workshops y exposiciones abierta a toda la ciudadan\u00eda del 10 al 13 de noviembre del corriente en el Auditorio de la FADA UNA Campus San Lorenzo de manera presencial y por Streaming en Plataforma Digital del Festival en el Ciclo Todos Podemos Bailar del 6 al 9 de noviembre.<\/p>\n<p style=\"text-align: justify;\">El Festival pagar\u00e1 a las obras seleccionadas con un cachet incentivo a la creaci\u00f3n, en guaran\u00edes, por la labor coreogr\u00e1fica y\/o direcci\u00f3n general de la obra. Las personas interesadas pueden participar hasta el 30 de setiembre del corriente.<\/p>\n<p style=\"text-align: justify;\">La muestra surge como una necesidad de promover y motivar el trabajo coreogr\u00e1fico de j\u00f3venes creativos, as\u00ed como favorecer el encuentro e intercambio entre j\u00f3venes creadores, profesionales del medio y la regi\u00f3n latinoamericana y un p\u00fablico deseoso de ver obras experimentales de diferentes estilos y propuestas.<\/p>\n<p style=\"text-align: justify;\">Las bases y condiciones est\u00e1n detalladas en <a href=\"https:\/\/docs.google.com\/viewerng\/viewer?url=http:\/\/www.cultura.gov.py\/wp-content\/uploads\/2022\/09\/CONVOCATORIA-Syry-2022.docx-1-1.pdf&amp;hl=es\" target=\"_blank\" rel=\"noopener\">este enlace,<\/a> mientras que el formulario de inscripci\u00f3n en el siguiente link: <a href=\"https:\/\/docs.google.com\/forms\/d\/e\/1FAIpQLSepXOpbyMmmfRHGDYBsOmaoFGIXmB2jmEMLxGwRMUwGEn_eeA\/viewform\" target=\"_blank\" rel=\"noopener\">https:\/\/docs.google.com\/forms\/d\/e\/1FAIpQLSepXOpbyMmmfRHGDYBsOmaoFGIXmB2jmEMLxGwRMUwGEn_eeA\/viewform<\/a><\/p>\n","protected":false},"excerpt":{"rendered":"<p>Asunci\u00f3n, Agencia IP.- La organizaci\u00f3n de \u201cSYRY Festival Internacional de Artes Esc\u00e9nicas Contempor\u00e1neas 2022. Asunci\u00f3n Danza XIV Edici\u00f3n\u201d invita a core\u00f3grafos profesionales, artistas esc\u00e9nicos, directores y j\u00f3venes talentos interesados a postular sus obras en la convocatoria que permitir\u00e1 que las seleccionadas est\u00e9n en la muestra de la edici\u00f3n 2022 del SYRY.<\/p>\n","protected":false},"author":2,"featured_media":430442,"comment_status":"closed","ping_status":"closed","sticky":false,"template":"","format":"standard","meta":{"_monsterinsights_skip_tracking":false,"_monsterinsights_sitenote_active":false,"_monsterinsights_sitenote_note":"","_monsterinsights_sitenote_category":0,"footnotes":""},"categories":[7],"tags":[9794,1038,283,676],"class_list":{"0":"post-430441","1":"post","2":"type-post","3":"status-publish","4":"format-standard","5":"has-post-thumbnail","7":"category-cultura","8":"tag-9794","9":"tag-convocatoria","10":"tag-cultura","11":"tag-danza"},"yoast_head":"<!-- This site is optimized with the Yoast SEO plugin v27.5 - https:\/\/yoast.com\/product\/yoast-seo-wordpress\/ -->\n<title>Festival de Artes Esc\u00e9nicas abre convocatoria para formar parte de la Muestra de la edici\u00f3n 2022 - .::Agencia IP::.<\/title>\n<meta name=\"robots\" content=\"index, follow, max-snippet:-1, max-image-preview:large, max-video-preview:-1\" \/>\n<link rel=\"canonical\" href=\"https:\/\/www.ip.gov.py\/ip\/2022\/09\/10\/festival-de-artes-escenicas-abre-convocatoria-para-formar-parte-de-la-muestra-de-la-edicion-2022\/\" \/>\n<meta property=\"og:locale\" content=\"es_ES\" \/>\n<meta property=\"og:type\" content=\"article\" \/>\n<meta property=\"og:title\" content=\"Festival de Artes Esc\u00e9nicas abre convocatoria para formar parte de la Muestra de la edici\u00f3n 2022 - .::Agencia IP::.\" \/>\n<meta property=\"og:description\" content=\"Asunci\u00f3n, Agencia IP.- La organizaci\u00f3n de \u201cSYRY Festival Internacional de Artes Esc\u00e9nicas Contempor\u00e1neas 2022. Asunci\u00f3n Danza XIV Edici\u00f3n\u201d invita a core\u00f3grafos profesionales, artistas esc\u00e9nicos, directores y j\u00f3venes talentos interesados a postular sus obras en la convocatoria que permitir\u00e1 que las seleccionadas est\u00e9n en la muestra de la edici\u00f3n 2022 del SYRY.\" \/>\n<meta property=\"og:url\" content=\"https:\/\/www.ip.gov.py\/ip\/2022\/09\/10\/festival-de-artes-escenicas-abre-convocatoria-para-formar-parte-de-la-muestra-de-la-edicion-2022\/\" \/>\n<meta property=\"og:site_name\" content=\".::Agencia IP::.\" \/>\n<meta property=\"article:publisher\" content=\"https:\/\/www.facebook.com\/IPParaguay\/\" \/>\n<meta property=\"article:published_time\" content=\"2022-09-10T19:33:30+00:00\" \/>\n<meta property=\"og:image\" content=\"https:\/\/www.ip.gov.py\/ip\/wp-content\/uploads\/2022\/09\/cultura.jpg\" \/>\n\t<meta property=\"og:image:width\" content=\"2048\" \/>\n\t<meta property=\"og:image:height\" content=\"1365\" \/>\n\t<meta property=\"og:image:type\" content=\"image\/jpeg\" \/>\n<meta name=\"author\" content=\"Roque Mereles\" \/>\n<meta name=\"twitter:card\" content=\"summary_large_image\" \/>\n<meta name=\"twitter:creator\" content=\"@IPParaguay\" \/>\n<meta name=\"twitter:site\" content=\"@IPParaguay\" \/>\n<meta name=\"twitter:label1\" content=\"Escrito por\" \/>\n\t<meta name=\"twitter:data1\" content=\"Roque Mereles\" \/>\n\t<meta name=\"twitter:label2\" content=\"Tiempo de lectura\" \/>\n\t<meta name=\"twitter:data2\" content=\"1 minuto\" \/>\n<script type=\"application\/ld+json\" class=\"yoast-schema-graph\">{\"@context\":\"https:\\\/\\\/schema.org\",\"@graph\":[{\"@type\":\"Article\",\"@id\":\"https:\\\/\\\/www.ip.gov.py\\\/ip\\\/2022\\\/09\\\/10\\\/festival-de-artes-escenicas-abre-convocatoria-para-formar-parte-de-la-muestra-de-la-edicion-2022\\\/#article\",\"isPartOf\":{\"@id\":\"https:\\\/\\\/www.ip.gov.py\\\/ip\\\/2022\\\/09\\\/10\\\/festival-de-artes-escenicas-abre-convocatoria-para-formar-parte-de-la-muestra-de-la-edicion-2022\\\/\"},\"author\":{\"name\":\"Roque Mereles\",\"@id\":\"https:\\\/\\\/www.ip.gov.py\\\/ip\\\/#\\\/schema\\\/person\\\/7ec1ca00d0a9301ecc37fff902ff6741\"},\"headline\":\"Festival de Artes Esc\u00e9nicas abre convocatoria para formar parte de la Muestra de la edici\u00f3n 2022\",\"datePublished\":\"2022-09-10T19:33:30+00:00\",\"mainEntityOfPage\":{\"@id\":\"https:\\\/\\\/www.ip.gov.py\\\/ip\\\/2022\\\/09\\\/10\\\/festival-de-artes-escenicas-abre-convocatoria-para-formar-parte-de-la-muestra-de-la-edicion-2022\\\/\"},\"wordCount\":265,\"publisher\":{\"@id\":\"https:\\\/\\\/www.ip.gov.py\\\/ip\\\/#organization\"},\"image\":{\"@id\":\"https:\\\/\\\/www.ip.gov.py\\\/ip\\\/2022\\\/09\\\/10\\\/festival-de-artes-escenicas-abre-convocatoria-para-formar-parte-de-la-muestra-de-la-edicion-2022\\\/#primaryimage\"},\"thumbnailUrl\":\"https:\\\/\\\/www.ip.gov.py\\\/ip\\\/wp-content\\\/uploads\\\/2022\\\/09\\\/cultura.jpg\",\"keywords\":[\"2022\",\"Convocatoria\",\"Cultura\",\"Danza\"],\"articleSection\":[\"Cultura\"],\"inLanguage\":\"es\"},{\"@type\":\"WebPage\",\"@id\":\"https:\\\/\\\/www.ip.gov.py\\\/ip\\\/2022\\\/09\\\/10\\\/festival-de-artes-escenicas-abre-convocatoria-para-formar-parte-de-la-muestra-de-la-edicion-2022\\\/\",\"url\":\"https:\\\/\\\/www.ip.gov.py\\\/ip\\\/2022\\\/09\\\/10\\\/festival-de-artes-escenicas-abre-convocatoria-para-formar-parte-de-la-muestra-de-la-edicion-2022\\\/\",\"name\":\"Festival de Artes Esc\u00e9nicas abre convocatoria para formar parte de la Muestra de la edici\u00f3n 2022 - .::Agencia IP::.\",\"isPartOf\":{\"@id\":\"https:\\\/\\\/www.ip.gov.py\\\/ip\\\/#website\"},\"primaryImageOfPage\":{\"@id\":\"https:\\\/\\\/www.ip.gov.py\\\/ip\\\/2022\\\/09\\\/10\\\/festival-de-artes-escenicas-abre-convocatoria-para-formar-parte-de-la-muestra-de-la-edicion-2022\\\/#primaryimage\"},\"image\":{\"@id\":\"https:\\\/\\\/www.ip.gov.py\\\/ip\\\/2022\\\/09\\\/10\\\/festival-de-artes-escenicas-abre-convocatoria-para-formar-parte-de-la-muestra-de-la-edicion-2022\\\/#primaryimage\"},\"thumbnailUrl\":\"https:\\\/\\\/www.ip.gov.py\\\/ip\\\/wp-content\\\/uploads\\\/2022\\\/09\\\/cultura.jpg\",\"datePublished\":\"2022-09-10T19:33:30+00:00\",\"breadcrumb\":{\"@id\":\"https:\\\/\\\/www.ip.gov.py\\\/ip\\\/2022\\\/09\\\/10\\\/festival-de-artes-escenicas-abre-convocatoria-para-formar-parte-de-la-muestra-de-la-edicion-2022\\\/#breadcrumb\"},\"inLanguage\":\"es\",\"potentialAction\":[{\"@type\":\"ReadAction\",\"target\":[\"https:\\\/\\\/www.ip.gov.py\\\/ip\\\/2022\\\/09\\\/10\\\/festival-de-artes-escenicas-abre-convocatoria-para-formar-parte-de-la-muestra-de-la-edicion-2022\\\/\"]}]},{\"@type\":\"ImageObject\",\"inLanguage\":\"es\",\"@id\":\"https:\\\/\\\/www.ip.gov.py\\\/ip\\\/2022\\\/09\\\/10\\\/festival-de-artes-escenicas-abre-convocatoria-para-formar-parte-de-la-muestra-de-la-edicion-2022\\\/#primaryimage\",\"url\":\"https:\\\/\\\/www.ip.gov.py\\\/ip\\\/wp-content\\\/uploads\\\/2022\\\/09\\\/cultura.jpg\",\"contentUrl\":\"https:\\\/\\\/www.ip.gov.py\\\/ip\\\/wp-content\\\/uploads\\\/2022\\\/09\\\/cultura.jpg\",\"width\":2048,\"height\":1365},{\"@type\":\"BreadcrumbList\",\"@id\":\"https:\\\/\\\/www.ip.gov.py\\\/ip\\\/2022\\\/09\\\/10\\\/festival-de-artes-escenicas-abre-convocatoria-para-formar-parte-de-la-muestra-de-la-edicion-2022\\\/#breadcrumb\",\"itemListElement\":[{\"@type\":\"ListItem\",\"position\":1,\"name\":\"Portada\",\"item\":\"https:\\\/\\\/www.ip.gov.py\\\/ip\\\/\"},{\"@type\":\"ListItem\",\"position\":2,\"name\":\"Festival de Artes Esc\u00e9nicas abre convocatoria para formar parte de la Muestra de la edici\u00f3n 2022\"}]},{\"@type\":\"WebSite\",\"@id\":\"https:\\\/\\\/www.ip.gov.py\\\/ip\\\/#website\",\"url\":\"https:\\\/\\\/www.ip.gov.py\\\/ip\\\/\",\"name\":\".::Agencia IP::.\",\"description\":\"\",\"publisher\":{\"@id\":\"https:\\\/\\\/www.ip.gov.py\\\/ip\\\/#organization\"},\"potentialAction\":[{\"@type\":\"SearchAction\",\"target\":{\"@type\":\"EntryPoint\",\"urlTemplate\":\"https:\\\/\\\/www.ip.gov.py\\\/ip\\\/?s={search_term_string}\"},\"query-input\":{\"@type\":\"PropertyValueSpecification\",\"valueRequired\":true,\"valueName\":\"search_term_string\"}}],\"inLanguage\":\"es\"},{\"@type\":\"Organization\",\"@id\":\"https:\\\/\\\/www.ip.gov.py\\\/ip\\\/#organization\",\"name\":\"Agencia IP\",\"url\":\"https:\\\/\\\/www.ip.gov.py\\\/ip\\\/\",\"logo\":{\"@type\":\"ImageObject\",\"inLanguage\":\"es\",\"@id\":\"https:\\\/\\\/www.ip.gov.py\\\/ip\\\/#\\\/schema\\\/logo\\\/image\\\/\",\"url\":\"https:\\\/\\\/www.ip.gov.py\\\/ip\\\/wp-content\\\/uploads\\\/2018\\\/01\\\/Agencia-IP.jpg\",\"contentUrl\":\"https:\\\/\\\/www.ip.gov.py\\\/ip\\\/wp-content\\\/uploads\\\/2018\\\/01\\\/Agencia-IP.jpg\",\"width\":150,\"height\":150,\"caption\":\"Agencia IP\"},\"image\":{\"@id\":\"https:\\\/\\\/www.ip.gov.py\\\/ip\\\/#\\\/schema\\\/logo\\\/image\\\/\"},\"sameAs\":[\"https:\\\/\\\/www.facebook.com\\\/IPParaguay\\\/\",\"https:\\\/\\\/x.com\\\/IPParaguay\",\"https:\\\/\\\/www.instagram.com\\\/IPParaguay\"]},{\"@type\":\"Person\",\"@id\":\"https:\\\/\\\/www.ip.gov.py\\\/ip\\\/#\\\/schema\\\/person\\\/7ec1ca00d0a9301ecc37fff902ff6741\",\"name\":\"Roque Mereles\",\"url\":\"https:\\\/\\\/www.ip.gov.py\\\/ip\\\/author\\\/rmereles\\\/\"}]}<\/script>\n<!-- \/ Yoast SEO plugin. -->","yoast_head_json":{"title":"Festival de Artes Esc\u00e9nicas abre convocatoria para formar parte de la Muestra de la edici\u00f3n 2022 - .::Agencia IP::.","robots":{"index":"index","follow":"follow","max-snippet":"max-snippet:-1","max-image-preview":"max-image-preview:large","max-video-preview":"max-video-preview:-1"},"canonical":"https:\/\/www.ip.gov.py\/ip\/2022\/09\/10\/festival-de-artes-escenicas-abre-convocatoria-para-formar-parte-de-la-muestra-de-la-edicion-2022\/","og_locale":"es_ES","og_type":"article","og_title":"Festival de Artes Esc\u00e9nicas abre convocatoria para formar parte de la Muestra de la edici\u00f3n 2022 - .::Agencia IP::.","og_description":"Asunci\u00f3n, Agencia IP.- La organizaci\u00f3n de \u201cSYRY Festival Internacional de Artes Esc\u00e9nicas Contempor\u00e1neas 2022. Asunci\u00f3n Danza XIV Edici\u00f3n\u201d invita a core\u00f3grafos profesionales, artistas esc\u00e9nicos, directores y j\u00f3venes talentos interesados a postular sus obras en la convocatoria que permitir\u00e1 que las seleccionadas est\u00e9n en la muestra de la edici\u00f3n 2022 del SYRY.","og_url":"https:\/\/www.ip.gov.py\/ip\/2022\/09\/10\/festival-de-artes-escenicas-abre-convocatoria-para-formar-parte-de-la-muestra-de-la-edicion-2022\/","og_site_name":".::Agencia IP::.","article_publisher":"https:\/\/www.facebook.com\/IPParaguay\/","article_published_time":"2022-09-10T19:33:30+00:00","og_image":[{"width":2048,"height":1365,"url":"https:\/\/www.ip.gov.py\/ip\/wp-content\/uploads\/2022\/09\/cultura.jpg","type":"image\/jpeg"}],"author":"Roque Mereles","twitter_card":"summary_large_image","twitter_creator":"@IPParaguay","twitter_site":"@IPParaguay","twitter_misc":{"Escrito por":"Roque Mereles","Tiempo de lectura":"1 minuto"},"schema":{"@context":"https:\/\/schema.org","@graph":[{"@type":"Article","@id":"https:\/\/www.ip.gov.py\/ip\/2022\/09\/10\/festival-de-artes-escenicas-abre-convocatoria-para-formar-parte-de-la-muestra-de-la-edicion-2022\/#article","isPartOf":{"@id":"https:\/\/www.ip.gov.py\/ip\/2022\/09\/10\/festival-de-artes-escenicas-abre-convocatoria-para-formar-parte-de-la-muestra-de-la-edicion-2022\/"},"author":{"name":"Roque Mereles","@id":"https:\/\/www.ip.gov.py\/ip\/#\/schema\/person\/7ec1ca00d0a9301ecc37fff902ff6741"},"headline":"Festival de Artes Esc\u00e9nicas abre convocatoria para formar parte de la Muestra de la edici\u00f3n 2022","datePublished":"2022-09-10T19:33:30+00:00","mainEntityOfPage":{"@id":"https:\/\/www.ip.gov.py\/ip\/2022\/09\/10\/festival-de-artes-escenicas-abre-convocatoria-para-formar-parte-de-la-muestra-de-la-edicion-2022\/"},"wordCount":265,"publisher":{"@id":"https:\/\/www.ip.gov.py\/ip\/#organization"},"image":{"@id":"https:\/\/www.ip.gov.py\/ip\/2022\/09\/10\/festival-de-artes-escenicas-abre-convocatoria-para-formar-parte-de-la-muestra-de-la-edicion-2022\/#primaryimage"},"thumbnailUrl":"https:\/\/www.ip.gov.py\/ip\/wp-content\/uploads\/2022\/09\/cultura.jpg","keywords":["2022","Convocatoria","Cultura","Danza"],"articleSection":["Cultura"],"inLanguage":"es"},{"@type":"WebPage","@id":"https:\/\/www.ip.gov.py\/ip\/2022\/09\/10\/festival-de-artes-escenicas-abre-convocatoria-para-formar-parte-de-la-muestra-de-la-edicion-2022\/","url":"https:\/\/www.ip.gov.py\/ip\/2022\/09\/10\/festival-de-artes-escenicas-abre-convocatoria-para-formar-parte-de-la-muestra-de-la-edicion-2022\/","name":"Festival de Artes Esc\u00e9nicas abre convocatoria para formar parte de la Muestra de la edici\u00f3n 2022 - .::Agencia IP::.","isPartOf":{"@id":"https:\/\/www.ip.gov.py\/ip\/#website"},"primaryImageOfPage":{"@id":"https:\/\/www.ip.gov.py\/ip\/2022\/09\/10\/festival-de-artes-escenicas-abre-convocatoria-para-formar-parte-de-la-muestra-de-la-edicion-2022\/#primaryimage"},"image":{"@id":"https:\/\/www.ip.gov.py\/ip\/2022\/09\/10\/festival-de-artes-escenicas-abre-convocatoria-para-formar-parte-de-la-muestra-de-la-edicion-2022\/#primaryimage"},"thumbnailUrl":"https:\/\/www.ip.gov.py\/ip\/wp-content\/uploads\/2022\/09\/cultura.jpg","datePublished":"2022-09-10T19:33:30+00:00","breadcrumb":{"@id":"https:\/\/www.ip.gov.py\/ip\/2022\/09\/10\/festival-de-artes-escenicas-abre-convocatoria-para-formar-parte-de-la-muestra-de-la-edicion-2022\/#breadcrumb"},"inLanguage":"es","potentialAction":[{"@type":"ReadAction","target":["https:\/\/www.ip.gov.py\/ip\/2022\/09\/10\/festival-de-artes-escenicas-abre-convocatoria-para-formar-parte-de-la-muestra-de-la-edicion-2022\/"]}]},{"@type":"ImageObject","inLanguage":"es","@id":"https:\/\/www.ip.gov.py\/ip\/2022\/09\/10\/festival-de-artes-escenicas-abre-convocatoria-para-formar-parte-de-la-muestra-de-la-edicion-2022\/#primaryimage","url":"https:\/\/www.ip.gov.py\/ip\/wp-content\/uploads\/2022\/09\/cultura.jpg","contentUrl":"https:\/\/www.ip.gov.py\/ip\/wp-content\/uploads\/2022\/09\/cultura.jpg","width":2048,"height":1365},{"@type":"BreadcrumbList","@id":"https:\/\/www.ip.gov.py\/ip\/2022\/09\/10\/festival-de-artes-escenicas-abre-convocatoria-para-formar-parte-de-la-muestra-de-la-edicion-2022\/#breadcrumb","itemListElement":[{"@type":"ListItem","position":1,"name":"Portada","item":"https:\/\/www.ip.gov.py\/ip\/"},{"@type":"ListItem","position":2,"name":"Festival de Artes Esc\u00e9nicas abre convocatoria para formar parte de la Muestra de la edici\u00f3n 2022"}]},{"@type":"WebSite","@id":"https:\/\/www.ip.gov.py\/ip\/#website","url":"https:\/\/www.ip.gov.py\/ip\/","name":".::Agencia IP::.","description":"","publisher":{"@id":"https:\/\/www.ip.gov.py\/ip\/#organization"},"potentialAction":[{"@type":"SearchAction","target":{"@type":"EntryPoint","urlTemplate":"https:\/\/www.ip.gov.py\/ip\/?s={search_term_string}"},"query-input":{"@type":"PropertyValueSpecification","valueRequired":true,"valueName":"search_term_string"}}],"inLanguage":"es"},{"@type":"Organization","@id":"https:\/\/www.ip.gov.py\/ip\/#organization","name":"Agencia IP","url":"https:\/\/www.ip.gov.py\/ip\/","logo":{"@type":"ImageObject","inLanguage":"es","@id":"https:\/\/www.ip.gov.py\/ip\/#\/schema\/logo\/image\/","url":"https:\/\/www.ip.gov.py\/ip\/wp-content\/uploads\/2018\/01\/Agencia-IP.jpg","contentUrl":"https:\/\/www.ip.gov.py\/ip\/wp-content\/uploads\/2018\/01\/Agencia-IP.jpg","width":150,"height":150,"caption":"Agencia IP"},"image":{"@id":"https:\/\/www.ip.gov.py\/ip\/#\/schema\/logo\/image\/"},"sameAs":["https:\/\/www.facebook.com\/IPParaguay\/","https:\/\/x.com\/IPParaguay","https:\/\/www.instagram.com\/IPParaguay"]},{"@type":"Person","@id":"https:\/\/www.ip.gov.py\/ip\/#\/schema\/person\/7ec1ca00d0a9301ecc37fff902ff6741","name":"Roque Mereles","url":"https:\/\/www.ip.gov.py\/ip\/author\/rmereles\/"}]}},"_links":{"self":[{"href":"https:\/\/www.ip.gov.py\/ip\/wp-json\/wp\/v2\/posts\/430441","targetHints":{"allow":["GET"]}}],"collection":[{"href":"https:\/\/www.ip.gov.py\/ip\/wp-json\/wp\/v2\/posts"}],"about":[{"href":"https:\/\/www.ip.gov.py\/ip\/wp-json\/wp\/v2\/types\/post"}],"author":[{"embeddable":true,"href":"https:\/\/www.ip.gov.py\/ip\/wp-json\/wp\/v2\/users\/2"}],"replies":[{"embeddable":true,"href":"https:\/\/www.ip.gov.py\/ip\/wp-json\/wp\/v2\/comments?post=430441"}],"version-history":[{"count":0,"href":"https:\/\/www.ip.gov.py\/ip\/wp-json\/wp\/v2\/posts\/430441\/revisions"}],"wp:featuredmedia":[{"embeddable":true,"href":"https:\/\/www.ip.gov.py\/ip\/wp-json\/wp\/v2\/media\/430442"}],"wp:attachment":[{"href":"https:\/\/www.ip.gov.py\/ip\/wp-json\/wp\/v2\/media?parent=430441"}],"wp:term":[{"taxonomy":"category","embeddable":true,"href":"https:\/\/www.ip.gov.py\/ip\/wp-json\/wp\/v2\/categories?post=430441"},{"taxonomy":"post_tag","embeddable":true,"href":"https:\/\/www.ip.gov.py\/ip\/wp-json\/wp\/v2\/tags?post=430441"}],"curies":[{"name":"wp","href":"https:\/\/api.w.org\/{rel}","templated":true}]}}