{"id":432638,"date":"2022-09-29T08:46:24","date_gmt":"2022-09-29T12:46:24","guid":{"rendered":"https:\/\/www.ip.gov.py\/ip\/?p=432638"},"modified":"2022-09-29T08:46:24","modified_gmt":"2022-09-29T12:46:24","slug":"daniel-ortega-ataco-al-papa-francisco-y-dijo-que-la-iglesia-catolica-es-la-dictadura-perfecta","status":"publish","type":"post","link":"https:\/\/www.ip.gov.py\/ip\/2022\/09\/29\/daniel-ortega-ataco-al-papa-francisco-y-dijo-que-la-iglesia-catolica-es-la-dictadura-perfecta\/","title":{"rendered":"Daniel Ortega atac\u00f3 al papa Francisco y dijo que la Iglesia Cat\u00f3lica \u201ces la dictadura perfecta\u201d"},"content":{"rendered":"<p style=\"text-align: justify;\"><em><strong>Managua.-<\/strong><\/em>El dictador de Nicaragua, Daniel Ortega, arremeti\u00f3 este mi\u00e9rcoles contra la Iglesia Cat\u00f3lica, a la que acus\u00f3 de no practicar la democracia, y de ser una \u201cdictadura perfecta\u201d.<!--more--><\/p>\n<p style=\"text-align: justify;\">Durante un acto en ocasi\u00f3n del 43 aniversario de la Polic\u00eda Nacional y transmitido en cadena de radio y televisi\u00f3n, Ortega tambi\u00e9n acus\u00f3 a la Iglesia Cat\u00f3lica que dirige el papa Francisco de haber utilizado \u201ca sus obispos en Nicaragua para dar un golpe de Estado\u201d a su r\u00e9gimen en el marco de las manifestaciones que estallaron en abril de 2018 por unas controvertidas reformas a la seguridad social.<\/p>\n<p style=\"text-align: justify;\">\u201c\u00bfDesde cu\u00e1ndo los curas est\u00e1n para dar golpe de Estado y desde cu\u00e1ndo tienen autoridad para hablar de democracia?\u201d, cuestion\u00f3 el l\u00edder sandinista.<\/p>\n<p style=\"text-align: justify;\">\u201c\u00bfQui\u00e9n elige a los curas, a los obispos, al papa, a los cardenales?, \u00bfCu\u00e1ntos votos?, \u00bfQui\u00e9n se los da?\u201d, continu\u00f3.<\/p>\n<p style=\"text-align: justify;\">Ortega dijo que si la Iglesia Cat\u00f3lica quiere hablar de democracia, deber\u00eda empezar \u201cpor elegir con el voto de los cat\u00f3licos al papa, a los cardenales, a los obispos, a los sacerdotes, sino que todo es impuesto, es una dictadura, la dictadura perfecta, es una tiran\u00eda, la tiran\u00eda perfecta\u201d.<\/p>\n<p style=\"text-align: justify;\">Para el antiguo guerrillero marxista, que ahora se define como cat\u00f3lico, la Iglesia Cat\u00f3lica no tiene autoridad para hablar de democracia, porque \u201clos obispos son nombrados de dedo de parte de alguien que no ha sido electo por el pueblo, sino por un grupo de cardenales\u201d.<\/p>\n<p style=\"text-align: justify;\">\u201cLe dir\u00eda a su santidad, el papa, con todo respeto, a las autoridades de la Iglesia Cat\u00f3lica, yo soy cat\u00f3lico, que como cat\u00f3lico no me siento representado por todo lo que conocemos de esa historia terrible, pero tambi\u00e9n por el hecho que lo o\u00edmos hablar de democracia y no practican la democracia\u201d, aleg\u00f3.<\/p>\n<p style=\"text-align: justify;\">A juicio de Ortega, \u201cser\u00eda una revoluci\u00f3n que al papa lo eligiera el pueblo cat\u00f3lico del mundo\u201d.<\/p>\n<p style=\"text-align: justify;\">Asimismo, el l\u00edder sandinista volvi\u00f3 a tildar de \u201cgolpistas\u201d a \u201calgunos obispos\u201d de Nicaragua y los acus\u00f3 de encubrir a una \u201cbanda de asesinos\u201d que, seg\u00fan dijo, intentaron derrocarlo y asesinarlo en el marco de las manifestaciones antigubernamentales de hace cuatro a\u00f1os, en la que se pidi\u00f3 su dimisi\u00f3n por responder con la fuerza.<\/p>\n<p style=\"text-align: justify;\">Seg\u00fan el dictador, \u201calgunos curas, algunos obispos, llamaron a la gente a que me metieran plomo (balas), qu\u00e9 esperaban para matarme\u201d, aunque no ofreci\u00f3 pruebas.<\/p>\n<p style=\"text-align: justify;\">Es decir, agreg\u00f3, era \u201cuna banda de asesinos encubierta con la Iglesia Cat\u00f3lica\u201d de Nicaragua.<\/p>\n<p style=\"text-align: justify;\">El obispo auxiliar de la Arquidi\u00f3cesis de Managua, Silvio B\u00e1ez, calific\u00f3 de mentiroso y c\u00ednico a Ortega por los se\u00f1alamientos a la Iglesia Cat\u00f3lica y a los religiosos nicarag\u00fcenses.<\/p>\n<p style=\"text-align: justify;\">\u201c\u00a1Cu\u00e1nta ignorancia, cu\u00e1nta mentira y cu\u00e1nto cinismo! Un dictador dando lecciones de democracia; alguien que ejerce en forma ileg\u00edtima el poder, criticando la autoridad que Jes\u00fas otorg\u00f3 a su Iglesia; alguien que es ateo, lament\u00e1ndose de no sentirse representado por la Iglesia\u201d, escribi\u00f3 en un tuit el obispo, quien se encuentra fuera del pa\u00eds desde hace 41 meses por decisi\u00f3n del papa Francisco por motivos de seguridad.<\/p>\n<p style=\"text-align: justify;\">\u00a1Cuanta ignorancia, cu\u00e1nta mentira y cu\u00e1nto cinismo! Un dictador dando lecciones de democracia; alguien que ejerce en forma ileg\u00edtima el poder, criticando la autoridad que Jes\u00fas otorg\u00f3 a su Iglesia; alguien que es ateo, lament\u00e1ndose de no sentirse representado por la Iglesia.<\/p>\n<p style=\"text-align: justify;\">El discurso de este mi\u00e9rcoles del l\u00edder sandinista es el cap\u00edtulo m\u00e1s reciente de un \u00faltimo a\u00f1o especialmente convulso para la Iglesia Cat\u00f3lica de Nicaragua con el r\u00e9gimen de Ortega, quien ha tildado de \u201cgolpistas\u201d y \u201cterroristas\u201d a los religiosos.<\/p>\n<p style=\"text-align: justify;\">Este a\u00f1o, el sandinismo expuls\u00f3 del pa\u00eds al nuncio apost\u00f3lico Waldemar Stanislaw Sommertag y a 18 monjas de la orden Misioneras de la Caridad, fundada por la Madre Teresa de Calcuta.<\/p>\n<p style=\"text-align: justify;\">Tambi\u00e9n mantiene bajo arresto a ocho sacerdotes, incluyendo al obispo Rolando \u00c1lvarez, quien fue sustra\u00eddo por agentes policiales la madrugada del viernes 19 de agosto, junto a otros cuatro presb\u00edteros, dos seminaristas y un camar\u00f3grafo del palacio episcopal de la di\u00f3cesis de Matagalpa, despu\u00e9s de haber estado 15 d\u00edas confinados.<\/p>\n<p style=\"text-align: justify;\">Adem\u00e1s, el Ejecutivo cerr\u00f3 nueve estaciones de radio cat\u00f3licas y sac\u00f3 de la programaci\u00f3n de la televisi\u00f3n por suscripci\u00f3n a tres canales cat\u00f3licos.<\/p>\n<p style=\"text-align: justify;\">La Polic\u00eda Nacional, que dirige Francisco D\u00edaz, consuegro de Ortega, adem\u00e1s ingres\u00f3 por la fuerza y allan\u00f3 una parroquia, impidiendo a los feligreses recibir la eucarist\u00eda dentro del templo y sitiando a otros sacerdotes en sus iglesias, prohibido procesiones con im\u00e1genes de los santos, entre otros.<\/p>\n<p style=\"text-align: justify;\">Las relaciones entre los sandinistas y la Iglesia Cat\u00f3lica de Nicaragua han estado marcadas por roces y desconfianzas en los \u00faltimos 43 a\u00f1os.Infobae.<\/p>\n","protected":false},"excerpt":{"rendered":"<p>Managua.-El dictador de Nicaragua, Daniel Ortega, arremeti\u00f3 este mi\u00e9rcoles contra la Iglesia Cat\u00f3lica, a la que acus\u00f3 de no practicar la democracia, y de ser una \u201cdictadura perfecta\u201d.<\/p>\n","protected":false},"author":11,"featured_media":432639,"comment_status":"closed","ping_status":"closed","sticky":false,"template":"","format":"standard","meta":{"_monsterinsights_skip_tracking":false,"_monsterinsights_sitenote_active":false,"_monsterinsights_sitenote_note":"","_monsterinsights_sitenote_category":0,"footnotes":""},"categories":[5],"tags":[3147,9472,4184,4522,3451,1391],"class_list":{"0":"post-432638","1":"post","2":"type-post","3":"status-publish","4":"format-standard","5":"has-post-thumbnail","7":"category-internacionales","8":"tag-ataque","9":"tag-daniel-ortega","10":"tag-francisco","11":"tag-nicaragua","12":"tag-papa","13":"tag-vaticano"},"yoast_head":"<!-- This site is optimized with the Yoast SEO plugin v27.5 - https:\/\/yoast.com\/product\/yoast-seo-wordpress\/ -->\n<title>Daniel Ortega atac\u00f3 al papa Francisco y dijo que la Iglesia Cat\u00f3lica \u201ces la dictadura perfecta\u201d - .::Agencia IP::.<\/title>\n<meta name=\"robots\" content=\"index, follow, max-snippet:-1, max-image-preview:large, max-video-preview:-1\" \/>\n<link rel=\"canonical\" href=\"https:\/\/www.ip.gov.py\/ip\/2022\/09\/29\/daniel-ortega-ataco-al-papa-francisco-y-dijo-que-la-iglesia-catolica-es-la-dictadura-perfecta\/\" \/>\n<meta property=\"og:locale\" content=\"es_ES\" \/>\n<meta property=\"og:type\" content=\"article\" \/>\n<meta property=\"og:title\" content=\"Daniel Ortega atac\u00f3 al papa Francisco y dijo que la Iglesia Cat\u00f3lica \u201ces la dictadura perfecta\u201d - .::Agencia IP::.\" \/>\n<meta property=\"og:description\" content=\"Managua.-El dictador de Nicaragua, Daniel Ortega, arremeti\u00f3 este mi\u00e9rcoles contra la Iglesia Cat\u00f3lica, a la que acus\u00f3 de no practicar la democracia, y de ser una \u201cdictadura perfecta\u201d.\" \/>\n<meta property=\"og:url\" content=\"https:\/\/www.ip.gov.py\/ip\/2022\/09\/29\/daniel-ortega-ataco-al-papa-francisco-y-dijo-que-la-iglesia-catolica-es-la-dictadura-perfecta\/\" \/>\n<meta property=\"og:site_name\" content=\".::Agencia IP::.\" \/>\n<meta property=\"article:publisher\" content=\"https:\/\/www.facebook.com\/IPParaguay\/\" \/>\n<meta property=\"article:published_time\" content=\"2022-09-29T12:46:24+00:00\" \/>\n<meta property=\"og:image\" content=\"https:\/\/www.ip.gov.py\/ip\/wp-content\/uploads\/2022\/09\/Daniel-Ortega.jpg\" \/>\n\t<meta property=\"og:image:width\" content=\"1920\" \/>\n\t<meta property=\"og:image:height\" content=\"1080\" \/>\n\t<meta property=\"og:image:type\" content=\"image\/jpeg\" \/>\n<meta name=\"author\" content=\"vrios\" \/>\n<meta name=\"twitter:card\" content=\"summary_large_image\" \/>\n<meta name=\"twitter:creator\" content=\"@IPParaguay\" \/>\n<meta name=\"twitter:site\" content=\"@IPParaguay\" \/>\n<meta name=\"twitter:label1\" content=\"Escrito por\" \/>\n\t<meta name=\"twitter:data1\" content=\"vrios\" \/>\n\t<meta name=\"twitter:label2\" content=\"Tiempo de lectura\" \/>\n\t<meta name=\"twitter:data2\" content=\"4 minutos\" \/>\n<script type=\"application\/ld+json\" class=\"yoast-schema-graph\">{\"@context\":\"https:\\\/\\\/schema.org\",\"@graph\":[{\"@type\":\"Article\",\"@id\":\"https:\\\/\\\/www.ip.gov.py\\\/ip\\\/2022\\\/09\\\/29\\\/daniel-ortega-ataco-al-papa-francisco-y-dijo-que-la-iglesia-catolica-es-la-dictadura-perfecta\\\/#article\",\"isPartOf\":{\"@id\":\"https:\\\/\\\/www.ip.gov.py\\\/ip\\\/2022\\\/09\\\/29\\\/daniel-ortega-ataco-al-papa-francisco-y-dijo-que-la-iglesia-catolica-es-la-dictadura-perfecta\\\/\"},\"author\":{\"name\":\"vrios\",\"@id\":\"https:\\\/\\\/www.ip.gov.py\\\/ip\\\/#\\\/schema\\\/person\\\/fa3668852e893cb0423795330f919039\"},\"headline\":\"Daniel Ortega atac\u00f3 al papa Francisco y dijo que la Iglesia Cat\u00f3lica \u201ces la dictadura perfecta\u201d\",\"datePublished\":\"2022-09-29T12:46:24+00:00\",\"mainEntityOfPage\":{\"@id\":\"https:\\\/\\\/www.ip.gov.py\\\/ip\\\/2022\\\/09\\\/29\\\/daniel-ortega-ataco-al-papa-francisco-y-dijo-que-la-iglesia-catolica-es-la-dictadura-perfecta\\\/\"},\"wordCount\":849,\"publisher\":{\"@id\":\"https:\\\/\\\/www.ip.gov.py\\\/ip\\\/#organization\"},\"image\":{\"@id\":\"https:\\\/\\\/www.ip.gov.py\\\/ip\\\/2022\\\/09\\\/29\\\/daniel-ortega-ataco-al-papa-francisco-y-dijo-que-la-iglesia-catolica-es-la-dictadura-perfecta\\\/#primaryimage\"},\"thumbnailUrl\":\"https:\\\/\\\/www.ip.gov.py\\\/ip\\\/wp-content\\\/uploads\\\/2022\\\/09\\\/Daniel-Ortega.jpg\",\"keywords\":[\"ataque\",\"Daniel Ortega\",\"Francisco\",\"Nicaragua\",\"Papa\",\"Vaticano\"],\"articleSection\":[\"Internacionales\"],\"inLanguage\":\"es\"},{\"@type\":\"WebPage\",\"@id\":\"https:\\\/\\\/www.ip.gov.py\\\/ip\\\/2022\\\/09\\\/29\\\/daniel-ortega-ataco-al-papa-francisco-y-dijo-que-la-iglesia-catolica-es-la-dictadura-perfecta\\\/\",\"url\":\"https:\\\/\\\/www.ip.gov.py\\\/ip\\\/2022\\\/09\\\/29\\\/daniel-ortega-ataco-al-papa-francisco-y-dijo-que-la-iglesia-catolica-es-la-dictadura-perfecta\\\/\",\"name\":\"Daniel Ortega atac\u00f3 al papa Francisco y dijo que la Iglesia Cat\u00f3lica \u201ces la dictadura perfecta\u201d - .::Agencia IP::.\",\"isPartOf\":{\"@id\":\"https:\\\/\\\/www.ip.gov.py\\\/ip\\\/#website\"},\"primaryImageOfPage\":{\"@id\":\"https:\\\/\\\/www.ip.gov.py\\\/ip\\\/2022\\\/09\\\/29\\\/daniel-ortega-ataco-al-papa-francisco-y-dijo-que-la-iglesia-catolica-es-la-dictadura-perfecta\\\/#primaryimage\"},\"image\":{\"@id\":\"https:\\\/\\\/www.ip.gov.py\\\/ip\\\/2022\\\/09\\\/29\\\/daniel-ortega-ataco-al-papa-francisco-y-dijo-que-la-iglesia-catolica-es-la-dictadura-perfecta\\\/#primaryimage\"},\"thumbnailUrl\":\"https:\\\/\\\/www.ip.gov.py\\\/ip\\\/wp-content\\\/uploads\\\/2022\\\/09\\\/Daniel-Ortega.jpg\",\"datePublished\":\"2022-09-29T12:46:24+00:00\",\"breadcrumb\":{\"@id\":\"https:\\\/\\\/www.ip.gov.py\\\/ip\\\/2022\\\/09\\\/29\\\/daniel-ortega-ataco-al-papa-francisco-y-dijo-que-la-iglesia-catolica-es-la-dictadura-perfecta\\\/#breadcrumb\"},\"inLanguage\":\"es\",\"potentialAction\":[{\"@type\":\"ReadAction\",\"target\":[\"https:\\\/\\\/www.ip.gov.py\\\/ip\\\/2022\\\/09\\\/29\\\/daniel-ortega-ataco-al-papa-francisco-y-dijo-que-la-iglesia-catolica-es-la-dictadura-perfecta\\\/\"]}]},{\"@type\":\"ImageObject\",\"inLanguage\":\"es\",\"@id\":\"https:\\\/\\\/www.ip.gov.py\\\/ip\\\/2022\\\/09\\\/29\\\/daniel-ortega-ataco-al-papa-francisco-y-dijo-que-la-iglesia-catolica-es-la-dictadura-perfecta\\\/#primaryimage\",\"url\":\"https:\\\/\\\/www.ip.gov.py\\\/ip\\\/wp-content\\\/uploads\\\/2022\\\/09\\\/Daniel-Ortega.jpg\",\"contentUrl\":\"https:\\\/\\\/www.ip.gov.py\\\/ip\\\/wp-content\\\/uploads\\\/2022\\\/09\\\/Daniel-Ortega.jpg\",\"width\":1920,\"height\":1080,\"caption\":\"Foto Infobae\"},{\"@type\":\"BreadcrumbList\",\"@id\":\"https:\\\/\\\/www.ip.gov.py\\\/ip\\\/2022\\\/09\\\/29\\\/daniel-ortega-ataco-al-papa-francisco-y-dijo-que-la-iglesia-catolica-es-la-dictadura-perfecta\\\/#breadcrumb\",\"itemListElement\":[{\"@type\":\"ListItem\",\"position\":1,\"name\":\"Portada\",\"item\":\"https:\\\/\\\/www.ip.gov.py\\\/ip\\\/\"},{\"@type\":\"ListItem\",\"position\":2,\"name\":\"Daniel Ortega atac\u00f3 al papa Francisco y dijo que la Iglesia Cat\u00f3lica \u201ces la dictadura perfecta\u201d\"}]},{\"@type\":\"WebSite\",\"@id\":\"https:\\\/\\\/www.ip.gov.py\\\/ip\\\/#website\",\"url\":\"https:\\\/\\\/www.ip.gov.py\\\/ip\\\/\",\"name\":\".::Agencia IP::.\",\"description\":\"\",\"publisher\":{\"@id\":\"https:\\\/\\\/www.ip.gov.py\\\/ip\\\/#organization\"},\"potentialAction\":[{\"@type\":\"SearchAction\",\"target\":{\"@type\":\"EntryPoint\",\"urlTemplate\":\"https:\\\/\\\/www.ip.gov.py\\\/ip\\\/?s={search_term_string}\"},\"query-input\":{\"@type\":\"PropertyValueSpecification\",\"valueRequired\":true,\"valueName\":\"search_term_string\"}}],\"inLanguage\":\"es\"},{\"@type\":\"Organization\",\"@id\":\"https:\\\/\\\/www.ip.gov.py\\\/ip\\\/#organization\",\"name\":\"Agencia IP\",\"url\":\"https:\\\/\\\/www.ip.gov.py\\\/ip\\\/\",\"logo\":{\"@type\":\"ImageObject\",\"inLanguage\":\"es\",\"@id\":\"https:\\\/\\\/www.ip.gov.py\\\/ip\\\/#\\\/schema\\\/logo\\\/image\\\/\",\"url\":\"https:\\\/\\\/www.ip.gov.py\\\/ip\\\/wp-content\\\/uploads\\\/2018\\\/01\\\/Agencia-IP.jpg\",\"contentUrl\":\"https:\\\/\\\/www.ip.gov.py\\\/ip\\\/wp-content\\\/uploads\\\/2018\\\/01\\\/Agencia-IP.jpg\",\"width\":150,\"height\":150,\"caption\":\"Agencia IP\"},\"image\":{\"@id\":\"https:\\\/\\\/www.ip.gov.py\\\/ip\\\/#\\\/schema\\\/logo\\\/image\\\/\"},\"sameAs\":[\"https:\\\/\\\/www.facebook.com\\\/IPParaguay\\\/\",\"https:\\\/\\\/x.com\\\/IPParaguay\",\"https:\\\/\\\/www.instagram.com\\\/IPParaguay\"]},{\"@type\":\"Person\",\"@id\":\"https:\\\/\\\/www.ip.gov.py\\\/ip\\\/#\\\/schema\\\/person\\\/fa3668852e893cb0423795330f919039\",\"name\":\"vrios\",\"url\":\"https:\\\/\\\/www.ip.gov.py\\\/ip\\\/author\\\/vrios\\\/\"}]}<\/script>\n<!-- \/ Yoast SEO plugin. -->","yoast_head_json":{"title":"Daniel Ortega atac\u00f3 al papa Francisco y dijo que la Iglesia Cat\u00f3lica \u201ces la dictadura perfecta\u201d - .::Agencia IP::.","robots":{"index":"index","follow":"follow","max-snippet":"max-snippet:-1","max-image-preview":"max-image-preview:large","max-video-preview":"max-video-preview:-1"},"canonical":"https:\/\/www.ip.gov.py\/ip\/2022\/09\/29\/daniel-ortega-ataco-al-papa-francisco-y-dijo-que-la-iglesia-catolica-es-la-dictadura-perfecta\/","og_locale":"es_ES","og_type":"article","og_title":"Daniel Ortega atac\u00f3 al papa Francisco y dijo que la Iglesia Cat\u00f3lica \u201ces la dictadura perfecta\u201d - .::Agencia IP::.","og_description":"Managua.-El dictador de Nicaragua, Daniel Ortega, arremeti\u00f3 este mi\u00e9rcoles contra la Iglesia Cat\u00f3lica, a la que acus\u00f3 de no practicar la democracia, y de ser una \u201cdictadura perfecta\u201d.","og_url":"https:\/\/www.ip.gov.py\/ip\/2022\/09\/29\/daniel-ortega-ataco-al-papa-francisco-y-dijo-que-la-iglesia-catolica-es-la-dictadura-perfecta\/","og_site_name":".::Agencia IP::.","article_publisher":"https:\/\/www.facebook.com\/IPParaguay\/","article_published_time":"2022-09-29T12:46:24+00:00","og_image":[{"width":1920,"height":1080,"url":"https:\/\/www.ip.gov.py\/ip\/wp-content\/uploads\/2022\/09\/Daniel-Ortega.jpg","type":"image\/jpeg"}],"author":"vrios","twitter_card":"summary_large_image","twitter_creator":"@IPParaguay","twitter_site":"@IPParaguay","twitter_misc":{"Escrito por":"vrios","Tiempo de lectura":"4 minutos"},"schema":{"@context":"https:\/\/schema.org","@graph":[{"@type":"Article","@id":"https:\/\/www.ip.gov.py\/ip\/2022\/09\/29\/daniel-ortega-ataco-al-papa-francisco-y-dijo-que-la-iglesia-catolica-es-la-dictadura-perfecta\/#article","isPartOf":{"@id":"https:\/\/www.ip.gov.py\/ip\/2022\/09\/29\/daniel-ortega-ataco-al-papa-francisco-y-dijo-que-la-iglesia-catolica-es-la-dictadura-perfecta\/"},"author":{"name":"vrios","@id":"https:\/\/www.ip.gov.py\/ip\/#\/schema\/person\/fa3668852e893cb0423795330f919039"},"headline":"Daniel Ortega atac\u00f3 al papa Francisco y dijo que la Iglesia Cat\u00f3lica \u201ces la dictadura perfecta\u201d","datePublished":"2022-09-29T12:46:24+00:00","mainEntityOfPage":{"@id":"https:\/\/www.ip.gov.py\/ip\/2022\/09\/29\/daniel-ortega-ataco-al-papa-francisco-y-dijo-que-la-iglesia-catolica-es-la-dictadura-perfecta\/"},"wordCount":849,"publisher":{"@id":"https:\/\/www.ip.gov.py\/ip\/#organization"},"image":{"@id":"https:\/\/www.ip.gov.py\/ip\/2022\/09\/29\/daniel-ortega-ataco-al-papa-francisco-y-dijo-que-la-iglesia-catolica-es-la-dictadura-perfecta\/#primaryimage"},"thumbnailUrl":"https:\/\/www.ip.gov.py\/ip\/wp-content\/uploads\/2022\/09\/Daniel-Ortega.jpg","keywords":["ataque","Daniel Ortega","Francisco","Nicaragua","Papa","Vaticano"],"articleSection":["Internacionales"],"inLanguage":"es"},{"@type":"WebPage","@id":"https:\/\/www.ip.gov.py\/ip\/2022\/09\/29\/daniel-ortega-ataco-al-papa-francisco-y-dijo-que-la-iglesia-catolica-es-la-dictadura-perfecta\/","url":"https:\/\/www.ip.gov.py\/ip\/2022\/09\/29\/daniel-ortega-ataco-al-papa-francisco-y-dijo-que-la-iglesia-catolica-es-la-dictadura-perfecta\/","name":"Daniel Ortega atac\u00f3 al papa Francisco y dijo que la Iglesia Cat\u00f3lica \u201ces la dictadura perfecta\u201d - .::Agencia IP::.","isPartOf":{"@id":"https:\/\/www.ip.gov.py\/ip\/#website"},"primaryImageOfPage":{"@id":"https:\/\/www.ip.gov.py\/ip\/2022\/09\/29\/daniel-ortega-ataco-al-papa-francisco-y-dijo-que-la-iglesia-catolica-es-la-dictadura-perfecta\/#primaryimage"},"image":{"@id":"https:\/\/www.ip.gov.py\/ip\/2022\/09\/29\/daniel-ortega-ataco-al-papa-francisco-y-dijo-que-la-iglesia-catolica-es-la-dictadura-perfecta\/#primaryimage"},"thumbnailUrl":"https:\/\/www.ip.gov.py\/ip\/wp-content\/uploads\/2022\/09\/Daniel-Ortega.jpg","datePublished":"2022-09-29T12:46:24+00:00","breadcrumb":{"@id":"https:\/\/www.ip.gov.py\/ip\/2022\/09\/29\/daniel-ortega-ataco-al-papa-francisco-y-dijo-que-la-iglesia-catolica-es-la-dictadura-perfecta\/#breadcrumb"},"inLanguage":"es","potentialAction":[{"@type":"ReadAction","target":["https:\/\/www.ip.gov.py\/ip\/2022\/09\/29\/daniel-ortega-ataco-al-papa-francisco-y-dijo-que-la-iglesia-catolica-es-la-dictadura-perfecta\/"]}]},{"@type":"ImageObject","inLanguage":"es","@id":"https:\/\/www.ip.gov.py\/ip\/2022\/09\/29\/daniel-ortega-ataco-al-papa-francisco-y-dijo-que-la-iglesia-catolica-es-la-dictadura-perfecta\/#primaryimage","url":"https:\/\/www.ip.gov.py\/ip\/wp-content\/uploads\/2022\/09\/Daniel-Ortega.jpg","contentUrl":"https:\/\/www.ip.gov.py\/ip\/wp-content\/uploads\/2022\/09\/Daniel-Ortega.jpg","width":1920,"height":1080,"caption":"Foto Infobae"},{"@type":"BreadcrumbList","@id":"https:\/\/www.ip.gov.py\/ip\/2022\/09\/29\/daniel-ortega-ataco-al-papa-francisco-y-dijo-que-la-iglesia-catolica-es-la-dictadura-perfecta\/#breadcrumb","itemListElement":[{"@type":"ListItem","position":1,"name":"Portada","item":"https:\/\/www.ip.gov.py\/ip\/"},{"@type":"ListItem","position":2,"name":"Daniel Ortega atac\u00f3 al papa Francisco y dijo que la Iglesia Cat\u00f3lica \u201ces la dictadura perfecta\u201d"}]},{"@type":"WebSite","@id":"https:\/\/www.ip.gov.py\/ip\/#website","url":"https:\/\/www.ip.gov.py\/ip\/","name":".::Agencia IP::.","description":"","publisher":{"@id":"https:\/\/www.ip.gov.py\/ip\/#organization"},"potentialAction":[{"@type":"SearchAction","target":{"@type":"EntryPoint","urlTemplate":"https:\/\/www.ip.gov.py\/ip\/?s={search_term_string}"},"query-input":{"@type":"PropertyValueSpecification","valueRequired":true,"valueName":"search_term_string"}}],"inLanguage":"es"},{"@type":"Organization","@id":"https:\/\/www.ip.gov.py\/ip\/#organization","name":"Agencia IP","url":"https:\/\/www.ip.gov.py\/ip\/","logo":{"@type":"ImageObject","inLanguage":"es","@id":"https:\/\/www.ip.gov.py\/ip\/#\/schema\/logo\/image\/","url":"https:\/\/www.ip.gov.py\/ip\/wp-content\/uploads\/2018\/01\/Agencia-IP.jpg","contentUrl":"https:\/\/www.ip.gov.py\/ip\/wp-content\/uploads\/2018\/01\/Agencia-IP.jpg","width":150,"height":150,"caption":"Agencia IP"},"image":{"@id":"https:\/\/www.ip.gov.py\/ip\/#\/schema\/logo\/image\/"},"sameAs":["https:\/\/www.facebook.com\/IPParaguay\/","https:\/\/x.com\/IPParaguay","https:\/\/www.instagram.com\/IPParaguay"]},{"@type":"Person","@id":"https:\/\/www.ip.gov.py\/ip\/#\/schema\/person\/fa3668852e893cb0423795330f919039","name":"vrios","url":"https:\/\/www.ip.gov.py\/ip\/author\/vrios\/"}]}},"_links":{"self":[{"href":"https:\/\/www.ip.gov.py\/ip\/wp-json\/wp\/v2\/posts\/432638","targetHints":{"allow":["GET"]}}],"collection":[{"href":"https:\/\/www.ip.gov.py\/ip\/wp-json\/wp\/v2\/posts"}],"about":[{"href":"https:\/\/www.ip.gov.py\/ip\/wp-json\/wp\/v2\/types\/post"}],"author":[{"embeddable":true,"href":"https:\/\/www.ip.gov.py\/ip\/wp-json\/wp\/v2\/users\/11"}],"replies":[{"embeddable":true,"href":"https:\/\/www.ip.gov.py\/ip\/wp-json\/wp\/v2\/comments?post=432638"}],"version-history":[{"count":0,"href":"https:\/\/www.ip.gov.py\/ip\/wp-json\/wp\/v2\/posts\/432638\/revisions"}],"wp:featuredmedia":[{"embeddable":true,"href":"https:\/\/www.ip.gov.py\/ip\/wp-json\/wp\/v2\/media\/432639"}],"wp:attachment":[{"href":"https:\/\/www.ip.gov.py\/ip\/wp-json\/wp\/v2\/media?parent=432638"}],"wp:term":[{"taxonomy":"category","embeddable":true,"href":"https:\/\/www.ip.gov.py\/ip\/wp-json\/wp\/v2\/categories?post=432638"},{"taxonomy":"post_tag","embeddable":true,"href":"https:\/\/www.ip.gov.py\/ip\/wp-json\/wp\/v2\/tags?post=432638"}],"curies":[{"name":"wp","href":"https:\/\/api.w.org\/{rel}","templated":true}]}}