{"id":437385,"date":"2022-11-07T10:55:53","date_gmt":"2022-11-07T13:55:53","guid":{"rendered":"https:\/\/www.ip.gov.py\/ip\/?p=437385"},"modified":"2022-11-07T11:13:27","modified_gmt":"2022-11-07T14:13:27","slug":"ejecutivo-decreta-deduccion-del-iva-de-hasta-el-30-para-trabajadores-independientes","status":"publish","type":"post","link":"https:\/\/www.ip.gov.py\/ip\/2022\/11\/07\/ejecutivo-decreta-deduccion-del-iva-de-hasta-el-30-para-trabajadores-independientes\/","title":{"rendered":"Ejecutivo decreta deducci\u00f3n del IVA de hasta el 30% para trabajadores independientes"},"content":{"rendered":"<p style=\"text-align: justify;\"><em><strong>Asunci\u00f3n, Agencia IP.-<\/strong> <\/em>El Poder Ejecutivo autoriz\u00f3 la deducibilidad del Impuesto al Valor Agregado (IVA) hasta en un 30 por ciento, para rubros espec\u00edficos que beneficiar\u00e1n principalmente a los profesionales independientes.<!--more--><\/p>\n<p style=\"text-align: justify;\">El presidente de la Rep\u00fablica, Mario Abdo Ben\u00edtez, encabez\u00f3 este lunes una reuni\u00f3n en Palacio de Gobierno entre sus colaboradores y referentes de gremios econ\u00f3micos e industriales, para analizar cuestiones tributarias.<\/p>\n<p style=\"text-align: justify;\">En conferencia de prensa, el jefe de Gabinete Civil de la Presidencia, Hern\u00e1n Huttemann, anunci\u00f3 que el mandatario firm\u00f3 un decreto que establece la deducci\u00f3n del IVA entre un 30 a 50 por ciento.<\/p>\n<p style=\"text-align: justify;\">Esta medida constituye una postura intermedia respecto al proyecto de ley aprobado en el Congreso Nacional, que apuntaba a una deducibilidad del 100%. El Ejecutivo ya hab\u00eda anunciado el veto a esa iniciativa por considerar que <a href=\"https:\/\/www.ip.gov.py\/ip\/viceministro-asegura-que-deducibilidad-del-100-del-iva-desnaturaliza-impuesto-y-fomenta-desigualdad\/\" target=\"_blank\" rel=\"noopener\">la misma podr\u00eda desnaturalizar el impuesto y promover la desigualdad<\/a>.<\/p>\n<p style=\"text-align: justify;\">\u201cCreemos que es una medida prudente que considera el contexto econ\u00f3mico pero tambi\u00e9n la realidad tributaria de nuestro sistema\u201d, afirm\u00f3 Huttemann al tiempo de remarcar que la medida adoptada por el Ejecutivo es sensata, con miras a garantizar la sostenibilidad econ\u00f3mica.<\/p>\n<h4><strong>Deducci\u00f3n del IVA para trabajadores independientes<\/strong><\/h4>\n<p style=\"text-align: justify;\">A su vez, el ministro de Hacienda, Oscar Llamosas, aclar\u00f3 que el decreto incorpora una serie de disposiciones que buscan beneficiar a los trabajadores independientes.<\/p>\n<p style=\"text-align: justify;\">Llamosas detall\u00f3 que el documento contempla la deducibilidad de hasta el 30 por ciento de las compras relacionadas a los alimentos y bebidas no alcoh\u00f3licas.<\/p>\n<p style=\"text-align: justify;\">Tambi\u00e9n se incorporan los gastos de alquileres de oficinas al igual que los servicios b\u00e1sicos (agua, luz, tel\u00e9fono), en hasta el 50 por ciento.<\/p>\n<p style=\"text-align: justify;\">Adem\u00e1s de los gastos en salud personal, incluidos los medicamentos y tratamientos m\u00e9dicos del contribuyente como tambi\u00e9n el pago de medicina prepaga. Capacitaci\u00f3n o especializaci\u00f3n que guarde relaci\u00f3n con el servicio que presta.<\/p>\n<p style=\"text-align: justify;\">Otros puntos que forman parte del decreto son mantenimiento, remodelaci\u00f3n o refacci\u00f3n de la oficina; \u00fatiles, muebles y enseres de oficina, servidores, equipos inform\u00e1ticos y de telecomunicaciones, equipamiento profesional y herramientas, incluido su mantenimiento; vestimenta acorde al ejercicio de la profesi\u00f3n u oficio, como ser: trajes, guardapolvos, calzados especiales, protectores de seguridad.<\/p>\n<p style=\"text-align: justify;\">As\u00ed tambi\u00e9n la contrataci\u00f3n de servicios de publicidad y marketing. Subcontrataci\u00f3n de servicios profesionales destinados para la prestaci\u00f3n del servicio gravado.\u00a0 Repuestos, lubricantes, mantenimientos, reparaciones y seguros de los auto-veh\u00edculos destinados a la prestaci\u00f3n del servicio.<\/p>\n<h4><strong>Equilibrio entre capacidad del fisco y apoyo a sectores econ\u00f3micos<\/strong><\/h4>\n<p style=\"text-align: justify;\">\u201cCon esto creamos un equilibrio entre la capacidad que pueda tener el Fisco y el impacto que pueda tener en recaudaci\u00f3n y por el otro lado, seguir acompa\u00f1ando este proceso de recuperaci\u00f3n para que la econom\u00eda avance hacia un proceso de formalizaci\u00f3n\u201d, agreg\u00f3.<\/p>\n<p style=\"text-align: justify;\"><img loading=\"lazy\" decoding=\"async\" class=\" wp-image-437387 alignright\" src=\"https:\/\/www.ip.gov.py\/ip\/wp-content\/uploads\/2022\/11\/iva-ejecutivo-sector-privado-decreto-1-600x400.jpg\" alt=\"\" width=\"357\" height=\"238\" srcset=\"https:\/\/www.ip.gov.py\/ip\/wp-content\/uploads\/2022\/11\/iva-ejecutivo-sector-privado-decreto-1-600x400.jpg 600w, https:\/\/www.ip.gov.py\/ip\/wp-content\/uploads\/2022\/11\/iva-ejecutivo-sector-privado-decreto-1-1024x682.jpg 1024w, https:\/\/www.ip.gov.py\/ip\/wp-content\/uploads\/2022\/11\/iva-ejecutivo-sector-privado-decreto-1-768x512.jpg 768w, https:\/\/www.ip.gov.py\/ip\/wp-content\/uploads\/2022\/11\/iva-ejecutivo-sector-privado-decreto-1-696x464.jpg 696w, https:\/\/www.ip.gov.py\/ip\/wp-content\/uploads\/2022\/11\/iva-ejecutivo-sector-privado-decreto-1-1068x712.jpg 1068w, https:\/\/www.ip.gov.py\/ip\/wp-content\/uploads\/2022\/11\/iva-ejecutivo-sector-privado-decreto-1-630x420.jpg 630w, https:\/\/www.ip.gov.py\/ip\/wp-content\/uploads\/2022\/11\/iva-ejecutivo-sector-privado-decreto-1.jpg 1280w\" sizes=\"auto, (max-width: 357px) 100vw, 357px\" \/>Llamosas lament\u00f3 que haya sido aprobada la versi\u00f3n de la C\u00e1mara de Diputados que permite la deducibilidad del IVA para los productos de la canasta b\u00e1sica en un 100 por ciento, incluso despu\u00e9s de haber acordado un punto intermedio en la versi\u00f3n del Senado, para llegar a una deducci\u00f3n del 30 por ciento. Adelant\u00f3 que recomendar\u00e1n al Poder Ejecutivo el veto de la ley.<\/p>\n<p style=\"text-align: justify;\">Afirm\u00f3 que de concretarse la iniciativa parlamentaria se perder\u00e1 la esencia del tributo y a la vez, se estar\u00eda cometiendo una injusticia social, al permitir que algunos sectores queden exentos del pago.<\/p>\n<h4><strong>Estamos conformes con las medidas<\/strong><\/h4>\n<p style=\"text-align: justify;\">A criterio del presidente de la Uni\u00f3n Industrial Paraguaya (UIP), Enrique Duarte, esta nueva herramienta ser\u00e1 clave para avanzar en la formalizaci\u00f3n de la econom\u00eda. Asegur\u00f3 que estar conformes con la deducibilidad del IVA en hasta un 30 por ciento.<\/p>\n<p style=\"text-align: justify;\">Indic\u00f3 que en la actualidad unos 270.000 trabajadores operan de manera independiente, de los cuales unos 60.000 lo hacen de manera legal. \u201cEsto va ayudar a mejorar todo el esquema formalizador en el pa\u00eds\u201d, agreg\u00f3.<\/p>\n<p style=\"text-align: justify;\">En esa misma l\u00ednea, remarc\u00f3 la visi\u00f3n del sector privado de no aumentar impuestos y reducir ingresos tributarios. \u201cQueremos que el pa\u00eds logre el grado de inversi\u00f3n, volver hacia la responsabilidad fiscal y seguir disfrutando los frutos de tener una disciplina fiscal\u201d, a\u00f1adi\u00f3.<\/p>\n<h4><strong>Es un ganar-ganar tanto para el sector privado como el Estado<\/strong><\/h4>\n<p style=\"text-align: justify;\">Por su parte, el presidente de la C\u00e1mara Paraguaya de Supermercados (Capasu), Alberto Sborovsky, afirm\u00f3 que esto va ayudar, sobre todo la deducibilidad del rubro de alimentos y otros productos que anteriormente no estaban contemplados.<\/p>\n<p style=\"text-align: justify;\">\u201cEsperamos que haya una migraci\u00f3n de la informalidad hacia la formalidad. Es un d\u00eda que tenemos que celebrar, ya que se lleg\u00f3 a un consenso donde el gran ganador es la formalizaci\u00f3n, es un ganar-ganar tanto para el sector privado como el Estado\u201d, aleg\u00f3.<\/p>\n<p style=\"text-align: justify;\">Finalmente el ministro de Hacienda comunic\u00f3 que continuar\u00e1n evaluando los alcances del decreto, mediante el intercambio de informaciones con el sector privado para ir tomando las mejores decisiones en beneficio de los contribuyentes y la formalidad.<\/p>\n","protected":false},"excerpt":{"rendered":"<p>Asunci\u00f3n, Agencia IP.- El Poder Ejecutivo autoriz\u00f3 la deducibilidad del Impuesto al Valor Agregado (IVA) hasta en un 30 por ciento, para rubros espec\u00edficos que beneficiar\u00e1n principalmente a los profesionales independientes.<\/p>\n","protected":false},"author":7,"featured_media":437386,"comment_status":"closed","ping_status":"closed","sticky":false,"template":"","format":"standard","meta":{"_monsterinsights_skip_tracking":false,"_monsterinsights_sitenote_active":false,"_monsterinsights_sitenote_note":"","_monsterinsights_sitenote_category":0,"footnotes":""},"categories":[2,6],"tags":[2278,8562,238,3418,162],"class_list":{"0":"post-437385","1":"post","2":"type-post","3":"status-publish","4":"format-standard","5":"has-post-thumbnail","7":"category-destacado","8":"category-politica","9":"tag-decreto","10":"tag-deducibilidad","11":"tag-economia","12":"tag-iva","13":"tag-paraguay"},"yoast_head":"<!-- This site is optimized with the Yoast SEO plugin v27.5 - https:\/\/yoast.com\/product\/yoast-seo-wordpress\/ -->\n<title>Ejecutivo decreta deducci\u00f3n del IVA de hasta el 30% para trabajadores independientes - .::Agencia IP::.<\/title>\n<meta name=\"robots\" content=\"index, follow, max-snippet:-1, max-image-preview:large, max-video-preview:-1\" \/>\n<link rel=\"canonical\" href=\"https:\/\/www.ip.gov.py\/ip\/2022\/11\/07\/ejecutivo-decreta-deduccion-del-iva-de-hasta-el-30-para-trabajadores-independientes\/\" \/>\n<meta property=\"og:locale\" content=\"es_ES\" \/>\n<meta property=\"og:type\" content=\"article\" \/>\n<meta property=\"og:title\" content=\"Ejecutivo decreta deducci\u00f3n del IVA de hasta el 30% para trabajadores independientes - .::Agencia IP::.\" \/>\n<meta property=\"og:description\" content=\"Asunci\u00f3n, Agencia IP.- El Poder Ejecutivo autoriz\u00f3 la deducibilidad del Impuesto al Valor Agregado (IVA) hasta en un 30 por ciento, para rubros espec\u00edficos que beneficiar\u00e1n principalmente a los profesionales independientes.\" \/>\n<meta property=\"og:url\" content=\"https:\/\/www.ip.gov.py\/ip\/2022\/11\/07\/ejecutivo-decreta-deduccion-del-iva-de-hasta-el-30-para-trabajadores-independientes\/\" \/>\n<meta property=\"og:site_name\" content=\".::Agencia IP::.\" \/>\n<meta property=\"article:publisher\" content=\"https:\/\/www.facebook.com\/IPParaguay\/\" \/>\n<meta property=\"article:published_time\" content=\"2022-11-07T13:55:53+00:00\" \/>\n<meta property=\"article:modified_time\" content=\"2022-11-07T14:13:27+00:00\" \/>\n<meta property=\"og:image\" content=\"https:\/\/www.ip.gov.py\/ip\/wp-content\/uploads\/2022\/11\/iva-ejecutivo-sector-privado-decreto.jpg\" \/>\n\t<meta property=\"og:image:width\" content=\"1280\" \/>\n\t<meta property=\"og:image:height\" content=\"853\" \/>\n\t<meta property=\"og:image:type\" content=\"image\/jpeg\" \/>\n<meta name=\"author\" content=\"Karina L\u00f3pez\" \/>\n<meta name=\"twitter:card\" content=\"summary_large_image\" \/>\n<meta name=\"twitter:creator\" content=\"@IPParaguay\" \/>\n<meta name=\"twitter:site\" content=\"@IPParaguay\" \/>\n<meta name=\"twitter:label1\" content=\"Escrito por\" \/>\n\t<meta name=\"twitter:data1\" content=\"Karina L\u00f3pez\" \/>\n\t<meta name=\"twitter:label2\" content=\"Tiempo de lectura\" \/>\n\t<meta name=\"twitter:data2\" content=\"4 minutos\" \/>\n<script type=\"application\/ld+json\" class=\"yoast-schema-graph\">{\"@context\":\"https:\\\/\\\/schema.org\",\"@graph\":[{\"@type\":\"Article\",\"@id\":\"https:\\\/\\\/www.ip.gov.py\\\/ip\\\/2022\\\/11\\\/07\\\/ejecutivo-decreta-deduccion-del-iva-de-hasta-el-30-para-trabajadores-independientes\\\/#article\",\"isPartOf\":{\"@id\":\"https:\\\/\\\/www.ip.gov.py\\\/ip\\\/2022\\\/11\\\/07\\\/ejecutivo-decreta-deduccion-del-iva-de-hasta-el-30-para-trabajadores-independientes\\\/\"},\"author\":{\"name\":\"Karina L\u00f3pez\",\"@id\":\"https:\\\/\\\/www.ip.gov.py\\\/ip\\\/#\\\/schema\\\/person\\\/613765cf13d420d448042e6802220539\"},\"headline\":\"Ejecutivo decreta deducci\u00f3n del IVA de hasta el 30% para trabajadores independientes\",\"datePublished\":\"2022-11-07T13:55:53+00:00\",\"dateModified\":\"2022-11-07T14:13:27+00:00\",\"mainEntityOfPage\":{\"@id\":\"https:\\\/\\\/www.ip.gov.py\\\/ip\\\/2022\\\/11\\\/07\\\/ejecutivo-decreta-deduccion-del-iva-de-hasta-el-30-para-trabajadores-independientes\\\/\"},\"wordCount\":847,\"publisher\":{\"@id\":\"https:\\\/\\\/www.ip.gov.py\\\/ip\\\/#organization\"},\"image\":{\"@id\":\"https:\\\/\\\/www.ip.gov.py\\\/ip\\\/2022\\\/11\\\/07\\\/ejecutivo-decreta-deduccion-del-iva-de-hasta-el-30-para-trabajadores-independientes\\\/#primaryimage\"},\"thumbnailUrl\":\"https:\\\/\\\/www.ip.gov.py\\\/ip\\\/wp-content\\\/uploads\\\/2022\\\/11\\\/iva-ejecutivo-sector-privado-decreto.jpg\",\"keywords\":[\"Decreto\",\"deducibilidad\",\"Economia\",\"IVA\",\"paraguay\"],\"articleSection\":[\"Destacado\",\"Pol\u00edtica\"],\"inLanguage\":\"es\"},{\"@type\":\"WebPage\",\"@id\":\"https:\\\/\\\/www.ip.gov.py\\\/ip\\\/2022\\\/11\\\/07\\\/ejecutivo-decreta-deduccion-del-iva-de-hasta-el-30-para-trabajadores-independientes\\\/\",\"url\":\"https:\\\/\\\/www.ip.gov.py\\\/ip\\\/2022\\\/11\\\/07\\\/ejecutivo-decreta-deduccion-del-iva-de-hasta-el-30-para-trabajadores-independientes\\\/\",\"name\":\"Ejecutivo decreta deducci\u00f3n del IVA de hasta el 30% para trabajadores independientes - .::Agencia IP::.\",\"isPartOf\":{\"@id\":\"https:\\\/\\\/www.ip.gov.py\\\/ip\\\/#website\"},\"primaryImageOfPage\":{\"@id\":\"https:\\\/\\\/www.ip.gov.py\\\/ip\\\/2022\\\/11\\\/07\\\/ejecutivo-decreta-deduccion-del-iva-de-hasta-el-30-para-trabajadores-independientes\\\/#primaryimage\"},\"image\":{\"@id\":\"https:\\\/\\\/www.ip.gov.py\\\/ip\\\/2022\\\/11\\\/07\\\/ejecutivo-decreta-deduccion-del-iva-de-hasta-el-30-para-trabajadores-independientes\\\/#primaryimage\"},\"thumbnailUrl\":\"https:\\\/\\\/www.ip.gov.py\\\/ip\\\/wp-content\\\/uploads\\\/2022\\\/11\\\/iva-ejecutivo-sector-privado-decreto.jpg\",\"datePublished\":\"2022-11-07T13:55:53+00:00\",\"dateModified\":\"2022-11-07T14:13:27+00:00\",\"breadcrumb\":{\"@id\":\"https:\\\/\\\/www.ip.gov.py\\\/ip\\\/2022\\\/11\\\/07\\\/ejecutivo-decreta-deduccion-del-iva-de-hasta-el-30-para-trabajadores-independientes\\\/#breadcrumb\"},\"inLanguage\":\"es\",\"potentialAction\":[{\"@type\":\"ReadAction\",\"target\":[\"https:\\\/\\\/www.ip.gov.py\\\/ip\\\/2022\\\/11\\\/07\\\/ejecutivo-decreta-deduccion-del-iva-de-hasta-el-30-para-trabajadores-independientes\\\/\"]}]},{\"@type\":\"ImageObject\",\"inLanguage\":\"es\",\"@id\":\"https:\\\/\\\/www.ip.gov.py\\\/ip\\\/2022\\\/11\\\/07\\\/ejecutivo-decreta-deduccion-del-iva-de-hasta-el-30-para-trabajadores-independientes\\\/#primaryimage\",\"url\":\"https:\\\/\\\/www.ip.gov.py\\\/ip\\\/wp-content\\\/uploads\\\/2022\\\/11\\\/iva-ejecutivo-sector-privado-decreto.jpg\",\"contentUrl\":\"https:\\\/\\\/www.ip.gov.py\\\/ip\\\/wp-content\\\/uploads\\\/2022\\\/11\\\/iva-ejecutivo-sector-privado-decreto.jpg\",\"width\":1280,\"height\":853,\"caption\":\"La reuni\u00f3n estuvo liderada por el presidente Mario Abdo Ben\u00edtez. Foto Presidencia\"},{\"@type\":\"BreadcrumbList\",\"@id\":\"https:\\\/\\\/www.ip.gov.py\\\/ip\\\/2022\\\/11\\\/07\\\/ejecutivo-decreta-deduccion-del-iva-de-hasta-el-30-para-trabajadores-independientes\\\/#breadcrumb\",\"itemListElement\":[{\"@type\":\"ListItem\",\"position\":1,\"name\":\"Portada\",\"item\":\"https:\\\/\\\/www.ip.gov.py\\\/ip\\\/\"},{\"@type\":\"ListItem\",\"position\":2,\"name\":\"Ejecutivo decreta deducci\u00f3n del IVA de hasta el 30% para trabajadores independientes\"}]},{\"@type\":\"WebSite\",\"@id\":\"https:\\\/\\\/www.ip.gov.py\\\/ip\\\/#website\",\"url\":\"https:\\\/\\\/www.ip.gov.py\\\/ip\\\/\",\"name\":\".::Agencia IP::.\",\"description\":\"\",\"publisher\":{\"@id\":\"https:\\\/\\\/www.ip.gov.py\\\/ip\\\/#organization\"},\"potentialAction\":[{\"@type\":\"SearchAction\",\"target\":{\"@type\":\"EntryPoint\",\"urlTemplate\":\"https:\\\/\\\/www.ip.gov.py\\\/ip\\\/?s={search_term_string}\"},\"query-input\":{\"@type\":\"PropertyValueSpecification\",\"valueRequired\":true,\"valueName\":\"search_term_string\"}}],\"inLanguage\":\"es\"},{\"@type\":\"Organization\",\"@id\":\"https:\\\/\\\/www.ip.gov.py\\\/ip\\\/#organization\",\"name\":\"Agencia IP\",\"url\":\"https:\\\/\\\/www.ip.gov.py\\\/ip\\\/\",\"logo\":{\"@type\":\"ImageObject\",\"inLanguage\":\"es\",\"@id\":\"https:\\\/\\\/www.ip.gov.py\\\/ip\\\/#\\\/schema\\\/logo\\\/image\\\/\",\"url\":\"https:\\\/\\\/www.ip.gov.py\\\/ip\\\/wp-content\\\/uploads\\\/2018\\\/01\\\/Agencia-IP.jpg\",\"contentUrl\":\"https:\\\/\\\/www.ip.gov.py\\\/ip\\\/wp-content\\\/uploads\\\/2018\\\/01\\\/Agencia-IP.jpg\",\"width\":150,\"height\":150,\"caption\":\"Agencia IP\"},\"image\":{\"@id\":\"https:\\\/\\\/www.ip.gov.py\\\/ip\\\/#\\\/schema\\\/logo\\\/image\\\/\"},\"sameAs\":[\"https:\\\/\\\/www.facebook.com\\\/IPParaguay\\\/\",\"https:\\\/\\\/x.com\\\/IPParaguay\",\"https:\\\/\\\/www.instagram.com\\\/IPParaguay\"]},{\"@type\":\"Person\",\"@id\":\"https:\\\/\\\/www.ip.gov.py\\\/ip\\\/#\\\/schema\\\/person\\\/613765cf13d420d448042e6802220539\",\"name\":\"Karina L\u00f3pez\",\"url\":\"https:\\\/\\\/www.ip.gov.py\\\/ip\\\/author\\\/klopez\\\/\"}]}<\/script>\n<!-- \/ Yoast SEO plugin. -->","yoast_head_json":{"title":"Ejecutivo decreta deducci\u00f3n del IVA de hasta el 30% para trabajadores independientes - .::Agencia IP::.","robots":{"index":"index","follow":"follow","max-snippet":"max-snippet:-1","max-image-preview":"max-image-preview:large","max-video-preview":"max-video-preview:-1"},"canonical":"https:\/\/www.ip.gov.py\/ip\/2022\/11\/07\/ejecutivo-decreta-deduccion-del-iva-de-hasta-el-30-para-trabajadores-independientes\/","og_locale":"es_ES","og_type":"article","og_title":"Ejecutivo decreta deducci\u00f3n del IVA de hasta el 30% para trabajadores independientes - .::Agencia IP::.","og_description":"Asunci\u00f3n, Agencia IP.- El Poder Ejecutivo autoriz\u00f3 la deducibilidad del Impuesto al Valor Agregado (IVA) hasta en un 30 por ciento, para rubros espec\u00edficos que beneficiar\u00e1n principalmente a los profesionales independientes.","og_url":"https:\/\/www.ip.gov.py\/ip\/2022\/11\/07\/ejecutivo-decreta-deduccion-del-iva-de-hasta-el-30-para-trabajadores-independientes\/","og_site_name":".::Agencia IP::.","article_publisher":"https:\/\/www.facebook.com\/IPParaguay\/","article_published_time":"2022-11-07T13:55:53+00:00","article_modified_time":"2022-11-07T14:13:27+00:00","og_image":[{"width":1280,"height":853,"url":"https:\/\/www.ip.gov.py\/ip\/wp-content\/uploads\/2022\/11\/iva-ejecutivo-sector-privado-decreto.jpg","type":"image\/jpeg"}],"author":"Karina L\u00f3pez","twitter_card":"summary_large_image","twitter_creator":"@IPParaguay","twitter_site":"@IPParaguay","twitter_misc":{"Escrito por":"Karina L\u00f3pez","Tiempo de lectura":"4 minutos"},"schema":{"@context":"https:\/\/schema.org","@graph":[{"@type":"Article","@id":"https:\/\/www.ip.gov.py\/ip\/2022\/11\/07\/ejecutivo-decreta-deduccion-del-iva-de-hasta-el-30-para-trabajadores-independientes\/#article","isPartOf":{"@id":"https:\/\/www.ip.gov.py\/ip\/2022\/11\/07\/ejecutivo-decreta-deduccion-del-iva-de-hasta-el-30-para-trabajadores-independientes\/"},"author":{"name":"Karina L\u00f3pez","@id":"https:\/\/www.ip.gov.py\/ip\/#\/schema\/person\/613765cf13d420d448042e6802220539"},"headline":"Ejecutivo decreta deducci\u00f3n del IVA de hasta el 30% para trabajadores independientes","datePublished":"2022-11-07T13:55:53+00:00","dateModified":"2022-11-07T14:13:27+00:00","mainEntityOfPage":{"@id":"https:\/\/www.ip.gov.py\/ip\/2022\/11\/07\/ejecutivo-decreta-deduccion-del-iva-de-hasta-el-30-para-trabajadores-independientes\/"},"wordCount":847,"publisher":{"@id":"https:\/\/www.ip.gov.py\/ip\/#organization"},"image":{"@id":"https:\/\/www.ip.gov.py\/ip\/2022\/11\/07\/ejecutivo-decreta-deduccion-del-iva-de-hasta-el-30-para-trabajadores-independientes\/#primaryimage"},"thumbnailUrl":"https:\/\/www.ip.gov.py\/ip\/wp-content\/uploads\/2022\/11\/iva-ejecutivo-sector-privado-decreto.jpg","keywords":["Decreto","deducibilidad","Economia","IVA","paraguay"],"articleSection":["Destacado","Pol\u00edtica"],"inLanguage":"es"},{"@type":"WebPage","@id":"https:\/\/www.ip.gov.py\/ip\/2022\/11\/07\/ejecutivo-decreta-deduccion-del-iva-de-hasta-el-30-para-trabajadores-independientes\/","url":"https:\/\/www.ip.gov.py\/ip\/2022\/11\/07\/ejecutivo-decreta-deduccion-del-iva-de-hasta-el-30-para-trabajadores-independientes\/","name":"Ejecutivo decreta deducci\u00f3n del IVA de hasta el 30% para trabajadores independientes - .::Agencia IP::.","isPartOf":{"@id":"https:\/\/www.ip.gov.py\/ip\/#website"},"primaryImageOfPage":{"@id":"https:\/\/www.ip.gov.py\/ip\/2022\/11\/07\/ejecutivo-decreta-deduccion-del-iva-de-hasta-el-30-para-trabajadores-independientes\/#primaryimage"},"image":{"@id":"https:\/\/www.ip.gov.py\/ip\/2022\/11\/07\/ejecutivo-decreta-deduccion-del-iva-de-hasta-el-30-para-trabajadores-independientes\/#primaryimage"},"thumbnailUrl":"https:\/\/www.ip.gov.py\/ip\/wp-content\/uploads\/2022\/11\/iva-ejecutivo-sector-privado-decreto.jpg","datePublished":"2022-11-07T13:55:53+00:00","dateModified":"2022-11-07T14:13:27+00:00","breadcrumb":{"@id":"https:\/\/www.ip.gov.py\/ip\/2022\/11\/07\/ejecutivo-decreta-deduccion-del-iva-de-hasta-el-30-para-trabajadores-independientes\/#breadcrumb"},"inLanguage":"es","potentialAction":[{"@type":"ReadAction","target":["https:\/\/www.ip.gov.py\/ip\/2022\/11\/07\/ejecutivo-decreta-deduccion-del-iva-de-hasta-el-30-para-trabajadores-independientes\/"]}]},{"@type":"ImageObject","inLanguage":"es","@id":"https:\/\/www.ip.gov.py\/ip\/2022\/11\/07\/ejecutivo-decreta-deduccion-del-iva-de-hasta-el-30-para-trabajadores-independientes\/#primaryimage","url":"https:\/\/www.ip.gov.py\/ip\/wp-content\/uploads\/2022\/11\/iva-ejecutivo-sector-privado-decreto.jpg","contentUrl":"https:\/\/www.ip.gov.py\/ip\/wp-content\/uploads\/2022\/11\/iva-ejecutivo-sector-privado-decreto.jpg","width":1280,"height":853,"caption":"La reuni\u00f3n estuvo liderada por el presidente Mario Abdo Ben\u00edtez. Foto Presidencia"},{"@type":"BreadcrumbList","@id":"https:\/\/www.ip.gov.py\/ip\/2022\/11\/07\/ejecutivo-decreta-deduccion-del-iva-de-hasta-el-30-para-trabajadores-independientes\/#breadcrumb","itemListElement":[{"@type":"ListItem","position":1,"name":"Portada","item":"https:\/\/www.ip.gov.py\/ip\/"},{"@type":"ListItem","position":2,"name":"Ejecutivo decreta deducci\u00f3n del IVA de hasta el 30% para trabajadores independientes"}]},{"@type":"WebSite","@id":"https:\/\/www.ip.gov.py\/ip\/#website","url":"https:\/\/www.ip.gov.py\/ip\/","name":".::Agencia IP::.","description":"","publisher":{"@id":"https:\/\/www.ip.gov.py\/ip\/#organization"},"potentialAction":[{"@type":"SearchAction","target":{"@type":"EntryPoint","urlTemplate":"https:\/\/www.ip.gov.py\/ip\/?s={search_term_string}"},"query-input":{"@type":"PropertyValueSpecification","valueRequired":true,"valueName":"search_term_string"}}],"inLanguage":"es"},{"@type":"Organization","@id":"https:\/\/www.ip.gov.py\/ip\/#organization","name":"Agencia IP","url":"https:\/\/www.ip.gov.py\/ip\/","logo":{"@type":"ImageObject","inLanguage":"es","@id":"https:\/\/www.ip.gov.py\/ip\/#\/schema\/logo\/image\/","url":"https:\/\/www.ip.gov.py\/ip\/wp-content\/uploads\/2018\/01\/Agencia-IP.jpg","contentUrl":"https:\/\/www.ip.gov.py\/ip\/wp-content\/uploads\/2018\/01\/Agencia-IP.jpg","width":150,"height":150,"caption":"Agencia IP"},"image":{"@id":"https:\/\/www.ip.gov.py\/ip\/#\/schema\/logo\/image\/"},"sameAs":["https:\/\/www.facebook.com\/IPParaguay\/","https:\/\/x.com\/IPParaguay","https:\/\/www.instagram.com\/IPParaguay"]},{"@type":"Person","@id":"https:\/\/www.ip.gov.py\/ip\/#\/schema\/person\/613765cf13d420d448042e6802220539","name":"Karina L\u00f3pez","url":"https:\/\/www.ip.gov.py\/ip\/author\/klopez\/"}]}},"_links":{"self":[{"href":"https:\/\/www.ip.gov.py\/ip\/wp-json\/wp\/v2\/posts\/437385","targetHints":{"allow":["GET"]}}],"collection":[{"href":"https:\/\/www.ip.gov.py\/ip\/wp-json\/wp\/v2\/posts"}],"about":[{"href":"https:\/\/www.ip.gov.py\/ip\/wp-json\/wp\/v2\/types\/post"}],"author":[{"embeddable":true,"href":"https:\/\/www.ip.gov.py\/ip\/wp-json\/wp\/v2\/users\/7"}],"replies":[{"embeddable":true,"href":"https:\/\/www.ip.gov.py\/ip\/wp-json\/wp\/v2\/comments?post=437385"}],"version-history":[{"count":0,"href":"https:\/\/www.ip.gov.py\/ip\/wp-json\/wp\/v2\/posts\/437385\/revisions"}],"wp:featuredmedia":[{"embeddable":true,"href":"https:\/\/www.ip.gov.py\/ip\/wp-json\/wp\/v2\/media\/437386"}],"wp:attachment":[{"href":"https:\/\/www.ip.gov.py\/ip\/wp-json\/wp\/v2\/media?parent=437385"}],"wp:term":[{"taxonomy":"category","embeddable":true,"href":"https:\/\/www.ip.gov.py\/ip\/wp-json\/wp\/v2\/categories?post=437385"},{"taxonomy":"post_tag","embeddable":true,"href":"https:\/\/www.ip.gov.py\/ip\/wp-json\/wp\/v2\/tags?post=437385"}],"curies":[{"name":"wp","href":"https:\/\/api.w.org\/{rel}","templated":true}]}}