{"id":439221,"date":"2022-11-23T11:01:26","date_gmt":"2022-11-23T14:01:26","guid":{"rendered":"https:\/\/www.ip.gov.py\/ip\/?p=439221"},"modified":"2022-11-23T11:01:26","modified_gmt":"2022-11-23T14:01:26","slug":"brasil-volvio-a-imponer-el-uso-obligatorio-de-mascarillas-en-aeropuertos-y-aviones-por-un-rebrote-de-covid-19","status":"publish","type":"post","link":"https:\/\/www.ip.gov.py\/ip\/2022\/11\/23\/brasil-volvio-a-imponer-el-uso-obligatorio-de-mascarillas-en-aeropuertos-y-aviones-por-un-rebrote-de-covid-19\/","title":{"rendered":"Brasil volvi\u00f3 a imponer el uso obligatorio de mascarillas en aeropuertos y aviones por un rebrote de covid-19"},"content":{"rendered":"<p style=\"text-align: justify;\"><em><strong>Brasilia.-<\/strong><\/em>La mascarillas volver\u00e1n a ser obligatorias en los aeropuertos y vuelos de Brasil a partir del pr\u00f3ximo viernes, debido a un repunte de los contagios de covid-19, seg\u00fan una nueva orden impuesta por las autoridades sanitarias.<!--more--><\/p>\n<p style=\"text-align: justify;\">El uso de mascarillas dej\u00f3 de ser obligatorio el pasado agosto, pero ha vuelto a ser impuesto debido a \u201clos datos epidemiol\u00f3gicos actuales, que indican un aumento en el n\u00famero de casos de covid-19 en la poblaci\u00f3n brasile\u00f1a\u201d, seg\u00fan un comunicado de la Agencia Nacional de Vigilancia Sanitaria (Anvisa) publicado en la noche del martes.<\/p>\n<p style=\"text-align: justify;\">Brasil ha sido uno de los pa\u00edses m\u00e1s castigados por la pandemia en el mundo, acumula hasta ahora casi 690.000 muertes y m\u00e1s de 35 millones de contagios, y en las \u00faltimas semanas ha registrado un fuerte repunte de las infecciones.<\/p>\n<p style=\"text-align: justify;\">Seg\u00fan el Consejo Nacional de Secretar\u00edas de Salud (Conass), en los primeros veinte d\u00edas de noviembre el n\u00famero de contagios super\u00f3 los 95.000, con un aumento del 292 % en relaci\u00f3n al mes anterior.<\/p>\n<p style=\"text-align: justify;\">El n\u00famero de fallecidos, sin embargo, no ha aumentado en la misma proporci\u00f3n, pero se ha mantenido en un promedio de 45 por d\u00eda en las \u00faltimas dos semanas.<\/p>\n<p style=\"text-align: justify;\">El incremento de los casos ha sido atribuido por instituciones cient\u00edficas a un relajamiento de la vacunaci\u00f3n en los \u00faltimos meses.<\/p>\n<p style=\"text-align: justify;\">El presidente Jair Bolsonaro, negacionista de la gravedad de la pandemia, se ufana de no haberse vacunado y ha sido una de las principales voces en Brasil contrarias a la inmunizaci\u00f3n.<\/p>\n<p style=\"text-align: justify;\">De acuerdo a datos oficiales, de los 213 millones de brasile\u00f1os, hasta ahora solamente un 49,2 % cuenta con la pauta completa de la vacunaci\u00f3n.<\/p>\n<p style=\"text-align: justify;\">Por otra parte, el Partido Liberal (PL) de Bolsonaro pidi\u00f3 este martes a la justicia electoral brasile\u00f1a que anule los votos de unas 280.000 urnas usadas en el balotaje del 30 de octubre, alegando supuestos errores que habr\u00edan dado la victoria a Lula frente al actual presidente.<\/p>\n<p style=\"text-align: justify;\">\u201cSe requiere que sean invalidados los votos respectivos a las urnas electr\u00f3nicas en que fueron comprobadas disconformidades irreparables de funcionamiento y que se determinen las consecuencias pr\u00e1cticas y jur\u00eddicas debidas con relaci\u00f3n al resultado de la segunda vuelta de las elecciones\u201d, dijo el PL en la denuncia firmada por el abogado Marcelo Bessa y dirigida al Tribunal Superior Electoral (TSE).<\/p>\n<p style=\"text-align: justify;\">El partido de Bolsonaro alega un \u201cmal funcionamiento\u201d de cinco modelos de urnas, supuestamente demostrado en un informe t\u00e9cnico realizado por el Instituto Voto Legal, contratado por la propia formaci\u00f3n, que \u201cpondr\u00eda en jaque la transparencia del proceso electoral\u201d.<\/p>\n<p style=\"text-align: justify;\">El presidente del TSE, Alexandre de Moraes, respondi\u00f3 a la solicitud cuestionando que las urnas objetadas fueron empleadas tanto en el balotaje como en la primera vuelta del 2 de octubre.<\/p>\n<p style=\"text-align: justify;\">\u201cBajo pena de rechazo (de la demanda), el autor debe agregar un pedido para que se abarquen ambas vueltas de las elecciones, en un plazo de 24 horas\u201d, dijo Moraes en su decisi\u00f3n.<\/p>\n<p style=\"text-align: justify;\">La denuncia se refiere a unas 280.000 urnas usadas en las elecciones y que corresponden a modelos anteriores a 2020.<\/p>\n<p style=\"text-align: justify;\">\u201cLas inconsistencias no permiten comprobar el voto del elector. Eso no quiere decir que hubo fraude, sino que no hay seguridad de que las urnas sean cre\u00edbles\u201d, dijo Bessa en rueda de prensa en Brasilia y asegur\u00f3 que en los modelos antiguos de urnas Lula obtuvo una ventaja pr\u00f3xima de cinco puntos, mayor al resultado oficial de 50,9% contra 49,1%.<\/p>\n<p style=\"text-align: justify;\">Con la anulaci\u00f3n de los votos de urnas cuestionadas, el partido de Bolsonaro sostiene que el actual presidente obtendr\u00eda la reelecci\u00f3n \u201ccon 51,05% de los votos v\u00e1lidos contra 48,95% de Lula\u201d.<\/p>\n<p style=\"text-align: justify;\">Bolsonaro se ha mantenido pr\u00e1cticamente en silencio desde que perdi\u00f3 la reelecci\u00f3n por un estrecho margen de 2,1 millones de votos ante el izquierdista Luiz In\u00e1cio Lula da Silva.Infobae.<\/p>\n<p style=\"text-align: justify;\">\n","protected":false},"excerpt":{"rendered":"<p>Brasilia.-La mascarillas volver\u00e1n a ser obligatorias en los aeropuertos y vuelos de Brasil a partir del pr\u00f3ximo viernes, debido a un repunte de los contagios de covid-19, seg\u00fan una nueva orden impuesta por las autoridades sanitarias.<\/p>\n","protected":false},"author":11,"featured_media":439223,"comment_status":"closed","ping_status":"closed","sticky":false,"template":"","format":"standard","meta":{"_monsterinsights_skip_tracking":false,"_monsterinsights_sitenote_active":false,"_monsterinsights_sitenote_note":"","_monsterinsights_sitenote_category":0,"footnotes":""},"categories":[5],"tags":[13911,335,2985,5625,3480],"class_list":{"0":"post-439221","1":"post","2":"type-post","3":"status-publish","4":"format-standard","5":"has-post-thumbnail","7":"category-internacionales","8":"tag-aeropuertos","9":"tag-brasil","10":"tag-covid-19","11":"tag-mascarillas","12":"tag-medidas"},"yoast_head":"<!-- This site is optimized with the Yoast SEO plugin v27.5 - https:\/\/yoast.com\/product\/yoast-seo-wordpress\/ -->\n<title>Brasil volvi\u00f3 a imponer el uso obligatorio de mascarillas en aeropuertos y aviones por un rebrote de covid-19 - .::Agencia IP::.<\/title>\n<meta name=\"robots\" content=\"index, follow, max-snippet:-1, max-image-preview:large, max-video-preview:-1\" \/>\n<link rel=\"canonical\" href=\"https:\/\/www.ip.gov.py\/ip\/2022\/11\/23\/brasil-volvio-a-imponer-el-uso-obligatorio-de-mascarillas-en-aeropuertos-y-aviones-por-un-rebrote-de-covid-19\/\" \/>\n<meta property=\"og:locale\" content=\"es_ES\" \/>\n<meta property=\"og:type\" content=\"article\" \/>\n<meta property=\"og:title\" content=\"Brasil volvi\u00f3 a imponer el uso obligatorio de mascarillas en aeropuertos y aviones por un rebrote de covid-19 - .::Agencia IP::.\" \/>\n<meta property=\"og:description\" content=\"Brasilia.-La mascarillas volver\u00e1n a ser obligatorias en los aeropuertos y vuelos de Brasil a partir del pr\u00f3ximo viernes, debido a un repunte de los contagios de covid-19, seg\u00fan una nueva orden impuesta por las autoridades sanitarias.\" \/>\n<meta property=\"og:url\" content=\"https:\/\/www.ip.gov.py\/ip\/2022\/11\/23\/brasil-volvio-a-imponer-el-uso-obligatorio-de-mascarillas-en-aeropuertos-y-aviones-por-un-rebrote-de-covid-19\/\" \/>\n<meta property=\"og:site_name\" content=\".::Agencia IP::.\" \/>\n<meta property=\"article:publisher\" content=\"https:\/\/www.facebook.com\/IPParaguay\/\" \/>\n<meta property=\"article:published_time\" content=\"2022-11-23T14:01:26+00:00\" \/>\n<meta property=\"og:image\" content=\"https:\/\/www.ip.gov.py\/ip\/wp-content\/uploads\/2022\/11\/Brasil-2.webp\" \/>\n\t<meta property=\"og:image:width\" content=\"768\" \/>\n\t<meta property=\"og:image:height\" content=\"512\" \/>\n\t<meta property=\"og:image:type\" content=\"image\/webp\" \/>\n<meta name=\"author\" content=\"vrios\" \/>\n<meta name=\"twitter:card\" content=\"summary_large_image\" \/>\n<meta name=\"twitter:creator\" content=\"@IPParaguay\" \/>\n<meta name=\"twitter:site\" content=\"@IPParaguay\" \/>\n<meta name=\"twitter:label1\" content=\"Escrito por\" \/>\n\t<meta name=\"twitter:data1\" content=\"vrios\" \/>\n\t<meta name=\"twitter:label2\" content=\"Tiempo de lectura\" \/>\n\t<meta name=\"twitter:data2\" content=\"3 minutos\" \/>\n<script type=\"application\/ld+json\" class=\"yoast-schema-graph\">{\"@context\":\"https:\\\/\\\/schema.org\",\"@graph\":[{\"@type\":\"Article\",\"@id\":\"https:\\\/\\\/www.ip.gov.py\\\/ip\\\/2022\\\/11\\\/23\\\/brasil-volvio-a-imponer-el-uso-obligatorio-de-mascarillas-en-aeropuertos-y-aviones-por-un-rebrote-de-covid-19\\\/#article\",\"isPartOf\":{\"@id\":\"https:\\\/\\\/www.ip.gov.py\\\/ip\\\/2022\\\/11\\\/23\\\/brasil-volvio-a-imponer-el-uso-obligatorio-de-mascarillas-en-aeropuertos-y-aviones-por-un-rebrote-de-covid-19\\\/\"},\"author\":{\"name\":\"vrios\",\"@id\":\"https:\\\/\\\/www.ip.gov.py\\\/ip\\\/#\\\/schema\\\/person\\\/fa3668852e893cb0423795330f919039\"},\"headline\":\"Brasil volvi\u00f3 a imponer el uso obligatorio de mascarillas en aeropuertos y aviones por un rebrote de covid-19\",\"datePublished\":\"2022-11-23T14:01:26+00:00\",\"mainEntityOfPage\":{\"@id\":\"https:\\\/\\\/www.ip.gov.py\\\/ip\\\/2022\\\/11\\\/23\\\/brasil-volvio-a-imponer-el-uso-obligatorio-de-mascarillas-en-aeropuertos-y-aviones-por-un-rebrote-de-covid-19\\\/\"},\"wordCount\":666,\"publisher\":{\"@id\":\"https:\\\/\\\/www.ip.gov.py\\\/ip\\\/#organization\"},\"image\":{\"@id\":\"https:\\\/\\\/www.ip.gov.py\\\/ip\\\/2022\\\/11\\\/23\\\/brasil-volvio-a-imponer-el-uso-obligatorio-de-mascarillas-en-aeropuertos-y-aviones-por-un-rebrote-de-covid-19\\\/#primaryimage\"},\"thumbnailUrl\":\"https:\\\/\\\/www.ip.gov.py\\\/ip\\\/wp-content\\\/uploads\\\/2022\\\/11\\\/Brasil-2.webp\",\"keywords\":[\"Aeropuertos\",\"Brasil\",\"covid-19\",\"mascarillas\",\"medidas\"],\"articleSection\":[\"Internacionales\"],\"inLanguage\":\"es\"},{\"@type\":\"WebPage\",\"@id\":\"https:\\\/\\\/www.ip.gov.py\\\/ip\\\/2022\\\/11\\\/23\\\/brasil-volvio-a-imponer-el-uso-obligatorio-de-mascarillas-en-aeropuertos-y-aviones-por-un-rebrote-de-covid-19\\\/\",\"url\":\"https:\\\/\\\/www.ip.gov.py\\\/ip\\\/2022\\\/11\\\/23\\\/brasil-volvio-a-imponer-el-uso-obligatorio-de-mascarillas-en-aeropuertos-y-aviones-por-un-rebrote-de-covid-19\\\/\",\"name\":\"Brasil volvi\u00f3 a imponer el uso obligatorio de mascarillas en aeropuertos y aviones por un rebrote de covid-19 - .::Agencia IP::.\",\"isPartOf\":{\"@id\":\"https:\\\/\\\/www.ip.gov.py\\\/ip\\\/#website\"},\"primaryImageOfPage\":{\"@id\":\"https:\\\/\\\/www.ip.gov.py\\\/ip\\\/2022\\\/11\\\/23\\\/brasil-volvio-a-imponer-el-uso-obligatorio-de-mascarillas-en-aeropuertos-y-aviones-por-un-rebrote-de-covid-19\\\/#primaryimage\"},\"image\":{\"@id\":\"https:\\\/\\\/www.ip.gov.py\\\/ip\\\/2022\\\/11\\\/23\\\/brasil-volvio-a-imponer-el-uso-obligatorio-de-mascarillas-en-aeropuertos-y-aviones-por-un-rebrote-de-covid-19\\\/#primaryimage\"},\"thumbnailUrl\":\"https:\\\/\\\/www.ip.gov.py\\\/ip\\\/wp-content\\\/uploads\\\/2022\\\/11\\\/Brasil-2.webp\",\"datePublished\":\"2022-11-23T14:01:26+00:00\",\"breadcrumb\":{\"@id\":\"https:\\\/\\\/www.ip.gov.py\\\/ip\\\/2022\\\/11\\\/23\\\/brasil-volvio-a-imponer-el-uso-obligatorio-de-mascarillas-en-aeropuertos-y-aviones-por-un-rebrote-de-covid-19\\\/#breadcrumb\"},\"inLanguage\":\"es\",\"potentialAction\":[{\"@type\":\"ReadAction\",\"target\":[\"https:\\\/\\\/www.ip.gov.py\\\/ip\\\/2022\\\/11\\\/23\\\/brasil-volvio-a-imponer-el-uso-obligatorio-de-mascarillas-en-aeropuertos-y-aviones-por-un-rebrote-de-covid-19\\\/\"]}]},{\"@type\":\"ImageObject\",\"inLanguage\":\"es\",\"@id\":\"https:\\\/\\\/www.ip.gov.py\\\/ip\\\/2022\\\/11\\\/23\\\/brasil-volvio-a-imponer-el-uso-obligatorio-de-mascarillas-en-aeropuertos-y-aviones-por-un-rebrote-de-covid-19\\\/#primaryimage\",\"url\":\"https:\\\/\\\/www.ip.gov.py\\\/ip\\\/wp-content\\\/uploads\\\/2022\\\/11\\\/Brasil-2.webp\",\"contentUrl\":\"https:\\\/\\\/www.ip.gov.py\\\/ip\\\/wp-content\\\/uploads\\\/2022\\\/11\\\/Brasil-2.webp\",\"width\":768,\"height\":512,\"caption\":\"Infobae\"},{\"@type\":\"BreadcrumbList\",\"@id\":\"https:\\\/\\\/www.ip.gov.py\\\/ip\\\/2022\\\/11\\\/23\\\/brasil-volvio-a-imponer-el-uso-obligatorio-de-mascarillas-en-aeropuertos-y-aviones-por-un-rebrote-de-covid-19\\\/#breadcrumb\",\"itemListElement\":[{\"@type\":\"ListItem\",\"position\":1,\"name\":\"Portada\",\"item\":\"https:\\\/\\\/www.ip.gov.py\\\/ip\\\/\"},{\"@type\":\"ListItem\",\"position\":2,\"name\":\"Brasil volvi\u00f3 a imponer el uso obligatorio de mascarillas en aeropuertos y aviones por un rebrote de covid-19\"}]},{\"@type\":\"WebSite\",\"@id\":\"https:\\\/\\\/www.ip.gov.py\\\/ip\\\/#website\",\"url\":\"https:\\\/\\\/www.ip.gov.py\\\/ip\\\/\",\"name\":\".::Agencia IP::.\",\"description\":\"\",\"publisher\":{\"@id\":\"https:\\\/\\\/www.ip.gov.py\\\/ip\\\/#organization\"},\"potentialAction\":[{\"@type\":\"SearchAction\",\"target\":{\"@type\":\"EntryPoint\",\"urlTemplate\":\"https:\\\/\\\/www.ip.gov.py\\\/ip\\\/?s={search_term_string}\"},\"query-input\":{\"@type\":\"PropertyValueSpecification\",\"valueRequired\":true,\"valueName\":\"search_term_string\"}}],\"inLanguage\":\"es\"},{\"@type\":\"Organization\",\"@id\":\"https:\\\/\\\/www.ip.gov.py\\\/ip\\\/#organization\",\"name\":\"Agencia IP\",\"url\":\"https:\\\/\\\/www.ip.gov.py\\\/ip\\\/\",\"logo\":{\"@type\":\"ImageObject\",\"inLanguage\":\"es\",\"@id\":\"https:\\\/\\\/www.ip.gov.py\\\/ip\\\/#\\\/schema\\\/logo\\\/image\\\/\",\"url\":\"https:\\\/\\\/www.ip.gov.py\\\/ip\\\/wp-content\\\/uploads\\\/2018\\\/01\\\/Agencia-IP.jpg\",\"contentUrl\":\"https:\\\/\\\/www.ip.gov.py\\\/ip\\\/wp-content\\\/uploads\\\/2018\\\/01\\\/Agencia-IP.jpg\",\"width\":150,\"height\":150,\"caption\":\"Agencia IP\"},\"image\":{\"@id\":\"https:\\\/\\\/www.ip.gov.py\\\/ip\\\/#\\\/schema\\\/logo\\\/image\\\/\"},\"sameAs\":[\"https:\\\/\\\/www.facebook.com\\\/IPParaguay\\\/\",\"https:\\\/\\\/x.com\\\/IPParaguay\",\"https:\\\/\\\/www.instagram.com\\\/IPParaguay\"]},{\"@type\":\"Person\",\"@id\":\"https:\\\/\\\/www.ip.gov.py\\\/ip\\\/#\\\/schema\\\/person\\\/fa3668852e893cb0423795330f919039\",\"name\":\"vrios\",\"url\":\"https:\\\/\\\/www.ip.gov.py\\\/ip\\\/author\\\/vrios\\\/\"}]}<\/script>\n<!-- \/ Yoast SEO plugin. -->","yoast_head_json":{"title":"Brasil volvi\u00f3 a imponer el uso obligatorio de mascarillas en aeropuertos y aviones por un rebrote de covid-19 - .::Agencia IP::.","robots":{"index":"index","follow":"follow","max-snippet":"max-snippet:-1","max-image-preview":"max-image-preview:large","max-video-preview":"max-video-preview:-1"},"canonical":"https:\/\/www.ip.gov.py\/ip\/2022\/11\/23\/brasil-volvio-a-imponer-el-uso-obligatorio-de-mascarillas-en-aeropuertos-y-aviones-por-un-rebrote-de-covid-19\/","og_locale":"es_ES","og_type":"article","og_title":"Brasil volvi\u00f3 a imponer el uso obligatorio de mascarillas en aeropuertos y aviones por un rebrote de covid-19 - .::Agencia IP::.","og_description":"Brasilia.-La mascarillas volver\u00e1n a ser obligatorias en los aeropuertos y vuelos de Brasil a partir del pr\u00f3ximo viernes, debido a un repunte de los contagios de covid-19, seg\u00fan una nueva orden impuesta por las autoridades sanitarias.","og_url":"https:\/\/www.ip.gov.py\/ip\/2022\/11\/23\/brasil-volvio-a-imponer-el-uso-obligatorio-de-mascarillas-en-aeropuertos-y-aviones-por-un-rebrote-de-covid-19\/","og_site_name":".::Agencia IP::.","article_publisher":"https:\/\/www.facebook.com\/IPParaguay\/","article_published_time":"2022-11-23T14:01:26+00:00","og_image":[{"width":768,"height":512,"url":"https:\/\/www.ip.gov.py\/ip\/wp-content\/uploads\/2022\/11\/Brasil-2.webp","type":"image\/webp"}],"author":"vrios","twitter_card":"summary_large_image","twitter_creator":"@IPParaguay","twitter_site":"@IPParaguay","twitter_misc":{"Escrito por":"vrios","Tiempo de lectura":"3 minutos"},"schema":{"@context":"https:\/\/schema.org","@graph":[{"@type":"Article","@id":"https:\/\/www.ip.gov.py\/ip\/2022\/11\/23\/brasil-volvio-a-imponer-el-uso-obligatorio-de-mascarillas-en-aeropuertos-y-aviones-por-un-rebrote-de-covid-19\/#article","isPartOf":{"@id":"https:\/\/www.ip.gov.py\/ip\/2022\/11\/23\/brasil-volvio-a-imponer-el-uso-obligatorio-de-mascarillas-en-aeropuertos-y-aviones-por-un-rebrote-de-covid-19\/"},"author":{"name":"vrios","@id":"https:\/\/www.ip.gov.py\/ip\/#\/schema\/person\/fa3668852e893cb0423795330f919039"},"headline":"Brasil volvi\u00f3 a imponer el uso obligatorio de mascarillas en aeropuertos y aviones por un rebrote de covid-19","datePublished":"2022-11-23T14:01:26+00:00","mainEntityOfPage":{"@id":"https:\/\/www.ip.gov.py\/ip\/2022\/11\/23\/brasil-volvio-a-imponer-el-uso-obligatorio-de-mascarillas-en-aeropuertos-y-aviones-por-un-rebrote-de-covid-19\/"},"wordCount":666,"publisher":{"@id":"https:\/\/www.ip.gov.py\/ip\/#organization"},"image":{"@id":"https:\/\/www.ip.gov.py\/ip\/2022\/11\/23\/brasil-volvio-a-imponer-el-uso-obligatorio-de-mascarillas-en-aeropuertos-y-aviones-por-un-rebrote-de-covid-19\/#primaryimage"},"thumbnailUrl":"https:\/\/www.ip.gov.py\/ip\/wp-content\/uploads\/2022\/11\/Brasil-2.webp","keywords":["Aeropuertos","Brasil","covid-19","mascarillas","medidas"],"articleSection":["Internacionales"],"inLanguage":"es"},{"@type":"WebPage","@id":"https:\/\/www.ip.gov.py\/ip\/2022\/11\/23\/brasil-volvio-a-imponer-el-uso-obligatorio-de-mascarillas-en-aeropuertos-y-aviones-por-un-rebrote-de-covid-19\/","url":"https:\/\/www.ip.gov.py\/ip\/2022\/11\/23\/brasil-volvio-a-imponer-el-uso-obligatorio-de-mascarillas-en-aeropuertos-y-aviones-por-un-rebrote-de-covid-19\/","name":"Brasil volvi\u00f3 a imponer el uso obligatorio de mascarillas en aeropuertos y aviones por un rebrote de covid-19 - .::Agencia IP::.","isPartOf":{"@id":"https:\/\/www.ip.gov.py\/ip\/#website"},"primaryImageOfPage":{"@id":"https:\/\/www.ip.gov.py\/ip\/2022\/11\/23\/brasil-volvio-a-imponer-el-uso-obligatorio-de-mascarillas-en-aeropuertos-y-aviones-por-un-rebrote-de-covid-19\/#primaryimage"},"image":{"@id":"https:\/\/www.ip.gov.py\/ip\/2022\/11\/23\/brasil-volvio-a-imponer-el-uso-obligatorio-de-mascarillas-en-aeropuertos-y-aviones-por-un-rebrote-de-covid-19\/#primaryimage"},"thumbnailUrl":"https:\/\/www.ip.gov.py\/ip\/wp-content\/uploads\/2022\/11\/Brasil-2.webp","datePublished":"2022-11-23T14:01:26+00:00","breadcrumb":{"@id":"https:\/\/www.ip.gov.py\/ip\/2022\/11\/23\/brasil-volvio-a-imponer-el-uso-obligatorio-de-mascarillas-en-aeropuertos-y-aviones-por-un-rebrote-de-covid-19\/#breadcrumb"},"inLanguage":"es","potentialAction":[{"@type":"ReadAction","target":["https:\/\/www.ip.gov.py\/ip\/2022\/11\/23\/brasil-volvio-a-imponer-el-uso-obligatorio-de-mascarillas-en-aeropuertos-y-aviones-por-un-rebrote-de-covid-19\/"]}]},{"@type":"ImageObject","inLanguage":"es","@id":"https:\/\/www.ip.gov.py\/ip\/2022\/11\/23\/brasil-volvio-a-imponer-el-uso-obligatorio-de-mascarillas-en-aeropuertos-y-aviones-por-un-rebrote-de-covid-19\/#primaryimage","url":"https:\/\/www.ip.gov.py\/ip\/wp-content\/uploads\/2022\/11\/Brasil-2.webp","contentUrl":"https:\/\/www.ip.gov.py\/ip\/wp-content\/uploads\/2022\/11\/Brasil-2.webp","width":768,"height":512,"caption":"Infobae"},{"@type":"BreadcrumbList","@id":"https:\/\/www.ip.gov.py\/ip\/2022\/11\/23\/brasil-volvio-a-imponer-el-uso-obligatorio-de-mascarillas-en-aeropuertos-y-aviones-por-un-rebrote-de-covid-19\/#breadcrumb","itemListElement":[{"@type":"ListItem","position":1,"name":"Portada","item":"https:\/\/www.ip.gov.py\/ip\/"},{"@type":"ListItem","position":2,"name":"Brasil volvi\u00f3 a imponer el uso obligatorio de mascarillas en aeropuertos y aviones por un rebrote de covid-19"}]},{"@type":"WebSite","@id":"https:\/\/www.ip.gov.py\/ip\/#website","url":"https:\/\/www.ip.gov.py\/ip\/","name":".::Agencia IP::.","description":"","publisher":{"@id":"https:\/\/www.ip.gov.py\/ip\/#organization"},"potentialAction":[{"@type":"SearchAction","target":{"@type":"EntryPoint","urlTemplate":"https:\/\/www.ip.gov.py\/ip\/?s={search_term_string}"},"query-input":{"@type":"PropertyValueSpecification","valueRequired":true,"valueName":"search_term_string"}}],"inLanguage":"es"},{"@type":"Organization","@id":"https:\/\/www.ip.gov.py\/ip\/#organization","name":"Agencia IP","url":"https:\/\/www.ip.gov.py\/ip\/","logo":{"@type":"ImageObject","inLanguage":"es","@id":"https:\/\/www.ip.gov.py\/ip\/#\/schema\/logo\/image\/","url":"https:\/\/www.ip.gov.py\/ip\/wp-content\/uploads\/2018\/01\/Agencia-IP.jpg","contentUrl":"https:\/\/www.ip.gov.py\/ip\/wp-content\/uploads\/2018\/01\/Agencia-IP.jpg","width":150,"height":150,"caption":"Agencia IP"},"image":{"@id":"https:\/\/www.ip.gov.py\/ip\/#\/schema\/logo\/image\/"},"sameAs":["https:\/\/www.facebook.com\/IPParaguay\/","https:\/\/x.com\/IPParaguay","https:\/\/www.instagram.com\/IPParaguay"]},{"@type":"Person","@id":"https:\/\/www.ip.gov.py\/ip\/#\/schema\/person\/fa3668852e893cb0423795330f919039","name":"vrios","url":"https:\/\/www.ip.gov.py\/ip\/author\/vrios\/"}]}},"_links":{"self":[{"href":"https:\/\/www.ip.gov.py\/ip\/wp-json\/wp\/v2\/posts\/439221","targetHints":{"allow":["GET"]}}],"collection":[{"href":"https:\/\/www.ip.gov.py\/ip\/wp-json\/wp\/v2\/posts"}],"about":[{"href":"https:\/\/www.ip.gov.py\/ip\/wp-json\/wp\/v2\/types\/post"}],"author":[{"embeddable":true,"href":"https:\/\/www.ip.gov.py\/ip\/wp-json\/wp\/v2\/users\/11"}],"replies":[{"embeddable":true,"href":"https:\/\/www.ip.gov.py\/ip\/wp-json\/wp\/v2\/comments?post=439221"}],"version-history":[{"count":0,"href":"https:\/\/www.ip.gov.py\/ip\/wp-json\/wp\/v2\/posts\/439221\/revisions"}],"wp:featuredmedia":[{"embeddable":true,"href":"https:\/\/www.ip.gov.py\/ip\/wp-json\/wp\/v2\/media\/439223"}],"wp:attachment":[{"href":"https:\/\/www.ip.gov.py\/ip\/wp-json\/wp\/v2\/media?parent=439221"}],"wp:term":[{"taxonomy":"category","embeddable":true,"href":"https:\/\/www.ip.gov.py\/ip\/wp-json\/wp\/v2\/categories?post=439221"},{"taxonomy":"post_tag","embeddable":true,"href":"https:\/\/www.ip.gov.py\/ip\/wp-json\/wp\/v2\/tags?post=439221"}],"curies":[{"name":"wp","href":"https:\/\/api.w.org\/{rel}","templated":true}]}}