{"id":440191,"date":"2022-12-02T11:25:37","date_gmt":"2022-12-02T14:25:37","guid":{"rendered":"https:\/\/www.ip.gov.py\/ip\/?p=440191"},"modified":"2022-12-02T13:04:21","modified_gmt":"2022-12-02T16:04:21","slug":"san-juan-bautista-amplia-atencion-en-urgencias-internaciones-y-terapia-intensiva","status":"publish","type":"post","link":"https:\/\/www.ip.gov.py\/ip\/2022\/12\/02\/san-juan-bautista-amplia-atencion-en-urgencias-internaciones-y-terapia-intensiva\/","title":{"rendered":"San Juan Bautista ampl\u00eda atenci\u00f3n en urgencias, internaciones y terapia intensiva"},"content":{"rendered":"<p style=\"text-align: justify;\"><em><strong>Asunci\u00f3n, Agencia IP.- <\/strong><\/em>El Hospital Regional y la unidad de IPS de San Juan Bautista incorporaron nuevas \u00e1reas de urgencias, internaci\u00f3n y terapia intensiva, que fueron habilitadas este viernes durante la jornada de Gobierno del presidente de la Rep\u00fablica, Mario Abdo Ben\u00edtez en el departamento de Misiones.<!--more--><\/p>\n<p style=\"text-align: justify;\">En el Hospital Regional de San Juan Bautista se habilitaron dos nuevas \u00e1reas para la atenci\u00f3n de urgencias y para internaciones. Con esto, el centro m\u00e9dico ampl\u00eda de 20 a 40 camas para urgencias pedi\u00e1tricas, de adultos y obstetricia. En cuanto a internaciones, el hospital cuenta ahora con dos salas para cirug\u00edas.<\/p>\n<p style=\"text-align: justify;\">En cuanto a la unidad del Instituto de Previsi\u00f3n Social (IPS) de la localidad, la misma inaugur\u00f3 dos salas de internaci\u00f3n para terapia intensiva pedi\u00e1trica y neonatal; con lo que suma 6 camas y 4 incubadoras con sus equipos correspondientes.<\/p>\n<p style=\"text-align: justify;\">Esto representa la primera unidad de terapia intensiva infantil y la tercera neonatal de IPS en el interior del pa\u00eds, se\u00f1al\u00f3 su presidente, Vicente Bataglia. La inversi\u00f3n para las nuevas camas fueron de Gs. 5.500 millones, agreg\u00f3.<\/p>\n<figure id=\"attachment_440206\" aria-describedby=\"caption-attachment-440206\" style=\"width: 600px\" class=\"wp-caption alignright\"><img loading=\"lazy\" decoding=\"async\" class=\"size-medium wp-image-440206\" src=\"https:\/\/www.ip.gov.py\/ip\/wp-content\/uploads\/2022\/12\/mario-abdo-urgencias-ips-san-juan-bautista-borba-pabellon-salud-600x416.jpg\" alt=\"\" width=\"600\" height=\"416\" srcset=\"https:\/\/www.ip.gov.py\/ip\/wp-content\/uploads\/2022\/12\/mario-abdo-urgencias-ips-san-juan-bautista-borba-pabellon-salud-600x416.jpg 600w, https:\/\/www.ip.gov.py\/ip\/wp-content\/uploads\/2022\/12\/mario-abdo-urgencias-ips-san-juan-bautista-borba-pabellon-salud-1024x710.jpg 1024w, https:\/\/www.ip.gov.py\/ip\/wp-content\/uploads\/2022\/12\/mario-abdo-urgencias-ips-san-juan-bautista-borba-pabellon-salud-768x532.jpg 768w, https:\/\/www.ip.gov.py\/ip\/wp-content\/uploads\/2022\/12\/mario-abdo-urgencias-ips-san-juan-bautista-borba-pabellon-salud-218x150.jpg 218w, https:\/\/www.ip.gov.py\/ip\/wp-content\/uploads\/2022\/12\/mario-abdo-urgencias-ips-san-juan-bautista-borba-pabellon-salud-696x482.jpg 696w, https:\/\/www.ip.gov.py\/ip\/wp-content\/uploads\/2022\/12\/mario-abdo-urgencias-ips-san-juan-bautista-borba-pabellon-salud-1068x740.jpg 1068w, https:\/\/www.ip.gov.py\/ip\/wp-content\/uploads\/2022\/12\/mario-abdo-urgencias-ips-san-juan-bautista-borba-pabellon-salud-606x420.jpg 606w, https:\/\/www.ip.gov.py\/ip\/wp-content\/uploads\/2022\/12\/mario-abdo-urgencias-ips-san-juan-bautista-borba-pabellon-salud-100x70.jpg 100w, https:\/\/www.ip.gov.py\/ip\/wp-content\/uploads\/2022\/12\/mario-abdo-urgencias-ips-san-juan-bautista-borba-pabellon-salud.jpg 1101w\" sizes=\"auto, (max-width: 600px) 100vw, 600px\" \/><figcaption id=\"caption-attachment-440206\" class=\"wp-caption-text\">Foto Presidencia.<\/figcaption><\/figure>\n<p style=\"text-align: justify;\">Las obras en el Hospital de San Juan Baustista fueron encaradas por la Gobernaci\u00f3n de Misiones con una inversi\u00f3n de Gs. 4.300 millones. El ministro de Salud P\u00fablica, Julio Borba, destac\u00f3 la gesti\u00f3n del gobernador Carlos Arrechea, al ser uno de los que m\u00e1s invirti\u00f3 en el sistema sanitario en su departamento.<\/p>\n<p style=\"text-align: justify;\">Igualmente, la Entidad Binacional Yacyret\u00e1 (EBY) acompa\u00f1\u00f3 el proyecto con la dotaci\u00f3n de equipos para cirug\u00edas e insumos por Gs. 1.807 millones.<\/p>\n<p style=\"text-align: justify;\">En tanto que el Ministerio de Salud acompa\u00f1\u00f3 con la dotaci\u00f3n de 57 nuevos personales m\u00e9dicos para las \u00e1reas habilitadas, con lo que suman 1.400 nuevos funcionarios incorporados al sistema en el departamento en los \u00faltimos a\u00f1os, destac\u00f3 el ministro Borba.<\/p>\n<h4 style=\"text-align: justify;\"><strong>Planta de ox\u00edgeno y servicio a pacientes con VIH<br \/>\n<\/strong><\/h4>\n<p style=\"text-align: justify;\">Adem\u00e1s de los nuevos pabellones, el mandatario Mario Abdo Ben\u00edtez encabez\u00f3 la habilitaci\u00f3n de una planta de ox\u00edgeno medicinal en la unidad de IPS de Misiones. La planta cuenta con capacidad para carga de 500 balones de \u00f3xigeno por d\u00eda y fue construida con una inversi\u00f3n de Gs. 10.149 millones.<\/p>\n<p style=\"text-align: justify;\">Por \u00faltimo, se habilit\u00f3 en San Juan Bautista el Servicio de Atenci\u00f3n Integral (SAI) del VIH para la atenci\u00f3n integral y tratamiento de pacientes viven con el VIH y el tratamiento de otras infecciones de transmisi\u00f3n sexual. La edificaci\u00f3n fue construida con una inversi\u00f3n de Gs. 230 millones del Consejo Regional de Salud.<\/p>\n<p style=\"text-align: justify;\">Las obras para el sistema sanitario fueron habilitadas por el presidente Mario Abdo Ben\u00edtez, acompa\u00f1ado de la primera dama, Silvana Abdo, el director de la EBY, Nicanor Duarte Frutos, el ministro Borba, el presidente de IPS, Vicente Bataglia y autoridades sanitarias, de la localidad de San Juan Bautista y del departamento de Misiones.<\/p>\n","protected":false},"excerpt":{"rendered":"<p>Asunci\u00f3n, Agencia IP.- El Hospital Regional y la unidad de IPS de San Juan Bautista incorporaron nuevas \u00e1reas de urgencias, internaci\u00f3n y terapia intensiva, que fueron habilitadas este viernes durante la jornada de Gobierno del presidente de la Rep\u00fablica, Mario Abdo Ben\u00edtez en el departamento de Misiones.<\/p>\n","protected":false},"author":22,"featured_media":440205,"comment_status":"closed","ping_status":"closed","sticky":false,"template":"","format":"standard","meta":{"_monsterinsights_skip_tracking":false,"_monsterinsights_sitenote_active":false,"_monsterinsights_sitenote_note":"","_monsterinsights_sitenote_category":0,"footnotes":""},"categories":[2,6],"tags":[3858,883,6999],"class_list":{"0":"post-440191","1":"post","2":"type-post","3":"status-publish","4":"format-standard","5":"has-post-thumbnail","7":"category-destacado","8":"category-politica","9":"tag-fortalecimiento-del-sistema-sanitario","10":"tag-misiones","11":"tag-san-juan-bautista"},"yoast_head":"<!-- This site is optimized with the Yoast SEO plugin v27.5 - https:\/\/yoast.com\/product\/yoast-seo-wordpress\/ -->\n<title>San Juan Bautista ampl\u00eda atenci\u00f3n en urgencias, internaciones y terapia intensiva - .::Agencia IP::.<\/title>\n<meta name=\"robots\" content=\"index, follow, max-snippet:-1, max-image-preview:large, max-video-preview:-1\" \/>\n<link rel=\"canonical\" href=\"https:\/\/www.ip.gov.py\/ip\/2022\/12\/02\/san-juan-bautista-amplia-atencion-en-urgencias-internaciones-y-terapia-intensiva\/\" \/>\n<meta property=\"og:locale\" content=\"es_ES\" \/>\n<meta property=\"og:type\" content=\"article\" \/>\n<meta property=\"og:title\" content=\"San Juan Bautista ampl\u00eda atenci\u00f3n en urgencias, internaciones y terapia intensiva - .::Agencia IP::.\" \/>\n<meta property=\"og:description\" content=\"Asunci\u00f3n, Agencia IP.- El Hospital Regional y la unidad de IPS de San Juan Bautista incorporaron nuevas \u00e1reas de urgencias, internaci\u00f3n y terapia intensiva, que fueron habilitadas este viernes durante la jornada de Gobierno del presidente de la Rep\u00fablica, Mario Abdo Ben\u00edtez en el departamento de Misiones.\" \/>\n<meta property=\"og:url\" content=\"https:\/\/www.ip.gov.py\/ip\/2022\/12\/02\/san-juan-bautista-amplia-atencion-en-urgencias-internaciones-y-terapia-intensiva\/\" \/>\n<meta property=\"og:site_name\" content=\".::Agencia IP::.\" \/>\n<meta property=\"article:publisher\" content=\"https:\/\/www.facebook.com\/IPParaguay\/\" \/>\n<meta property=\"article:published_time\" content=\"2022-12-02T14:25:37+00:00\" \/>\n<meta property=\"article:modified_time\" content=\"2022-12-02T16:04:21+00:00\" \/>\n<meta property=\"og:image\" content=\"https:\/\/www.ip.gov.py\/ip\/wp-content\/uploads\/2022\/12\/mario-abdo-silvana-enfermeras-ips-san-juan-bautista-personal-de-blanco.jpg\" \/>\n\t<meta property=\"og:image:width\" content=\"1600\" \/>\n\t<meta property=\"og:image:height\" content=\"1090\" \/>\n\t<meta property=\"og:image:type\" content=\"image\/jpeg\" \/>\n<meta name=\"author\" content=\"Alberto C\" \/>\n<meta name=\"twitter:card\" content=\"summary_large_image\" \/>\n<meta name=\"twitter:creator\" content=\"@IPParaguay\" \/>\n<meta name=\"twitter:site\" content=\"@IPParaguay\" \/>\n<meta name=\"twitter:label1\" content=\"Escrito por\" \/>\n\t<meta name=\"twitter:data1\" content=\"Alberto C\" \/>\n\t<meta name=\"twitter:label2\" content=\"Tiempo de lectura\" \/>\n\t<meta name=\"twitter:data2\" content=\"3 minutos\" \/>\n<script type=\"application\/ld+json\" class=\"yoast-schema-graph\">{\"@context\":\"https:\\\/\\\/schema.org\",\"@graph\":[{\"@type\":\"Article\",\"@id\":\"https:\\\/\\\/www.ip.gov.py\\\/ip\\\/2022\\\/12\\\/02\\\/san-juan-bautista-amplia-atencion-en-urgencias-internaciones-y-terapia-intensiva\\\/#article\",\"isPartOf\":{\"@id\":\"https:\\\/\\\/www.ip.gov.py\\\/ip\\\/2022\\\/12\\\/02\\\/san-juan-bautista-amplia-atencion-en-urgencias-internaciones-y-terapia-intensiva\\\/\"},\"author\":{\"name\":\"Alberto C\",\"@id\":\"https:\\\/\\\/www.ip.gov.py\\\/ip\\\/#\\\/schema\\\/person\\\/369fedd28420fad35e23b10a9df16fb8\"},\"headline\":\"San Juan Bautista ampl\u00eda atenci\u00f3n en urgencias, internaciones y terapia intensiva\",\"datePublished\":\"2022-12-02T14:25:37+00:00\",\"dateModified\":\"2022-12-02T16:04:21+00:00\",\"mainEntityOfPage\":{\"@id\":\"https:\\\/\\\/www.ip.gov.py\\\/ip\\\/2022\\\/12\\\/02\\\/san-juan-bautista-amplia-atencion-en-urgencias-internaciones-y-terapia-intensiva\\\/\"},\"wordCount\":506,\"publisher\":{\"@id\":\"https:\\\/\\\/www.ip.gov.py\\\/ip\\\/#organization\"},\"image\":{\"@id\":\"https:\\\/\\\/www.ip.gov.py\\\/ip\\\/2022\\\/12\\\/02\\\/san-juan-bautista-amplia-atencion-en-urgencias-internaciones-y-terapia-intensiva\\\/#primaryimage\"},\"thumbnailUrl\":\"https:\\\/\\\/www.ip.gov.py\\\/ip\\\/wp-content\\\/uploads\\\/2022\\\/12\\\/mario-abdo-silvana-enfermeras-ips-san-juan-bautista-personal-de-blanco.jpg\",\"keywords\":[\"fortalecimiento del sistema sanitario\",\"Misiones\",\"San Juan Bautista\"],\"articleSection\":[\"Destacado\",\"Pol\u00edtica\"],\"inLanguage\":\"es\"},{\"@type\":\"WebPage\",\"@id\":\"https:\\\/\\\/www.ip.gov.py\\\/ip\\\/2022\\\/12\\\/02\\\/san-juan-bautista-amplia-atencion-en-urgencias-internaciones-y-terapia-intensiva\\\/\",\"url\":\"https:\\\/\\\/www.ip.gov.py\\\/ip\\\/2022\\\/12\\\/02\\\/san-juan-bautista-amplia-atencion-en-urgencias-internaciones-y-terapia-intensiva\\\/\",\"name\":\"San Juan Bautista ampl\u00eda atenci\u00f3n en urgencias, internaciones y terapia intensiva - .::Agencia IP::.\",\"isPartOf\":{\"@id\":\"https:\\\/\\\/www.ip.gov.py\\\/ip\\\/#website\"},\"primaryImageOfPage\":{\"@id\":\"https:\\\/\\\/www.ip.gov.py\\\/ip\\\/2022\\\/12\\\/02\\\/san-juan-bautista-amplia-atencion-en-urgencias-internaciones-y-terapia-intensiva\\\/#primaryimage\"},\"image\":{\"@id\":\"https:\\\/\\\/www.ip.gov.py\\\/ip\\\/2022\\\/12\\\/02\\\/san-juan-bautista-amplia-atencion-en-urgencias-internaciones-y-terapia-intensiva\\\/#primaryimage\"},\"thumbnailUrl\":\"https:\\\/\\\/www.ip.gov.py\\\/ip\\\/wp-content\\\/uploads\\\/2022\\\/12\\\/mario-abdo-silvana-enfermeras-ips-san-juan-bautista-personal-de-blanco.jpg\",\"datePublished\":\"2022-12-02T14:25:37+00:00\",\"dateModified\":\"2022-12-02T16:04:21+00:00\",\"breadcrumb\":{\"@id\":\"https:\\\/\\\/www.ip.gov.py\\\/ip\\\/2022\\\/12\\\/02\\\/san-juan-bautista-amplia-atencion-en-urgencias-internaciones-y-terapia-intensiva\\\/#breadcrumb\"},\"inLanguage\":\"es\",\"potentialAction\":[{\"@type\":\"ReadAction\",\"target\":[\"https:\\\/\\\/www.ip.gov.py\\\/ip\\\/2022\\\/12\\\/02\\\/san-juan-bautista-amplia-atencion-en-urgencias-internaciones-y-terapia-intensiva\\\/\"]}]},{\"@type\":\"ImageObject\",\"inLanguage\":\"es\",\"@id\":\"https:\\\/\\\/www.ip.gov.py\\\/ip\\\/2022\\\/12\\\/02\\\/san-juan-bautista-amplia-atencion-en-urgencias-internaciones-y-terapia-intensiva\\\/#primaryimage\",\"url\":\"https:\\\/\\\/www.ip.gov.py\\\/ip\\\/wp-content\\\/uploads\\\/2022\\\/12\\\/mario-abdo-silvana-enfermeras-ips-san-juan-bautista-personal-de-blanco.jpg\",\"contentUrl\":\"https:\\\/\\\/www.ip.gov.py\\\/ip\\\/wp-content\\\/uploads\\\/2022\\\/12\\\/mario-abdo-silvana-enfermeras-ips-san-juan-bautista-personal-de-blanco.jpg\",\"width\":1600,\"height\":1090,\"caption\":\"Foto Oficina de la Primera Dama.\"},{\"@type\":\"BreadcrumbList\",\"@id\":\"https:\\\/\\\/www.ip.gov.py\\\/ip\\\/2022\\\/12\\\/02\\\/san-juan-bautista-amplia-atencion-en-urgencias-internaciones-y-terapia-intensiva\\\/#breadcrumb\",\"itemListElement\":[{\"@type\":\"ListItem\",\"position\":1,\"name\":\"Portada\",\"item\":\"https:\\\/\\\/www.ip.gov.py\\\/ip\\\/\"},{\"@type\":\"ListItem\",\"position\":2,\"name\":\"San Juan Bautista ampl\u00eda atenci\u00f3n en urgencias, internaciones y terapia intensiva\"}]},{\"@type\":\"WebSite\",\"@id\":\"https:\\\/\\\/www.ip.gov.py\\\/ip\\\/#website\",\"url\":\"https:\\\/\\\/www.ip.gov.py\\\/ip\\\/\",\"name\":\".::Agencia IP::.\",\"description\":\"\",\"publisher\":{\"@id\":\"https:\\\/\\\/www.ip.gov.py\\\/ip\\\/#organization\"},\"potentialAction\":[{\"@type\":\"SearchAction\",\"target\":{\"@type\":\"EntryPoint\",\"urlTemplate\":\"https:\\\/\\\/www.ip.gov.py\\\/ip\\\/?s={search_term_string}\"},\"query-input\":{\"@type\":\"PropertyValueSpecification\",\"valueRequired\":true,\"valueName\":\"search_term_string\"}}],\"inLanguage\":\"es\"},{\"@type\":\"Organization\",\"@id\":\"https:\\\/\\\/www.ip.gov.py\\\/ip\\\/#organization\",\"name\":\"Agencia IP\",\"url\":\"https:\\\/\\\/www.ip.gov.py\\\/ip\\\/\",\"logo\":{\"@type\":\"ImageObject\",\"inLanguage\":\"es\",\"@id\":\"https:\\\/\\\/www.ip.gov.py\\\/ip\\\/#\\\/schema\\\/logo\\\/image\\\/\",\"url\":\"https:\\\/\\\/www.ip.gov.py\\\/ip\\\/wp-content\\\/uploads\\\/2018\\\/01\\\/Agencia-IP.jpg\",\"contentUrl\":\"https:\\\/\\\/www.ip.gov.py\\\/ip\\\/wp-content\\\/uploads\\\/2018\\\/01\\\/Agencia-IP.jpg\",\"width\":150,\"height\":150,\"caption\":\"Agencia IP\"},\"image\":{\"@id\":\"https:\\\/\\\/www.ip.gov.py\\\/ip\\\/#\\\/schema\\\/logo\\\/image\\\/\"},\"sameAs\":[\"https:\\\/\\\/www.facebook.com\\\/IPParaguay\\\/\",\"https:\\\/\\\/x.com\\\/IPParaguay\",\"https:\\\/\\\/www.instagram.com\\\/IPParaguay\"]},{\"@type\":\"Person\",\"@id\":\"https:\\\/\\\/www.ip.gov.py\\\/ip\\\/#\\\/schema\\\/person\\\/369fedd28420fad35e23b10a9df16fb8\",\"name\":\"Alberto C\",\"sameAs\":[\"https:\\\/\\\/www.ip.gov.py\"],\"url\":\"https:\\\/\\\/www.ip.gov.py\\\/ip\\\/author\\\/acelma\\\/\"}]}<\/script>\n<!-- \/ Yoast SEO plugin. -->","yoast_head_json":{"title":"San Juan Bautista ampl\u00eda atenci\u00f3n en urgencias, internaciones y terapia intensiva - .::Agencia IP::.","robots":{"index":"index","follow":"follow","max-snippet":"max-snippet:-1","max-image-preview":"max-image-preview:large","max-video-preview":"max-video-preview:-1"},"canonical":"https:\/\/www.ip.gov.py\/ip\/2022\/12\/02\/san-juan-bautista-amplia-atencion-en-urgencias-internaciones-y-terapia-intensiva\/","og_locale":"es_ES","og_type":"article","og_title":"San Juan Bautista ampl\u00eda atenci\u00f3n en urgencias, internaciones y terapia intensiva - .::Agencia IP::.","og_description":"Asunci\u00f3n, Agencia IP.- El Hospital Regional y la unidad de IPS de San Juan Bautista incorporaron nuevas \u00e1reas de urgencias, internaci\u00f3n y terapia intensiva, que fueron habilitadas este viernes durante la jornada de Gobierno del presidente de la Rep\u00fablica, Mario Abdo Ben\u00edtez en el departamento de Misiones.","og_url":"https:\/\/www.ip.gov.py\/ip\/2022\/12\/02\/san-juan-bautista-amplia-atencion-en-urgencias-internaciones-y-terapia-intensiva\/","og_site_name":".::Agencia IP::.","article_publisher":"https:\/\/www.facebook.com\/IPParaguay\/","article_published_time":"2022-12-02T14:25:37+00:00","article_modified_time":"2022-12-02T16:04:21+00:00","og_image":[{"width":1600,"height":1090,"url":"https:\/\/www.ip.gov.py\/ip\/wp-content\/uploads\/2022\/12\/mario-abdo-silvana-enfermeras-ips-san-juan-bautista-personal-de-blanco.jpg","type":"image\/jpeg"}],"author":"Alberto C","twitter_card":"summary_large_image","twitter_creator":"@IPParaguay","twitter_site":"@IPParaguay","twitter_misc":{"Escrito por":"Alberto C","Tiempo de lectura":"3 minutos"},"schema":{"@context":"https:\/\/schema.org","@graph":[{"@type":"Article","@id":"https:\/\/www.ip.gov.py\/ip\/2022\/12\/02\/san-juan-bautista-amplia-atencion-en-urgencias-internaciones-y-terapia-intensiva\/#article","isPartOf":{"@id":"https:\/\/www.ip.gov.py\/ip\/2022\/12\/02\/san-juan-bautista-amplia-atencion-en-urgencias-internaciones-y-terapia-intensiva\/"},"author":{"name":"Alberto C","@id":"https:\/\/www.ip.gov.py\/ip\/#\/schema\/person\/369fedd28420fad35e23b10a9df16fb8"},"headline":"San Juan Bautista ampl\u00eda atenci\u00f3n en urgencias, internaciones y terapia intensiva","datePublished":"2022-12-02T14:25:37+00:00","dateModified":"2022-12-02T16:04:21+00:00","mainEntityOfPage":{"@id":"https:\/\/www.ip.gov.py\/ip\/2022\/12\/02\/san-juan-bautista-amplia-atencion-en-urgencias-internaciones-y-terapia-intensiva\/"},"wordCount":506,"publisher":{"@id":"https:\/\/www.ip.gov.py\/ip\/#organization"},"image":{"@id":"https:\/\/www.ip.gov.py\/ip\/2022\/12\/02\/san-juan-bautista-amplia-atencion-en-urgencias-internaciones-y-terapia-intensiva\/#primaryimage"},"thumbnailUrl":"https:\/\/www.ip.gov.py\/ip\/wp-content\/uploads\/2022\/12\/mario-abdo-silvana-enfermeras-ips-san-juan-bautista-personal-de-blanco.jpg","keywords":["fortalecimiento del sistema sanitario","Misiones","San Juan Bautista"],"articleSection":["Destacado","Pol\u00edtica"],"inLanguage":"es"},{"@type":"WebPage","@id":"https:\/\/www.ip.gov.py\/ip\/2022\/12\/02\/san-juan-bautista-amplia-atencion-en-urgencias-internaciones-y-terapia-intensiva\/","url":"https:\/\/www.ip.gov.py\/ip\/2022\/12\/02\/san-juan-bautista-amplia-atencion-en-urgencias-internaciones-y-terapia-intensiva\/","name":"San Juan Bautista ampl\u00eda atenci\u00f3n en urgencias, internaciones y terapia intensiva - .::Agencia IP::.","isPartOf":{"@id":"https:\/\/www.ip.gov.py\/ip\/#website"},"primaryImageOfPage":{"@id":"https:\/\/www.ip.gov.py\/ip\/2022\/12\/02\/san-juan-bautista-amplia-atencion-en-urgencias-internaciones-y-terapia-intensiva\/#primaryimage"},"image":{"@id":"https:\/\/www.ip.gov.py\/ip\/2022\/12\/02\/san-juan-bautista-amplia-atencion-en-urgencias-internaciones-y-terapia-intensiva\/#primaryimage"},"thumbnailUrl":"https:\/\/www.ip.gov.py\/ip\/wp-content\/uploads\/2022\/12\/mario-abdo-silvana-enfermeras-ips-san-juan-bautista-personal-de-blanco.jpg","datePublished":"2022-12-02T14:25:37+00:00","dateModified":"2022-12-02T16:04:21+00:00","breadcrumb":{"@id":"https:\/\/www.ip.gov.py\/ip\/2022\/12\/02\/san-juan-bautista-amplia-atencion-en-urgencias-internaciones-y-terapia-intensiva\/#breadcrumb"},"inLanguage":"es","potentialAction":[{"@type":"ReadAction","target":["https:\/\/www.ip.gov.py\/ip\/2022\/12\/02\/san-juan-bautista-amplia-atencion-en-urgencias-internaciones-y-terapia-intensiva\/"]}]},{"@type":"ImageObject","inLanguage":"es","@id":"https:\/\/www.ip.gov.py\/ip\/2022\/12\/02\/san-juan-bautista-amplia-atencion-en-urgencias-internaciones-y-terapia-intensiva\/#primaryimage","url":"https:\/\/www.ip.gov.py\/ip\/wp-content\/uploads\/2022\/12\/mario-abdo-silvana-enfermeras-ips-san-juan-bautista-personal-de-blanco.jpg","contentUrl":"https:\/\/www.ip.gov.py\/ip\/wp-content\/uploads\/2022\/12\/mario-abdo-silvana-enfermeras-ips-san-juan-bautista-personal-de-blanco.jpg","width":1600,"height":1090,"caption":"Foto Oficina de la Primera Dama."},{"@type":"BreadcrumbList","@id":"https:\/\/www.ip.gov.py\/ip\/2022\/12\/02\/san-juan-bautista-amplia-atencion-en-urgencias-internaciones-y-terapia-intensiva\/#breadcrumb","itemListElement":[{"@type":"ListItem","position":1,"name":"Portada","item":"https:\/\/www.ip.gov.py\/ip\/"},{"@type":"ListItem","position":2,"name":"San Juan Bautista ampl\u00eda atenci\u00f3n en urgencias, internaciones y terapia intensiva"}]},{"@type":"WebSite","@id":"https:\/\/www.ip.gov.py\/ip\/#website","url":"https:\/\/www.ip.gov.py\/ip\/","name":".::Agencia IP::.","description":"","publisher":{"@id":"https:\/\/www.ip.gov.py\/ip\/#organization"},"potentialAction":[{"@type":"SearchAction","target":{"@type":"EntryPoint","urlTemplate":"https:\/\/www.ip.gov.py\/ip\/?s={search_term_string}"},"query-input":{"@type":"PropertyValueSpecification","valueRequired":true,"valueName":"search_term_string"}}],"inLanguage":"es"},{"@type":"Organization","@id":"https:\/\/www.ip.gov.py\/ip\/#organization","name":"Agencia IP","url":"https:\/\/www.ip.gov.py\/ip\/","logo":{"@type":"ImageObject","inLanguage":"es","@id":"https:\/\/www.ip.gov.py\/ip\/#\/schema\/logo\/image\/","url":"https:\/\/www.ip.gov.py\/ip\/wp-content\/uploads\/2018\/01\/Agencia-IP.jpg","contentUrl":"https:\/\/www.ip.gov.py\/ip\/wp-content\/uploads\/2018\/01\/Agencia-IP.jpg","width":150,"height":150,"caption":"Agencia IP"},"image":{"@id":"https:\/\/www.ip.gov.py\/ip\/#\/schema\/logo\/image\/"},"sameAs":["https:\/\/www.facebook.com\/IPParaguay\/","https:\/\/x.com\/IPParaguay","https:\/\/www.instagram.com\/IPParaguay"]},{"@type":"Person","@id":"https:\/\/www.ip.gov.py\/ip\/#\/schema\/person\/369fedd28420fad35e23b10a9df16fb8","name":"Alberto C","sameAs":["https:\/\/www.ip.gov.py"],"url":"https:\/\/www.ip.gov.py\/ip\/author\/acelma\/"}]}},"_links":{"self":[{"href":"https:\/\/www.ip.gov.py\/ip\/wp-json\/wp\/v2\/posts\/440191","targetHints":{"allow":["GET"]}}],"collection":[{"href":"https:\/\/www.ip.gov.py\/ip\/wp-json\/wp\/v2\/posts"}],"about":[{"href":"https:\/\/www.ip.gov.py\/ip\/wp-json\/wp\/v2\/types\/post"}],"author":[{"embeddable":true,"href":"https:\/\/www.ip.gov.py\/ip\/wp-json\/wp\/v2\/users\/22"}],"replies":[{"embeddable":true,"href":"https:\/\/www.ip.gov.py\/ip\/wp-json\/wp\/v2\/comments?post=440191"}],"version-history":[{"count":0,"href":"https:\/\/www.ip.gov.py\/ip\/wp-json\/wp\/v2\/posts\/440191\/revisions"}],"wp:featuredmedia":[{"embeddable":true,"href":"https:\/\/www.ip.gov.py\/ip\/wp-json\/wp\/v2\/media\/440205"}],"wp:attachment":[{"href":"https:\/\/www.ip.gov.py\/ip\/wp-json\/wp\/v2\/media?parent=440191"}],"wp:term":[{"taxonomy":"category","embeddable":true,"href":"https:\/\/www.ip.gov.py\/ip\/wp-json\/wp\/v2\/categories?post=440191"},{"taxonomy":"post_tag","embeddable":true,"href":"https:\/\/www.ip.gov.py\/ip\/wp-json\/wp\/v2\/tags?post=440191"}],"curies":[{"name":"wp","href":"https:\/\/api.w.org\/{rel}","templated":true}]}}