{"id":443676,"date":"2023-01-10T09:59:01","date_gmt":"2023-01-10T12:59:01","guid":{"rendered":"https:\/\/www.ip.gov.py\/ip\/?p=443676"},"modified":"2023-01-10T10:08:15","modified_gmt":"2023-01-10T13:08:15","slug":"presidente-resalta-que-su-gobierno-concreto-la-mayor-inversion-en-generacion-de-agua-potable","status":"publish","type":"post","link":"https:\/\/www.ip.gov.py\/ip\/2023\/01\/10\/presidente-resalta-que-su-gobierno-concreto-la-mayor-inversion-en-generacion-de-agua-potable\/","title":{"rendered":"Presidente resalta que su Gobierno concret\u00f3 la mayor inversi\u00f3n en generaci\u00f3n de agua potable"},"content":{"rendered":"<p style=\"text-align: justify;\"><em><strong>Asunci\u00f3n, Agencia IP.-<\/strong> <\/em>El presidente de la Rep\u00fablica, Mario Abdo Ben\u00edtez, afirm\u00f3 que su Gobierno concret\u00f3 la mayor inversi\u00f3n en toda la era democr\u00e1tica en generaci\u00f3n de agua potable y apel\u00f3 por la continuidad de este tipo de obras, claves para garantizar el bienestar y la salud de la gente.<!--more--><\/p>\n<p style=\"text-align: justify;\">As\u00ed lo declar\u00f3 este martes durante la inauguraci\u00f3n de una <a href=\"https:\/\/www.ip.gov.py\/ip\/emboscada-pone-fin-a-40-anos-de-escasez-de-agua-con-obra-habilitada-por-essap\/\" target=\"_blank\" rel=\"noopener\"><strong>planta de agua en la ciudad de Emboscada<\/strong><\/a>, en el departamento de Cordillera.<\/p>\n<p style=\"text-align: justify;\">En ese sentido, resalt\u00f3 que dicha obra impulsada por la Empresa de Servicios Sanitarios del Paraguay (Essap), mediante una inversi\u00f3n de G. 12.100 millones, ser\u00e1 determinante para que el vital l\u00edquido llegue a toda la ciudad.<\/p>\n<p style=\"text-align: justify;\">\u201cEsta no es una zona de prestaci\u00f3n pero es una necesidad de la gente. Hacemos estas inversiones porque son deudas hist\u00f3ricas que tenemos con nuestro pueblo\u201d, expres\u00f3 el mandatario.<\/p>\n<p style=\"text-align: justify;\">Al respecto, mencion\u00f3 que hace unos 40 a\u00f1os que la localidad de Emboscada se ve afectada por la falta de agua y que la obra inaugurada hoy generar\u00e1 un \u201calivio\u201d para 2.500 usuarios, que comprende a unas 15.000 personas.<\/p>\n<p style=\"text-align: justify;\">Asimismo, hizo hincapi\u00e9 en la importante mejora implementada en la ciudad de San Bernardino, donde en los \u00faltimos cuatro a\u00f1os se logr\u00f3 duplicar la capacidad y, de ese modo, mejorar el servicio.<\/p>\n<p style=\"text-align: justify;\">\u201cEs una ciudad que en los \u00faltimos a\u00f1os creci\u00f3 much\u00edsimo, convirti\u00e9ndose en uno de los principales destinos tur\u00edsticos y se inici\u00f3 una construcci\u00f3n importante de viviendas, al no poder salir del pa\u00eds durante la pandemia. Todo eso gener\u00f3 una mayor exigencia de los diferentes servicios p\u00fablicos\u201d, coment\u00f3.<\/p>\n<h4 style=\"text-align: justify;\"><strong>Le dimos mucha importancia al acceso a agua potable<\/strong><\/h4>\n<p style=\"text-align: justify;\">En esa misma l\u00ednea, el presidente asegur\u00f3 que su Gobierno concret\u00f3 la mayor inversi\u00f3n en toda la era democr\u00e1tica en generaci\u00f3n de agua potable.<\/p>\n<p style=\"text-align: justify;\">\u201cLe dimos mucha importancia a esto que significa salud y el derecho a un servicio b\u00e1sico, muchas de estas inversiones no son visibles pero son muy necesarias, ya que transforma la realidad de nuestra gente\u201d, destac\u00f3.<\/p>\n<p style=\"text-align: justify;\">Igualmente, el jefe de Estado abog\u00f3 por la continuidad de este tipo de iniciativas y, en ese sentido, record\u00f3 que son varios los pr\u00e9stamos que tienen media sanci\u00f3n en el Congreso para continuar impulsando las obras de agua y saneamiento.<\/p>\n<p style=\"text-align: justify;\">\u201cTodo esto es muy importante, ten\u00edamos brechas hist\u00f3ricas en Nanawa y Emboscada y hay muchos m\u00e1s que dependen de pozos y eso se va secando con el tiempo, por lo que el Estado debe hacer este tipo de inversiones para dar condiciones m\u00ednima de vida para nuestra poblaci\u00f3n\u201d, remarc\u00f3 al concluir.<\/p>\n","protected":false},"excerpt":{"rendered":"<p>Asunci\u00f3n, Agencia IP.- El presidente de la Rep\u00fablica, Mario Abdo Ben\u00edtez, afirm\u00f3 que su Gobierno concret\u00f3 la mayor inversi\u00f3n en toda la era democr\u00e1tica en generaci\u00f3n de agua potable y apel\u00f3 por la continuidad de este tipo de obras, claves para garantizar el bienestar y la salud de la gente.<\/p>\n","protected":false},"author":7,"featured_media":443679,"comment_status":"closed","ping_status":"closed","sticky":false,"template":"","format":"standard","meta":{"_monsterinsights_skip_tracking":false,"_monsterinsights_sitenote_active":false,"_monsterinsights_sitenote_note":"","_monsterinsights_sitenote_category":0,"footnotes":""},"categories":[6],"tags":[1153,359,3292],"class_list":{"0":"post-443676","1":"post","2":"type-post","3":"status-publish","4":"format-standard","5":"has-post-thumbnail","7":"category-politica","8":"tag-cordillera","9":"tag-essap","10":"tag-presidente-abdo-benitez"},"yoast_head":"<!-- This site is optimized with the Yoast SEO plugin v27.5 - https:\/\/yoast.com\/product\/yoast-seo-wordpress\/ -->\n<title>Presidente resalta que su Gobierno concret\u00f3 la mayor inversi\u00f3n en generaci\u00f3n de agua potable - .::Agencia IP::.<\/title>\n<meta name=\"robots\" content=\"index, follow, max-snippet:-1, max-image-preview:large, max-video-preview:-1\" \/>\n<link rel=\"canonical\" href=\"https:\/\/www.ip.gov.py\/ip\/2023\/01\/10\/presidente-resalta-que-su-gobierno-concreto-la-mayor-inversion-en-generacion-de-agua-potable\/\" \/>\n<meta property=\"og:locale\" content=\"es_ES\" \/>\n<meta property=\"og:type\" content=\"article\" \/>\n<meta property=\"og:title\" content=\"Presidente resalta que su Gobierno concret\u00f3 la mayor inversi\u00f3n en generaci\u00f3n de agua potable - .::Agencia IP::.\" \/>\n<meta property=\"og:description\" content=\"Asunci\u00f3n, Agencia IP.- El presidente de la Rep\u00fablica, Mario Abdo Ben\u00edtez, afirm\u00f3 que su Gobierno concret\u00f3 la mayor inversi\u00f3n en toda la era democr\u00e1tica en generaci\u00f3n de agua potable y apel\u00f3 por la continuidad de este tipo de obras, claves para garantizar el bienestar y la salud de la gente.\" \/>\n<meta property=\"og:url\" content=\"https:\/\/www.ip.gov.py\/ip\/2023\/01\/10\/presidente-resalta-que-su-gobierno-concreto-la-mayor-inversion-en-generacion-de-agua-potable\/\" \/>\n<meta property=\"og:site_name\" content=\".::Agencia IP::.\" \/>\n<meta property=\"article:publisher\" content=\"https:\/\/www.facebook.com\/IPParaguay\/\" \/>\n<meta property=\"article:published_time\" content=\"2023-01-10T12:59:01+00:00\" \/>\n<meta property=\"article:modified_time\" content=\"2023-01-10T13:08:15+00:00\" \/>\n<meta property=\"og:image\" content=\"https:\/\/www.ip.gov.py\/ip\/wp-content\/uploads\/2023\/01\/presidente-hablando-en-Cordillera.jpg\" \/>\n\t<meta property=\"og:image:width\" content=\"1280\" \/>\n\t<meta property=\"og:image:height\" content=\"590\" \/>\n\t<meta property=\"og:image:type\" content=\"image\/jpeg\" \/>\n<meta name=\"author\" content=\"Karina L\u00f3pez\" \/>\n<meta name=\"twitter:card\" content=\"summary_large_image\" \/>\n<meta name=\"twitter:creator\" content=\"@IPParaguay\" \/>\n<meta name=\"twitter:site\" content=\"@IPParaguay\" \/>\n<meta name=\"twitter:label1\" content=\"Escrito por\" \/>\n\t<meta name=\"twitter:data1\" content=\"Karina L\u00f3pez\" \/>\n\t<meta name=\"twitter:label2\" content=\"Tiempo de lectura\" \/>\n\t<meta name=\"twitter:data2\" content=\"2 minutos\" \/>\n<script type=\"application\/ld+json\" class=\"yoast-schema-graph\">{\"@context\":\"https:\\\/\\\/schema.org\",\"@graph\":[{\"@type\":\"Article\",\"@id\":\"https:\\\/\\\/www.ip.gov.py\\\/ip\\\/2023\\\/01\\\/10\\\/presidente-resalta-que-su-gobierno-concreto-la-mayor-inversion-en-generacion-de-agua-potable\\\/#article\",\"isPartOf\":{\"@id\":\"https:\\\/\\\/www.ip.gov.py\\\/ip\\\/2023\\\/01\\\/10\\\/presidente-resalta-que-su-gobierno-concreto-la-mayor-inversion-en-generacion-de-agua-potable\\\/\"},\"author\":{\"name\":\"Karina L\u00f3pez\",\"@id\":\"https:\\\/\\\/www.ip.gov.py\\\/ip\\\/#\\\/schema\\\/person\\\/613765cf13d420d448042e6802220539\"},\"headline\":\"Presidente resalta que su Gobierno concret\u00f3 la mayor inversi\u00f3n en generaci\u00f3n de agua potable\",\"datePublished\":\"2023-01-10T12:59:01+00:00\",\"dateModified\":\"2023-01-10T13:08:15+00:00\",\"mainEntityOfPage\":{\"@id\":\"https:\\\/\\\/www.ip.gov.py\\\/ip\\\/2023\\\/01\\\/10\\\/presidente-resalta-que-su-gobierno-concreto-la-mayor-inversion-en-generacion-de-agua-potable\\\/\"},\"wordCount\":461,\"publisher\":{\"@id\":\"https:\\\/\\\/www.ip.gov.py\\\/ip\\\/#organization\"},\"image\":{\"@id\":\"https:\\\/\\\/www.ip.gov.py\\\/ip\\\/2023\\\/01\\\/10\\\/presidente-resalta-que-su-gobierno-concreto-la-mayor-inversion-en-generacion-de-agua-potable\\\/#primaryimage\"},\"thumbnailUrl\":\"https:\\\/\\\/www.ip.gov.py\\\/ip\\\/wp-content\\\/uploads\\\/2023\\\/01\\\/presidente-hablando-en-Cordillera.jpg\",\"keywords\":[\"Cordillera\",\"Essap\",\"Presidente Abdo Ben\u00edtez\"],\"articleSection\":[\"Pol\u00edtica\"],\"inLanguage\":\"es\"},{\"@type\":\"WebPage\",\"@id\":\"https:\\\/\\\/www.ip.gov.py\\\/ip\\\/2023\\\/01\\\/10\\\/presidente-resalta-que-su-gobierno-concreto-la-mayor-inversion-en-generacion-de-agua-potable\\\/\",\"url\":\"https:\\\/\\\/www.ip.gov.py\\\/ip\\\/2023\\\/01\\\/10\\\/presidente-resalta-que-su-gobierno-concreto-la-mayor-inversion-en-generacion-de-agua-potable\\\/\",\"name\":\"Presidente resalta que su Gobierno concret\u00f3 la mayor inversi\u00f3n en generaci\u00f3n de agua potable - .::Agencia IP::.\",\"isPartOf\":{\"@id\":\"https:\\\/\\\/www.ip.gov.py\\\/ip\\\/#website\"},\"primaryImageOfPage\":{\"@id\":\"https:\\\/\\\/www.ip.gov.py\\\/ip\\\/2023\\\/01\\\/10\\\/presidente-resalta-que-su-gobierno-concreto-la-mayor-inversion-en-generacion-de-agua-potable\\\/#primaryimage\"},\"image\":{\"@id\":\"https:\\\/\\\/www.ip.gov.py\\\/ip\\\/2023\\\/01\\\/10\\\/presidente-resalta-que-su-gobierno-concreto-la-mayor-inversion-en-generacion-de-agua-potable\\\/#primaryimage\"},\"thumbnailUrl\":\"https:\\\/\\\/www.ip.gov.py\\\/ip\\\/wp-content\\\/uploads\\\/2023\\\/01\\\/presidente-hablando-en-Cordillera.jpg\",\"datePublished\":\"2023-01-10T12:59:01+00:00\",\"dateModified\":\"2023-01-10T13:08:15+00:00\",\"breadcrumb\":{\"@id\":\"https:\\\/\\\/www.ip.gov.py\\\/ip\\\/2023\\\/01\\\/10\\\/presidente-resalta-que-su-gobierno-concreto-la-mayor-inversion-en-generacion-de-agua-potable\\\/#breadcrumb\"},\"inLanguage\":\"es\",\"potentialAction\":[{\"@type\":\"ReadAction\",\"target\":[\"https:\\\/\\\/www.ip.gov.py\\\/ip\\\/2023\\\/01\\\/10\\\/presidente-resalta-que-su-gobierno-concreto-la-mayor-inversion-en-generacion-de-agua-potable\\\/\"]}]},{\"@type\":\"ImageObject\",\"inLanguage\":\"es\",\"@id\":\"https:\\\/\\\/www.ip.gov.py\\\/ip\\\/2023\\\/01\\\/10\\\/presidente-resalta-que-su-gobierno-concreto-la-mayor-inversion-en-generacion-de-agua-potable\\\/#primaryimage\",\"url\":\"https:\\\/\\\/www.ip.gov.py\\\/ip\\\/wp-content\\\/uploads\\\/2023\\\/01\\\/presidente-hablando-en-Cordillera.jpg\",\"contentUrl\":\"https:\\\/\\\/www.ip.gov.py\\\/ip\\\/wp-content\\\/uploads\\\/2023\\\/01\\\/presidente-hablando-en-Cordillera.jpg\",\"width\":1280,\"height\":590,\"caption\":\"Mario Abdo Ben\u00edtez, presidente de la Rep\u00fablica. Foto Gentileza\"},{\"@type\":\"BreadcrumbList\",\"@id\":\"https:\\\/\\\/www.ip.gov.py\\\/ip\\\/2023\\\/01\\\/10\\\/presidente-resalta-que-su-gobierno-concreto-la-mayor-inversion-en-generacion-de-agua-potable\\\/#breadcrumb\",\"itemListElement\":[{\"@type\":\"ListItem\",\"position\":1,\"name\":\"Portada\",\"item\":\"https:\\\/\\\/www.ip.gov.py\\\/ip\\\/\"},{\"@type\":\"ListItem\",\"position\":2,\"name\":\"Presidente resalta que su Gobierno concret\u00f3 la mayor inversi\u00f3n en generaci\u00f3n de agua potable\"}]},{\"@type\":\"WebSite\",\"@id\":\"https:\\\/\\\/www.ip.gov.py\\\/ip\\\/#website\",\"url\":\"https:\\\/\\\/www.ip.gov.py\\\/ip\\\/\",\"name\":\".::Agencia IP::.\",\"description\":\"\",\"publisher\":{\"@id\":\"https:\\\/\\\/www.ip.gov.py\\\/ip\\\/#organization\"},\"potentialAction\":[{\"@type\":\"SearchAction\",\"target\":{\"@type\":\"EntryPoint\",\"urlTemplate\":\"https:\\\/\\\/www.ip.gov.py\\\/ip\\\/?s={search_term_string}\"},\"query-input\":{\"@type\":\"PropertyValueSpecification\",\"valueRequired\":true,\"valueName\":\"search_term_string\"}}],\"inLanguage\":\"es\"},{\"@type\":\"Organization\",\"@id\":\"https:\\\/\\\/www.ip.gov.py\\\/ip\\\/#organization\",\"name\":\"Agencia IP\",\"url\":\"https:\\\/\\\/www.ip.gov.py\\\/ip\\\/\",\"logo\":{\"@type\":\"ImageObject\",\"inLanguage\":\"es\",\"@id\":\"https:\\\/\\\/www.ip.gov.py\\\/ip\\\/#\\\/schema\\\/logo\\\/image\\\/\",\"url\":\"https:\\\/\\\/www.ip.gov.py\\\/ip\\\/wp-content\\\/uploads\\\/2018\\\/01\\\/Agencia-IP.jpg\",\"contentUrl\":\"https:\\\/\\\/www.ip.gov.py\\\/ip\\\/wp-content\\\/uploads\\\/2018\\\/01\\\/Agencia-IP.jpg\",\"width\":150,\"height\":150,\"caption\":\"Agencia IP\"},\"image\":{\"@id\":\"https:\\\/\\\/www.ip.gov.py\\\/ip\\\/#\\\/schema\\\/logo\\\/image\\\/\"},\"sameAs\":[\"https:\\\/\\\/www.facebook.com\\\/IPParaguay\\\/\",\"https:\\\/\\\/x.com\\\/IPParaguay\",\"https:\\\/\\\/www.instagram.com\\\/IPParaguay\"]},{\"@type\":\"Person\",\"@id\":\"https:\\\/\\\/www.ip.gov.py\\\/ip\\\/#\\\/schema\\\/person\\\/613765cf13d420d448042e6802220539\",\"name\":\"Karina L\u00f3pez\",\"url\":\"https:\\\/\\\/www.ip.gov.py\\\/ip\\\/author\\\/klopez\\\/\"}]}<\/script>\n<!-- \/ Yoast SEO plugin. -->","yoast_head_json":{"title":"Presidente resalta que su Gobierno concret\u00f3 la mayor inversi\u00f3n en generaci\u00f3n de agua potable - .::Agencia IP::.","robots":{"index":"index","follow":"follow","max-snippet":"max-snippet:-1","max-image-preview":"max-image-preview:large","max-video-preview":"max-video-preview:-1"},"canonical":"https:\/\/www.ip.gov.py\/ip\/2023\/01\/10\/presidente-resalta-que-su-gobierno-concreto-la-mayor-inversion-en-generacion-de-agua-potable\/","og_locale":"es_ES","og_type":"article","og_title":"Presidente resalta que su Gobierno concret\u00f3 la mayor inversi\u00f3n en generaci\u00f3n de agua potable - .::Agencia IP::.","og_description":"Asunci\u00f3n, Agencia IP.- El presidente de la Rep\u00fablica, Mario Abdo Ben\u00edtez, afirm\u00f3 que su Gobierno concret\u00f3 la mayor inversi\u00f3n en toda la era democr\u00e1tica en generaci\u00f3n de agua potable y apel\u00f3 por la continuidad de este tipo de obras, claves para garantizar el bienestar y la salud de la gente.","og_url":"https:\/\/www.ip.gov.py\/ip\/2023\/01\/10\/presidente-resalta-que-su-gobierno-concreto-la-mayor-inversion-en-generacion-de-agua-potable\/","og_site_name":".::Agencia IP::.","article_publisher":"https:\/\/www.facebook.com\/IPParaguay\/","article_published_time":"2023-01-10T12:59:01+00:00","article_modified_time":"2023-01-10T13:08:15+00:00","og_image":[{"width":1280,"height":590,"url":"https:\/\/www.ip.gov.py\/ip\/wp-content\/uploads\/2023\/01\/presidente-hablando-en-Cordillera.jpg","type":"image\/jpeg"}],"author":"Karina L\u00f3pez","twitter_card":"summary_large_image","twitter_creator":"@IPParaguay","twitter_site":"@IPParaguay","twitter_misc":{"Escrito por":"Karina L\u00f3pez","Tiempo de lectura":"2 minutos"},"schema":{"@context":"https:\/\/schema.org","@graph":[{"@type":"Article","@id":"https:\/\/www.ip.gov.py\/ip\/2023\/01\/10\/presidente-resalta-que-su-gobierno-concreto-la-mayor-inversion-en-generacion-de-agua-potable\/#article","isPartOf":{"@id":"https:\/\/www.ip.gov.py\/ip\/2023\/01\/10\/presidente-resalta-que-su-gobierno-concreto-la-mayor-inversion-en-generacion-de-agua-potable\/"},"author":{"name":"Karina L\u00f3pez","@id":"https:\/\/www.ip.gov.py\/ip\/#\/schema\/person\/613765cf13d420d448042e6802220539"},"headline":"Presidente resalta que su Gobierno concret\u00f3 la mayor inversi\u00f3n en generaci\u00f3n de agua potable","datePublished":"2023-01-10T12:59:01+00:00","dateModified":"2023-01-10T13:08:15+00:00","mainEntityOfPage":{"@id":"https:\/\/www.ip.gov.py\/ip\/2023\/01\/10\/presidente-resalta-que-su-gobierno-concreto-la-mayor-inversion-en-generacion-de-agua-potable\/"},"wordCount":461,"publisher":{"@id":"https:\/\/www.ip.gov.py\/ip\/#organization"},"image":{"@id":"https:\/\/www.ip.gov.py\/ip\/2023\/01\/10\/presidente-resalta-que-su-gobierno-concreto-la-mayor-inversion-en-generacion-de-agua-potable\/#primaryimage"},"thumbnailUrl":"https:\/\/www.ip.gov.py\/ip\/wp-content\/uploads\/2023\/01\/presidente-hablando-en-Cordillera.jpg","keywords":["Cordillera","Essap","Presidente Abdo Ben\u00edtez"],"articleSection":["Pol\u00edtica"],"inLanguage":"es"},{"@type":"WebPage","@id":"https:\/\/www.ip.gov.py\/ip\/2023\/01\/10\/presidente-resalta-que-su-gobierno-concreto-la-mayor-inversion-en-generacion-de-agua-potable\/","url":"https:\/\/www.ip.gov.py\/ip\/2023\/01\/10\/presidente-resalta-que-su-gobierno-concreto-la-mayor-inversion-en-generacion-de-agua-potable\/","name":"Presidente resalta que su Gobierno concret\u00f3 la mayor inversi\u00f3n en generaci\u00f3n de agua potable - .::Agencia IP::.","isPartOf":{"@id":"https:\/\/www.ip.gov.py\/ip\/#website"},"primaryImageOfPage":{"@id":"https:\/\/www.ip.gov.py\/ip\/2023\/01\/10\/presidente-resalta-que-su-gobierno-concreto-la-mayor-inversion-en-generacion-de-agua-potable\/#primaryimage"},"image":{"@id":"https:\/\/www.ip.gov.py\/ip\/2023\/01\/10\/presidente-resalta-que-su-gobierno-concreto-la-mayor-inversion-en-generacion-de-agua-potable\/#primaryimage"},"thumbnailUrl":"https:\/\/www.ip.gov.py\/ip\/wp-content\/uploads\/2023\/01\/presidente-hablando-en-Cordillera.jpg","datePublished":"2023-01-10T12:59:01+00:00","dateModified":"2023-01-10T13:08:15+00:00","breadcrumb":{"@id":"https:\/\/www.ip.gov.py\/ip\/2023\/01\/10\/presidente-resalta-que-su-gobierno-concreto-la-mayor-inversion-en-generacion-de-agua-potable\/#breadcrumb"},"inLanguage":"es","potentialAction":[{"@type":"ReadAction","target":["https:\/\/www.ip.gov.py\/ip\/2023\/01\/10\/presidente-resalta-que-su-gobierno-concreto-la-mayor-inversion-en-generacion-de-agua-potable\/"]}]},{"@type":"ImageObject","inLanguage":"es","@id":"https:\/\/www.ip.gov.py\/ip\/2023\/01\/10\/presidente-resalta-que-su-gobierno-concreto-la-mayor-inversion-en-generacion-de-agua-potable\/#primaryimage","url":"https:\/\/www.ip.gov.py\/ip\/wp-content\/uploads\/2023\/01\/presidente-hablando-en-Cordillera.jpg","contentUrl":"https:\/\/www.ip.gov.py\/ip\/wp-content\/uploads\/2023\/01\/presidente-hablando-en-Cordillera.jpg","width":1280,"height":590,"caption":"Mario Abdo Ben\u00edtez, presidente de la Rep\u00fablica. Foto Gentileza"},{"@type":"BreadcrumbList","@id":"https:\/\/www.ip.gov.py\/ip\/2023\/01\/10\/presidente-resalta-que-su-gobierno-concreto-la-mayor-inversion-en-generacion-de-agua-potable\/#breadcrumb","itemListElement":[{"@type":"ListItem","position":1,"name":"Portada","item":"https:\/\/www.ip.gov.py\/ip\/"},{"@type":"ListItem","position":2,"name":"Presidente resalta que su Gobierno concret\u00f3 la mayor inversi\u00f3n en generaci\u00f3n de agua potable"}]},{"@type":"WebSite","@id":"https:\/\/www.ip.gov.py\/ip\/#website","url":"https:\/\/www.ip.gov.py\/ip\/","name":".::Agencia IP::.","description":"","publisher":{"@id":"https:\/\/www.ip.gov.py\/ip\/#organization"},"potentialAction":[{"@type":"SearchAction","target":{"@type":"EntryPoint","urlTemplate":"https:\/\/www.ip.gov.py\/ip\/?s={search_term_string}"},"query-input":{"@type":"PropertyValueSpecification","valueRequired":true,"valueName":"search_term_string"}}],"inLanguage":"es"},{"@type":"Organization","@id":"https:\/\/www.ip.gov.py\/ip\/#organization","name":"Agencia IP","url":"https:\/\/www.ip.gov.py\/ip\/","logo":{"@type":"ImageObject","inLanguage":"es","@id":"https:\/\/www.ip.gov.py\/ip\/#\/schema\/logo\/image\/","url":"https:\/\/www.ip.gov.py\/ip\/wp-content\/uploads\/2018\/01\/Agencia-IP.jpg","contentUrl":"https:\/\/www.ip.gov.py\/ip\/wp-content\/uploads\/2018\/01\/Agencia-IP.jpg","width":150,"height":150,"caption":"Agencia IP"},"image":{"@id":"https:\/\/www.ip.gov.py\/ip\/#\/schema\/logo\/image\/"},"sameAs":["https:\/\/www.facebook.com\/IPParaguay\/","https:\/\/x.com\/IPParaguay","https:\/\/www.instagram.com\/IPParaguay"]},{"@type":"Person","@id":"https:\/\/www.ip.gov.py\/ip\/#\/schema\/person\/613765cf13d420d448042e6802220539","name":"Karina L\u00f3pez","url":"https:\/\/www.ip.gov.py\/ip\/author\/klopez\/"}]}},"_links":{"self":[{"href":"https:\/\/www.ip.gov.py\/ip\/wp-json\/wp\/v2\/posts\/443676","targetHints":{"allow":["GET"]}}],"collection":[{"href":"https:\/\/www.ip.gov.py\/ip\/wp-json\/wp\/v2\/posts"}],"about":[{"href":"https:\/\/www.ip.gov.py\/ip\/wp-json\/wp\/v2\/types\/post"}],"author":[{"embeddable":true,"href":"https:\/\/www.ip.gov.py\/ip\/wp-json\/wp\/v2\/users\/7"}],"replies":[{"embeddable":true,"href":"https:\/\/www.ip.gov.py\/ip\/wp-json\/wp\/v2\/comments?post=443676"}],"version-history":[{"count":0,"href":"https:\/\/www.ip.gov.py\/ip\/wp-json\/wp\/v2\/posts\/443676\/revisions"}],"wp:featuredmedia":[{"embeddable":true,"href":"https:\/\/www.ip.gov.py\/ip\/wp-json\/wp\/v2\/media\/443679"}],"wp:attachment":[{"href":"https:\/\/www.ip.gov.py\/ip\/wp-json\/wp\/v2\/media?parent=443676"}],"wp:term":[{"taxonomy":"category","embeddable":true,"href":"https:\/\/www.ip.gov.py\/ip\/wp-json\/wp\/v2\/categories?post=443676"},{"taxonomy":"post_tag","embeddable":true,"href":"https:\/\/www.ip.gov.py\/ip\/wp-json\/wp\/v2\/tags?post=443676"}],"curies":[{"name":"wp","href":"https:\/\/api.w.org\/{rel}","templated":true}]}}