{"id":443689,"date":"2023-01-10T11:27:22","date_gmt":"2023-01-10T14:27:22","guid":{"rendered":"https:\/\/www.ip.gov.py\/ip\/?p=443689"},"modified":"2023-01-10T11:31:23","modified_gmt":"2023-01-10T14:31:23","slug":"los-adultos-mayores-al-ritmo-de-la-bailoterapia-forman-parte-de-las-vacaciones-deportivas-2023","status":"publish","type":"post","link":"https:\/\/www.ip.gov.py\/ip\/2023\/01\/10\/los-adultos-mayores-al-ritmo-de-la-bailoterapia-forman-parte-de-las-vacaciones-deportivas-2023\/","title":{"rendered":"Los adultos mayores al ritmo de la bailoterapia forman parte de las Vacaciones Deportivas 2023"},"content":{"rendered":"<p style=\"text-align: justify;\"><strong><em>Asunci\u00f3n, Agencia IP.-<\/em><\/strong> Los Adultos Mayores del \u00abGrupo Vida Saludable y Feliz\u00bb retornaron este martes a sus clases de bailoterapia y as\u00ed tambi\u00e9n formar parte de las Vacaciones Deportivas 2023 que impulsa la Secretar\u00eda Nacional de Deportes (SND). <!--more--><\/p>\n<p style=\"text-align: justify;\">Rosal\u00eda Mendoza, activa integrante del grupo desde sus inicios, remarca que este espacio es de suma importancia para las personas de su edad. \u201cCon mis 79 a\u00f1os vengo ac\u00e1 y me siento bien; siento que rejuvenezco\u201d, sentenci\u00f3 y destac\u00f3 que el Grupo Vida Saludable y Feliz se volvi\u00f3 una segunda familia para ella.<\/p>\n<p style=\"text-align: justify;\">\u201cHace muchos a\u00f1os que estoy ac\u00e1. A los j\u00f3venes tenemos que invitarles tambi\u00e9n a que vengan a hacer ejercicios, estar haciendo actividad f\u00edsica es importante. Adem\u00e1s, ac\u00e1 nuestro profe es muy alegre y es muy divertido venir a realizar ejercicios\u201d, a\u00f1adi\u00f3 Rosal\u00eda.<\/p>\n<p style=\"text-align: justify;\">A mitad del 2022, proveniente de Chile, Sonia Barrera se sum\u00f3 al grupo de Adultos Mayores, Vida Saludable y Feliz y destaca que el programa impulsado por la Secretar\u00eda Nacional de Deportes, le ha permitido adaptarse al pa\u00eds, generando nuevas amistades con quienes mantener h\u00e1bitos de vida saludable.<\/p>\n<p style=\"text-align: justify;\">Barrera, de 65 a\u00f1os, forma parte del grupo de adultos mayores y llega cada d\u00eda caminando desde inmediaciones de la Secretar\u00eda Nacional de Deportes para entrenar en las instalaciones. Esta actividad se volvi\u00f3 un deporte muy importante para las personas que, como Sonia, acuden al Complejo SND.<\/p>\n<p style=\"text-align: justify;\">\u201cEs una terapia para nosotros, adultos mayores. F\u00edsica y psicol\u00f3gicamente todo depende de la actitud y nos da una energ\u00eda muy positiva. Muchas personas se sienten solas, no tiene otra actividad que hacer. En la SND cuentan con asistencia social, tenemos grupos de amigos y es un escape que hacemos\u201d, expres\u00f3 la beneficiaria del programa social de la SND.<\/p>\n<p style=\"text-align: justify;\">La participaci\u00f3n en los encuentros del Grupo de Adultos Mayores es totalmente gratuita. Los beneficiarios deben presentar una fotocopia de c\u00e9dula y un certificado m\u00e9dico que autorice la actividad f\u00edsica. Los encuentros se llevan a cabo de lunes a viernes, en los horarios de 08:00 a 09:00; de 17:00 a 18:00 y de 18:00 a 19:00.<\/p>\n<p style=\"text-align: justify;\"><strong>Para mayor informaci\u00f3n al WhatsApp 0985 614 336 o llamar al 0972 560 930.<\/strong><\/p>\n","protected":false},"excerpt":{"rendered":"<p>Asunci\u00f3n, Agencia IP.- Los Adultos Mayores del \u00abGrupo Vida Saludable y Feliz\u00bb retornaron este martes a sus clases de bailoterapia y as\u00ed tambi\u00e9n formar parte de las Vacaciones Deportivas 2023 que impulsa la Secretar\u00eda Nacional de Deportes (SND).<\/p>\n","protected":false},"author":23,"featured_media":443691,"comment_status":"closed","ping_status":"closed","sticky":false,"template":"","format":"standard","meta":{"_monsterinsights_skip_tracking":false,"_monsterinsights_sitenote_active":false,"_monsterinsights_sitenote_note":"","_monsterinsights_sitenote_category":0,"footnotes":""},"categories":[8],"tags":[31,10119,977,114,14401],"class_list":{"0":"post-443689","1":"post","2":"type-post","3":"status-publish","4":"format-standard","5":"has-post-thumbnail","7":"category-deportes","8":"tag-adultos-mayores","9":"tag-bailoterapia","10":"tag-deportes","11":"tag-snd","12":"tag-vacaciones-deportivas"},"yoast_head":"<!-- This site is optimized with the Yoast SEO plugin v27.5 - https:\/\/yoast.com\/product\/yoast-seo-wordpress\/ -->\n<title>Los adultos mayores al ritmo de la bailoterapia forman parte de las Vacaciones Deportivas 2023 - .::Agencia IP::.<\/title>\n<meta name=\"robots\" content=\"index, follow, max-snippet:-1, max-image-preview:large, max-video-preview:-1\" \/>\n<link rel=\"canonical\" href=\"https:\/\/www.ip.gov.py\/ip\/2023\/01\/10\/los-adultos-mayores-al-ritmo-de-la-bailoterapia-forman-parte-de-las-vacaciones-deportivas-2023\/\" \/>\n<meta property=\"og:locale\" content=\"es_ES\" \/>\n<meta property=\"og:type\" content=\"article\" \/>\n<meta property=\"og:title\" content=\"Los adultos mayores al ritmo de la bailoterapia forman parte de las Vacaciones Deportivas 2023 - .::Agencia IP::.\" \/>\n<meta property=\"og:description\" content=\"Asunci\u00f3n, Agencia IP.- Los Adultos Mayores del \u00abGrupo Vida Saludable y Feliz\u00bb retornaron este martes a sus clases de bailoterapia y as\u00ed tambi\u00e9n formar parte de las Vacaciones Deportivas 2023 que impulsa la Secretar\u00eda Nacional de Deportes (SND).\" \/>\n<meta property=\"og:url\" content=\"https:\/\/www.ip.gov.py\/ip\/2023\/01\/10\/los-adultos-mayores-al-ritmo-de-la-bailoterapia-forman-parte-de-las-vacaciones-deportivas-2023\/\" \/>\n<meta property=\"og:site_name\" content=\".::Agencia IP::.\" \/>\n<meta property=\"article:publisher\" content=\"https:\/\/www.facebook.com\/IPParaguay\/\" \/>\n<meta property=\"article:published_time\" content=\"2023-01-10T14:27:22+00:00\" \/>\n<meta property=\"article:modified_time\" content=\"2023-01-10T14:31:23+00:00\" \/>\n<meta property=\"og:image\" content=\"https:\/\/www.ip.gov.py\/ip\/wp-content\/uploads\/2023\/01\/Bailoterapia.jpg\" \/>\n\t<meta property=\"og:image:width\" content=\"1280\" \/>\n\t<meta property=\"og:image:height\" content=\"853\" \/>\n\t<meta property=\"og:image:type\" content=\"image\/jpeg\" \/>\n<meta name=\"author\" content=\"Noelia Ferreira\" \/>\n<meta name=\"twitter:card\" content=\"summary_large_image\" \/>\n<meta name=\"twitter:creator\" content=\"@IPParaguay\" \/>\n<meta name=\"twitter:site\" content=\"@IPParaguay\" \/>\n<meta name=\"twitter:label1\" content=\"Escrito por\" \/>\n\t<meta name=\"twitter:data1\" content=\"Noelia Ferreira\" \/>\n\t<meta name=\"twitter:label2\" content=\"Tiempo de lectura\" \/>\n\t<meta name=\"twitter:data2\" content=\"2 minutos\" \/>\n<script type=\"application\/ld+json\" class=\"yoast-schema-graph\">{\"@context\":\"https:\\\/\\\/schema.org\",\"@graph\":[{\"@type\":\"Article\",\"@id\":\"https:\\\/\\\/www.ip.gov.py\\\/ip\\\/2023\\\/01\\\/10\\\/los-adultos-mayores-al-ritmo-de-la-bailoterapia-forman-parte-de-las-vacaciones-deportivas-2023\\\/#article\",\"isPartOf\":{\"@id\":\"https:\\\/\\\/www.ip.gov.py\\\/ip\\\/2023\\\/01\\\/10\\\/los-adultos-mayores-al-ritmo-de-la-bailoterapia-forman-parte-de-las-vacaciones-deportivas-2023\\\/\"},\"author\":{\"name\":\"Noelia Ferreira\",\"@id\":\"https:\\\/\\\/www.ip.gov.py\\\/ip\\\/#\\\/schema\\\/person\\\/791af27a9219bdbf9064abb776bb41c2\"},\"headline\":\"Los adultos mayores al ritmo de la bailoterapia forman parte de las Vacaciones Deportivas 2023\",\"datePublished\":\"2023-01-10T14:27:22+00:00\",\"dateModified\":\"2023-01-10T14:31:23+00:00\",\"mainEntityOfPage\":{\"@id\":\"https:\\\/\\\/www.ip.gov.py\\\/ip\\\/2023\\\/01\\\/10\\\/los-adultos-mayores-al-ritmo-de-la-bailoterapia-forman-parte-de-las-vacaciones-deportivas-2023\\\/\"},\"wordCount\":382,\"publisher\":{\"@id\":\"https:\\\/\\\/www.ip.gov.py\\\/ip\\\/#organization\"},\"image\":{\"@id\":\"https:\\\/\\\/www.ip.gov.py\\\/ip\\\/2023\\\/01\\\/10\\\/los-adultos-mayores-al-ritmo-de-la-bailoterapia-forman-parte-de-las-vacaciones-deportivas-2023\\\/#primaryimage\"},\"thumbnailUrl\":\"https:\\\/\\\/www.ip.gov.py\\\/ip\\\/wp-content\\\/uploads\\\/2023\\\/01\\\/Bailoterapia.jpg\",\"keywords\":[\"adultos mayores\",\"Bailoterapia\",\"Deportes\",\"SND\",\"Vacaciones Deportivas\"],\"articleSection\":[\"Deportes\"],\"inLanguage\":\"es\"},{\"@type\":\"WebPage\",\"@id\":\"https:\\\/\\\/www.ip.gov.py\\\/ip\\\/2023\\\/01\\\/10\\\/los-adultos-mayores-al-ritmo-de-la-bailoterapia-forman-parte-de-las-vacaciones-deportivas-2023\\\/\",\"url\":\"https:\\\/\\\/www.ip.gov.py\\\/ip\\\/2023\\\/01\\\/10\\\/los-adultos-mayores-al-ritmo-de-la-bailoterapia-forman-parte-de-las-vacaciones-deportivas-2023\\\/\",\"name\":\"Los adultos mayores al ritmo de la bailoterapia forman parte de las Vacaciones Deportivas 2023 - .::Agencia IP::.\",\"isPartOf\":{\"@id\":\"https:\\\/\\\/www.ip.gov.py\\\/ip\\\/#website\"},\"primaryImageOfPage\":{\"@id\":\"https:\\\/\\\/www.ip.gov.py\\\/ip\\\/2023\\\/01\\\/10\\\/los-adultos-mayores-al-ritmo-de-la-bailoterapia-forman-parte-de-las-vacaciones-deportivas-2023\\\/#primaryimage\"},\"image\":{\"@id\":\"https:\\\/\\\/www.ip.gov.py\\\/ip\\\/2023\\\/01\\\/10\\\/los-adultos-mayores-al-ritmo-de-la-bailoterapia-forman-parte-de-las-vacaciones-deportivas-2023\\\/#primaryimage\"},\"thumbnailUrl\":\"https:\\\/\\\/www.ip.gov.py\\\/ip\\\/wp-content\\\/uploads\\\/2023\\\/01\\\/Bailoterapia.jpg\",\"datePublished\":\"2023-01-10T14:27:22+00:00\",\"dateModified\":\"2023-01-10T14:31:23+00:00\",\"breadcrumb\":{\"@id\":\"https:\\\/\\\/www.ip.gov.py\\\/ip\\\/2023\\\/01\\\/10\\\/los-adultos-mayores-al-ritmo-de-la-bailoterapia-forman-parte-de-las-vacaciones-deportivas-2023\\\/#breadcrumb\"},\"inLanguage\":\"es\",\"potentialAction\":[{\"@type\":\"ReadAction\",\"target\":[\"https:\\\/\\\/www.ip.gov.py\\\/ip\\\/2023\\\/01\\\/10\\\/los-adultos-mayores-al-ritmo-de-la-bailoterapia-forman-parte-de-las-vacaciones-deportivas-2023\\\/\"]}]},{\"@type\":\"ImageObject\",\"inLanguage\":\"es\",\"@id\":\"https:\\\/\\\/www.ip.gov.py\\\/ip\\\/2023\\\/01\\\/10\\\/los-adultos-mayores-al-ritmo-de-la-bailoterapia-forman-parte-de-las-vacaciones-deportivas-2023\\\/#primaryimage\",\"url\":\"https:\\\/\\\/www.ip.gov.py\\\/ip\\\/wp-content\\\/uploads\\\/2023\\\/01\\\/Bailoterapia.jpg\",\"contentUrl\":\"https:\\\/\\\/www.ip.gov.py\\\/ip\\\/wp-content\\\/uploads\\\/2023\\\/01\\\/Bailoterapia.jpg\",\"width\":1280,\"height\":853,\"caption\":\"Foto: SND\"},{\"@type\":\"BreadcrumbList\",\"@id\":\"https:\\\/\\\/www.ip.gov.py\\\/ip\\\/2023\\\/01\\\/10\\\/los-adultos-mayores-al-ritmo-de-la-bailoterapia-forman-parte-de-las-vacaciones-deportivas-2023\\\/#breadcrumb\",\"itemListElement\":[{\"@type\":\"ListItem\",\"position\":1,\"name\":\"Portada\",\"item\":\"https:\\\/\\\/www.ip.gov.py\\\/ip\\\/\"},{\"@type\":\"ListItem\",\"position\":2,\"name\":\"Los adultos mayores al ritmo de la bailoterapia forman parte de las Vacaciones Deportivas 2023\"}]},{\"@type\":\"WebSite\",\"@id\":\"https:\\\/\\\/www.ip.gov.py\\\/ip\\\/#website\",\"url\":\"https:\\\/\\\/www.ip.gov.py\\\/ip\\\/\",\"name\":\".::Agencia IP::.\",\"description\":\"\",\"publisher\":{\"@id\":\"https:\\\/\\\/www.ip.gov.py\\\/ip\\\/#organization\"},\"potentialAction\":[{\"@type\":\"SearchAction\",\"target\":{\"@type\":\"EntryPoint\",\"urlTemplate\":\"https:\\\/\\\/www.ip.gov.py\\\/ip\\\/?s={search_term_string}\"},\"query-input\":{\"@type\":\"PropertyValueSpecification\",\"valueRequired\":true,\"valueName\":\"search_term_string\"}}],\"inLanguage\":\"es\"},{\"@type\":\"Organization\",\"@id\":\"https:\\\/\\\/www.ip.gov.py\\\/ip\\\/#organization\",\"name\":\"Agencia IP\",\"url\":\"https:\\\/\\\/www.ip.gov.py\\\/ip\\\/\",\"logo\":{\"@type\":\"ImageObject\",\"inLanguage\":\"es\",\"@id\":\"https:\\\/\\\/www.ip.gov.py\\\/ip\\\/#\\\/schema\\\/logo\\\/image\\\/\",\"url\":\"https:\\\/\\\/www.ip.gov.py\\\/ip\\\/wp-content\\\/uploads\\\/2018\\\/01\\\/Agencia-IP.jpg\",\"contentUrl\":\"https:\\\/\\\/www.ip.gov.py\\\/ip\\\/wp-content\\\/uploads\\\/2018\\\/01\\\/Agencia-IP.jpg\",\"width\":150,\"height\":150,\"caption\":\"Agencia IP\"},\"image\":{\"@id\":\"https:\\\/\\\/www.ip.gov.py\\\/ip\\\/#\\\/schema\\\/logo\\\/image\\\/\"},\"sameAs\":[\"https:\\\/\\\/www.facebook.com\\\/IPParaguay\\\/\",\"https:\\\/\\\/x.com\\\/IPParaguay\",\"https:\\\/\\\/www.instagram.com\\\/IPParaguay\"]},{\"@type\":\"Person\",\"@id\":\"https:\\\/\\\/www.ip.gov.py\\\/ip\\\/#\\\/schema\\\/person\\\/791af27a9219bdbf9064abb776bb41c2\",\"name\":\"Noelia Ferreira\",\"sameAs\":[\"http:\\\/\\\/www.ip.gov.py\"],\"url\":\"https:\\\/\\\/www.ip.gov.py\\\/ip\\\/author\\\/nferreira\\\/\"}]}<\/script>\n<!-- \/ Yoast SEO plugin. -->","yoast_head_json":{"title":"Los adultos mayores al ritmo de la bailoterapia forman parte de las Vacaciones Deportivas 2023 - .::Agencia IP::.","robots":{"index":"index","follow":"follow","max-snippet":"max-snippet:-1","max-image-preview":"max-image-preview:large","max-video-preview":"max-video-preview:-1"},"canonical":"https:\/\/www.ip.gov.py\/ip\/2023\/01\/10\/los-adultos-mayores-al-ritmo-de-la-bailoterapia-forman-parte-de-las-vacaciones-deportivas-2023\/","og_locale":"es_ES","og_type":"article","og_title":"Los adultos mayores al ritmo de la bailoterapia forman parte de las Vacaciones Deportivas 2023 - .::Agencia IP::.","og_description":"Asunci\u00f3n, Agencia IP.- Los Adultos Mayores del \u00abGrupo Vida Saludable y Feliz\u00bb retornaron este martes a sus clases de bailoterapia y as\u00ed tambi\u00e9n formar parte de las Vacaciones Deportivas 2023 que impulsa la Secretar\u00eda Nacional de Deportes (SND).","og_url":"https:\/\/www.ip.gov.py\/ip\/2023\/01\/10\/los-adultos-mayores-al-ritmo-de-la-bailoterapia-forman-parte-de-las-vacaciones-deportivas-2023\/","og_site_name":".::Agencia IP::.","article_publisher":"https:\/\/www.facebook.com\/IPParaguay\/","article_published_time":"2023-01-10T14:27:22+00:00","article_modified_time":"2023-01-10T14:31:23+00:00","og_image":[{"width":1280,"height":853,"url":"https:\/\/www.ip.gov.py\/ip\/wp-content\/uploads\/2023\/01\/Bailoterapia.jpg","type":"image\/jpeg"}],"author":"Noelia Ferreira","twitter_card":"summary_large_image","twitter_creator":"@IPParaguay","twitter_site":"@IPParaguay","twitter_misc":{"Escrito por":"Noelia Ferreira","Tiempo de lectura":"2 minutos"},"schema":{"@context":"https:\/\/schema.org","@graph":[{"@type":"Article","@id":"https:\/\/www.ip.gov.py\/ip\/2023\/01\/10\/los-adultos-mayores-al-ritmo-de-la-bailoterapia-forman-parte-de-las-vacaciones-deportivas-2023\/#article","isPartOf":{"@id":"https:\/\/www.ip.gov.py\/ip\/2023\/01\/10\/los-adultos-mayores-al-ritmo-de-la-bailoterapia-forman-parte-de-las-vacaciones-deportivas-2023\/"},"author":{"name":"Noelia Ferreira","@id":"https:\/\/www.ip.gov.py\/ip\/#\/schema\/person\/791af27a9219bdbf9064abb776bb41c2"},"headline":"Los adultos mayores al ritmo de la bailoterapia forman parte de las Vacaciones Deportivas 2023","datePublished":"2023-01-10T14:27:22+00:00","dateModified":"2023-01-10T14:31:23+00:00","mainEntityOfPage":{"@id":"https:\/\/www.ip.gov.py\/ip\/2023\/01\/10\/los-adultos-mayores-al-ritmo-de-la-bailoterapia-forman-parte-de-las-vacaciones-deportivas-2023\/"},"wordCount":382,"publisher":{"@id":"https:\/\/www.ip.gov.py\/ip\/#organization"},"image":{"@id":"https:\/\/www.ip.gov.py\/ip\/2023\/01\/10\/los-adultos-mayores-al-ritmo-de-la-bailoterapia-forman-parte-de-las-vacaciones-deportivas-2023\/#primaryimage"},"thumbnailUrl":"https:\/\/www.ip.gov.py\/ip\/wp-content\/uploads\/2023\/01\/Bailoterapia.jpg","keywords":["adultos mayores","Bailoterapia","Deportes","SND","Vacaciones Deportivas"],"articleSection":["Deportes"],"inLanguage":"es"},{"@type":"WebPage","@id":"https:\/\/www.ip.gov.py\/ip\/2023\/01\/10\/los-adultos-mayores-al-ritmo-de-la-bailoterapia-forman-parte-de-las-vacaciones-deportivas-2023\/","url":"https:\/\/www.ip.gov.py\/ip\/2023\/01\/10\/los-adultos-mayores-al-ritmo-de-la-bailoterapia-forman-parte-de-las-vacaciones-deportivas-2023\/","name":"Los adultos mayores al ritmo de la bailoterapia forman parte de las Vacaciones Deportivas 2023 - .::Agencia IP::.","isPartOf":{"@id":"https:\/\/www.ip.gov.py\/ip\/#website"},"primaryImageOfPage":{"@id":"https:\/\/www.ip.gov.py\/ip\/2023\/01\/10\/los-adultos-mayores-al-ritmo-de-la-bailoterapia-forman-parte-de-las-vacaciones-deportivas-2023\/#primaryimage"},"image":{"@id":"https:\/\/www.ip.gov.py\/ip\/2023\/01\/10\/los-adultos-mayores-al-ritmo-de-la-bailoterapia-forman-parte-de-las-vacaciones-deportivas-2023\/#primaryimage"},"thumbnailUrl":"https:\/\/www.ip.gov.py\/ip\/wp-content\/uploads\/2023\/01\/Bailoterapia.jpg","datePublished":"2023-01-10T14:27:22+00:00","dateModified":"2023-01-10T14:31:23+00:00","breadcrumb":{"@id":"https:\/\/www.ip.gov.py\/ip\/2023\/01\/10\/los-adultos-mayores-al-ritmo-de-la-bailoterapia-forman-parte-de-las-vacaciones-deportivas-2023\/#breadcrumb"},"inLanguage":"es","potentialAction":[{"@type":"ReadAction","target":["https:\/\/www.ip.gov.py\/ip\/2023\/01\/10\/los-adultos-mayores-al-ritmo-de-la-bailoterapia-forman-parte-de-las-vacaciones-deportivas-2023\/"]}]},{"@type":"ImageObject","inLanguage":"es","@id":"https:\/\/www.ip.gov.py\/ip\/2023\/01\/10\/los-adultos-mayores-al-ritmo-de-la-bailoterapia-forman-parte-de-las-vacaciones-deportivas-2023\/#primaryimage","url":"https:\/\/www.ip.gov.py\/ip\/wp-content\/uploads\/2023\/01\/Bailoterapia.jpg","contentUrl":"https:\/\/www.ip.gov.py\/ip\/wp-content\/uploads\/2023\/01\/Bailoterapia.jpg","width":1280,"height":853,"caption":"Foto: SND"},{"@type":"BreadcrumbList","@id":"https:\/\/www.ip.gov.py\/ip\/2023\/01\/10\/los-adultos-mayores-al-ritmo-de-la-bailoterapia-forman-parte-de-las-vacaciones-deportivas-2023\/#breadcrumb","itemListElement":[{"@type":"ListItem","position":1,"name":"Portada","item":"https:\/\/www.ip.gov.py\/ip\/"},{"@type":"ListItem","position":2,"name":"Los adultos mayores al ritmo de la bailoterapia forman parte de las Vacaciones Deportivas 2023"}]},{"@type":"WebSite","@id":"https:\/\/www.ip.gov.py\/ip\/#website","url":"https:\/\/www.ip.gov.py\/ip\/","name":".::Agencia IP::.","description":"","publisher":{"@id":"https:\/\/www.ip.gov.py\/ip\/#organization"},"potentialAction":[{"@type":"SearchAction","target":{"@type":"EntryPoint","urlTemplate":"https:\/\/www.ip.gov.py\/ip\/?s={search_term_string}"},"query-input":{"@type":"PropertyValueSpecification","valueRequired":true,"valueName":"search_term_string"}}],"inLanguage":"es"},{"@type":"Organization","@id":"https:\/\/www.ip.gov.py\/ip\/#organization","name":"Agencia IP","url":"https:\/\/www.ip.gov.py\/ip\/","logo":{"@type":"ImageObject","inLanguage":"es","@id":"https:\/\/www.ip.gov.py\/ip\/#\/schema\/logo\/image\/","url":"https:\/\/www.ip.gov.py\/ip\/wp-content\/uploads\/2018\/01\/Agencia-IP.jpg","contentUrl":"https:\/\/www.ip.gov.py\/ip\/wp-content\/uploads\/2018\/01\/Agencia-IP.jpg","width":150,"height":150,"caption":"Agencia IP"},"image":{"@id":"https:\/\/www.ip.gov.py\/ip\/#\/schema\/logo\/image\/"},"sameAs":["https:\/\/www.facebook.com\/IPParaguay\/","https:\/\/x.com\/IPParaguay","https:\/\/www.instagram.com\/IPParaguay"]},{"@type":"Person","@id":"https:\/\/www.ip.gov.py\/ip\/#\/schema\/person\/791af27a9219bdbf9064abb776bb41c2","name":"Noelia Ferreira","sameAs":["http:\/\/www.ip.gov.py"],"url":"https:\/\/www.ip.gov.py\/ip\/author\/nferreira\/"}]}},"_links":{"self":[{"href":"https:\/\/www.ip.gov.py\/ip\/wp-json\/wp\/v2\/posts\/443689","targetHints":{"allow":["GET"]}}],"collection":[{"href":"https:\/\/www.ip.gov.py\/ip\/wp-json\/wp\/v2\/posts"}],"about":[{"href":"https:\/\/www.ip.gov.py\/ip\/wp-json\/wp\/v2\/types\/post"}],"author":[{"embeddable":true,"href":"https:\/\/www.ip.gov.py\/ip\/wp-json\/wp\/v2\/users\/23"}],"replies":[{"embeddable":true,"href":"https:\/\/www.ip.gov.py\/ip\/wp-json\/wp\/v2\/comments?post=443689"}],"version-history":[{"count":0,"href":"https:\/\/www.ip.gov.py\/ip\/wp-json\/wp\/v2\/posts\/443689\/revisions"}],"wp:featuredmedia":[{"embeddable":true,"href":"https:\/\/www.ip.gov.py\/ip\/wp-json\/wp\/v2\/media\/443691"}],"wp:attachment":[{"href":"https:\/\/www.ip.gov.py\/ip\/wp-json\/wp\/v2\/media?parent=443689"}],"wp:term":[{"taxonomy":"category","embeddable":true,"href":"https:\/\/www.ip.gov.py\/ip\/wp-json\/wp\/v2\/categories?post=443689"},{"taxonomy":"post_tag","embeddable":true,"href":"https:\/\/www.ip.gov.py\/ip\/wp-json\/wp\/v2\/tags?post=443689"}],"curies":[{"name":"wp","href":"https:\/\/api.w.org\/{rel}","templated":true}]}}