{"id":443742,"date":"2023-01-11T08:31:38","date_gmt":"2023-01-11T11:31:38","guid":{"rendered":"https:\/\/www.ip.gov.py\/ip\/?p=443742"},"modified":"2023-01-11T11:59:34","modified_gmt":"2023-01-11T14:59:34","slug":"avanza-la-construccion-y-readecuacion-de-31-usf-en-central-cordillera-y-paraguari","status":"publish","type":"post","link":"https:\/\/www.ip.gov.py\/ip\/2023\/01\/11\/avanza-la-construccion-y-readecuacion-de-31-usf-en-central-cordillera-y-paraguari\/","title":{"rendered":"Avanza la construcci\u00f3n y readecuaci\u00f3n de 31 USF en Central, Cordillera y Paraguar\u00ed"},"content":{"rendered":"<p style=\"text-align: justify;\"><em><strong>Asunci\u00f3n, Agencia IP.-<\/strong> <\/em>El Gobierno avanza en la construcci\u00f3n y readecuaci\u00f3n de 31 Unidades de Salud de la Familia (USF), en los departamentos de Central, Cordillera y Paraguar\u00ed, para mejorar el acceso de la poblaci\u00f3n a los servicios m\u00e9dicos.<!--more--><\/p>\n<p style=\"text-align: justify;\">Un total de 31 USF est\u00e1n siendo construidas y readecuadas para mejorar el acceso de la comunidad a una atenci\u00f3n primaria de calidad en tres departamentos del pa\u00eds: Central (6), Cordillera (9) y Paraguar\u00ed (16), en el marco del proyecto \u201c\u00d1amyas\u00e3i: Salud y Familia\u201d, que implementa el Ministerio de Salud P\u00fablica y Bienestar Social.<\/p>\n<p style=\"text-align: justify;\">Este es el primer grupo de construcciones que incluye seis USF nuevas y 25 USF que ser\u00e1n reacondicionadas y, que beneficiar\u00e1n a los pobladores de 23 distritos de los tres departamentos citados: Capiat\u00e1, Itaugu\u00e1, Luque, Mariano Roque Alonso, San Antonio, en Central.<\/p>\n<p style=\"text-align: justify;\">As\u00ed como Eusebio Ayala, Juan de Mena, Mbocayaty del Yhaguy, Piribebuy, Primero de Marzo, San Bernardino, Tobat\u00ed, en Cordillera, y en Paraguar\u00ed, Acahay, Caapuc\u00fa, Carapegu\u00e1, Escobar, Mbuyapey, Quiindy, San Roque Gonz\u00e1lez de Santacruz, Sapucai, Yaguar\u00f3n, Ybycu\u00ed, Ybytymi.<\/p>\n<p style=\"text-align: justify;\">Entre las poblaciones beneficiadas se encuentra la comunidad ind\u00edgena Mak\u00e1, situada en Mariano Roque Alonso que, por primera vez, contar\u00e1 con un establecimiento de salud en su territorio y, de esta manera, tendr\u00e1 un acceso m\u00e1s cercano a los servicios de salud primarios.<\/p>\n<p style=\"text-align: justify;\">Las USF que se construir\u00e1n son del modelo est\u00e1ndar. Contemplan espacios para sala de espera, admisi\u00f3n, urgencias, farmacia, vacunatorio, consultorio gineco-obst\u00e9trico, consultorio odontol\u00f3gico, dos consultorios generales, ba\u00f1os sexados, lugar para ambulancias, tanque de agua, sector de servicio (cocina, comedor, lavadero), cuarto de limpieza, cuarto s\u00e9ptico y dep\u00f3sito de ropas limpias.<\/p>\n<p style=\"text-align: justify;\">Cada USF estar\u00e1 totalmente equipada con mobiliario, equipamiento m\u00e9dico, tecnolog\u00edas de comunicaci\u00f3n y el recurso humano necesario para garantizar el funcionamiento para brindar los servicios de salud a la comunidad.<\/p>\n<p style=\"text-align: justify;\">Los trabajos son realizados por tres empresas constructoras adjudicadas y entrenadas para el correcto manejo social y ambiental durante la ejecuci\u00f3n de obras: Constructora Gueyraud, Teco SRL. y MES Ingenier\u00eda. Las obras se prev\u00e9n culminar en el mes de marzo del 2023.<\/p>\n<h4 style=\"text-align: justify;\"><strong>Acerca del proyecto \u201c\u00d1amy\u00e3sai: salud y familia\u201d<\/strong><\/h4>\n<p style=\"text-align: justify;\">Con una inversi\u00f3n total de USD 115 millones, el proyecto \u00d1amys\u00e3i: Salud y Familia busca mejorar la calidad del servicio de salud, a trav\u00e9s de la ampliaci\u00f3n y el fortalecimiento de la estrategia de Atenci\u00f3n Primaria de Salud en el pa\u00eds, teniendo como principales beneficiarios a las mujeres en edad f\u00e9rtil, a los ni\u00f1os y ni\u00f1as y a la poblaci\u00f3n afectada por enfermedades prevalentes.<\/p>\n<p style=\"text-align: justify;\">Con este proyecto, se planifica construir y readecuar 193 Unidades de Salud de la Familia en cinco departamentos del pa\u00eds: Amambay, Central, Cordillera, Paraguar\u00ed y Presidente Hayes, con el prop\u00f3sito de fortalecer y ampliar la cobertura de atenci\u00f3n primaria de salud en tres \u00e1reas priorizadas: salud materno infantil, enfermedades no transmisibles y enfermedades transmisibles prevalentes.<\/p>\n<p style=\"text-align: justify;\">Igualmente, contempla la implementaci\u00f3n de un nuevo modelo de gesti\u00f3n de la salud, que permitir\u00e1 mejorar el acceso a los servicios y facilitar\u00e1 herramientas y equipamiento m\u00e9dico para brindar una atenci\u00f3n de calidad a la poblaci\u00f3n; adem\u00e1s de la provisi\u00f3n de insumos y medicamentos para la optimizaci\u00f3n de la respuesta ante futuras crisis sanitarias.<\/p>\n<p style=\"text-align: justify;\">Este proyecto es implementado por el Ministerio de Salud P\u00fablica y Bienestar Social, con el apoyo t\u00e9cnico y financiero del Banco Mundial, a trav\u00e9s del pr\u00e9stamo BIRF N\u00ba 8963-PY.<\/p>\n","protected":false},"excerpt":{"rendered":"<p>Asunci\u00f3n, Agencia IP.- El Gobierno avanza en la construcci\u00f3n y readecuaci\u00f3n de 31 Unidades de Salud de la Familia (USF), en los departamentos de Central, Cordillera y Paraguar\u00ed, para mejorar el acceso de la poblaci\u00f3n a los servicios m\u00e9dicos.<\/p>\n","protected":false},"author":7,"featured_media":443749,"comment_status":"closed","ping_status":"closed","sticky":false,"template":"","format":"standard","meta":{"_monsterinsights_skip_tracking":false,"_monsterinsights_sitenote_active":false,"_monsterinsights_sitenote_note":"","_monsterinsights_sitenote_category":0,"footnotes":""},"categories":[2987],"tags":[1712,1153,184,318],"class_list":{"0":"post-443742","1":"post","2":"type-post","3":"status-publish","4":"format-standard","5":"has-post-thumbnail","7":"category-salud","8":"tag-central","9":"tag-cordillera","10":"tag-mspbs","11":"tag-paraguari"},"yoast_head":"<!-- This site is optimized with the Yoast SEO plugin v27.5 - https:\/\/yoast.com\/product\/yoast-seo-wordpress\/ -->\n<title>Avanza la construcci\u00f3n y readecuaci\u00f3n de 31 USF en Central, Cordillera y Paraguar\u00ed - .::Agencia IP::.<\/title>\n<meta name=\"robots\" content=\"index, follow, max-snippet:-1, max-image-preview:large, max-video-preview:-1\" \/>\n<link rel=\"canonical\" href=\"https:\/\/www.ip.gov.py\/ip\/2023\/01\/11\/avanza-la-construccion-y-readecuacion-de-31-usf-en-central-cordillera-y-paraguari\/\" \/>\n<meta property=\"og:locale\" content=\"es_ES\" \/>\n<meta property=\"og:type\" content=\"article\" \/>\n<meta property=\"og:title\" content=\"Avanza la construcci\u00f3n y readecuaci\u00f3n de 31 USF en Central, Cordillera y Paraguar\u00ed - .::Agencia IP::.\" \/>\n<meta property=\"og:description\" content=\"Asunci\u00f3n, Agencia IP.- El Gobierno avanza en la construcci\u00f3n y readecuaci\u00f3n de 31 Unidades de Salud de la Familia (USF), en los departamentos de Central, Cordillera y Paraguar\u00ed, para mejorar el acceso de la poblaci\u00f3n a los servicios m\u00e9dicos.\" \/>\n<meta property=\"og:url\" content=\"https:\/\/www.ip.gov.py\/ip\/2023\/01\/11\/avanza-la-construccion-y-readecuacion-de-31-usf-en-central-cordillera-y-paraguari\/\" \/>\n<meta property=\"og:site_name\" content=\".::Agencia IP::.\" \/>\n<meta property=\"article:publisher\" content=\"https:\/\/www.facebook.com\/IPParaguay\/\" \/>\n<meta property=\"article:published_time\" content=\"2023-01-11T11:31:38+00:00\" \/>\n<meta property=\"article:modified_time\" content=\"2023-01-11T14:59:34+00:00\" \/>\n<meta property=\"og:image\" content=\"https:\/\/www.ip.gov.py\/ip\/wp-content\/uploads\/2023\/01\/construccion-USF-SALUD.jpg\" \/>\n\t<meta property=\"og:image:width\" content=\"870\" \/>\n\t<meta property=\"og:image:height\" content=\"652\" \/>\n\t<meta property=\"og:image:type\" content=\"image\/jpeg\" \/>\n<meta name=\"author\" content=\"Karina L\u00f3pez\" \/>\n<meta name=\"twitter:card\" content=\"summary_large_image\" \/>\n<meta name=\"twitter:creator\" content=\"@IPParaguay\" \/>\n<meta name=\"twitter:site\" content=\"@IPParaguay\" \/>\n<meta name=\"twitter:label1\" content=\"Escrito por\" \/>\n\t<meta name=\"twitter:data1\" content=\"Karina L\u00f3pez\" \/>\n\t<meta name=\"twitter:label2\" content=\"Tiempo de lectura\" \/>\n\t<meta name=\"twitter:data2\" content=\"3 minutos\" \/>\n<script type=\"application\/ld+json\" class=\"yoast-schema-graph\">{\"@context\":\"https:\\\/\\\/schema.org\",\"@graph\":[{\"@type\":\"Article\",\"@id\":\"https:\\\/\\\/www.ip.gov.py\\\/ip\\\/2023\\\/01\\\/11\\\/avanza-la-construccion-y-readecuacion-de-31-usf-en-central-cordillera-y-paraguari\\\/#article\",\"isPartOf\":{\"@id\":\"https:\\\/\\\/www.ip.gov.py\\\/ip\\\/2023\\\/01\\\/11\\\/avanza-la-construccion-y-readecuacion-de-31-usf-en-central-cordillera-y-paraguari\\\/\"},\"author\":{\"name\":\"Karina L\u00f3pez\",\"@id\":\"https:\\\/\\\/www.ip.gov.py\\\/ip\\\/#\\\/schema\\\/person\\\/613765cf13d420d448042e6802220539\"},\"headline\":\"Avanza la construcci\u00f3n y readecuaci\u00f3n de 31 USF en Central, Cordillera y Paraguar\u00ed\",\"datePublished\":\"2023-01-11T11:31:38+00:00\",\"dateModified\":\"2023-01-11T14:59:34+00:00\",\"mainEntityOfPage\":{\"@id\":\"https:\\\/\\\/www.ip.gov.py\\\/ip\\\/2023\\\/01\\\/11\\\/avanza-la-construccion-y-readecuacion-de-31-usf-en-central-cordillera-y-paraguari\\\/\"},\"wordCount\":607,\"publisher\":{\"@id\":\"https:\\\/\\\/www.ip.gov.py\\\/ip\\\/#organization\"},\"image\":{\"@id\":\"https:\\\/\\\/www.ip.gov.py\\\/ip\\\/2023\\\/01\\\/11\\\/avanza-la-construccion-y-readecuacion-de-31-usf-en-central-cordillera-y-paraguari\\\/#primaryimage\"},\"thumbnailUrl\":\"https:\\\/\\\/www.ip.gov.py\\\/ip\\\/wp-content\\\/uploads\\\/2023\\\/01\\\/construccion-USF-SALUD.jpg\",\"keywords\":[\"Central\",\"Cordillera\",\"MSPBS\",\"Paraguar\u00ed\"],\"articleSection\":[\"Salud\"],\"inLanguage\":\"es\"},{\"@type\":\"WebPage\",\"@id\":\"https:\\\/\\\/www.ip.gov.py\\\/ip\\\/2023\\\/01\\\/11\\\/avanza-la-construccion-y-readecuacion-de-31-usf-en-central-cordillera-y-paraguari\\\/\",\"url\":\"https:\\\/\\\/www.ip.gov.py\\\/ip\\\/2023\\\/01\\\/11\\\/avanza-la-construccion-y-readecuacion-de-31-usf-en-central-cordillera-y-paraguari\\\/\",\"name\":\"Avanza la construcci\u00f3n y readecuaci\u00f3n de 31 USF en Central, Cordillera y Paraguar\u00ed - .::Agencia IP::.\",\"isPartOf\":{\"@id\":\"https:\\\/\\\/www.ip.gov.py\\\/ip\\\/#website\"},\"primaryImageOfPage\":{\"@id\":\"https:\\\/\\\/www.ip.gov.py\\\/ip\\\/2023\\\/01\\\/11\\\/avanza-la-construccion-y-readecuacion-de-31-usf-en-central-cordillera-y-paraguari\\\/#primaryimage\"},\"image\":{\"@id\":\"https:\\\/\\\/www.ip.gov.py\\\/ip\\\/2023\\\/01\\\/11\\\/avanza-la-construccion-y-readecuacion-de-31-usf-en-central-cordillera-y-paraguari\\\/#primaryimage\"},\"thumbnailUrl\":\"https:\\\/\\\/www.ip.gov.py\\\/ip\\\/wp-content\\\/uploads\\\/2023\\\/01\\\/construccion-USF-SALUD.jpg\",\"datePublished\":\"2023-01-11T11:31:38+00:00\",\"dateModified\":\"2023-01-11T14:59:34+00:00\",\"breadcrumb\":{\"@id\":\"https:\\\/\\\/www.ip.gov.py\\\/ip\\\/2023\\\/01\\\/11\\\/avanza-la-construccion-y-readecuacion-de-31-usf-en-central-cordillera-y-paraguari\\\/#breadcrumb\"},\"inLanguage\":\"es\",\"potentialAction\":[{\"@type\":\"ReadAction\",\"target\":[\"https:\\\/\\\/www.ip.gov.py\\\/ip\\\/2023\\\/01\\\/11\\\/avanza-la-construccion-y-readecuacion-de-31-usf-en-central-cordillera-y-paraguari\\\/\"]}]},{\"@type\":\"ImageObject\",\"inLanguage\":\"es\",\"@id\":\"https:\\\/\\\/www.ip.gov.py\\\/ip\\\/2023\\\/01\\\/11\\\/avanza-la-construccion-y-readecuacion-de-31-usf-en-central-cordillera-y-paraguari\\\/#primaryimage\",\"url\":\"https:\\\/\\\/www.ip.gov.py\\\/ip\\\/wp-content\\\/uploads\\\/2023\\\/01\\\/construccion-USF-SALUD.jpg\",\"contentUrl\":\"https:\\\/\\\/www.ip.gov.py\\\/ip\\\/wp-content\\\/uploads\\\/2023\\\/01\\\/construccion-USF-SALUD.jpg\",\"width\":870,\"height\":652,\"caption\":\"Foto Ministerio de Salud P\u00fablica\"},{\"@type\":\"BreadcrumbList\",\"@id\":\"https:\\\/\\\/www.ip.gov.py\\\/ip\\\/2023\\\/01\\\/11\\\/avanza-la-construccion-y-readecuacion-de-31-usf-en-central-cordillera-y-paraguari\\\/#breadcrumb\",\"itemListElement\":[{\"@type\":\"ListItem\",\"position\":1,\"name\":\"Portada\",\"item\":\"https:\\\/\\\/www.ip.gov.py\\\/ip\\\/\"},{\"@type\":\"ListItem\",\"position\":2,\"name\":\"Avanza la construcci\u00f3n y readecuaci\u00f3n de 31 USF en Central, Cordillera y Paraguar\u00ed\"}]},{\"@type\":\"WebSite\",\"@id\":\"https:\\\/\\\/www.ip.gov.py\\\/ip\\\/#website\",\"url\":\"https:\\\/\\\/www.ip.gov.py\\\/ip\\\/\",\"name\":\".::Agencia IP::.\",\"description\":\"\",\"publisher\":{\"@id\":\"https:\\\/\\\/www.ip.gov.py\\\/ip\\\/#organization\"},\"potentialAction\":[{\"@type\":\"SearchAction\",\"target\":{\"@type\":\"EntryPoint\",\"urlTemplate\":\"https:\\\/\\\/www.ip.gov.py\\\/ip\\\/?s={search_term_string}\"},\"query-input\":{\"@type\":\"PropertyValueSpecification\",\"valueRequired\":true,\"valueName\":\"search_term_string\"}}],\"inLanguage\":\"es\"},{\"@type\":\"Organization\",\"@id\":\"https:\\\/\\\/www.ip.gov.py\\\/ip\\\/#organization\",\"name\":\"Agencia IP\",\"url\":\"https:\\\/\\\/www.ip.gov.py\\\/ip\\\/\",\"logo\":{\"@type\":\"ImageObject\",\"inLanguage\":\"es\",\"@id\":\"https:\\\/\\\/www.ip.gov.py\\\/ip\\\/#\\\/schema\\\/logo\\\/image\\\/\",\"url\":\"https:\\\/\\\/www.ip.gov.py\\\/ip\\\/wp-content\\\/uploads\\\/2018\\\/01\\\/Agencia-IP.jpg\",\"contentUrl\":\"https:\\\/\\\/www.ip.gov.py\\\/ip\\\/wp-content\\\/uploads\\\/2018\\\/01\\\/Agencia-IP.jpg\",\"width\":150,\"height\":150,\"caption\":\"Agencia IP\"},\"image\":{\"@id\":\"https:\\\/\\\/www.ip.gov.py\\\/ip\\\/#\\\/schema\\\/logo\\\/image\\\/\"},\"sameAs\":[\"https:\\\/\\\/www.facebook.com\\\/IPParaguay\\\/\",\"https:\\\/\\\/x.com\\\/IPParaguay\",\"https:\\\/\\\/www.instagram.com\\\/IPParaguay\"]},{\"@type\":\"Person\",\"@id\":\"https:\\\/\\\/www.ip.gov.py\\\/ip\\\/#\\\/schema\\\/person\\\/613765cf13d420d448042e6802220539\",\"name\":\"Karina L\u00f3pez\",\"url\":\"https:\\\/\\\/www.ip.gov.py\\\/ip\\\/author\\\/klopez\\\/\"}]}<\/script>\n<!-- \/ Yoast SEO plugin. -->","yoast_head_json":{"title":"Avanza la construcci\u00f3n y readecuaci\u00f3n de 31 USF en Central, Cordillera y Paraguar\u00ed - .::Agencia IP::.","robots":{"index":"index","follow":"follow","max-snippet":"max-snippet:-1","max-image-preview":"max-image-preview:large","max-video-preview":"max-video-preview:-1"},"canonical":"https:\/\/www.ip.gov.py\/ip\/2023\/01\/11\/avanza-la-construccion-y-readecuacion-de-31-usf-en-central-cordillera-y-paraguari\/","og_locale":"es_ES","og_type":"article","og_title":"Avanza la construcci\u00f3n y readecuaci\u00f3n de 31 USF en Central, Cordillera y Paraguar\u00ed - .::Agencia IP::.","og_description":"Asunci\u00f3n, Agencia IP.- El Gobierno avanza en la construcci\u00f3n y readecuaci\u00f3n de 31 Unidades de Salud de la Familia (USF), en los departamentos de Central, Cordillera y Paraguar\u00ed, para mejorar el acceso de la poblaci\u00f3n a los servicios m\u00e9dicos.","og_url":"https:\/\/www.ip.gov.py\/ip\/2023\/01\/11\/avanza-la-construccion-y-readecuacion-de-31-usf-en-central-cordillera-y-paraguari\/","og_site_name":".::Agencia IP::.","article_publisher":"https:\/\/www.facebook.com\/IPParaguay\/","article_published_time":"2023-01-11T11:31:38+00:00","article_modified_time":"2023-01-11T14:59:34+00:00","og_image":[{"width":870,"height":652,"url":"https:\/\/www.ip.gov.py\/ip\/wp-content\/uploads\/2023\/01\/construccion-USF-SALUD.jpg","type":"image\/jpeg"}],"author":"Karina L\u00f3pez","twitter_card":"summary_large_image","twitter_creator":"@IPParaguay","twitter_site":"@IPParaguay","twitter_misc":{"Escrito por":"Karina L\u00f3pez","Tiempo de lectura":"3 minutos"},"schema":{"@context":"https:\/\/schema.org","@graph":[{"@type":"Article","@id":"https:\/\/www.ip.gov.py\/ip\/2023\/01\/11\/avanza-la-construccion-y-readecuacion-de-31-usf-en-central-cordillera-y-paraguari\/#article","isPartOf":{"@id":"https:\/\/www.ip.gov.py\/ip\/2023\/01\/11\/avanza-la-construccion-y-readecuacion-de-31-usf-en-central-cordillera-y-paraguari\/"},"author":{"name":"Karina L\u00f3pez","@id":"https:\/\/www.ip.gov.py\/ip\/#\/schema\/person\/613765cf13d420d448042e6802220539"},"headline":"Avanza la construcci\u00f3n y readecuaci\u00f3n de 31 USF en Central, Cordillera y Paraguar\u00ed","datePublished":"2023-01-11T11:31:38+00:00","dateModified":"2023-01-11T14:59:34+00:00","mainEntityOfPage":{"@id":"https:\/\/www.ip.gov.py\/ip\/2023\/01\/11\/avanza-la-construccion-y-readecuacion-de-31-usf-en-central-cordillera-y-paraguari\/"},"wordCount":607,"publisher":{"@id":"https:\/\/www.ip.gov.py\/ip\/#organization"},"image":{"@id":"https:\/\/www.ip.gov.py\/ip\/2023\/01\/11\/avanza-la-construccion-y-readecuacion-de-31-usf-en-central-cordillera-y-paraguari\/#primaryimage"},"thumbnailUrl":"https:\/\/www.ip.gov.py\/ip\/wp-content\/uploads\/2023\/01\/construccion-USF-SALUD.jpg","keywords":["Central","Cordillera","MSPBS","Paraguar\u00ed"],"articleSection":["Salud"],"inLanguage":"es"},{"@type":"WebPage","@id":"https:\/\/www.ip.gov.py\/ip\/2023\/01\/11\/avanza-la-construccion-y-readecuacion-de-31-usf-en-central-cordillera-y-paraguari\/","url":"https:\/\/www.ip.gov.py\/ip\/2023\/01\/11\/avanza-la-construccion-y-readecuacion-de-31-usf-en-central-cordillera-y-paraguari\/","name":"Avanza la construcci\u00f3n y readecuaci\u00f3n de 31 USF en Central, Cordillera y Paraguar\u00ed - .::Agencia IP::.","isPartOf":{"@id":"https:\/\/www.ip.gov.py\/ip\/#website"},"primaryImageOfPage":{"@id":"https:\/\/www.ip.gov.py\/ip\/2023\/01\/11\/avanza-la-construccion-y-readecuacion-de-31-usf-en-central-cordillera-y-paraguari\/#primaryimage"},"image":{"@id":"https:\/\/www.ip.gov.py\/ip\/2023\/01\/11\/avanza-la-construccion-y-readecuacion-de-31-usf-en-central-cordillera-y-paraguari\/#primaryimage"},"thumbnailUrl":"https:\/\/www.ip.gov.py\/ip\/wp-content\/uploads\/2023\/01\/construccion-USF-SALUD.jpg","datePublished":"2023-01-11T11:31:38+00:00","dateModified":"2023-01-11T14:59:34+00:00","breadcrumb":{"@id":"https:\/\/www.ip.gov.py\/ip\/2023\/01\/11\/avanza-la-construccion-y-readecuacion-de-31-usf-en-central-cordillera-y-paraguari\/#breadcrumb"},"inLanguage":"es","potentialAction":[{"@type":"ReadAction","target":["https:\/\/www.ip.gov.py\/ip\/2023\/01\/11\/avanza-la-construccion-y-readecuacion-de-31-usf-en-central-cordillera-y-paraguari\/"]}]},{"@type":"ImageObject","inLanguage":"es","@id":"https:\/\/www.ip.gov.py\/ip\/2023\/01\/11\/avanza-la-construccion-y-readecuacion-de-31-usf-en-central-cordillera-y-paraguari\/#primaryimage","url":"https:\/\/www.ip.gov.py\/ip\/wp-content\/uploads\/2023\/01\/construccion-USF-SALUD.jpg","contentUrl":"https:\/\/www.ip.gov.py\/ip\/wp-content\/uploads\/2023\/01\/construccion-USF-SALUD.jpg","width":870,"height":652,"caption":"Foto Ministerio de Salud P\u00fablica"},{"@type":"BreadcrumbList","@id":"https:\/\/www.ip.gov.py\/ip\/2023\/01\/11\/avanza-la-construccion-y-readecuacion-de-31-usf-en-central-cordillera-y-paraguari\/#breadcrumb","itemListElement":[{"@type":"ListItem","position":1,"name":"Portada","item":"https:\/\/www.ip.gov.py\/ip\/"},{"@type":"ListItem","position":2,"name":"Avanza la construcci\u00f3n y readecuaci\u00f3n de 31 USF en Central, Cordillera y Paraguar\u00ed"}]},{"@type":"WebSite","@id":"https:\/\/www.ip.gov.py\/ip\/#website","url":"https:\/\/www.ip.gov.py\/ip\/","name":".::Agencia IP::.","description":"","publisher":{"@id":"https:\/\/www.ip.gov.py\/ip\/#organization"},"potentialAction":[{"@type":"SearchAction","target":{"@type":"EntryPoint","urlTemplate":"https:\/\/www.ip.gov.py\/ip\/?s={search_term_string}"},"query-input":{"@type":"PropertyValueSpecification","valueRequired":true,"valueName":"search_term_string"}}],"inLanguage":"es"},{"@type":"Organization","@id":"https:\/\/www.ip.gov.py\/ip\/#organization","name":"Agencia IP","url":"https:\/\/www.ip.gov.py\/ip\/","logo":{"@type":"ImageObject","inLanguage":"es","@id":"https:\/\/www.ip.gov.py\/ip\/#\/schema\/logo\/image\/","url":"https:\/\/www.ip.gov.py\/ip\/wp-content\/uploads\/2018\/01\/Agencia-IP.jpg","contentUrl":"https:\/\/www.ip.gov.py\/ip\/wp-content\/uploads\/2018\/01\/Agencia-IP.jpg","width":150,"height":150,"caption":"Agencia IP"},"image":{"@id":"https:\/\/www.ip.gov.py\/ip\/#\/schema\/logo\/image\/"},"sameAs":["https:\/\/www.facebook.com\/IPParaguay\/","https:\/\/x.com\/IPParaguay","https:\/\/www.instagram.com\/IPParaguay"]},{"@type":"Person","@id":"https:\/\/www.ip.gov.py\/ip\/#\/schema\/person\/613765cf13d420d448042e6802220539","name":"Karina L\u00f3pez","url":"https:\/\/www.ip.gov.py\/ip\/author\/klopez\/"}]}},"_links":{"self":[{"href":"https:\/\/www.ip.gov.py\/ip\/wp-json\/wp\/v2\/posts\/443742","targetHints":{"allow":["GET"]}}],"collection":[{"href":"https:\/\/www.ip.gov.py\/ip\/wp-json\/wp\/v2\/posts"}],"about":[{"href":"https:\/\/www.ip.gov.py\/ip\/wp-json\/wp\/v2\/types\/post"}],"author":[{"embeddable":true,"href":"https:\/\/www.ip.gov.py\/ip\/wp-json\/wp\/v2\/users\/7"}],"replies":[{"embeddable":true,"href":"https:\/\/www.ip.gov.py\/ip\/wp-json\/wp\/v2\/comments?post=443742"}],"version-history":[{"count":0,"href":"https:\/\/www.ip.gov.py\/ip\/wp-json\/wp\/v2\/posts\/443742\/revisions"}],"wp:featuredmedia":[{"embeddable":true,"href":"https:\/\/www.ip.gov.py\/ip\/wp-json\/wp\/v2\/media\/443749"}],"wp:attachment":[{"href":"https:\/\/www.ip.gov.py\/ip\/wp-json\/wp\/v2\/media?parent=443742"}],"wp:term":[{"taxonomy":"category","embeddable":true,"href":"https:\/\/www.ip.gov.py\/ip\/wp-json\/wp\/v2\/categories?post=443742"},{"taxonomy":"post_tag","embeddable":true,"href":"https:\/\/www.ip.gov.py\/ip\/wp-json\/wp\/v2\/tags?post=443742"}],"curies":[{"name":"wp","href":"https:\/\/api.w.org\/{rel}","templated":true}]}}