{"id":445227,"date":"2023-01-27T08:47:15","date_gmt":"2023-01-27T11:47:15","guid":{"rendered":"https:\/\/www.ip.gov.py\/ip\/?p=445227"},"modified":"2023-01-27T08:47:15","modified_gmt":"2023-01-27T11:47:15","slug":"salud-publica-registro-400-casos-y-ocho-fallecidos-a-causa-del-coronavirus-en-la-ultima-semana","status":"publish","type":"post","link":"https:\/\/www.ip.gov.py\/ip\/2023\/01\/27\/salud-publica-registro-400-casos-y-ocho-fallecidos-a-causa-del-coronavirus-en-la-ultima-semana\/","title":{"rendered":"Salud P\u00fablica registr\u00f3 400 casos y ocho fallecidos a causa del coronavirus en la \u00faltima semana"},"content":{"rendered":"<p style=\"font-weight: 400; text-align: justify;\"><span style=\"font-style: inherit; font-weight: inherit;\"><em><strong>Asunci\u00f3n, Agencia IP.-<\/strong><\/em> Paraguay cuenta con un descenso importante de casos de coronavirus a nivel pa\u00eds. La \u00faltima semana cerr\u00f3 con 400 casos positivos y ocho fallecidos a causa de la enfermedad.\u00a0<\/span><!--more--><\/p>\n<p style=\"font-weight: 400; text-align: justify;\"><span style=\"font-style: inherit; font-weight: inherit;\">El director general de Vigilancia de la Salud, Guillermo Sequera inform\u00f3 que la semana pasada cerr\u00f3 con 400 casos positivos de coronavirus a nivel pa\u00eds, ocho fallecidos, 73 nuevos hospitalizados, de los cuales 65 se encuentran en sala de internaci\u00f3n y ocho en Unidades de Terapia Intensiva (UTI).\u00a0<\/span><\/p>\n<p style=\"font-weight: 400; text-align: justify;\"><span style=\"font-style: inherit; font-weight: inherit;\">Agreg\u00f3 que no se cuentan con casos de covid-19 en embarazdas, en pueblos ind\u00edgenas se detectaron cinco casos y en personal de salud un total de 14 casos.\u00a0<\/span><\/p>\n<p style=\"font-weight: 400; text-align: justify;\"><span style=\"font-style: inherit; font-weight: inherit;\">\u00abLo que se puede notar es un descenso muy importante de esta enfermedad en su quinta ola en consonancia con lo que ocurre en la regi\u00f3n\u00bb, manifest\u00f3 este viernes en el curso de la conferencia epidemiol\u00f3gica semanal del Ministerio de Salud P\u00fablica.\u00a0<\/span><\/p>\n<p style=\"font-weight: 400; text-align: justify;\"><span style=\"font-style: inherit; font-weight: inherit;\">Haciendo un recuento y comparaci\u00f3n, Sequera record\u00f3 que, en la primera ola de coronavirus se contaba con cerca de 40.000 casos positivos de la enfermedad\u00a0<\/span><span style=\"font-weight: 400;\">y cerca de 400 fallecidos por semana<\/span><span style=\"font-style: inherit; font-weight: inherit;\">, esto en la peor semana del desarrollo del virus en el pa\u00eds.\u00a0<\/span><\/p>\n<p style=\"font-weight: 400; text-align: justify;\"><span style=\"font-style: inherit; font-weight: inherit;\">\u00abA mitad del invierno pasado tuvimos casi cerca de la mitad de casos en el pico y en la peor semana cerca de 90 fallecidos. Desde ac\u00e1 es que se empieza a dar la vacunaci\u00f3n de primera dosis y desde ah\u00ed empiezan a descender los casos y las muertes\u00bb, reconoci\u00f3 el director de\u00a0<\/span><span style=\"font-weight: 400;\">Vigilancia de la Salud.\u00a0<\/span><\/p>\n<p style=\"font-weight: 400; text-align: justify;\"><span style=\"font-weight: 400;\">En cuanto al desarrollo actual del virus en el pa\u00eds, asegur\u00f3 que en ning\u00fan distrito o municipio se encuentra con una circulaci\u00f3n comunitaria alta, a excepci\u00f3n de dos municipios muy peque\u00f1os que se encuentran con nivel dos que est\u00e1n en la zona de San Pedro del Apa, en el departamento de Concepci\u00f3n.\u00a0<\/span><\/p>\n<p style=\"font-weight: 400; text-align: justify;\"><span style=\"font-weight: 400;\">\u00abEn l\u00edneas generales los niveles de circulaci\u00f3n comunitaria han descendido de manera importante, pero aun tenemos varios internados por covid, 73 actualmente\u00bb, manifest\u00f3 finalmente.\u00a0<\/span><\/p>\n","protected":false},"excerpt":{"rendered":"<p>Asunci\u00f3n, Agencia IP.- Paraguay cuenta con un descenso importante de casos de coronavirus a nivel pa\u00eds. La \u00faltima semana cerr\u00f3 con 400 casos positivos y ocho fallecidos a causa de la enfermedad.\u00a0<\/p>\n","protected":false},"author":23,"featured_media":445229,"comment_status":"closed","ping_status":"closed","sticky":false,"template":"","format":"standard","meta":{"_monsterinsights_skip_tracking":false,"_monsterinsights_sitenote_active":false,"_monsterinsights_sitenote_note":"","_monsterinsights_sitenote_category":0,"footnotes":""},"categories":[2987],"tags":[6575,14535,2992,2985,5002,91],"class_list":{"0":"post-445227","1":"post","2":"type-post","3":"status-publish","4":"format-standard","5":"has-post-thumbnail","7":"category-salud","8":"tag-casos-positivos","9":"tag-conferencia-epidemiologica-semanal","10":"tag-coronavirus","11":"tag-covid-19","12":"tag-fallecimientos","13":"tag-salud-publica"},"yoast_head":"<!-- This site is optimized with the Yoast SEO plugin v27.5 - https:\/\/yoast.com\/product\/yoast-seo-wordpress\/ -->\n<title>Salud P\u00fablica registr\u00f3 400 casos y ocho fallecidos a causa del coronavirus en la \u00faltima semana - .::Agencia IP::.<\/title>\n<meta name=\"robots\" content=\"index, follow, max-snippet:-1, max-image-preview:large, max-video-preview:-1\" \/>\n<link rel=\"canonical\" href=\"https:\/\/www.ip.gov.py\/ip\/2023\/01\/27\/salud-publica-registro-400-casos-y-ocho-fallecidos-a-causa-del-coronavirus-en-la-ultima-semana\/\" \/>\n<meta property=\"og:locale\" content=\"es_ES\" \/>\n<meta property=\"og:type\" content=\"article\" \/>\n<meta property=\"og:title\" content=\"Salud P\u00fablica registr\u00f3 400 casos y ocho fallecidos a causa del coronavirus en la \u00faltima semana - .::Agencia IP::.\" \/>\n<meta property=\"og:description\" content=\"Asunci\u00f3n, Agencia IP.- Paraguay cuenta con un descenso importante de casos de coronavirus a nivel pa\u00eds. La \u00faltima semana cerr\u00f3 con 400 casos positivos y ocho fallecidos a causa de la enfermedad.\u00a0\" \/>\n<meta property=\"og:url\" content=\"https:\/\/www.ip.gov.py\/ip\/2023\/01\/27\/salud-publica-registro-400-casos-y-ocho-fallecidos-a-causa-del-coronavirus-en-la-ultima-semana\/\" \/>\n<meta property=\"og:site_name\" content=\".::Agencia IP::.\" \/>\n<meta property=\"article:publisher\" content=\"https:\/\/www.facebook.com\/IPParaguay\/\" \/>\n<meta property=\"article:published_time\" content=\"2023-01-27T11:47:15+00:00\" \/>\n<meta property=\"og:image\" content=\"https:\/\/www.ip.gov.py\/ip\/wp-content\/uploads\/2023\/01\/Guillermo-Sequera-Salud-Publica.jpg\" \/>\n\t<meta property=\"og:image:width\" content=\"1331\" \/>\n\t<meta property=\"og:image:height\" content=\"845\" \/>\n\t<meta property=\"og:image:type\" content=\"image\/jpeg\" \/>\n<meta name=\"author\" content=\"Noelia Ferreira\" \/>\n<meta name=\"twitter:card\" content=\"summary_large_image\" \/>\n<meta name=\"twitter:creator\" content=\"@IPParaguay\" \/>\n<meta name=\"twitter:site\" content=\"@IPParaguay\" \/>\n<meta name=\"twitter:label1\" content=\"Escrito por\" \/>\n\t<meta name=\"twitter:data1\" content=\"Noelia Ferreira\" \/>\n\t<meta name=\"twitter:label2\" content=\"Tiempo de lectura\" \/>\n\t<meta name=\"twitter:data2\" content=\"2 minutos\" \/>\n<script type=\"application\/ld+json\" class=\"yoast-schema-graph\">{\"@context\":\"https:\\\/\\\/schema.org\",\"@graph\":[{\"@type\":\"Article\",\"@id\":\"https:\\\/\\\/www.ip.gov.py\\\/ip\\\/2023\\\/01\\\/27\\\/salud-publica-registro-400-casos-y-ocho-fallecidos-a-causa-del-coronavirus-en-la-ultima-semana\\\/#article\",\"isPartOf\":{\"@id\":\"https:\\\/\\\/www.ip.gov.py\\\/ip\\\/2023\\\/01\\\/27\\\/salud-publica-registro-400-casos-y-ocho-fallecidos-a-causa-del-coronavirus-en-la-ultima-semana\\\/\"},\"author\":{\"name\":\"Noelia Ferreira\",\"@id\":\"https:\\\/\\\/www.ip.gov.py\\\/ip\\\/#\\\/schema\\\/person\\\/791af27a9219bdbf9064abb776bb41c2\"},\"headline\":\"Salud P\u00fablica registr\u00f3 400 casos y ocho fallecidos a causa del coronavirus en la \u00faltima semana\",\"datePublished\":\"2023-01-27T11:47:15+00:00\",\"mainEntityOfPage\":{\"@id\":\"https:\\\/\\\/www.ip.gov.py\\\/ip\\\/2023\\\/01\\\/27\\\/salud-publica-registro-400-casos-y-ocho-fallecidos-a-causa-del-coronavirus-en-la-ultima-semana\\\/\"},\"wordCount\":355,\"publisher\":{\"@id\":\"https:\\\/\\\/www.ip.gov.py\\\/ip\\\/#organization\"},\"image\":{\"@id\":\"https:\\\/\\\/www.ip.gov.py\\\/ip\\\/2023\\\/01\\\/27\\\/salud-publica-registro-400-casos-y-ocho-fallecidos-a-causa-del-coronavirus-en-la-ultima-semana\\\/#primaryimage\"},\"thumbnailUrl\":\"https:\\\/\\\/www.ip.gov.py\\\/ip\\\/wp-content\\\/uploads\\\/2023\\\/01\\\/Guillermo-Sequera-Salud-Publica.jpg\",\"keywords\":[\"Casos positivos\",\"conferencia epidemiol\u00f3gica semanal\",\"coronavirus\",\"covid-19\",\"fallecimientos\",\"Salud P\u00fablica\"],\"articleSection\":[\"Salud\"],\"inLanguage\":\"es\"},{\"@type\":\"WebPage\",\"@id\":\"https:\\\/\\\/www.ip.gov.py\\\/ip\\\/2023\\\/01\\\/27\\\/salud-publica-registro-400-casos-y-ocho-fallecidos-a-causa-del-coronavirus-en-la-ultima-semana\\\/\",\"url\":\"https:\\\/\\\/www.ip.gov.py\\\/ip\\\/2023\\\/01\\\/27\\\/salud-publica-registro-400-casos-y-ocho-fallecidos-a-causa-del-coronavirus-en-la-ultima-semana\\\/\",\"name\":\"Salud P\u00fablica registr\u00f3 400 casos y ocho fallecidos a causa del coronavirus en la \u00faltima semana - .::Agencia IP::.\",\"isPartOf\":{\"@id\":\"https:\\\/\\\/www.ip.gov.py\\\/ip\\\/#website\"},\"primaryImageOfPage\":{\"@id\":\"https:\\\/\\\/www.ip.gov.py\\\/ip\\\/2023\\\/01\\\/27\\\/salud-publica-registro-400-casos-y-ocho-fallecidos-a-causa-del-coronavirus-en-la-ultima-semana\\\/#primaryimage\"},\"image\":{\"@id\":\"https:\\\/\\\/www.ip.gov.py\\\/ip\\\/2023\\\/01\\\/27\\\/salud-publica-registro-400-casos-y-ocho-fallecidos-a-causa-del-coronavirus-en-la-ultima-semana\\\/#primaryimage\"},\"thumbnailUrl\":\"https:\\\/\\\/www.ip.gov.py\\\/ip\\\/wp-content\\\/uploads\\\/2023\\\/01\\\/Guillermo-Sequera-Salud-Publica.jpg\",\"datePublished\":\"2023-01-27T11:47:15+00:00\",\"breadcrumb\":{\"@id\":\"https:\\\/\\\/www.ip.gov.py\\\/ip\\\/2023\\\/01\\\/27\\\/salud-publica-registro-400-casos-y-ocho-fallecidos-a-causa-del-coronavirus-en-la-ultima-semana\\\/#breadcrumb\"},\"inLanguage\":\"es\",\"potentialAction\":[{\"@type\":\"ReadAction\",\"target\":[\"https:\\\/\\\/www.ip.gov.py\\\/ip\\\/2023\\\/01\\\/27\\\/salud-publica-registro-400-casos-y-ocho-fallecidos-a-causa-del-coronavirus-en-la-ultima-semana\\\/\"]}]},{\"@type\":\"ImageObject\",\"inLanguage\":\"es\",\"@id\":\"https:\\\/\\\/www.ip.gov.py\\\/ip\\\/2023\\\/01\\\/27\\\/salud-publica-registro-400-casos-y-ocho-fallecidos-a-causa-del-coronavirus-en-la-ultima-semana\\\/#primaryimage\",\"url\":\"https:\\\/\\\/www.ip.gov.py\\\/ip\\\/wp-content\\\/uploads\\\/2023\\\/01\\\/Guillermo-Sequera-Salud-Publica.jpg\",\"contentUrl\":\"https:\\\/\\\/www.ip.gov.py\\\/ip\\\/wp-content\\\/uploads\\\/2023\\\/01\\\/Guillermo-Sequera-Salud-Publica.jpg\",\"width\":1331,\"height\":845,\"caption\":\"El director general de Vigilancia de la Salud, Guillermo Sequera en el curso de la conferencia epidemiol\u00f3gica semanal. Foto: Mspybs\"},{\"@type\":\"BreadcrumbList\",\"@id\":\"https:\\\/\\\/www.ip.gov.py\\\/ip\\\/2023\\\/01\\\/27\\\/salud-publica-registro-400-casos-y-ocho-fallecidos-a-causa-del-coronavirus-en-la-ultima-semana\\\/#breadcrumb\",\"itemListElement\":[{\"@type\":\"ListItem\",\"position\":1,\"name\":\"Portada\",\"item\":\"https:\\\/\\\/www.ip.gov.py\\\/ip\\\/\"},{\"@type\":\"ListItem\",\"position\":2,\"name\":\"Salud P\u00fablica registr\u00f3 400 casos y ocho fallecidos a causa del coronavirus en la \u00faltima semana\"}]},{\"@type\":\"WebSite\",\"@id\":\"https:\\\/\\\/www.ip.gov.py\\\/ip\\\/#website\",\"url\":\"https:\\\/\\\/www.ip.gov.py\\\/ip\\\/\",\"name\":\".::Agencia IP::.\",\"description\":\"\",\"publisher\":{\"@id\":\"https:\\\/\\\/www.ip.gov.py\\\/ip\\\/#organization\"},\"potentialAction\":[{\"@type\":\"SearchAction\",\"target\":{\"@type\":\"EntryPoint\",\"urlTemplate\":\"https:\\\/\\\/www.ip.gov.py\\\/ip\\\/?s={search_term_string}\"},\"query-input\":{\"@type\":\"PropertyValueSpecification\",\"valueRequired\":true,\"valueName\":\"search_term_string\"}}],\"inLanguage\":\"es\"},{\"@type\":\"Organization\",\"@id\":\"https:\\\/\\\/www.ip.gov.py\\\/ip\\\/#organization\",\"name\":\"Agencia IP\",\"url\":\"https:\\\/\\\/www.ip.gov.py\\\/ip\\\/\",\"logo\":{\"@type\":\"ImageObject\",\"inLanguage\":\"es\",\"@id\":\"https:\\\/\\\/www.ip.gov.py\\\/ip\\\/#\\\/schema\\\/logo\\\/image\\\/\",\"url\":\"https:\\\/\\\/www.ip.gov.py\\\/ip\\\/wp-content\\\/uploads\\\/2018\\\/01\\\/Agencia-IP.jpg\",\"contentUrl\":\"https:\\\/\\\/www.ip.gov.py\\\/ip\\\/wp-content\\\/uploads\\\/2018\\\/01\\\/Agencia-IP.jpg\",\"width\":150,\"height\":150,\"caption\":\"Agencia IP\"},\"image\":{\"@id\":\"https:\\\/\\\/www.ip.gov.py\\\/ip\\\/#\\\/schema\\\/logo\\\/image\\\/\"},\"sameAs\":[\"https:\\\/\\\/www.facebook.com\\\/IPParaguay\\\/\",\"https:\\\/\\\/x.com\\\/IPParaguay\",\"https:\\\/\\\/www.instagram.com\\\/IPParaguay\"]},{\"@type\":\"Person\",\"@id\":\"https:\\\/\\\/www.ip.gov.py\\\/ip\\\/#\\\/schema\\\/person\\\/791af27a9219bdbf9064abb776bb41c2\",\"name\":\"Noelia Ferreira\",\"sameAs\":[\"http:\\\/\\\/www.ip.gov.py\"],\"url\":\"https:\\\/\\\/www.ip.gov.py\\\/ip\\\/author\\\/nferreira\\\/\"}]}<\/script>\n<!-- \/ Yoast SEO plugin. -->","yoast_head_json":{"title":"Salud P\u00fablica registr\u00f3 400 casos y ocho fallecidos a causa del coronavirus en la \u00faltima semana - .::Agencia IP::.","robots":{"index":"index","follow":"follow","max-snippet":"max-snippet:-1","max-image-preview":"max-image-preview:large","max-video-preview":"max-video-preview:-1"},"canonical":"https:\/\/www.ip.gov.py\/ip\/2023\/01\/27\/salud-publica-registro-400-casos-y-ocho-fallecidos-a-causa-del-coronavirus-en-la-ultima-semana\/","og_locale":"es_ES","og_type":"article","og_title":"Salud P\u00fablica registr\u00f3 400 casos y ocho fallecidos a causa del coronavirus en la \u00faltima semana - .::Agencia IP::.","og_description":"Asunci\u00f3n, Agencia IP.- Paraguay cuenta con un descenso importante de casos de coronavirus a nivel pa\u00eds. La \u00faltima semana cerr\u00f3 con 400 casos positivos y ocho fallecidos a causa de la enfermedad.\u00a0","og_url":"https:\/\/www.ip.gov.py\/ip\/2023\/01\/27\/salud-publica-registro-400-casos-y-ocho-fallecidos-a-causa-del-coronavirus-en-la-ultima-semana\/","og_site_name":".::Agencia IP::.","article_publisher":"https:\/\/www.facebook.com\/IPParaguay\/","article_published_time":"2023-01-27T11:47:15+00:00","og_image":[{"width":1331,"height":845,"url":"https:\/\/www.ip.gov.py\/ip\/wp-content\/uploads\/2023\/01\/Guillermo-Sequera-Salud-Publica.jpg","type":"image\/jpeg"}],"author":"Noelia Ferreira","twitter_card":"summary_large_image","twitter_creator":"@IPParaguay","twitter_site":"@IPParaguay","twitter_misc":{"Escrito por":"Noelia Ferreira","Tiempo de lectura":"2 minutos"},"schema":{"@context":"https:\/\/schema.org","@graph":[{"@type":"Article","@id":"https:\/\/www.ip.gov.py\/ip\/2023\/01\/27\/salud-publica-registro-400-casos-y-ocho-fallecidos-a-causa-del-coronavirus-en-la-ultima-semana\/#article","isPartOf":{"@id":"https:\/\/www.ip.gov.py\/ip\/2023\/01\/27\/salud-publica-registro-400-casos-y-ocho-fallecidos-a-causa-del-coronavirus-en-la-ultima-semana\/"},"author":{"name":"Noelia Ferreira","@id":"https:\/\/www.ip.gov.py\/ip\/#\/schema\/person\/791af27a9219bdbf9064abb776bb41c2"},"headline":"Salud P\u00fablica registr\u00f3 400 casos y ocho fallecidos a causa del coronavirus en la \u00faltima semana","datePublished":"2023-01-27T11:47:15+00:00","mainEntityOfPage":{"@id":"https:\/\/www.ip.gov.py\/ip\/2023\/01\/27\/salud-publica-registro-400-casos-y-ocho-fallecidos-a-causa-del-coronavirus-en-la-ultima-semana\/"},"wordCount":355,"publisher":{"@id":"https:\/\/www.ip.gov.py\/ip\/#organization"},"image":{"@id":"https:\/\/www.ip.gov.py\/ip\/2023\/01\/27\/salud-publica-registro-400-casos-y-ocho-fallecidos-a-causa-del-coronavirus-en-la-ultima-semana\/#primaryimage"},"thumbnailUrl":"https:\/\/www.ip.gov.py\/ip\/wp-content\/uploads\/2023\/01\/Guillermo-Sequera-Salud-Publica.jpg","keywords":["Casos positivos","conferencia epidemiol\u00f3gica semanal","coronavirus","covid-19","fallecimientos","Salud P\u00fablica"],"articleSection":["Salud"],"inLanguage":"es"},{"@type":"WebPage","@id":"https:\/\/www.ip.gov.py\/ip\/2023\/01\/27\/salud-publica-registro-400-casos-y-ocho-fallecidos-a-causa-del-coronavirus-en-la-ultima-semana\/","url":"https:\/\/www.ip.gov.py\/ip\/2023\/01\/27\/salud-publica-registro-400-casos-y-ocho-fallecidos-a-causa-del-coronavirus-en-la-ultima-semana\/","name":"Salud P\u00fablica registr\u00f3 400 casos y ocho fallecidos a causa del coronavirus en la \u00faltima semana - .::Agencia IP::.","isPartOf":{"@id":"https:\/\/www.ip.gov.py\/ip\/#website"},"primaryImageOfPage":{"@id":"https:\/\/www.ip.gov.py\/ip\/2023\/01\/27\/salud-publica-registro-400-casos-y-ocho-fallecidos-a-causa-del-coronavirus-en-la-ultima-semana\/#primaryimage"},"image":{"@id":"https:\/\/www.ip.gov.py\/ip\/2023\/01\/27\/salud-publica-registro-400-casos-y-ocho-fallecidos-a-causa-del-coronavirus-en-la-ultima-semana\/#primaryimage"},"thumbnailUrl":"https:\/\/www.ip.gov.py\/ip\/wp-content\/uploads\/2023\/01\/Guillermo-Sequera-Salud-Publica.jpg","datePublished":"2023-01-27T11:47:15+00:00","breadcrumb":{"@id":"https:\/\/www.ip.gov.py\/ip\/2023\/01\/27\/salud-publica-registro-400-casos-y-ocho-fallecidos-a-causa-del-coronavirus-en-la-ultima-semana\/#breadcrumb"},"inLanguage":"es","potentialAction":[{"@type":"ReadAction","target":["https:\/\/www.ip.gov.py\/ip\/2023\/01\/27\/salud-publica-registro-400-casos-y-ocho-fallecidos-a-causa-del-coronavirus-en-la-ultima-semana\/"]}]},{"@type":"ImageObject","inLanguage":"es","@id":"https:\/\/www.ip.gov.py\/ip\/2023\/01\/27\/salud-publica-registro-400-casos-y-ocho-fallecidos-a-causa-del-coronavirus-en-la-ultima-semana\/#primaryimage","url":"https:\/\/www.ip.gov.py\/ip\/wp-content\/uploads\/2023\/01\/Guillermo-Sequera-Salud-Publica.jpg","contentUrl":"https:\/\/www.ip.gov.py\/ip\/wp-content\/uploads\/2023\/01\/Guillermo-Sequera-Salud-Publica.jpg","width":1331,"height":845,"caption":"El director general de Vigilancia de la Salud, Guillermo Sequera en el curso de la conferencia epidemiol\u00f3gica semanal. Foto: Mspybs"},{"@type":"BreadcrumbList","@id":"https:\/\/www.ip.gov.py\/ip\/2023\/01\/27\/salud-publica-registro-400-casos-y-ocho-fallecidos-a-causa-del-coronavirus-en-la-ultima-semana\/#breadcrumb","itemListElement":[{"@type":"ListItem","position":1,"name":"Portada","item":"https:\/\/www.ip.gov.py\/ip\/"},{"@type":"ListItem","position":2,"name":"Salud P\u00fablica registr\u00f3 400 casos y ocho fallecidos a causa del coronavirus en la \u00faltima semana"}]},{"@type":"WebSite","@id":"https:\/\/www.ip.gov.py\/ip\/#website","url":"https:\/\/www.ip.gov.py\/ip\/","name":".::Agencia IP::.","description":"","publisher":{"@id":"https:\/\/www.ip.gov.py\/ip\/#organization"},"potentialAction":[{"@type":"SearchAction","target":{"@type":"EntryPoint","urlTemplate":"https:\/\/www.ip.gov.py\/ip\/?s={search_term_string}"},"query-input":{"@type":"PropertyValueSpecification","valueRequired":true,"valueName":"search_term_string"}}],"inLanguage":"es"},{"@type":"Organization","@id":"https:\/\/www.ip.gov.py\/ip\/#organization","name":"Agencia IP","url":"https:\/\/www.ip.gov.py\/ip\/","logo":{"@type":"ImageObject","inLanguage":"es","@id":"https:\/\/www.ip.gov.py\/ip\/#\/schema\/logo\/image\/","url":"https:\/\/www.ip.gov.py\/ip\/wp-content\/uploads\/2018\/01\/Agencia-IP.jpg","contentUrl":"https:\/\/www.ip.gov.py\/ip\/wp-content\/uploads\/2018\/01\/Agencia-IP.jpg","width":150,"height":150,"caption":"Agencia IP"},"image":{"@id":"https:\/\/www.ip.gov.py\/ip\/#\/schema\/logo\/image\/"},"sameAs":["https:\/\/www.facebook.com\/IPParaguay\/","https:\/\/x.com\/IPParaguay","https:\/\/www.instagram.com\/IPParaguay"]},{"@type":"Person","@id":"https:\/\/www.ip.gov.py\/ip\/#\/schema\/person\/791af27a9219bdbf9064abb776bb41c2","name":"Noelia Ferreira","sameAs":["http:\/\/www.ip.gov.py"],"url":"https:\/\/www.ip.gov.py\/ip\/author\/nferreira\/"}]}},"_links":{"self":[{"href":"https:\/\/www.ip.gov.py\/ip\/wp-json\/wp\/v2\/posts\/445227","targetHints":{"allow":["GET"]}}],"collection":[{"href":"https:\/\/www.ip.gov.py\/ip\/wp-json\/wp\/v2\/posts"}],"about":[{"href":"https:\/\/www.ip.gov.py\/ip\/wp-json\/wp\/v2\/types\/post"}],"author":[{"embeddable":true,"href":"https:\/\/www.ip.gov.py\/ip\/wp-json\/wp\/v2\/users\/23"}],"replies":[{"embeddable":true,"href":"https:\/\/www.ip.gov.py\/ip\/wp-json\/wp\/v2\/comments?post=445227"}],"version-history":[{"count":0,"href":"https:\/\/www.ip.gov.py\/ip\/wp-json\/wp\/v2\/posts\/445227\/revisions"}],"wp:featuredmedia":[{"embeddable":true,"href":"https:\/\/www.ip.gov.py\/ip\/wp-json\/wp\/v2\/media\/445229"}],"wp:attachment":[{"href":"https:\/\/www.ip.gov.py\/ip\/wp-json\/wp\/v2\/media?parent=445227"}],"wp:term":[{"taxonomy":"category","embeddable":true,"href":"https:\/\/www.ip.gov.py\/ip\/wp-json\/wp\/v2\/categories?post=445227"},{"taxonomy":"post_tag","embeddable":true,"href":"https:\/\/www.ip.gov.py\/ip\/wp-json\/wp\/v2\/tags?post=445227"}],"curies":[{"name":"wp","href":"https:\/\/api.w.org\/{rel}","templated":true}]}}