{"id":445529,"date":"2023-01-30T08:31:20","date_gmt":"2023-01-30T11:31:20","guid":{"rendered":"https:\/\/www.ip.gov.py\/ip\/?p=445529"},"modified":"2023-01-30T09:16:50","modified_gmt":"2023-01-30T12:16:50","slug":"adultos-mayores-y-otros-beneficarios-cobraran-este-martes-sus-pensiones","status":"publish","type":"post","link":"https:\/\/www.ip.gov.py\/ip\/2023\/01\/30\/adultos-mayores-y-otros-beneficarios-cobraran-este-martes-sus-pensiones\/","title":{"rendered":"Adultos mayores y otros beneficarios cobrar\u00e1n este martes sus pensiones"},"content":{"rendered":"<p style=\"text-align: justify;\"><em><strong>Asunci\u00f3n, Agencia IP.-<\/strong><\/em> M\u00e1s de 275.000 adultos mayores y otros beneficiarios como herederos de veteranos, pensionados graciables y herederos de polic\u00edas y militares fallecidos en servicio, cobrar\u00e1n ma\u00f1ana martes, sus pensiones correspondientes a enero.<!--more--><span id=\"more-445221\"><\/span><\/p>\n<p style=\"text-align: justify;\">Los desembolsos se efectuar\u00e1n a trav\u00e9s de los cajeros autom\u00e1ticos autorizados por el Banco Nacional de Fomento (BNF) en las distintas ciudades del pa\u00eds, inform\u00f3 el Ministerio de Hacienda.<\/p>\n<p style=\"text-align: justify;\">Al cierre del a\u00f1o 2022, la DPNC registr\u00f3 unos 275.590 beneficiarios, entre pensionados y subsidiados, los cuales demandan una inversi\u00f3n mensual promedio que ronda alrededor de G. 160.000 millones, refiere la Direcci\u00f3n de Pensiones No Contributivas (DPNC).<\/p>\n<p style=\"text-align: justify;\">En registros de la DPNC hay 269.602 adultos mayores, que son beneficiarios activos del Programa de Pensi\u00f3n Alimentaria para personas mayores a 65 a\u00f1os con situaci\u00f3n de vulnerabilidad social, con una asignaci\u00f3n mensual de G. 572.331.<\/p>\n<p style=\"text-align: justify;\">Los pensionados del sector no contributivo est\u00e1n compuestos, adem\u00e1s, por 5.262 herederos de veteranos; 312 beneficiarios de pensiones graciables; 402 herederos de polic\u00edas y militares fallecidos en acto de servicio.<\/p>\n<p style=\"text-align: justify;\">Desde enero del 2023, los adultos mayores beneficiarios de la pensi\u00f3n alimentaria percibir\u00e1n G. 65.246 m\u00e1s, es decir, con el incremento cobrar\u00e1n de manera mensual G. 637.577. El Programa de Pensi\u00f3n Alimentaria para el adulto mayor cerr\u00f3 el a\u00f1o 2022 con 278.632 beneficiarios activos. El art\u00edculo 13 del Decreto N\u00ba 3816\/2020 que reglamenta la Ley que otorga este subsidio se\u00f1ala que el monto de la Pensi\u00f3n Alimentaria corresponde a una cuarta parte del salario m\u00ednimo vigente y, en caso de que \u00e9ste sufriera modificaciones, las mismas ser\u00e1n introducidas en el siguiente ejercicio fiscal.<\/p>\n<p style=\"text-align: justify;\">Las consultas vinculadas al sector no contributivo pueden ser realizadas a trav\u00e9s del Call Center disponible +595-21-4198056 y en la siguiente direcci\u00f3n electr\u00f3nica al que puedes acceder\u00a0<a href=\"https:\/\/www.hacienda.gov.py\/portalspir\/dpnc.jsp\" target=\"_blank\" rel=\"noopener\"><strong>AQU\u00cd<\/strong><\/a>\u00a0y el Sistema de Consulta Ciudadana en l\u00ednea sobre Pensiones No Contributivas en este\u00a0<a href=\"https:\/\/www.hacienda.gov.py\/ConsultaAMPEN\/index.jsf\" target=\"_blank\" rel=\"noopener\"><strong>ENLACE<\/strong><\/a>. El usuario debe ingresar en el sistema el n\u00famero de C\u00e9dula de Identidad del consultado y su fecha de nacimiento, as\u00ed como tambi\u00e9n del consultante.<\/p>\n","protected":false},"excerpt":{"rendered":"<p>Asunci\u00f3n, Agencia IP.- M\u00e1s de 275.000 adultos mayores y otros beneficiarios como herederos de veteranos, pensionados graciables y herederos de polic\u00edas y militares fallecidos en servicio, cobrar\u00e1n ma\u00f1ana martes, sus pensiones correspondientes a enero.<\/p>\n","protected":false},"author":23,"featured_media":434197,"comment_status":"closed","ping_status":"closed","sticky":false,"template":"","format":"standard","meta":{"_monsterinsights_skip_tracking":false,"_monsterinsights_sitenote_active":false,"_monsterinsights_sitenote_note":"","_monsterinsights_sitenote_category":0,"footnotes":""},"categories":[2,9],"tags":[4526,4006,7429,14534,1628,8779,4007],"class_list":{"0":"post-445529","1":"post","2":"type-post","3":"status-publish","4":"format-standard","5":"has-post-thumbnail","7":"category-destacado","8":"category-economia","9":"tag-herederos-de-policias","10":"tag-herederos-de-veteranos","11":"tag-jubilados-y-pensionados","12":"tag-militares-fallecidos-en-servicio","13":"tag-ministerio-de-hacienda","14":"tag-pago-de-haberes","15":"tag-pensionados-graciables"},"yoast_head":"<!-- This site is optimized with the Yoast SEO plugin v27.5 - https:\/\/yoast.com\/product\/yoast-seo-wordpress\/ -->\n<title>Adultos mayores y otros beneficarios cobrar\u00e1n este martes sus pensiones - .::Agencia IP::.<\/title>\n<meta name=\"robots\" content=\"index, follow, max-snippet:-1, max-image-preview:large, max-video-preview:-1\" \/>\n<link rel=\"canonical\" href=\"https:\/\/www.ip.gov.py\/ip\/2023\/01\/30\/adultos-mayores-y-otros-beneficarios-cobraran-este-martes-sus-pensiones\/\" \/>\n<meta property=\"og:locale\" content=\"es_ES\" \/>\n<meta property=\"og:type\" content=\"article\" \/>\n<meta property=\"og:title\" content=\"Adultos mayores y otros beneficarios cobrar\u00e1n este martes sus pensiones - .::Agencia IP::.\" \/>\n<meta property=\"og:description\" content=\"Asunci\u00f3n, Agencia IP.- M\u00e1s de 275.000 adultos mayores y otros beneficiarios como herederos de veteranos, pensionados graciables y herederos de polic\u00edas y militares fallecidos en servicio, cobrar\u00e1n ma\u00f1ana martes, sus pensiones correspondientes a enero.\" \/>\n<meta property=\"og:url\" content=\"https:\/\/www.ip.gov.py\/ip\/2023\/01\/30\/adultos-mayores-y-otros-beneficarios-cobraran-este-martes-sus-pensiones\/\" \/>\n<meta property=\"og:site_name\" content=\".::Agencia IP::.\" \/>\n<meta property=\"article:publisher\" content=\"https:\/\/www.facebook.com\/IPParaguay\/\" \/>\n<meta property=\"article:published_time\" content=\"2023-01-30T11:31:20+00:00\" \/>\n<meta property=\"article:modified_time\" content=\"2023-01-30T12:16:50+00:00\" \/>\n<meta property=\"og:image\" content=\"https:\/\/www.ip.gov.py\/ip\/wp-content\/uploads\/2022\/10\/Adulto-Tercera-edad.jpg\" \/>\n\t<meta property=\"og:image:width\" content=\"1599\" \/>\n\t<meta property=\"og:image:height\" content=\"1112\" \/>\n\t<meta property=\"og:image:type\" content=\"image\/jpeg\" \/>\n<meta name=\"author\" content=\"Noelia Ferreira\" \/>\n<meta name=\"twitter:card\" content=\"summary_large_image\" \/>\n<meta name=\"twitter:creator\" content=\"@IPParaguay\" \/>\n<meta name=\"twitter:site\" content=\"@IPParaguay\" \/>\n<meta name=\"twitter:label1\" content=\"Escrito por\" \/>\n\t<meta name=\"twitter:data1\" content=\"Noelia Ferreira\" \/>\n\t<meta name=\"twitter:label2\" content=\"Tiempo de lectura\" \/>\n\t<meta name=\"twitter:data2\" content=\"2 minutos\" \/>\n<script type=\"application\/ld+json\" class=\"yoast-schema-graph\">{\"@context\":\"https:\\\/\\\/schema.org\",\"@graph\":[{\"@type\":\"Article\",\"@id\":\"https:\\\/\\\/www.ip.gov.py\\\/ip\\\/2023\\\/01\\\/30\\\/adultos-mayores-y-otros-beneficarios-cobraran-este-martes-sus-pensiones\\\/#article\",\"isPartOf\":{\"@id\":\"https:\\\/\\\/www.ip.gov.py\\\/ip\\\/2023\\\/01\\\/30\\\/adultos-mayores-y-otros-beneficarios-cobraran-este-martes-sus-pensiones\\\/\"},\"author\":{\"name\":\"Noelia Ferreira\",\"@id\":\"https:\\\/\\\/www.ip.gov.py\\\/ip\\\/#\\\/schema\\\/person\\\/791af27a9219bdbf9064abb776bb41c2\"},\"headline\":\"Adultos mayores y otros beneficarios cobrar\u00e1n este martes sus pensiones\",\"datePublished\":\"2023-01-30T11:31:20+00:00\",\"dateModified\":\"2023-01-30T12:16:50+00:00\",\"mainEntityOfPage\":{\"@id\":\"https:\\\/\\\/www.ip.gov.py\\\/ip\\\/2023\\\/01\\\/30\\\/adultos-mayores-y-otros-beneficarios-cobraran-este-martes-sus-pensiones\\\/\"},\"wordCount\":360,\"publisher\":{\"@id\":\"https:\\\/\\\/www.ip.gov.py\\\/ip\\\/#organization\"},\"image\":{\"@id\":\"https:\\\/\\\/www.ip.gov.py\\\/ip\\\/2023\\\/01\\\/30\\\/adultos-mayores-y-otros-beneficarios-cobraran-este-martes-sus-pensiones\\\/#primaryimage\"},\"thumbnailUrl\":\"https:\\\/\\\/www.ip.gov.py\\\/ip\\\/wp-content\\\/uploads\\\/2022\\\/10\\\/Adulto-Tercera-edad.jpg\",\"keywords\":[\"Herederos de polic\u00edas\",\"herederos de veteranos\",\"Jubilados y pensionados\",\"militares fallecidos en servicio\",\"Ministerio de Hacienda\",\"Pago de haberes\",\"Pensionados graciables\"],\"articleSection\":[\"Destacado\",\"Econom\u00eda\"],\"inLanguage\":\"es\"},{\"@type\":\"WebPage\",\"@id\":\"https:\\\/\\\/www.ip.gov.py\\\/ip\\\/2023\\\/01\\\/30\\\/adultos-mayores-y-otros-beneficarios-cobraran-este-martes-sus-pensiones\\\/\",\"url\":\"https:\\\/\\\/www.ip.gov.py\\\/ip\\\/2023\\\/01\\\/30\\\/adultos-mayores-y-otros-beneficarios-cobraran-este-martes-sus-pensiones\\\/\",\"name\":\"Adultos mayores y otros beneficarios cobrar\u00e1n este martes sus pensiones - .::Agencia IP::.\",\"isPartOf\":{\"@id\":\"https:\\\/\\\/www.ip.gov.py\\\/ip\\\/#website\"},\"primaryImageOfPage\":{\"@id\":\"https:\\\/\\\/www.ip.gov.py\\\/ip\\\/2023\\\/01\\\/30\\\/adultos-mayores-y-otros-beneficarios-cobraran-este-martes-sus-pensiones\\\/#primaryimage\"},\"image\":{\"@id\":\"https:\\\/\\\/www.ip.gov.py\\\/ip\\\/2023\\\/01\\\/30\\\/adultos-mayores-y-otros-beneficarios-cobraran-este-martes-sus-pensiones\\\/#primaryimage\"},\"thumbnailUrl\":\"https:\\\/\\\/www.ip.gov.py\\\/ip\\\/wp-content\\\/uploads\\\/2022\\\/10\\\/Adulto-Tercera-edad.jpg\",\"datePublished\":\"2023-01-30T11:31:20+00:00\",\"dateModified\":\"2023-01-30T12:16:50+00:00\",\"breadcrumb\":{\"@id\":\"https:\\\/\\\/www.ip.gov.py\\\/ip\\\/2023\\\/01\\\/30\\\/adultos-mayores-y-otros-beneficarios-cobraran-este-martes-sus-pensiones\\\/#breadcrumb\"},\"inLanguage\":\"es\",\"potentialAction\":[{\"@type\":\"ReadAction\",\"target\":[\"https:\\\/\\\/www.ip.gov.py\\\/ip\\\/2023\\\/01\\\/30\\\/adultos-mayores-y-otros-beneficarios-cobraran-este-martes-sus-pensiones\\\/\"]}]},{\"@type\":\"ImageObject\",\"inLanguage\":\"es\",\"@id\":\"https:\\\/\\\/www.ip.gov.py\\\/ip\\\/2023\\\/01\\\/30\\\/adultos-mayores-y-otros-beneficarios-cobraran-este-martes-sus-pensiones\\\/#primaryimage\",\"url\":\"https:\\\/\\\/www.ip.gov.py\\\/ip\\\/wp-content\\\/uploads\\\/2022\\\/10\\\/Adulto-Tercera-edad.jpg\",\"contentUrl\":\"https:\\\/\\\/www.ip.gov.py\\\/ip\\\/wp-content\\\/uploads\\\/2022\\\/10\\\/Adulto-Tercera-edad.jpg\",\"width\":1599,\"height\":1112,\"caption\":\"Foto: Agencia IP\"},{\"@type\":\"BreadcrumbList\",\"@id\":\"https:\\\/\\\/www.ip.gov.py\\\/ip\\\/2023\\\/01\\\/30\\\/adultos-mayores-y-otros-beneficarios-cobraran-este-martes-sus-pensiones\\\/#breadcrumb\",\"itemListElement\":[{\"@type\":\"ListItem\",\"position\":1,\"name\":\"Portada\",\"item\":\"https:\\\/\\\/www.ip.gov.py\\\/ip\\\/\"},{\"@type\":\"ListItem\",\"position\":2,\"name\":\"Adultos mayores y otros beneficarios cobrar\u00e1n este martes sus pensiones\"}]},{\"@type\":\"WebSite\",\"@id\":\"https:\\\/\\\/www.ip.gov.py\\\/ip\\\/#website\",\"url\":\"https:\\\/\\\/www.ip.gov.py\\\/ip\\\/\",\"name\":\".::Agencia IP::.\",\"description\":\"\",\"publisher\":{\"@id\":\"https:\\\/\\\/www.ip.gov.py\\\/ip\\\/#organization\"},\"potentialAction\":[{\"@type\":\"SearchAction\",\"target\":{\"@type\":\"EntryPoint\",\"urlTemplate\":\"https:\\\/\\\/www.ip.gov.py\\\/ip\\\/?s={search_term_string}\"},\"query-input\":{\"@type\":\"PropertyValueSpecification\",\"valueRequired\":true,\"valueName\":\"search_term_string\"}}],\"inLanguage\":\"es\"},{\"@type\":\"Organization\",\"@id\":\"https:\\\/\\\/www.ip.gov.py\\\/ip\\\/#organization\",\"name\":\"Agencia IP\",\"url\":\"https:\\\/\\\/www.ip.gov.py\\\/ip\\\/\",\"logo\":{\"@type\":\"ImageObject\",\"inLanguage\":\"es\",\"@id\":\"https:\\\/\\\/www.ip.gov.py\\\/ip\\\/#\\\/schema\\\/logo\\\/image\\\/\",\"url\":\"https:\\\/\\\/www.ip.gov.py\\\/ip\\\/wp-content\\\/uploads\\\/2018\\\/01\\\/Agencia-IP.jpg\",\"contentUrl\":\"https:\\\/\\\/www.ip.gov.py\\\/ip\\\/wp-content\\\/uploads\\\/2018\\\/01\\\/Agencia-IP.jpg\",\"width\":150,\"height\":150,\"caption\":\"Agencia IP\"},\"image\":{\"@id\":\"https:\\\/\\\/www.ip.gov.py\\\/ip\\\/#\\\/schema\\\/logo\\\/image\\\/\"},\"sameAs\":[\"https:\\\/\\\/www.facebook.com\\\/IPParaguay\\\/\",\"https:\\\/\\\/x.com\\\/IPParaguay\",\"https:\\\/\\\/www.instagram.com\\\/IPParaguay\"]},{\"@type\":\"Person\",\"@id\":\"https:\\\/\\\/www.ip.gov.py\\\/ip\\\/#\\\/schema\\\/person\\\/791af27a9219bdbf9064abb776bb41c2\",\"name\":\"Noelia Ferreira\",\"sameAs\":[\"http:\\\/\\\/www.ip.gov.py\"],\"url\":\"https:\\\/\\\/www.ip.gov.py\\\/ip\\\/author\\\/nferreira\\\/\"}]}<\/script>\n<!-- \/ Yoast SEO plugin. -->","yoast_head_json":{"title":"Adultos mayores y otros beneficarios cobrar\u00e1n este martes sus pensiones - .::Agencia IP::.","robots":{"index":"index","follow":"follow","max-snippet":"max-snippet:-1","max-image-preview":"max-image-preview:large","max-video-preview":"max-video-preview:-1"},"canonical":"https:\/\/www.ip.gov.py\/ip\/2023\/01\/30\/adultos-mayores-y-otros-beneficarios-cobraran-este-martes-sus-pensiones\/","og_locale":"es_ES","og_type":"article","og_title":"Adultos mayores y otros beneficarios cobrar\u00e1n este martes sus pensiones - .::Agencia IP::.","og_description":"Asunci\u00f3n, Agencia IP.- M\u00e1s de 275.000 adultos mayores y otros beneficiarios como herederos de veteranos, pensionados graciables y herederos de polic\u00edas y militares fallecidos en servicio, cobrar\u00e1n ma\u00f1ana martes, sus pensiones correspondientes a enero.","og_url":"https:\/\/www.ip.gov.py\/ip\/2023\/01\/30\/adultos-mayores-y-otros-beneficarios-cobraran-este-martes-sus-pensiones\/","og_site_name":".::Agencia IP::.","article_publisher":"https:\/\/www.facebook.com\/IPParaguay\/","article_published_time":"2023-01-30T11:31:20+00:00","article_modified_time":"2023-01-30T12:16:50+00:00","og_image":[{"width":1599,"height":1112,"url":"https:\/\/www.ip.gov.py\/ip\/wp-content\/uploads\/2022\/10\/Adulto-Tercera-edad.jpg","type":"image\/jpeg"}],"author":"Noelia Ferreira","twitter_card":"summary_large_image","twitter_creator":"@IPParaguay","twitter_site":"@IPParaguay","twitter_misc":{"Escrito por":"Noelia Ferreira","Tiempo de lectura":"2 minutos"},"schema":{"@context":"https:\/\/schema.org","@graph":[{"@type":"Article","@id":"https:\/\/www.ip.gov.py\/ip\/2023\/01\/30\/adultos-mayores-y-otros-beneficarios-cobraran-este-martes-sus-pensiones\/#article","isPartOf":{"@id":"https:\/\/www.ip.gov.py\/ip\/2023\/01\/30\/adultos-mayores-y-otros-beneficarios-cobraran-este-martes-sus-pensiones\/"},"author":{"name":"Noelia Ferreira","@id":"https:\/\/www.ip.gov.py\/ip\/#\/schema\/person\/791af27a9219bdbf9064abb776bb41c2"},"headline":"Adultos mayores y otros beneficarios cobrar\u00e1n este martes sus pensiones","datePublished":"2023-01-30T11:31:20+00:00","dateModified":"2023-01-30T12:16:50+00:00","mainEntityOfPage":{"@id":"https:\/\/www.ip.gov.py\/ip\/2023\/01\/30\/adultos-mayores-y-otros-beneficarios-cobraran-este-martes-sus-pensiones\/"},"wordCount":360,"publisher":{"@id":"https:\/\/www.ip.gov.py\/ip\/#organization"},"image":{"@id":"https:\/\/www.ip.gov.py\/ip\/2023\/01\/30\/adultos-mayores-y-otros-beneficarios-cobraran-este-martes-sus-pensiones\/#primaryimage"},"thumbnailUrl":"https:\/\/www.ip.gov.py\/ip\/wp-content\/uploads\/2022\/10\/Adulto-Tercera-edad.jpg","keywords":["Herederos de polic\u00edas","herederos de veteranos","Jubilados y pensionados","militares fallecidos en servicio","Ministerio de Hacienda","Pago de haberes","Pensionados graciables"],"articleSection":["Destacado","Econom\u00eda"],"inLanguage":"es"},{"@type":"WebPage","@id":"https:\/\/www.ip.gov.py\/ip\/2023\/01\/30\/adultos-mayores-y-otros-beneficarios-cobraran-este-martes-sus-pensiones\/","url":"https:\/\/www.ip.gov.py\/ip\/2023\/01\/30\/adultos-mayores-y-otros-beneficarios-cobraran-este-martes-sus-pensiones\/","name":"Adultos mayores y otros beneficarios cobrar\u00e1n este martes sus pensiones - .::Agencia IP::.","isPartOf":{"@id":"https:\/\/www.ip.gov.py\/ip\/#website"},"primaryImageOfPage":{"@id":"https:\/\/www.ip.gov.py\/ip\/2023\/01\/30\/adultos-mayores-y-otros-beneficarios-cobraran-este-martes-sus-pensiones\/#primaryimage"},"image":{"@id":"https:\/\/www.ip.gov.py\/ip\/2023\/01\/30\/adultos-mayores-y-otros-beneficarios-cobraran-este-martes-sus-pensiones\/#primaryimage"},"thumbnailUrl":"https:\/\/www.ip.gov.py\/ip\/wp-content\/uploads\/2022\/10\/Adulto-Tercera-edad.jpg","datePublished":"2023-01-30T11:31:20+00:00","dateModified":"2023-01-30T12:16:50+00:00","breadcrumb":{"@id":"https:\/\/www.ip.gov.py\/ip\/2023\/01\/30\/adultos-mayores-y-otros-beneficarios-cobraran-este-martes-sus-pensiones\/#breadcrumb"},"inLanguage":"es","potentialAction":[{"@type":"ReadAction","target":["https:\/\/www.ip.gov.py\/ip\/2023\/01\/30\/adultos-mayores-y-otros-beneficarios-cobraran-este-martes-sus-pensiones\/"]}]},{"@type":"ImageObject","inLanguage":"es","@id":"https:\/\/www.ip.gov.py\/ip\/2023\/01\/30\/adultos-mayores-y-otros-beneficarios-cobraran-este-martes-sus-pensiones\/#primaryimage","url":"https:\/\/www.ip.gov.py\/ip\/wp-content\/uploads\/2022\/10\/Adulto-Tercera-edad.jpg","contentUrl":"https:\/\/www.ip.gov.py\/ip\/wp-content\/uploads\/2022\/10\/Adulto-Tercera-edad.jpg","width":1599,"height":1112,"caption":"Foto: Agencia IP"},{"@type":"BreadcrumbList","@id":"https:\/\/www.ip.gov.py\/ip\/2023\/01\/30\/adultos-mayores-y-otros-beneficarios-cobraran-este-martes-sus-pensiones\/#breadcrumb","itemListElement":[{"@type":"ListItem","position":1,"name":"Portada","item":"https:\/\/www.ip.gov.py\/ip\/"},{"@type":"ListItem","position":2,"name":"Adultos mayores y otros beneficarios cobrar\u00e1n este martes sus pensiones"}]},{"@type":"WebSite","@id":"https:\/\/www.ip.gov.py\/ip\/#website","url":"https:\/\/www.ip.gov.py\/ip\/","name":".::Agencia IP::.","description":"","publisher":{"@id":"https:\/\/www.ip.gov.py\/ip\/#organization"},"potentialAction":[{"@type":"SearchAction","target":{"@type":"EntryPoint","urlTemplate":"https:\/\/www.ip.gov.py\/ip\/?s={search_term_string}"},"query-input":{"@type":"PropertyValueSpecification","valueRequired":true,"valueName":"search_term_string"}}],"inLanguage":"es"},{"@type":"Organization","@id":"https:\/\/www.ip.gov.py\/ip\/#organization","name":"Agencia IP","url":"https:\/\/www.ip.gov.py\/ip\/","logo":{"@type":"ImageObject","inLanguage":"es","@id":"https:\/\/www.ip.gov.py\/ip\/#\/schema\/logo\/image\/","url":"https:\/\/www.ip.gov.py\/ip\/wp-content\/uploads\/2018\/01\/Agencia-IP.jpg","contentUrl":"https:\/\/www.ip.gov.py\/ip\/wp-content\/uploads\/2018\/01\/Agencia-IP.jpg","width":150,"height":150,"caption":"Agencia IP"},"image":{"@id":"https:\/\/www.ip.gov.py\/ip\/#\/schema\/logo\/image\/"},"sameAs":["https:\/\/www.facebook.com\/IPParaguay\/","https:\/\/x.com\/IPParaguay","https:\/\/www.instagram.com\/IPParaguay"]},{"@type":"Person","@id":"https:\/\/www.ip.gov.py\/ip\/#\/schema\/person\/791af27a9219bdbf9064abb776bb41c2","name":"Noelia Ferreira","sameAs":["http:\/\/www.ip.gov.py"],"url":"https:\/\/www.ip.gov.py\/ip\/author\/nferreira\/"}]}},"_links":{"self":[{"href":"https:\/\/www.ip.gov.py\/ip\/wp-json\/wp\/v2\/posts\/445529","targetHints":{"allow":["GET"]}}],"collection":[{"href":"https:\/\/www.ip.gov.py\/ip\/wp-json\/wp\/v2\/posts"}],"about":[{"href":"https:\/\/www.ip.gov.py\/ip\/wp-json\/wp\/v2\/types\/post"}],"author":[{"embeddable":true,"href":"https:\/\/www.ip.gov.py\/ip\/wp-json\/wp\/v2\/users\/23"}],"replies":[{"embeddable":true,"href":"https:\/\/www.ip.gov.py\/ip\/wp-json\/wp\/v2\/comments?post=445529"}],"version-history":[{"count":0,"href":"https:\/\/www.ip.gov.py\/ip\/wp-json\/wp\/v2\/posts\/445529\/revisions"}],"wp:featuredmedia":[{"embeddable":true,"href":"https:\/\/www.ip.gov.py\/ip\/wp-json\/wp\/v2\/media\/434197"}],"wp:attachment":[{"href":"https:\/\/www.ip.gov.py\/ip\/wp-json\/wp\/v2\/media?parent=445529"}],"wp:term":[{"taxonomy":"category","embeddable":true,"href":"https:\/\/www.ip.gov.py\/ip\/wp-json\/wp\/v2\/categories?post=445529"},{"taxonomy":"post_tag","embeddable":true,"href":"https:\/\/www.ip.gov.py\/ip\/wp-json\/wp\/v2\/tags?post=445529"}],"curies":[{"name":"wp","href":"https:\/\/api.w.org\/{rel}","templated":true}]}}