{"id":447091,"date":"2023-02-13T08:20:34","date_gmt":"2023-02-13T11:20:34","guid":{"rendered":"https:\/\/www.ip.gov.py\/ip\/?p=447091"},"modified":"2023-02-13T08:20:34","modified_gmt":"2023-02-13T11:20:34","slug":"surgen-mas-clasificados-a-la-final-del-nacional-de-salonismo","status":"publish","type":"post","link":"https:\/\/www.ip.gov.py\/ip\/2023\/02\/13\/surgen-mas-clasificados-a-la-final-del-nacional-de-salonismo\/","title":{"rendered":"Surgen m\u00e1s clasificados a la final del nacional de Salonismo"},"content":{"rendered":"<p style=\"text-align: justify;\"><em><strong>Asunci\u00f3n, Agencia IP.-<\/strong><\/em>San Antonio se convirti\u00f3 en la octava selecci\u00f3n clasificada a las finales del 52 Campeonato Nacional de f\u00fatbol de sal\u00f3n Cordillera-Central 2023 \u201cHomenaje a Dar\u00edo Herrera\u201d.<!--more--><\/p>\n<p style=\"text-align: justify;\">El representativo santo visit\u00f3 y derrot\u00f3 a domicilio a Villeta por el marcador final de 5 goles contra 4.<\/p>\n<p style=\"text-align: justify;\">Con esta victoria San Antonio se asegura el primer lugar el Grupo 3 a falta de la \u00faltima ronda, logrando as\u00ed su primera e hist\u00f3rica clasificaci\u00f3n a una final de un Nacional de selecciones absolutas.<\/p>\n<p style=\"text-align: justify;\">En el otro compromiso desarrollado el s\u00e1bado, Villa Elisa se impuso a Lambar\u00e9 4-1, completada la disputa de esta pen\u00faltima fecha la clasificaci\u00f3n qued\u00f3 as\u00ed: 1-San Antonio 9, 2-Villeta 6, 3-Villa Elisa 4 y 4-Lambar\u00e9 1.<\/p>\n<p style=\"text-align: justify;\">Las selecciones clasificadas hasta ahora son: Caacup\u00e9, Itaugu\u00e1, Ypacarai, \u00d1emby, Villa Hayes, San Pedro, Fernando de la Mora y San Antonio.<\/p>\n<p style=\"text-align: justify;\">Este lunes, por el Grupo 6, pen\u00faltima fecha juegan Cnel. Mart\u00ednez-Tebicuary e Itap\u00e9-Villarrica; Grupo 7, pen\u00faltima ronda: Hernandarias-Minga Guaz\u00fa y por el Grupo 11: Bella Vista Sur-Carmen del Paran\u00e1, Cambyret\u00e1-Encarnaci\u00f3n y Capitan Miranda-Maria Auxiliadora, en esta serie quedar\u00e1n 4 fechas por disputar.<\/p>\n<p style=\"text-align: justify;\">\n","protected":false},"excerpt":{"rendered":"<p>Asunci\u00f3n, Agencia IP.-San Antonio se convirti\u00f3 en la octava selecci\u00f3n clasificada a las finales del 52 Campeonato Nacional de f\u00fatbol de sal\u00f3n Cordillera-Central 2023 \u201cHomenaje a Dar\u00edo Herrera\u201d.<\/p>\n","protected":false},"author":11,"featured_media":447092,"comment_status":"closed","ping_status":"closed","sticky":false,"template":"","format":"standard","meta":{"_monsterinsights_skip_tracking":false,"_monsterinsights_sitenote_active":false,"_monsterinsights_sitenote_note":"","_monsterinsights_sitenote_category":0,"footnotes":""},"categories":[8],"tags":[14648,1153,2892,8789,4634],"class_list":{"0":"post-447091","1":"post","2":"type-post","3":"status-publish","4":"format-standard","5":"has-post-thumbnail","7":"category-deportes","8":"tag-clasificatorias","9":"tag-cordillera","10":"tag-partidos","11":"tag-salonismo","12":"tag-san-antonio"},"yoast_head":"<!-- This site is optimized with the Yoast SEO plugin v27.5 - https:\/\/yoast.com\/product\/yoast-seo-wordpress\/ -->\n<title>Surgen m\u00e1s clasificados a la final del nacional de Salonismo - .::Agencia IP::.<\/title>\n<meta name=\"robots\" content=\"index, follow, max-snippet:-1, max-image-preview:large, max-video-preview:-1\" \/>\n<link rel=\"canonical\" href=\"https:\/\/www.ip.gov.py\/ip\/2023\/02\/13\/surgen-mas-clasificados-a-la-final-del-nacional-de-salonismo\/\" \/>\n<meta property=\"og:locale\" content=\"es_ES\" \/>\n<meta property=\"og:type\" content=\"article\" \/>\n<meta property=\"og:title\" content=\"Surgen m\u00e1s clasificados a la final del nacional de Salonismo - .::Agencia IP::.\" \/>\n<meta property=\"og:description\" content=\"Asunci\u00f3n, Agencia IP.-San Antonio se convirti\u00f3 en la octava selecci\u00f3n clasificada a las finales del 52 Campeonato Nacional de f\u00fatbol de sal\u00f3n Cordillera-Central 2023 \u201cHomenaje a Dar\u00edo Herrera\u201d.\" \/>\n<meta property=\"og:url\" content=\"https:\/\/www.ip.gov.py\/ip\/2023\/02\/13\/surgen-mas-clasificados-a-la-final-del-nacional-de-salonismo\/\" \/>\n<meta property=\"og:site_name\" content=\".::Agencia IP::.\" \/>\n<meta property=\"article:publisher\" content=\"https:\/\/www.facebook.com\/IPParaguay\/\" \/>\n<meta property=\"article:published_time\" content=\"2023-02-13T11:20:34+00:00\" \/>\n<meta property=\"og:image\" content=\"https:\/\/www.ip.gov.py\/ip\/wp-content\/uploads\/2023\/02\/San-Antonio.jpg\" \/>\n\t<meta property=\"og:image:width\" content=\"1600\" \/>\n\t<meta property=\"og:image:height\" content=\"721\" \/>\n\t<meta property=\"og:image:type\" content=\"image\/jpeg\" \/>\n<meta name=\"author\" content=\"vrios\" \/>\n<meta name=\"twitter:card\" content=\"summary_large_image\" \/>\n<meta name=\"twitter:creator\" content=\"@IPParaguay\" \/>\n<meta name=\"twitter:site\" content=\"@IPParaguay\" \/>\n<meta name=\"twitter:label1\" content=\"Escrito por\" \/>\n\t<meta name=\"twitter:data1\" content=\"vrios\" \/>\n\t<meta name=\"twitter:label2\" content=\"Tiempo de lectura\" \/>\n\t<meta name=\"twitter:data2\" content=\"1 minuto\" \/>\n<script type=\"application\/ld+json\" class=\"yoast-schema-graph\">{\"@context\":\"https:\\\/\\\/schema.org\",\"@graph\":[{\"@type\":\"Article\",\"@id\":\"https:\\\/\\\/www.ip.gov.py\\\/ip\\\/2023\\\/02\\\/13\\\/surgen-mas-clasificados-a-la-final-del-nacional-de-salonismo\\\/#article\",\"isPartOf\":{\"@id\":\"https:\\\/\\\/www.ip.gov.py\\\/ip\\\/2023\\\/02\\\/13\\\/surgen-mas-clasificados-a-la-final-del-nacional-de-salonismo\\\/\"},\"author\":{\"name\":\"vrios\",\"@id\":\"https:\\\/\\\/www.ip.gov.py\\\/ip\\\/#\\\/schema\\\/person\\\/fa3668852e893cb0423795330f919039\"},\"headline\":\"Surgen m\u00e1s clasificados a la final del nacional de Salonismo\",\"datePublished\":\"2023-02-13T11:20:34+00:00\",\"mainEntityOfPage\":{\"@id\":\"https:\\\/\\\/www.ip.gov.py\\\/ip\\\/2023\\\/02\\\/13\\\/surgen-mas-clasificados-a-la-final-del-nacional-de-salonismo\\\/\"},\"wordCount\":198,\"publisher\":{\"@id\":\"https:\\\/\\\/www.ip.gov.py\\\/ip\\\/#organization\"},\"image\":{\"@id\":\"https:\\\/\\\/www.ip.gov.py\\\/ip\\\/2023\\\/02\\\/13\\\/surgen-mas-clasificados-a-la-final-del-nacional-de-salonismo\\\/#primaryimage\"},\"thumbnailUrl\":\"https:\\\/\\\/www.ip.gov.py\\\/ip\\\/wp-content\\\/uploads\\\/2023\\\/02\\\/San-Antonio.jpg\",\"keywords\":[\"Clasificatorias\",\"Cordillera\",\"Partidos\",\"Salonismo\",\"San Antonio\"],\"articleSection\":[\"Deportes\"],\"inLanguage\":\"es\"},{\"@type\":\"WebPage\",\"@id\":\"https:\\\/\\\/www.ip.gov.py\\\/ip\\\/2023\\\/02\\\/13\\\/surgen-mas-clasificados-a-la-final-del-nacional-de-salonismo\\\/\",\"url\":\"https:\\\/\\\/www.ip.gov.py\\\/ip\\\/2023\\\/02\\\/13\\\/surgen-mas-clasificados-a-la-final-del-nacional-de-salonismo\\\/\",\"name\":\"Surgen m\u00e1s clasificados a la final del nacional de Salonismo - .::Agencia IP::.\",\"isPartOf\":{\"@id\":\"https:\\\/\\\/www.ip.gov.py\\\/ip\\\/#website\"},\"primaryImageOfPage\":{\"@id\":\"https:\\\/\\\/www.ip.gov.py\\\/ip\\\/2023\\\/02\\\/13\\\/surgen-mas-clasificados-a-la-final-del-nacional-de-salonismo\\\/#primaryimage\"},\"image\":{\"@id\":\"https:\\\/\\\/www.ip.gov.py\\\/ip\\\/2023\\\/02\\\/13\\\/surgen-mas-clasificados-a-la-final-del-nacional-de-salonismo\\\/#primaryimage\"},\"thumbnailUrl\":\"https:\\\/\\\/www.ip.gov.py\\\/ip\\\/wp-content\\\/uploads\\\/2023\\\/02\\\/San-Antonio.jpg\",\"datePublished\":\"2023-02-13T11:20:34+00:00\",\"breadcrumb\":{\"@id\":\"https:\\\/\\\/www.ip.gov.py\\\/ip\\\/2023\\\/02\\\/13\\\/surgen-mas-clasificados-a-la-final-del-nacional-de-salonismo\\\/#breadcrumb\"},\"inLanguage\":\"es\",\"potentialAction\":[{\"@type\":\"ReadAction\",\"target\":[\"https:\\\/\\\/www.ip.gov.py\\\/ip\\\/2023\\\/02\\\/13\\\/surgen-mas-clasificados-a-la-final-del-nacional-de-salonismo\\\/\"]}]},{\"@type\":\"ImageObject\",\"inLanguage\":\"es\",\"@id\":\"https:\\\/\\\/www.ip.gov.py\\\/ip\\\/2023\\\/02\\\/13\\\/surgen-mas-clasificados-a-la-final-del-nacional-de-salonismo\\\/#primaryimage\",\"url\":\"https:\\\/\\\/www.ip.gov.py\\\/ip\\\/wp-content\\\/uploads\\\/2023\\\/02\\\/San-Antonio.jpg\",\"contentUrl\":\"https:\\\/\\\/www.ip.gov.py\\\/ip\\\/wp-content\\\/uploads\\\/2023\\\/02\\\/San-Antonio.jpg\",\"width\":1600,\"height\":721,\"caption\":\"Gentileza\"},{\"@type\":\"BreadcrumbList\",\"@id\":\"https:\\\/\\\/www.ip.gov.py\\\/ip\\\/2023\\\/02\\\/13\\\/surgen-mas-clasificados-a-la-final-del-nacional-de-salonismo\\\/#breadcrumb\",\"itemListElement\":[{\"@type\":\"ListItem\",\"position\":1,\"name\":\"Portada\",\"item\":\"https:\\\/\\\/www.ip.gov.py\\\/ip\\\/\"},{\"@type\":\"ListItem\",\"position\":2,\"name\":\"Surgen m\u00e1s clasificados a la final del nacional de Salonismo\"}]},{\"@type\":\"WebSite\",\"@id\":\"https:\\\/\\\/www.ip.gov.py\\\/ip\\\/#website\",\"url\":\"https:\\\/\\\/www.ip.gov.py\\\/ip\\\/\",\"name\":\".::Agencia IP::.\",\"description\":\"\",\"publisher\":{\"@id\":\"https:\\\/\\\/www.ip.gov.py\\\/ip\\\/#organization\"},\"potentialAction\":[{\"@type\":\"SearchAction\",\"target\":{\"@type\":\"EntryPoint\",\"urlTemplate\":\"https:\\\/\\\/www.ip.gov.py\\\/ip\\\/?s={search_term_string}\"},\"query-input\":{\"@type\":\"PropertyValueSpecification\",\"valueRequired\":true,\"valueName\":\"search_term_string\"}}],\"inLanguage\":\"es\"},{\"@type\":\"Organization\",\"@id\":\"https:\\\/\\\/www.ip.gov.py\\\/ip\\\/#organization\",\"name\":\"Agencia IP\",\"url\":\"https:\\\/\\\/www.ip.gov.py\\\/ip\\\/\",\"logo\":{\"@type\":\"ImageObject\",\"inLanguage\":\"es\",\"@id\":\"https:\\\/\\\/www.ip.gov.py\\\/ip\\\/#\\\/schema\\\/logo\\\/image\\\/\",\"url\":\"https:\\\/\\\/www.ip.gov.py\\\/ip\\\/wp-content\\\/uploads\\\/2018\\\/01\\\/Agencia-IP.jpg\",\"contentUrl\":\"https:\\\/\\\/www.ip.gov.py\\\/ip\\\/wp-content\\\/uploads\\\/2018\\\/01\\\/Agencia-IP.jpg\",\"width\":150,\"height\":150,\"caption\":\"Agencia IP\"},\"image\":{\"@id\":\"https:\\\/\\\/www.ip.gov.py\\\/ip\\\/#\\\/schema\\\/logo\\\/image\\\/\"},\"sameAs\":[\"https:\\\/\\\/www.facebook.com\\\/IPParaguay\\\/\",\"https:\\\/\\\/x.com\\\/IPParaguay\",\"https:\\\/\\\/www.instagram.com\\\/IPParaguay\"]},{\"@type\":\"Person\",\"@id\":\"https:\\\/\\\/www.ip.gov.py\\\/ip\\\/#\\\/schema\\\/person\\\/fa3668852e893cb0423795330f919039\",\"name\":\"vrios\",\"url\":\"https:\\\/\\\/www.ip.gov.py\\\/ip\\\/author\\\/vrios\\\/\"}]}<\/script>\n<!-- \/ Yoast SEO plugin. -->","yoast_head_json":{"title":"Surgen m\u00e1s clasificados a la final del nacional de Salonismo - .::Agencia IP::.","robots":{"index":"index","follow":"follow","max-snippet":"max-snippet:-1","max-image-preview":"max-image-preview:large","max-video-preview":"max-video-preview:-1"},"canonical":"https:\/\/www.ip.gov.py\/ip\/2023\/02\/13\/surgen-mas-clasificados-a-la-final-del-nacional-de-salonismo\/","og_locale":"es_ES","og_type":"article","og_title":"Surgen m\u00e1s clasificados a la final del nacional de Salonismo - .::Agencia IP::.","og_description":"Asunci\u00f3n, Agencia IP.-San Antonio se convirti\u00f3 en la octava selecci\u00f3n clasificada a las finales del 52 Campeonato Nacional de f\u00fatbol de sal\u00f3n Cordillera-Central 2023 \u201cHomenaje a Dar\u00edo Herrera\u201d.","og_url":"https:\/\/www.ip.gov.py\/ip\/2023\/02\/13\/surgen-mas-clasificados-a-la-final-del-nacional-de-salonismo\/","og_site_name":".::Agencia IP::.","article_publisher":"https:\/\/www.facebook.com\/IPParaguay\/","article_published_time":"2023-02-13T11:20:34+00:00","og_image":[{"width":1600,"height":721,"url":"https:\/\/www.ip.gov.py\/ip\/wp-content\/uploads\/2023\/02\/San-Antonio.jpg","type":"image\/jpeg"}],"author":"vrios","twitter_card":"summary_large_image","twitter_creator":"@IPParaguay","twitter_site":"@IPParaguay","twitter_misc":{"Escrito por":"vrios","Tiempo de lectura":"1 minuto"},"schema":{"@context":"https:\/\/schema.org","@graph":[{"@type":"Article","@id":"https:\/\/www.ip.gov.py\/ip\/2023\/02\/13\/surgen-mas-clasificados-a-la-final-del-nacional-de-salonismo\/#article","isPartOf":{"@id":"https:\/\/www.ip.gov.py\/ip\/2023\/02\/13\/surgen-mas-clasificados-a-la-final-del-nacional-de-salonismo\/"},"author":{"name":"vrios","@id":"https:\/\/www.ip.gov.py\/ip\/#\/schema\/person\/fa3668852e893cb0423795330f919039"},"headline":"Surgen m\u00e1s clasificados a la final del nacional de Salonismo","datePublished":"2023-02-13T11:20:34+00:00","mainEntityOfPage":{"@id":"https:\/\/www.ip.gov.py\/ip\/2023\/02\/13\/surgen-mas-clasificados-a-la-final-del-nacional-de-salonismo\/"},"wordCount":198,"publisher":{"@id":"https:\/\/www.ip.gov.py\/ip\/#organization"},"image":{"@id":"https:\/\/www.ip.gov.py\/ip\/2023\/02\/13\/surgen-mas-clasificados-a-la-final-del-nacional-de-salonismo\/#primaryimage"},"thumbnailUrl":"https:\/\/www.ip.gov.py\/ip\/wp-content\/uploads\/2023\/02\/San-Antonio.jpg","keywords":["Clasificatorias","Cordillera","Partidos","Salonismo","San Antonio"],"articleSection":["Deportes"],"inLanguage":"es"},{"@type":"WebPage","@id":"https:\/\/www.ip.gov.py\/ip\/2023\/02\/13\/surgen-mas-clasificados-a-la-final-del-nacional-de-salonismo\/","url":"https:\/\/www.ip.gov.py\/ip\/2023\/02\/13\/surgen-mas-clasificados-a-la-final-del-nacional-de-salonismo\/","name":"Surgen m\u00e1s clasificados a la final del nacional de Salonismo - .::Agencia IP::.","isPartOf":{"@id":"https:\/\/www.ip.gov.py\/ip\/#website"},"primaryImageOfPage":{"@id":"https:\/\/www.ip.gov.py\/ip\/2023\/02\/13\/surgen-mas-clasificados-a-la-final-del-nacional-de-salonismo\/#primaryimage"},"image":{"@id":"https:\/\/www.ip.gov.py\/ip\/2023\/02\/13\/surgen-mas-clasificados-a-la-final-del-nacional-de-salonismo\/#primaryimage"},"thumbnailUrl":"https:\/\/www.ip.gov.py\/ip\/wp-content\/uploads\/2023\/02\/San-Antonio.jpg","datePublished":"2023-02-13T11:20:34+00:00","breadcrumb":{"@id":"https:\/\/www.ip.gov.py\/ip\/2023\/02\/13\/surgen-mas-clasificados-a-la-final-del-nacional-de-salonismo\/#breadcrumb"},"inLanguage":"es","potentialAction":[{"@type":"ReadAction","target":["https:\/\/www.ip.gov.py\/ip\/2023\/02\/13\/surgen-mas-clasificados-a-la-final-del-nacional-de-salonismo\/"]}]},{"@type":"ImageObject","inLanguage":"es","@id":"https:\/\/www.ip.gov.py\/ip\/2023\/02\/13\/surgen-mas-clasificados-a-la-final-del-nacional-de-salonismo\/#primaryimage","url":"https:\/\/www.ip.gov.py\/ip\/wp-content\/uploads\/2023\/02\/San-Antonio.jpg","contentUrl":"https:\/\/www.ip.gov.py\/ip\/wp-content\/uploads\/2023\/02\/San-Antonio.jpg","width":1600,"height":721,"caption":"Gentileza"},{"@type":"BreadcrumbList","@id":"https:\/\/www.ip.gov.py\/ip\/2023\/02\/13\/surgen-mas-clasificados-a-la-final-del-nacional-de-salonismo\/#breadcrumb","itemListElement":[{"@type":"ListItem","position":1,"name":"Portada","item":"https:\/\/www.ip.gov.py\/ip\/"},{"@type":"ListItem","position":2,"name":"Surgen m\u00e1s clasificados a la final del nacional de Salonismo"}]},{"@type":"WebSite","@id":"https:\/\/www.ip.gov.py\/ip\/#website","url":"https:\/\/www.ip.gov.py\/ip\/","name":".::Agencia IP::.","description":"","publisher":{"@id":"https:\/\/www.ip.gov.py\/ip\/#organization"},"potentialAction":[{"@type":"SearchAction","target":{"@type":"EntryPoint","urlTemplate":"https:\/\/www.ip.gov.py\/ip\/?s={search_term_string}"},"query-input":{"@type":"PropertyValueSpecification","valueRequired":true,"valueName":"search_term_string"}}],"inLanguage":"es"},{"@type":"Organization","@id":"https:\/\/www.ip.gov.py\/ip\/#organization","name":"Agencia IP","url":"https:\/\/www.ip.gov.py\/ip\/","logo":{"@type":"ImageObject","inLanguage":"es","@id":"https:\/\/www.ip.gov.py\/ip\/#\/schema\/logo\/image\/","url":"https:\/\/www.ip.gov.py\/ip\/wp-content\/uploads\/2018\/01\/Agencia-IP.jpg","contentUrl":"https:\/\/www.ip.gov.py\/ip\/wp-content\/uploads\/2018\/01\/Agencia-IP.jpg","width":150,"height":150,"caption":"Agencia IP"},"image":{"@id":"https:\/\/www.ip.gov.py\/ip\/#\/schema\/logo\/image\/"},"sameAs":["https:\/\/www.facebook.com\/IPParaguay\/","https:\/\/x.com\/IPParaguay","https:\/\/www.instagram.com\/IPParaguay"]},{"@type":"Person","@id":"https:\/\/www.ip.gov.py\/ip\/#\/schema\/person\/fa3668852e893cb0423795330f919039","name":"vrios","url":"https:\/\/www.ip.gov.py\/ip\/author\/vrios\/"}]}},"_links":{"self":[{"href":"https:\/\/www.ip.gov.py\/ip\/wp-json\/wp\/v2\/posts\/447091","targetHints":{"allow":["GET"]}}],"collection":[{"href":"https:\/\/www.ip.gov.py\/ip\/wp-json\/wp\/v2\/posts"}],"about":[{"href":"https:\/\/www.ip.gov.py\/ip\/wp-json\/wp\/v2\/types\/post"}],"author":[{"embeddable":true,"href":"https:\/\/www.ip.gov.py\/ip\/wp-json\/wp\/v2\/users\/11"}],"replies":[{"embeddable":true,"href":"https:\/\/www.ip.gov.py\/ip\/wp-json\/wp\/v2\/comments?post=447091"}],"version-history":[{"count":0,"href":"https:\/\/www.ip.gov.py\/ip\/wp-json\/wp\/v2\/posts\/447091\/revisions"}],"wp:featuredmedia":[{"embeddable":true,"href":"https:\/\/www.ip.gov.py\/ip\/wp-json\/wp\/v2\/media\/447092"}],"wp:attachment":[{"href":"https:\/\/www.ip.gov.py\/ip\/wp-json\/wp\/v2\/media?parent=447091"}],"wp:term":[{"taxonomy":"category","embeddable":true,"href":"https:\/\/www.ip.gov.py\/ip\/wp-json\/wp\/v2\/categories?post=447091"},{"taxonomy":"post_tag","embeddable":true,"href":"https:\/\/www.ip.gov.py\/ip\/wp-json\/wp\/v2\/tags?post=447091"}],"curies":[{"name":"wp","href":"https:\/\/api.w.org\/{rel}","templated":true}]}}