{"id":447312,"date":"2023-02-14T11:53:43","date_gmt":"2023-02-14T14:53:43","guid":{"rendered":"https:\/\/www.ip.gov.py\/ip\/?p=447312"},"modified":"2023-02-14T11:53:43","modified_gmt":"2023-02-14T14:53:43","slug":"se-inicio-la-temporada-del-nacional-de-todoterreno","status":"publish","type":"post","link":"https:\/\/www.ip.gov.py\/ip\/2023\/02\/14\/se-inicio-la-temporada-del-nacional-de-todoterreno\/","title":{"rendered":"Se inici\u00f3 la\u00a0 temporada del nacional de Todoterreno"},"content":{"rendered":"<p style=\"text-align: justify;\"><em><strong>Asunci\u00f3n, Agencia IP.-<\/strong><\/em>Se puso en marcha, la temporada 2023 del Campeonato Nacional Todoterreno de 4&#215;4 que organiza anualmente el Club Cateura en distintos circuitos del pa\u00eds.<!--more--><\/p>\n<p style=\"text-align: justify;\">La primera cita se corri\u00f3 por primera vez en el circuito El Tuc\u00e1n en la ciudad de Altos, departamento de la Cordillera.<\/p>\n<p style=\"text-align: justify;\">En la general y la categor\u00eda estrella de la modalidad, la TT4 EXTREM el gran protagonista de la jornada fue el este\u00f1o Gustavo Villalba que en compa\u00f1\u00eda de Diego Figueredo brillaron con luces propias.<\/p>\n<p style=\"text-align: justify;\">La dupla conformada por Villalba-Figueredo con su poderoso Jeep Wrangler subi\u00f3 a lo m\u00e1s alto del podio al ser los mejores de la general y de la clase TT4 EXTREM.<\/p>\n<p style=\"text-align: justify;\">La segunda colocaci\u00f3n de esta muy complicada primera fecha le correspondi\u00f3 a Alejandro Fleitas-Jorge Irala al mando de una Mitsubishi Montero del Team Emboscada, siendo adem\u00e1s los ganadores de la TT4L.<\/p>\n<p style=\"text-align: justify;\">Mientras que tercero en subir al podio de la general, fue la dupla integrada por Ismael Matto-Ariel Fern\u00e1ndez con Nissan Safari, quienes fueron segundos en la TT4L del Team Hermanos Matto.<\/p>\n<p style=\"text-align: justify;\">Los mejores en cada clase fueron, en la TT4 EXTREM: Gustavo Villalba-Diego Figueredo, TT4L: Alejandro Fleitas-Jorge Irala; TT4N: Nery Gonz\u00e1lez-Christian Cantero, TT1: V\u00edctor Mart\u00ednez-Luciano Silva y en la TT3: Antonio Tenkathen-Oscar Mart\u00ednez.<\/p>\n<p style=\"text-align: justify;\">Esta gran fiesta de las poderosas todoterreno arranc\u00f3 la noche del s\u00e1bado con una exitosa partida simb\u00f3lica de los competidores desde la Plaza de los H\u00e9roes de la ciudad de Atyra.<\/p>\n<p style=\"text-align: justify;\">\n","protected":false},"excerpt":{"rendered":"<p>Asunci\u00f3n, Agencia IP.-Se puso en marcha, la temporada 2023 del Campeonato Nacional Todoterreno de 4&#215;4 que organiza anualmente el Club Cateura en distintos circuitos del pa\u00eds.<\/p>\n","protected":false},"author":11,"featured_media":447313,"comment_status":"closed","ping_status":"closed","sticky":false,"template":"","format":"standard","meta":{"_monsterinsights_skip_tracking":false,"_monsterinsights_sitenote_active":false,"_monsterinsights_sitenote_note":"","_monsterinsights_sitenote_category":0,"footnotes":""},"categories":[8],"tags":[2361,1153,3365,255,8454,1050],"class_list":{"0":"post-447312","1":"post","2":"type-post","3":"status-publish","4":"format-standard","5":"has-post-thumbnail","7":"category-deportes","8":"tag-altos","9":"tag-cordillera","10":"tag-fecha","11":"tag-nacional","12":"tag-todoterreno","13":"tag-torneo"},"yoast_head":"<!-- This site is optimized with the Yoast SEO plugin v27.5 - https:\/\/yoast.com\/product\/yoast-seo-wordpress\/ -->\n<title>Se inici\u00f3 la\u00a0 temporada del nacional de Todoterreno - .::Agencia IP::.<\/title>\n<meta name=\"robots\" content=\"index, follow, max-snippet:-1, max-image-preview:large, max-video-preview:-1\" \/>\n<link rel=\"canonical\" href=\"https:\/\/www.ip.gov.py\/ip\/2023\/02\/14\/se-inicio-la-temporada-del-nacional-de-todoterreno\/\" \/>\n<meta property=\"og:locale\" content=\"es_ES\" \/>\n<meta property=\"og:type\" content=\"article\" \/>\n<meta property=\"og:title\" content=\"Se inici\u00f3 la\u00a0 temporada del nacional de Todoterreno - .::Agencia IP::.\" \/>\n<meta property=\"og:description\" content=\"Asunci\u00f3n, Agencia IP.-Se puso en marcha, la temporada 2023 del Campeonato Nacional Todoterreno de 4&#215;4 que organiza anualmente el Club Cateura en distintos circuitos del pa\u00eds.\" \/>\n<meta property=\"og:url\" content=\"https:\/\/www.ip.gov.py\/ip\/2023\/02\/14\/se-inicio-la-temporada-del-nacional-de-todoterreno\/\" \/>\n<meta property=\"og:site_name\" content=\".::Agencia IP::.\" \/>\n<meta property=\"article:publisher\" content=\"https:\/\/www.facebook.com\/IPParaguay\/\" \/>\n<meta property=\"article:published_time\" content=\"2023-02-14T14:53:43+00:00\" \/>\n<meta property=\"og:image\" content=\"https:\/\/www.ip.gov.py\/ip\/wp-content\/uploads\/2023\/02\/Todoterreno.jpg\" \/>\n\t<meta property=\"og:image:width\" content=\"1200\" \/>\n\t<meta property=\"og:image:height\" content=\"1600\" \/>\n\t<meta property=\"og:image:type\" content=\"image\/jpeg\" \/>\n<meta name=\"author\" content=\"vrios\" \/>\n<meta name=\"twitter:card\" content=\"summary_large_image\" \/>\n<meta name=\"twitter:creator\" content=\"@IPParaguay\" \/>\n<meta name=\"twitter:site\" content=\"@IPParaguay\" \/>\n<meta name=\"twitter:label1\" content=\"Escrito por\" \/>\n\t<meta name=\"twitter:data1\" content=\"vrios\" \/>\n\t<meta name=\"twitter:label2\" content=\"Tiempo de lectura\" \/>\n\t<meta name=\"twitter:data2\" content=\"2 minutos\" \/>\n<script type=\"application\/ld+json\" class=\"yoast-schema-graph\">{\"@context\":\"https:\\\/\\\/schema.org\",\"@graph\":[{\"@type\":\"Article\",\"@id\":\"https:\\\/\\\/www.ip.gov.py\\\/ip\\\/2023\\\/02\\\/14\\\/se-inicio-la-temporada-del-nacional-de-todoterreno\\\/#article\",\"isPartOf\":{\"@id\":\"https:\\\/\\\/www.ip.gov.py\\\/ip\\\/2023\\\/02\\\/14\\\/se-inicio-la-temporada-del-nacional-de-todoterreno\\\/\"},\"author\":{\"name\":\"vrios\",\"@id\":\"https:\\\/\\\/www.ip.gov.py\\\/ip\\\/#\\\/schema\\\/person\\\/fa3668852e893cb0423795330f919039\"},\"headline\":\"Se inici\u00f3 la\u00a0 temporada del nacional de Todoterreno\",\"datePublished\":\"2023-02-14T14:53:43+00:00\",\"mainEntityOfPage\":{\"@id\":\"https:\\\/\\\/www.ip.gov.py\\\/ip\\\/2023\\\/02\\\/14\\\/se-inicio-la-temporada-del-nacional-de-todoterreno\\\/\"},\"wordCount\":267,\"publisher\":{\"@id\":\"https:\\\/\\\/www.ip.gov.py\\\/ip\\\/#organization\"},\"image\":{\"@id\":\"https:\\\/\\\/www.ip.gov.py\\\/ip\\\/2023\\\/02\\\/14\\\/se-inicio-la-temporada-del-nacional-de-todoterreno\\\/#primaryimage\"},\"thumbnailUrl\":\"https:\\\/\\\/www.ip.gov.py\\\/ip\\\/wp-content\\\/uploads\\\/2023\\\/02\\\/Todoterreno.jpg\",\"keywords\":[\"Altos\",\"Cordillera\",\"fecha\",\"Nacional\",\"Todoterreno\",\"Torneo\"],\"articleSection\":[\"Deportes\"],\"inLanguage\":\"es\"},{\"@type\":\"WebPage\",\"@id\":\"https:\\\/\\\/www.ip.gov.py\\\/ip\\\/2023\\\/02\\\/14\\\/se-inicio-la-temporada-del-nacional-de-todoterreno\\\/\",\"url\":\"https:\\\/\\\/www.ip.gov.py\\\/ip\\\/2023\\\/02\\\/14\\\/se-inicio-la-temporada-del-nacional-de-todoterreno\\\/\",\"name\":\"Se inici\u00f3 la\u00a0 temporada del nacional de Todoterreno - .::Agencia IP::.\",\"isPartOf\":{\"@id\":\"https:\\\/\\\/www.ip.gov.py\\\/ip\\\/#website\"},\"primaryImageOfPage\":{\"@id\":\"https:\\\/\\\/www.ip.gov.py\\\/ip\\\/2023\\\/02\\\/14\\\/se-inicio-la-temporada-del-nacional-de-todoterreno\\\/#primaryimage\"},\"image\":{\"@id\":\"https:\\\/\\\/www.ip.gov.py\\\/ip\\\/2023\\\/02\\\/14\\\/se-inicio-la-temporada-del-nacional-de-todoterreno\\\/#primaryimage\"},\"thumbnailUrl\":\"https:\\\/\\\/www.ip.gov.py\\\/ip\\\/wp-content\\\/uploads\\\/2023\\\/02\\\/Todoterreno.jpg\",\"datePublished\":\"2023-02-14T14:53:43+00:00\",\"breadcrumb\":{\"@id\":\"https:\\\/\\\/www.ip.gov.py\\\/ip\\\/2023\\\/02\\\/14\\\/se-inicio-la-temporada-del-nacional-de-todoterreno\\\/#breadcrumb\"},\"inLanguage\":\"es\",\"potentialAction\":[{\"@type\":\"ReadAction\",\"target\":[\"https:\\\/\\\/www.ip.gov.py\\\/ip\\\/2023\\\/02\\\/14\\\/se-inicio-la-temporada-del-nacional-de-todoterreno\\\/\"]}]},{\"@type\":\"ImageObject\",\"inLanguage\":\"es\",\"@id\":\"https:\\\/\\\/www.ip.gov.py\\\/ip\\\/2023\\\/02\\\/14\\\/se-inicio-la-temporada-del-nacional-de-todoterreno\\\/#primaryimage\",\"url\":\"https:\\\/\\\/www.ip.gov.py\\\/ip\\\/wp-content\\\/uploads\\\/2023\\\/02\\\/Todoterreno.jpg\",\"contentUrl\":\"https:\\\/\\\/www.ip.gov.py\\\/ip\\\/wp-content\\\/uploads\\\/2023\\\/02\\\/Todoterreno.jpg\",\"width\":1200,\"height\":1600,\"caption\":\"Gentileza\"},{\"@type\":\"BreadcrumbList\",\"@id\":\"https:\\\/\\\/www.ip.gov.py\\\/ip\\\/2023\\\/02\\\/14\\\/se-inicio-la-temporada-del-nacional-de-todoterreno\\\/#breadcrumb\",\"itemListElement\":[{\"@type\":\"ListItem\",\"position\":1,\"name\":\"Portada\",\"item\":\"https:\\\/\\\/www.ip.gov.py\\\/ip\\\/\"},{\"@type\":\"ListItem\",\"position\":2,\"name\":\"Se inici\u00f3 la\u00a0 temporada del nacional de Todoterreno\"}]},{\"@type\":\"WebSite\",\"@id\":\"https:\\\/\\\/www.ip.gov.py\\\/ip\\\/#website\",\"url\":\"https:\\\/\\\/www.ip.gov.py\\\/ip\\\/\",\"name\":\".::Agencia IP::.\",\"description\":\"\",\"publisher\":{\"@id\":\"https:\\\/\\\/www.ip.gov.py\\\/ip\\\/#organization\"},\"potentialAction\":[{\"@type\":\"SearchAction\",\"target\":{\"@type\":\"EntryPoint\",\"urlTemplate\":\"https:\\\/\\\/www.ip.gov.py\\\/ip\\\/?s={search_term_string}\"},\"query-input\":{\"@type\":\"PropertyValueSpecification\",\"valueRequired\":true,\"valueName\":\"search_term_string\"}}],\"inLanguage\":\"es\"},{\"@type\":\"Organization\",\"@id\":\"https:\\\/\\\/www.ip.gov.py\\\/ip\\\/#organization\",\"name\":\"Agencia IP\",\"url\":\"https:\\\/\\\/www.ip.gov.py\\\/ip\\\/\",\"logo\":{\"@type\":\"ImageObject\",\"inLanguage\":\"es\",\"@id\":\"https:\\\/\\\/www.ip.gov.py\\\/ip\\\/#\\\/schema\\\/logo\\\/image\\\/\",\"url\":\"https:\\\/\\\/www.ip.gov.py\\\/ip\\\/wp-content\\\/uploads\\\/2018\\\/01\\\/Agencia-IP.jpg\",\"contentUrl\":\"https:\\\/\\\/www.ip.gov.py\\\/ip\\\/wp-content\\\/uploads\\\/2018\\\/01\\\/Agencia-IP.jpg\",\"width\":150,\"height\":150,\"caption\":\"Agencia IP\"},\"image\":{\"@id\":\"https:\\\/\\\/www.ip.gov.py\\\/ip\\\/#\\\/schema\\\/logo\\\/image\\\/\"},\"sameAs\":[\"https:\\\/\\\/www.facebook.com\\\/IPParaguay\\\/\",\"https:\\\/\\\/x.com\\\/IPParaguay\",\"https:\\\/\\\/www.instagram.com\\\/IPParaguay\"]},{\"@type\":\"Person\",\"@id\":\"https:\\\/\\\/www.ip.gov.py\\\/ip\\\/#\\\/schema\\\/person\\\/fa3668852e893cb0423795330f919039\",\"name\":\"vrios\",\"url\":\"https:\\\/\\\/www.ip.gov.py\\\/ip\\\/author\\\/vrios\\\/\"}]}<\/script>\n<!-- \/ Yoast SEO plugin. -->","yoast_head_json":{"title":"Se inici\u00f3 la\u00a0 temporada del nacional de Todoterreno - .::Agencia IP::.","robots":{"index":"index","follow":"follow","max-snippet":"max-snippet:-1","max-image-preview":"max-image-preview:large","max-video-preview":"max-video-preview:-1"},"canonical":"https:\/\/www.ip.gov.py\/ip\/2023\/02\/14\/se-inicio-la-temporada-del-nacional-de-todoterreno\/","og_locale":"es_ES","og_type":"article","og_title":"Se inici\u00f3 la\u00a0 temporada del nacional de Todoterreno - .::Agencia IP::.","og_description":"Asunci\u00f3n, Agencia IP.-Se puso en marcha, la temporada 2023 del Campeonato Nacional Todoterreno de 4&#215;4 que organiza anualmente el Club Cateura en distintos circuitos del pa\u00eds.","og_url":"https:\/\/www.ip.gov.py\/ip\/2023\/02\/14\/se-inicio-la-temporada-del-nacional-de-todoterreno\/","og_site_name":".::Agencia IP::.","article_publisher":"https:\/\/www.facebook.com\/IPParaguay\/","article_published_time":"2023-02-14T14:53:43+00:00","og_image":[{"width":1200,"height":1600,"url":"https:\/\/www.ip.gov.py\/ip\/wp-content\/uploads\/2023\/02\/Todoterreno.jpg","type":"image\/jpeg"}],"author":"vrios","twitter_card":"summary_large_image","twitter_creator":"@IPParaguay","twitter_site":"@IPParaguay","twitter_misc":{"Escrito por":"vrios","Tiempo de lectura":"2 minutos"},"schema":{"@context":"https:\/\/schema.org","@graph":[{"@type":"Article","@id":"https:\/\/www.ip.gov.py\/ip\/2023\/02\/14\/se-inicio-la-temporada-del-nacional-de-todoterreno\/#article","isPartOf":{"@id":"https:\/\/www.ip.gov.py\/ip\/2023\/02\/14\/se-inicio-la-temporada-del-nacional-de-todoterreno\/"},"author":{"name":"vrios","@id":"https:\/\/www.ip.gov.py\/ip\/#\/schema\/person\/fa3668852e893cb0423795330f919039"},"headline":"Se inici\u00f3 la\u00a0 temporada del nacional de Todoterreno","datePublished":"2023-02-14T14:53:43+00:00","mainEntityOfPage":{"@id":"https:\/\/www.ip.gov.py\/ip\/2023\/02\/14\/se-inicio-la-temporada-del-nacional-de-todoterreno\/"},"wordCount":267,"publisher":{"@id":"https:\/\/www.ip.gov.py\/ip\/#organization"},"image":{"@id":"https:\/\/www.ip.gov.py\/ip\/2023\/02\/14\/se-inicio-la-temporada-del-nacional-de-todoterreno\/#primaryimage"},"thumbnailUrl":"https:\/\/www.ip.gov.py\/ip\/wp-content\/uploads\/2023\/02\/Todoterreno.jpg","keywords":["Altos","Cordillera","fecha","Nacional","Todoterreno","Torneo"],"articleSection":["Deportes"],"inLanguage":"es"},{"@type":"WebPage","@id":"https:\/\/www.ip.gov.py\/ip\/2023\/02\/14\/se-inicio-la-temporada-del-nacional-de-todoterreno\/","url":"https:\/\/www.ip.gov.py\/ip\/2023\/02\/14\/se-inicio-la-temporada-del-nacional-de-todoterreno\/","name":"Se inici\u00f3 la\u00a0 temporada del nacional de Todoterreno - .::Agencia IP::.","isPartOf":{"@id":"https:\/\/www.ip.gov.py\/ip\/#website"},"primaryImageOfPage":{"@id":"https:\/\/www.ip.gov.py\/ip\/2023\/02\/14\/se-inicio-la-temporada-del-nacional-de-todoterreno\/#primaryimage"},"image":{"@id":"https:\/\/www.ip.gov.py\/ip\/2023\/02\/14\/se-inicio-la-temporada-del-nacional-de-todoterreno\/#primaryimage"},"thumbnailUrl":"https:\/\/www.ip.gov.py\/ip\/wp-content\/uploads\/2023\/02\/Todoterreno.jpg","datePublished":"2023-02-14T14:53:43+00:00","breadcrumb":{"@id":"https:\/\/www.ip.gov.py\/ip\/2023\/02\/14\/se-inicio-la-temporada-del-nacional-de-todoterreno\/#breadcrumb"},"inLanguage":"es","potentialAction":[{"@type":"ReadAction","target":["https:\/\/www.ip.gov.py\/ip\/2023\/02\/14\/se-inicio-la-temporada-del-nacional-de-todoterreno\/"]}]},{"@type":"ImageObject","inLanguage":"es","@id":"https:\/\/www.ip.gov.py\/ip\/2023\/02\/14\/se-inicio-la-temporada-del-nacional-de-todoterreno\/#primaryimage","url":"https:\/\/www.ip.gov.py\/ip\/wp-content\/uploads\/2023\/02\/Todoterreno.jpg","contentUrl":"https:\/\/www.ip.gov.py\/ip\/wp-content\/uploads\/2023\/02\/Todoterreno.jpg","width":1200,"height":1600,"caption":"Gentileza"},{"@type":"BreadcrumbList","@id":"https:\/\/www.ip.gov.py\/ip\/2023\/02\/14\/se-inicio-la-temporada-del-nacional-de-todoterreno\/#breadcrumb","itemListElement":[{"@type":"ListItem","position":1,"name":"Portada","item":"https:\/\/www.ip.gov.py\/ip\/"},{"@type":"ListItem","position":2,"name":"Se inici\u00f3 la\u00a0 temporada del nacional de Todoterreno"}]},{"@type":"WebSite","@id":"https:\/\/www.ip.gov.py\/ip\/#website","url":"https:\/\/www.ip.gov.py\/ip\/","name":".::Agencia IP::.","description":"","publisher":{"@id":"https:\/\/www.ip.gov.py\/ip\/#organization"},"potentialAction":[{"@type":"SearchAction","target":{"@type":"EntryPoint","urlTemplate":"https:\/\/www.ip.gov.py\/ip\/?s={search_term_string}"},"query-input":{"@type":"PropertyValueSpecification","valueRequired":true,"valueName":"search_term_string"}}],"inLanguage":"es"},{"@type":"Organization","@id":"https:\/\/www.ip.gov.py\/ip\/#organization","name":"Agencia IP","url":"https:\/\/www.ip.gov.py\/ip\/","logo":{"@type":"ImageObject","inLanguage":"es","@id":"https:\/\/www.ip.gov.py\/ip\/#\/schema\/logo\/image\/","url":"https:\/\/www.ip.gov.py\/ip\/wp-content\/uploads\/2018\/01\/Agencia-IP.jpg","contentUrl":"https:\/\/www.ip.gov.py\/ip\/wp-content\/uploads\/2018\/01\/Agencia-IP.jpg","width":150,"height":150,"caption":"Agencia IP"},"image":{"@id":"https:\/\/www.ip.gov.py\/ip\/#\/schema\/logo\/image\/"},"sameAs":["https:\/\/www.facebook.com\/IPParaguay\/","https:\/\/x.com\/IPParaguay","https:\/\/www.instagram.com\/IPParaguay"]},{"@type":"Person","@id":"https:\/\/www.ip.gov.py\/ip\/#\/schema\/person\/fa3668852e893cb0423795330f919039","name":"vrios","url":"https:\/\/www.ip.gov.py\/ip\/author\/vrios\/"}]}},"_links":{"self":[{"href":"https:\/\/www.ip.gov.py\/ip\/wp-json\/wp\/v2\/posts\/447312","targetHints":{"allow":["GET"]}}],"collection":[{"href":"https:\/\/www.ip.gov.py\/ip\/wp-json\/wp\/v2\/posts"}],"about":[{"href":"https:\/\/www.ip.gov.py\/ip\/wp-json\/wp\/v2\/types\/post"}],"author":[{"embeddable":true,"href":"https:\/\/www.ip.gov.py\/ip\/wp-json\/wp\/v2\/users\/11"}],"replies":[{"embeddable":true,"href":"https:\/\/www.ip.gov.py\/ip\/wp-json\/wp\/v2\/comments?post=447312"}],"version-history":[{"count":0,"href":"https:\/\/www.ip.gov.py\/ip\/wp-json\/wp\/v2\/posts\/447312\/revisions"}],"wp:featuredmedia":[{"embeddable":true,"href":"https:\/\/www.ip.gov.py\/ip\/wp-json\/wp\/v2\/media\/447313"}],"wp:attachment":[{"href":"https:\/\/www.ip.gov.py\/ip\/wp-json\/wp\/v2\/media?parent=447312"}],"wp:term":[{"taxonomy":"category","embeddable":true,"href":"https:\/\/www.ip.gov.py\/ip\/wp-json\/wp\/v2\/categories?post=447312"},{"taxonomy":"post_tag","embeddable":true,"href":"https:\/\/www.ip.gov.py\/ip\/wp-json\/wp\/v2\/tags?post=447312"}],"curies":[{"name":"wp","href":"https:\/\/api.w.org\/{rel}","templated":true}]}}