{"id":447638,"date":"2023-02-17T08:29:40","date_gmt":"2023-02-17T11:29:40","guid":{"rendered":"https:\/\/www.ip.gov.py\/ip\/?p=447638"},"modified":"2023-02-17T08:44:28","modified_gmt":"2023-02-17T11:44:28","slug":"ministro-recorrio-fincas-y-se-reunio-con-beneficiarios-de-proyecto-productivo-en-alto-parana","status":"publish","type":"post","link":"https:\/\/www.ip.gov.py\/ip\/2023\/02\/17\/ministro-recorrio-fincas-y-se-reunio-con-beneficiarios-de-proyecto-productivo-en-alto-parana\/","title":{"rendered":"Ministro recorri\u00f3 fincas y se reuni\u00f3 con beneficiarios de proyecto productivo en Alto Paran\u00e1"},"content":{"rendered":"<p style=\"text-align: justify;\"><em><strong>Asunci\u00f3n, Agencia IP.-<\/strong><\/em> El ministro de Agricultura y Ganader\u00eda (MAG), Santiago Bertoni acompa\u00f1ado de su equipo t\u00e9cnico, recorri\u00f3 varios distritos del departamento de Alto Paran\u00e1 y mantuvo reuniones con productores, autoridades locales, empresarios del rubro agroganadero y t\u00e9cnicos de la cartera Agropecuaria.<!--more--><\/p>\n<p style=\"text-align: justify;\">En una primera jornada de trabajo, Bertoni, lleg\u00f3 hasta las fichas de producci\u00f3n de Colonia Iguaz\u00fa, donde convers\u00f3 con productores asociados de la zona, beneficiados con el Proyecto de Inclusi\u00f3n a Cadenas Productivas de la Agricultura Familiar (Prodicaf), que lleven adelante el MAG y la Itaipu Binacional.<\/p>\n<p style=\"text-align: justify;\">Estos productores recibieron por parte del Gobierno Nacional una asistencia integral, incluyendo la preparaci\u00f3n del suelo, la provisi\u00f3n de semillas de variedades h\u00edbridas de alto rendimiento, la asistencia t\u00e9cnica permanente.<\/p>\n<figure id=\"attachment_447643\" aria-describedby=\"caption-attachment-447643\" style=\"width: 392px\" class=\"wp-caption alignright\"><img loading=\"lazy\" decoding=\"async\" class=\" wp-image-447643\" src=\"https:\/\/www.ip.gov.py\/ip\/wp-content\/uploads\/2023\/02\/ministro-reunion-600x360.jpg\" alt=\"\" width=\"392\" height=\"235\" srcset=\"https:\/\/www.ip.gov.py\/ip\/wp-content\/uploads\/2023\/02\/ministro-reunion-600x360.jpg 600w, https:\/\/www.ip.gov.py\/ip\/wp-content\/uploads\/2023\/02\/ministro-reunion-1024x615.jpg 1024w, https:\/\/www.ip.gov.py\/ip\/wp-content\/uploads\/2023\/02\/ministro-reunion-768x461.jpg 768w, https:\/\/www.ip.gov.py\/ip\/wp-content\/uploads\/2023\/02\/ministro-reunion-696x418.jpg 696w, https:\/\/www.ip.gov.py\/ip\/wp-content\/uploads\/2023\/02\/ministro-reunion-1068x642.jpg 1068w, https:\/\/www.ip.gov.py\/ip\/wp-content\/uploads\/2023\/02\/ministro-reunion-699x420.jpg 699w, https:\/\/www.ip.gov.py\/ip\/wp-content\/uploads\/2023\/02\/ministro-reunion.jpg 1280w\" sizes=\"auto, (max-width: 392px) 100vw, 392px\" \/><figcaption id=\"caption-attachment-447643\" class=\"wp-caption-text\">Foto: MAG<\/figcaption><\/figure>\n<p style=\"text-align: justify;\">\u00abAgradezco al Gobierno Nacional, y a la Municipalidad por los beneficios que hemos recibido del MAG y la Itaip\u00fa, a trav\u00e9s de Prodicaf. Siempre tenemos cerdos, aves, hortalizas, ma\u00edz, y queremos seguir creciendo\u201d, afirm\u00f3 el beneficiario e integrante del Comit\u00e9 de Productores Aeroparque, Emigdio Sosa.<\/p>\n<p style=\"text-align: justify;\">Agradezco al ministro que vino hoy a conocer la realidad en el campo, tenemos lo m\u00e1s importante que es el tractor para producir muchos rubros, y con el apoyo del Gobierno, vamos seguir produciendo cada vez m\u00e1s.\u00a0 \u00abNosotros ya nos \u00edbamos dejando de a poco del campo, pero ahora con el apoyo que recibimos, con la mecanizaci\u00f3n que nos benefici\u00f3 estamos seguros que queremos seguir produciendo, mencion\u00f3 Jos\u00e9 Rosso, de la Asociaci\u00f3n El Progreso de Minga Guaz\u00fa.<\/p>\n<figure id=\"attachment_447645\" aria-describedby=\"caption-attachment-447645\" style=\"width: 390px\" class=\"wp-caption alignright\"><img loading=\"lazy\" decoding=\"async\" class=\" wp-image-447645\" src=\"https:\/\/www.ip.gov.py\/ip\/wp-content\/uploads\/2023\/02\/Escuela-agricola-600x400.jpg\" alt=\"\" width=\"390\" height=\"260\" srcset=\"https:\/\/www.ip.gov.py\/ip\/wp-content\/uploads\/2023\/02\/Escuela-agricola-600x400.jpg 600w, https:\/\/www.ip.gov.py\/ip\/wp-content\/uploads\/2023\/02\/Escuela-agricola-1024x683.jpg 1024w, https:\/\/www.ip.gov.py\/ip\/wp-content\/uploads\/2023\/02\/Escuela-agricola-768x512.jpg 768w, https:\/\/www.ip.gov.py\/ip\/wp-content\/uploads\/2023\/02\/Escuela-agricola-1536x1024.jpg 1536w, https:\/\/www.ip.gov.py\/ip\/wp-content\/uploads\/2023\/02\/Escuela-agricola-696x464.jpg 696w, https:\/\/www.ip.gov.py\/ip\/wp-content\/uploads\/2023\/02\/Escuela-agricola-1068x712.jpg 1068w, https:\/\/www.ip.gov.py\/ip\/wp-content\/uploads\/2023\/02\/Escuela-agricola-630x420.jpg 630w, https:\/\/www.ip.gov.py\/ip\/wp-content\/uploads\/2023\/02\/Escuela-agricola.jpg 1560w\" sizes=\"auto, (max-width: 390px) 100vw, 390px\" \/><figcaption id=\"caption-attachment-447645\" class=\"wp-caption-text\">Foto: MAG<\/figcaption><\/figure>\n<p style=\"text-align: justify;\">Posteriormente se traslad\u00f3 hasta el distrito de Santa Rita, donde se reuni\u00f3 con productores, autoridades y representantes de empresas agroganaderas de la zona. Conversaron sobre tecnolog\u00edas innovadoras de producci\u00f3n, entre las que se destaca la producci\u00f3n con Homeopat\u00eda. La Homeopat\u00eda, se utiliza como una forma alternativa para el control de plagas en distintos cultivos, la tecnolog\u00eda brinda un componente mucho m\u00e1s amigable con el medio ambiente.<\/p>\n<p style=\"text-align: justify;\">La tecnolog\u00eda ampliamente usada en Brasil, Uruguay y otros pa\u00edses, en encuentra en etapa experimental en algunos cultivos de la zona, logrando bueno resueltos en el control de algunas plagas que afecta el cultivo.\u00a0 El titular del MAG, destac\u00f3 que la manera de producir est\u00e1 cambiando en todo el mundo, apuntando a una producci\u00f3n m\u00e1s sustentable, org\u00e1nica y sostenible, por lo que se comprometi\u00f3 a brindar el apoyo para seguro investigando sobre los beneficios del sistema de cultivo con Homeopat\u00eda.<\/p>\n<figure id=\"attachment_447647\" aria-describedby=\"caption-attachment-447647\" style=\"width: 381px\" class=\"wp-caption alignright\"><img loading=\"lazy\" decoding=\"async\" class=\" wp-image-447647\" src=\"https:\/\/www.ip.gov.py\/ip\/wp-content\/uploads\/2023\/02\/Ministro-MAG-Recorrido-Fincas-600x400.jpg\" alt=\"\" width=\"381\" height=\"254\" srcset=\"https:\/\/www.ip.gov.py\/ip\/wp-content\/uploads\/2023\/02\/Ministro-MAG-Recorrido-Fincas-600x400.jpg 600w, https:\/\/www.ip.gov.py\/ip\/wp-content\/uploads\/2023\/02\/Ministro-MAG-Recorrido-Fincas-1024x682.jpg 1024w, https:\/\/www.ip.gov.py\/ip\/wp-content\/uploads\/2023\/02\/Ministro-MAG-Recorrido-Fincas-768x512.jpg 768w, https:\/\/www.ip.gov.py\/ip\/wp-content\/uploads\/2023\/02\/Ministro-MAG-Recorrido-Fincas-696x464.jpg 696w, https:\/\/www.ip.gov.py\/ip\/wp-content\/uploads\/2023\/02\/Ministro-MAG-Recorrido-Fincas-1068x712.jpg 1068w, https:\/\/www.ip.gov.py\/ip\/wp-content\/uploads\/2023\/02\/Ministro-MAG-Recorrido-Fincas-630x420.jpg 630w, https:\/\/www.ip.gov.py\/ip\/wp-content\/uploads\/2023\/02\/Ministro-MAG-Recorrido-Fincas.jpg 1280w\" sizes=\"auto, (max-width: 381px) 100vw, 381px\" \/><figcaption id=\"caption-attachment-447647\" class=\"wp-caption-text\">Foto: MAG<\/figcaption><\/figure>\n<p style=\"text-align: justify;\">M\u00e1s tarde, el titular del MAG, acompa\u00f1ado por los funcionarios, Esquicio Meza, Bettina Aguilera, Ib\u00e1\u00f1ez, Andr\u00e9s Ben\u00edtez, recorrieron las instalaciones de la Escuela Agr\u00edcola de Minga Guaz\u00fa, d\u00f3nde actualmente se est\u00e1 logrando una buena producci\u00f3n de soja, cultivada de manera comunal, acompa\u00f1ando as\u00ed al desarrollo productivo de la zona. Verificaron adem\u00e1s las infraestructuras de la instituci\u00f3n, con miras al pr\u00f3ximo inicio de clases.<\/p>\n<p style=\"text-align: justify;\">Ya en horas de la tarde, el ministro Bertoni, acompa\u00f1ado del equipo t\u00e9cnico, particip\u00f3 de la inauguraci\u00f3n del Campo Tecnol\u00f3gico de la empresa BASF. El titular del MAG, felicit\u00f3 a la empresa, por sus importantes aportes al sector agroganadero, y otros rubros que contribuyen al mejoramiento de la calidad de vida de las personas.<\/p>\n<figure id=\"attachment_447649\" aria-describedby=\"caption-attachment-447649\" style=\"width: 377px\" class=\"wp-caption alignleft\"><img loading=\"lazy\" decoding=\"async\" class=\" wp-image-447649\" src=\"https:\/\/www.ip.gov.py\/ip\/wp-content\/uploads\/2023\/02\/Ministro-fincas-MAG--600x400.jpg\" alt=\"\" width=\"377\" height=\"251\" srcset=\"https:\/\/www.ip.gov.py\/ip\/wp-content\/uploads\/2023\/02\/Ministro-fincas-MAG--600x400.jpg 600w, https:\/\/www.ip.gov.py\/ip\/wp-content\/uploads\/2023\/02\/Ministro-fincas-MAG--1024x682.jpg 1024w, https:\/\/www.ip.gov.py\/ip\/wp-content\/uploads\/2023\/02\/Ministro-fincas-MAG--768x512.jpg 768w, https:\/\/www.ip.gov.py\/ip\/wp-content\/uploads\/2023\/02\/Ministro-fincas-MAG--696x464.jpg 696w, https:\/\/www.ip.gov.py\/ip\/wp-content\/uploads\/2023\/02\/Ministro-fincas-MAG--1068x712.jpg 1068w, https:\/\/www.ip.gov.py\/ip\/wp-content\/uploads\/2023\/02\/Ministro-fincas-MAG--630x420.jpg 630w, https:\/\/www.ip.gov.py\/ip\/wp-content\/uploads\/2023\/02\/Ministro-fincas-MAG-.jpg 1280w\" sizes=\"auto, (max-width: 377px) 100vw, 377px\" \/><figcaption id=\"caption-attachment-447649\" class=\"wp-caption-text\">Foto: MAG<\/figcaption><\/figure>\n<p style=\"text-align: justify;\">El campo tecnol\u00f3gico ubicado en el distrito de Colonia Iguaz\u00fa, Alto Paran\u00e1, es el primero instalado en el pa\u00eds por la empresa BASF, tiene una extensi\u00f3n de unas 16 hect\u00e1reas, donde se realizar\u00e1n charlas, demostraci\u00f3n de cultivos, ensayos de nuevas variedades, transferencia de tecnolog\u00eda y conocimiento.<\/p>\n<p style=\"text-align: justify;\">La innovaci\u00f3n tecnol\u00f3gica es sin dudas uno de los ejes principales para seguir manteniendo el crecimiento del Paraguay en la agricultura. La agricultura es la clave para seguir manteniendo el crecimiento econ\u00f3mico del pa\u00eds, y con ello, llevando el beneficio a todos sus habitantes; destac\u00f3 el ministro Bertoni.<\/p>\n","protected":false},"excerpt":{"rendered":"<p>Asunci\u00f3n, Agencia IP.- El ministro de Agricultura y Ganader\u00eda (MAG), Santiago Bertoni acompa\u00f1ado de su equipo t\u00e9cnico, recorri\u00f3 varios distritos del departamento de Alto Paran\u00e1 y mantuvo reuniones con productores, autoridades locales, empresarios del rubro agroganadero y t\u00e9cnicos de la cartera Agropecuaria.<\/p>\n","protected":false},"author":23,"featured_media":447641,"comment_status":"closed","ping_status":"closed","sticky":false,"template":"","format":"standard","meta":{"_monsterinsights_skip_tracking":false,"_monsterinsights_sitenote_active":false,"_monsterinsights_sitenote_note":"","_monsterinsights_sitenote_category":0,"footnotes":""},"categories":[2,9],"tags":[122,59,1252,14700,549],"class_list":{"0":"post-447638","1":"post","2":"type-post","3":"status-publish","4":"format-standard","5":"has-post-thumbnail","7":"category-destacado","8":"category-economia","9":"tag-alto-parana","10":"tag-mag","11":"tag-pequenos-productores","12":"tag-prodicaf","13":"tag-productores"},"yoast_head":"<!-- This site is optimized with the Yoast SEO plugin v27.4 - https:\/\/yoast.com\/product\/yoast-seo-wordpress\/ -->\n<title>Ministro recorri\u00f3 fincas y se reuni\u00f3 con beneficiarios de proyecto productivo en Alto Paran\u00e1 - .::Agencia IP::.<\/title>\n<meta name=\"robots\" content=\"index, follow, max-snippet:-1, max-image-preview:large, max-video-preview:-1\" \/>\n<link rel=\"canonical\" href=\"https:\/\/www.ip.gov.py\/ip\/2023\/02\/17\/ministro-recorrio-fincas-y-se-reunio-con-beneficiarios-de-proyecto-productivo-en-alto-parana\/\" \/>\n<meta property=\"og:locale\" content=\"es_ES\" \/>\n<meta property=\"og:type\" content=\"article\" \/>\n<meta property=\"og:title\" content=\"Ministro recorri\u00f3 fincas y se reuni\u00f3 con beneficiarios de proyecto productivo en Alto Paran\u00e1 - .::Agencia IP::.\" \/>\n<meta property=\"og:description\" content=\"Asunci\u00f3n, Agencia IP.- El ministro de Agricultura y Ganader\u00eda (MAG), Santiago Bertoni acompa\u00f1ado de su equipo t\u00e9cnico, recorri\u00f3 varios distritos del departamento de Alto Paran\u00e1 y mantuvo reuniones con productores, autoridades locales, empresarios del rubro agroganadero y t\u00e9cnicos de la cartera Agropecuaria.\" \/>\n<meta property=\"og:url\" content=\"https:\/\/www.ip.gov.py\/ip\/2023\/02\/17\/ministro-recorrio-fincas-y-se-reunio-con-beneficiarios-de-proyecto-productivo-en-alto-parana\/\" \/>\n<meta property=\"og:site_name\" content=\".::Agencia IP::.\" \/>\n<meta property=\"article:publisher\" content=\"https:\/\/www.facebook.com\/IPParaguay\/\" \/>\n<meta property=\"article:published_time\" content=\"2023-02-17T11:29:40+00:00\" \/>\n<meta property=\"article:modified_time\" content=\"2023-02-17T11:44:28+00:00\" \/>\n<meta property=\"og:image\" content=\"https:\/\/www.ip.gov.py\/ip\/wp-content\/uploads\/2023\/02\/Agricultura-MAG.jpg\" \/>\n\t<meta property=\"og:image:width\" content=\"1280\" \/>\n\t<meta property=\"og:image:height\" content=\"853\" \/>\n\t<meta property=\"og:image:type\" content=\"image\/jpeg\" \/>\n<meta name=\"author\" content=\"Noelia Ferreira\" \/>\n<meta name=\"twitter:card\" content=\"summary_large_image\" \/>\n<meta name=\"twitter:creator\" content=\"@IPParaguay\" \/>\n<meta name=\"twitter:site\" content=\"@IPParaguay\" \/>\n<meta name=\"twitter:label1\" content=\"Escrito por\" \/>\n\t<meta name=\"twitter:data1\" content=\"Noelia Ferreira\" \/>\n\t<meta name=\"twitter:label2\" content=\"Tiempo de lectura\" \/>\n\t<meta name=\"twitter:data2\" content=\"4 minutos\" \/>\n<script type=\"application\/ld+json\" class=\"yoast-schema-graph\">{\"@context\":\"https:\\\/\\\/schema.org\",\"@graph\":[{\"@type\":\"Article\",\"@id\":\"https:\\\/\\\/www.ip.gov.py\\\/ip\\\/2023\\\/02\\\/17\\\/ministro-recorrio-fincas-y-se-reunio-con-beneficiarios-de-proyecto-productivo-en-alto-parana\\\/#article\",\"isPartOf\":{\"@id\":\"https:\\\/\\\/www.ip.gov.py\\\/ip\\\/2023\\\/02\\\/17\\\/ministro-recorrio-fincas-y-se-reunio-con-beneficiarios-de-proyecto-productivo-en-alto-parana\\\/\"},\"author\":{\"name\":\"Noelia Ferreira\",\"@id\":\"https:\\\/\\\/www.ip.gov.py\\\/ip\\\/#\\\/schema\\\/person\\\/791af27a9219bdbf9064abb776bb41c2\"},\"headline\":\"Ministro recorri\u00f3 fincas y se reuni\u00f3 con beneficiarios de proyecto productivo en Alto Paran\u00e1\",\"datePublished\":\"2023-02-17T11:29:40+00:00\",\"dateModified\":\"2023-02-17T11:44:28+00:00\",\"mainEntityOfPage\":{\"@id\":\"https:\\\/\\\/www.ip.gov.py\\\/ip\\\/2023\\\/02\\\/17\\\/ministro-recorrio-fincas-y-se-reunio-con-beneficiarios-de-proyecto-productivo-en-alto-parana\\\/\"},\"wordCount\":705,\"publisher\":{\"@id\":\"https:\\\/\\\/www.ip.gov.py\\\/ip\\\/#organization\"},\"image\":{\"@id\":\"https:\\\/\\\/www.ip.gov.py\\\/ip\\\/2023\\\/02\\\/17\\\/ministro-recorrio-fincas-y-se-reunio-con-beneficiarios-de-proyecto-productivo-en-alto-parana\\\/#primaryimage\"},\"thumbnailUrl\":\"https:\\\/\\\/www.ip.gov.py\\\/ip\\\/wp-content\\\/uploads\\\/2023\\\/02\\\/Agricultura-MAG.jpg\",\"keywords\":[\"Alto Paran\u00e1\",\"MAG\",\"Peque\u00f1os productores\",\"Prodicaf\",\"productores\"],\"articleSection\":[\"Destacado\",\"Econom\u00eda\"],\"inLanguage\":\"es\"},{\"@type\":\"WebPage\",\"@id\":\"https:\\\/\\\/www.ip.gov.py\\\/ip\\\/2023\\\/02\\\/17\\\/ministro-recorrio-fincas-y-se-reunio-con-beneficiarios-de-proyecto-productivo-en-alto-parana\\\/\",\"url\":\"https:\\\/\\\/www.ip.gov.py\\\/ip\\\/2023\\\/02\\\/17\\\/ministro-recorrio-fincas-y-se-reunio-con-beneficiarios-de-proyecto-productivo-en-alto-parana\\\/\",\"name\":\"Ministro recorri\u00f3 fincas y se reuni\u00f3 con beneficiarios de proyecto productivo en Alto Paran\u00e1 - .::Agencia IP::.\",\"isPartOf\":{\"@id\":\"https:\\\/\\\/www.ip.gov.py\\\/ip\\\/#website\"},\"primaryImageOfPage\":{\"@id\":\"https:\\\/\\\/www.ip.gov.py\\\/ip\\\/2023\\\/02\\\/17\\\/ministro-recorrio-fincas-y-se-reunio-con-beneficiarios-de-proyecto-productivo-en-alto-parana\\\/#primaryimage\"},\"image\":{\"@id\":\"https:\\\/\\\/www.ip.gov.py\\\/ip\\\/2023\\\/02\\\/17\\\/ministro-recorrio-fincas-y-se-reunio-con-beneficiarios-de-proyecto-productivo-en-alto-parana\\\/#primaryimage\"},\"thumbnailUrl\":\"https:\\\/\\\/www.ip.gov.py\\\/ip\\\/wp-content\\\/uploads\\\/2023\\\/02\\\/Agricultura-MAG.jpg\",\"datePublished\":\"2023-02-17T11:29:40+00:00\",\"dateModified\":\"2023-02-17T11:44:28+00:00\",\"breadcrumb\":{\"@id\":\"https:\\\/\\\/www.ip.gov.py\\\/ip\\\/2023\\\/02\\\/17\\\/ministro-recorrio-fincas-y-se-reunio-con-beneficiarios-de-proyecto-productivo-en-alto-parana\\\/#breadcrumb\"},\"inLanguage\":\"es\",\"potentialAction\":[{\"@type\":\"ReadAction\",\"target\":[\"https:\\\/\\\/www.ip.gov.py\\\/ip\\\/2023\\\/02\\\/17\\\/ministro-recorrio-fincas-y-se-reunio-con-beneficiarios-de-proyecto-productivo-en-alto-parana\\\/\"]}]},{\"@type\":\"ImageObject\",\"inLanguage\":\"es\",\"@id\":\"https:\\\/\\\/www.ip.gov.py\\\/ip\\\/2023\\\/02\\\/17\\\/ministro-recorrio-fincas-y-se-reunio-con-beneficiarios-de-proyecto-productivo-en-alto-parana\\\/#primaryimage\",\"url\":\"https:\\\/\\\/www.ip.gov.py\\\/ip\\\/wp-content\\\/uploads\\\/2023\\\/02\\\/Agricultura-MAG.jpg\",\"contentUrl\":\"https:\\\/\\\/www.ip.gov.py\\\/ip\\\/wp-content\\\/uploads\\\/2023\\\/02\\\/Agricultura-MAG.jpg\",\"width\":1280,\"height\":853,\"caption\":\"Foto: MAG\"},{\"@type\":\"BreadcrumbList\",\"@id\":\"https:\\\/\\\/www.ip.gov.py\\\/ip\\\/2023\\\/02\\\/17\\\/ministro-recorrio-fincas-y-se-reunio-con-beneficiarios-de-proyecto-productivo-en-alto-parana\\\/#breadcrumb\",\"itemListElement\":[{\"@type\":\"ListItem\",\"position\":1,\"name\":\"Portada\",\"item\":\"https:\\\/\\\/www.ip.gov.py\\\/ip\\\/\"},{\"@type\":\"ListItem\",\"position\":2,\"name\":\"Ministro recorri\u00f3 fincas y se reuni\u00f3 con beneficiarios de proyecto productivo en Alto Paran\u00e1\"}]},{\"@type\":\"WebSite\",\"@id\":\"https:\\\/\\\/www.ip.gov.py\\\/ip\\\/#website\",\"url\":\"https:\\\/\\\/www.ip.gov.py\\\/ip\\\/\",\"name\":\".::Agencia IP::.\",\"description\":\"\",\"publisher\":{\"@id\":\"https:\\\/\\\/www.ip.gov.py\\\/ip\\\/#organization\"},\"potentialAction\":[{\"@type\":\"SearchAction\",\"target\":{\"@type\":\"EntryPoint\",\"urlTemplate\":\"https:\\\/\\\/www.ip.gov.py\\\/ip\\\/?s={search_term_string}\"},\"query-input\":{\"@type\":\"PropertyValueSpecification\",\"valueRequired\":true,\"valueName\":\"search_term_string\"}}],\"inLanguage\":\"es\"},{\"@type\":\"Organization\",\"@id\":\"https:\\\/\\\/www.ip.gov.py\\\/ip\\\/#organization\",\"name\":\"Agencia IP\",\"url\":\"https:\\\/\\\/www.ip.gov.py\\\/ip\\\/\",\"logo\":{\"@type\":\"ImageObject\",\"inLanguage\":\"es\",\"@id\":\"https:\\\/\\\/www.ip.gov.py\\\/ip\\\/#\\\/schema\\\/logo\\\/image\\\/\",\"url\":\"https:\\\/\\\/www.ip.gov.py\\\/ip\\\/wp-content\\\/uploads\\\/2018\\\/01\\\/Agencia-IP.jpg\",\"contentUrl\":\"https:\\\/\\\/www.ip.gov.py\\\/ip\\\/wp-content\\\/uploads\\\/2018\\\/01\\\/Agencia-IP.jpg\",\"width\":150,\"height\":150,\"caption\":\"Agencia IP\"},\"image\":{\"@id\":\"https:\\\/\\\/www.ip.gov.py\\\/ip\\\/#\\\/schema\\\/logo\\\/image\\\/\"},\"sameAs\":[\"https:\\\/\\\/www.facebook.com\\\/IPParaguay\\\/\",\"https:\\\/\\\/x.com\\\/IPParaguay\",\"https:\\\/\\\/www.instagram.com\\\/IPParaguay\"]},{\"@type\":\"Person\",\"@id\":\"https:\\\/\\\/www.ip.gov.py\\\/ip\\\/#\\\/schema\\\/person\\\/791af27a9219bdbf9064abb776bb41c2\",\"name\":\"Noelia Ferreira\",\"sameAs\":[\"http:\\\/\\\/www.ip.gov.py\"],\"url\":\"https:\\\/\\\/www.ip.gov.py\\\/ip\\\/author\\\/nferreira\\\/\"}]}<\/script>\n<!-- \/ Yoast SEO plugin. -->","yoast_head_json":{"title":"Ministro recorri\u00f3 fincas y se reuni\u00f3 con beneficiarios de proyecto productivo en Alto Paran\u00e1 - .::Agencia IP::.","robots":{"index":"index","follow":"follow","max-snippet":"max-snippet:-1","max-image-preview":"max-image-preview:large","max-video-preview":"max-video-preview:-1"},"canonical":"https:\/\/www.ip.gov.py\/ip\/2023\/02\/17\/ministro-recorrio-fincas-y-se-reunio-con-beneficiarios-de-proyecto-productivo-en-alto-parana\/","og_locale":"es_ES","og_type":"article","og_title":"Ministro recorri\u00f3 fincas y se reuni\u00f3 con beneficiarios de proyecto productivo en Alto Paran\u00e1 - .::Agencia IP::.","og_description":"Asunci\u00f3n, Agencia IP.- El ministro de Agricultura y Ganader\u00eda (MAG), Santiago Bertoni acompa\u00f1ado de su equipo t\u00e9cnico, recorri\u00f3 varios distritos del departamento de Alto Paran\u00e1 y mantuvo reuniones con productores, autoridades locales, empresarios del rubro agroganadero y t\u00e9cnicos de la cartera Agropecuaria.","og_url":"https:\/\/www.ip.gov.py\/ip\/2023\/02\/17\/ministro-recorrio-fincas-y-se-reunio-con-beneficiarios-de-proyecto-productivo-en-alto-parana\/","og_site_name":".::Agencia IP::.","article_publisher":"https:\/\/www.facebook.com\/IPParaguay\/","article_published_time":"2023-02-17T11:29:40+00:00","article_modified_time":"2023-02-17T11:44:28+00:00","og_image":[{"width":1280,"height":853,"url":"https:\/\/www.ip.gov.py\/ip\/wp-content\/uploads\/2023\/02\/Agricultura-MAG.jpg","type":"image\/jpeg"}],"author":"Noelia Ferreira","twitter_card":"summary_large_image","twitter_creator":"@IPParaguay","twitter_site":"@IPParaguay","twitter_misc":{"Escrito por":"Noelia Ferreira","Tiempo de lectura":"4 minutos"},"schema":{"@context":"https:\/\/schema.org","@graph":[{"@type":"Article","@id":"https:\/\/www.ip.gov.py\/ip\/2023\/02\/17\/ministro-recorrio-fincas-y-se-reunio-con-beneficiarios-de-proyecto-productivo-en-alto-parana\/#article","isPartOf":{"@id":"https:\/\/www.ip.gov.py\/ip\/2023\/02\/17\/ministro-recorrio-fincas-y-se-reunio-con-beneficiarios-de-proyecto-productivo-en-alto-parana\/"},"author":{"name":"Noelia Ferreira","@id":"https:\/\/www.ip.gov.py\/ip\/#\/schema\/person\/791af27a9219bdbf9064abb776bb41c2"},"headline":"Ministro recorri\u00f3 fincas y se reuni\u00f3 con beneficiarios de proyecto productivo en Alto Paran\u00e1","datePublished":"2023-02-17T11:29:40+00:00","dateModified":"2023-02-17T11:44:28+00:00","mainEntityOfPage":{"@id":"https:\/\/www.ip.gov.py\/ip\/2023\/02\/17\/ministro-recorrio-fincas-y-se-reunio-con-beneficiarios-de-proyecto-productivo-en-alto-parana\/"},"wordCount":705,"publisher":{"@id":"https:\/\/www.ip.gov.py\/ip\/#organization"},"image":{"@id":"https:\/\/www.ip.gov.py\/ip\/2023\/02\/17\/ministro-recorrio-fincas-y-se-reunio-con-beneficiarios-de-proyecto-productivo-en-alto-parana\/#primaryimage"},"thumbnailUrl":"https:\/\/www.ip.gov.py\/ip\/wp-content\/uploads\/2023\/02\/Agricultura-MAG.jpg","keywords":["Alto Paran\u00e1","MAG","Peque\u00f1os productores","Prodicaf","productores"],"articleSection":["Destacado","Econom\u00eda"],"inLanguage":"es"},{"@type":"WebPage","@id":"https:\/\/www.ip.gov.py\/ip\/2023\/02\/17\/ministro-recorrio-fincas-y-se-reunio-con-beneficiarios-de-proyecto-productivo-en-alto-parana\/","url":"https:\/\/www.ip.gov.py\/ip\/2023\/02\/17\/ministro-recorrio-fincas-y-se-reunio-con-beneficiarios-de-proyecto-productivo-en-alto-parana\/","name":"Ministro recorri\u00f3 fincas y se reuni\u00f3 con beneficiarios de proyecto productivo en Alto Paran\u00e1 - .::Agencia IP::.","isPartOf":{"@id":"https:\/\/www.ip.gov.py\/ip\/#website"},"primaryImageOfPage":{"@id":"https:\/\/www.ip.gov.py\/ip\/2023\/02\/17\/ministro-recorrio-fincas-y-se-reunio-con-beneficiarios-de-proyecto-productivo-en-alto-parana\/#primaryimage"},"image":{"@id":"https:\/\/www.ip.gov.py\/ip\/2023\/02\/17\/ministro-recorrio-fincas-y-se-reunio-con-beneficiarios-de-proyecto-productivo-en-alto-parana\/#primaryimage"},"thumbnailUrl":"https:\/\/www.ip.gov.py\/ip\/wp-content\/uploads\/2023\/02\/Agricultura-MAG.jpg","datePublished":"2023-02-17T11:29:40+00:00","dateModified":"2023-02-17T11:44:28+00:00","breadcrumb":{"@id":"https:\/\/www.ip.gov.py\/ip\/2023\/02\/17\/ministro-recorrio-fincas-y-se-reunio-con-beneficiarios-de-proyecto-productivo-en-alto-parana\/#breadcrumb"},"inLanguage":"es","potentialAction":[{"@type":"ReadAction","target":["https:\/\/www.ip.gov.py\/ip\/2023\/02\/17\/ministro-recorrio-fincas-y-se-reunio-con-beneficiarios-de-proyecto-productivo-en-alto-parana\/"]}]},{"@type":"ImageObject","inLanguage":"es","@id":"https:\/\/www.ip.gov.py\/ip\/2023\/02\/17\/ministro-recorrio-fincas-y-se-reunio-con-beneficiarios-de-proyecto-productivo-en-alto-parana\/#primaryimage","url":"https:\/\/www.ip.gov.py\/ip\/wp-content\/uploads\/2023\/02\/Agricultura-MAG.jpg","contentUrl":"https:\/\/www.ip.gov.py\/ip\/wp-content\/uploads\/2023\/02\/Agricultura-MAG.jpg","width":1280,"height":853,"caption":"Foto: MAG"},{"@type":"BreadcrumbList","@id":"https:\/\/www.ip.gov.py\/ip\/2023\/02\/17\/ministro-recorrio-fincas-y-se-reunio-con-beneficiarios-de-proyecto-productivo-en-alto-parana\/#breadcrumb","itemListElement":[{"@type":"ListItem","position":1,"name":"Portada","item":"https:\/\/www.ip.gov.py\/ip\/"},{"@type":"ListItem","position":2,"name":"Ministro recorri\u00f3 fincas y se reuni\u00f3 con beneficiarios de proyecto productivo en Alto Paran\u00e1"}]},{"@type":"WebSite","@id":"https:\/\/www.ip.gov.py\/ip\/#website","url":"https:\/\/www.ip.gov.py\/ip\/","name":".::Agencia IP::.","description":"","publisher":{"@id":"https:\/\/www.ip.gov.py\/ip\/#organization"},"potentialAction":[{"@type":"SearchAction","target":{"@type":"EntryPoint","urlTemplate":"https:\/\/www.ip.gov.py\/ip\/?s={search_term_string}"},"query-input":{"@type":"PropertyValueSpecification","valueRequired":true,"valueName":"search_term_string"}}],"inLanguage":"es"},{"@type":"Organization","@id":"https:\/\/www.ip.gov.py\/ip\/#organization","name":"Agencia IP","url":"https:\/\/www.ip.gov.py\/ip\/","logo":{"@type":"ImageObject","inLanguage":"es","@id":"https:\/\/www.ip.gov.py\/ip\/#\/schema\/logo\/image\/","url":"https:\/\/www.ip.gov.py\/ip\/wp-content\/uploads\/2018\/01\/Agencia-IP.jpg","contentUrl":"https:\/\/www.ip.gov.py\/ip\/wp-content\/uploads\/2018\/01\/Agencia-IP.jpg","width":150,"height":150,"caption":"Agencia IP"},"image":{"@id":"https:\/\/www.ip.gov.py\/ip\/#\/schema\/logo\/image\/"},"sameAs":["https:\/\/www.facebook.com\/IPParaguay\/","https:\/\/x.com\/IPParaguay","https:\/\/www.instagram.com\/IPParaguay"]},{"@type":"Person","@id":"https:\/\/www.ip.gov.py\/ip\/#\/schema\/person\/791af27a9219bdbf9064abb776bb41c2","name":"Noelia Ferreira","sameAs":["http:\/\/www.ip.gov.py"],"url":"https:\/\/www.ip.gov.py\/ip\/author\/nferreira\/"}]}},"_links":{"self":[{"href":"https:\/\/www.ip.gov.py\/ip\/wp-json\/wp\/v2\/posts\/447638","targetHints":{"allow":["GET"]}}],"collection":[{"href":"https:\/\/www.ip.gov.py\/ip\/wp-json\/wp\/v2\/posts"}],"about":[{"href":"https:\/\/www.ip.gov.py\/ip\/wp-json\/wp\/v2\/types\/post"}],"author":[{"embeddable":true,"href":"https:\/\/www.ip.gov.py\/ip\/wp-json\/wp\/v2\/users\/23"}],"replies":[{"embeddable":true,"href":"https:\/\/www.ip.gov.py\/ip\/wp-json\/wp\/v2\/comments?post=447638"}],"version-history":[{"count":0,"href":"https:\/\/www.ip.gov.py\/ip\/wp-json\/wp\/v2\/posts\/447638\/revisions"}],"wp:featuredmedia":[{"embeddable":true,"href":"https:\/\/www.ip.gov.py\/ip\/wp-json\/wp\/v2\/media\/447641"}],"wp:attachment":[{"href":"https:\/\/www.ip.gov.py\/ip\/wp-json\/wp\/v2\/media?parent=447638"}],"wp:term":[{"taxonomy":"category","embeddable":true,"href":"https:\/\/www.ip.gov.py\/ip\/wp-json\/wp\/v2\/categories?post=447638"},{"taxonomy":"post_tag","embeddable":true,"href":"https:\/\/www.ip.gov.py\/ip\/wp-json\/wp\/v2\/tags?post=447638"}],"curies":[{"name":"wp","href":"https:\/\/api.w.org\/{rel}","templated":true}]}}