{"id":448248,"date":"2023-02-23T06:54:41","date_gmt":"2023-02-23T09:54:41","guid":{"rendered":"https:\/\/www.ip.gov.py\/ip\/?p=448248"},"modified":"2023-02-23T06:54:41","modified_gmt":"2023-02-23T09:54:41","slug":"pedro-sanchez-llego-a-ucrania-para-transmitir-el-apoyo-de-espana-a-zelensky","status":"publish","type":"post","link":"https:\/\/www.ip.gov.py\/ip\/2023\/02\/23\/pedro-sanchez-llego-a-ucrania-para-transmitir-el-apoyo-de-espana-a-zelensky\/","title":{"rendered":"Pedro S\u00e1nchez lleg\u00f3 a Ucrania para transmitir el apoyo de Espa\u00f1a a Zelensky"},"content":{"rendered":"<p style=\"text-align: justify;\"><em><strong>Kiev.-<\/strong><\/em>El presidente del Gobierno espa\u00f1ol, Pedro S\u00e1nchez, lleg\u00f3 este jueves a Kiev para reunirse con su hom\u00f3logo ucraniano, Volodimir Zelensky, y transmitirle el apoyo de su pa\u00eds a Ucrania, un d\u00eda antes de que se cumpla un a\u00f1o del comienzo de la ilegal invasi\u00f3n militar rusa.<!--more--><\/p>\n<p style=\"text-align: justify;\">\u201cVuelvo a Kiev un a\u00f1o despu\u00e9s del inicio de la guerra\u201d, escribi\u00f3 S\u00e1nchez en su cuenta de Twitter. \u201cEstaremos al lado de Ucrania y de su gente hasta que la paz regrese a Europa\u201d, agreg\u00f3 el gobernante, que public\u00f3 un video bajando de un tren y caminando por el and\u00e9n de la estaci\u00f3n de la capital ucraniana.<\/p>\n<p style=\"text-align: justify;\">Se trata de la segunda visita de S\u00e1nchez a Ucrania desde el comienzo de la invasi\u00f3n.<\/p>\n<p style=\"text-align: justify;\">La primera de esas visitas fue el pasado 21 de abril, cuando, al igual que ahora, S\u00e1nchez se desplaz\u00f3 en un avi\u00f3n de la Fuerza A\u00e9rea Espa\u00f1ola hasta Polonia, y se traslad\u00f3 a continuaci\u00f3n a la estaci\u00f3n de la que parti\u00f3 el tren nocturno que lo llev\u00f3 a la capital ucraniana.<\/p>\n<p style=\"text-align: justify;\">En aquella ocasi\u00f3n viaj\u00f3 junto a la primera ministra danesa, Mette Frederiksen, y ambos se reunieron con Zelensky y ofrecieron una conferencia de prensa conjunta.<\/p>\n<p style=\"text-align: justify;\">El titular del Gobierno espa\u00f1ol es el tercer mandatario extranjero que visita Kiev esta semana, despu\u00e9s de que el presidente de Estados Unidos, Joe Biden, y la jefa del Gobierno italiano, Giorgia Meloni, visitaran Ucrania el lunes y el martes.<\/p>\n<p style=\"text-align: justify;\">S\u00e1nchez fue recibido en la estaci\u00f3n de trenes de Kiev por el viceministro ucraniano de Asuntos Exteriores, el embajador de Ucrania en Madrid y el embajador de Espa\u00f1a en Ucrania.<\/p>\n<p style=\"text-align: justify;\">Desde la estaci\u00f3n, S\u00e1nchez se desplaz\u00f3 a las localidades de Bucha e Irp\u00edn, situadas cerca de la capital ucraniana y donde las fuerzas rusas cometieron, en el inicio de la guerra, abusos que han sido calificados de cr\u00edmenes de guerra por la comunidad internacional.<\/p>\n<p style=\"text-align: justify;\">Adem\u00e1s de reunirse con Zelensky, S\u00e1nchez pronunciar\u00e1 un discurso ante el plenario del Parlamento ucraniano y honrar\u00e1 la memoria de los ca\u00eddos en la guerra con una ofrenda floral.<\/p>\n<p style=\"text-align: justify;\">El presidente del Gobierno espa\u00f1ol visitar\u00e1 otras ciudades que han sufrido especialmente los ataques de Rusia, y protagonizar\u00e1 una comparecencia de prensa en Kiev junto al presidente ucraniano.<\/p>\n<p style=\"text-align: justify;\">El viaje del presidente del Gobierno espa\u00f1ol tiene lugar un d\u00eda despu\u00e9s de que su ministra de Defensa, Margarita Robles, anunciar\u00e1 que Espa\u00f1a enviar\u00e1 seis carros de combate Leopard a Ucrania, que espera contar con estos blindados de fabricaci\u00f3n alemana para hacer frente a la ofensiva rusa y recuperar la iniciativa en la guerra.<\/p>\n<p style=\"text-align: justify;\">Los tanques no estaban en servicio y tendr\u00e1n que ser reparados antes de despacharlos, explic\u00f3 Robles el mi\u00e9rcoles en el Congreso de los Diputados.<\/p>\n<p style=\"text-align: justify;\">Robles no precis\u00f3 los plazos del env\u00edo, pero asegur\u00f3 que Espa\u00f1a podr\u00eda reparar m\u00e1s tanques de este tipo para enviarlos a Ucrania \u201csi fuera necesario\u201d y \u201cnuestros aliados nos lo pidieran\u201d.<\/p>\n<p style=\"text-align: justify;\">S\u00e1nchez reiter\u00f3 el pasado mes de abril el apoyo incondicional de Espa\u00f1a a Ucrania y anunci\u00f3 la reapertura de la embajada espa\u00f1ola en Kiev, que hab\u00eda cerrado pocas horas despu\u00e9s de que comenzara la invasi\u00f3n rusa.<\/p>\n<p style=\"text-align: justify;\">Desde entonces, hubo varias conversaciones telef\u00f3nicas entre S\u00e1nchez y Zelensky, con quien coincidi\u00f3 en Bruselas el pasado 9 de febrero con motivo de la reuni\u00f3n extraordinaria del Consejo Europeo, a la que asisti\u00f3 en persona el l\u00edder ucraniano.Infobae.<\/p>\n","protected":false},"excerpt":{"rendered":"<p>Kiev.-El presidente del Gobierno espa\u00f1ol, Pedro S\u00e1nchez, lleg\u00f3 este jueves a Kiev para reunirse con su hom\u00f3logo ucraniano, Volodimir Zelensky, y transmitirle el apoyo de su pa\u00eds a Ucrania, un d\u00eda antes de que se cumpla un a\u00f1o del comienzo de la ilegal invasi\u00f3n militar rusa.<\/p>\n","protected":false},"author":11,"featured_media":448249,"comment_status":"closed","ping_status":"closed","sticky":false,"template":"","format":"standard","meta":{"_monsterinsights_skip_tracking":false,"_monsterinsights_sitenote_active":false,"_monsterinsights_sitenote_note":"","_monsterinsights_sitenote_category":0,"footnotes":""},"categories":[5],"tags":[1573,486,2045,10844,4661,3262,1572],"class_list":{"0":"post-448248","1":"post","2":"type-post","3":"status-publish","4":"format-standard","5":"has-post-thumbnail","7":"category-internacionales","9":"tag-espana","10":"tag-guerra","11":"tag-kiev","12":"tag-pedro-sanchez","13":"tag-ucrania","14":"tag-visita"},"yoast_head":"<!-- This site is optimized with the Yoast SEO plugin v27.5 - https:\/\/yoast.com\/product\/yoast-seo-wordpress\/ -->\n<title>Pedro S\u00e1nchez lleg\u00f3 a Ucrania para transmitir el apoyo de Espa\u00f1a a Zelensky - .::Agencia IP::.<\/title>\n<meta name=\"robots\" content=\"index, follow, max-snippet:-1, max-image-preview:large, max-video-preview:-1\" \/>\n<link rel=\"canonical\" href=\"https:\/\/www.ip.gov.py\/ip\/2023\/02\/23\/pedro-sanchez-llego-a-ucrania-para-transmitir-el-apoyo-de-espana-a-zelensky\/\" \/>\n<meta property=\"og:locale\" content=\"es_ES\" \/>\n<meta property=\"og:type\" content=\"article\" \/>\n<meta property=\"og:title\" content=\"Pedro S\u00e1nchez lleg\u00f3 a Ucrania para transmitir el apoyo de Espa\u00f1a a Zelensky - .::Agencia IP::.\" \/>\n<meta property=\"og:description\" content=\"Kiev.-El presidente del Gobierno espa\u00f1ol, Pedro S\u00e1nchez, lleg\u00f3 este jueves a Kiev para reunirse con su hom\u00f3logo ucraniano, Volodimir Zelensky, y transmitirle el apoyo de su pa\u00eds a Ucrania, un d\u00eda antes de que se cumpla un a\u00f1o del comienzo de la ilegal invasi\u00f3n militar rusa.\" \/>\n<meta property=\"og:url\" content=\"https:\/\/www.ip.gov.py\/ip\/2023\/02\/23\/pedro-sanchez-llego-a-ucrania-para-transmitir-el-apoyo-de-espana-a-zelensky\/\" \/>\n<meta property=\"og:site_name\" content=\".::Agencia IP::.\" \/>\n<meta property=\"article:publisher\" content=\"https:\/\/www.facebook.com\/IPParaguay\/\" \/>\n<meta property=\"article:published_time\" content=\"2023-02-23T09:54:41+00:00\" \/>\n<meta property=\"og:image\" content=\"https:\/\/www.ip.gov.py\/ip\/wp-content\/uploads\/2023\/02\/Pedro-Sanchez.jpg\" \/>\n\t<meta property=\"og:image:width\" content=\"700\" \/>\n\t<meta property=\"og:image:height\" content=\"394\" \/>\n\t<meta property=\"og:image:type\" content=\"image\/jpeg\" \/>\n<meta name=\"author\" content=\"vrios\" \/>\n<meta name=\"twitter:card\" content=\"summary_large_image\" \/>\n<meta name=\"twitter:creator\" content=\"@IPParaguay\" \/>\n<meta name=\"twitter:site\" content=\"@IPParaguay\" \/>\n<meta name=\"twitter:label1\" content=\"Escrito por\" \/>\n\t<meta name=\"twitter:data1\" content=\"vrios\" \/>\n\t<meta name=\"twitter:label2\" content=\"Tiempo de lectura\" \/>\n\t<meta name=\"twitter:data2\" content=\"3 minutos\" \/>\n<script type=\"application\/ld+json\" class=\"yoast-schema-graph\">{\"@context\":\"https:\\\/\\\/schema.org\",\"@graph\":[{\"@type\":\"Article\",\"@id\":\"https:\\\/\\\/www.ip.gov.py\\\/ip\\\/2023\\\/02\\\/23\\\/pedro-sanchez-llego-a-ucrania-para-transmitir-el-apoyo-de-espana-a-zelensky\\\/#article\",\"isPartOf\":{\"@id\":\"https:\\\/\\\/www.ip.gov.py\\\/ip\\\/2023\\\/02\\\/23\\\/pedro-sanchez-llego-a-ucrania-para-transmitir-el-apoyo-de-espana-a-zelensky\\\/\"},\"author\":{\"name\":\"vrios\",\"@id\":\"https:\\\/\\\/www.ip.gov.py\\\/ip\\\/#\\\/schema\\\/person\\\/fa3668852e893cb0423795330f919039\"},\"headline\":\"Pedro S\u00e1nchez lleg\u00f3 a Ucrania para transmitir el apoyo de Espa\u00f1a a Zelensky\",\"datePublished\":\"2023-02-23T09:54:41+00:00\",\"mainEntityOfPage\":{\"@id\":\"https:\\\/\\\/www.ip.gov.py\\\/ip\\\/2023\\\/02\\\/23\\\/pedro-sanchez-llego-a-ucrania-para-transmitir-el-apoyo-de-espana-a-zelensky\\\/\"},\"wordCount\":620,\"publisher\":{\"@id\":\"https:\\\/\\\/www.ip.gov.py\\\/ip\\\/#organization\"},\"image\":{\"@id\":\"https:\\\/\\\/www.ip.gov.py\\\/ip\\\/2023\\\/02\\\/23\\\/pedro-sanchez-llego-a-ucrania-para-transmitir-el-apoyo-de-espana-a-zelensky\\\/#primaryimage\"},\"thumbnailUrl\":\"https:\\\/\\\/www.ip.gov.py\\\/ip\\\/wp-content\\\/uploads\\\/2023\\\/02\\\/Pedro-Sanchez.jpg\",\"keywords\":[\"Apoyo\",\"Espa\u00f1a\",\"Guerra\",\"Kiev\",\"Pedro S\u00e1nchez\",\"Ucrania\",\"Visita\"],\"articleSection\":[\"Internacionales\"],\"inLanguage\":\"es\"},{\"@type\":\"WebPage\",\"@id\":\"https:\\\/\\\/www.ip.gov.py\\\/ip\\\/2023\\\/02\\\/23\\\/pedro-sanchez-llego-a-ucrania-para-transmitir-el-apoyo-de-espana-a-zelensky\\\/\",\"url\":\"https:\\\/\\\/www.ip.gov.py\\\/ip\\\/2023\\\/02\\\/23\\\/pedro-sanchez-llego-a-ucrania-para-transmitir-el-apoyo-de-espana-a-zelensky\\\/\",\"name\":\"Pedro S\u00e1nchez lleg\u00f3 a Ucrania para transmitir el apoyo de Espa\u00f1a a Zelensky - .::Agencia IP::.\",\"isPartOf\":{\"@id\":\"https:\\\/\\\/www.ip.gov.py\\\/ip\\\/#website\"},\"primaryImageOfPage\":{\"@id\":\"https:\\\/\\\/www.ip.gov.py\\\/ip\\\/2023\\\/02\\\/23\\\/pedro-sanchez-llego-a-ucrania-para-transmitir-el-apoyo-de-espana-a-zelensky\\\/#primaryimage\"},\"image\":{\"@id\":\"https:\\\/\\\/www.ip.gov.py\\\/ip\\\/2023\\\/02\\\/23\\\/pedro-sanchez-llego-a-ucrania-para-transmitir-el-apoyo-de-espana-a-zelensky\\\/#primaryimage\"},\"thumbnailUrl\":\"https:\\\/\\\/www.ip.gov.py\\\/ip\\\/wp-content\\\/uploads\\\/2023\\\/02\\\/Pedro-Sanchez.jpg\",\"datePublished\":\"2023-02-23T09:54:41+00:00\",\"breadcrumb\":{\"@id\":\"https:\\\/\\\/www.ip.gov.py\\\/ip\\\/2023\\\/02\\\/23\\\/pedro-sanchez-llego-a-ucrania-para-transmitir-el-apoyo-de-espana-a-zelensky\\\/#breadcrumb\"},\"inLanguage\":\"es\",\"potentialAction\":[{\"@type\":\"ReadAction\",\"target\":[\"https:\\\/\\\/www.ip.gov.py\\\/ip\\\/2023\\\/02\\\/23\\\/pedro-sanchez-llego-a-ucrania-para-transmitir-el-apoyo-de-espana-a-zelensky\\\/\"]}]},{\"@type\":\"ImageObject\",\"inLanguage\":\"es\",\"@id\":\"https:\\\/\\\/www.ip.gov.py\\\/ip\\\/2023\\\/02\\\/23\\\/pedro-sanchez-llego-a-ucrania-para-transmitir-el-apoyo-de-espana-a-zelensky\\\/#primaryimage\",\"url\":\"https:\\\/\\\/www.ip.gov.py\\\/ip\\\/wp-content\\\/uploads\\\/2023\\\/02\\\/Pedro-Sanchez.jpg\",\"contentUrl\":\"https:\\\/\\\/www.ip.gov.py\\\/ip\\\/wp-content\\\/uploads\\\/2023\\\/02\\\/Pedro-Sanchez.jpg\",\"width\":700,\"height\":394,\"caption\":\"DW\"},{\"@type\":\"BreadcrumbList\",\"@id\":\"https:\\\/\\\/www.ip.gov.py\\\/ip\\\/2023\\\/02\\\/23\\\/pedro-sanchez-llego-a-ucrania-para-transmitir-el-apoyo-de-espana-a-zelensky\\\/#breadcrumb\",\"itemListElement\":[{\"@type\":\"ListItem\",\"position\":1,\"name\":\"Portada\",\"item\":\"https:\\\/\\\/www.ip.gov.py\\\/ip\\\/\"},{\"@type\":\"ListItem\",\"position\":2,\"name\":\"Pedro S\u00e1nchez lleg\u00f3 a Ucrania para transmitir el apoyo de Espa\u00f1a a Zelensky\"}]},{\"@type\":\"WebSite\",\"@id\":\"https:\\\/\\\/www.ip.gov.py\\\/ip\\\/#website\",\"url\":\"https:\\\/\\\/www.ip.gov.py\\\/ip\\\/\",\"name\":\".::Agencia IP::.\",\"description\":\"\",\"publisher\":{\"@id\":\"https:\\\/\\\/www.ip.gov.py\\\/ip\\\/#organization\"},\"potentialAction\":[{\"@type\":\"SearchAction\",\"target\":{\"@type\":\"EntryPoint\",\"urlTemplate\":\"https:\\\/\\\/www.ip.gov.py\\\/ip\\\/?s={search_term_string}\"},\"query-input\":{\"@type\":\"PropertyValueSpecification\",\"valueRequired\":true,\"valueName\":\"search_term_string\"}}],\"inLanguage\":\"es\"},{\"@type\":\"Organization\",\"@id\":\"https:\\\/\\\/www.ip.gov.py\\\/ip\\\/#organization\",\"name\":\"Agencia IP\",\"url\":\"https:\\\/\\\/www.ip.gov.py\\\/ip\\\/\",\"logo\":{\"@type\":\"ImageObject\",\"inLanguage\":\"es\",\"@id\":\"https:\\\/\\\/www.ip.gov.py\\\/ip\\\/#\\\/schema\\\/logo\\\/image\\\/\",\"url\":\"https:\\\/\\\/www.ip.gov.py\\\/ip\\\/wp-content\\\/uploads\\\/2018\\\/01\\\/Agencia-IP.jpg\",\"contentUrl\":\"https:\\\/\\\/www.ip.gov.py\\\/ip\\\/wp-content\\\/uploads\\\/2018\\\/01\\\/Agencia-IP.jpg\",\"width\":150,\"height\":150,\"caption\":\"Agencia IP\"},\"image\":{\"@id\":\"https:\\\/\\\/www.ip.gov.py\\\/ip\\\/#\\\/schema\\\/logo\\\/image\\\/\"},\"sameAs\":[\"https:\\\/\\\/www.facebook.com\\\/IPParaguay\\\/\",\"https:\\\/\\\/x.com\\\/IPParaguay\",\"https:\\\/\\\/www.instagram.com\\\/IPParaguay\"]},{\"@type\":\"Person\",\"@id\":\"https:\\\/\\\/www.ip.gov.py\\\/ip\\\/#\\\/schema\\\/person\\\/fa3668852e893cb0423795330f919039\",\"name\":\"vrios\",\"url\":\"https:\\\/\\\/www.ip.gov.py\\\/ip\\\/author\\\/vrios\\\/\"}]}<\/script>\n<!-- \/ Yoast SEO plugin. -->","yoast_head_json":{"title":"Pedro S\u00e1nchez lleg\u00f3 a Ucrania para transmitir el apoyo de Espa\u00f1a a Zelensky - .::Agencia IP::.","robots":{"index":"index","follow":"follow","max-snippet":"max-snippet:-1","max-image-preview":"max-image-preview:large","max-video-preview":"max-video-preview:-1"},"canonical":"https:\/\/www.ip.gov.py\/ip\/2023\/02\/23\/pedro-sanchez-llego-a-ucrania-para-transmitir-el-apoyo-de-espana-a-zelensky\/","og_locale":"es_ES","og_type":"article","og_title":"Pedro S\u00e1nchez lleg\u00f3 a Ucrania para transmitir el apoyo de Espa\u00f1a a Zelensky - .::Agencia IP::.","og_description":"Kiev.-El presidente del Gobierno espa\u00f1ol, Pedro S\u00e1nchez, lleg\u00f3 este jueves a Kiev para reunirse con su hom\u00f3logo ucraniano, Volodimir Zelensky, y transmitirle el apoyo de su pa\u00eds a Ucrania, un d\u00eda antes de que se cumpla un a\u00f1o del comienzo de la ilegal invasi\u00f3n militar rusa.","og_url":"https:\/\/www.ip.gov.py\/ip\/2023\/02\/23\/pedro-sanchez-llego-a-ucrania-para-transmitir-el-apoyo-de-espana-a-zelensky\/","og_site_name":".::Agencia IP::.","article_publisher":"https:\/\/www.facebook.com\/IPParaguay\/","article_published_time":"2023-02-23T09:54:41+00:00","og_image":[{"width":700,"height":394,"url":"https:\/\/www.ip.gov.py\/ip\/wp-content\/uploads\/2023\/02\/Pedro-Sanchez.jpg","type":"image\/jpeg"}],"author":"vrios","twitter_card":"summary_large_image","twitter_creator":"@IPParaguay","twitter_site":"@IPParaguay","twitter_misc":{"Escrito por":"vrios","Tiempo de lectura":"3 minutos"},"schema":{"@context":"https:\/\/schema.org","@graph":[{"@type":"Article","@id":"https:\/\/www.ip.gov.py\/ip\/2023\/02\/23\/pedro-sanchez-llego-a-ucrania-para-transmitir-el-apoyo-de-espana-a-zelensky\/#article","isPartOf":{"@id":"https:\/\/www.ip.gov.py\/ip\/2023\/02\/23\/pedro-sanchez-llego-a-ucrania-para-transmitir-el-apoyo-de-espana-a-zelensky\/"},"author":{"name":"vrios","@id":"https:\/\/www.ip.gov.py\/ip\/#\/schema\/person\/fa3668852e893cb0423795330f919039"},"headline":"Pedro S\u00e1nchez lleg\u00f3 a Ucrania para transmitir el apoyo de Espa\u00f1a a Zelensky","datePublished":"2023-02-23T09:54:41+00:00","mainEntityOfPage":{"@id":"https:\/\/www.ip.gov.py\/ip\/2023\/02\/23\/pedro-sanchez-llego-a-ucrania-para-transmitir-el-apoyo-de-espana-a-zelensky\/"},"wordCount":620,"publisher":{"@id":"https:\/\/www.ip.gov.py\/ip\/#organization"},"image":{"@id":"https:\/\/www.ip.gov.py\/ip\/2023\/02\/23\/pedro-sanchez-llego-a-ucrania-para-transmitir-el-apoyo-de-espana-a-zelensky\/#primaryimage"},"thumbnailUrl":"https:\/\/www.ip.gov.py\/ip\/wp-content\/uploads\/2023\/02\/Pedro-Sanchez.jpg","keywords":["Apoyo","Espa\u00f1a","Guerra","Kiev","Pedro S\u00e1nchez","Ucrania","Visita"],"articleSection":["Internacionales"],"inLanguage":"es"},{"@type":"WebPage","@id":"https:\/\/www.ip.gov.py\/ip\/2023\/02\/23\/pedro-sanchez-llego-a-ucrania-para-transmitir-el-apoyo-de-espana-a-zelensky\/","url":"https:\/\/www.ip.gov.py\/ip\/2023\/02\/23\/pedro-sanchez-llego-a-ucrania-para-transmitir-el-apoyo-de-espana-a-zelensky\/","name":"Pedro S\u00e1nchez lleg\u00f3 a Ucrania para transmitir el apoyo de Espa\u00f1a a Zelensky - .::Agencia IP::.","isPartOf":{"@id":"https:\/\/www.ip.gov.py\/ip\/#website"},"primaryImageOfPage":{"@id":"https:\/\/www.ip.gov.py\/ip\/2023\/02\/23\/pedro-sanchez-llego-a-ucrania-para-transmitir-el-apoyo-de-espana-a-zelensky\/#primaryimage"},"image":{"@id":"https:\/\/www.ip.gov.py\/ip\/2023\/02\/23\/pedro-sanchez-llego-a-ucrania-para-transmitir-el-apoyo-de-espana-a-zelensky\/#primaryimage"},"thumbnailUrl":"https:\/\/www.ip.gov.py\/ip\/wp-content\/uploads\/2023\/02\/Pedro-Sanchez.jpg","datePublished":"2023-02-23T09:54:41+00:00","breadcrumb":{"@id":"https:\/\/www.ip.gov.py\/ip\/2023\/02\/23\/pedro-sanchez-llego-a-ucrania-para-transmitir-el-apoyo-de-espana-a-zelensky\/#breadcrumb"},"inLanguage":"es","potentialAction":[{"@type":"ReadAction","target":["https:\/\/www.ip.gov.py\/ip\/2023\/02\/23\/pedro-sanchez-llego-a-ucrania-para-transmitir-el-apoyo-de-espana-a-zelensky\/"]}]},{"@type":"ImageObject","inLanguage":"es","@id":"https:\/\/www.ip.gov.py\/ip\/2023\/02\/23\/pedro-sanchez-llego-a-ucrania-para-transmitir-el-apoyo-de-espana-a-zelensky\/#primaryimage","url":"https:\/\/www.ip.gov.py\/ip\/wp-content\/uploads\/2023\/02\/Pedro-Sanchez.jpg","contentUrl":"https:\/\/www.ip.gov.py\/ip\/wp-content\/uploads\/2023\/02\/Pedro-Sanchez.jpg","width":700,"height":394,"caption":"DW"},{"@type":"BreadcrumbList","@id":"https:\/\/www.ip.gov.py\/ip\/2023\/02\/23\/pedro-sanchez-llego-a-ucrania-para-transmitir-el-apoyo-de-espana-a-zelensky\/#breadcrumb","itemListElement":[{"@type":"ListItem","position":1,"name":"Portada","item":"https:\/\/www.ip.gov.py\/ip\/"},{"@type":"ListItem","position":2,"name":"Pedro S\u00e1nchez lleg\u00f3 a Ucrania para transmitir el apoyo de Espa\u00f1a a Zelensky"}]},{"@type":"WebSite","@id":"https:\/\/www.ip.gov.py\/ip\/#website","url":"https:\/\/www.ip.gov.py\/ip\/","name":".::Agencia IP::.","description":"","publisher":{"@id":"https:\/\/www.ip.gov.py\/ip\/#organization"},"potentialAction":[{"@type":"SearchAction","target":{"@type":"EntryPoint","urlTemplate":"https:\/\/www.ip.gov.py\/ip\/?s={search_term_string}"},"query-input":{"@type":"PropertyValueSpecification","valueRequired":true,"valueName":"search_term_string"}}],"inLanguage":"es"},{"@type":"Organization","@id":"https:\/\/www.ip.gov.py\/ip\/#organization","name":"Agencia IP","url":"https:\/\/www.ip.gov.py\/ip\/","logo":{"@type":"ImageObject","inLanguage":"es","@id":"https:\/\/www.ip.gov.py\/ip\/#\/schema\/logo\/image\/","url":"https:\/\/www.ip.gov.py\/ip\/wp-content\/uploads\/2018\/01\/Agencia-IP.jpg","contentUrl":"https:\/\/www.ip.gov.py\/ip\/wp-content\/uploads\/2018\/01\/Agencia-IP.jpg","width":150,"height":150,"caption":"Agencia IP"},"image":{"@id":"https:\/\/www.ip.gov.py\/ip\/#\/schema\/logo\/image\/"},"sameAs":["https:\/\/www.facebook.com\/IPParaguay\/","https:\/\/x.com\/IPParaguay","https:\/\/www.instagram.com\/IPParaguay"]},{"@type":"Person","@id":"https:\/\/www.ip.gov.py\/ip\/#\/schema\/person\/fa3668852e893cb0423795330f919039","name":"vrios","url":"https:\/\/www.ip.gov.py\/ip\/author\/vrios\/"}]}},"_links":{"self":[{"href":"https:\/\/www.ip.gov.py\/ip\/wp-json\/wp\/v2\/posts\/448248","targetHints":{"allow":["GET"]}}],"collection":[{"href":"https:\/\/www.ip.gov.py\/ip\/wp-json\/wp\/v2\/posts"}],"about":[{"href":"https:\/\/www.ip.gov.py\/ip\/wp-json\/wp\/v2\/types\/post"}],"author":[{"embeddable":true,"href":"https:\/\/www.ip.gov.py\/ip\/wp-json\/wp\/v2\/users\/11"}],"replies":[{"embeddable":true,"href":"https:\/\/www.ip.gov.py\/ip\/wp-json\/wp\/v2\/comments?post=448248"}],"version-history":[{"count":0,"href":"https:\/\/www.ip.gov.py\/ip\/wp-json\/wp\/v2\/posts\/448248\/revisions"}],"wp:featuredmedia":[{"embeddable":true,"href":"https:\/\/www.ip.gov.py\/ip\/wp-json\/wp\/v2\/media\/448249"}],"wp:attachment":[{"href":"https:\/\/www.ip.gov.py\/ip\/wp-json\/wp\/v2\/media?parent=448248"}],"wp:term":[{"taxonomy":"category","embeddable":true,"href":"https:\/\/www.ip.gov.py\/ip\/wp-json\/wp\/v2\/categories?post=448248"},{"taxonomy":"post_tag","embeddable":true,"href":"https:\/\/www.ip.gov.py\/ip\/wp-json\/wp\/v2\/tags?post=448248"}],"curies":[{"name":"wp","href":"https:\/\/api.w.org\/{rel}","templated":true}]}}