{"id":448423,"date":"2023-02-24T10:48:19","date_gmt":"2023-02-24T13:48:19","guid":{"rendered":"https:\/\/www.ip.gov.py\/ip\/?p=448423"},"modified":"2023-02-24T11:30:34","modified_gmt":"2023-02-24T14:30:34","slug":"dinapi-y-fondec-firman-convenio-para-avanzar-en-la-proteccion-de-la-propiedad-intelectual-de-artistas-nacionales","status":"publish","type":"post","link":"https:\/\/www.ip.gov.py\/ip\/2023\/02\/24\/dinapi-y-fondec-firman-convenio-para-avanzar-en-la-proteccion-de-la-propiedad-intelectual-de-artistas-nacionales\/","title":{"rendered":"Dinapi y Fondec firman convenio para avanzar en la protecci\u00f3n de la propiedad intelectual de artistas nacionales"},"content":{"rendered":"<p style=\"text-align: justify;\"><em><strong>Asunci\u00f3n, Agencia IP.-<\/strong> <\/em>El Fondo Nacional de la Cultura y las Artes (Fondec) y la Direcci\u00f3n Nacional de Propiedad Intelectual, firmaron esta semana un convenio para desarrollar acciones conjuntas a favor del fortalecimiento del modelo de Gesti\u00f3n Cultural y avanzar en la protecci\u00f3n de la propiedad intelectual de artistas nacionales.<\/p>\n<p style=\"text-align: justify;\"><!--more--><\/p>\n<p style=\"text-align: justify;\">El convenio marco permitir\u00e1 incentivar la cooperaci\u00f3n mutua en el \u00e1mbito que corresponde a cada instituci\u00f3n, que sean tendientes al desarrollo de programas y proyectos adecuadamente convenidos y aprobados por las partes, a trav\u00e9s de acuerdos espec\u00edficos para cada caso.<\/p>\n<p style=\"text-align: justify;\">Las autoridades que suscribieron el documento fueron el director general de la Dinapi, Joel Talavera, y el presidente del Consejo Directivo del Fondec, ministro Rub\u00e9n Capdevila.<\/p>\n<p style=\"text-align: justify;\">Durante el acto, el titular del Fondec refiri\u00f3 que, considerando que la instituci\u00f3n financia una importante cantidad de proyectos art\u00edsticos a nivel nacional, era fundamental este convenio de manera a avanzar en la protecci\u00f3n de la propiedad intelectual de las obras de los artistas nacionales, con el apoyo de la Dinapi, instituci\u00f3n a la que agradeci\u00f3 el permanente acompa\u00f1amiento.<\/p>\n<p>\u201cEl Fondec viene patrocinando las obras musicales y literarias m\u00e1s importantes a nivel nacional. Para nosotros es importante contar con un aliado estrat\u00e9gico como es Dinapi, instituci\u00f3n con la que ya estamos desarrollando proyectos, previos a este acuerdo\u201d puntualiz\u00f3.<\/p>\n<p style=\"text-align: justify;\">A su vez, el director Talavera resalt\u00f3 que convenios de este tenor afianzan los lazos de instituciones como el Fondec, la Secretar\u00eda Nacional de Cultura (SNC) y la Dinapi llevan adelante y que durante la cuarentena a causa del Covid-19 fue fundamental para brindar apoyo y acompa\u00f1ar al sector cultural, uno de los m\u00e1s afectados por las restricciones.<\/p>\n<p>Parte del documento se\u00f1ala que, con \u00a0esta alianza para la promoci\u00f3n y difusi\u00f3n de actividades culturales se tendr\u00e1 una adecuada y efectiva protecci\u00f3n de la propiedad intelectual creada o derivada de los programas o proyectos desarrollados en el marco de este acuerdo.<\/p>\n","protected":false},"excerpt":{"rendered":"<p>Asunci\u00f3n, Agencia IP.- El Fondo Nacional de la Cultura y las Artes (Fondec) y la Direcci\u00f3n Nacional de Propiedad Intelectual, firmaron esta semana un convenio para desarrollar acciones conjuntas a favor del fortalecimiento del modelo de Gesti\u00f3n Cultural y avanzar en la protecci\u00f3n de la propiedad intelectual de artistas nacionales.<\/p>\n","protected":false},"author":2,"featured_media":448427,"comment_status":"closed","ping_status":"closed","sticky":false,"template":"","format":"standard","meta":{"_monsterinsights_skip_tracking":false,"_monsterinsights_sitenote_active":false,"_monsterinsights_sitenote_note":"","_monsterinsights_sitenote_category":0,"footnotes":""},"categories":[7],"tags":[651,1051],"class_list":{"0":"post-448423","1":"post","2":"type-post","3":"status-publish","4":"format-standard","5":"has-post-thumbnail","7":"category-cultura","8":"tag-dinapi","9":"tag-fondec"},"yoast_head":"<!-- This site is optimized with the Yoast SEO plugin v27.4 - https:\/\/yoast.com\/product\/yoast-seo-wordpress\/ -->\n<title>Dinapi y Fondec firman convenio para avanzar en la protecci\u00f3n de la propiedad intelectual de artistas nacionales - .::Agencia IP::.<\/title>\n<meta name=\"robots\" content=\"index, follow, max-snippet:-1, max-image-preview:large, max-video-preview:-1\" \/>\n<link rel=\"canonical\" href=\"https:\/\/www.ip.gov.py\/ip\/2023\/02\/24\/dinapi-y-fondec-firman-convenio-para-avanzar-en-la-proteccion-de-la-propiedad-intelectual-de-artistas-nacionales\/\" \/>\n<meta property=\"og:locale\" content=\"es_ES\" \/>\n<meta property=\"og:type\" content=\"article\" \/>\n<meta property=\"og:title\" content=\"Dinapi y Fondec firman convenio para avanzar en la protecci\u00f3n de la propiedad intelectual de artistas nacionales - .::Agencia IP::.\" \/>\n<meta property=\"og:description\" content=\"Asunci\u00f3n, Agencia IP.- El Fondo Nacional de la Cultura y las Artes (Fondec) y la Direcci\u00f3n Nacional de Propiedad Intelectual, firmaron esta semana un convenio para desarrollar acciones conjuntas a favor del fortalecimiento del modelo de Gesti\u00f3n Cultural y avanzar en la protecci\u00f3n de la propiedad intelectual de artistas nacionales.\" \/>\n<meta property=\"og:url\" content=\"https:\/\/www.ip.gov.py\/ip\/2023\/02\/24\/dinapi-y-fondec-firman-convenio-para-avanzar-en-la-proteccion-de-la-propiedad-intelectual-de-artistas-nacionales\/\" \/>\n<meta property=\"og:site_name\" content=\".::Agencia IP::.\" \/>\n<meta property=\"article:publisher\" content=\"https:\/\/www.facebook.com\/IPParaguay\/\" \/>\n<meta property=\"article:published_time\" content=\"2023-02-24T13:48:19+00:00\" \/>\n<meta property=\"article:modified_time\" content=\"2023-02-24T14:30:34+00:00\" \/>\n<meta property=\"og:image\" content=\"https:\/\/www.ip.gov.py\/ip\/wp-content\/uploads\/2023\/02\/fondec.jpeg\" \/>\n\t<meta property=\"og:image:width\" content=\"1600\" \/>\n\t<meta property=\"og:image:height\" content=\"928\" \/>\n\t<meta property=\"og:image:type\" content=\"image\/jpeg\" \/>\n<meta name=\"author\" content=\"Roque Mereles\" \/>\n<meta name=\"twitter:card\" content=\"summary_large_image\" \/>\n<meta name=\"twitter:creator\" content=\"@IPParaguay\" \/>\n<meta name=\"twitter:site\" content=\"@IPParaguay\" \/>\n<meta name=\"twitter:label1\" content=\"Escrito por\" \/>\n\t<meta name=\"twitter:data1\" content=\"Roque Mereles\" \/>\n\t<meta name=\"twitter:label2\" content=\"Tiempo de lectura\" \/>\n\t<meta name=\"twitter:data2\" content=\"2 minutos\" \/>\n<script type=\"application\/ld+json\" class=\"yoast-schema-graph\">{\"@context\":\"https:\\\/\\\/schema.org\",\"@graph\":[{\"@type\":\"Article\",\"@id\":\"https:\\\/\\\/www.ip.gov.py\\\/ip\\\/2023\\\/02\\\/24\\\/dinapi-y-fondec-firman-convenio-para-avanzar-en-la-proteccion-de-la-propiedad-intelectual-de-artistas-nacionales\\\/#article\",\"isPartOf\":{\"@id\":\"https:\\\/\\\/www.ip.gov.py\\\/ip\\\/2023\\\/02\\\/24\\\/dinapi-y-fondec-firman-convenio-para-avanzar-en-la-proteccion-de-la-propiedad-intelectual-de-artistas-nacionales\\\/\"},\"author\":{\"name\":\"Roque Mereles\",\"@id\":\"https:\\\/\\\/www.ip.gov.py\\\/ip\\\/#\\\/schema\\\/person\\\/7ec1ca00d0a9301ecc37fff902ff6741\"},\"headline\":\"Dinapi y Fondec firman convenio para avanzar en la protecci\u00f3n de la propiedad intelectual de artistas nacionales\",\"datePublished\":\"2023-02-24T13:48:19+00:00\",\"dateModified\":\"2023-02-24T14:30:34+00:00\",\"mainEntityOfPage\":{\"@id\":\"https:\\\/\\\/www.ip.gov.py\\\/ip\\\/2023\\\/02\\\/24\\\/dinapi-y-fondec-firman-convenio-para-avanzar-en-la-proteccion-de-la-propiedad-intelectual-de-artistas-nacionales\\\/\"},\"wordCount\":357,\"publisher\":{\"@id\":\"https:\\\/\\\/www.ip.gov.py\\\/ip\\\/#organization\"},\"image\":{\"@id\":\"https:\\\/\\\/www.ip.gov.py\\\/ip\\\/2023\\\/02\\\/24\\\/dinapi-y-fondec-firman-convenio-para-avanzar-en-la-proteccion-de-la-propiedad-intelectual-de-artistas-nacionales\\\/#primaryimage\"},\"thumbnailUrl\":\"https:\\\/\\\/www.ip.gov.py\\\/ip\\\/wp-content\\\/uploads\\\/2023\\\/02\\\/fondec.jpeg\",\"keywords\":[\"Dinapi\",\"Fondec\"],\"articleSection\":[\"Cultura\"],\"inLanguage\":\"es\"},{\"@type\":\"WebPage\",\"@id\":\"https:\\\/\\\/www.ip.gov.py\\\/ip\\\/2023\\\/02\\\/24\\\/dinapi-y-fondec-firman-convenio-para-avanzar-en-la-proteccion-de-la-propiedad-intelectual-de-artistas-nacionales\\\/\",\"url\":\"https:\\\/\\\/www.ip.gov.py\\\/ip\\\/2023\\\/02\\\/24\\\/dinapi-y-fondec-firman-convenio-para-avanzar-en-la-proteccion-de-la-propiedad-intelectual-de-artistas-nacionales\\\/\",\"name\":\"Dinapi y Fondec firman convenio para avanzar en la protecci\u00f3n de la propiedad intelectual de artistas nacionales - .::Agencia IP::.\",\"isPartOf\":{\"@id\":\"https:\\\/\\\/www.ip.gov.py\\\/ip\\\/#website\"},\"primaryImageOfPage\":{\"@id\":\"https:\\\/\\\/www.ip.gov.py\\\/ip\\\/2023\\\/02\\\/24\\\/dinapi-y-fondec-firman-convenio-para-avanzar-en-la-proteccion-de-la-propiedad-intelectual-de-artistas-nacionales\\\/#primaryimage\"},\"image\":{\"@id\":\"https:\\\/\\\/www.ip.gov.py\\\/ip\\\/2023\\\/02\\\/24\\\/dinapi-y-fondec-firman-convenio-para-avanzar-en-la-proteccion-de-la-propiedad-intelectual-de-artistas-nacionales\\\/#primaryimage\"},\"thumbnailUrl\":\"https:\\\/\\\/www.ip.gov.py\\\/ip\\\/wp-content\\\/uploads\\\/2023\\\/02\\\/fondec.jpeg\",\"datePublished\":\"2023-02-24T13:48:19+00:00\",\"dateModified\":\"2023-02-24T14:30:34+00:00\",\"breadcrumb\":{\"@id\":\"https:\\\/\\\/www.ip.gov.py\\\/ip\\\/2023\\\/02\\\/24\\\/dinapi-y-fondec-firman-convenio-para-avanzar-en-la-proteccion-de-la-propiedad-intelectual-de-artistas-nacionales\\\/#breadcrumb\"},\"inLanguage\":\"es\",\"potentialAction\":[{\"@type\":\"ReadAction\",\"target\":[\"https:\\\/\\\/www.ip.gov.py\\\/ip\\\/2023\\\/02\\\/24\\\/dinapi-y-fondec-firman-convenio-para-avanzar-en-la-proteccion-de-la-propiedad-intelectual-de-artistas-nacionales\\\/\"]}]},{\"@type\":\"ImageObject\",\"inLanguage\":\"es\",\"@id\":\"https:\\\/\\\/www.ip.gov.py\\\/ip\\\/2023\\\/02\\\/24\\\/dinapi-y-fondec-firman-convenio-para-avanzar-en-la-proteccion-de-la-propiedad-intelectual-de-artistas-nacionales\\\/#primaryimage\",\"url\":\"https:\\\/\\\/www.ip.gov.py\\\/ip\\\/wp-content\\\/uploads\\\/2023\\\/02\\\/fondec.jpeg\",\"contentUrl\":\"https:\\\/\\\/www.ip.gov.py\\\/ip\\\/wp-content\\\/uploads\\\/2023\\\/02\\\/fondec.jpeg\",\"width\":1600,\"height\":928},{\"@type\":\"BreadcrumbList\",\"@id\":\"https:\\\/\\\/www.ip.gov.py\\\/ip\\\/2023\\\/02\\\/24\\\/dinapi-y-fondec-firman-convenio-para-avanzar-en-la-proteccion-de-la-propiedad-intelectual-de-artistas-nacionales\\\/#breadcrumb\",\"itemListElement\":[{\"@type\":\"ListItem\",\"position\":1,\"name\":\"Portada\",\"item\":\"https:\\\/\\\/www.ip.gov.py\\\/ip\\\/\"},{\"@type\":\"ListItem\",\"position\":2,\"name\":\"Dinapi y Fondec firman convenio para avanzar en la protecci\u00f3n de la propiedad intelectual de artistas nacionales\"}]},{\"@type\":\"WebSite\",\"@id\":\"https:\\\/\\\/www.ip.gov.py\\\/ip\\\/#website\",\"url\":\"https:\\\/\\\/www.ip.gov.py\\\/ip\\\/\",\"name\":\".::Agencia IP::.\",\"description\":\"\",\"publisher\":{\"@id\":\"https:\\\/\\\/www.ip.gov.py\\\/ip\\\/#organization\"},\"potentialAction\":[{\"@type\":\"SearchAction\",\"target\":{\"@type\":\"EntryPoint\",\"urlTemplate\":\"https:\\\/\\\/www.ip.gov.py\\\/ip\\\/?s={search_term_string}\"},\"query-input\":{\"@type\":\"PropertyValueSpecification\",\"valueRequired\":true,\"valueName\":\"search_term_string\"}}],\"inLanguage\":\"es\"},{\"@type\":\"Organization\",\"@id\":\"https:\\\/\\\/www.ip.gov.py\\\/ip\\\/#organization\",\"name\":\"Agencia IP\",\"url\":\"https:\\\/\\\/www.ip.gov.py\\\/ip\\\/\",\"logo\":{\"@type\":\"ImageObject\",\"inLanguage\":\"es\",\"@id\":\"https:\\\/\\\/www.ip.gov.py\\\/ip\\\/#\\\/schema\\\/logo\\\/image\\\/\",\"url\":\"https:\\\/\\\/www.ip.gov.py\\\/ip\\\/wp-content\\\/uploads\\\/2018\\\/01\\\/Agencia-IP.jpg\",\"contentUrl\":\"https:\\\/\\\/www.ip.gov.py\\\/ip\\\/wp-content\\\/uploads\\\/2018\\\/01\\\/Agencia-IP.jpg\",\"width\":150,\"height\":150,\"caption\":\"Agencia IP\"},\"image\":{\"@id\":\"https:\\\/\\\/www.ip.gov.py\\\/ip\\\/#\\\/schema\\\/logo\\\/image\\\/\"},\"sameAs\":[\"https:\\\/\\\/www.facebook.com\\\/IPParaguay\\\/\",\"https:\\\/\\\/x.com\\\/IPParaguay\",\"https:\\\/\\\/www.instagram.com\\\/IPParaguay\"]},{\"@type\":\"Person\",\"@id\":\"https:\\\/\\\/www.ip.gov.py\\\/ip\\\/#\\\/schema\\\/person\\\/7ec1ca00d0a9301ecc37fff902ff6741\",\"name\":\"Roque Mereles\",\"url\":\"https:\\\/\\\/www.ip.gov.py\\\/ip\\\/author\\\/rmereles\\\/\"}]}<\/script>\n<!-- \/ Yoast SEO plugin. -->","yoast_head_json":{"title":"Dinapi y Fondec firman convenio para avanzar en la protecci\u00f3n de la propiedad intelectual de artistas nacionales - .::Agencia IP::.","robots":{"index":"index","follow":"follow","max-snippet":"max-snippet:-1","max-image-preview":"max-image-preview:large","max-video-preview":"max-video-preview:-1"},"canonical":"https:\/\/www.ip.gov.py\/ip\/2023\/02\/24\/dinapi-y-fondec-firman-convenio-para-avanzar-en-la-proteccion-de-la-propiedad-intelectual-de-artistas-nacionales\/","og_locale":"es_ES","og_type":"article","og_title":"Dinapi y Fondec firman convenio para avanzar en la protecci\u00f3n de la propiedad intelectual de artistas nacionales - .::Agencia IP::.","og_description":"Asunci\u00f3n, Agencia IP.- El Fondo Nacional de la Cultura y las Artes (Fondec) y la Direcci\u00f3n Nacional de Propiedad Intelectual, firmaron esta semana un convenio para desarrollar acciones conjuntas a favor del fortalecimiento del modelo de Gesti\u00f3n Cultural y avanzar en la protecci\u00f3n de la propiedad intelectual de artistas nacionales.","og_url":"https:\/\/www.ip.gov.py\/ip\/2023\/02\/24\/dinapi-y-fondec-firman-convenio-para-avanzar-en-la-proteccion-de-la-propiedad-intelectual-de-artistas-nacionales\/","og_site_name":".::Agencia IP::.","article_publisher":"https:\/\/www.facebook.com\/IPParaguay\/","article_published_time":"2023-02-24T13:48:19+00:00","article_modified_time":"2023-02-24T14:30:34+00:00","og_image":[{"width":1600,"height":928,"url":"https:\/\/www.ip.gov.py\/ip\/wp-content\/uploads\/2023\/02\/fondec.jpeg","type":"image\/jpeg"}],"author":"Roque Mereles","twitter_card":"summary_large_image","twitter_creator":"@IPParaguay","twitter_site":"@IPParaguay","twitter_misc":{"Escrito por":"Roque Mereles","Tiempo de lectura":"2 minutos"},"schema":{"@context":"https:\/\/schema.org","@graph":[{"@type":"Article","@id":"https:\/\/www.ip.gov.py\/ip\/2023\/02\/24\/dinapi-y-fondec-firman-convenio-para-avanzar-en-la-proteccion-de-la-propiedad-intelectual-de-artistas-nacionales\/#article","isPartOf":{"@id":"https:\/\/www.ip.gov.py\/ip\/2023\/02\/24\/dinapi-y-fondec-firman-convenio-para-avanzar-en-la-proteccion-de-la-propiedad-intelectual-de-artistas-nacionales\/"},"author":{"name":"Roque Mereles","@id":"https:\/\/www.ip.gov.py\/ip\/#\/schema\/person\/7ec1ca00d0a9301ecc37fff902ff6741"},"headline":"Dinapi y Fondec firman convenio para avanzar en la protecci\u00f3n de la propiedad intelectual de artistas nacionales","datePublished":"2023-02-24T13:48:19+00:00","dateModified":"2023-02-24T14:30:34+00:00","mainEntityOfPage":{"@id":"https:\/\/www.ip.gov.py\/ip\/2023\/02\/24\/dinapi-y-fondec-firman-convenio-para-avanzar-en-la-proteccion-de-la-propiedad-intelectual-de-artistas-nacionales\/"},"wordCount":357,"publisher":{"@id":"https:\/\/www.ip.gov.py\/ip\/#organization"},"image":{"@id":"https:\/\/www.ip.gov.py\/ip\/2023\/02\/24\/dinapi-y-fondec-firman-convenio-para-avanzar-en-la-proteccion-de-la-propiedad-intelectual-de-artistas-nacionales\/#primaryimage"},"thumbnailUrl":"https:\/\/www.ip.gov.py\/ip\/wp-content\/uploads\/2023\/02\/fondec.jpeg","keywords":["Dinapi","Fondec"],"articleSection":["Cultura"],"inLanguage":"es"},{"@type":"WebPage","@id":"https:\/\/www.ip.gov.py\/ip\/2023\/02\/24\/dinapi-y-fondec-firman-convenio-para-avanzar-en-la-proteccion-de-la-propiedad-intelectual-de-artistas-nacionales\/","url":"https:\/\/www.ip.gov.py\/ip\/2023\/02\/24\/dinapi-y-fondec-firman-convenio-para-avanzar-en-la-proteccion-de-la-propiedad-intelectual-de-artistas-nacionales\/","name":"Dinapi y Fondec firman convenio para avanzar en la protecci\u00f3n de la propiedad intelectual de artistas nacionales - .::Agencia IP::.","isPartOf":{"@id":"https:\/\/www.ip.gov.py\/ip\/#website"},"primaryImageOfPage":{"@id":"https:\/\/www.ip.gov.py\/ip\/2023\/02\/24\/dinapi-y-fondec-firman-convenio-para-avanzar-en-la-proteccion-de-la-propiedad-intelectual-de-artistas-nacionales\/#primaryimage"},"image":{"@id":"https:\/\/www.ip.gov.py\/ip\/2023\/02\/24\/dinapi-y-fondec-firman-convenio-para-avanzar-en-la-proteccion-de-la-propiedad-intelectual-de-artistas-nacionales\/#primaryimage"},"thumbnailUrl":"https:\/\/www.ip.gov.py\/ip\/wp-content\/uploads\/2023\/02\/fondec.jpeg","datePublished":"2023-02-24T13:48:19+00:00","dateModified":"2023-02-24T14:30:34+00:00","breadcrumb":{"@id":"https:\/\/www.ip.gov.py\/ip\/2023\/02\/24\/dinapi-y-fondec-firman-convenio-para-avanzar-en-la-proteccion-de-la-propiedad-intelectual-de-artistas-nacionales\/#breadcrumb"},"inLanguage":"es","potentialAction":[{"@type":"ReadAction","target":["https:\/\/www.ip.gov.py\/ip\/2023\/02\/24\/dinapi-y-fondec-firman-convenio-para-avanzar-en-la-proteccion-de-la-propiedad-intelectual-de-artistas-nacionales\/"]}]},{"@type":"ImageObject","inLanguage":"es","@id":"https:\/\/www.ip.gov.py\/ip\/2023\/02\/24\/dinapi-y-fondec-firman-convenio-para-avanzar-en-la-proteccion-de-la-propiedad-intelectual-de-artistas-nacionales\/#primaryimage","url":"https:\/\/www.ip.gov.py\/ip\/wp-content\/uploads\/2023\/02\/fondec.jpeg","contentUrl":"https:\/\/www.ip.gov.py\/ip\/wp-content\/uploads\/2023\/02\/fondec.jpeg","width":1600,"height":928},{"@type":"BreadcrumbList","@id":"https:\/\/www.ip.gov.py\/ip\/2023\/02\/24\/dinapi-y-fondec-firman-convenio-para-avanzar-en-la-proteccion-de-la-propiedad-intelectual-de-artistas-nacionales\/#breadcrumb","itemListElement":[{"@type":"ListItem","position":1,"name":"Portada","item":"https:\/\/www.ip.gov.py\/ip\/"},{"@type":"ListItem","position":2,"name":"Dinapi y Fondec firman convenio para avanzar en la protecci\u00f3n de la propiedad intelectual de artistas nacionales"}]},{"@type":"WebSite","@id":"https:\/\/www.ip.gov.py\/ip\/#website","url":"https:\/\/www.ip.gov.py\/ip\/","name":".::Agencia IP::.","description":"","publisher":{"@id":"https:\/\/www.ip.gov.py\/ip\/#organization"},"potentialAction":[{"@type":"SearchAction","target":{"@type":"EntryPoint","urlTemplate":"https:\/\/www.ip.gov.py\/ip\/?s={search_term_string}"},"query-input":{"@type":"PropertyValueSpecification","valueRequired":true,"valueName":"search_term_string"}}],"inLanguage":"es"},{"@type":"Organization","@id":"https:\/\/www.ip.gov.py\/ip\/#organization","name":"Agencia IP","url":"https:\/\/www.ip.gov.py\/ip\/","logo":{"@type":"ImageObject","inLanguage":"es","@id":"https:\/\/www.ip.gov.py\/ip\/#\/schema\/logo\/image\/","url":"https:\/\/www.ip.gov.py\/ip\/wp-content\/uploads\/2018\/01\/Agencia-IP.jpg","contentUrl":"https:\/\/www.ip.gov.py\/ip\/wp-content\/uploads\/2018\/01\/Agencia-IP.jpg","width":150,"height":150,"caption":"Agencia IP"},"image":{"@id":"https:\/\/www.ip.gov.py\/ip\/#\/schema\/logo\/image\/"},"sameAs":["https:\/\/www.facebook.com\/IPParaguay\/","https:\/\/x.com\/IPParaguay","https:\/\/www.instagram.com\/IPParaguay"]},{"@type":"Person","@id":"https:\/\/www.ip.gov.py\/ip\/#\/schema\/person\/7ec1ca00d0a9301ecc37fff902ff6741","name":"Roque Mereles","url":"https:\/\/www.ip.gov.py\/ip\/author\/rmereles\/"}]}},"_links":{"self":[{"href":"https:\/\/www.ip.gov.py\/ip\/wp-json\/wp\/v2\/posts\/448423","targetHints":{"allow":["GET"]}}],"collection":[{"href":"https:\/\/www.ip.gov.py\/ip\/wp-json\/wp\/v2\/posts"}],"about":[{"href":"https:\/\/www.ip.gov.py\/ip\/wp-json\/wp\/v2\/types\/post"}],"author":[{"embeddable":true,"href":"https:\/\/www.ip.gov.py\/ip\/wp-json\/wp\/v2\/users\/2"}],"replies":[{"embeddable":true,"href":"https:\/\/www.ip.gov.py\/ip\/wp-json\/wp\/v2\/comments?post=448423"}],"version-history":[{"count":0,"href":"https:\/\/www.ip.gov.py\/ip\/wp-json\/wp\/v2\/posts\/448423\/revisions"}],"wp:featuredmedia":[{"embeddable":true,"href":"https:\/\/www.ip.gov.py\/ip\/wp-json\/wp\/v2\/media\/448427"}],"wp:attachment":[{"href":"https:\/\/www.ip.gov.py\/ip\/wp-json\/wp\/v2\/media?parent=448423"}],"wp:term":[{"taxonomy":"category","embeddable":true,"href":"https:\/\/www.ip.gov.py\/ip\/wp-json\/wp\/v2\/categories?post=448423"},{"taxonomy":"post_tag","embeddable":true,"href":"https:\/\/www.ip.gov.py\/ip\/wp-json\/wp\/v2\/tags?post=448423"}],"curies":[{"name":"wp","href":"https:\/\/api.w.org\/{rel}","templated":true}]}}