{"id":448661,"date":"2023-02-28T07:17:18","date_gmt":"2023-02-28T10:17:18","guid":{"rendered":"https:\/\/www.ip.gov.py\/ip\/?p=448661"},"modified":"2023-02-28T07:17:18","modified_gmt":"2023-02-28T10:17:18","slug":"petro-cambio-a-tres-ministros-a-menos-de-siete-meses-de-asumir-el-gobierno-de-colombia","status":"publish","type":"post","link":"https:\/\/www.ip.gov.py\/ip\/2023\/02\/28\/petro-cambio-a-tres-ministros-a-menos-de-siete-meses-de-asumir-el-gobierno-de-colombia\/","title":{"rendered":"Petro cambi\u00f3 a tres ministros a menos de siete meses de asumir el gobierno de Colombia"},"content":{"rendered":"<p style=\"text-align: justify;\"><em><strong>Bogot\u00e1.-<\/strong><\/em>El presidente de Colombia, Gustavo Petro, anunci\u00f3 hoy que dispuso el relevo de tres ministros, en el primer cambio en el gabinete que lo acompa\u00f1a desde que asumi\u00f3 el gobierno en agosto pasado.<!--more--><\/p>\n<p style=\"text-align: justify;\">Dejaron sus cargos los ministros de Educaci\u00f3n, Alejandro Gaviria; deDeporte, Mar\u00eda Isabel Urrutia, y de Cultura, Patricia Ariza, quienes ser\u00e1n reemplazados por Aurora Vergara y Astrid Rodr\u00edguez en los dos primeros casos, respectivamente, sin que se supiera esta noche el tercer nombre.<\/p>\n<p style=\"text-align: justify;\">\u201cSeguiremos buscando consensos y acuerdos para consolidar y profundizar nuestras reformas\u201d, dijo Petro esta noche, en un mensaje en el que anunci\u00f3 la remoci\u00f3n de los tres ministros y revel\u00f3 los nombres de dos de los reemplazantes.<\/p>\n<p style=\"text-align: justify;\">El jefe del Estado dedic\u00f3 gran parte de ese discurso a defender la reforma del sistema de salud que ya present\u00f3 p\u00fablicamente y agradeci\u00f3 a los funcionarios salientes por haber \u201ccontribuido a enriquecer el debate y a iniciar los cambios por los que vot\u00f3 el pa\u00eds\u201d.<\/p>\n<p style=\"text-align: justify;\">La salida de Gaviria -quien fuera ministro de Salud en 2012-18, con el presidente Juan Manuel Santos- se debi\u00f3 a sus cr\u00edticas a la reforma del sistema de salud impulsada por Petro, que se hicieron p\u00fablicas en las \u00faltimas semanas, seg\u00fan los diarios El Tiempo y El Espectador.<\/p>\n<p style=\"text-align: justify;\">En cambio, la prensa local ignoraba esta noche los motivos de los relevos de Urrutia y Ariza, quienes aparentemente se enteraron de sus desplazamientos al escuchar el mensaje del mandatario.<\/p>\n<p style=\"text-align: justify;\">\u201cNo s\u00e9 si Petro me declar\u00f3 insubsistente (sic) o me cambi\u00f3; la pol\u00edtica es cambiante y la pol\u00edtica y los amigos son as\u00ed\u201d, afirm\u00f3 Urrutia, y lament\u00f3 que no le hubieran \u201cavisado a tiempo de tomar una decisi\u00f3n de renunciar\u201d.<\/p>\n<p style=\"text-align: justify;\">\u201cMe hubiera gustado que el presidente me avisara\u201d, dijo Ariza a la radio Caracol.Infobae.<\/p>\n","protected":false},"excerpt":{"rendered":"<p>Bogot\u00e1.-El presidente de Colombia, Gustavo Petro, anunci\u00f3 hoy que dispuso el relevo de tres ministros, en el primer cambio en el gabinete que lo acompa\u00f1a desde que asumi\u00f3 el gobierno en agosto pasado.<\/p>\n","protected":false},"author":11,"featured_media":448662,"comment_status":"closed","ping_status":"closed","sticky":false,"template":"","format":"standard","meta":{"_monsterinsights_skip_tracking":false,"_monsterinsights_sitenote_active":false,"_monsterinsights_sitenote_note":"","_monsterinsights_sitenote_category":0,"footnotes":""},"categories":[5],"tags":[5774,536,3612,3920,1406,11295],"class_list":{"0":"post-448661","1":"post","2":"type-post","3":"status-publish","4":"format-standard","5":"has-post-thumbnail","7":"category-internacionales","8":"tag-cambios","9":"tag-colombia","10":"tag-crisis","11":"tag-gabinete","12":"tag-ministros","13":"tag-petro"},"yoast_head":"<!-- This site is optimized with the Yoast SEO plugin v27.5 - https:\/\/yoast.com\/product\/yoast-seo-wordpress\/ -->\n<title>Petro cambi\u00f3 a tres ministros a menos de siete meses de asumir el gobierno de Colombia - .::Agencia IP::.<\/title>\n<meta name=\"robots\" content=\"index, follow, max-snippet:-1, max-image-preview:large, max-video-preview:-1\" \/>\n<link rel=\"canonical\" href=\"https:\/\/www.ip.gov.py\/ip\/2023\/02\/28\/petro-cambio-a-tres-ministros-a-menos-de-siete-meses-de-asumir-el-gobierno-de-colombia\/\" \/>\n<meta property=\"og:locale\" content=\"es_ES\" \/>\n<meta property=\"og:type\" content=\"article\" \/>\n<meta property=\"og:title\" content=\"Petro cambi\u00f3 a tres ministros a menos de siete meses de asumir el gobierno de Colombia - .::Agencia IP::.\" \/>\n<meta property=\"og:description\" content=\"Bogot\u00e1.-El presidente de Colombia, Gustavo Petro, anunci\u00f3 hoy que dispuso el relevo de tres ministros, en el primer cambio en el gabinete que lo acompa\u00f1a desde que asumi\u00f3 el gobierno en agosto pasado.\" \/>\n<meta property=\"og:url\" content=\"https:\/\/www.ip.gov.py\/ip\/2023\/02\/28\/petro-cambio-a-tres-ministros-a-menos-de-siete-meses-de-asumir-el-gobierno-de-colombia\/\" \/>\n<meta property=\"og:site_name\" content=\".::Agencia IP::.\" \/>\n<meta property=\"article:publisher\" content=\"https:\/\/www.facebook.com\/IPParaguay\/\" \/>\n<meta property=\"article:published_time\" content=\"2023-02-28T10:17:18+00:00\" \/>\n<meta property=\"og:image\" content=\"https:\/\/www.ip.gov.py\/ip\/wp-content\/uploads\/2023\/02\/Gustavo-Pedro.webp\" \/>\n\t<meta property=\"og:image:width\" content=\"1706\" \/>\n\t<meta property=\"og:image:height\" content=\"960\" \/>\n\t<meta property=\"og:image:type\" content=\"image\/webp\" \/>\n<meta name=\"author\" content=\"vrios\" \/>\n<meta name=\"twitter:card\" content=\"summary_large_image\" \/>\n<meta name=\"twitter:creator\" content=\"@IPParaguay\" \/>\n<meta name=\"twitter:site\" content=\"@IPParaguay\" \/>\n<meta name=\"twitter:label1\" content=\"Escrito por\" \/>\n\t<meta name=\"twitter:data1\" content=\"vrios\" \/>\n\t<meta name=\"twitter:label2\" content=\"Tiempo de lectura\" \/>\n\t<meta name=\"twitter:data2\" content=\"2 minutos\" \/>\n<script type=\"application\/ld+json\" class=\"yoast-schema-graph\">{\"@context\":\"https:\\\/\\\/schema.org\",\"@graph\":[{\"@type\":\"Article\",\"@id\":\"https:\\\/\\\/www.ip.gov.py\\\/ip\\\/2023\\\/02\\\/28\\\/petro-cambio-a-tres-ministros-a-menos-de-siete-meses-de-asumir-el-gobierno-de-colombia\\\/#article\",\"isPartOf\":{\"@id\":\"https:\\\/\\\/www.ip.gov.py\\\/ip\\\/2023\\\/02\\\/28\\\/petro-cambio-a-tres-ministros-a-menos-de-siete-meses-de-asumir-el-gobierno-de-colombia\\\/\"},\"author\":{\"name\":\"vrios\",\"@id\":\"https:\\\/\\\/www.ip.gov.py\\\/ip\\\/#\\\/schema\\\/person\\\/fa3668852e893cb0423795330f919039\"},\"headline\":\"Petro cambi\u00f3 a tres ministros a menos de siete meses de asumir el gobierno de Colombia\",\"datePublished\":\"2023-02-28T10:17:18+00:00\",\"mainEntityOfPage\":{\"@id\":\"https:\\\/\\\/www.ip.gov.py\\\/ip\\\/2023\\\/02\\\/28\\\/petro-cambio-a-tres-ministros-a-menos-de-siete-meses-de-asumir-el-gobierno-de-colombia\\\/\"},\"wordCount\":323,\"publisher\":{\"@id\":\"https:\\\/\\\/www.ip.gov.py\\\/ip\\\/#organization\"},\"image\":{\"@id\":\"https:\\\/\\\/www.ip.gov.py\\\/ip\\\/2023\\\/02\\\/28\\\/petro-cambio-a-tres-ministros-a-menos-de-siete-meses-de-asumir-el-gobierno-de-colombia\\\/#primaryimage\"},\"thumbnailUrl\":\"https:\\\/\\\/www.ip.gov.py\\\/ip\\\/wp-content\\\/uploads\\\/2023\\\/02\\\/Gustavo-Pedro.webp\",\"keywords\":[\"cambios\",\"colombia\",\"Crisis\",\"Gabinete\",\"Ministros\",\"Petro\"],\"articleSection\":[\"Internacionales\"],\"inLanguage\":\"es\"},{\"@type\":\"WebPage\",\"@id\":\"https:\\\/\\\/www.ip.gov.py\\\/ip\\\/2023\\\/02\\\/28\\\/petro-cambio-a-tres-ministros-a-menos-de-siete-meses-de-asumir-el-gobierno-de-colombia\\\/\",\"url\":\"https:\\\/\\\/www.ip.gov.py\\\/ip\\\/2023\\\/02\\\/28\\\/petro-cambio-a-tres-ministros-a-menos-de-siete-meses-de-asumir-el-gobierno-de-colombia\\\/\",\"name\":\"Petro cambi\u00f3 a tres ministros a menos de siete meses de asumir el gobierno de Colombia - .::Agencia IP::.\",\"isPartOf\":{\"@id\":\"https:\\\/\\\/www.ip.gov.py\\\/ip\\\/#website\"},\"primaryImageOfPage\":{\"@id\":\"https:\\\/\\\/www.ip.gov.py\\\/ip\\\/2023\\\/02\\\/28\\\/petro-cambio-a-tres-ministros-a-menos-de-siete-meses-de-asumir-el-gobierno-de-colombia\\\/#primaryimage\"},\"image\":{\"@id\":\"https:\\\/\\\/www.ip.gov.py\\\/ip\\\/2023\\\/02\\\/28\\\/petro-cambio-a-tres-ministros-a-menos-de-siete-meses-de-asumir-el-gobierno-de-colombia\\\/#primaryimage\"},\"thumbnailUrl\":\"https:\\\/\\\/www.ip.gov.py\\\/ip\\\/wp-content\\\/uploads\\\/2023\\\/02\\\/Gustavo-Pedro.webp\",\"datePublished\":\"2023-02-28T10:17:18+00:00\",\"breadcrumb\":{\"@id\":\"https:\\\/\\\/www.ip.gov.py\\\/ip\\\/2023\\\/02\\\/28\\\/petro-cambio-a-tres-ministros-a-menos-de-siete-meses-de-asumir-el-gobierno-de-colombia\\\/#breadcrumb\"},\"inLanguage\":\"es\",\"potentialAction\":[{\"@type\":\"ReadAction\",\"target\":[\"https:\\\/\\\/www.ip.gov.py\\\/ip\\\/2023\\\/02\\\/28\\\/petro-cambio-a-tres-ministros-a-menos-de-siete-meses-de-asumir-el-gobierno-de-colombia\\\/\"]}]},{\"@type\":\"ImageObject\",\"inLanguage\":\"es\",\"@id\":\"https:\\\/\\\/www.ip.gov.py\\\/ip\\\/2023\\\/02\\\/28\\\/petro-cambio-a-tres-ministros-a-menos-de-siete-meses-de-asumir-el-gobierno-de-colombia\\\/#primaryimage\",\"url\":\"https:\\\/\\\/www.ip.gov.py\\\/ip\\\/wp-content\\\/uploads\\\/2023\\\/02\\\/Gustavo-Pedro.webp\",\"contentUrl\":\"https:\\\/\\\/www.ip.gov.py\\\/ip\\\/wp-content\\\/uploads\\\/2023\\\/02\\\/Gustavo-Pedro.webp\",\"width\":1706,\"height\":960,\"caption\":\"El Espa\u00f1ol\"},{\"@type\":\"BreadcrumbList\",\"@id\":\"https:\\\/\\\/www.ip.gov.py\\\/ip\\\/2023\\\/02\\\/28\\\/petro-cambio-a-tres-ministros-a-menos-de-siete-meses-de-asumir-el-gobierno-de-colombia\\\/#breadcrumb\",\"itemListElement\":[{\"@type\":\"ListItem\",\"position\":1,\"name\":\"Portada\",\"item\":\"https:\\\/\\\/www.ip.gov.py\\\/ip\\\/\"},{\"@type\":\"ListItem\",\"position\":2,\"name\":\"Petro cambi\u00f3 a tres ministros a menos de siete meses de asumir el gobierno de Colombia\"}]},{\"@type\":\"WebSite\",\"@id\":\"https:\\\/\\\/www.ip.gov.py\\\/ip\\\/#website\",\"url\":\"https:\\\/\\\/www.ip.gov.py\\\/ip\\\/\",\"name\":\".::Agencia IP::.\",\"description\":\"\",\"publisher\":{\"@id\":\"https:\\\/\\\/www.ip.gov.py\\\/ip\\\/#organization\"},\"potentialAction\":[{\"@type\":\"SearchAction\",\"target\":{\"@type\":\"EntryPoint\",\"urlTemplate\":\"https:\\\/\\\/www.ip.gov.py\\\/ip\\\/?s={search_term_string}\"},\"query-input\":{\"@type\":\"PropertyValueSpecification\",\"valueRequired\":true,\"valueName\":\"search_term_string\"}}],\"inLanguage\":\"es\"},{\"@type\":\"Organization\",\"@id\":\"https:\\\/\\\/www.ip.gov.py\\\/ip\\\/#organization\",\"name\":\"Agencia IP\",\"url\":\"https:\\\/\\\/www.ip.gov.py\\\/ip\\\/\",\"logo\":{\"@type\":\"ImageObject\",\"inLanguage\":\"es\",\"@id\":\"https:\\\/\\\/www.ip.gov.py\\\/ip\\\/#\\\/schema\\\/logo\\\/image\\\/\",\"url\":\"https:\\\/\\\/www.ip.gov.py\\\/ip\\\/wp-content\\\/uploads\\\/2018\\\/01\\\/Agencia-IP.jpg\",\"contentUrl\":\"https:\\\/\\\/www.ip.gov.py\\\/ip\\\/wp-content\\\/uploads\\\/2018\\\/01\\\/Agencia-IP.jpg\",\"width\":150,\"height\":150,\"caption\":\"Agencia IP\"},\"image\":{\"@id\":\"https:\\\/\\\/www.ip.gov.py\\\/ip\\\/#\\\/schema\\\/logo\\\/image\\\/\"},\"sameAs\":[\"https:\\\/\\\/www.facebook.com\\\/IPParaguay\\\/\",\"https:\\\/\\\/x.com\\\/IPParaguay\",\"https:\\\/\\\/www.instagram.com\\\/IPParaguay\"]},{\"@type\":\"Person\",\"@id\":\"https:\\\/\\\/www.ip.gov.py\\\/ip\\\/#\\\/schema\\\/person\\\/fa3668852e893cb0423795330f919039\",\"name\":\"vrios\",\"url\":\"https:\\\/\\\/www.ip.gov.py\\\/ip\\\/author\\\/vrios\\\/\"}]}<\/script>\n<!-- \/ Yoast SEO plugin. -->","yoast_head_json":{"title":"Petro cambi\u00f3 a tres ministros a menos de siete meses de asumir el gobierno de Colombia - .::Agencia IP::.","robots":{"index":"index","follow":"follow","max-snippet":"max-snippet:-1","max-image-preview":"max-image-preview:large","max-video-preview":"max-video-preview:-1"},"canonical":"https:\/\/www.ip.gov.py\/ip\/2023\/02\/28\/petro-cambio-a-tres-ministros-a-menos-de-siete-meses-de-asumir-el-gobierno-de-colombia\/","og_locale":"es_ES","og_type":"article","og_title":"Petro cambi\u00f3 a tres ministros a menos de siete meses de asumir el gobierno de Colombia - .::Agencia IP::.","og_description":"Bogot\u00e1.-El presidente de Colombia, Gustavo Petro, anunci\u00f3 hoy que dispuso el relevo de tres ministros, en el primer cambio en el gabinete que lo acompa\u00f1a desde que asumi\u00f3 el gobierno en agosto pasado.","og_url":"https:\/\/www.ip.gov.py\/ip\/2023\/02\/28\/petro-cambio-a-tres-ministros-a-menos-de-siete-meses-de-asumir-el-gobierno-de-colombia\/","og_site_name":".::Agencia IP::.","article_publisher":"https:\/\/www.facebook.com\/IPParaguay\/","article_published_time":"2023-02-28T10:17:18+00:00","og_image":[{"width":1706,"height":960,"url":"https:\/\/www.ip.gov.py\/ip\/wp-content\/uploads\/2023\/02\/Gustavo-Pedro.webp","type":"image\/webp"}],"author":"vrios","twitter_card":"summary_large_image","twitter_creator":"@IPParaguay","twitter_site":"@IPParaguay","twitter_misc":{"Escrito por":"vrios","Tiempo de lectura":"2 minutos"},"schema":{"@context":"https:\/\/schema.org","@graph":[{"@type":"Article","@id":"https:\/\/www.ip.gov.py\/ip\/2023\/02\/28\/petro-cambio-a-tres-ministros-a-menos-de-siete-meses-de-asumir-el-gobierno-de-colombia\/#article","isPartOf":{"@id":"https:\/\/www.ip.gov.py\/ip\/2023\/02\/28\/petro-cambio-a-tres-ministros-a-menos-de-siete-meses-de-asumir-el-gobierno-de-colombia\/"},"author":{"name":"vrios","@id":"https:\/\/www.ip.gov.py\/ip\/#\/schema\/person\/fa3668852e893cb0423795330f919039"},"headline":"Petro cambi\u00f3 a tres ministros a menos de siete meses de asumir el gobierno de Colombia","datePublished":"2023-02-28T10:17:18+00:00","mainEntityOfPage":{"@id":"https:\/\/www.ip.gov.py\/ip\/2023\/02\/28\/petro-cambio-a-tres-ministros-a-menos-de-siete-meses-de-asumir-el-gobierno-de-colombia\/"},"wordCount":323,"publisher":{"@id":"https:\/\/www.ip.gov.py\/ip\/#organization"},"image":{"@id":"https:\/\/www.ip.gov.py\/ip\/2023\/02\/28\/petro-cambio-a-tres-ministros-a-menos-de-siete-meses-de-asumir-el-gobierno-de-colombia\/#primaryimage"},"thumbnailUrl":"https:\/\/www.ip.gov.py\/ip\/wp-content\/uploads\/2023\/02\/Gustavo-Pedro.webp","keywords":["cambios","colombia","Crisis","Gabinete","Ministros","Petro"],"articleSection":["Internacionales"],"inLanguage":"es"},{"@type":"WebPage","@id":"https:\/\/www.ip.gov.py\/ip\/2023\/02\/28\/petro-cambio-a-tres-ministros-a-menos-de-siete-meses-de-asumir-el-gobierno-de-colombia\/","url":"https:\/\/www.ip.gov.py\/ip\/2023\/02\/28\/petro-cambio-a-tres-ministros-a-menos-de-siete-meses-de-asumir-el-gobierno-de-colombia\/","name":"Petro cambi\u00f3 a tres ministros a menos de siete meses de asumir el gobierno de Colombia - .::Agencia IP::.","isPartOf":{"@id":"https:\/\/www.ip.gov.py\/ip\/#website"},"primaryImageOfPage":{"@id":"https:\/\/www.ip.gov.py\/ip\/2023\/02\/28\/petro-cambio-a-tres-ministros-a-menos-de-siete-meses-de-asumir-el-gobierno-de-colombia\/#primaryimage"},"image":{"@id":"https:\/\/www.ip.gov.py\/ip\/2023\/02\/28\/petro-cambio-a-tres-ministros-a-menos-de-siete-meses-de-asumir-el-gobierno-de-colombia\/#primaryimage"},"thumbnailUrl":"https:\/\/www.ip.gov.py\/ip\/wp-content\/uploads\/2023\/02\/Gustavo-Pedro.webp","datePublished":"2023-02-28T10:17:18+00:00","breadcrumb":{"@id":"https:\/\/www.ip.gov.py\/ip\/2023\/02\/28\/petro-cambio-a-tres-ministros-a-menos-de-siete-meses-de-asumir-el-gobierno-de-colombia\/#breadcrumb"},"inLanguage":"es","potentialAction":[{"@type":"ReadAction","target":["https:\/\/www.ip.gov.py\/ip\/2023\/02\/28\/petro-cambio-a-tres-ministros-a-menos-de-siete-meses-de-asumir-el-gobierno-de-colombia\/"]}]},{"@type":"ImageObject","inLanguage":"es","@id":"https:\/\/www.ip.gov.py\/ip\/2023\/02\/28\/petro-cambio-a-tres-ministros-a-menos-de-siete-meses-de-asumir-el-gobierno-de-colombia\/#primaryimage","url":"https:\/\/www.ip.gov.py\/ip\/wp-content\/uploads\/2023\/02\/Gustavo-Pedro.webp","contentUrl":"https:\/\/www.ip.gov.py\/ip\/wp-content\/uploads\/2023\/02\/Gustavo-Pedro.webp","width":1706,"height":960,"caption":"El Espa\u00f1ol"},{"@type":"BreadcrumbList","@id":"https:\/\/www.ip.gov.py\/ip\/2023\/02\/28\/petro-cambio-a-tres-ministros-a-menos-de-siete-meses-de-asumir-el-gobierno-de-colombia\/#breadcrumb","itemListElement":[{"@type":"ListItem","position":1,"name":"Portada","item":"https:\/\/www.ip.gov.py\/ip\/"},{"@type":"ListItem","position":2,"name":"Petro cambi\u00f3 a tres ministros a menos de siete meses de asumir el gobierno de Colombia"}]},{"@type":"WebSite","@id":"https:\/\/www.ip.gov.py\/ip\/#website","url":"https:\/\/www.ip.gov.py\/ip\/","name":".::Agencia IP::.","description":"","publisher":{"@id":"https:\/\/www.ip.gov.py\/ip\/#organization"},"potentialAction":[{"@type":"SearchAction","target":{"@type":"EntryPoint","urlTemplate":"https:\/\/www.ip.gov.py\/ip\/?s={search_term_string}"},"query-input":{"@type":"PropertyValueSpecification","valueRequired":true,"valueName":"search_term_string"}}],"inLanguage":"es"},{"@type":"Organization","@id":"https:\/\/www.ip.gov.py\/ip\/#organization","name":"Agencia IP","url":"https:\/\/www.ip.gov.py\/ip\/","logo":{"@type":"ImageObject","inLanguage":"es","@id":"https:\/\/www.ip.gov.py\/ip\/#\/schema\/logo\/image\/","url":"https:\/\/www.ip.gov.py\/ip\/wp-content\/uploads\/2018\/01\/Agencia-IP.jpg","contentUrl":"https:\/\/www.ip.gov.py\/ip\/wp-content\/uploads\/2018\/01\/Agencia-IP.jpg","width":150,"height":150,"caption":"Agencia IP"},"image":{"@id":"https:\/\/www.ip.gov.py\/ip\/#\/schema\/logo\/image\/"},"sameAs":["https:\/\/www.facebook.com\/IPParaguay\/","https:\/\/x.com\/IPParaguay","https:\/\/www.instagram.com\/IPParaguay"]},{"@type":"Person","@id":"https:\/\/www.ip.gov.py\/ip\/#\/schema\/person\/fa3668852e893cb0423795330f919039","name":"vrios","url":"https:\/\/www.ip.gov.py\/ip\/author\/vrios\/"}]}},"_links":{"self":[{"href":"https:\/\/www.ip.gov.py\/ip\/wp-json\/wp\/v2\/posts\/448661","targetHints":{"allow":["GET"]}}],"collection":[{"href":"https:\/\/www.ip.gov.py\/ip\/wp-json\/wp\/v2\/posts"}],"about":[{"href":"https:\/\/www.ip.gov.py\/ip\/wp-json\/wp\/v2\/types\/post"}],"author":[{"embeddable":true,"href":"https:\/\/www.ip.gov.py\/ip\/wp-json\/wp\/v2\/users\/11"}],"replies":[{"embeddable":true,"href":"https:\/\/www.ip.gov.py\/ip\/wp-json\/wp\/v2\/comments?post=448661"}],"version-history":[{"count":0,"href":"https:\/\/www.ip.gov.py\/ip\/wp-json\/wp\/v2\/posts\/448661\/revisions"}],"wp:featuredmedia":[{"embeddable":true,"href":"https:\/\/www.ip.gov.py\/ip\/wp-json\/wp\/v2\/media\/448662"}],"wp:attachment":[{"href":"https:\/\/www.ip.gov.py\/ip\/wp-json\/wp\/v2\/media?parent=448661"}],"wp:term":[{"taxonomy":"category","embeddable":true,"href":"https:\/\/www.ip.gov.py\/ip\/wp-json\/wp\/v2\/categories?post=448661"},{"taxonomy":"post_tag","embeddable":true,"href":"https:\/\/www.ip.gov.py\/ip\/wp-json\/wp\/v2\/tags?post=448661"}],"curies":[{"name":"wp","href":"https:\/\/api.w.org\/{rel}","templated":true}]}}