{"id":450321,"date":"2023-03-16T10:06:32","date_gmt":"2023-03-16T13:06:32","guid":{"rendered":"https:\/\/www.ip.gov.py\/ip\/?p=450321"},"modified":"2023-03-16T10:48:24","modified_gmt":"2023-03-16T13:48:24","slug":"seul-informa-que-pyongyang-dispar-un-misil-balistico-intercontinental","status":"publish","type":"post","link":"https:\/\/www.ip.gov.py\/ip\/2023\/03\/16\/seul-informa-que-pyongyang-dispar-un-misil-balistico-intercontinental\/","title":{"rendered":"Se\u00fal informa que Pyongyang dispara un misil bal\u00edstico intercontinental"},"content":{"rendered":"<p style=\"text-align: justify;\"><em><strong>Se\u00fal.-<\/strong><\/em>Corea del Norte dispar\u00f3 hoy un misil bal\u00edstico intercontinental (ICBM) en el tercer ensayo de ese tipo practicado esta semana, que coincide con los mayores ensayos militares en cinco a\u00f1os entre Estados Unidos y Corea del Sur en la regi\u00f3n y con una cumbre entre los l\u00edderes surcoreano y nip\u00f3n en Tokio para fortalecer sus v\u00ednculos ante la creciente actividad militar de Pyongyang.<!--more--><\/p>\n<p style=\"text-align: justify;\">\u00abNuestras fuerzas armadas detectaron un misil bal\u00edstico de largo alcance disparado de la zona de Sunan en Pyongyang\u00bb, inform\u00f3 el Estado Mayor Conjunto surcoreano y precis\u00f3 que se trat\u00f3 de un ICBM.<\/p>\n<p style=\"text-align: justify;\">El misil fue disparado con una trayectoria hacia arriba, no hacia afuera, con lo cual se evita que sobrevuele los pa\u00edses vecinos, y recorri\u00f3 unos 1.000 kil\u00f3metros, agreg\u00f3 el Estado Mayor Conjunto.<\/p>\n<p style=\"text-align: justify;\">La oficina del gabinete japon\u00e9s precis\u00f3 que el misil alcanz\u00f3 una alturam\u00e1xima de m\u00e1s de 6.000 kil\u00f3metros.<\/p>\n<p style=\"text-align: justify;\">El primer ministro japon\u00e9s, Fumio Kishida, dijo que se reunir\u00eda con sus ministros del Consejo de Seguridad Nacional.<\/p>\n<p style=\"text-align: justify;\">\u00abLa paz y la estabilidad en la regi\u00f3n son un tema muy importante\u00bb, agreg\u00f3 Kishida, citado por la agencia de noticias AFP.<\/p>\n<p style=\"text-align: justify;\">Se trata de la tercera demostraci\u00f3n de fuerza desde el domingo, y coincide tambi\u00e9n con los mayores ejercicios militares conjuntos en cinco a\u00f1os entre Corea del Sur y Estados Unidos.<\/p>\n<p style=\"text-align: justify;\">El nuevo lanzamiento se produjo horas antes de que los l\u00edderes de Corea del Sur y Jap\u00f3n se re\u00fanan en Tokio para hablar, entre otros temas, de los programas nuclear y de misiles de Pyongyang.<\/p>\n<p style=\"text-align: justify;\">El presidente surcoreano, Yoon Suk Yeol, lleg\u00f3 a la capital nipona hoy alrededor de mediod\u00eda con el prop\u00f3sito de abrir \u00abun nuevo cap\u00edtulo\u00bb entre estos dos aliados clave de Estados Unidos en la regi\u00f3n.<\/p>\n<p style=\"text-align: justify;\">Esa cumbre, la primera en 12 a\u00f1os, se da en medio de un intento entre los vecinos por arreglar sus relaciones diplom\u00e1ticas, tensadas por los 35 a\u00f1os de mandato colonial japon\u00e9s.T\u00e9lam.<\/p>\n","protected":false},"excerpt":{"rendered":"<p>Se\u00fal.-Corea del Norte dispar\u00f3 hoy un misil bal\u00edstico intercontinental (ICBM) en el tercer ensayo de ese tipo practicado esta semana, que coincide con los mayores ensayos militares en cinco a\u00f1os entre Estados Unidos y Corea del Sur en la regi\u00f3n y con una cumbre entre los l\u00edderes surcoreano y nip\u00f3n en Tokio para fortalecer sus [&hellip;]<\/p>\n","protected":false},"author":11,"featured_media":450322,"comment_status":"closed","ping_status":"closed","sticky":false,"template":"","format":"standard","meta":{"_monsterinsights_skip_tracking":false,"_monsterinsights_sitenote_active":false,"_monsterinsights_sitenote_note":"","_monsterinsights_sitenote_category":0,"footnotes":""},"categories":[5],"tags":[229,14851,14850,1225,6097],"class_list":{"0":"post-450321","1":"post","2":"type-post","3":"status-publish","4":"format-standard","5":"has-post-thumbnail","7":"category-internacionales","8":"tag-corea-del-norte","9":"tag-cuce","10":"tag-disputa-corea-del-sur","11":"tag-lanzamiento","12":"tag-misil"},"yoast_head":"<!-- This site is optimized with the Yoast SEO plugin v27.5 - https:\/\/yoast.com\/product\/yoast-seo-wordpress\/ -->\n<title>Se\u00fal informa que Pyongyang dispara un misil bal\u00edstico intercontinental - .::Agencia IP::.<\/title>\n<meta name=\"robots\" content=\"index, follow, max-snippet:-1, max-image-preview:large, max-video-preview:-1\" \/>\n<link rel=\"canonical\" href=\"https:\/\/www.ip.gov.py\/ip\/2023\/03\/16\/seul-informa-que-pyongyang-dispar-un-misil-balistico-intercontinental\/\" \/>\n<meta property=\"og:locale\" content=\"es_ES\" \/>\n<meta property=\"og:type\" content=\"article\" \/>\n<meta property=\"og:title\" content=\"Se\u00fal informa que Pyongyang dispara un misil bal\u00edstico intercontinental - .::Agencia IP::.\" \/>\n<meta property=\"og:description\" content=\"Se\u00fal.-Corea del Norte dispar\u00f3 hoy un misil bal\u00edstico intercontinental (ICBM) en el tercer ensayo de ese tipo practicado esta semana, que coincide con los mayores ensayos militares en cinco a\u00f1os entre Estados Unidos y Corea del Sur en la regi\u00f3n y con una cumbre entre los l\u00edderes surcoreano y nip\u00f3n en Tokio para fortalecer sus [&hellip;]\" \/>\n<meta property=\"og:url\" content=\"https:\/\/www.ip.gov.py\/ip\/2023\/03\/16\/seul-informa-que-pyongyang-dispar-un-misil-balistico-intercontinental\/\" \/>\n<meta property=\"og:site_name\" content=\".::Agencia IP::.\" \/>\n<meta property=\"article:publisher\" content=\"https:\/\/www.facebook.com\/IPParaguay\/\" \/>\n<meta property=\"article:published_time\" content=\"2023-03-16T13:06:32+00:00\" \/>\n<meta property=\"article:modified_time\" content=\"2023-03-16T13:48:24+00:00\" \/>\n<meta property=\"og:image\" content=\"https:\/\/www.ip.gov.py\/ip\/wp-content\/uploads\/2023\/03\/Corea-del-Norte.webp\" \/>\n\t<meta property=\"og:image:width\" content=\"2000\" \/>\n\t<meta property=\"og:image:height\" content=\"1332\" \/>\n\t<meta property=\"og:image:type\" content=\"image\/webp\" \/>\n<meta name=\"author\" content=\"vrios\" \/>\n<meta name=\"twitter:card\" content=\"summary_large_image\" \/>\n<meta name=\"twitter:creator\" content=\"@IPParaguay\" \/>\n<meta name=\"twitter:site\" content=\"@IPParaguay\" \/>\n<meta name=\"twitter:label1\" content=\"Escrito por\" \/>\n\t<meta name=\"twitter:data1\" content=\"vrios\" \/>\n\t<meta name=\"twitter:label2\" content=\"Tiempo de lectura\" \/>\n\t<meta name=\"twitter:data2\" content=\"2 minutos\" \/>\n<script type=\"application\/ld+json\" class=\"yoast-schema-graph\">{\"@context\":\"https:\\\/\\\/schema.org\",\"@graph\":[{\"@type\":\"Article\",\"@id\":\"https:\\\/\\\/www.ip.gov.py\\\/ip\\\/2023\\\/03\\\/16\\\/seul-informa-que-pyongyang-dispar-un-misil-balistico-intercontinental\\\/#article\",\"isPartOf\":{\"@id\":\"https:\\\/\\\/www.ip.gov.py\\\/ip\\\/2023\\\/03\\\/16\\\/seul-informa-que-pyongyang-dispar-un-misil-balistico-intercontinental\\\/\"},\"author\":{\"name\":\"vrios\",\"@id\":\"https:\\\/\\\/www.ip.gov.py\\\/ip\\\/#\\\/schema\\\/person\\\/fa3668852e893cb0423795330f919039\"},\"headline\":\"Se\u00fal informa que Pyongyang dispara un misil bal\u00edstico intercontinental\",\"datePublished\":\"2023-03-16T13:06:32+00:00\",\"dateModified\":\"2023-03-16T13:48:24+00:00\",\"mainEntityOfPage\":{\"@id\":\"https:\\\/\\\/www.ip.gov.py\\\/ip\\\/2023\\\/03\\\/16\\\/seul-informa-que-pyongyang-dispar-un-misil-balistico-intercontinental\\\/\"},\"wordCount\":356,\"publisher\":{\"@id\":\"https:\\\/\\\/www.ip.gov.py\\\/ip\\\/#organization\"},\"image\":{\"@id\":\"https:\\\/\\\/www.ip.gov.py\\\/ip\\\/2023\\\/03\\\/16\\\/seul-informa-que-pyongyang-dispar-un-misil-balistico-intercontinental\\\/#primaryimage\"},\"thumbnailUrl\":\"https:\\\/\\\/www.ip.gov.py\\\/ip\\\/wp-content\\\/uploads\\\/2023\\\/03\\\/Corea-del-Norte.webp\",\"keywords\":[\"Corea del Norte\",\"Cuce\",\"Disputa Corea del Sur\",\"Lanzamiento\",\"Misil\"],\"articleSection\":[\"Internacionales\"],\"inLanguage\":\"es\"},{\"@type\":\"WebPage\",\"@id\":\"https:\\\/\\\/www.ip.gov.py\\\/ip\\\/2023\\\/03\\\/16\\\/seul-informa-que-pyongyang-dispar-un-misil-balistico-intercontinental\\\/\",\"url\":\"https:\\\/\\\/www.ip.gov.py\\\/ip\\\/2023\\\/03\\\/16\\\/seul-informa-que-pyongyang-dispar-un-misil-balistico-intercontinental\\\/\",\"name\":\"Se\u00fal informa que Pyongyang dispara un misil bal\u00edstico intercontinental - .::Agencia IP::.\",\"isPartOf\":{\"@id\":\"https:\\\/\\\/www.ip.gov.py\\\/ip\\\/#website\"},\"primaryImageOfPage\":{\"@id\":\"https:\\\/\\\/www.ip.gov.py\\\/ip\\\/2023\\\/03\\\/16\\\/seul-informa-que-pyongyang-dispar-un-misil-balistico-intercontinental\\\/#primaryimage\"},\"image\":{\"@id\":\"https:\\\/\\\/www.ip.gov.py\\\/ip\\\/2023\\\/03\\\/16\\\/seul-informa-que-pyongyang-dispar-un-misil-balistico-intercontinental\\\/#primaryimage\"},\"thumbnailUrl\":\"https:\\\/\\\/www.ip.gov.py\\\/ip\\\/wp-content\\\/uploads\\\/2023\\\/03\\\/Corea-del-Norte.webp\",\"datePublished\":\"2023-03-16T13:06:32+00:00\",\"dateModified\":\"2023-03-16T13:48:24+00:00\",\"breadcrumb\":{\"@id\":\"https:\\\/\\\/www.ip.gov.py\\\/ip\\\/2023\\\/03\\\/16\\\/seul-informa-que-pyongyang-dispar-un-misil-balistico-intercontinental\\\/#breadcrumb\"},\"inLanguage\":\"es\",\"potentialAction\":[{\"@type\":\"ReadAction\",\"target\":[\"https:\\\/\\\/www.ip.gov.py\\\/ip\\\/2023\\\/03\\\/16\\\/seul-informa-que-pyongyang-dispar-un-misil-balistico-intercontinental\\\/\"]}]},{\"@type\":\"ImageObject\",\"inLanguage\":\"es\",\"@id\":\"https:\\\/\\\/www.ip.gov.py\\\/ip\\\/2023\\\/03\\\/16\\\/seul-informa-que-pyongyang-dispar-un-misil-balistico-intercontinental\\\/#primaryimage\",\"url\":\"https:\\\/\\\/www.ip.gov.py\\\/ip\\\/wp-content\\\/uploads\\\/2023\\\/03\\\/Corea-del-Norte.webp\",\"contentUrl\":\"https:\\\/\\\/www.ip.gov.py\\\/ip\\\/wp-content\\\/uploads\\\/2023\\\/03\\\/Corea-del-Norte.webp\",\"width\":2000,\"height\":1332,\"caption\":\"AP News\"},{\"@type\":\"BreadcrumbList\",\"@id\":\"https:\\\/\\\/www.ip.gov.py\\\/ip\\\/2023\\\/03\\\/16\\\/seul-informa-que-pyongyang-dispar-un-misil-balistico-intercontinental\\\/#breadcrumb\",\"itemListElement\":[{\"@type\":\"ListItem\",\"position\":1,\"name\":\"Portada\",\"item\":\"https:\\\/\\\/www.ip.gov.py\\\/ip\\\/\"},{\"@type\":\"ListItem\",\"position\":2,\"name\":\"Se\u00fal informa que Pyongyang dispara un misil bal\u00edstico intercontinental\"}]},{\"@type\":\"WebSite\",\"@id\":\"https:\\\/\\\/www.ip.gov.py\\\/ip\\\/#website\",\"url\":\"https:\\\/\\\/www.ip.gov.py\\\/ip\\\/\",\"name\":\".::Agencia IP::.\",\"description\":\"\",\"publisher\":{\"@id\":\"https:\\\/\\\/www.ip.gov.py\\\/ip\\\/#organization\"},\"potentialAction\":[{\"@type\":\"SearchAction\",\"target\":{\"@type\":\"EntryPoint\",\"urlTemplate\":\"https:\\\/\\\/www.ip.gov.py\\\/ip\\\/?s={search_term_string}\"},\"query-input\":{\"@type\":\"PropertyValueSpecification\",\"valueRequired\":true,\"valueName\":\"search_term_string\"}}],\"inLanguage\":\"es\"},{\"@type\":\"Organization\",\"@id\":\"https:\\\/\\\/www.ip.gov.py\\\/ip\\\/#organization\",\"name\":\"Agencia IP\",\"url\":\"https:\\\/\\\/www.ip.gov.py\\\/ip\\\/\",\"logo\":{\"@type\":\"ImageObject\",\"inLanguage\":\"es\",\"@id\":\"https:\\\/\\\/www.ip.gov.py\\\/ip\\\/#\\\/schema\\\/logo\\\/image\\\/\",\"url\":\"https:\\\/\\\/www.ip.gov.py\\\/ip\\\/wp-content\\\/uploads\\\/2018\\\/01\\\/Agencia-IP.jpg\",\"contentUrl\":\"https:\\\/\\\/www.ip.gov.py\\\/ip\\\/wp-content\\\/uploads\\\/2018\\\/01\\\/Agencia-IP.jpg\",\"width\":150,\"height\":150,\"caption\":\"Agencia IP\"},\"image\":{\"@id\":\"https:\\\/\\\/www.ip.gov.py\\\/ip\\\/#\\\/schema\\\/logo\\\/image\\\/\"},\"sameAs\":[\"https:\\\/\\\/www.facebook.com\\\/IPParaguay\\\/\",\"https:\\\/\\\/x.com\\\/IPParaguay\",\"https:\\\/\\\/www.instagram.com\\\/IPParaguay\"]},{\"@type\":\"Person\",\"@id\":\"https:\\\/\\\/www.ip.gov.py\\\/ip\\\/#\\\/schema\\\/person\\\/fa3668852e893cb0423795330f919039\",\"name\":\"vrios\",\"url\":\"https:\\\/\\\/www.ip.gov.py\\\/ip\\\/author\\\/vrios\\\/\"}]}<\/script>\n<!-- \/ Yoast SEO plugin. -->","yoast_head_json":{"title":"Se\u00fal informa que Pyongyang dispara un misil bal\u00edstico intercontinental - .::Agencia IP::.","robots":{"index":"index","follow":"follow","max-snippet":"max-snippet:-1","max-image-preview":"max-image-preview:large","max-video-preview":"max-video-preview:-1"},"canonical":"https:\/\/www.ip.gov.py\/ip\/2023\/03\/16\/seul-informa-que-pyongyang-dispar-un-misil-balistico-intercontinental\/","og_locale":"es_ES","og_type":"article","og_title":"Se\u00fal informa que Pyongyang dispara un misil bal\u00edstico intercontinental - .::Agencia IP::.","og_description":"Se\u00fal.-Corea del Norte dispar\u00f3 hoy un misil bal\u00edstico intercontinental (ICBM) en el tercer ensayo de ese tipo practicado esta semana, que coincide con los mayores ensayos militares en cinco a\u00f1os entre Estados Unidos y Corea del Sur en la regi\u00f3n y con una cumbre entre los l\u00edderes surcoreano y nip\u00f3n en Tokio para fortalecer sus [&hellip;]","og_url":"https:\/\/www.ip.gov.py\/ip\/2023\/03\/16\/seul-informa-que-pyongyang-dispar-un-misil-balistico-intercontinental\/","og_site_name":".::Agencia IP::.","article_publisher":"https:\/\/www.facebook.com\/IPParaguay\/","article_published_time":"2023-03-16T13:06:32+00:00","article_modified_time":"2023-03-16T13:48:24+00:00","og_image":[{"width":2000,"height":1332,"url":"https:\/\/www.ip.gov.py\/ip\/wp-content\/uploads\/2023\/03\/Corea-del-Norte.webp","type":"image\/webp"}],"author":"vrios","twitter_card":"summary_large_image","twitter_creator":"@IPParaguay","twitter_site":"@IPParaguay","twitter_misc":{"Escrito por":"vrios","Tiempo de lectura":"2 minutos"},"schema":{"@context":"https:\/\/schema.org","@graph":[{"@type":"Article","@id":"https:\/\/www.ip.gov.py\/ip\/2023\/03\/16\/seul-informa-que-pyongyang-dispar-un-misil-balistico-intercontinental\/#article","isPartOf":{"@id":"https:\/\/www.ip.gov.py\/ip\/2023\/03\/16\/seul-informa-que-pyongyang-dispar-un-misil-balistico-intercontinental\/"},"author":{"name":"vrios","@id":"https:\/\/www.ip.gov.py\/ip\/#\/schema\/person\/fa3668852e893cb0423795330f919039"},"headline":"Se\u00fal informa que Pyongyang dispara un misil bal\u00edstico intercontinental","datePublished":"2023-03-16T13:06:32+00:00","dateModified":"2023-03-16T13:48:24+00:00","mainEntityOfPage":{"@id":"https:\/\/www.ip.gov.py\/ip\/2023\/03\/16\/seul-informa-que-pyongyang-dispar-un-misil-balistico-intercontinental\/"},"wordCount":356,"publisher":{"@id":"https:\/\/www.ip.gov.py\/ip\/#organization"},"image":{"@id":"https:\/\/www.ip.gov.py\/ip\/2023\/03\/16\/seul-informa-que-pyongyang-dispar-un-misil-balistico-intercontinental\/#primaryimage"},"thumbnailUrl":"https:\/\/www.ip.gov.py\/ip\/wp-content\/uploads\/2023\/03\/Corea-del-Norte.webp","keywords":["Corea del Norte","Cuce","Disputa Corea del Sur","Lanzamiento","Misil"],"articleSection":["Internacionales"],"inLanguage":"es"},{"@type":"WebPage","@id":"https:\/\/www.ip.gov.py\/ip\/2023\/03\/16\/seul-informa-que-pyongyang-dispar-un-misil-balistico-intercontinental\/","url":"https:\/\/www.ip.gov.py\/ip\/2023\/03\/16\/seul-informa-que-pyongyang-dispar-un-misil-balistico-intercontinental\/","name":"Se\u00fal informa que Pyongyang dispara un misil bal\u00edstico intercontinental - .::Agencia IP::.","isPartOf":{"@id":"https:\/\/www.ip.gov.py\/ip\/#website"},"primaryImageOfPage":{"@id":"https:\/\/www.ip.gov.py\/ip\/2023\/03\/16\/seul-informa-que-pyongyang-dispar-un-misil-balistico-intercontinental\/#primaryimage"},"image":{"@id":"https:\/\/www.ip.gov.py\/ip\/2023\/03\/16\/seul-informa-que-pyongyang-dispar-un-misil-balistico-intercontinental\/#primaryimage"},"thumbnailUrl":"https:\/\/www.ip.gov.py\/ip\/wp-content\/uploads\/2023\/03\/Corea-del-Norte.webp","datePublished":"2023-03-16T13:06:32+00:00","dateModified":"2023-03-16T13:48:24+00:00","breadcrumb":{"@id":"https:\/\/www.ip.gov.py\/ip\/2023\/03\/16\/seul-informa-que-pyongyang-dispar-un-misil-balistico-intercontinental\/#breadcrumb"},"inLanguage":"es","potentialAction":[{"@type":"ReadAction","target":["https:\/\/www.ip.gov.py\/ip\/2023\/03\/16\/seul-informa-que-pyongyang-dispar-un-misil-balistico-intercontinental\/"]}]},{"@type":"ImageObject","inLanguage":"es","@id":"https:\/\/www.ip.gov.py\/ip\/2023\/03\/16\/seul-informa-que-pyongyang-dispar-un-misil-balistico-intercontinental\/#primaryimage","url":"https:\/\/www.ip.gov.py\/ip\/wp-content\/uploads\/2023\/03\/Corea-del-Norte.webp","contentUrl":"https:\/\/www.ip.gov.py\/ip\/wp-content\/uploads\/2023\/03\/Corea-del-Norte.webp","width":2000,"height":1332,"caption":"AP News"},{"@type":"BreadcrumbList","@id":"https:\/\/www.ip.gov.py\/ip\/2023\/03\/16\/seul-informa-que-pyongyang-dispar-un-misil-balistico-intercontinental\/#breadcrumb","itemListElement":[{"@type":"ListItem","position":1,"name":"Portada","item":"https:\/\/www.ip.gov.py\/ip\/"},{"@type":"ListItem","position":2,"name":"Se\u00fal informa que Pyongyang dispara un misil bal\u00edstico intercontinental"}]},{"@type":"WebSite","@id":"https:\/\/www.ip.gov.py\/ip\/#website","url":"https:\/\/www.ip.gov.py\/ip\/","name":".::Agencia IP::.","description":"","publisher":{"@id":"https:\/\/www.ip.gov.py\/ip\/#organization"},"potentialAction":[{"@type":"SearchAction","target":{"@type":"EntryPoint","urlTemplate":"https:\/\/www.ip.gov.py\/ip\/?s={search_term_string}"},"query-input":{"@type":"PropertyValueSpecification","valueRequired":true,"valueName":"search_term_string"}}],"inLanguage":"es"},{"@type":"Organization","@id":"https:\/\/www.ip.gov.py\/ip\/#organization","name":"Agencia IP","url":"https:\/\/www.ip.gov.py\/ip\/","logo":{"@type":"ImageObject","inLanguage":"es","@id":"https:\/\/www.ip.gov.py\/ip\/#\/schema\/logo\/image\/","url":"https:\/\/www.ip.gov.py\/ip\/wp-content\/uploads\/2018\/01\/Agencia-IP.jpg","contentUrl":"https:\/\/www.ip.gov.py\/ip\/wp-content\/uploads\/2018\/01\/Agencia-IP.jpg","width":150,"height":150,"caption":"Agencia IP"},"image":{"@id":"https:\/\/www.ip.gov.py\/ip\/#\/schema\/logo\/image\/"},"sameAs":["https:\/\/www.facebook.com\/IPParaguay\/","https:\/\/x.com\/IPParaguay","https:\/\/www.instagram.com\/IPParaguay"]},{"@type":"Person","@id":"https:\/\/www.ip.gov.py\/ip\/#\/schema\/person\/fa3668852e893cb0423795330f919039","name":"vrios","url":"https:\/\/www.ip.gov.py\/ip\/author\/vrios\/"}]}},"_links":{"self":[{"href":"https:\/\/www.ip.gov.py\/ip\/wp-json\/wp\/v2\/posts\/450321","targetHints":{"allow":["GET"]}}],"collection":[{"href":"https:\/\/www.ip.gov.py\/ip\/wp-json\/wp\/v2\/posts"}],"about":[{"href":"https:\/\/www.ip.gov.py\/ip\/wp-json\/wp\/v2\/types\/post"}],"author":[{"embeddable":true,"href":"https:\/\/www.ip.gov.py\/ip\/wp-json\/wp\/v2\/users\/11"}],"replies":[{"embeddable":true,"href":"https:\/\/www.ip.gov.py\/ip\/wp-json\/wp\/v2\/comments?post=450321"}],"version-history":[{"count":0,"href":"https:\/\/www.ip.gov.py\/ip\/wp-json\/wp\/v2\/posts\/450321\/revisions"}],"wp:featuredmedia":[{"embeddable":true,"href":"https:\/\/www.ip.gov.py\/ip\/wp-json\/wp\/v2\/media\/450322"}],"wp:attachment":[{"href":"https:\/\/www.ip.gov.py\/ip\/wp-json\/wp\/v2\/media?parent=450321"}],"wp:term":[{"taxonomy":"category","embeddable":true,"href":"https:\/\/www.ip.gov.py\/ip\/wp-json\/wp\/v2\/categories?post=450321"},{"taxonomy":"post_tag","embeddable":true,"href":"https:\/\/www.ip.gov.py\/ip\/wp-json\/wp\/v2\/tags?post=450321"}],"curies":[{"name":"wp","href":"https:\/\/api.w.org\/{rel}","templated":true}]}}