{"id":451268,"date":"2023-03-27T11:56:27","date_gmt":"2023-03-27T15:56:27","guid":{"rendered":"https:\/\/www.ip.gov.py\/ip\/?p=451268"},"modified":"2023-03-27T16:11:51","modified_gmt":"2023-03-27T20:11:51","slug":"ministra-de-politicas-linguisticas-presentara-ponencia-sobre-el-uso-del-espanol-en-la-descripcion-del-guarani-en-congreso-internacional-en-cadiz","status":"publish","type":"post","link":"https:\/\/www.ip.gov.py\/ip\/2023\/03\/27\/ministra-de-politicas-linguisticas-presentara-ponencia-sobre-el-uso-del-espanol-en-la-descripcion-del-guarani-en-congreso-internacional-en-cadiz\/","title":{"rendered":"Presentar\u00e1n ponencia sobre uso del espa\u00f1ol en la descripci\u00f3n del guaran\u00ed en Congreso Internacional"},"content":{"rendered":"<p style=\"text-align: justify;\"><strong><em>Asunci\u00f3n, Agencia IP.-<\/em><\/strong>Con el objetivo de discutir el uso del espa\u00f1ol en la descripci\u00f3n del guaran\u00ed y otras lenguas originarias del Paraguay, la ministra de la Secretar\u00eda de Pol\u00edticas Ling\u00fc\u00edsticas, Ladislaa Alcaraz de Silvero, presentar\u00e1 su ponencia en el Congreso Internacional de la Lengua Espa\u00f1ola CILE 2023, en C\u00e1diz, Espa\u00f1a, este jueves 30 de marzo en el apartado denominado \u201cLa lengua espa\u00f1ola como veh\u00edculo para el conocimiento de lenguas originarias\u201d.<!--more--><\/p>\n<p style=\"text-align: justify;\">Bajo el lema \u201cLengua espa\u00f1ola, mestizaje e interculturalidad. Historia y futuro\u201d, el IX CILE, se inicia este lunes 27, oportunidad en que reunir\u00e1 a casi 300 participantes de todo el mundo en su programa acad\u00e9mico.<\/p>\n<p style=\"text-align: justify;\">La ministra Ladislaa Alcaraz de Silvero, ser\u00e1 la \u00fanica representante de Paraguay en el evento, que se desarrollar\u00e1 por segunda vez en Espa\u00f1a, luego de la edici\u00f3n de 2001 en Valladolid. Los congresos se organizan cada tres a\u00f1os en pa\u00edses de habla hispana.<\/p>\n<p style=\"text-align: justify;\">El foro, es un espacio de reflexi\u00f3n, que tiene su importancia para discusi\u00f3n del patrimonio y los desaf\u00edos de nuestro idioma com\u00fan.<\/p>\n<p style=\"text-align: justify;\">La presencia de la ministra en el evento resalta la importancia de las lenguas como veh\u00edculo para el conocimiento de las lenguas ind\u00edgenas. En particular, se discutir\u00e1 el uso del espa\u00f1ol en la descripci\u00f3n del guaran\u00ed y otras lenguas originarias del Paraguay.<\/p>\n<p style=\"text-align: justify;\">Este congreso internacional es una oportunidad \u00fanica para que los participantes de todo el mundo se re\u00fanan y discutan el futuro del espa\u00f1ol y su papel en la promoci\u00f3n de la diversidad cultural. La presencia de la secretaria de Estado, como \u00fanica representante de Paraguay muestra el compromiso de su pa\u00eds con la promoci\u00f3n de las lenguas y su papel en la preservaci\u00f3n y fortalecimiento de las lenguas ind\u00edgenas.<\/p>\n","protected":false},"excerpt":{"rendered":"<p>Asunci\u00f3n, Agencia IP.-Con el objetivo de discutir el uso del espa\u00f1ol en la descripci\u00f3n del guaran\u00ed y otras lenguas originarias del Paraguay, la ministra de la Secretar\u00eda de Pol\u00edticas Ling\u00fc\u00edsticas, Ladislaa Alcaraz de Silvero, presentar\u00e1 su ponencia en el Congreso Internacional de la Lengua Espa\u00f1ola CILE 2023, en C\u00e1diz, Espa\u00f1a, este jueves 30 de marzo [&hellip;]<\/p>\n","protected":false},"author":34,"featured_media":451271,"comment_status":"closed","ping_status":"closed","sticky":false,"template":"","format":"standard","meta":{"_monsterinsights_skip_tracking":false,"_monsterinsights_sitenote_active":false,"_monsterinsights_sitenote_note":"","_monsterinsights_sitenote_category":0,"footnotes":""},"categories":[7],"tags":[14892,14889,486,14891,14890],"class_list":{"0":"post-451268","1":"post","2":"type-post","3":"status-publish","4":"format-standard","5":"has-post-thumbnail","7":"category-cultura","8":"tag-cadiz","10":"tag-espana","11":"tag-ministra-ladislaa-alcaraz","12":"tag-politicas-linguisticas"},"yoast_head":"<!-- This site is optimized with the Yoast SEO plugin v27.5 - https:\/\/yoast.com\/product\/yoast-seo-wordpress\/ -->\n<title>Presentar\u00e1n ponencia sobre uso del espa\u00f1ol en la descripci\u00f3n del guaran\u00ed en Congreso Internacional - .::Agencia IP::.<\/title>\n<meta name=\"robots\" content=\"index, follow, max-snippet:-1, max-image-preview:large, max-video-preview:-1\" \/>\n<link rel=\"canonical\" href=\"https:\/\/www.ip.gov.py\/ip\/2023\/03\/27\/ministra-de-politicas-linguisticas-presentara-ponencia-sobre-el-uso-del-espanol-en-la-descripcion-del-guarani-en-congreso-internacional-en-cadiz\/\" \/>\n<meta property=\"og:locale\" content=\"es_ES\" \/>\n<meta property=\"og:type\" content=\"article\" \/>\n<meta property=\"og:title\" content=\"Presentar\u00e1n ponencia sobre uso del espa\u00f1ol en la descripci\u00f3n del guaran\u00ed en Congreso Internacional - .::Agencia IP::.\" \/>\n<meta property=\"og:description\" content=\"Asunci\u00f3n, Agencia IP.-Con el objetivo de discutir el uso del espa\u00f1ol en la descripci\u00f3n del guaran\u00ed y otras lenguas originarias del Paraguay, la ministra de la Secretar\u00eda de Pol\u00edticas Ling\u00fc\u00edsticas, Ladislaa Alcaraz de Silvero, presentar\u00e1 su ponencia en el Congreso Internacional de la Lengua Espa\u00f1ola CILE 2023, en C\u00e1diz, Espa\u00f1a, este jueves 30 de marzo [&hellip;]\" \/>\n<meta property=\"og:url\" content=\"https:\/\/www.ip.gov.py\/ip\/2023\/03\/27\/ministra-de-politicas-linguisticas-presentara-ponencia-sobre-el-uso-del-espanol-en-la-descripcion-del-guarani-en-congreso-internacional-en-cadiz\/\" \/>\n<meta property=\"og:site_name\" content=\".::Agencia IP::.\" \/>\n<meta property=\"article:publisher\" content=\"https:\/\/www.facebook.com\/IPParaguay\/\" \/>\n<meta property=\"article:published_time\" content=\"2023-03-27T15:56:27+00:00\" \/>\n<meta property=\"article:modified_time\" content=\"2023-03-27T20:11:51+00:00\" \/>\n<meta property=\"og:image\" content=\"https:\/\/www.ip.gov.py\/ip\/wp-content\/uploads\/2023\/03\/ministra-Ladislaa-Alcaraz-ministra-de-Politicas-Linguisticas.jpg\" \/>\n\t<meta property=\"og:image:width\" content=\"1280\" \/>\n\t<meta property=\"og:image:height\" content=\"853\" \/>\n\t<meta property=\"og:image:type\" content=\"image\/jpeg\" \/>\n<meta name=\"author\" content=\"Julio Davalos\" \/>\n<meta name=\"twitter:card\" content=\"summary_large_image\" \/>\n<meta name=\"twitter:creator\" content=\"@IPParaguay\" \/>\n<meta name=\"twitter:site\" content=\"@IPParaguay\" \/>\n<meta name=\"twitter:label1\" content=\"Escrito por\" \/>\n\t<meta name=\"twitter:data1\" content=\"Julio Davalos\" \/>\n\t<meta name=\"twitter:label2\" content=\"Tiempo de lectura\" \/>\n\t<meta name=\"twitter:data2\" content=\"2 minutos\" \/>\n<script type=\"application\/ld+json\" class=\"yoast-schema-graph\">{\"@context\":\"https:\\\/\\\/schema.org\",\"@graph\":[{\"@type\":\"Article\",\"@id\":\"https:\\\/\\\/www.ip.gov.py\\\/ip\\\/2023\\\/03\\\/27\\\/ministra-de-politicas-linguisticas-presentara-ponencia-sobre-el-uso-del-espanol-en-la-descripcion-del-guarani-en-congreso-internacional-en-cadiz\\\/#article\",\"isPartOf\":{\"@id\":\"https:\\\/\\\/www.ip.gov.py\\\/ip\\\/2023\\\/03\\\/27\\\/ministra-de-politicas-linguisticas-presentara-ponencia-sobre-el-uso-del-espanol-en-la-descripcion-del-guarani-en-congreso-internacional-en-cadiz\\\/\"},\"author\":{\"name\":\"Julio Davalos\",\"@id\":\"https:\\\/\\\/www.ip.gov.py\\\/ip\\\/#\\\/schema\\\/person\\\/eca17efa564153e0e4f59d8dfde23d1f\"},\"headline\":\"Presentar\u00e1n ponencia sobre uso del espa\u00f1ol en la descripci\u00f3n del guaran\u00ed en Congreso Internacional\",\"datePublished\":\"2023-03-27T15:56:27+00:00\",\"dateModified\":\"2023-03-27T20:11:51+00:00\",\"mainEntityOfPage\":{\"@id\":\"https:\\\/\\\/www.ip.gov.py\\\/ip\\\/2023\\\/03\\\/27\\\/ministra-de-politicas-linguisticas-presentara-ponencia-sobre-el-uso-del-espanol-en-la-descripcion-del-guarani-en-congreso-internacional-en-cadiz\\\/\"},\"wordCount\":327,\"publisher\":{\"@id\":\"https:\\\/\\\/www.ip.gov.py\\\/ip\\\/#organization\"},\"image\":{\"@id\":\"https:\\\/\\\/www.ip.gov.py\\\/ip\\\/2023\\\/03\\\/27\\\/ministra-de-politicas-linguisticas-presentara-ponencia-sobre-el-uso-del-espanol-en-la-descripcion-del-guarani-en-congreso-internacional-en-cadiz\\\/#primaryimage\"},\"thumbnailUrl\":\"https:\\\/\\\/www.ip.gov.py\\\/ip\\\/wp-content\\\/uploads\\\/2023\\\/03\\\/ministra-Ladislaa-Alcaraz-ministra-de-Politicas-Linguisticas.jpg\",\"keywords\":[\"C\u00e1diz\",\"Congreso Internacional\",\"Espa\u00f1a\",\"ministra Ladislaa Alcaraz\",\"Pol\u00edticas Ling\u00fcisticas\"],\"articleSection\":[\"Cultura\"],\"inLanguage\":\"es\"},{\"@type\":\"WebPage\",\"@id\":\"https:\\\/\\\/www.ip.gov.py\\\/ip\\\/2023\\\/03\\\/27\\\/ministra-de-politicas-linguisticas-presentara-ponencia-sobre-el-uso-del-espanol-en-la-descripcion-del-guarani-en-congreso-internacional-en-cadiz\\\/\",\"url\":\"https:\\\/\\\/www.ip.gov.py\\\/ip\\\/2023\\\/03\\\/27\\\/ministra-de-politicas-linguisticas-presentara-ponencia-sobre-el-uso-del-espanol-en-la-descripcion-del-guarani-en-congreso-internacional-en-cadiz\\\/\",\"name\":\"Presentar\u00e1n ponencia sobre uso del espa\u00f1ol en la descripci\u00f3n del guaran\u00ed en Congreso Internacional - .::Agencia IP::.\",\"isPartOf\":{\"@id\":\"https:\\\/\\\/www.ip.gov.py\\\/ip\\\/#website\"},\"primaryImageOfPage\":{\"@id\":\"https:\\\/\\\/www.ip.gov.py\\\/ip\\\/2023\\\/03\\\/27\\\/ministra-de-politicas-linguisticas-presentara-ponencia-sobre-el-uso-del-espanol-en-la-descripcion-del-guarani-en-congreso-internacional-en-cadiz\\\/#primaryimage\"},\"image\":{\"@id\":\"https:\\\/\\\/www.ip.gov.py\\\/ip\\\/2023\\\/03\\\/27\\\/ministra-de-politicas-linguisticas-presentara-ponencia-sobre-el-uso-del-espanol-en-la-descripcion-del-guarani-en-congreso-internacional-en-cadiz\\\/#primaryimage\"},\"thumbnailUrl\":\"https:\\\/\\\/www.ip.gov.py\\\/ip\\\/wp-content\\\/uploads\\\/2023\\\/03\\\/ministra-Ladislaa-Alcaraz-ministra-de-Politicas-Linguisticas.jpg\",\"datePublished\":\"2023-03-27T15:56:27+00:00\",\"dateModified\":\"2023-03-27T20:11:51+00:00\",\"breadcrumb\":{\"@id\":\"https:\\\/\\\/www.ip.gov.py\\\/ip\\\/2023\\\/03\\\/27\\\/ministra-de-politicas-linguisticas-presentara-ponencia-sobre-el-uso-del-espanol-en-la-descripcion-del-guarani-en-congreso-internacional-en-cadiz\\\/#breadcrumb\"},\"inLanguage\":\"es\",\"potentialAction\":[{\"@type\":\"ReadAction\",\"target\":[\"https:\\\/\\\/www.ip.gov.py\\\/ip\\\/2023\\\/03\\\/27\\\/ministra-de-politicas-linguisticas-presentara-ponencia-sobre-el-uso-del-espanol-en-la-descripcion-del-guarani-en-congreso-internacional-en-cadiz\\\/\"]}]},{\"@type\":\"ImageObject\",\"inLanguage\":\"es\",\"@id\":\"https:\\\/\\\/www.ip.gov.py\\\/ip\\\/2023\\\/03\\\/27\\\/ministra-de-politicas-linguisticas-presentara-ponencia-sobre-el-uso-del-espanol-en-la-descripcion-del-guarani-en-congreso-internacional-en-cadiz\\\/#primaryimage\",\"url\":\"https:\\\/\\\/www.ip.gov.py\\\/ip\\\/wp-content\\\/uploads\\\/2023\\\/03\\\/ministra-Ladislaa-Alcaraz-ministra-de-Politicas-Linguisticas.jpg\",\"contentUrl\":\"https:\\\/\\\/www.ip.gov.py\\\/ip\\\/wp-content\\\/uploads\\\/2023\\\/03\\\/ministra-Ladislaa-Alcaraz-ministra-de-Politicas-Linguisticas.jpg\",\"width\":1280,\"height\":853},{\"@type\":\"BreadcrumbList\",\"@id\":\"https:\\\/\\\/www.ip.gov.py\\\/ip\\\/2023\\\/03\\\/27\\\/ministra-de-politicas-linguisticas-presentara-ponencia-sobre-el-uso-del-espanol-en-la-descripcion-del-guarani-en-congreso-internacional-en-cadiz\\\/#breadcrumb\",\"itemListElement\":[{\"@type\":\"ListItem\",\"position\":1,\"name\":\"Portada\",\"item\":\"https:\\\/\\\/www.ip.gov.py\\\/ip\\\/\"},{\"@type\":\"ListItem\",\"position\":2,\"name\":\"Presentar\u00e1n ponencia sobre uso del espa\u00f1ol en la descripci\u00f3n del guaran\u00ed en Congreso Internacional\"}]},{\"@type\":\"WebSite\",\"@id\":\"https:\\\/\\\/www.ip.gov.py\\\/ip\\\/#website\",\"url\":\"https:\\\/\\\/www.ip.gov.py\\\/ip\\\/\",\"name\":\".::Agencia IP::.\",\"description\":\"\",\"publisher\":{\"@id\":\"https:\\\/\\\/www.ip.gov.py\\\/ip\\\/#organization\"},\"potentialAction\":[{\"@type\":\"SearchAction\",\"target\":{\"@type\":\"EntryPoint\",\"urlTemplate\":\"https:\\\/\\\/www.ip.gov.py\\\/ip\\\/?s={search_term_string}\"},\"query-input\":{\"@type\":\"PropertyValueSpecification\",\"valueRequired\":true,\"valueName\":\"search_term_string\"}}],\"inLanguage\":\"es\"},{\"@type\":\"Organization\",\"@id\":\"https:\\\/\\\/www.ip.gov.py\\\/ip\\\/#organization\",\"name\":\"Agencia IP\",\"url\":\"https:\\\/\\\/www.ip.gov.py\\\/ip\\\/\",\"logo\":{\"@type\":\"ImageObject\",\"inLanguage\":\"es\",\"@id\":\"https:\\\/\\\/www.ip.gov.py\\\/ip\\\/#\\\/schema\\\/logo\\\/image\\\/\",\"url\":\"https:\\\/\\\/www.ip.gov.py\\\/ip\\\/wp-content\\\/uploads\\\/2018\\\/01\\\/Agencia-IP.jpg\",\"contentUrl\":\"https:\\\/\\\/www.ip.gov.py\\\/ip\\\/wp-content\\\/uploads\\\/2018\\\/01\\\/Agencia-IP.jpg\",\"width\":150,\"height\":150,\"caption\":\"Agencia IP\"},\"image\":{\"@id\":\"https:\\\/\\\/www.ip.gov.py\\\/ip\\\/#\\\/schema\\\/logo\\\/image\\\/\"},\"sameAs\":[\"https:\\\/\\\/www.facebook.com\\\/IPParaguay\\\/\",\"https:\\\/\\\/x.com\\\/IPParaguay\",\"https:\\\/\\\/www.instagram.com\\\/IPParaguay\"]},{\"@type\":\"Person\",\"@id\":\"https:\\\/\\\/www.ip.gov.py\\\/ip\\\/#\\\/schema\\\/person\\\/eca17efa564153e0e4f59d8dfde23d1f\",\"name\":\"Julio Davalos\",\"url\":\"https:\\\/\\\/www.ip.gov.py\\\/ip\\\/author\\\/jdavalos\\\/\"}]}<\/script>\n<!-- \/ Yoast SEO plugin. -->","yoast_head_json":{"title":"Presentar\u00e1n ponencia sobre uso del espa\u00f1ol en la descripci\u00f3n del guaran\u00ed en Congreso Internacional - .::Agencia IP::.","robots":{"index":"index","follow":"follow","max-snippet":"max-snippet:-1","max-image-preview":"max-image-preview:large","max-video-preview":"max-video-preview:-1"},"canonical":"https:\/\/www.ip.gov.py\/ip\/2023\/03\/27\/ministra-de-politicas-linguisticas-presentara-ponencia-sobre-el-uso-del-espanol-en-la-descripcion-del-guarani-en-congreso-internacional-en-cadiz\/","og_locale":"es_ES","og_type":"article","og_title":"Presentar\u00e1n ponencia sobre uso del espa\u00f1ol en la descripci\u00f3n del guaran\u00ed en Congreso Internacional - .::Agencia IP::.","og_description":"Asunci\u00f3n, Agencia IP.-Con el objetivo de discutir el uso del espa\u00f1ol en la descripci\u00f3n del guaran\u00ed y otras lenguas originarias del Paraguay, la ministra de la Secretar\u00eda de Pol\u00edticas Ling\u00fc\u00edsticas, Ladislaa Alcaraz de Silvero, presentar\u00e1 su ponencia en el Congreso Internacional de la Lengua Espa\u00f1ola CILE 2023, en C\u00e1diz, Espa\u00f1a, este jueves 30 de marzo [&hellip;]","og_url":"https:\/\/www.ip.gov.py\/ip\/2023\/03\/27\/ministra-de-politicas-linguisticas-presentara-ponencia-sobre-el-uso-del-espanol-en-la-descripcion-del-guarani-en-congreso-internacional-en-cadiz\/","og_site_name":".::Agencia IP::.","article_publisher":"https:\/\/www.facebook.com\/IPParaguay\/","article_published_time":"2023-03-27T15:56:27+00:00","article_modified_time":"2023-03-27T20:11:51+00:00","og_image":[{"width":1280,"height":853,"url":"https:\/\/www.ip.gov.py\/ip\/wp-content\/uploads\/2023\/03\/ministra-Ladislaa-Alcaraz-ministra-de-Politicas-Linguisticas.jpg","type":"image\/jpeg"}],"author":"Julio Davalos","twitter_card":"summary_large_image","twitter_creator":"@IPParaguay","twitter_site":"@IPParaguay","twitter_misc":{"Escrito por":"Julio Davalos","Tiempo de lectura":"2 minutos"},"schema":{"@context":"https:\/\/schema.org","@graph":[{"@type":"Article","@id":"https:\/\/www.ip.gov.py\/ip\/2023\/03\/27\/ministra-de-politicas-linguisticas-presentara-ponencia-sobre-el-uso-del-espanol-en-la-descripcion-del-guarani-en-congreso-internacional-en-cadiz\/#article","isPartOf":{"@id":"https:\/\/www.ip.gov.py\/ip\/2023\/03\/27\/ministra-de-politicas-linguisticas-presentara-ponencia-sobre-el-uso-del-espanol-en-la-descripcion-del-guarani-en-congreso-internacional-en-cadiz\/"},"author":{"name":"Julio Davalos","@id":"https:\/\/www.ip.gov.py\/ip\/#\/schema\/person\/eca17efa564153e0e4f59d8dfde23d1f"},"headline":"Presentar\u00e1n ponencia sobre uso del espa\u00f1ol en la descripci\u00f3n del guaran\u00ed en Congreso Internacional","datePublished":"2023-03-27T15:56:27+00:00","dateModified":"2023-03-27T20:11:51+00:00","mainEntityOfPage":{"@id":"https:\/\/www.ip.gov.py\/ip\/2023\/03\/27\/ministra-de-politicas-linguisticas-presentara-ponencia-sobre-el-uso-del-espanol-en-la-descripcion-del-guarani-en-congreso-internacional-en-cadiz\/"},"wordCount":327,"publisher":{"@id":"https:\/\/www.ip.gov.py\/ip\/#organization"},"image":{"@id":"https:\/\/www.ip.gov.py\/ip\/2023\/03\/27\/ministra-de-politicas-linguisticas-presentara-ponencia-sobre-el-uso-del-espanol-en-la-descripcion-del-guarani-en-congreso-internacional-en-cadiz\/#primaryimage"},"thumbnailUrl":"https:\/\/www.ip.gov.py\/ip\/wp-content\/uploads\/2023\/03\/ministra-Ladislaa-Alcaraz-ministra-de-Politicas-Linguisticas.jpg","keywords":["C\u00e1diz","Congreso Internacional","Espa\u00f1a","ministra Ladislaa Alcaraz","Pol\u00edticas Ling\u00fcisticas"],"articleSection":["Cultura"],"inLanguage":"es"},{"@type":"WebPage","@id":"https:\/\/www.ip.gov.py\/ip\/2023\/03\/27\/ministra-de-politicas-linguisticas-presentara-ponencia-sobre-el-uso-del-espanol-en-la-descripcion-del-guarani-en-congreso-internacional-en-cadiz\/","url":"https:\/\/www.ip.gov.py\/ip\/2023\/03\/27\/ministra-de-politicas-linguisticas-presentara-ponencia-sobre-el-uso-del-espanol-en-la-descripcion-del-guarani-en-congreso-internacional-en-cadiz\/","name":"Presentar\u00e1n ponencia sobre uso del espa\u00f1ol en la descripci\u00f3n del guaran\u00ed en Congreso Internacional - .::Agencia IP::.","isPartOf":{"@id":"https:\/\/www.ip.gov.py\/ip\/#website"},"primaryImageOfPage":{"@id":"https:\/\/www.ip.gov.py\/ip\/2023\/03\/27\/ministra-de-politicas-linguisticas-presentara-ponencia-sobre-el-uso-del-espanol-en-la-descripcion-del-guarani-en-congreso-internacional-en-cadiz\/#primaryimage"},"image":{"@id":"https:\/\/www.ip.gov.py\/ip\/2023\/03\/27\/ministra-de-politicas-linguisticas-presentara-ponencia-sobre-el-uso-del-espanol-en-la-descripcion-del-guarani-en-congreso-internacional-en-cadiz\/#primaryimage"},"thumbnailUrl":"https:\/\/www.ip.gov.py\/ip\/wp-content\/uploads\/2023\/03\/ministra-Ladislaa-Alcaraz-ministra-de-Politicas-Linguisticas.jpg","datePublished":"2023-03-27T15:56:27+00:00","dateModified":"2023-03-27T20:11:51+00:00","breadcrumb":{"@id":"https:\/\/www.ip.gov.py\/ip\/2023\/03\/27\/ministra-de-politicas-linguisticas-presentara-ponencia-sobre-el-uso-del-espanol-en-la-descripcion-del-guarani-en-congreso-internacional-en-cadiz\/#breadcrumb"},"inLanguage":"es","potentialAction":[{"@type":"ReadAction","target":["https:\/\/www.ip.gov.py\/ip\/2023\/03\/27\/ministra-de-politicas-linguisticas-presentara-ponencia-sobre-el-uso-del-espanol-en-la-descripcion-del-guarani-en-congreso-internacional-en-cadiz\/"]}]},{"@type":"ImageObject","inLanguage":"es","@id":"https:\/\/www.ip.gov.py\/ip\/2023\/03\/27\/ministra-de-politicas-linguisticas-presentara-ponencia-sobre-el-uso-del-espanol-en-la-descripcion-del-guarani-en-congreso-internacional-en-cadiz\/#primaryimage","url":"https:\/\/www.ip.gov.py\/ip\/wp-content\/uploads\/2023\/03\/ministra-Ladislaa-Alcaraz-ministra-de-Politicas-Linguisticas.jpg","contentUrl":"https:\/\/www.ip.gov.py\/ip\/wp-content\/uploads\/2023\/03\/ministra-Ladislaa-Alcaraz-ministra-de-Politicas-Linguisticas.jpg","width":1280,"height":853},{"@type":"BreadcrumbList","@id":"https:\/\/www.ip.gov.py\/ip\/2023\/03\/27\/ministra-de-politicas-linguisticas-presentara-ponencia-sobre-el-uso-del-espanol-en-la-descripcion-del-guarani-en-congreso-internacional-en-cadiz\/#breadcrumb","itemListElement":[{"@type":"ListItem","position":1,"name":"Portada","item":"https:\/\/www.ip.gov.py\/ip\/"},{"@type":"ListItem","position":2,"name":"Presentar\u00e1n ponencia sobre uso del espa\u00f1ol en la descripci\u00f3n del guaran\u00ed en Congreso Internacional"}]},{"@type":"WebSite","@id":"https:\/\/www.ip.gov.py\/ip\/#website","url":"https:\/\/www.ip.gov.py\/ip\/","name":".::Agencia IP::.","description":"","publisher":{"@id":"https:\/\/www.ip.gov.py\/ip\/#organization"},"potentialAction":[{"@type":"SearchAction","target":{"@type":"EntryPoint","urlTemplate":"https:\/\/www.ip.gov.py\/ip\/?s={search_term_string}"},"query-input":{"@type":"PropertyValueSpecification","valueRequired":true,"valueName":"search_term_string"}}],"inLanguage":"es"},{"@type":"Organization","@id":"https:\/\/www.ip.gov.py\/ip\/#organization","name":"Agencia IP","url":"https:\/\/www.ip.gov.py\/ip\/","logo":{"@type":"ImageObject","inLanguage":"es","@id":"https:\/\/www.ip.gov.py\/ip\/#\/schema\/logo\/image\/","url":"https:\/\/www.ip.gov.py\/ip\/wp-content\/uploads\/2018\/01\/Agencia-IP.jpg","contentUrl":"https:\/\/www.ip.gov.py\/ip\/wp-content\/uploads\/2018\/01\/Agencia-IP.jpg","width":150,"height":150,"caption":"Agencia IP"},"image":{"@id":"https:\/\/www.ip.gov.py\/ip\/#\/schema\/logo\/image\/"},"sameAs":["https:\/\/www.facebook.com\/IPParaguay\/","https:\/\/x.com\/IPParaguay","https:\/\/www.instagram.com\/IPParaguay"]},{"@type":"Person","@id":"https:\/\/www.ip.gov.py\/ip\/#\/schema\/person\/eca17efa564153e0e4f59d8dfde23d1f","name":"Julio Davalos","url":"https:\/\/www.ip.gov.py\/ip\/author\/jdavalos\/"}]}},"_links":{"self":[{"href":"https:\/\/www.ip.gov.py\/ip\/wp-json\/wp\/v2\/posts\/451268","targetHints":{"allow":["GET"]}}],"collection":[{"href":"https:\/\/www.ip.gov.py\/ip\/wp-json\/wp\/v2\/posts"}],"about":[{"href":"https:\/\/www.ip.gov.py\/ip\/wp-json\/wp\/v2\/types\/post"}],"author":[{"embeddable":true,"href":"https:\/\/www.ip.gov.py\/ip\/wp-json\/wp\/v2\/users\/34"}],"replies":[{"embeddable":true,"href":"https:\/\/www.ip.gov.py\/ip\/wp-json\/wp\/v2\/comments?post=451268"}],"version-history":[{"count":0,"href":"https:\/\/www.ip.gov.py\/ip\/wp-json\/wp\/v2\/posts\/451268\/revisions"}],"wp:featuredmedia":[{"embeddable":true,"href":"https:\/\/www.ip.gov.py\/ip\/wp-json\/wp\/v2\/media\/451271"}],"wp:attachment":[{"href":"https:\/\/www.ip.gov.py\/ip\/wp-json\/wp\/v2\/media?parent=451268"}],"wp:term":[{"taxonomy":"category","embeddable":true,"href":"https:\/\/www.ip.gov.py\/ip\/wp-json\/wp\/v2\/categories?post=451268"},{"taxonomy":"post_tag","embeddable":true,"href":"https:\/\/www.ip.gov.py\/ip\/wp-json\/wp\/v2\/tags?post=451268"}],"curies":[{"name":"wp","href":"https:\/\/api.w.org\/{rel}","templated":true}]}}