{"id":452414,"date":"2023-04-11T11:56:41","date_gmt":"2023-04-11T15:56:41","guid":{"rendered":"https:\/\/www.ip.gov.py\/ip\/?p=452414"},"modified":"2023-04-11T11:56:41","modified_gmt":"2023-04-11T15:56:41","slug":"el-fin-de-semana-se-viene-el-pre-panamericano-de-remo","status":"publish","type":"post","link":"https:\/\/www.ip.gov.py\/ip\/2023\/04\/11\/el-fin-de-semana-se-viene-el-pre-panamericano-de-remo\/","title":{"rendered":"El fin de semana se viene el pre panamericano de Remo"},"content":{"rendered":"<p style=\"text-align: justify;\"><em><strong>Asunci\u00f3n, Agencia IP.-<\/strong><\/em>La cita ser\u00e1 en Chile y otorgar\u00e1 cupos a los Juegos Panamericanos Santiago 2023, que se desarrollaran del 20 de octubre al 5 de Noviembre venidero.<!--more--><\/p>\n<p style=\"text-align: justify;\">La atenci\u00f3n del remo de las Am\u00e9ricas se centrar\u00e1 del s\u00e1bado 15 al mi\u00e9rcoles 19 de abril en la comuna de San Pedro de la Paz con la celebraci\u00f3n del Pre panamericano de este deporte en la Laguna Grande.<\/p>\n<p style=\"text-align: justify;\">La competencia en la Regi\u00f3n del Biob\u00edo, en el centro sur de Chile, ser\u00e1 transmitida \u00edntegramente a trav\u00e9s de Panam Sports Channel en una coproducci\u00f3n con el equipo de Broadcasting de la Corporaci\u00f3n Santiago 2023.<\/p>\n<p style=\"text-align: justify;\">El canal se prepara tambi\u00e9n para transmitir los Juegos entre octubre y noviembre pr\u00f3ximos.<\/p>\n<p style=\"text-align: justify;\">La delegaci\u00f3n paraguaya est\u00e1 integrada por<\/p>\n<p style=\"text-align: justify;\">Alejandra Alonso<\/p>\n<p style=\"text-align: justify;\">Fiorela Rodr\u00edguez<\/p>\n<p style=\"text-align: justify;\">Ahilin Sanabria<\/p>\n<p style=\"text-align: justify;\">Adriana Sanabria<\/p>\n<p style=\"text-align: justify;\">Eliana Sosa<\/p>\n<p style=\"text-align: justify;\">Rocio Bord\u00f3n<\/p>\n<p style=\"text-align: justify;\">Arturo Rivarola<\/p>\n<p style=\"text-align: justify;\">Daniel Villalba<\/p>\n<p style=\"text-align: justify;\">Nicol\u00e1s Villalba<\/p>\n<p style=\"text-align: justify;\">Mat\u00edas Ram\u00edrez<\/p>\n<p style=\"text-align: justify;\">Gabriel Portillo<\/p>\n<p style=\"text-align: justify;\">Entrenadores<\/p>\n<p style=\"text-align: justify;\">Mariano Tomas Kowalczyk<\/p>\n<p style=\"text-align: justify;\">Dionisio Gamarra<\/p>\n<p style=\"text-align: justify;\">Nutricionista<\/p>\n<p style=\"text-align: justify;\">Johana Ocampos<\/p>\n<p style=\"text-align: justify;\">Fisioterapia<\/p>\n<p style=\"text-align: justify;\">Luis Zamprogna<\/p>\n","protected":false},"excerpt":{"rendered":"<p>Asunci\u00f3n, Agencia IP.-La cita ser\u00e1 en Chile y otorgar\u00e1 cupos a los Juegos Panamericanos Santiago 2023, que se desarrollaran del 20 de octubre al 5 de Noviembre venidero.<\/p>\n","protected":false},"author":11,"featured_media":452415,"comment_status":"closed","ping_status":"closed","sticky":false,"template":"","format":"standard","meta":{"_monsterinsights_skip_tracking":false,"_monsterinsights_sitenote_active":false,"_monsterinsights_sitenote_note":"","_monsterinsights_sitenote_category":0,"footnotes":""},"categories":[8],"tags":[858,162,14932,2196,4203],"class_list":{"0":"post-452414","1":"post","2":"type-post","3":"status-publish","4":"format-standard","5":"has-post-thumbnail","7":"category-deportes","8":"tag-chile","9":"tag-paraguay","10":"tag-pre-panamericano","11":"tag-remo","12":"tag-santiago"},"yoast_head":"<!-- This site is optimized with the Yoast SEO plugin v27.5 - https:\/\/yoast.com\/product\/yoast-seo-wordpress\/ -->\n<title>El fin de semana se viene el pre panamericano de Remo - .::Agencia IP::.<\/title>\n<meta name=\"robots\" content=\"index, follow, max-snippet:-1, max-image-preview:large, max-video-preview:-1\" \/>\n<link rel=\"canonical\" href=\"https:\/\/www.ip.gov.py\/ip\/2023\/04\/11\/el-fin-de-semana-se-viene-el-pre-panamericano-de-remo\/\" \/>\n<meta property=\"og:locale\" content=\"es_ES\" \/>\n<meta property=\"og:type\" content=\"article\" \/>\n<meta property=\"og:title\" content=\"El fin de semana se viene el pre panamericano de Remo - .::Agencia IP::.\" \/>\n<meta property=\"og:description\" content=\"Asunci\u00f3n, Agencia IP.-La cita ser\u00e1 en Chile y otorgar\u00e1 cupos a los Juegos Panamericanos Santiago 2023, que se desarrollaran del 20 de octubre al 5 de Noviembre venidero.\" \/>\n<meta property=\"og:url\" content=\"https:\/\/www.ip.gov.py\/ip\/2023\/04\/11\/el-fin-de-semana-se-viene-el-pre-panamericano-de-remo\/\" \/>\n<meta property=\"og:site_name\" content=\".::Agencia IP::.\" \/>\n<meta property=\"article:publisher\" content=\"https:\/\/www.facebook.com\/IPParaguay\/\" \/>\n<meta property=\"article:published_time\" content=\"2023-04-11T15:56:41+00:00\" \/>\n<meta property=\"og:image\" content=\"https:\/\/www.ip.gov.py\/ip\/wp-content\/uploads\/2023\/04\/Remo.jpg\" \/>\n\t<meta property=\"og:image:width\" content=\"615\" \/>\n\t<meta property=\"og:image:height\" content=\"502\" \/>\n\t<meta property=\"og:image:type\" content=\"image\/jpeg\" \/>\n<meta name=\"author\" content=\"vrios\" \/>\n<meta name=\"twitter:card\" content=\"summary_large_image\" \/>\n<meta name=\"twitter:creator\" content=\"@IPParaguay\" \/>\n<meta name=\"twitter:site\" content=\"@IPParaguay\" \/>\n<meta name=\"twitter:label1\" content=\"Escrito por\" \/>\n\t<meta name=\"twitter:data1\" content=\"vrios\" \/>\n\t<meta name=\"twitter:label2\" content=\"Tiempo de lectura\" \/>\n\t<meta name=\"twitter:data2\" content=\"1 minuto\" \/>\n<script type=\"application\/ld+json\" class=\"yoast-schema-graph\">{\"@context\":\"https:\\\/\\\/schema.org\",\"@graph\":[{\"@type\":\"Article\",\"@id\":\"https:\\\/\\\/www.ip.gov.py\\\/ip\\\/2023\\\/04\\\/11\\\/el-fin-de-semana-se-viene-el-pre-panamericano-de-remo\\\/#article\",\"isPartOf\":{\"@id\":\"https:\\\/\\\/www.ip.gov.py\\\/ip\\\/2023\\\/04\\\/11\\\/el-fin-de-semana-se-viene-el-pre-panamericano-de-remo\\\/\"},\"author\":{\"name\":\"vrios\",\"@id\":\"https:\\\/\\\/www.ip.gov.py\\\/ip\\\/#\\\/schema\\\/person\\\/fa3668852e893cb0423795330f919039\"},\"headline\":\"El fin de semana se viene el pre panamericano de Remo\",\"datePublished\":\"2023-04-11T15:56:41+00:00\",\"mainEntityOfPage\":{\"@id\":\"https:\\\/\\\/www.ip.gov.py\\\/ip\\\/2023\\\/04\\\/11\\\/el-fin-de-semana-se-viene-el-pre-panamericano-de-remo\\\/\"},\"wordCount\":182,\"publisher\":{\"@id\":\"https:\\\/\\\/www.ip.gov.py\\\/ip\\\/#organization\"},\"image\":{\"@id\":\"https:\\\/\\\/www.ip.gov.py\\\/ip\\\/2023\\\/04\\\/11\\\/el-fin-de-semana-se-viene-el-pre-panamericano-de-remo\\\/#primaryimage\"},\"thumbnailUrl\":\"https:\\\/\\\/www.ip.gov.py\\\/ip\\\/wp-content\\\/uploads\\\/2023\\\/04\\\/Remo.jpg\",\"keywords\":[\"Chile\",\"paraguay\",\"Pre Panamericano\",\"Remo\",\"Santiago\"],\"articleSection\":[\"Deportes\"],\"inLanguage\":\"es\"},{\"@type\":\"WebPage\",\"@id\":\"https:\\\/\\\/www.ip.gov.py\\\/ip\\\/2023\\\/04\\\/11\\\/el-fin-de-semana-se-viene-el-pre-panamericano-de-remo\\\/\",\"url\":\"https:\\\/\\\/www.ip.gov.py\\\/ip\\\/2023\\\/04\\\/11\\\/el-fin-de-semana-se-viene-el-pre-panamericano-de-remo\\\/\",\"name\":\"El fin de semana se viene el pre panamericano de Remo - .::Agencia IP::.\",\"isPartOf\":{\"@id\":\"https:\\\/\\\/www.ip.gov.py\\\/ip\\\/#website\"},\"primaryImageOfPage\":{\"@id\":\"https:\\\/\\\/www.ip.gov.py\\\/ip\\\/2023\\\/04\\\/11\\\/el-fin-de-semana-se-viene-el-pre-panamericano-de-remo\\\/#primaryimage\"},\"image\":{\"@id\":\"https:\\\/\\\/www.ip.gov.py\\\/ip\\\/2023\\\/04\\\/11\\\/el-fin-de-semana-se-viene-el-pre-panamericano-de-remo\\\/#primaryimage\"},\"thumbnailUrl\":\"https:\\\/\\\/www.ip.gov.py\\\/ip\\\/wp-content\\\/uploads\\\/2023\\\/04\\\/Remo.jpg\",\"datePublished\":\"2023-04-11T15:56:41+00:00\",\"breadcrumb\":{\"@id\":\"https:\\\/\\\/www.ip.gov.py\\\/ip\\\/2023\\\/04\\\/11\\\/el-fin-de-semana-se-viene-el-pre-panamericano-de-remo\\\/#breadcrumb\"},\"inLanguage\":\"es\",\"potentialAction\":[{\"@type\":\"ReadAction\",\"target\":[\"https:\\\/\\\/www.ip.gov.py\\\/ip\\\/2023\\\/04\\\/11\\\/el-fin-de-semana-se-viene-el-pre-panamericano-de-remo\\\/\"]}]},{\"@type\":\"ImageObject\",\"inLanguage\":\"es\",\"@id\":\"https:\\\/\\\/www.ip.gov.py\\\/ip\\\/2023\\\/04\\\/11\\\/el-fin-de-semana-se-viene-el-pre-panamericano-de-remo\\\/#primaryimage\",\"url\":\"https:\\\/\\\/www.ip.gov.py\\\/ip\\\/wp-content\\\/uploads\\\/2023\\\/04\\\/Remo.jpg\",\"contentUrl\":\"https:\\\/\\\/www.ip.gov.py\\\/ip\\\/wp-content\\\/uploads\\\/2023\\\/04\\\/Remo.jpg\",\"width\":615,\"height\":502,\"caption\":\"Gentileza\"},{\"@type\":\"BreadcrumbList\",\"@id\":\"https:\\\/\\\/www.ip.gov.py\\\/ip\\\/2023\\\/04\\\/11\\\/el-fin-de-semana-se-viene-el-pre-panamericano-de-remo\\\/#breadcrumb\",\"itemListElement\":[{\"@type\":\"ListItem\",\"position\":1,\"name\":\"Portada\",\"item\":\"https:\\\/\\\/www.ip.gov.py\\\/ip\\\/\"},{\"@type\":\"ListItem\",\"position\":2,\"name\":\"El fin de semana se viene el pre panamericano de Remo\"}]},{\"@type\":\"WebSite\",\"@id\":\"https:\\\/\\\/www.ip.gov.py\\\/ip\\\/#website\",\"url\":\"https:\\\/\\\/www.ip.gov.py\\\/ip\\\/\",\"name\":\".::Agencia IP::.\",\"description\":\"\",\"publisher\":{\"@id\":\"https:\\\/\\\/www.ip.gov.py\\\/ip\\\/#organization\"},\"potentialAction\":[{\"@type\":\"SearchAction\",\"target\":{\"@type\":\"EntryPoint\",\"urlTemplate\":\"https:\\\/\\\/www.ip.gov.py\\\/ip\\\/?s={search_term_string}\"},\"query-input\":{\"@type\":\"PropertyValueSpecification\",\"valueRequired\":true,\"valueName\":\"search_term_string\"}}],\"inLanguage\":\"es\"},{\"@type\":\"Organization\",\"@id\":\"https:\\\/\\\/www.ip.gov.py\\\/ip\\\/#organization\",\"name\":\"Agencia IP\",\"url\":\"https:\\\/\\\/www.ip.gov.py\\\/ip\\\/\",\"logo\":{\"@type\":\"ImageObject\",\"inLanguage\":\"es\",\"@id\":\"https:\\\/\\\/www.ip.gov.py\\\/ip\\\/#\\\/schema\\\/logo\\\/image\\\/\",\"url\":\"https:\\\/\\\/www.ip.gov.py\\\/ip\\\/wp-content\\\/uploads\\\/2018\\\/01\\\/Agencia-IP.jpg\",\"contentUrl\":\"https:\\\/\\\/www.ip.gov.py\\\/ip\\\/wp-content\\\/uploads\\\/2018\\\/01\\\/Agencia-IP.jpg\",\"width\":150,\"height\":150,\"caption\":\"Agencia IP\"},\"image\":{\"@id\":\"https:\\\/\\\/www.ip.gov.py\\\/ip\\\/#\\\/schema\\\/logo\\\/image\\\/\"},\"sameAs\":[\"https:\\\/\\\/www.facebook.com\\\/IPParaguay\\\/\",\"https:\\\/\\\/x.com\\\/IPParaguay\",\"https:\\\/\\\/www.instagram.com\\\/IPParaguay\"]},{\"@type\":\"Person\",\"@id\":\"https:\\\/\\\/www.ip.gov.py\\\/ip\\\/#\\\/schema\\\/person\\\/fa3668852e893cb0423795330f919039\",\"name\":\"vrios\",\"url\":\"https:\\\/\\\/www.ip.gov.py\\\/ip\\\/author\\\/vrios\\\/\"}]}<\/script>\n<!-- \/ Yoast SEO plugin. -->","yoast_head_json":{"title":"El fin de semana se viene el pre panamericano de Remo - .::Agencia IP::.","robots":{"index":"index","follow":"follow","max-snippet":"max-snippet:-1","max-image-preview":"max-image-preview:large","max-video-preview":"max-video-preview:-1"},"canonical":"https:\/\/www.ip.gov.py\/ip\/2023\/04\/11\/el-fin-de-semana-se-viene-el-pre-panamericano-de-remo\/","og_locale":"es_ES","og_type":"article","og_title":"El fin de semana se viene el pre panamericano de Remo - .::Agencia IP::.","og_description":"Asunci\u00f3n, Agencia IP.-La cita ser\u00e1 en Chile y otorgar\u00e1 cupos a los Juegos Panamericanos Santiago 2023, que se desarrollaran del 20 de octubre al 5 de Noviembre venidero.","og_url":"https:\/\/www.ip.gov.py\/ip\/2023\/04\/11\/el-fin-de-semana-se-viene-el-pre-panamericano-de-remo\/","og_site_name":".::Agencia IP::.","article_publisher":"https:\/\/www.facebook.com\/IPParaguay\/","article_published_time":"2023-04-11T15:56:41+00:00","og_image":[{"width":615,"height":502,"url":"https:\/\/www.ip.gov.py\/ip\/wp-content\/uploads\/2023\/04\/Remo.jpg","type":"image\/jpeg"}],"author":"vrios","twitter_card":"summary_large_image","twitter_creator":"@IPParaguay","twitter_site":"@IPParaguay","twitter_misc":{"Escrito por":"vrios","Tiempo de lectura":"1 minuto"},"schema":{"@context":"https:\/\/schema.org","@graph":[{"@type":"Article","@id":"https:\/\/www.ip.gov.py\/ip\/2023\/04\/11\/el-fin-de-semana-se-viene-el-pre-panamericano-de-remo\/#article","isPartOf":{"@id":"https:\/\/www.ip.gov.py\/ip\/2023\/04\/11\/el-fin-de-semana-se-viene-el-pre-panamericano-de-remo\/"},"author":{"name":"vrios","@id":"https:\/\/www.ip.gov.py\/ip\/#\/schema\/person\/fa3668852e893cb0423795330f919039"},"headline":"El fin de semana se viene el pre panamericano de Remo","datePublished":"2023-04-11T15:56:41+00:00","mainEntityOfPage":{"@id":"https:\/\/www.ip.gov.py\/ip\/2023\/04\/11\/el-fin-de-semana-se-viene-el-pre-panamericano-de-remo\/"},"wordCount":182,"publisher":{"@id":"https:\/\/www.ip.gov.py\/ip\/#organization"},"image":{"@id":"https:\/\/www.ip.gov.py\/ip\/2023\/04\/11\/el-fin-de-semana-se-viene-el-pre-panamericano-de-remo\/#primaryimage"},"thumbnailUrl":"https:\/\/www.ip.gov.py\/ip\/wp-content\/uploads\/2023\/04\/Remo.jpg","keywords":["Chile","paraguay","Pre Panamericano","Remo","Santiago"],"articleSection":["Deportes"],"inLanguage":"es"},{"@type":"WebPage","@id":"https:\/\/www.ip.gov.py\/ip\/2023\/04\/11\/el-fin-de-semana-se-viene-el-pre-panamericano-de-remo\/","url":"https:\/\/www.ip.gov.py\/ip\/2023\/04\/11\/el-fin-de-semana-se-viene-el-pre-panamericano-de-remo\/","name":"El fin de semana se viene el pre panamericano de Remo - .::Agencia IP::.","isPartOf":{"@id":"https:\/\/www.ip.gov.py\/ip\/#website"},"primaryImageOfPage":{"@id":"https:\/\/www.ip.gov.py\/ip\/2023\/04\/11\/el-fin-de-semana-se-viene-el-pre-panamericano-de-remo\/#primaryimage"},"image":{"@id":"https:\/\/www.ip.gov.py\/ip\/2023\/04\/11\/el-fin-de-semana-se-viene-el-pre-panamericano-de-remo\/#primaryimage"},"thumbnailUrl":"https:\/\/www.ip.gov.py\/ip\/wp-content\/uploads\/2023\/04\/Remo.jpg","datePublished":"2023-04-11T15:56:41+00:00","breadcrumb":{"@id":"https:\/\/www.ip.gov.py\/ip\/2023\/04\/11\/el-fin-de-semana-se-viene-el-pre-panamericano-de-remo\/#breadcrumb"},"inLanguage":"es","potentialAction":[{"@type":"ReadAction","target":["https:\/\/www.ip.gov.py\/ip\/2023\/04\/11\/el-fin-de-semana-se-viene-el-pre-panamericano-de-remo\/"]}]},{"@type":"ImageObject","inLanguage":"es","@id":"https:\/\/www.ip.gov.py\/ip\/2023\/04\/11\/el-fin-de-semana-se-viene-el-pre-panamericano-de-remo\/#primaryimage","url":"https:\/\/www.ip.gov.py\/ip\/wp-content\/uploads\/2023\/04\/Remo.jpg","contentUrl":"https:\/\/www.ip.gov.py\/ip\/wp-content\/uploads\/2023\/04\/Remo.jpg","width":615,"height":502,"caption":"Gentileza"},{"@type":"BreadcrumbList","@id":"https:\/\/www.ip.gov.py\/ip\/2023\/04\/11\/el-fin-de-semana-se-viene-el-pre-panamericano-de-remo\/#breadcrumb","itemListElement":[{"@type":"ListItem","position":1,"name":"Portada","item":"https:\/\/www.ip.gov.py\/ip\/"},{"@type":"ListItem","position":2,"name":"El fin de semana se viene el pre panamericano de Remo"}]},{"@type":"WebSite","@id":"https:\/\/www.ip.gov.py\/ip\/#website","url":"https:\/\/www.ip.gov.py\/ip\/","name":".::Agencia IP::.","description":"","publisher":{"@id":"https:\/\/www.ip.gov.py\/ip\/#organization"},"potentialAction":[{"@type":"SearchAction","target":{"@type":"EntryPoint","urlTemplate":"https:\/\/www.ip.gov.py\/ip\/?s={search_term_string}"},"query-input":{"@type":"PropertyValueSpecification","valueRequired":true,"valueName":"search_term_string"}}],"inLanguage":"es"},{"@type":"Organization","@id":"https:\/\/www.ip.gov.py\/ip\/#organization","name":"Agencia IP","url":"https:\/\/www.ip.gov.py\/ip\/","logo":{"@type":"ImageObject","inLanguage":"es","@id":"https:\/\/www.ip.gov.py\/ip\/#\/schema\/logo\/image\/","url":"https:\/\/www.ip.gov.py\/ip\/wp-content\/uploads\/2018\/01\/Agencia-IP.jpg","contentUrl":"https:\/\/www.ip.gov.py\/ip\/wp-content\/uploads\/2018\/01\/Agencia-IP.jpg","width":150,"height":150,"caption":"Agencia IP"},"image":{"@id":"https:\/\/www.ip.gov.py\/ip\/#\/schema\/logo\/image\/"},"sameAs":["https:\/\/www.facebook.com\/IPParaguay\/","https:\/\/x.com\/IPParaguay","https:\/\/www.instagram.com\/IPParaguay"]},{"@type":"Person","@id":"https:\/\/www.ip.gov.py\/ip\/#\/schema\/person\/fa3668852e893cb0423795330f919039","name":"vrios","url":"https:\/\/www.ip.gov.py\/ip\/author\/vrios\/"}]}},"_links":{"self":[{"href":"https:\/\/www.ip.gov.py\/ip\/wp-json\/wp\/v2\/posts\/452414","targetHints":{"allow":["GET"]}}],"collection":[{"href":"https:\/\/www.ip.gov.py\/ip\/wp-json\/wp\/v2\/posts"}],"about":[{"href":"https:\/\/www.ip.gov.py\/ip\/wp-json\/wp\/v2\/types\/post"}],"author":[{"embeddable":true,"href":"https:\/\/www.ip.gov.py\/ip\/wp-json\/wp\/v2\/users\/11"}],"replies":[{"embeddable":true,"href":"https:\/\/www.ip.gov.py\/ip\/wp-json\/wp\/v2\/comments?post=452414"}],"version-history":[{"count":0,"href":"https:\/\/www.ip.gov.py\/ip\/wp-json\/wp\/v2\/posts\/452414\/revisions"}],"wp:featuredmedia":[{"embeddable":true,"href":"https:\/\/www.ip.gov.py\/ip\/wp-json\/wp\/v2\/media\/452415"}],"wp:attachment":[{"href":"https:\/\/www.ip.gov.py\/ip\/wp-json\/wp\/v2\/media?parent=452414"}],"wp:term":[{"taxonomy":"category","embeddable":true,"href":"https:\/\/www.ip.gov.py\/ip\/wp-json\/wp\/v2\/categories?post=452414"},{"taxonomy":"post_tag","embeddable":true,"href":"https:\/\/www.ip.gov.py\/ip\/wp-json\/wp\/v2\/tags?post=452414"}],"curies":[{"name":"wp","href":"https:\/\/api.w.org\/{rel}","templated":true}]}}