{"id":453252,"date":"2023-04-19T10:48:15","date_gmt":"2023-04-19T14:48:15","guid":{"rendered":"https:\/\/www.ip.gov.py\/ip\/?p=453252"},"modified":"2023-04-19T10:48:49","modified_gmt":"2023-04-19T14:48:49","slug":"paraguay-amplio-la-proteccion-economica-de-la-poblacion-adulta-mayor","status":"publish","type":"post","link":"https:\/\/www.ip.gov.py\/ip\/2023\/04\/19\/paraguay-amplio-la-proteccion-economica-de-la-poblacion-adulta-mayor\/","title":{"rendered":"Paraguay ampli\u00f3 la protecci\u00f3n econ\u00f3mica de la poblaci\u00f3n adulta mayor"},"content":{"rendered":"<p style=\"text-align: justify;\"><em><strong>Asunci\u00f3n, Agencia IP.-<\/strong> <\/em>Con la ampliaci\u00f3n del gasto social orientado a la protecci\u00f3n econ\u00f3mica de las personas adultas mayores, a trav\u00e9s de la Pensi\u00f3n Alimentaria, en 2018 se logr\u00f3 alcanzar una cobertura global mayor al 50%, seg\u00fan refiere el Ministerio de Hacienda.<!--more--><\/p>\n<p style=\"text-align: justify;\">Para fin de 2022, la Encuesta Permanente de Hogares Continua indica que en Paraguay el 60,7% de la poblaci\u00f3n adulta mayor posee un beneficio previsional, de los cuales el 46,4% corresponde a la Pensi\u00f3n Alimentaria.<\/p>\n<p style=\"text-align: justify;\">En tan solo 12 a\u00f1os, la decisi\u00f3n de la implementaci\u00f3n y ampliaci\u00f3n de la Pensi\u00f3n Alimentaria permiti\u00f3 que la mayor\u00eda de la poblaci\u00f3n adulta mayor tenga recursos disponibles para la cobertura de sus necesidades b\u00e1sicas. Asimismo, en ese lapso Paraguay se acerc\u00f3 a los promedios regionales (68,8% en el a\u00f1o 2019), seg\u00fan refiere la Direcci\u00f3n de Pensiones No Contributivas (DPNC).<\/p>\n<p style=\"text-align: justify;\">Como antecedente de los datos presentados m\u00e1s arriba, la DPNC da cuenta que por circunstancias hist\u00f3ricas e inadecuaciones de los esquemas previsionales la cobertura de jubilaciones y pensiones contributivas en la poblaci\u00f3n adulta mayor ha sido limitada. En los \u00faltimos 13 a\u00f1os, nunca super\u00f3 el 17%.<\/p>\n<p style=\"text-align: justify;\">Con la sanci\u00f3n de la Ley 3728\/2009, se estableci\u00f3 el beneficio de Pensi\u00f3n Alimentaria, instrumento no contributivo que otorga una protecci\u00f3n econ\u00f3mica (equivalente al 25% del salario m\u00ednimo) a los estratos m\u00e1s vulnerables de la poblaci\u00f3n mayor de 65 a\u00f1os, refiere la DPNC dependiente de la Subsecretar\u00eda de Estado de Administraci\u00f3n Financiera (Sseaf).<\/p>\n<p style=\"text-align: justify;\">Tal como se observa en el gr\u00e1fico, en 2010 -comienzo de la implementaci\u00f3n de la pensi\u00f3n- la cobertura previsional alcanzaba solamente al 15,4% de la poblaci\u00f3n de 65 a\u00f1os y m\u00e1s. Progresivamente, la Pensi\u00f3n Alimentaria gener\u00f3 una ampliaci\u00f3n de la cobertura de previsi\u00f3n social. Ya en el a\u00f1o 2013 la Pensi\u00f3n Alimentaria cubr\u00eda a m\u00e1s adultos mayores (16,1%) que el conjunto de jubilaciones y pensiones contributivas (14,5%).<\/p>\n<p style=\"text-align: justify;\">Por \u00faltimo, desde el Ministerio de Hacienda se destaca el rol econ\u00f3micamente redistributivo de la Pensi\u00f3n Alimentaria, con un claro impacto en la reducci\u00f3n de la pobreza y de la desigualdad de ingresos.<\/p>\n","protected":false},"excerpt":{"rendered":"<p>Asunci\u00f3n, Agencia IP.- Con la ampliaci\u00f3n del gasto social orientado a la protecci\u00f3n econ\u00f3mica de las personas adultas mayores, a trav\u00e9s de la Pensi\u00f3n Alimentaria, en 2018 se logr\u00f3 alcanzar una cobertura global mayor al 50%, seg\u00fan refiere el Ministerio de Hacienda.<\/p>\n","protected":false},"author":23,"featured_media":430694,"comment_status":"closed","ping_status":"closed","sticky":false,"template":"","format":"standard","meta":{"_monsterinsights_skip_tracking":false,"_monsterinsights_sitenote_active":false,"_monsterinsights_sitenote_note":"","_monsterinsights_sitenote_category":0,"footnotes":""},"categories":[9],"tags":[31,14983,839],"class_list":{"0":"post-453252","1":"post","2":"type-post","3":"status-publish","4":"format-standard","5":"has-post-thumbnail","7":"category-economia","8":"tag-adultos-mayores","9":"tag-poblacion-adulta-mayor","10":"tag-proteccion-social"},"yoast_head":"<!-- This site is optimized with the Yoast SEO plugin v27.5 - https:\/\/yoast.com\/product\/yoast-seo-wordpress\/ -->\n<title>Paraguay ampli\u00f3 la protecci\u00f3n econ\u00f3mica de la poblaci\u00f3n adulta mayor - .::Agencia IP::.<\/title>\n<meta name=\"robots\" content=\"index, follow, max-snippet:-1, max-image-preview:large, max-video-preview:-1\" \/>\n<link rel=\"canonical\" href=\"https:\/\/www.ip.gov.py\/ip\/2023\/04\/19\/paraguay-amplio-la-proteccion-economica-de-la-poblacion-adulta-mayor\/\" \/>\n<meta property=\"og:locale\" content=\"es_ES\" \/>\n<meta property=\"og:type\" content=\"article\" \/>\n<meta property=\"og:title\" content=\"Paraguay ampli\u00f3 la protecci\u00f3n econ\u00f3mica de la poblaci\u00f3n adulta mayor - .::Agencia IP::.\" \/>\n<meta property=\"og:description\" content=\"Asunci\u00f3n, Agencia IP.- Con la ampliaci\u00f3n del gasto social orientado a la protecci\u00f3n econ\u00f3mica de las personas adultas mayores, a trav\u00e9s de la Pensi\u00f3n Alimentaria, en 2018 se logr\u00f3 alcanzar una cobertura global mayor al 50%, seg\u00fan refiere el Ministerio de Hacienda.\" \/>\n<meta property=\"og:url\" content=\"https:\/\/www.ip.gov.py\/ip\/2023\/04\/19\/paraguay-amplio-la-proteccion-economica-de-la-poblacion-adulta-mayor\/\" \/>\n<meta property=\"og:site_name\" content=\".::Agencia IP::.\" \/>\n<meta property=\"article:publisher\" content=\"https:\/\/www.facebook.com\/IPParaguay\/\" \/>\n<meta property=\"article:published_time\" content=\"2023-04-19T14:48:15+00:00\" \/>\n<meta property=\"article:modified_time\" content=\"2023-04-19T14:48:49+00:00\" \/>\n<meta property=\"og:image\" content=\"https:\/\/www.ip.gov.py\/ip\/wp-content\/uploads\/2022\/09\/Adultos-Adulto-mayor.jpeg\" \/>\n\t<meta property=\"og:image:width\" content=\"1280\" \/>\n\t<meta property=\"og:image:height\" content=\"869\" \/>\n\t<meta property=\"og:image:type\" content=\"image\/jpeg\" \/>\n<meta name=\"author\" content=\"Noelia Ferreira\" \/>\n<meta name=\"twitter:card\" content=\"summary_large_image\" \/>\n<meta name=\"twitter:creator\" content=\"@IPParaguay\" \/>\n<meta name=\"twitter:site\" content=\"@IPParaguay\" \/>\n<meta name=\"twitter:label1\" content=\"Escrito por\" \/>\n\t<meta name=\"twitter:data1\" content=\"Noelia Ferreira\" \/>\n\t<meta name=\"twitter:label2\" content=\"Tiempo de lectura\" \/>\n\t<meta name=\"twitter:data2\" content=\"2 minutos\" \/>\n<script type=\"application\/ld+json\" class=\"yoast-schema-graph\">{\"@context\":\"https:\\\/\\\/schema.org\",\"@graph\":[{\"@type\":\"Article\",\"@id\":\"https:\\\/\\\/www.ip.gov.py\\\/ip\\\/2023\\\/04\\\/19\\\/paraguay-amplio-la-proteccion-economica-de-la-poblacion-adulta-mayor\\\/#article\",\"isPartOf\":{\"@id\":\"https:\\\/\\\/www.ip.gov.py\\\/ip\\\/2023\\\/04\\\/19\\\/paraguay-amplio-la-proteccion-economica-de-la-poblacion-adulta-mayor\\\/\"},\"author\":{\"name\":\"Noelia Ferreira\",\"@id\":\"https:\\\/\\\/www.ip.gov.py\\\/ip\\\/#\\\/schema\\\/person\\\/791af27a9219bdbf9064abb776bb41c2\"},\"headline\":\"Paraguay ampli\u00f3 la protecci\u00f3n econ\u00f3mica de la poblaci\u00f3n adulta mayor\",\"datePublished\":\"2023-04-19T14:48:15+00:00\",\"dateModified\":\"2023-04-19T14:48:49+00:00\",\"mainEntityOfPage\":{\"@id\":\"https:\\\/\\\/www.ip.gov.py\\\/ip\\\/2023\\\/04\\\/19\\\/paraguay-amplio-la-proteccion-economica-de-la-poblacion-adulta-mayor\\\/\"},\"wordCount\":381,\"publisher\":{\"@id\":\"https:\\\/\\\/www.ip.gov.py\\\/ip\\\/#organization\"},\"image\":{\"@id\":\"https:\\\/\\\/www.ip.gov.py\\\/ip\\\/2023\\\/04\\\/19\\\/paraguay-amplio-la-proteccion-economica-de-la-poblacion-adulta-mayor\\\/#primaryimage\"},\"thumbnailUrl\":\"https:\\\/\\\/www.ip.gov.py\\\/ip\\\/wp-content\\\/uploads\\\/2022\\\/09\\\/Adultos-Adulto-mayor.jpeg\",\"keywords\":[\"adultos mayores\",\"poblaci\u00f3n adulta mayor\",\"protecci\u00f3n social\"],\"articleSection\":[\"Econom\u00eda\"],\"inLanguage\":\"es\"},{\"@type\":\"WebPage\",\"@id\":\"https:\\\/\\\/www.ip.gov.py\\\/ip\\\/2023\\\/04\\\/19\\\/paraguay-amplio-la-proteccion-economica-de-la-poblacion-adulta-mayor\\\/\",\"url\":\"https:\\\/\\\/www.ip.gov.py\\\/ip\\\/2023\\\/04\\\/19\\\/paraguay-amplio-la-proteccion-economica-de-la-poblacion-adulta-mayor\\\/\",\"name\":\"Paraguay ampli\u00f3 la protecci\u00f3n econ\u00f3mica de la poblaci\u00f3n adulta mayor - .::Agencia IP::.\",\"isPartOf\":{\"@id\":\"https:\\\/\\\/www.ip.gov.py\\\/ip\\\/#website\"},\"primaryImageOfPage\":{\"@id\":\"https:\\\/\\\/www.ip.gov.py\\\/ip\\\/2023\\\/04\\\/19\\\/paraguay-amplio-la-proteccion-economica-de-la-poblacion-adulta-mayor\\\/#primaryimage\"},\"image\":{\"@id\":\"https:\\\/\\\/www.ip.gov.py\\\/ip\\\/2023\\\/04\\\/19\\\/paraguay-amplio-la-proteccion-economica-de-la-poblacion-adulta-mayor\\\/#primaryimage\"},\"thumbnailUrl\":\"https:\\\/\\\/www.ip.gov.py\\\/ip\\\/wp-content\\\/uploads\\\/2022\\\/09\\\/Adultos-Adulto-mayor.jpeg\",\"datePublished\":\"2023-04-19T14:48:15+00:00\",\"dateModified\":\"2023-04-19T14:48:49+00:00\",\"breadcrumb\":{\"@id\":\"https:\\\/\\\/www.ip.gov.py\\\/ip\\\/2023\\\/04\\\/19\\\/paraguay-amplio-la-proteccion-economica-de-la-poblacion-adulta-mayor\\\/#breadcrumb\"},\"inLanguage\":\"es\",\"potentialAction\":[{\"@type\":\"ReadAction\",\"target\":[\"https:\\\/\\\/www.ip.gov.py\\\/ip\\\/2023\\\/04\\\/19\\\/paraguay-amplio-la-proteccion-economica-de-la-poblacion-adulta-mayor\\\/\"]}]},{\"@type\":\"ImageObject\",\"inLanguage\":\"es\",\"@id\":\"https:\\\/\\\/www.ip.gov.py\\\/ip\\\/2023\\\/04\\\/19\\\/paraguay-amplio-la-proteccion-economica-de-la-poblacion-adulta-mayor\\\/#primaryimage\",\"url\":\"https:\\\/\\\/www.ip.gov.py\\\/ip\\\/wp-content\\\/uploads\\\/2022\\\/09\\\/Adultos-Adulto-mayor.jpeg\",\"contentUrl\":\"https:\\\/\\\/www.ip.gov.py\\\/ip\\\/wp-content\\\/uploads\\\/2022\\\/09\\\/Adultos-Adulto-mayor.jpeg\",\"width\":1280,\"height\":869,\"caption\":\"Foto: Agencia IP\"},{\"@type\":\"BreadcrumbList\",\"@id\":\"https:\\\/\\\/www.ip.gov.py\\\/ip\\\/2023\\\/04\\\/19\\\/paraguay-amplio-la-proteccion-economica-de-la-poblacion-adulta-mayor\\\/#breadcrumb\",\"itemListElement\":[{\"@type\":\"ListItem\",\"position\":1,\"name\":\"Portada\",\"item\":\"https:\\\/\\\/www.ip.gov.py\\\/ip\\\/\"},{\"@type\":\"ListItem\",\"position\":2,\"name\":\"Paraguay ampli\u00f3 la protecci\u00f3n econ\u00f3mica de la poblaci\u00f3n adulta mayor\"}]},{\"@type\":\"WebSite\",\"@id\":\"https:\\\/\\\/www.ip.gov.py\\\/ip\\\/#website\",\"url\":\"https:\\\/\\\/www.ip.gov.py\\\/ip\\\/\",\"name\":\".::Agencia IP::.\",\"description\":\"\",\"publisher\":{\"@id\":\"https:\\\/\\\/www.ip.gov.py\\\/ip\\\/#organization\"},\"potentialAction\":[{\"@type\":\"SearchAction\",\"target\":{\"@type\":\"EntryPoint\",\"urlTemplate\":\"https:\\\/\\\/www.ip.gov.py\\\/ip\\\/?s={search_term_string}\"},\"query-input\":{\"@type\":\"PropertyValueSpecification\",\"valueRequired\":true,\"valueName\":\"search_term_string\"}}],\"inLanguage\":\"es\"},{\"@type\":\"Organization\",\"@id\":\"https:\\\/\\\/www.ip.gov.py\\\/ip\\\/#organization\",\"name\":\"Agencia IP\",\"url\":\"https:\\\/\\\/www.ip.gov.py\\\/ip\\\/\",\"logo\":{\"@type\":\"ImageObject\",\"inLanguage\":\"es\",\"@id\":\"https:\\\/\\\/www.ip.gov.py\\\/ip\\\/#\\\/schema\\\/logo\\\/image\\\/\",\"url\":\"https:\\\/\\\/www.ip.gov.py\\\/ip\\\/wp-content\\\/uploads\\\/2018\\\/01\\\/Agencia-IP.jpg\",\"contentUrl\":\"https:\\\/\\\/www.ip.gov.py\\\/ip\\\/wp-content\\\/uploads\\\/2018\\\/01\\\/Agencia-IP.jpg\",\"width\":150,\"height\":150,\"caption\":\"Agencia IP\"},\"image\":{\"@id\":\"https:\\\/\\\/www.ip.gov.py\\\/ip\\\/#\\\/schema\\\/logo\\\/image\\\/\"},\"sameAs\":[\"https:\\\/\\\/www.facebook.com\\\/IPParaguay\\\/\",\"https:\\\/\\\/x.com\\\/IPParaguay\",\"https:\\\/\\\/www.instagram.com\\\/IPParaguay\"]},{\"@type\":\"Person\",\"@id\":\"https:\\\/\\\/www.ip.gov.py\\\/ip\\\/#\\\/schema\\\/person\\\/791af27a9219bdbf9064abb776bb41c2\",\"name\":\"Noelia Ferreira\",\"sameAs\":[\"http:\\\/\\\/www.ip.gov.py\"],\"url\":\"https:\\\/\\\/www.ip.gov.py\\\/ip\\\/author\\\/nferreira\\\/\"}]}<\/script>\n<!-- \/ Yoast SEO plugin. -->","yoast_head_json":{"title":"Paraguay ampli\u00f3 la protecci\u00f3n econ\u00f3mica de la poblaci\u00f3n adulta mayor - .::Agencia IP::.","robots":{"index":"index","follow":"follow","max-snippet":"max-snippet:-1","max-image-preview":"max-image-preview:large","max-video-preview":"max-video-preview:-1"},"canonical":"https:\/\/www.ip.gov.py\/ip\/2023\/04\/19\/paraguay-amplio-la-proteccion-economica-de-la-poblacion-adulta-mayor\/","og_locale":"es_ES","og_type":"article","og_title":"Paraguay ampli\u00f3 la protecci\u00f3n econ\u00f3mica de la poblaci\u00f3n adulta mayor - .::Agencia IP::.","og_description":"Asunci\u00f3n, Agencia IP.- Con la ampliaci\u00f3n del gasto social orientado a la protecci\u00f3n econ\u00f3mica de las personas adultas mayores, a trav\u00e9s de la Pensi\u00f3n Alimentaria, en 2018 se logr\u00f3 alcanzar una cobertura global mayor al 50%, seg\u00fan refiere el Ministerio de Hacienda.","og_url":"https:\/\/www.ip.gov.py\/ip\/2023\/04\/19\/paraguay-amplio-la-proteccion-economica-de-la-poblacion-adulta-mayor\/","og_site_name":".::Agencia IP::.","article_publisher":"https:\/\/www.facebook.com\/IPParaguay\/","article_published_time":"2023-04-19T14:48:15+00:00","article_modified_time":"2023-04-19T14:48:49+00:00","og_image":[{"width":1280,"height":869,"url":"https:\/\/www.ip.gov.py\/ip\/wp-content\/uploads\/2022\/09\/Adultos-Adulto-mayor.jpeg","type":"image\/jpeg"}],"author":"Noelia Ferreira","twitter_card":"summary_large_image","twitter_creator":"@IPParaguay","twitter_site":"@IPParaguay","twitter_misc":{"Escrito por":"Noelia Ferreira","Tiempo de lectura":"2 minutos"},"schema":{"@context":"https:\/\/schema.org","@graph":[{"@type":"Article","@id":"https:\/\/www.ip.gov.py\/ip\/2023\/04\/19\/paraguay-amplio-la-proteccion-economica-de-la-poblacion-adulta-mayor\/#article","isPartOf":{"@id":"https:\/\/www.ip.gov.py\/ip\/2023\/04\/19\/paraguay-amplio-la-proteccion-economica-de-la-poblacion-adulta-mayor\/"},"author":{"name":"Noelia Ferreira","@id":"https:\/\/www.ip.gov.py\/ip\/#\/schema\/person\/791af27a9219bdbf9064abb776bb41c2"},"headline":"Paraguay ampli\u00f3 la protecci\u00f3n econ\u00f3mica de la poblaci\u00f3n adulta mayor","datePublished":"2023-04-19T14:48:15+00:00","dateModified":"2023-04-19T14:48:49+00:00","mainEntityOfPage":{"@id":"https:\/\/www.ip.gov.py\/ip\/2023\/04\/19\/paraguay-amplio-la-proteccion-economica-de-la-poblacion-adulta-mayor\/"},"wordCount":381,"publisher":{"@id":"https:\/\/www.ip.gov.py\/ip\/#organization"},"image":{"@id":"https:\/\/www.ip.gov.py\/ip\/2023\/04\/19\/paraguay-amplio-la-proteccion-economica-de-la-poblacion-adulta-mayor\/#primaryimage"},"thumbnailUrl":"https:\/\/www.ip.gov.py\/ip\/wp-content\/uploads\/2022\/09\/Adultos-Adulto-mayor.jpeg","keywords":["adultos mayores","poblaci\u00f3n adulta mayor","protecci\u00f3n social"],"articleSection":["Econom\u00eda"],"inLanguage":"es"},{"@type":"WebPage","@id":"https:\/\/www.ip.gov.py\/ip\/2023\/04\/19\/paraguay-amplio-la-proteccion-economica-de-la-poblacion-adulta-mayor\/","url":"https:\/\/www.ip.gov.py\/ip\/2023\/04\/19\/paraguay-amplio-la-proteccion-economica-de-la-poblacion-adulta-mayor\/","name":"Paraguay ampli\u00f3 la protecci\u00f3n econ\u00f3mica de la poblaci\u00f3n adulta mayor - .::Agencia IP::.","isPartOf":{"@id":"https:\/\/www.ip.gov.py\/ip\/#website"},"primaryImageOfPage":{"@id":"https:\/\/www.ip.gov.py\/ip\/2023\/04\/19\/paraguay-amplio-la-proteccion-economica-de-la-poblacion-adulta-mayor\/#primaryimage"},"image":{"@id":"https:\/\/www.ip.gov.py\/ip\/2023\/04\/19\/paraguay-amplio-la-proteccion-economica-de-la-poblacion-adulta-mayor\/#primaryimage"},"thumbnailUrl":"https:\/\/www.ip.gov.py\/ip\/wp-content\/uploads\/2022\/09\/Adultos-Adulto-mayor.jpeg","datePublished":"2023-04-19T14:48:15+00:00","dateModified":"2023-04-19T14:48:49+00:00","breadcrumb":{"@id":"https:\/\/www.ip.gov.py\/ip\/2023\/04\/19\/paraguay-amplio-la-proteccion-economica-de-la-poblacion-adulta-mayor\/#breadcrumb"},"inLanguage":"es","potentialAction":[{"@type":"ReadAction","target":["https:\/\/www.ip.gov.py\/ip\/2023\/04\/19\/paraguay-amplio-la-proteccion-economica-de-la-poblacion-adulta-mayor\/"]}]},{"@type":"ImageObject","inLanguage":"es","@id":"https:\/\/www.ip.gov.py\/ip\/2023\/04\/19\/paraguay-amplio-la-proteccion-economica-de-la-poblacion-adulta-mayor\/#primaryimage","url":"https:\/\/www.ip.gov.py\/ip\/wp-content\/uploads\/2022\/09\/Adultos-Adulto-mayor.jpeg","contentUrl":"https:\/\/www.ip.gov.py\/ip\/wp-content\/uploads\/2022\/09\/Adultos-Adulto-mayor.jpeg","width":1280,"height":869,"caption":"Foto: Agencia IP"},{"@type":"BreadcrumbList","@id":"https:\/\/www.ip.gov.py\/ip\/2023\/04\/19\/paraguay-amplio-la-proteccion-economica-de-la-poblacion-adulta-mayor\/#breadcrumb","itemListElement":[{"@type":"ListItem","position":1,"name":"Portada","item":"https:\/\/www.ip.gov.py\/ip\/"},{"@type":"ListItem","position":2,"name":"Paraguay ampli\u00f3 la protecci\u00f3n econ\u00f3mica de la poblaci\u00f3n adulta mayor"}]},{"@type":"WebSite","@id":"https:\/\/www.ip.gov.py\/ip\/#website","url":"https:\/\/www.ip.gov.py\/ip\/","name":".::Agencia IP::.","description":"","publisher":{"@id":"https:\/\/www.ip.gov.py\/ip\/#organization"},"potentialAction":[{"@type":"SearchAction","target":{"@type":"EntryPoint","urlTemplate":"https:\/\/www.ip.gov.py\/ip\/?s={search_term_string}"},"query-input":{"@type":"PropertyValueSpecification","valueRequired":true,"valueName":"search_term_string"}}],"inLanguage":"es"},{"@type":"Organization","@id":"https:\/\/www.ip.gov.py\/ip\/#organization","name":"Agencia IP","url":"https:\/\/www.ip.gov.py\/ip\/","logo":{"@type":"ImageObject","inLanguage":"es","@id":"https:\/\/www.ip.gov.py\/ip\/#\/schema\/logo\/image\/","url":"https:\/\/www.ip.gov.py\/ip\/wp-content\/uploads\/2018\/01\/Agencia-IP.jpg","contentUrl":"https:\/\/www.ip.gov.py\/ip\/wp-content\/uploads\/2018\/01\/Agencia-IP.jpg","width":150,"height":150,"caption":"Agencia IP"},"image":{"@id":"https:\/\/www.ip.gov.py\/ip\/#\/schema\/logo\/image\/"},"sameAs":["https:\/\/www.facebook.com\/IPParaguay\/","https:\/\/x.com\/IPParaguay","https:\/\/www.instagram.com\/IPParaguay"]},{"@type":"Person","@id":"https:\/\/www.ip.gov.py\/ip\/#\/schema\/person\/791af27a9219bdbf9064abb776bb41c2","name":"Noelia Ferreira","sameAs":["http:\/\/www.ip.gov.py"],"url":"https:\/\/www.ip.gov.py\/ip\/author\/nferreira\/"}]}},"_links":{"self":[{"href":"https:\/\/www.ip.gov.py\/ip\/wp-json\/wp\/v2\/posts\/453252","targetHints":{"allow":["GET"]}}],"collection":[{"href":"https:\/\/www.ip.gov.py\/ip\/wp-json\/wp\/v2\/posts"}],"about":[{"href":"https:\/\/www.ip.gov.py\/ip\/wp-json\/wp\/v2\/types\/post"}],"author":[{"embeddable":true,"href":"https:\/\/www.ip.gov.py\/ip\/wp-json\/wp\/v2\/users\/23"}],"replies":[{"embeddable":true,"href":"https:\/\/www.ip.gov.py\/ip\/wp-json\/wp\/v2\/comments?post=453252"}],"version-history":[{"count":0,"href":"https:\/\/www.ip.gov.py\/ip\/wp-json\/wp\/v2\/posts\/453252\/revisions"}],"wp:featuredmedia":[{"embeddable":true,"href":"https:\/\/www.ip.gov.py\/ip\/wp-json\/wp\/v2\/media\/430694"}],"wp:attachment":[{"href":"https:\/\/www.ip.gov.py\/ip\/wp-json\/wp\/v2\/media?parent=453252"}],"wp:term":[{"taxonomy":"category","embeddable":true,"href":"https:\/\/www.ip.gov.py\/ip\/wp-json\/wp\/v2\/categories?post=453252"},{"taxonomy":"post_tag","embeddable":true,"href":"https:\/\/www.ip.gov.py\/ip\/wp-json\/wp\/v2\/tags?post=453252"}],"curies":[{"name":"wp","href":"https:\/\/api.w.org\/{rel}","templated":true}]}}