{"id":455022,"date":"2023-05-05T12:05:22","date_gmt":"2023-05-05T16:05:22","guid":{"rendered":"https:\/\/www.ip.gov.py\/ip\/?p=455022"},"modified":"2023-05-05T12:15:57","modified_gmt":"2023-05-05T16:15:57","slug":"coronavirus-la-oms-levanto-la-emergencia-sanitaria-pero-llamo-a-no-bajar-la-guardia","status":"publish","type":"post","link":"https:\/\/www.ip.gov.py\/ip\/2023\/05\/05\/coronavirus-la-oms-levanto-la-emergencia-sanitaria-pero-llamo-a-no-bajar-la-guardia\/","title":{"rendered":"Coronavirus: la OMS levant\u00f3 la emergencia sanitaria pero llam\u00f3 a \u00abno bajar la guardia\u00bb"},"content":{"rendered":"<p style=\"text-align: justify;\">La Organizaci\u00f3n Mundial de la Salud (OMS) levant\u00f3 hoy el m\u00e1s alto nivel de alerta sobre la pandemia de Covid-19 que dej\u00f3 \u00abal menos 20 millones\u00bb de muertos en el planeta, pero exhort\u00f3 a los pa\u00edses a \u00abno bajar la guardia\u00bb, ya que \u00abel virus lleg\u00f3 para quedarse\u00bb pese a que ahora la situaci\u00f3n est\u00e9 m\u00e1s controlada.<!--more--><\/p>\n<p style=\"text-align: justify;\">\u00abCon gran esperanza declaro que la Covid-19 ya no es una emergencia sanitaria de alcance internacional\u00bb, afirm\u00f3 el director general del organismo sanitario, Tedros Adhanom Ghebreyesus, al estimar que la pandemia dej\u00f3 \u00abal menos 20 millones\u00bb de muertos, casi tres veces m\u00e1s que el balance oficial de su organizaci\u00f3n.<\/p>\n<p style=\"text-align: justify;\">Al 3 de mayo, el cuadro de indicadores de la OMS mostraba poco menos de 7 millones de muertes registradas oficialmente.<\/p>\n<p style=\"text-align: justify;\">Los expertos consultados por el director general consideraron \u00abque era hora de pasar a una gesti\u00f3n a largo plazo de la pandemia de Covid-19\u00bb, a pesar de las incertidumbres que subsisten sobre la evoluci\u00f3n del virus.<\/p>\n<p style=\"text-align: justify;\">El m\u00e1s alto nivel de alerta de la organizaci\u00f3n fue declarado el 30 de enero de 2020, unas semanas despu\u00e9s de la detecci\u00f3n en China de los primeros casos de esta enfermedad viral respiratoria contra la cual no exist\u00eda entonces ning\u00fan tratamiento espec\u00edfico.<\/p>\n<p style=\"text-align: justify;\">\u00abEsto no significa que la Covid-19 haya dejado de ser una amenaza para la salud mundial\u00bb, manifest\u00f3 Tedros en conferencia de prensa y record\u00f3 que la semana pasada el virus \u00abse cobr\u00f3 una vida cada tres minutos, y eso solo en las muertes que conocemos\u00bb.<\/p>\n<p style=\"text-align: justify;\">\u00abMientras hablamos, miles de personas de todo el mundo luchan por su vida en unidades de cuidados intensivos. Y millones m\u00e1s siguen viviendo con los efectos debilitantes de la afecci\u00f3n posterior\u00bb, resalt\u00f3.<\/p>\n<p style=\"text-align: justify;\">\u00abEste virus est\u00e1 aqu\u00ed para quedarse. Sigue matando y sigue cambiando. Sigue existiendo el riesgo de que surjan nuevas variantes que provoquen nuevos repuntes de casos y muertes\u00bb, alert\u00f3 desde la sede central del organismo en Ginebra (Suiza).<\/p>\n<p style=\"text-align: justify;\">\u00abLo peor que podr\u00eda hacer ahora cualquier pa\u00eds es utilizar esta noticia como motivo para bajar la guardia, desmantelar los sistemas que ha construido o enviar el mensaje a su poblaci\u00f3n de que la Covid-19 no es nada de lo que preocuparse\u00bb, enfatiz\u00f3 el m\u00e9dico et\u00edope.<\/p>\n<p style=\"text-align: justify;\">\u00abLo que estas noticias significan es que es hora de que los pa\u00edses pasen del modo de emergencia a gestionar el coronavirus junto con otras enfermedades infecciosas\u00bb, aclar\u00f3. T\u00e9lam<\/p>\n","protected":false},"excerpt":{"rendered":"<p>La Organizaci\u00f3n Mundial de la Salud (OMS) levant\u00f3 hoy el m\u00e1s alto nivel de alerta sobre la pandemia de Covid-19 que dej\u00f3 \u00abal menos 20 millones\u00bb de muertos en el planeta, pero exhort\u00f3 a los pa\u00edses a \u00abno bajar la guardia\u00bb, ya que \u00abel virus lleg\u00f3 para quedarse\u00bb pese a que ahora la situaci\u00f3n est\u00e9 [&hellip;]<\/p>\n","protected":false},"author":7,"featured_media":375815,"comment_status":"closed","ping_status":"closed","sticky":false,"template":"","format":"standard","meta":{"_monsterinsights_skip_tracking":false,"_monsterinsights_sitenote_active":false,"_monsterinsights_sitenote_note":"","_monsterinsights_sitenote_category":0,"footnotes":""},"categories":[5],"tags":[],"class_list":{"0":"post-455022","1":"post","2":"type-post","3":"status-publish","4":"format-standard","5":"has-post-thumbnail","7":"category-internacionales"},"yoast_head":"<!-- This site is optimized with the Yoast SEO plugin v27.5 - https:\/\/yoast.com\/product\/yoast-seo-wordpress\/ -->\n<title>Coronavirus: la OMS levant\u00f3 la emergencia sanitaria pero llam\u00f3 a &quot;no bajar la guardia&quot; - .::Agencia IP::.<\/title>\n<meta name=\"robots\" content=\"index, follow, max-snippet:-1, max-image-preview:large, max-video-preview:-1\" \/>\n<link rel=\"canonical\" href=\"https:\/\/www.ip.gov.py\/ip\/2023\/05\/05\/coronavirus-la-oms-levanto-la-emergencia-sanitaria-pero-llamo-a-no-bajar-la-guardia\/\" \/>\n<meta property=\"og:locale\" content=\"es_ES\" \/>\n<meta property=\"og:type\" content=\"article\" \/>\n<meta property=\"og:title\" content=\"Coronavirus: la OMS levant\u00f3 la emergencia sanitaria pero llam\u00f3 a &quot;no bajar la guardia&quot; - .::Agencia IP::.\" \/>\n<meta property=\"og:description\" content=\"La Organizaci\u00f3n Mundial de la Salud (OMS) levant\u00f3 hoy el m\u00e1s alto nivel de alerta sobre la pandemia de Covid-19 que dej\u00f3 \u00abal menos 20 millones\u00bb de muertos en el planeta, pero exhort\u00f3 a los pa\u00edses a \u00abno bajar la guardia\u00bb, ya que \u00abel virus lleg\u00f3 para quedarse\u00bb pese a que ahora la situaci\u00f3n est\u00e9 [&hellip;]\" \/>\n<meta property=\"og:url\" content=\"https:\/\/www.ip.gov.py\/ip\/2023\/05\/05\/coronavirus-la-oms-levanto-la-emergencia-sanitaria-pero-llamo-a-no-bajar-la-guardia\/\" \/>\n<meta property=\"og:site_name\" content=\".::Agencia IP::.\" \/>\n<meta property=\"article:publisher\" content=\"https:\/\/www.facebook.com\/IPParaguay\/\" \/>\n<meta property=\"article:published_time\" content=\"2023-05-05T16:05:22+00:00\" \/>\n<meta property=\"article:modified_time\" content=\"2023-05-05T16:15:57+00:00\" \/>\n<meta property=\"og:image\" content=\"https:\/\/www.ip.gov.py\/ip\/wp-content\/uploads\/2021\/07\/vacunacion-contra-el-coronavirus-jovenes-24.jpg\" \/>\n\t<meta property=\"og:image:width\" content=\"1280\" \/>\n\t<meta property=\"og:image:height\" content=\"940\" \/>\n\t<meta property=\"og:image:type\" content=\"image\/jpeg\" \/>\n<meta name=\"author\" content=\"Karina L\u00f3pez\" \/>\n<meta name=\"twitter:card\" content=\"summary_large_image\" \/>\n<meta name=\"twitter:creator\" content=\"@IPParaguay\" \/>\n<meta name=\"twitter:site\" content=\"@IPParaguay\" \/>\n<meta name=\"twitter:label1\" content=\"Escrito por\" \/>\n\t<meta name=\"twitter:data1\" content=\"Karina L\u00f3pez\" \/>\n\t<meta name=\"twitter:label2\" content=\"Tiempo de lectura\" \/>\n\t<meta name=\"twitter:data2\" content=\"2 minutos\" \/>\n<script type=\"application\/ld+json\" class=\"yoast-schema-graph\">{\"@context\":\"https:\\\/\\\/schema.org\",\"@graph\":[{\"@type\":\"Article\",\"@id\":\"https:\\\/\\\/www.ip.gov.py\\\/ip\\\/2023\\\/05\\\/05\\\/coronavirus-la-oms-levanto-la-emergencia-sanitaria-pero-llamo-a-no-bajar-la-guardia\\\/#article\",\"isPartOf\":{\"@id\":\"https:\\\/\\\/www.ip.gov.py\\\/ip\\\/2023\\\/05\\\/05\\\/coronavirus-la-oms-levanto-la-emergencia-sanitaria-pero-llamo-a-no-bajar-la-guardia\\\/\"},\"author\":{\"name\":\"Karina L\u00f3pez\",\"@id\":\"https:\\\/\\\/www.ip.gov.py\\\/ip\\\/#\\\/schema\\\/person\\\/613765cf13d420d448042e6802220539\"},\"headline\":\"Coronavirus: la OMS levant\u00f3 la emergencia sanitaria pero llam\u00f3 a \u00abno bajar la guardia\u00bb\",\"datePublished\":\"2023-05-05T16:05:22+00:00\",\"dateModified\":\"2023-05-05T16:15:57+00:00\",\"mainEntityOfPage\":{\"@id\":\"https:\\\/\\\/www.ip.gov.py\\\/ip\\\/2023\\\/05\\\/05\\\/coronavirus-la-oms-levanto-la-emergencia-sanitaria-pero-llamo-a-no-bajar-la-guardia\\\/\"},\"wordCount\":429,\"publisher\":{\"@id\":\"https:\\\/\\\/www.ip.gov.py\\\/ip\\\/#organization\"},\"image\":{\"@id\":\"https:\\\/\\\/www.ip.gov.py\\\/ip\\\/2023\\\/05\\\/05\\\/coronavirus-la-oms-levanto-la-emergencia-sanitaria-pero-llamo-a-no-bajar-la-guardia\\\/#primaryimage\"},\"thumbnailUrl\":\"https:\\\/\\\/www.ip.gov.py\\\/ip\\\/wp-content\\\/uploads\\\/2021\\\/07\\\/vacunacion-contra-el-coronavirus-jovenes-24.jpg\",\"articleSection\":[\"Internacionales\"],\"inLanguage\":\"es\"},{\"@type\":\"WebPage\",\"@id\":\"https:\\\/\\\/www.ip.gov.py\\\/ip\\\/2023\\\/05\\\/05\\\/coronavirus-la-oms-levanto-la-emergencia-sanitaria-pero-llamo-a-no-bajar-la-guardia\\\/\",\"url\":\"https:\\\/\\\/www.ip.gov.py\\\/ip\\\/2023\\\/05\\\/05\\\/coronavirus-la-oms-levanto-la-emergencia-sanitaria-pero-llamo-a-no-bajar-la-guardia\\\/\",\"name\":\"Coronavirus: la OMS levant\u00f3 la emergencia sanitaria pero llam\u00f3 a \\\"no bajar la guardia\\\" - .::Agencia IP::.\",\"isPartOf\":{\"@id\":\"https:\\\/\\\/www.ip.gov.py\\\/ip\\\/#website\"},\"primaryImageOfPage\":{\"@id\":\"https:\\\/\\\/www.ip.gov.py\\\/ip\\\/2023\\\/05\\\/05\\\/coronavirus-la-oms-levanto-la-emergencia-sanitaria-pero-llamo-a-no-bajar-la-guardia\\\/#primaryimage\"},\"image\":{\"@id\":\"https:\\\/\\\/www.ip.gov.py\\\/ip\\\/2023\\\/05\\\/05\\\/coronavirus-la-oms-levanto-la-emergencia-sanitaria-pero-llamo-a-no-bajar-la-guardia\\\/#primaryimage\"},\"thumbnailUrl\":\"https:\\\/\\\/www.ip.gov.py\\\/ip\\\/wp-content\\\/uploads\\\/2021\\\/07\\\/vacunacion-contra-el-coronavirus-jovenes-24.jpg\",\"datePublished\":\"2023-05-05T16:05:22+00:00\",\"dateModified\":\"2023-05-05T16:15:57+00:00\",\"breadcrumb\":{\"@id\":\"https:\\\/\\\/www.ip.gov.py\\\/ip\\\/2023\\\/05\\\/05\\\/coronavirus-la-oms-levanto-la-emergencia-sanitaria-pero-llamo-a-no-bajar-la-guardia\\\/#breadcrumb\"},\"inLanguage\":\"es\",\"potentialAction\":[{\"@type\":\"ReadAction\",\"target\":[\"https:\\\/\\\/www.ip.gov.py\\\/ip\\\/2023\\\/05\\\/05\\\/coronavirus-la-oms-levanto-la-emergencia-sanitaria-pero-llamo-a-no-bajar-la-guardia\\\/\"]}]},{\"@type\":\"ImageObject\",\"inLanguage\":\"es\",\"@id\":\"https:\\\/\\\/www.ip.gov.py\\\/ip\\\/2023\\\/05\\\/05\\\/coronavirus-la-oms-levanto-la-emergencia-sanitaria-pero-llamo-a-no-bajar-la-guardia\\\/#primaryimage\",\"url\":\"https:\\\/\\\/www.ip.gov.py\\\/ip\\\/wp-content\\\/uploads\\\/2021\\\/07\\\/vacunacion-contra-el-coronavirus-jovenes-24.jpg\",\"contentUrl\":\"https:\\\/\\\/www.ip.gov.py\\\/ip\\\/wp-content\\\/uploads\\\/2021\\\/07\\\/vacunacion-contra-el-coronavirus-jovenes-24.jpg\",\"width\":1280,\"height\":940,\"caption\":\"Foto Ilustraci\u00f3n\\\/ Agencia IP\"},{\"@type\":\"BreadcrumbList\",\"@id\":\"https:\\\/\\\/www.ip.gov.py\\\/ip\\\/2023\\\/05\\\/05\\\/coronavirus-la-oms-levanto-la-emergencia-sanitaria-pero-llamo-a-no-bajar-la-guardia\\\/#breadcrumb\",\"itemListElement\":[{\"@type\":\"ListItem\",\"position\":1,\"name\":\"Portada\",\"item\":\"https:\\\/\\\/www.ip.gov.py\\\/ip\\\/\"},{\"@type\":\"ListItem\",\"position\":2,\"name\":\"Coronavirus: la OMS levant\u00f3 la emergencia sanitaria pero llam\u00f3 a \u00abno bajar la guardia\u00bb\"}]},{\"@type\":\"WebSite\",\"@id\":\"https:\\\/\\\/www.ip.gov.py\\\/ip\\\/#website\",\"url\":\"https:\\\/\\\/www.ip.gov.py\\\/ip\\\/\",\"name\":\".::Agencia IP::.\",\"description\":\"\",\"publisher\":{\"@id\":\"https:\\\/\\\/www.ip.gov.py\\\/ip\\\/#organization\"},\"potentialAction\":[{\"@type\":\"SearchAction\",\"target\":{\"@type\":\"EntryPoint\",\"urlTemplate\":\"https:\\\/\\\/www.ip.gov.py\\\/ip\\\/?s={search_term_string}\"},\"query-input\":{\"@type\":\"PropertyValueSpecification\",\"valueRequired\":true,\"valueName\":\"search_term_string\"}}],\"inLanguage\":\"es\"},{\"@type\":\"Organization\",\"@id\":\"https:\\\/\\\/www.ip.gov.py\\\/ip\\\/#organization\",\"name\":\"Agencia IP\",\"url\":\"https:\\\/\\\/www.ip.gov.py\\\/ip\\\/\",\"logo\":{\"@type\":\"ImageObject\",\"inLanguage\":\"es\",\"@id\":\"https:\\\/\\\/www.ip.gov.py\\\/ip\\\/#\\\/schema\\\/logo\\\/image\\\/\",\"url\":\"https:\\\/\\\/www.ip.gov.py\\\/ip\\\/wp-content\\\/uploads\\\/2018\\\/01\\\/Agencia-IP.jpg\",\"contentUrl\":\"https:\\\/\\\/www.ip.gov.py\\\/ip\\\/wp-content\\\/uploads\\\/2018\\\/01\\\/Agencia-IP.jpg\",\"width\":150,\"height\":150,\"caption\":\"Agencia IP\"},\"image\":{\"@id\":\"https:\\\/\\\/www.ip.gov.py\\\/ip\\\/#\\\/schema\\\/logo\\\/image\\\/\"},\"sameAs\":[\"https:\\\/\\\/www.facebook.com\\\/IPParaguay\\\/\",\"https:\\\/\\\/x.com\\\/IPParaguay\",\"https:\\\/\\\/www.instagram.com\\\/IPParaguay\"]},{\"@type\":\"Person\",\"@id\":\"https:\\\/\\\/www.ip.gov.py\\\/ip\\\/#\\\/schema\\\/person\\\/613765cf13d420d448042e6802220539\",\"name\":\"Karina L\u00f3pez\",\"url\":\"https:\\\/\\\/www.ip.gov.py\\\/ip\\\/author\\\/klopez\\\/\"}]}<\/script>\n<!-- \/ Yoast SEO plugin. -->","yoast_head_json":{"title":"Coronavirus: la OMS levant\u00f3 la emergencia sanitaria pero llam\u00f3 a \"no bajar la guardia\" - .::Agencia IP::.","robots":{"index":"index","follow":"follow","max-snippet":"max-snippet:-1","max-image-preview":"max-image-preview:large","max-video-preview":"max-video-preview:-1"},"canonical":"https:\/\/www.ip.gov.py\/ip\/2023\/05\/05\/coronavirus-la-oms-levanto-la-emergencia-sanitaria-pero-llamo-a-no-bajar-la-guardia\/","og_locale":"es_ES","og_type":"article","og_title":"Coronavirus: la OMS levant\u00f3 la emergencia sanitaria pero llam\u00f3 a \"no bajar la guardia\" - .::Agencia IP::.","og_description":"La Organizaci\u00f3n Mundial de la Salud (OMS) levant\u00f3 hoy el m\u00e1s alto nivel de alerta sobre la pandemia de Covid-19 que dej\u00f3 \u00abal menos 20 millones\u00bb de muertos en el planeta, pero exhort\u00f3 a los pa\u00edses a \u00abno bajar la guardia\u00bb, ya que \u00abel virus lleg\u00f3 para quedarse\u00bb pese a que ahora la situaci\u00f3n est\u00e9 [&hellip;]","og_url":"https:\/\/www.ip.gov.py\/ip\/2023\/05\/05\/coronavirus-la-oms-levanto-la-emergencia-sanitaria-pero-llamo-a-no-bajar-la-guardia\/","og_site_name":".::Agencia IP::.","article_publisher":"https:\/\/www.facebook.com\/IPParaguay\/","article_published_time":"2023-05-05T16:05:22+00:00","article_modified_time":"2023-05-05T16:15:57+00:00","og_image":[{"width":1280,"height":940,"url":"https:\/\/www.ip.gov.py\/ip\/wp-content\/uploads\/2021\/07\/vacunacion-contra-el-coronavirus-jovenes-24.jpg","type":"image\/jpeg"}],"author":"Karina L\u00f3pez","twitter_card":"summary_large_image","twitter_creator":"@IPParaguay","twitter_site":"@IPParaguay","twitter_misc":{"Escrito por":"Karina L\u00f3pez","Tiempo de lectura":"2 minutos"},"schema":{"@context":"https:\/\/schema.org","@graph":[{"@type":"Article","@id":"https:\/\/www.ip.gov.py\/ip\/2023\/05\/05\/coronavirus-la-oms-levanto-la-emergencia-sanitaria-pero-llamo-a-no-bajar-la-guardia\/#article","isPartOf":{"@id":"https:\/\/www.ip.gov.py\/ip\/2023\/05\/05\/coronavirus-la-oms-levanto-la-emergencia-sanitaria-pero-llamo-a-no-bajar-la-guardia\/"},"author":{"name":"Karina L\u00f3pez","@id":"https:\/\/www.ip.gov.py\/ip\/#\/schema\/person\/613765cf13d420d448042e6802220539"},"headline":"Coronavirus: la OMS levant\u00f3 la emergencia sanitaria pero llam\u00f3 a \u00abno bajar la guardia\u00bb","datePublished":"2023-05-05T16:05:22+00:00","dateModified":"2023-05-05T16:15:57+00:00","mainEntityOfPage":{"@id":"https:\/\/www.ip.gov.py\/ip\/2023\/05\/05\/coronavirus-la-oms-levanto-la-emergencia-sanitaria-pero-llamo-a-no-bajar-la-guardia\/"},"wordCount":429,"publisher":{"@id":"https:\/\/www.ip.gov.py\/ip\/#organization"},"image":{"@id":"https:\/\/www.ip.gov.py\/ip\/2023\/05\/05\/coronavirus-la-oms-levanto-la-emergencia-sanitaria-pero-llamo-a-no-bajar-la-guardia\/#primaryimage"},"thumbnailUrl":"https:\/\/www.ip.gov.py\/ip\/wp-content\/uploads\/2021\/07\/vacunacion-contra-el-coronavirus-jovenes-24.jpg","articleSection":["Internacionales"],"inLanguage":"es"},{"@type":"WebPage","@id":"https:\/\/www.ip.gov.py\/ip\/2023\/05\/05\/coronavirus-la-oms-levanto-la-emergencia-sanitaria-pero-llamo-a-no-bajar-la-guardia\/","url":"https:\/\/www.ip.gov.py\/ip\/2023\/05\/05\/coronavirus-la-oms-levanto-la-emergencia-sanitaria-pero-llamo-a-no-bajar-la-guardia\/","name":"Coronavirus: la OMS levant\u00f3 la emergencia sanitaria pero llam\u00f3 a \"no bajar la guardia\" - .::Agencia IP::.","isPartOf":{"@id":"https:\/\/www.ip.gov.py\/ip\/#website"},"primaryImageOfPage":{"@id":"https:\/\/www.ip.gov.py\/ip\/2023\/05\/05\/coronavirus-la-oms-levanto-la-emergencia-sanitaria-pero-llamo-a-no-bajar-la-guardia\/#primaryimage"},"image":{"@id":"https:\/\/www.ip.gov.py\/ip\/2023\/05\/05\/coronavirus-la-oms-levanto-la-emergencia-sanitaria-pero-llamo-a-no-bajar-la-guardia\/#primaryimage"},"thumbnailUrl":"https:\/\/www.ip.gov.py\/ip\/wp-content\/uploads\/2021\/07\/vacunacion-contra-el-coronavirus-jovenes-24.jpg","datePublished":"2023-05-05T16:05:22+00:00","dateModified":"2023-05-05T16:15:57+00:00","breadcrumb":{"@id":"https:\/\/www.ip.gov.py\/ip\/2023\/05\/05\/coronavirus-la-oms-levanto-la-emergencia-sanitaria-pero-llamo-a-no-bajar-la-guardia\/#breadcrumb"},"inLanguage":"es","potentialAction":[{"@type":"ReadAction","target":["https:\/\/www.ip.gov.py\/ip\/2023\/05\/05\/coronavirus-la-oms-levanto-la-emergencia-sanitaria-pero-llamo-a-no-bajar-la-guardia\/"]}]},{"@type":"ImageObject","inLanguage":"es","@id":"https:\/\/www.ip.gov.py\/ip\/2023\/05\/05\/coronavirus-la-oms-levanto-la-emergencia-sanitaria-pero-llamo-a-no-bajar-la-guardia\/#primaryimage","url":"https:\/\/www.ip.gov.py\/ip\/wp-content\/uploads\/2021\/07\/vacunacion-contra-el-coronavirus-jovenes-24.jpg","contentUrl":"https:\/\/www.ip.gov.py\/ip\/wp-content\/uploads\/2021\/07\/vacunacion-contra-el-coronavirus-jovenes-24.jpg","width":1280,"height":940,"caption":"Foto Ilustraci\u00f3n\/ Agencia IP"},{"@type":"BreadcrumbList","@id":"https:\/\/www.ip.gov.py\/ip\/2023\/05\/05\/coronavirus-la-oms-levanto-la-emergencia-sanitaria-pero-llamo-a-no-bajar-la-guardia\/#breadcrumb","itemListElement":[{"@type":"ListItem","position":1,"name":"Portada","item":"https:\/\/www.ip.gov.py\/ip\/"},{"@type":"ListItem","position":2,"name":"Coronavirus: la OMS levant\u00f3 la emergencia sanitaria pero llam\u00f3 a \u00abno bajar la guardia\u00bb"}]},{"@type":"WebSite","@id":"https:\/\/www.ip.gov.py\/ip\/#website","url":"https:\/\/www.ip.gov.py\/ip\/","name":".::Agencia IP::.","description":"","publisher":{"@id":"https:\/\/www.ip.gov.py\/ip\/#organization"},"potentialAction":[{"@type":"SearchAction","target":{"@type":"EntryPoint","urlTemplate":"https:\/\/www.ip.gov.py\/ip\/?s={search_term_string}"},"query-input":{"@type":"PropertyValueSpecification","valueRequired":true,"valueName":"search_term_string"}}],"inLanguage":"es"},{"@type":"Organization","@id":"https:\/\/www.ip.gov.py\/ip\/#organization","name":"Agencia IP","url":"https:\/\/www.ip.gov.py\/ip\/","logo":{"@type":"ImageObject","inLanguage":"es","@id":"https:\/\/www.ip.gov.py\/ip\/#\/schema\/logo\/image\/","url":"https:\/\/www.ip.gov.py\/ip\/wp-content\/uploads\/2018\/01\/Agencia-IP.jpg","contentUrl":"https:\/\/www.ip.gov.py\/ip\/wp-content\/uploads\/2018\/01\/Agencia-IP.jpg","width":150,"height":150,"caption":"Agencia IP"},"image":{"@id":"https:\/\/www.ip.gov.py\/ip\/#\/schema\/logo\/image\/"},"sameAs":["https:\/\/www.facebook.com\/IPParaguay\/","https:\/\/x.com\/IPParaguay","https:\/\/www.instagram.com\/IPParaguay"]},{"@type":"Person","@id":"https:\/\/www.ip.gov.py\/ip\/#\/schema\/person\/613765cf13d420d448042e6802220539","name":"Karina L\u00f3pez","url":"https:\/\/www.ip.gov.py\/ip\/author\/klopez\/"}]}},"_links":{"self":[{"href":"https:\/\/www.ip.gov.py\/ip\/wp-json\/wp\/v2\/posts\/455022","targetHints":{"allow":["GET"]}}],"collection":[{"href":"https:\/\/www.ip.gov.py\/ip\/wp-json\/wp\/v2\/posts"}],"about":[{"href":"https:\/\/www.ip.gov.py\/ip\/wp-json\/wp\/v2\/types\/post"}],"author":[{"embeddable":true,"href":"https:\/\/www.ip.gov.py\/ip\/wp-json\/wp\/v2\/users\/7"}],"replies":[{"embeddable":true,"href":"https:\/\/www.ip.gov.py\/ip\/wp-json\/wp\/v2\/comments?post=455022"}],"version-history":[{"count":0,"href":"https:\/\/www.ip.gov.py\/ip\/wp-json\/wp\/v2\/posts\/455022\/revisions"}],"wp:featuredmedia":[{"embeddable":true,"href":"https:\/\/www.ip.gov.py\/ip\/wp-json\/wp\/v2\/media\/375815"}],"wp:attachment":[{"href":"https:\/\/www.ip.gov.py\/ip\/wp-json\/wp\/v2\/media?parent=455022"}],"wp:term":[{"taxonomy":"category","embeddable":true,"href":"https:\/\/www.ip.gov.py\/ip\/wp-json\/wp\/v2\/categories?post=455022"},{"taxonomy":"post_tag","embeddable":true,"href":"https:\/\/www.ip.gov.py\/ip\/wp-json\/wp\/v2\/tags?post=455022"}],"curies":[{"name":"wp","href":"https:\/\/api.w.org\/{rel}","templated":true}]}}