{"id":457706,"date":"2023-05-26T13:02:30","date_gmt":"2023-05-26T17:02:30","guid":{"rendered":"https:\/\/www.ip.gov.py\/ip\/?p=457706"},"modified":"2023-05-26T13:03:28","modified_gmt":"2023-05-26T17:03:28","slug":"ande-renueva-parte-de-sus-moviles-con-entrega-vehiculos-electricos-para-alto-parana","status":"publish","type":"post","link":"https:\/\/www.ip.gov.py\/ip\/2023\/05\/26\/ande-renueva-parte-de-sus-moviles-con-entrega-vehiculos-electricos-para-alto-parana\/","title":{"rendered":"ANDE renueva parte de sus m\u00f3viles con entrega de veh\u00edculos el\u00e9ctricos para Alto Paran\u00e1"},"content":{"rendered":"<p style=\"text-align: justify;\"><em><strong>Asunci\u00f3n, Agencia IP.-<\/strong><\/em> La Secci\u00f3n de Operaci\u00f3n de Veh\u00edculos de la Administraci\u00f3n Nacional de Electricidad (ANDE) cuenta con cinco nuevos veh\u00edculos el\u00e9ctricos para gestiones operativas de las distintas Unidades de Alto Paran\u00e1. En total la instituci\u00f3n adquiri\u00f3 23 m\u00f3viles que permitir\u00e1 ahorrar cerca de G. 1.700 millones en gastos de combustible, mantenimiento y compra de aceite.<!--more--><\/p>\n<p style=\"text-align: justify;\">Considerando el alto crecimiento de la demanda el\u00e9ctrica en el departamento de Alto Paran\u00e1, el presidente de la ANDE, F\u00e9lix Sosa entreg\u00f3 este viernes los nuevos cinco veh\u00edculos el\u00e9ctricos a la Secci\u00f3n de Operaci\u00f3n de Veh\u00edculos- Sede Ciudad del Este, departamento de Alto Paran\u00e1.<\/p>\n<p style=\"text-align: justify;\">Los m\u00f3viles entregados son veh\u00edculos el\u00e9ctricos de la marca Foton, doble cabina 4&#215;2, con cargador de 7 kW, y corresponden al lote adquirido recientemente a trav\u00e9s del Convenio entre la ANDE e Itaipu Binacional, mediante la Licitaci\u00f3n P\u00fablica Nacional 1731\/2021 \u201cAdquisici\u00f3n de Veh\u00edculos El\u00e9ctricos para la Flota de la ANDE\u201d, y fueron prove\u00eddos por la empresa Cathay S.A.E., Grupo Timbo.<\/p>\n<p style=\"text-align: justify;\">Cabe resaltar que estos veh\u00edculos fueron acondicionados de acuerdo a las normas y necesidades de la ANDE, para su circulaci\u00f3n y uso de las \u00e1reas respectivas y tambi\u00e9n se encuentran equipados con un Sistema de Rastreo Satelital (Geo Posicionamiento), lo que permitir\u00e1 un mejor control y transparencia en el Sistema de Gesti\u00f3n de Flota de Veh\u00edculos de la ANDE y ayudar\u00e1 a reducir la mala calidad del aire y los impactos generados por los gases de efecto invernadero emitidos por el combustible f\u00f3sil.<\/p>\n<p style=\"text-align: justify;\">Sosa se\u00f1al\u00f3 que la entrega de los cinco veh\u00edculos el\u00e9ctricos en Alto Paran\u00e1 es para acompa\u00f1ar el crecimiento del consumo de energ\u00eda el\u00e9ctrica en la regi\u00f3n y anunci\u00f3 que la instituci\u00f3n tiene la intenci\u00f3n de adquirir m\u00e1s veh\u00edculos el\u00e9ctricos en el futuro, augurando que otras empresas del Estado y del sector privado sigan el ejemplo de la ANDE, ya que, de esa manera, se podr\u00e1 utilizar la energ\u00eda limpia y renovable que tiene en abundancia el Paraguay en la electromovilidad.<\/p>\n<figure id=\"attachment_457715\" aria-describedby=\"caption-attachment-457715\" style=\"width: 366px\" class=\"wp-caption alignright\"><img loading=\"lazy\" decoding=\"async\" class=\" wp-image-457715\" src=\"https:\/\/www.ip.gov.py\/ip\/wp-content\/uploads\/2023\/05\/ANDE--600x400.jpg\" alt=\"\" width=\"366\" height=\"244\" srcset=\"https:\/\/www.ip.gov.py\/ip\/wp-content\/uploads\/2023\/05\/ANDE--600x400.jpg 600w, https:\/\/www.ip.gov.py\/ip\/wp-content\/uploads\/2023\/05\/ANDE--1024x683.jpg 1024w, https:\/\/www.ip.gov.py\/ip\/wp-content\/uploads\/2023\/05\/ANDE--768x512.jpg 768w, https:\/\/www.ip.gov.py\/ip\/wp-content\/uploads\/2023\/05\/ANDE--696x464.jpg 696w, https:\/\/www.ip.gov.py\/ip\/wp-content\/uploads\/2023\/05\/ANDE--1068x712.jpg 1068w, https:\/\/www.ip.gov.py\/ip\/wp-content\/uploads\/2023\/05\/ANDE--630x420.jpg 630w, https:\/\/www.ip.gov.py\/ip\/wp-content\/uploads\/2023\/05\/ANDE-.jpg 1500w\" sizes=\"auto, (max-width: 366px) 100vw, 366px\" \/><figcaption id=\"caption-attachment-457715\" class=\"wp-caption-text\">El presidente de la ANDE, F\u00e9lix Sosa durante el acto de entrega de los m\u00f3viles este viernes. Foto: ANDE<\/figcaption><\/figure>\n<p style=\"text-align: justify;\">Igualmente resalt\u00f3 que la adquisici\u00f3n de los 23 veh\u00edculos permitir\u00e1 a la ANDE ahorrar aproximadamente G. 1.700 millones en gastos de combustible, mantenimiento y compra de aceite, lo que es beneficioso tanto para la Instituci\u00f3n como para la ciudadan\u00eda y el medio ambiente.<\/p>\n<p style=\"text-align: justify;\">Por su parte, el director de Servicios Administrativos, Eligio \u00c1lvarez manifest\u00f3 que la entrega de estos veh\u00edculos 100 % el\u00e9ctricos para la gesti\u00f3n operativa en Alto Paran\u00e1, est\u00e1n alineados con la pol\u00edtica del gobierno nacional sobre la movilidad el\u00e9ctrica en el pa\u00eds, adem\u00e1s de agregar que es el inicio de una serie de actividades para incrementar el uso de veh\u00edculos el\u00e9ctricos en el pa\u00eds.<\/p>\n<p style=\"text-align: justify;\">Del acto participaron el gerente T\u00e9cnico, Miguel B\u00e1ez, el director de Servicios Administrativos, Eligio \u00c1lvarez, el jefe de Divisi\u00f3n Regional Este, Juan Rozzano, el jefe de Agencia Regional Alto Paran\u00e1, Crispin Pereira, el jefe de Secci\u00f3n de Operaci\u00f3n de Veh\u00edculos- Sede Ciudad del Este, Everaldo Benegas, funcionarios de la ANDE e invitados especiales.<\/p>\n","protected":false},"excerpt":{"rendered":"<p>Asunci\u00f3n, Agencia IP.- La Secci\u00f3n de Operaci\u00f3n de Veh\u00edculos de la Administraci\u00f3n Nacional de Electricidad (ANDE) cuenta con cinco nuevos veh\u00edculos el\u00e9ctricos para gestiones operativas de las distintas Unidades de Alto Paran\u00e1. En total la instituci\u00f3n adquiri\u00f3 23 m\u00f3viles que permitir\u00e1 ahorrar cerca de G. 1.700 millones en gastos de combustible, mantenimiento y compra de [&hellip;]<\/p>\n","protected":false},"author":23,"featured_media":457708,"comment_status":"closed","ping_status":"closed","sticky":false,"template":"","format":"standard","meta":{"_monsterinsights_skip_tracking":false,"_monsterinsights_sitenote_active":false,"_monsterinsights_sitenote_note":"","_monsterinsights_sitenote_category":0,"footnotes":""},"categories":[4],"tags":[69,7454],"class_list":{"0":"post-457706","1":"post","2":"type-post","3":"status-publish","4":"format-standard","5":"has-post-thumbnail","7":"category-nacionales","8":"tag-ande","9":"tag-vehiculos-electricos"},"yoast_head":"<!-- This site is optimized with the Yoast SEO plugin v27.5 - https:\/\/yoast.com\/product\/yoast-seo-wordpress\/ -->\n<title>ANDE renueva parte de sus m\u00f3viles con entrega de veh\u00edculos el\u00e9ctricos para Alto Paran\u00e1 - .::Agencia IP::.<\/title>\n<meta name=\"robots\" content=\"index, follow, max-snippet:-1, max-image-preview:large, max-video-preview:-1\" \/>\n<link rel=\"canonical\" href=\"https:\/\/www.ip.gov.py\/ip\/2023\/05\/26\/ande-renueva-parte-de-sus-moviles-con-entrega-vehiculos-electricos-para-alto-parana\/\" \/>\n<meta property=\"og:locale\" content=\"es_ES\" \/>\n<meta property=\"og:type\" content=\"article\" \/>\n<meta property=\"og:title\" content=\"ANDE renueva parte de sus m\u00f3viles con entrega de veh\u00edculos el\u00e9ctricos para Alto Paran\u00e1 - .::Agencia IP::.\" \/>\n<meta property=\"og:description\" content=\"Asunci\u00f3n, Agencia IP.- La Secci\u00f3n de Operaci\u00f3n de Veh\u00edculos de la Administraci\u00f3n Nacional de Electricidad (ANDE) cuenta con cinco nuevos veh\u00edculos el\u00e9ctricos para gestiones operativas de las distintas Unidades de Alto Paran\u00e1. En total la instituci\u00f3n adquiri\u00f3 23 m\u00f3viles que permitir\u00e1 ahorrar cerca de G. 1.700 millones en gastos de combustible, mantenimiento y compra de [&hellip;]\" \/>\n<meta property=\"og:url\" content=\"https:\/\/www.ip.gov.py\/ip\/2023\/05\/26\/ande-renueva-parte-de-sus-moviles-con-entrega-vehiculos-electricos-para-alto-parana\/\" \/>\n<meta property=\"og:site_name\" content=\".::Agencia IP::.\" \/>\n<meta property=\"article:publisher\" content=\"https:\/\/www.facebook.com\/IPParaguay\/\" \/>\n<meta property=\"article:published_time\" content=\"2023-05-26T17:02:30+00:00\" \/>\n<meta property=\"article:modified_time\" content=\"2023-05-26T17:03:28+00:00\" \/>\n<meta property=\"og:image\" content=\"https:\/\/www.ip.gov.py\/ip\/wp-content\/uploads\/2023\/05\/ANDE-Vehiculos-electricos-1024x914.png\" \/>\n\t<meta property=\"og:image:width\" content=\"1024\" \/>\n\t<meta property=\"og:image:height\" content=\"914\" \/>\n\t<meta property=\"og:image:type\" content=\"image\/png\" \/>\n<meta name=\"author\" content=\"Noelia Ferreira\" \/>\n<meta name=\"twitter:card\" content=\"summary_large_image\" \/>\n<meta name=\"twitter:creator\" content=\"@IPParaguay\" \/>\n<meta name=\"twitter:site\" content=\"@IPParaguay\" \/>\n<meta name=\"twitter:label1\" content=\"Escrito por\" \/>\n\t<meta name=\"twitter:data1\" content=\"Noelia Ferreira\" \/>\n\t<meta name=\"twitter:label2\" content=\"Tiempo de lectura\" \/>\n\t<meta name=\"twitter:data2\" content=\"3 minutos\" \/>\n<script type=\"application\/ld+json\" class=\"yoast-schema-graph\">{\"@context\":\"https:\\\/\\\/schema.org\",\"@graph\":[{\"@type\":\"Article\",\"@id\":\"https:\\\/\\\/www.ip.gov.py\\\/ip\\\/2023\\\/05\\\/26\\\/ande-renueva-parte-de-sus-moviles-con-entrega-vehiculos-electricos-para-alto-parana\\\/#article\",\"isPartOf\":{\"@id\":\"https:\\\/\\\/www.ip.gov.py\\\/ip\\\/2023\\\/05\\\/26\\\/ande-renueva-parte-de-sus-moviles-con-entrega-vehiculos-electricos-para-alto-parana\\\/\"},\"author\":{\"name\":\"Noelia Ferreira\",\"@id\":\"https:\\\/\\\/www.ip.gov.py\\\/ip\\\/#\\\/schema\\\/person\\\/791af27a9219bdbf9064abb776bb41c2\"},\"headline\":\"ANDE renueva parte de sus m\u00f3viles con entrega de veh\u00edculos el\u00e9ctricos para Alto Paran\u00e1\",\"datePublished\":\"2023-05-26T17:02:30+00:00\",\"dateModified\":\"2023-05-26T17:03:28+00:00\",\"mainEntityOfPage\":{\"@id\":\"https:\\\/\\\/www.ip.gov.py\\\/ip\\\/2023\\\/05\\\/26\\\/ande-renueva-parte-de-sus-moviles-con-entrega-vehiculos-electricos-para-alto-parana\\\/\"},\"wordCount\":589,\"publisher\":{\"@id\":\"https:\\\/\\\/www.ip.gov.py\\\/ip\\\/#organization\"},\"image\":{\"@id\":\"https:\\\/\\\/www.ip.gov.py\\\/ip\\\/2023\\\/05\\\/26\\\/ande-renueva-parte-de-sus-moviles-con-entrega-vehiculos-electricos-para-alto-parana\\\/#primaryimage\"},\"thumbnailUrl\":\"https:\\\/\\\/www.ip.gov.py\\\/ip\\\/wp-content\\\/uploads\\\/2023\\\/05\\\/ANDE-Vehiculos-electricos.png\",\"keywords\":[\"ANDE\",\"veh\u00edculos el\u00e9ctricos\"],\"articleSection\":[\"Nacionales\"],\"inLanguage\":\"es\"},{\"@type\":\"WebPage\",\"@id\":\"https:\\\/\\\/www.ip.gov.py\\\/ip\\\/2023\\\/05\\\/26\\\/ande-renueva-parte-de-sus-moviles-con-entrega-vehiculos-electricos-para-alto-parana\\\/\",\"url\":\"https:\\\/\\\/www.ip.gov.py\\\/ip\\\/2023\\\/05\\\/26\\\/ande-renueva-parte-de-sus-moviles-con-entrega-vehiculos-electricos-para-alto-parana\\\/\",\"name\":\"ANDE renueva parte de sus m\u00f3viles con entrega de veh\u00edculos el\u00e9ctricos para Alto Paran\u00e1 - .::Agencia IP::.\",\"isPartOf\":{\"@id\":\"https:\\\/\\\/www.ip.gov.py\\\/ip\\\/#website\"},\"primaryImageOfPage\":{\"@id\":\"https:\\\/\\\/www.ip.gov.py\\\/ip\\\/2023\\\/05\\\/26\\\/ande-renueva-parte-de-sus-moviles-con-entrega-vehiculos-electricos-para-alto-parana\\\/#primaryimage\"},\"image\":{\"@id\":\"https:\\\/\\\/www.ip.gov.py\\\/ip\\\/2023\\\/05\\\/26\\\/ande-renueva-parte-de-sus-moviles-con-entrega-vehiculos-electricos-para-alto-parana\\\/#primaryimage\"},\"thumbnailUrl\":\"https:\\\/\\\/www.ip.gov.py\\\/ip\\\/wp-content\\\/uploads\\\/2023\\\/05\\\/ANDE-Vehiculos-electricos.png\",\"datePublished\":\"2023-05-26T17:02:30+00:00\",\"dateModified\":\"2023-05-26T17:03:28+00:00\",\"breadcrumb\":{\"@id\":\"https:\\\/\\\/www.ip.gov.py\\\/ip\\\/2023\\\/05\\\/26\\\/ande-renueva-parte-de-sus-moviles-con-entrega-vehiculos-electricos-para-alto-parana\\\/#breadcrumb\"},\"inLanguage\":\"es\",\"potentialAction\":[{\"@type\":\"ReadAction\",\"target\":[\"https:\\\/\\\/www.ip.gov.py\\\/ip\\\/2023\\\/05\\\/26\\\/ande-renueva-parte-de-sus-moviles-con-entrega-vehiculos-electricos-para-alto-parana\\\/\"]}]},{\"@type\":\"ImageObject\",\"inLanguage\":\"es\",\"@id\":\"https:\\\/\\\/www.ip.gov.py\\\/ip\\\/2023\\\/05\\\/26\\\/ande-renueva-parte-de-sus-moviles-con-entrega-vehiculos-electricos-para-alto-parana\\\/#primaryimage\",\"url\":\"https:\\\/\\\/www.ip.gov.py\\\/ip\\\/wp-content\\\/uploads\\\/2023\\\/05\\\/ANDE-Vehiculos-electricos.png\",\"contentUrl\":\"https:\\\/\\\/www.ip.gov.py\\\/ip\\\/wp-content\\\/uploads\\\/2023\\\/05\\\/ANDE-Vehiculos-electricos.png\",\"width\":2039,\"height\":1819,\"caption\":\"Foto: ANDE\"},{\"@type\":\"BreadcrumbList\",\"@id\":\"https:\\\/\\\/www.ip.gov.py\\\/ip\\\/2023\\\/05\\\/26\\\/ande-renueva-parte-de-sus-moviles-con-entrega-vehiculos-electricos-para-alto-parana\\\/#breadcrumb\",\"itemListElement\":[{\"@type\":\"ListItem\",\"position\":1,\"name\":\"Portada\",\"item\":\"https:\\\/\\\/www.ip.gov.py\\\/ip\\\/\"},{\"@type\":\"ListItem\",\"position\":2,\"name\":\"ANDE renueva parte de sus m\u00f3viles con entrega de veh\u00edculos el\u00e9ctricos para Alto Paran\u00e1\"}]},{\"@type\":\"WebSite\",\"@id\":\"https:\\\/\\\/www.ip.gov.py\\\/ip\\\/#website\",\"url\":\"https:\\\/\\\/www.ip.gov.py\\\/ip\\\/\",\"name\":\".::Agencia IP::.\",\"description\":\"\",\"publisher\":{\"@id\":\"https:\\\/\\\/www.ip.gov.py\\\/ip\\\/#organization\"},\"potentialAction\":[{\"@type\":\"SearchAction\",\"target\":{\"@type\":\"EntryPoint\",\"urlTemplate\":\"https:\\\/\\\/www.ip.gov.py\\\/ip\\\/?s={search_term_string}\"},\"query-input\":{\"@type\":\"PropertyValueSpecification\",\"valueRequired\":true,\"valueName\":\"search_term_string\"}}],\"inLanguage\":\"es\"},{\"@type\":\"Organization\",\"@id\":\"https:\\\/\\\/www.ip.gov.py\\\/ip\\\/#organization\",\"name\":\"Agencia IP\",\"url\":\"https:\\\/\\\/www.ip.gov.py\\\/ip\\\/\",\"logo\":{\"@type\":\"ImageObject\",\"inLanguage\":\"es\",\"@id\":\"https:\\\/\\\/www.ip.gov.py\\\/ip\\\/#\\\/schema\\\/logo\\\/image\\\/\",\"url\":\"https:\\\/\\\/www.ip.gov.py\\\/ip\\\/wp-content\\\/uploads\\\/2018\\\/01\\\/Agencia-IP.jpg\",\"contentUrl\":\"https:\\\/\\\/www.ip.gov.py\\\/ip\\\/wp-content\\\/uploads\\\/2018\\\/01\\\/Agencia-IP.jpg\",\"width\":150,\"height\":150,\"caption\":\"Agencia IP\"},\"image\":{\"@id\":\"https:\\\/\\\/www.ip.gov.py\\\/ip\\\/#\\\/schema\\\/logo\\\/image\\\/\"},\"sameAs\":[\"https:\\\/\\\/www.facebook.com\\\/IPParaguay\\\/\",\"https:\\\/\\\/x.com\\\/IPParaguay\",\"https:\\\/\\\/www.instagram.com\\\/IPParaguay\"]},{\"@type\":\"Person\",\"@id\":\"https:\\\/\\\/www.ip.gov.py\\\/ip\\\/#\\\/schema\\\/person\\\/791af27a9219bdbf9064abb776bb41c2\",\"name\":\"Noelia Ferreira\",\"sameAs\":[\"http:\\\/\\\/www.ip.gov.py\"],\"url\":\"https:\\\/\\\/www.ip.gov.py\\\/ip\\\/author\\\/nferreira\\\/\"}]}<\/script>\n<!-- \/ Yoast SEO plugin. -->","yoast_head_json":{"title":"ANDE renueva parte de sus m\u00f3viles con entrega de veh\u00edculos el\u00e9ctricos para Alto Paran\u00e1 - .::Agencia IP::.","robots":{"index":"index","follow":"follow","max-snippet":"max-snippet:-1","max-image-preview":"max-image-preview:large","max-video-preview":"max-video-preview:-1"},"canonical":"https:\/\/www.ip.gov.py\/ip\/2023\/05\/26\/ande-renueva-parte-de-sus-moviles-con-entrega-vehiculos-electricos-para-alto-parana\/","og_locale":"es_ES","og_type":"article","og_title":"ANDE renueva parte de sus m\u00f3viles con entrega de veh\u00edculos el\u00e9ctricos para Alto Paran\u00e1 - .::Agencia IP::.","og_description":"Asunci\u00f3n, Agencia IP.- La Secci\u00f3n de Operaci\u00f3n de Veh\u00edculos de la Administraci\u00f3n Nacional de Electricidad (ANDE) cuenta con cinco nuevos veh\u00edculos el\u00e9ctricos para gestiones operativas de las distintas Unidades de Alto Paran\u00e1. En total la instituci\u00f3n adquiri\u00f3 23 m\u00f3viles que permitir\u00e1 ahorrar cerca de G. 1.700 millones en gastos de combustible, mantenimiento y compra de [&hellip;]","og_url":"https:\/\/www.ip.gov.py\/ip\/2023\/05\/26\/ande-renueva-parte-de-sus-moviles-con-entrega-vehiculos-electricos-para-alto-parana\/","og_site_name":".::Agencia IP::.","article_publisher":"https:\/\/www.facebook.com\/IPParaguay\/","article_published_time":"2023-05-26T17:02:30+00:00","article_modified_time":"2023-05-26T17:03:28+00:00","og_image":[{"width":1024,"height":914,"url":"https:\/\/www.ip.gov.py\/ip\/wp-content\/uploads\/2023\/05\/ANDE-Vehiculos-electricos-1024x914.png","type":"image\/png"}],"author":"Noelia Ferreira","twitter_card":"summary_large_image","twitter_creator":"@IPParaguay","twitter_site":"@IPParaguay","twitter_misc":{"Escrito por":"Noelia Ferreira","Tiempo de lectura":"3 minutos"},"schema":{"@context":"https:\/\/schema.org","@graph":[{"@type":"Article","@id":"https:\/\/www.ip.gov.py\/ip\/2023\/05\/26\/ande-renueva-parte-de-sus-moviles-con-entrega-vehiculos-electricos-para-alto-parana\/#article","isPartOf":{"@id":"https:\/\/www.ip.gov.py\/ip\/2023\/05\/26\/ande-renueva-parte-de-sus-moviles-con-entrega-vehiculos-electricos-para-alto-parana\/"},"author":{"name":"Noelia Ferreira","@id":"https:\/\/www.ip.gov.py\/ip\/#\/schema\/person\/791af27a9219bdbf9064abb776bb41c2"},"headline":"ANDE renueva parte de sus m\u00f3viles con entrega de veh\u00edculos el\u00e9ctricos para Alto Paran\u00e1","datePublished":"2023-05-26T17:02:30+00:00","dateModified":"2023-05-26T17:03:28+00:00","mainEntityOfPage":{"@id":"https:\/\/www.ip.gov.py\/ip\/2023\/05\/26\/ande-renueva-parte-de-sus-moviles-con-entrega-vehiculos-electricos-para-alto-parana\/"},"wordCount":589,"publisher":{"@id":"https:\/\/www.ip.gov.py\/ip\/#organization"},"image":{"@id":"https:\/\/www.ip.gov.py\/ip\/2023\/05\/26\/ande-renueva-parte-de-sus-moviles-con-entrega-vehiculos-electricos-para-alto-parana\/#primaryimage"},"thumbnailUrl":"https:\/\/www.ip.gov.py\/ip\/wp-content\/uploads\/2023\/05\/ANDE-Vehiculos-electricos.png","keywords":["ANDE","veh\u00edculos el\u00e9ctricos"],"articleSection":["Nacionales"],"inLanguage":"es"},{"@type":"WebPage","@id":"https:\/\/www.ip.gov.py\/ip\/2023\/05\/26\/ande-renueva-parte-de-sus-moviles-con-entrega-vehiculos-electricos-para-alto-parana\/","url":"https:\/\/www.ip.gov.py\/ip\/2023\/05\/26\/ande-renueva-parte-de-sus-moviles-con-entrega-vehiculos-electricos-para-alto-parana\/","name":"ANDE renueva parte de sus m\u00f3viles con entrega de veh\u00edculos el\u00e9ctricos para Alto Paran\u00e1 - .::Agencia IP::.","isPartOf":{"@id":"https:\/\/www.ip.gov.py\/ip\/#website"},"primaryImageOfPage":{"@id":"https:\/\/www.ip.gov.py\/ip\/2023\/05\/26\/ande-renueva-parte-de-sus-moviles-con-entrega-vehiculos-electricos-para-alto-parana\/#primaryimage"},"image":{"@id":"https:\/\/www.ip.gov.py\/ip\/2023\/05\/26\/ande-renueva-parte-de-sus-moviles-con-entrega-vehiculos-electricos-para-alto-parana\/#primaryimage"},"thumbnailUrl":"https:\/\/www.ip.gov.py\/ip\/wp-content\/uploads\/2023\/05\/ANDE-Vehiculos-electricos.png","datePublished":"2023-05-26T17:02:30+00:00","dateModified":"2023-05-26T17:03:28+00:00","breadcrumb":{"@id":"https:\/\/www.ip.gov.py\/ip\/2023\/05\/26\/ande-renueva-parte-de-sus-moviles-con-entrega-vehiculos-electricos-para-alto-parana\/#breadcrumb"},"inLanguage":"es","potentialAction":[{"@type":"ReadAction","target":["https:\/\/www.ip.gov.py\/ip\/2023\/05\/26\/ande-renueva-parte-de-sus-moviles-con-entrega-vehiculos-electricos-para-alto-parana\/"]}]},{"@type":"ImageObject","inLanguage":"es","@id":"https:\/\/www.ip.gov.py\/ip\/2023\/05\/26\/ande-renueva-parte-de-sus-moviles-con-entrega-vehiculos-electricos-para-alto-parana\/#primaryimage","url":"https:\/\/www.ip.gov.py\/ip\/wp-content\/uploads\/2023\/05\/ANDE-Vehiculos-electricos.png","contentUrl":"https:\/\/www.ip.gov.py\/ip\/wp-content\/uploads\/2023\/05\/ANDE-Vehiculos-electricos.png","width":2039,"height":1819,"caption":"Foto: ANDE"},{"@type":"BreadcrumbList","@id":"https:\/\/www.ip.gov.py\/ip\/2023\/05\/26\/ande-renueva-parte-de-sus-moviles-con-entrega-vehiculos-electricos-para-alto-parana\/#breadcrumb","itemListElement":[{"@type":"ListItem","position":1,"name":"Portada","item":"https:\/\/www.ip.gov.py\/ip\/"},{"@type":"ListItem","position":2,"name":"ANDE renueva parte de sus m\u00f3viles con entrega de veh\u00edculos el\u00e9ctricos para Alto Paran\u00e1"}]},{"@type":"WebSite","@id":"https:\/\/www.ip.gov.py\/ip\/#website","url":"https:\/\/www.ip.gov.py\/ip\/","name":".::Agencia IP::.","description":"","publisher":{"@id":"https:\/\/www.ip.gov.py\/ip\/#organization"},"potentialAction":[{"@type":"SearchAction","target":{"@type":"EntryPoint","urlTemplate":"https:\/\/www.ip.gov.py\/ip\/?s={search_term_string}"},"query-input":{"@type":"PropertyValueSpecification","valueRequired":true,"valueName":"search_term_string"}}],"inLanguage":"es"},{"@type":"Organization","@id":"https:\/\/www.ip.gov.py\/ip\/#organization","name":"Agencia IP","url":"https:\/\/www.ip.gov.py\/ip\/","logo":{"@type":"ImageObject","inLanguage":"es","@id":"https:\/\/www.ip.gov.py\/ip\/#\/schema\/logo\/image\/","url":"https:\/\/www.ip.gov.py\/ip\/wp-content\/uploads\/2018\/01\/Agencia-IP.jpg","contentUrl":"https:\/\/www.ip.gov.py\/ip\/wp-content\/uploads\/2018\/01\/Agencia-IP.jpg","width":150,"height":150,"caption":"Agencia IP"},"image":{"@id":"https:\/\/www.ip.gov.py\/ip\/#\/schema\/logo\/image\/"},"sameAs":["https:\/\/www.facebook.com\/IPParaguay\/","https:\/\/x.com\/IPParaguay","https:\/\/www.instagram.com\/IPParaguay"]},{"@type":"Person","@id":"https:\/\/www.ip.gov.py\/ip\/#\/schema\/person\/791af27a9219bdbf9064abb776bb41c2","name":"Noelia Ferreira","sameAs":["http:\/\/www.ip.gov.py"],"url":"https:\/\/www.ip.gov.py\/ip\/author\/nferreira\/"}]}},"_links":{"self":[{"href":"https:\/\/www.ip.gov.py\/ip\/wp-json\/wp\/v2\/posts\/457706","targetHints":{"allow":["GET"]}}],"collection":[{"href":"https:\/\/www.ip.gov.py\/ip\/wp-json\/wp\/v2\/posts"}],"about":[{"href":"https:\/\/www.ip.gov.py\/ip\/wp-json\/wp\/v2\/types\/post"}],"author":[{"embeddable":true,"href":"https:\/\/www.ip.gov.py\/ip\/wp-json\/wp\/v2\/users\/23"}],"replies":[{"embeddable":true,"href":"https:\/\/www.ip.gov.py\/ip\/wp-json\/wp\/v2\/comments?post=457706"}],"version-history":[{"count":0,"href":"https:\/\/www.ip.gov.py\/ip\/wp-json\/wp\/v2\/posts\/457706\/revisions"}],"wp:featuredmedia":[{"embeddable":true,"href":"https:\/\/www.ip.gov.py\/ip\/wp-json\/wp\/v2\/media\/457708"}],"wp:attachment":[{"href":"https:\/\/www.ip.gov.py\/ip\/wp-json\/wp\/v2\/media?parent=457706"}],"wp:term":[{"taxonomy":"category","embeddable":true,"href":"https:\/\/www.ip.gov.py\/ip\/wp-json\/wp\/v2\/categories?post=457706"},{"taxonomy":"post_tag","embeddable":true,"href":"https:\/\/www.ip.gov.py\/ip\/wp-json\/wp\/v2\/tags?post=457706"}],"curies":[{"name":"wp","href":"https:\/\/api.w.org\/{rel}","templated":true}]}}