{"id":457854,"date":"2023-05-29T08:39:06","date_gmt":"2023-05-29T12:39:06","guid":{"rendered":"https:\/\/www.ip.gov.py\/ip\/?p=457854"},"modified":"2023-05-29T08:39:06","modified_gmt":"2023-05-29T12:39:06","slug":"pedro-sanchez-convoca-elecciones-generales-el-23-de-julio","status":"publish","type":"post","link":"https:\/\/www.ip.gov.py\/ip\/2023\/05\/29\/pedro-sanchez-convoca-elecciones-generales-el-23-de-julio\/","title":{"rendered":"Pedro S\u00e1nchez convoca elecciones generales el 23 de julio"},"content":{"rendered":"<p style=\"text-align: justify;\"><em><strong>Madrid.-<\/strong><\/em>El presidente del Gobierno, Pedro S\u00e1nchez, ha anunciado el adelanto de las elecciones generales para el pr\u00f3ximo 23 de julio tras asumir personalmente la derrota electoral del PSOE.<!--more--><\/p>\n<p style=\"text-align: justify;\">Pedro S\u00e1nchez ha comparecido este lunes, el d\u00eda despu\u00e9s del 28 de mayo, para realizar una declaraci\u00f3n institucional en la que ha comunicado su decisi\u00f3n de convocar elecciones generales adelantadas el 23 de julio. Tras la debacle de los socialistas en los comicios auton\u00f3micos y locales, el secretario general del PSOE y presidente del Gobierno ha tomado esta decisi\u00f3n.<\/p>\n<p style=\"text-align: justify;\">\u201cLa segunda consecuencia es que numerosas instituciones pasar\u00e1n a ser administradas por nuevas mayor\u00edas conformadas por PP y Vox. Como presidente del gobierno y secretario general del PSOE asumo los resultados y creo que tengo que dar una respuesta. Todo esto aconseja una clarificaci\u00f3n de los espa\u00f1oles sobre las fuerzas pol\u00edticas que deben liderar esta fase. Lo mejor es que los espa\u00f1oles tomen la palabra para definir el rumbo pol\u00edtico del pa\u00eds\u201d, ha se\u00f1alado.<\/p>\n<p style=\"text-align: justify;\">Previamente, ha lamentado que \u201cmagn\u00edficos\u201d presidentes y presidentas auton\u00f3micas socialistas, as\u00ed como alcaldes y alcaldesas del mismo partido \u201cse van a ver desplazados\u201d a pesar de tener en su haber una \u201cgesti\u00f3n impecable\u201d. \u201cAunque las votaciones ten\u00edan un alcance municipal y auton\u00f3mico, el sentido del voto ten\u00eda un alcance que va m\u00e1s all\u00e1\u201d, ha sostenido.<\/p>\n<p style=\"text-align: justify;\">Te puede interesar: El PP arrasa tras \u2018comerse\u2019 a Ciudadanos, pero necesitar\u00e1 a Vox para conquistar poder territorial<\/p>\n<p style=\"text-align: justify;\">El l\u00edder del Gobierno sigui\u00f3 la noche electoral desde Moncloa y no en Ferraz, donde s\u00ed lo hicieron dirigentes de la Comisi\u00f3n Ejecutiva Federal, y miembros del Ejecutivo. Y es que, los resultados sobrepasaron incluso las encuestas al te\u00f1ir de azul el mapa pol\u00edtico espa\u00f1ol.<\/p>\n<p style=\"text-align: justify;\">Los socialistas han perdido los gobiernos de Extremadura, Comunidad Valenciana, La Rioja, Arag\u00f3n, Canarias y Baleares en favor de PP y Vox. Adem\u00e1s, se ha extraviado el ejecutivo de Cantabria, donde gobernaban como fuerza minoritaria junto al PRC. Solo Emiliano Garc\u00eda Page retuvo con mayor\u00eda absoluta Castilla-La Mancha, mientras que los socialistas podr\u00e1n seguir tambi\u00e9n al frente de Asturias, con apoyo de IU y Podemos, y de Navarra, aunque volver\u00e1n a necesitar una abstenci\u00f3n de EH Bildu para revalidar.<\/p>\n<p style=\"text-align: justify;\">En una declaraci\u00f3n institucional sin preguntas en Moncloa, S\u00e1nchez ha dejado claro que asume \u201cen primera persona\u201d los resultados. La situaci\u00f3n, ha rematado, \u201caconseja una clarificaci\u00f3n de la voluntad de los espa\u00f1oles sobre las pol\u00edticas y sobre las fuerzas pol\u00edticas que deben liderar esta fase\u201d. \u201cLo mejor es que los espa\u00f1oles tomen la palabra\u201d, ha incidido.<\/p>\n<p style=\"text-align: justify;\">M\u00e1s all\u00e1 de perder el m\u00fasculo territorial, el PSOE ha cedido el municipal. De las 22 capitales de provincia te\u00f1idas de rojo antes de este domingo, los socialistas solo podr\u00edan seguir gobernando gracias a posibles pactos con diferentes fuerzas territoriales o nacionalistas en Lugo, A coru\u00f1a, Soria, Le\u00f3n, Las Palmas, Ja\u00e9n, Cuenca, Lleida, Tarragona, Palencia. O lo que es lo mismo, pierde 15 capitales de provincia. Por el camino se han dejado feudos tan importantes como Sevilla, Valladolid, Palma de Mallorca, Gij\u00f3n y el gobierno de la ciudad de Valencia.<\/p>\n<p style=\"text-align: justify;\">Seg\u00fan ha informado el propio S\u00e1nchez, esta misma tarde celebrar\u00e1 un consejo de ministros extraordinario para disolver las Cortes y proceder a la convocatoria los comicios generales, prevista hasta ahora para finales de a\u00f1o. \u201cA estas alturas de la legislatura, El Gobierno ha sacado adelante las grandes reformas comprometidas en el discurso de investidura, nuestro programa de Gobierno y en nuestro acuerdo con la Comisi\u00f3n Europea. Nuestro pa\u00eds se dispone a desempe\u00f1ar la presidencia de turno del Consejo de la uni\u00f3n Europea. Toda estas razones aconsejan una clarificaci\u00f3n sobre la voluntad de los espa\u00f1oles, las pol\u00edtica que debe aplicar el gobierno y una clarificaci\u00f3n sobre las fuerzas pol\u00edticas que deben liderar esta fase\u201d, ha destacado Pedro S\u00e1nchez.<\/p>\n<p style=\"text-align: justify;\">El presidente del Gobierno toma esta decisi\u00f3n entonando el mea culpa por los p\u00e9simos resultados de su partido en medio del clima m\u00e1s que optimista para los populares. Por otro lado, la hecatombe de este domingo no solo salpica a los socialistas, tambi\u00e9n al espacio a su izquierda. Y es que, Podemos queda al borde de la extinci\u00f3n al quedarse sin representaci\u00f3n en Madrid y Valencia, y perder la presencia en cinco de los seis gobiernos auton\u00f3micos.<\/p>\n<p style=\"text-align: justify;\">Por otro lado, M\u00e1s Madrid no ha superado las expectativas a pesar de mantenerse como segunda fuerza en la capital y la Asamblea, mientras que Comprom\u00eds ha perdido el liderazgo de los gobiernos de la Generalitat Valenciana y el de la ciudad del Turia. Ante la cita con las urnas y un espacio a\u00fan por definir en torno al proyecto de la vicepresidenta segunda y l\u00edder de Sumar, la izquierda transformadora tiene el dif\u00edcil reto de rearmarse.Infobae.<\/p>\n","protected":false},"excerpt":{"rendered":"<p>Madrid.-El presidente del Gobierno, Pedro S\u00e1nchez, ha anunciado el adelanto de las elecciones generales para el pr\u00f3ximo 23 de julio tras asumir personalmente la derrota electoral del PSOE.<\/p>\n","protected":false},"author":11,"featured_media":457855,"comment_status":"closed","ping_status":"closed","sticky":false,"template":"","format":"standard","meta":{"_monsterinsights_skip_tracking":false,"_monsterinsights_sitenote_active":false,"_monsterinsights_sitenote_note":"","_monsterinsights_sitenote_category":0,"footnotes":""},"categories":[5],"tags":[3919,223,486,7056,4661],"class_list":{"0":"post-457854","1":"post","2":"type-post","3":"status-publish","4":"format-standard","5":"has-post-thumbnail","7":"category-internacionales","8":"tag-anuncio","10":"tag-espana","11":"tag-julio","12":"tag-pedro-sanchez"},"yoast_head":"<!-- This site is optimized with the Yoast SEO plugin v27.5 - https:\/\/yoast.com\/product\/yoast-seo-wordpress\/ -->\n<title>Pedro S\u00e1nchez convoca elecciones generales el 23 de julio - .::Agencia IP::.<\/title>\n<meta name=\"robots\" content=\"index, follow, max-snippet:-1, max-image-preview:large, max-video-preview:-1\" \/>\n<link rel=\"canonical\" href=\"https:\/\/www.ip.gov.py\/ip\/2023\/05\/29\/pedro-sanchez-convoca-elecciones-generales-el-23-de-julio\/\" \/>\n<meta property=\"og:locale\" content=\"es_ES\" \/>\n<meta property=\"og:type\" content=\"article\" \/>\n<meta property=\"og:title\" content=\"Pedro S\u00e1nchez convoca elecciones generales el 23 de julio - .::Agencia IP::.\" \/>\n<meta property=\"og:description\" content=\"Madrid.-El presidente del Gobierno, Pedro S\u00e1nchez, ha anunciado el adelanto de las elecciones generales para el pr\u00f3ximo 23 de julio tras asumir personalmente la derrota electoral del PSOE.\" \/>\n<meta property=\"og:url\" content=\"https:\/\/www.ip.gov.py\/ip\/2023\/05\/29\/pedro-sanchez-convoca-elecciones-generales-el-23-de-julio\/\" \/>\n<meta property=\"og:site_name\" content=\".::Agencia IP::.\" \/>\n<meta property=\"article:publisher\" content=\"https:\/\/www.facebook.com\/IPParaguay\/\" \/>\n<meta property=\"article:published_time\" content=\"2023-05-29T12:39:06+00:00\" \/>\n<meta property=\"og:image\" content=\"https:\/\/www.ip.gov.py\/ip\/wp-content\/uploads\/2023\/05\/Pedro-Sanchez.jpg\" \/>\n\t<meta property=\"og:image:width\" content=\"1200\" \/>\n\t<meta property=\"og:image:height\" content=\"675\" \/>\n\t<meta property=\"og:image:type\" content=\"image\/jpeg\" \/>\n<meta name=\"author\" content=\"vrios\" \/>\n<meta name=\"twitter:card\" content=\"summary_large_image\" \/>\n<meta name=\"twitter:creator\" content=\"@IPParaguay\" \/>\n<meta name=\"twitter:site\" content=\"@IPParaguay\" \/>\n<meta name=\"twitter:label1\" content=\"Escrito por\" \/>\n\t<meta name=\"twitter:data1\" content=\"vrios\" \/>\n\t<meta name=\"twitter:label2\" content=\"Tiempo de lectura\" \/>\n\t<meta name=\"twitter:data2\" content=\"4 minutos\" \/>\n<script type=\"application\/ld+json\" class=\"yoast-schema-graph\">{\"@context\":\"https:\\\/\\\/schema.org\",\"@graph\":[{\"@type\":\"Article\",\"@id\":\"https:\\\/\\\/www.ip.gov.py\\\/ip\\\/2023\\\/05\\\/29\\\/pedro-sanchez-convoca-elecciones-generales-el-23-de-julio\\\/#article\",\"isPartOf\":{\"@id\":\"https:\\\/\\\/www.ip.gov.py\\\/ip\\\/2023\\\/05\\\/29\\\/pedro-sanchez-convoca-elecciones-generales-el-23-de-julio\\\/\"},\"author\":{\"name\":\"vrios\",\"@id\":\"https:\\\/\\\/www.ip.gov.py\\\/ip\\\/#\\\/schema\\\/person\\\/fa3668852e893cb0423795330f919039\"},\"headline\":\"Pedro S\u00e1nchez convoca elecciones generales el 23 de julio\",\"datePublished\":\"2023-05-29T12:39:06+00:00\",\"mainEntityOfPage\":{\"@id\":\"https:\\\/\\\/www.ip.gov.py\\\/ip\\\/2023\\\/05\\\/29\\\/pedro-sanchez-convoca-elecciones-generales-el-23-de-julio\\\/\"},\"wordCount\":861,\"publisher\":{\"@id\":\"https:\\\/\\\/www.ip.gov.py\\\/ip\\\/#organization\"},\"image\":{\"@id\":\"https:\\\/\\\/www.ip.gov.py\\\/ip\\\/2023\\\/05\\\/29\\\/pedro-sanchez-convoca-elecciones-generales-el-23-de-julio\\\/#primaryimage\"},\"thumbnailUrl\":\"https:\\\/\\\/www.ip.gov.py\\\/ip\\\/wp-content\\\/uploads\\\/2023\\\/05\\\/Pedro-Sanchez.jpg\",\"keywords\":[\"Anuncio\",\"Elecciones\",\"Espa\u00f1a\",\"Julio\",\"Pedro S\u00e1nchez\"],\"articleSection\":[\"Internacionales\"],\"inLanguage\":\"es\"},{\"@type\":\"WebPage\",\"@id\":\"https:\\\/\\\/www.ip.gov.py\\\/ip\\\/2023\\\/05\\\/29\\\/pedro-sanchez-convoca-elecciones-generales-el-23-de-julio\\\/\",\"url\":\"https:\\\/\\\/www.ip.gov.py\\\/ip\\\/2023\\\/05\\\/29\\\/pedro-sanchez-convoca-elecciones-generales-el-23-de-julio\\\/\",\"name\":\"Pedro S\u00e1nchez convoca elecciones generales el 23 de julio - .::Agencia IP::.\",\"isPartOf\":{\"@id\":\"https:\\\/\\\/www.ip.gov.py\\\/ip\\\/#website\"},\"primaryImageOfPage\":{\"@id\":\"https:\\\/\\\/www.ip.gov.py\\\/ip\\\/2023\\\/05\\\/29\\\/pedro-sanchez-convoca-elecciones-generales-el-23-de-julio\\\/#primaryimage\"},\"image\":{\"@id\":\"https:\\\/\\\/www.ip.gov.py\\\/ip\\\/2023\\\/05\\\/29\\\/pedro-sanchez-convoca-elecciones-generales-el-23-de-julio\\\/#primaryimage\"},\"thumbnailUrl\":\"https:\\\/\\\/www.ip.gov.py\\\/ip\\\/wp-content\\\/uploads\\\/2023\\\/05\\\/Pedro-Sanchez.jpg\",\"datePublished\":\"2023-05-29T12:39:06+00:00\",\"breadcrumb\":{\"@id\":\"https:\\\/\\\/www.ip.gov.py\\\/ip\\\/2023\\\/05\\\/29\\\/pedro-sanchez-convoca-elecciones-generales-el-23-de-julio\\\/#breadcrumb\"},\"inLanguage\":\"es\",\"potentialAction\":[{\"@type\":\"ReadAction\",\"target\":[\"https:\\\/\\\/www.ip.gov.py\\\/ip\\\/2023\\\/05\\\/29\\\/pedro-sanchez-convoca-elecciones-generales-el-23-de-julio\\\/\"]}]},{\"@type\":\"ImageObject\",\"inLanguage\":\"es\",\"@id\":\"https:\\\/\\\/www.ip.gov.py\\\/ip\\\/2023\\\/05\\\/29\\\/pedro-sanchez-convoca-elecciones-generales-el-23-de-julio\\\/#primaryimage\",\"url\":\"https:\\\/\\\/www.ip.gov.py\\\/ip\\\/wp-content\\\/uploads\\\/2023\\\/05\\\/Pedro-Sanchez.jpg\",\"contentUrl\":\"https:\\\/\\\/www.ip.gov.py\\\/ip\\\/wp-content\\\/uploads\\\/2023\\\/05\\\/Pedro-Sanchez.jpg\",\"width\":1200,\"height\":675,\"caption\":\"Faro Figo\"},{\"@type\":\"BreadcrumbList\",\"@id\":\"https:\\\/\\\/www.ip.gov.py\\\/ip\\\/2023\\\/05\\\/29\\\/pedro-sanchez-convoca-elecciones-generales-el-23-de-julio\\\/#breadcrumb\",\"itemListElement\":[{\"@type\":\"ListItem\",\"position\":1,\"name\":\"Portada\",\"item\":\"https:\\\/\\\/www.ip.gov.py\\\/ip\\\/\"},{\"@type\":\"ListItem\",\"position\":2,\"name\":\"Pedro S\u00e1nchez convoca elecciones generales el 23 de julio\"}]},{\"@type\":\"WebSite\",\"@id\":\"https:\\\/\\\/www.ip.gov.py\\\/ip\\\/#website\",\"url\":\"https:\\\/\\\/www.ip.gov.py\\\/ip\\\/\",\"name\":\".::Agencia IP::.\",\"description\":\"\",\"publisher\":{\"@id\":\"https:\\\/\\\/www.ip.gov.py\\\/ip\\\/#organization\"},\"potentialAction\":[{\"@type\":\"SearchAction\",\"target\":{\"@type\":\"EntryPoint\",\"urlTemplate\":\"https:\\\/\\\/www.ip.gov.py\\\/ip\\\/?s={search_term_string}\"},\"query-input\":{\"@type\":\"PropertyValueSpecification\",\"valueRequired\":true,\"valueName\":\"search_term_string\"}}],\"inLanguage\":\"es\"},{\"@type\":\"Organization\",\"@id\":\"https:\\\/\\\/www.ip.gov.py\\\/ip\\\/#organization\",\"name\":\"Agencia IP\",\"url\":\"https:\\\/\\\/www.ip.gov.py\\\/ip\\\/\",\"logo\":{\"@type\":\"ImageObject\",\"inLanguage\":\"es\",\"@id\":\"https:\\\/\\\/www.ip.gov.py\\\/ip\\\/#\\\/schema\\\/logo\\\/image\\\/\",\"url\":\"https:\\\/\\\/www.ip.gov.py\\\/ip\\\/wp-content\\\/uploads\\\/2018\\\/01\\\/Agencia-IP.jpg\",\"contentUrl\":\"https:\\\/\\\/www.ip.gov.py\\\/ip\\\/wp-content\\\/uploads\\\/2018\\\/01\\\/Agencia-IP.jpg\",\"width\":150,\"height\":150,\"caption\":\"Agencia IP\"},\"image\":{\"@id\":\"https:\\\/\\\/www.ip.gov.py\\\/ip\\\/#\\\/schema\\\/logo\\\/image\\\/\"},\"sameAs\":[\"https:\\\/\\\/www.facebook.com\\\/IPParaguay\\\/\",\"https:\\\/\\\/x.com\\\/IPParaguay\",\"https:\\\/\\\/www.instagram.com\\\/IPParaguay\"]},{\"@type\":\"Person\",\"@id\":\"https:\\\/\\\/www.ip.gov.py\\\/ip\\\/#\\\/schema\\\/person\\\/fa3668852e893cb0423795330f919039\",\"name\":\"vrios\",\"url\":\"https:\\\/\\\/www.ip.gov.py\\\/ip\\\/author\\\/vrios\\\/\"}]}<\/script>\n<!-- \/ Yoast SEO plugin. -->","yoast_head_json":{"title":"Pedro S\u00e1nchez convoca elecciones generales el 23 de julio - .::Agencia IP::.","robots":{"index":"index","follow":"follow","max-snippet":"max-snippet:-1","max-image-preview":"max-image-preview:large","max-video-preview":"max-video-preview:-1"},"canonical":"https:\/\/www.ip.gov.py\/ip\/2023\/05\/29\/pedro-sanchez-convoca-elecciones-generales-el-23-de-julio\/","og_locale":"es_ES","og_type":"article","og_title":"Pedro S\u00e1nchez convoca elecciones generales el 23 de julio - .::Agencia IP::.","og_description":"Madrid.-El presidente del Gobierno, Pedro S\u00e1nchez, ha anunciado el adelanto de las elecciones generales para el pr\u00f3ximo 23 de julio tras asumir personalmente la derrota electoral del PSOE.","og_url":"https:\/\/www.ip.gov.py\/ip\/2023\/05\/29\/pedro-sanchez-convoca-elecciones-generales-el-23-de-julio\/","og_site_name":".::Agencia IP::.","article_publisher":"https:\/\/www.facebook.com\/IPParaguay\/","article_published_time":"2023-05-29T12:39:06+00:00","og_image":[{"width":1200,"height":675,"url":"https:\/\/www.ip.gov.py\/ip\/wp-content\/uploads\/2023\/05\/Pedro-Sanchez.jpg","type":"image\/jpeg"}],"author":"vrios","twitter_card":"summary_large_image","twitter_creator":"@IPParaguay","twitter_site":"@IPParaguay","twitter_misc":{"Escrito por":"vrios","Tiempo de lectura":"4 minutos"},"schema":{"@context":"https:\/\/schema.org","@graph":[{"@type":"Article","@id":"https:\/\/www.ip.gov.py\/ip\/2023\/05\/29\/pedro-sanchez-convoca-elecciones-generales-el-23-de-julio\/#article","isPartOf":{"@id":"https:\/\/www.ip.gov.py\/ip\/2023\/05\/29\/pedro-sanchez-convoca-elecciones-generales-el-23-de-julio\/"},"author":{"name":"vrios","@id":"https:\/\/www.ip.gov.py\/ip\/#\/schema\/person\/fa3668852e893cb0423795330f919039"},"headline":"Pedro S\u00e1nchez convoca elecciones generales el 23 de julio","datePublished":"2023-05-29T12:39:06+00:00","mainEntityOfPage":{"@id":"https:\/\/www.ip.gov.py\/ip\/2023\/05\/29\/pedro-sanchez-convoca-elecciones-generales-el-23-de-julio\/"},"wordCount":861,"publisher":{"@id":"https:\/\/www.ip.gov.py\/ip\/#organization"},"image":{"@id":"https:\/\/www.ip.gov.py\/ip\/2023\/05\/29\/pedro-sanchez-convoca-elecciones-generales-el-23-de-julio\/#primaryimage"},"thumbnailUrl":"https:\/\/www.ip.gov.py\/ip\/wp-content\/uploads\/2023\/05\/Pedro-Sanchez.jpg","keywords":["Anuncio","Elecciones","Espa\u00f1a","Julio","Pedro S\u00e1nchez"],"articleSection":["Internacionales"],"inLanguage":"es"},{"@type":"WebPage","@id":"https:\/\/www.ip.gov.py\/ip\/2023\/05\/29\/pedro-sanchez-convoca-elecciones-generales-el-23-de-julio\/","url":"https:\/\/www.ip.gov.py\/ip\/2023\/05\/29\/pedro-sanchez-convoca-elecciones-generales-el-23-de-julio\/","name":"Pedro S\u00e1nchez convoca elecciones generales el 23 de julio - .::Agencia IP::.","isPartOf":{"@id":"https:\/\/www.ip.gov.py\/ip\/#website"},"primaryImageOfPage":{"@id":"https:\/\/www.ip.gov.py\/ip\/2023\/05\/29\/pedro-sanchez-convoca-elecciones-generales-el-23-de-julio\/#primaryimage"},"image":{"@id":"https:\/\/www.ip.gov.py\/ip\/2023\/05\/29\/pedro-sanchez-convoca-elecciones-generales-el-23-de-julio\/#primaryimage"},"thumbnailUrl":"https:\/\/www.ip.gov.py\/ip\/wp-content\/uploads\/2023\/05\/Pedro-Sanchez.jpg","datePublished":"2023-05-29T12:39:06+00:00","breadcrumb":{"@id":"https:\/\/www.ip.gov.py\/ip\/2023\/05\/29\/pedro-sanchez-convoca-elecciones-generales-el-23-de-julio\/#breadcrumb"},"inLanguage":"es","potentialAction":[{"@type":"ReadAction","target":["https:\/\/www.ip.gov.py\/ip\/2023\/05\/29\/pedro-sanchez-convoca-elecciones-generales-el-23-de-julio\/"]}]},{"@type":"ImageObject","inLanguage":"es","@id":"https:\/\/www.ip.gov.py\/ip\/2023\/05\/29\/pedro-sanchez-convoca-elecciones-generales-el-23-de-julio\/#primaryimage","url":"https:\/\/www.ip.gov.py\/ip\/wp-content\/uploads\/2023\/05\/Pedro-Sanchez.jpg","contentUrl":"https:\/\/www.ip.gov.py\/ip\/wp-content\/uploads\/2023\/05\/Pedro-Sanchez.jpg","width":1200,"height":675,"caption":"Faro Figo"},{"@type":"BreadcrumbList","@id":"https:\/\/www.ip.gov.py\/ip\/2023\/05\/29\/pedro-sanchez-convoca-elecciones-generales-el-23-de-julio\/#breadcrumb","itemListElement":[{"@type":"ListItem","position":1,"name":"Portada","item":"https:\/\/www.ip.gov.py\/ip\/"},{"@type":"ListItem","position":2,"name":"Pedro S\u00e1nchez convoca elecciones generales el 23 de julio"}]},{"@type":"WebSite","@id":"https:\/\/www.ip.gov.py\/ip\/#website","url":"https:\/\/www.ip.gov.py\/ip\/","name":".::Agencia IP::.","description":"","publisher":{"@id":"https:\/\/www.ip.gov.py\/ip\/#organization"},"potentialAction":[{"@type":"SearchAction","target":{"@type":"EntryPoint","urlTemplate":"https:\/\/www.ip.gov.py\/ip\/?s={search_term_string}"},"query-input":{"@type":"PropertyValueSpecification","valueRequired":true,"valueName":"search_term_string"}}],"inLanguage":"es"},{"@type":"Organization","@id":"https:\/\/www.ip.gov.py\/ip\/#organization","name":"Agencia IP","url":"https:\/\/www.ip.gov.py\/ip\/","logo":{"@type":"ImageObject","inLanguage":"es","@id":"https:\/\/www.ip.gov.py\/ip\/#\/schema\/logo\/image\/","url":"https:\/\/www.ip.gov.py\/ip\/wp-content\/uploads\/2018\/01\/Agencia-IP.jpg","contentUrl":"https:\/\/www.ip.gov.py\/ip\/wp-content\/uploads\/2018\/01\/Agencia-IP.jpg","width":150,"height":150,"caption":"Agencia IP"},"image":{"@id":"https:\/\/www.ip.gov.py\/ip\/#\/schema\/logo\/image\/"},"sameAs":["https:\/\/www.facebook.com\/IPParaguay\/","https:\/\/x.com\/IPParaguay","https:\/\/www.instagram.com\/IPParaguay"]},{"@type":"Person","@id":"https:\/\/www.ip.gov.py\/ip\/#\/schema\/person\/fa3668852e893cb0423795330f919039","name":"vrios","url":"https:\/\/www.ip.gov.py\/ip\/author\/vrios\/"}]}},"_links":{"self":[{"href":"https:\/\/www.ip.gov.py\/ip\/wp-json\/wp\/v2\/posts\/457854","targetHints":{"allow":["GET"]}}],"collection":[{"href":"https:\/\/www.ip.gov.py\/ip\/wp-json\/wp\/v2\/posts"}],"about":[{"href":"https:\/\/www.ip.gov.py\/ip\/wp-json\/wp\/v2\/types\/post"}],"author":[{"embeddable":true,"href":"https:\/\/www.ip.gov.py\/ip\/wp-json\/wp\/v2\/users\/11"}],"replies":[{"embeddable":true,"href":"https:\/\/www.ip.gov.py\/ip\/wp-json\/wp\/v2\/comments?post=457854"}],"version-history":[{"count":0,"href":"https:\/\/www.ip.gov.py\/ip\/wp-json\/wp\/v2\/posts\/457854\/revisions"}],"wp:featuredmedia":[{"embeddable":true,"href":"https:\/\/www.ip.gov.py\/ip\/wp-json\/wp\/v2\/media\/457855"}],"wp:attachment":[{"href":"https:\/\/www.ip.gov.py\/ip\/wp-json\/wp\/v2\/media?parent=457854"}],"wp:term":[{"taxonomy":"category","embeddable":true,"href":"https:\/\/www.ip.gov.py\/ip\/wp-json\/wp\/v2\/categories?post=457854"},{"taxonomy":"post_tag","embeddable":true,"href":"https:\/\/www.ip.gov.py\/ip\/wp-json\/wp\/v2\/tags?post=457854"}],"curies":[{"name":"wp","href":"https:\/\/api.w.org\/{rel}","templated":true}]}}