{"id":462350,"date":"2023-07-06T10:10:02","date_gmt":"2023-07-06T14:10:02","guid":{"rendered":"https:\/\/www.ip.gov.py\/ip\/?p=462350"},"modified":"2023-07-06T14:37:33","modified_gmt":"2023-07-06T18:37:33","slug":"informan-acerca-del-impacto-que-tendria-la-produccion-agropecuaria-por-el-fenomeno-del-nino","status":"publish","type":"post","link":"https:\/\/www.ip.gov.py\/ip\/2023\/07\/06\/informan-acerca-del-impacto-que-tendria-la-produccion-agropecuaria-por-el-fenomeno-del-nino\/","title":{"rendered":"Producci\u00f3n agr\u00edcola podr\u00eda beneficiarse si fen\u00f3meno \u00abEl Ni\u00f1o\u00bb llega de forma moderada, afirman"},"content":{"rendered":"<p style=\"text-align: justify;\"><strong><em>Asunci\u00f3n, Agencia IP.- <\/em><\/strong>El director de Unidad de Gesti\u00f3n de Riesgo del MAG, Edgar Mayeregger, afirm\u00f3 que la producci\u00f3n agr\u00edcola viene siendo afectada por una sequ\u00eda de m\u00e1s de tres a\u00f1os, y que la llegada del fen\u00f3meno \u00abEl Ni\u00f1o\u00bb, que trae mayores lluvias, podr\u00eda ser manejable para la producci\u00f3n si ocurre de manera moderada.<\/p>\n<p style=\"text-align: justify;\"><!--more--><\/p>\n<p style=\"text-align: justify;\">\u201cNosotros estamos saliendo de un evento muy cr\u00edtico de tres a\u00f1os, tuvimos la suerte que climatol\u00f3gicamente en los meses donde se consolidaba la producci\u00f3n empez\u00f3 a llover, sin embargo, los problemas hasta ahora persisten por esa falta de agua\u201d, expres\u00f3 el director en conversaci\u00f3n con Radio Nacional del Paraguay.<\/p>\n<p style=\"text-align: justify;\">En ese sentido mencion\u00f3 los casos de Argentina y Uruguay, donde los impactos de esta situaci\u00f3n de sequ\u00eda son mucho mayores e incluso se habla de p\u00e9rdidas de producci\u00f3n importante. \u201cHay que entender que el impacto de una sequ\u00eda a diferencia de una inundaci\u00f3n, es mucho m\u00e1s complicado de manejar\u201d.<\/p>\n<p style=\"text-align: justify;\">A su vez, puntualiz\u00f3 que la llegada de \u00abEl Ni\u00f1o\u00bb podr\u00eda ser favorable para la producci\u00f3n agr\u00edcola. \u201cEl deseo es que venga mucha lluvia, ya que tuvimos una sequ\u00eda de tres a\u00f1os, pero hay que ver de que forma llega\u201d.<\/p>\n<p style=\"text-align: justify;\">\u00abSe estima que la llegada de \u00abEl Ni\u00f1o\u00bb podr\u00eda ser moderado, pero todav\u00eda no se defini\u00f3 eso con toda certeza, y si hablamos de un Ni\u00f1o intenso es bastante preocupante. Sin embargo, la llegada de un fen\u00f3meno d\u00e9bil es bastante manejable la situaci\u00f3n para el sector productivo\u00bb, a\u00f1adi\u00f3.<\/p>\n<p style=\"text-align: justify;\">Por otra parte, explic\u00f3 que hasta el momento hablan de una situaci\u00f3n decreciente del r\u00edo en algunos lugares, seg\u00fan el pron\u00f3stico meteorol\u00f3gico, pero no se habla de una inundaci\u00f3n a corto plazo.<\/p>\n<p style=\"text-align: justify;\">\u201cEsperemos que llegue una lluvia importante en la etapa productiva, todo es cuesti\u00f3n de ir monitoreando con los pron\u00f3sticos que tenemos a mediano plazo\u201d, se\u00f1al\u00f3.<\/p>\n<p style=\"text-align: justify;\">Finalmente coment\u00f3 que la agricultura comienza a trabajar a finales de julio, preparandose para la zafra importante de primavera y verano, y que ya empiezan a haber cultivos de ma\u00edz, porotos, entre otros.<\/p>\n","protected":false},"excerpt":{"rendered":"<p>Asunci\u00f3n, Agencia IP.- El director de Unidad de Gesti\u00f3n de Riesgo del MAG, Edgar Mayeregger, afirm\u00f3 que la producci\u00f3n agr\u00edcola viene siendo afectada por una sequ\u00eda de m\u00e1s de tres a\u00f1os, y que la llegada del fen\u00f3meno \u00abEl Ni\u00f1o\u00bb, que trae mayores lluvias, podr\u00eda ser manejable para la producci\u00f3n si ocurre de manera moderada.<\/p>\n","protected":false},"author":35,"featured_media":115625,"comment_status":"closed","ping_status":"closed","sticky":false,"template":"","format":"standard","meta":{"_monsterinsights_skip_tracking":false,"_monsterinsights_sitenote_active":false,"_monsterinsights_sitenote_note":"","_monsterinsights_sitenote_category":0,"footnotes":""},"categories":[2,9],"tags":[15421,2839,59,2203],"class_list":{"0":"post-462350","1":"post","2":"type-post","3":"status-publish","4":"format-standard","5":"has-post-thumbnail","7":"category-destacado","8":"category-economia","9":"tag-fenomeno-del-nino","10":"tag-inundacion","11":"tag-mag","12":"tag-sequia"},"yoast_head":"<!-- This site is optimized with the Yoast SEO plugin v27.5 - https:\/\/yoast.com\/product\/yoast-seo-wordpress\/ -->\n<title>Producci\u00f3n agr\u00edcola podr\u00eda beneficiarse si fen\u00f3meno &quot;El Ni\u00f1o&quot; llega de forma moderada, afirman - .::Agencia IP::.<\/title>\n<meta name=\"robots\" content=\"index, follow, max-snippet:-1, max-image-preview:large, max-video-preview:-1\" \/>\n<link rel=\"canonical\" href=\"https:\/\/www.ip.gov.py\/ip\/2023\/07\/06\/informan-acerca-del-impacto-que-tendria-la-produccion-agropecuaria-por-el-fenomeno-del-nino\/\" \/>\n<meta property=\"og:locale\" content=\"es_ES\" \/>\n<meta property=\"og:type\" content=\"article\" \/>\n<meta property=\"og:title\" content=\"Producci\u00f3n agr\u00edcola podr\u00eda beneficiarse si fen\u00f3meno &quot;El Ni\u00f1o&quot; llega de forma moderada, afirman - .::Agencia IP::.\" \/>\n<meta property=\"og:description\" content=\"Asunci\u00f3n, Agencia IP.- El director de Unidad de Gesti\u00f3n de Riesgo del MAG, Edgar Mayeregger, afirm\u00f3 que la producci\u00f3n agr\u00edcola viene siendo afectada por una sequ\u00eda de m\u00e1s de tres a\u00f1os, y que la llegada del fen\u00f3meno \u00abEl Ni\u00f1o\u00bb, que trae mayores lluvias, podr\u00eda ser manejable para la producci\u00f3n si ocurre de manera moderada.\" \/>\n<meta property=\"og:url\" content=\"https:\/\/www.ip.gov.py\/ip\/2023\/07\/06\/informan-acerca-del-impacto-que-tendria-la-produccion-agropecuaria-por-el-fenomeno-del-nino\/\" \/>\n<meta property=\"og:site_name\" content=\".::Agencia IP::.\" \/>\n<meta property=\"article:publisher\" content=\"https:\/\/www.facebook.com\/IPParaguay\/\" \/>\n<meta property=\"article:published_time\" content=\"2023-07-06T14:10:02+00:00\" \/>\n<meta property=\"article:modified_time\" content=\"2023-07-06T18:37:33+00:00\" \/>\n<meta property=\"og:image\" content=\"https:\/\/www.ip.gov.py\/ip\/wp-content\/uploads\/2016\/08\/agricultura-producci\u00f3n-granos-trigo.jpg\" \/>\n\t<meta property=\"og:image:width\" content=\"1000\" \/>\n\t<meta property=\"og:image:height\" content=\"667\" \/>\n\t<meta property=\"og:image:type\" content=\"image\/jpeg\" \/>\n<meta name=\"author\" content=\"Pamela Elizabeth Vargas Resquin\" \/>\n<meta name=\"twitter:card\" content=\"summary_large_image\" \/>\n<meta name=\"twitter:creator\" content=\"@IPParaguay\" \/>\n<meta name=\"twitter:site\" content=\"@IPParaguay\" \/>\n<meta name=\"twitter:label1\" content=\"Escrito por\" \/>\n\t<meta name=\"twitter:data1\" content=\"Pamela Elizabeth Vargas Resquin\" \/>\n\t<meta name=\"twitter:label2\" content=\"Tiempo de lectura\" \/>\n\t<meta name=\"twitter:data2\" content=\"2 minutos\" \/>\n<script type=\"application\/ld+json\" class=\"yoast-schema-graph\">{\"@context\":\"https:\\\/\\\/schema.org\",\"@graph\":[{\"@type\":\"Article\",\"@id\":\"https:\\\/\\\/www.ip.gov.py\\\/ip\\\/2023\\\/07\\\/06\\\/informan-acerca-del-impacto-que-tendria-la-produccion-agropecuaria-por-el-fenomeno-del-nino\\\/#article\",\"isPartOf\":{\"@id\":\"https:\\\/\\\/www.ip.gov.py\\\/ip\\\/2023\\\/07\\\/06\\\/informan-acerca-del-impacto-que-tendria-la-produccion-agropecuaria-por-el-fenomeno-del-nino\\\/\"},\"author\":{\"name\":\"Pamela Elizabeth Vargas Resquin\",\"@id\":\"https:\\\/\\\/www.ip.gov.py\\\/ip\\\/#\\\/schema\\\/person\\\/80c9beb6567da1ef96311cdd26ffab9c\"},\"headline\":\"Producci\u00f3n agr\u00edcola podr\u00eda beneficiarse si fen\u00f3meno \u00abEl Ni\u00f1o\u00bb llega de forma moderada, afirman\",\"datePublished\":\"2023-07-06T14:10:02+00:00\",\"dateModified\":\"2023-07-06T18:37:33+00:00\",\"mainEntityOfPage\":{\"@id\":\"https:\\\/\\\/www.ip.gov.py\\\/ip\\\/2023\\\/07\\\/06\\\/informan-acerca-del-impacto-que-tendria-la-produccion-agropecuaria-por-el-fenomeno-del-nino\\\/\"},\"wordCount\":397,\"publisher\":{\"@id\":\"https:\\\/\\\/www.ip.gov.py\\\/ip\\\/#organization\"},\"image\":{\"@id\":\"https:\\\/\\\/www.ip.gov.py\\\/ip\\\/2023\\\/07\\\/06\\\/informan-acerca-del-impacto-que-tendria-la-produccion-agropecuaria-por-el-fenomeno-del-nino\\\/#primaryimage\"},\"thumbnailUrl\":\"https:\\\/\\\/www.ip.gov.py\\\/ip\\\/wp-content\\\/uploads\\\/2016\\\/08\\\/agricultura-producci\u00f3n-granos-trigo.jpg\",\"keywords\":[\"fen\u00f3meno del ni\u00f1o\",\"Inundaci\u00f3n\",\"MAG\",\"Sequ\u00eda\"],\"articleSection\":[\"Destacado\",\"Econom\u00eda\"],\"inLanguage\":\"es\"},{\"@type\":\"WebPage\",\"@id\":\"https:\\\/\\\/www.ip.gov.py\\\/ip\\\/2023\\\/07\\\/06\\\/informan-acerca-del-impacto-que-tendria-la-produccion-agropecuaria-por-el-fenomeno-del-nino\\\/\",\"url\":\"https:\\\/\\\/www.ip.gov.py\\\/ip\\\/2023\\\/07\\\/06\\\/informan-acerca-del-impacto-que-tendria-la-produccion-agropecuaria-por-el-fenomeno-del-nino\\\/\",\"name\":\"Producci\u00f3n agr\u00edcola podr\u00eda beneficiarse si fen\u00f3meno \\\"El Ni\u00f1o\\\" llega de forma moderada, afirman - .::Agencia IP::.\",\"isPartOf\":{\"@id\":\"https:\\\/\\\/www.ip.gov.py\\\/ip\\\/#website\"},\"primaryImageOfPage\":{\"@id\":\"https:\\\/\\\/www.ip.gov.py\\\/ip\\\/2023\\\/07\\\/06\\\/informan-acerca-del-impacto-que-tendria-la-produccion-agropecuaria-por-el-fenomeno-del-nino\\\/#primaryimage\"},\"image\":{\"@id\":\"https:\\\/\\\/www.ip.gov.py\\\/ip\\\/2023\\\/07\\\/06\\\/informan-acerca-del-impacto-que-tendria-la-produccion-agropecuaria-por-el-fenomeno-del-nino\\\/#primaryimage\"},\"thumbnailUrl\":\"https:\\\/\\\/www.ip.gov.py\\\/ip\\\/wp-content\\\/uploads\\\/2016\\\/08\\\/agricultura-producci\u00f3n-granos-trigo.jpg\",\"datePublished\":\"2023-07-06T14:10:02+00:00\",\"dateModified\":\"2023-07-06T18:37:33+00:00\",\"breadcrumb\":{\"@id\":\"https:\\\/\\\/www.ip.gov.py\\\/ip\\\/2023\\\/07\\\/06\\\/informan-acerca-del-impacto-que-tendria-la-produccion-agropecuaria-por-el-fenomeno-del-nino\\\/#breadcrumb\"},\"inLanguage\":\"es\",\"potentialAction\":[{\"@type\":\"ReadAction\",\"target\":[\"https:\\\/\\\/www.ip.gov.py\\\/ip\\\/2023\\\/07\\\/06\\\/informan-acerca-del-impacto-que-tendria-la-produccion-agropecuaria-por-el-fenomeno-del-nino\\\/\"]}]},{\"@type\":\"ImageObject\",\"inLanguage\":\"es\",\"@id\":\"https:\\\/\\\/www.ip.gov.py\\\/ip\\\/2023\\\/07\\\/06\\\/informan-acerca-del-impacto-que-tendria-la-produccion-agropecuaria-por-el-fenomeno-del-nino\\\/#primaryimage\",\"url\":\"https:\\\/\\\/www.ip.gov.py\\\/ip\\\/wp-content\\\/uploads\\\/2016\\\/08\\\/agricultura-producci\u00f3n-granos-trigo.jpg\",\"contentUrl\":\"https:\\\/\\\/www.ip.gov.py\\\/ip\\\/wp-content\\\/uploads\\\/2016\\\/08\\\/agricultura-producci\u00f3n-granos-trigo.jpg\",\"width\":1000,\"height\":667},{\"@type\":\"BreadcrumbList\",\"@id\":\"https:\\\/\\\/www.ip.gov.py\\\/ip\\\/2023\\\/07\\\/06\\\/informan-acerca-del-impacto-que-tendria-la-produccion-agropecuaria-por-el-fenomeno-del-nino\\\/#breadcrumb\",\"itemListElement\":[{\"@type\":\"ListItem\",\"position\":1,\"name\":\"Portada\",\"item\":\"https:\\\/\\\/www.ip.gov.py\\\/ip\\\/\"},{\"@type\":\"ListItem\",\"position\":2,\"name\":\"Producci\u00f3n agr\u00edcola podr\u00eda beneficiarse si fen\u00f3meno \u00abEl Ni\u00f1o\u00bb llega de forma moderada, afirman\"}]},{\"@type\":\"WebSite\",\"@id\":\"https:\\\/\\\/www.ip.gov.py\\\/ip\\\/#website\",\"url\":\"https:\\\/\\\/www.ip.gov.py\\\/ip\\\/\",\"name\":\".::Agencia IP::.\",\"description\":\"\",\"publisher\":{\"@id\":\"https:\\\/\\\/www.ip.gov.py\\\/ip\\\/#organization\"},\"potentialAction\":[{\"@type\":\"SearchAction\",\"target\":{\"@type\":\"EntryPoint\",\"urlTemplate\":\"https:\\\/\\\/www.ip.gov.py\\\/ip\\\/?s={search_term_string}\"},\"query-input\":{\"@type\":\"PropertyValueSpecification\",\"valueRequired\":true,\"valueName\":\"search_term_string\"}}],\"inLanguage\":\"es\"},{\"@type\":\"Organization\",\"@id\":\"https:\\\/\\\/www.ip.gov.py\\\/ip\\\/#organization\",\"name\":\"Agencia IP\",\"url\":\"https:\\\/\\\/www.ip.gov.py\\\/ip\\\/\",\"logo\":{\"@type\":\"ImageObject\",\"inLanguage\":\"es\",\"@id\":\"https:\\\/\\\/www.ip.gov.py\\\/ip\\\/#\\\/schema\\\/logo\\\/image\\\/\",\"url\":\"https:\\\/\\\/www.ip.gov.py\\\/ip\\\/wp-content\\\/uploads\\\/2018\\\/01\\\/Agencia-IP.jpg\",\"contentUrl\":\"https:\\\/\\\/www.ip.gov.py\\\/ip\\\/wp-content\\\/uploads\\\/2018\\\/01\\\/Agencia-IP.jpg\",\"width\":150,\"height\":150,\"caption\":\"Agencia IP\"},\"image\":{\"@id\":\"https:\\\/\\\/www.ip.gov.py\\\/ip\\\/#\\\/schema\\\/logo\\\/image\\\/\"},\"sameAs\":[\"https:\\\/\\\/www.facebook.com\\\/IPParaguay\\\/\",\"https:\\\/\\\/x.com\\\/IPParaguay\",\"https:\\\/\\\/www.instagram.com\\\/IPParaguay\"]},{\"@type\":\"Person\",\"@id\":\"https:\\\/\\\/www.ip.gov.py\\\/ip\\\/#\\\/schema\\\/person\\\/80c9beb6567da1ef96311cdd26ffab9c\",\"name\":\"Pamela Elizabeth Vargas Resquin\",\"url\":\"https:\\\/\\\/www.ip.gov.py\\\/ip\\\/author\\\/5499826\\\/\"}]}<\/script>\n<!-- \/ Yoast SEO plugin. -->","yoast_head_json":{"title":"Producci\u00f3n agr\u00edcola podr\u00eda beneficiarse si fen\u00f3meno \"El Ni\u00f1o\" llega de forma moderada, afirman - .::Agencia IP::.","robots":{"index":"index","follow":"follow","max-snippet":"max-snippet:-1","max-image-preview":"max-image-preview:large","max-video-preview":"max-video-preview:-1"},"canonical":"https:\/\/www.ip.gov.py\/ip\/2023\/07\/06\/informan-acerca-del-impacto-que-tendria-la-produccion-agropecuaria-por-el-fenomeno-del-nino\/","og_locale":"es_ES","og_type":"article","og_title":"Producci\u00f3n agr\u00edcola podr\u00eda beneficiarse si fen\u00f3meno \"El Ni\u00f1o\" llega de forma moderada, afirman - .::Agencia IP::.","og_description":"Asunci\u00f3n, Agencia IP.- El director de Unidad de Gesti\u00f3n de Riesgo del MAG, Edgar Mayeregger, afirm\u00f3 que la producci\u00f3n agr\u00edcola viene siendo afectada por una sequ\u00eda de m\u00e1s de tres a\u00f1os, y que la llegada del fen\u00f3meno \u00abEl Ni\u00f1o\u00bb, que trae mayores lluvias, podr\u00eda ser manejable para la producci\u00f3n si ocurre de manera moderada.","og_url":"https:\/\/www.ip.gov.py\/ip\/2023\/07\/06\/informan-acerca-del-impacto-que-tendria-la-produccion-agropecuaria-por-el-fenomeno-del-nino\/","og_site_name":".::Agencia IP::.","article_publisher":"https:\/\/www.facebook.com\/IPParaguay\/","article_published_time":"2023-07-06T14:10:02+00:00","article_modified_time":"2023-07-06T18:37:33+00:00","og_image":[{"width":1000,"height":667,"url":"https:\/\/www.ip.gov.py\/ip\/wp-content\/uploads\/2016\/08\/agricultura-producci\u00f3n-granos-trigo.jpg","type":"image\/jpeg"}],"author":"Pamela Elizabeth Vargas Resquin","twitter_card":"summary_large_image","twitter_creator":"@IPParaguay","twitter_site":"@IPParaguay","twitter_misc":{"Escrito por":"Pamela Elizabeth Vargas Resquin","Tiempo de lectura":"2 minutos"},"schema":{"@context":"https:\/\/schema.org","@graph":[{"@type":"Article","@id":"https:\/\/www.ip.gov.py\/ip\/2023\/07\/06\/informan-acerca-del-impacto-que-tendria-la-produccion-agropecuaria-por-el-fenomeno-del-nino\/#article","isPartOf":{"@id":"https:\/\/www.ip.gov.py\/ip\/2023\/07\/06\/informan-acerca-del-impacto-que-tendria-la-produccion-agropecuaria-por-el-fenomeno-del-nino\/"},"author":{"name":"Pamela Elizabeth Vargas Resquin","@id":"https:\/\/www.ip.gov.py\/ip\/#\/schema\/person\/80c9beb6567da1ef96311cdd26ffab9c"},"headline":"Producci\u00f3n agr\u00edcola podr\u00eda beneficiarse si fen\u00f3meno \u00abEl Ni\u00f1o\u00bb llega de forma moderada, afirman","datePublished":"2023-07-06T14:10:02+00:00","dateModified":"2023-07-06T18:37:33+00:00","mainEntityOfPage":{"@id":"https:\/\/www.ip.gov.py\/ip\/2023\/07\/06\/informan-acerca-del-impacto-que-tendria-la-produccion-agropecuaria-por-el-fenomeno-del-nino\/"},"wordCount":397,"publisher":{"@id":"https:\/\/www.ip.gov.py\/ip\/#organization"},"image":{"@id":"https:\/\/www.ip.gov.py\/ip\/2023\/07\/06\/informan-acerca-del-impacto-que-tendria-la-produccion-agropecuaria-por-el-fenomeno-del-nino\/#primaryimage"},"thumbnailUrl":"https:\/\/www.ip.gov.py\/ip\/wp-content\/uploads\/2016\/08\/agricultura-producci\u00f3n-granos-trigo.jpg","keywords":["fen\u00f3meno del ni\u00f1o","Inundaci\u00f3n","MAG","Sequ\u00eda"],"articleSection":["Destacado","Econom\u00eda"],"inLanguage":"es"},{"@type":"WebPage","@id":"https:\/\/www.ip.gov.py\/ip\/2023\/07\/06\/informan-acerca-del-impacto-que-tendria-la-produccion-agropecuaria-por-el-fenomeno-del-nino\/","url":"https:\/\/www.ip.gov.py\/ip\/2023\/07\/06\/informan-acerca-del-impacto-que-tendria-la-produccion-agropecuaria-por-el-fenomeno-del-nino\/","name":"Producci\u00f3n agr\u00edcola podr\u00eda beneficiarse si fen\u00f3meno \"El Ni\u00f1o\" llega de forma moderada, afirman - .::Agencia IP::.","isPartOf":{"@id":"https:\/\/www.ip.gov.py\/ip\/#website"},"primaryImageOfPage":{"@id":"https:\/\/www.ip.gov.py\/ip\/2023\/07\/06\/informan-acerca-del-impacto-que-tendria-la-produccion-agropecuaria-por-el-fenomeno-del-nino\/#primaryimage"},"image":{"@id":"https:\/\/www.ip.gov.py\/ip\/2023\/07\/06\/informan-acerca-del-impacto-que-tendria-la-produccion-agropecuaria-por-el-fenomeno-del-nino\/#primaryimage"},"thumbnailUrl":"https:\/\/www.ip.gov.py\/ip\/wp-content\/uploads\/2016\/08\/agricultura-producci\u00f3n-granos-trigo.jpg","datePublished":"2023-07-06T14:10:02+00:00","dateModified":"2023-07-06T18:37:33+00:00","breadcrumb":{"@id":"https:\/\/www.ip.gov.py\/ip\/2023\/07\/06\/informan-acerca-del-impacto-que-tendria-la-produccion-agropecuaria-por-el-fenomeno-del-nino\/#breadcrumb"},"inLanguage":"es","potentialAction":[{"@type":"ReadAction","target":["https:\/\/www.ip.gov.py\/ip\/2023\/07\/06\/informan-acerca-del-impacto-que-tendria-la-produccion-agropecuaria-por-el-fenomeno-del-nino\/"]}]},{"@type":"ImageObject","inLanguage":"es","@id":"https:\/\/www.ip.gov.py\/ip\/2023\/07\/06\/informan-acerca-del-impacto-que-tendria-la-produccion-agropecuaria-por-el-fenomeno-del-nino\/#primaryimage","url":"https:\/\/www.ip.gov.py\/ip\/wp-content\/uploads\/2016\/08\/agricultura-producci\u00f3n-granos-trigo.jpg","contentUrl":"https:\/\/www.ip.gov.py\/ip\/wp-content\/uploads\/2016\/08\/agricultura-producci\u00f3n-granos-trigo.jpg","width":1000,"height":667},{"@type":"BreadcrumbList","@id":"https:\/\/www.ip.gov.py\/ip\/2023\/07\/06\/informan-acerca-del-impacto-que-tendria-la-produccion-agropecuaria-por-el-fenomeno-del-nino\/#breadcrumb","itemListElement":[{"@type":"ListItem","position":1,"name":"Portada","item":"https:\/\/www.ip.gov.py\/ip\/"},{"@type":"ListItem","position":2,"name":"Producci\u00f3n agr\u00edcola podr\u00eda beneficiarse si fen\u00f3meno \u00abEl Ni\u00f1o\u00bb llega de forma moderada, afirman"}]},{"@type":"WebSite","@id":"https:\/\/www.ip.gov.py\/ip\/#website","url":"https:\/\/www.ip.gov.py\/ip\/","name":".::Agencia IP::.","description":"","publisher":{"@id":"https:\/\/www.ip.gov.py\/ip\/#organization"},"potentialAction":[{"@type":"SearchAction","target":{"@type":"EntryPoint","urlTemplate":"https:\/\/www.ip.gov.py\/ip\/?s={search_term_string}"},"query-input":{"@type":"PropertyValueSpecification","valueRequired":true,"valueName":"search_term_string"}}],"inLanguage":"es"},{"@type":"Organization","@id":"https:\/\/www.ip.gov.py\/ip\/#organization","name":"Agencia IP","url":"https:\/\/www.ip.gov.py\/ip\/","logo":{"@type":"ImageObject","inLanguage":"es","@id":"https:\/\/www.ip.gov.py\/ip\/#\/schema\/logo\/image\/","url":"https:\/\/www.ip.gov.py\/ip\/wp-content\/uploads\/2018\/01\/Agencia-IP.jpg","contentUrl":"https:\/\/www.ip.gov.py\/ip\/wp-content\/uploads\/2018\/01\/Agencia-IP.jpg","width":150,"height":150,"caption":"Agencia IP"},"image":{"@id":"https:\/\/www.ip.gov.py\/ip\/#\/schema\/logo\/image\/"},"sameAs":["https:\/\/www.facebook.com\/IPParaguay\/","https:\/\/x.com\/IPParaguay","https:\/\/www.instagram.com\/IPParaguay"]},{"@type":"Person","@id":"https:\/\/www.ip.gov.py\/ip\/#\/schema\/person\/80c9beb6567da1ef96311cdd26ffab9c","name":"Pamela Elizabeth Vargas Resquin","url":"https:\/\/www.ip.gov.py\/ip\/author\/5499826\/"}]}},"_links":{"self":[{"href":"https:\/\/www.ip.gov.py\/ip\/wp-json\/wp\/v2\/posts\/462350","targetHints":{"allow":["GET"]}}],"collection":[{"href":"https:\/\/www.ip.gov.py\/ip\/wp-json\/wp\/v2\/posts"}],"about":[{"href":"https:\/\/www.ip.gov.py\/ip\/wp-json\/wp\/v2\/types\/post"}],"author":[{"embeddable":true,"href":"https:\/\/www.ip.gov.py\/ip\/wp-json\/wp\/v2\/users\/35"}],"replies":[{"embeddable":true,"href":"https:\/\/www.ip.gov.py\/ip\/wp-json\/wp\/v2\/comments?post=462350"}],"version-history":[{"count":0,"href":"https:\/\/www.ip.gov.py\/ip\/wp-json\/wp\/v2\/posts\/462350\/revisions"}],"wp:featuredmedia":[{"embeddable":true,"href":"https:\/\/www.ip.gov.py\/ip\/wp-json\/wp\/v2\/media\/115625"}],"wp:attachment":[{"href":"https:\/\/www.ip.gov.py\/ip\/wp-json\/wp\/v2\/media?parent=462350"}],"wp:term":[{"taxonomy":"category","embeddable":true,"href":"https:\/\/www.ip.gov.py\/ip\/wp-json\/wp\/v2\/categories?post=462350"},{"taxonomy":"post_tag","embeddable":true,"href":"https:\/\/www.ip.gov.py\/ip\/wp-json\/wp\/v2\/tags?post=462350"}],"curies":[{"name":"wp","href":"https:\/\/api.w.org\/{rel}","templated":true}]}}