{"id":462560,"date":"2023-07-08T14:30:29","date_gmt":"2023-07-08T18:30:29","guid":{"rendered":"https:\/\/www.ip.gov.py\/ip\/?p=462560"},"modified":"2023-07-08T14:30:29","modified_gmt":"2023-07-08T18:30:29","slug":"festival-bach-sudamericano-conmemorara-sus-15-anos-de-actividad-en-paraguay","status":"publish","type":"post","link":"https:\/\/www.ip.gov.py\/ip\/2023\/07\/08\/festival-bach-sudamericano-conmemorara-sus-15-anos-de-actividad-en-paraguay\/","title":{"rendered":"Festival Bach Sudamericano conmemorar\u00e1 sus 15 a\u00f1os de actividad en Paraguay"},"content":{"rendered":"<p style=\"text-align: justify;\"><em><strong>Asunci\u00f3n, Agencia IP.-<\/strong><\/em> Del 15 al 23 de julio se desarrollar\u00e1 en nuestro pa\u00eds el Festival Bach Sudamericano Asunci\u00f3n 2023, en conmemoraci\u00f3n de los 15 a\u00f1os de actividad de la Sociedad Bach del Paraguay.<\/p>\n<p><!--more--><\/p>\n<p style=\"text-align: justify;\">Es organizado por la Sociedad Bach del Paraguay en colaboraci\u00f3n con el Circuito Bach Sudamericano, y fue adjudicado por el programa Iberm\u00fasicas convocatoria 2023 en la l\u00ednea <strong>\u201c<\/strong>ayudas al sector musical para la programaci\u00f3n iberoamericana\u201d. \u00a0Fue declarado de inter\u00e9s cultural por Cultura a trav\u00e9s de la Resoluci\u00f3n n\u00b0 453\/2023.<\/p>\n<p style=\"text-align: justify;\">Paraguay es miembro de este Programa, a trav\u00e9s de la Secretar\u00eda Nacional de Cultura (SNC) y la coparticipaci\u00f3n de la Direcci\u00f3n Nacional de Propiedad Intelectual (DINAPI), Autores Paraguayos Asociados (APA), la Entidad Paraguaya de Artistas, Int\u00e9rpretes y Ejecutantes (AIE) y la Sociedad de Gesti\u00f3n de Productores Fonogr\u00e1ficos del Paraguay (SGP).<\/p>\n<p style=\"text-align: justify;\">El evento abarcar\u00e1 conciertos, clases magistrales, charlas, conferencias y actividades especiales, que estar\u00e1n a cargo del Bach Collegium de Asunci\u00f3n, dirigido por el maestro Diego S\u00e1nchez Haase, con la participaci\u00f3n de renombrados artistas y music\u00f3logos latinoamericanos y europeos, referentes importantes de la m\u00fasica bachiana internacional como invitados.<\/p>\n<p style=\"text-align: justify;\">A continuaci\u00f3n, el programa completo de los 9 d\u00edas de actividades. Los accesos a las conferencias y clases magistrales son libres y gratuitos.<\/p>\n<p style=\"text-align: justify;\"><strong><u>CONCIERTOS.<\/u><\/strong><\/p>\n<p style=\"text-align: justify;\"><strong>S\u00e1bado 15 de julio \u2013 concierto pre-inaugural\u00a0<em>\u201cIn memoriam\u201d<\/em>.<\/strong><br \/>\nConcierto en memoria de los fallecidos en el incendio del Supermercado Ycu\u00e1 Bola\u00f1os.<br \/>\nJ.S. Bach: Cantata BWV 131 \u201cAus der Tiefen rufe ich, Herr, zu Dir\u201c.<br \/>\nA cargo de: Bach Collegium de Asunci\u00f3n.<br \/>\nDirector: Diego S\u00e1nchez Haase.<br \/>\nHora: 11:00.<br \/>\nLugar: Sitio de Memoria y Centro Cultural 1 A- Ycu\u00e1 Bola\u00f1os \u2013 Avda. Artigas y Sant\u00edsima<br \/>\nTrinidad, Asunci\u00f3n-.<strong><br \/>\n<\/strong>Acceso libre y gratuito.<\/p>\n<p style=\"text-align: justify;\"><strong>Domingo 16 de julio \u2013 \u00a0concierto \u201c<\/strong><strong>Bach y nuestro tiempo<\/strong><strong>\u201d.<\/strong><br \/>\nM\u00fasica contempor\u00e1nea de autores paraguayos.<br \/>\nJ.S. Bach: Cantata BWV 214.<br \/>\nA cargo de: Bach Collegium de Asunci\u00f3n.<br \/>\nDirector: Diego S\u00e1nchez Haase.<br \/>\nHora: 19:00.<br \/>\nLugar: Nino Hotel Boutique -Gral. Garay 430 e\/Mois\u00e9s Bertoni y del Maestro, Asunci\u00f3n-.<br \/>\nAcceso libre y gratuito. (Se aceptar\u00e1n donaciones voluntarias).<\/p>\n<p style=\"text-align: justify;\"><strong>Mi\u00e9rcoles 19 de julio \u2013 concierto \u201c<\/strong><strong>Soli Deo Gloria<\/strong><strong>\u201d<\/strong><strong><br \/>\n<\/strong>Cantatas BWV 55, 82 y 84, de J. S. Bach.<br \/>\nAlba \u00c1lvarez, soprano.<br \/>\nHugo Ponce, Tenor.<br \/>\nAgust\u00edn Barboza, bajo.<br \/>\nDirector invitado: Pablo Dzodan, Argentina.<br \/>\nHora: 20:00.<br \/>\nLugar: Iglesia de San Francisco de As\u00eds -Herrera 363 casi Caballero, Asunci\u00f3n-.<br \/>\nAcceso libre y gratuito. (Se aceptar\u00e1n donaciones voluntarias).<\/p>\n<p style=\"text-align: justify;\"><strong>Viernes 21 de julio \u2013 concierto \u201cBach en La Catedral de Barrios\u201d.<\/strong><br \/>\nObras de J.S. Bach y Agust\u00edn Barrios.<br \/>\nMiguel \u00c1ngel Santacruz, \u00f3rgano de la Catedral.<br \/>\nHora: 19:00.<br \/>\nLugar: Iglesia Catedral Metropolitana de Asunci\u00f3n.<br \/>\nAcceso libre y gratuito. (Se aceptar\u00e1n donaciones voluntarias).<br \/>\n<strong><br \/>\n<\/strong><strong>Domingo 23 de julio \u2013 concierto \u201c<\/strong><strong><em>Bach y sus contempor\u00e1neos<\/em>\u201d.<\/strong><br \/>\nObras orquestales de J.S. Bach, G.Ph. Telemann y J. Quantz.<br \/>\nA cargo de: Bach Collegium de Asunci\u00f3n.<br \/>\nSolistas: Adriana Aquino, flauta. Alejandro Ledesma Juvinel, viola.<br \/>\nDirector invitado: Juan Florentino La Moglie, Argentina.<br \/>\nHora: 19:00.<br \/>\nLugar: Congregaci\u00f3n Evang\u00e9lica Alemana -Dr. Cayo Romero Pereira 424<br \/>\ncasi Avda. Espa\u00f1a, Asunci\u00f3n-.<\/p>\n<p style=\"text-align: justify;\"><strong><u>CLASES MAGISTRALES Y CONFERENCIAS.<\/u><\/strong><\/p>\n<p style=\"text-align: justify;\"><strong>S\u00e1bado 15 de julio \u2013 clase magistral:\u00a0<em>La trompeta barroca.<\/em><\/strong><br \/>\nA cargo de: Marcelo Carvalho (Brasil) y Gustavo Gargiulo (Argentina).<br \/>\nHora: 16:00.<br \/>\nLugar: Casa Bicentenario de la M\u00fasica -Cerro Cor\u00e1 848 e\/Tacuary y EE.UU-.<\/p>\n<p style=\"text-align: justify;\"><strong>Lunes 17 de julio \u2013 conferencia:\u00a0<\/strong><strong><em>El oboe en la m\u00fasica de Bach.<\/em><\/strong><br \/>\nA cargo de: Diego Nadra (Argentina).<br \/>\nHora: 14:00.<br \/>\nLugar: Casa Bicentenario de la M\u00fasica -Cerro Cor\u00e1 848 e\/Tacuary y EE.UU-.<\/p>\n<p style=\"text-align: justify;\"><strong>Lunes 17 de julio \u2013 conferencia inaugural:\u00a0<\/strong><strong><em>300 a\u00f1os del Kantor de Santo Tom\u00e1s. De Leipzig para el Mundo<\/em><\/strong><strong>.<\/strong><br \/>\nA cargo de: Prof. Dr. Michael Maul, director del BachFest de Leipzig y padrino de honor del Festival.<br \/>\nHora: 17:00.<br \/>\nLugar: Instituto Cultural Paraguayo-Alem\u00e1n -Juan de Salazar casi Avda. Artigas-<\/p>\n<p style=\"text-align: justify;\"><strong>Martes 18 de julio \u2013 conferencia:\u00a0<\/strong><strong><em>Porque escuchar a Bach hoy.<\/em><\/strong><br \/>\nA cargo de: Diego S\u00e1nchez Haase (Paraguay).<br \/>\nHora: 15:00.<br \/>\nLugar: Casa Bicentenario de la M\u00fasica -Cerro Cor\u00e1 848 e\/Tacuary y EE.UU, Asunci\u00f3n-.<\/p>\n<p style=\"text-align: justify;\"><strong>Martes 18 de julio<em>\u00a0\u2013 clase magistral: Sobre la m\u00fasica vocal de Bach, para coreutas.<\/em><\/strong><br \/>\nA cargo de: Pablo Dzodan (Argentina).<br \/>\nHora: 17:00.<br \/>\nLugar: Casa Bicentenario de la M\u00fasica -Cerro Cor\u00e1 848 e\/Tacuary y EE.UU, Asunci\u00f3n-.<\/p>\n<p style=\"text-align: justify;\"><strong>Jueves 20 de julio \u2013\u00a0<em>clase magistral:<\/em>\u00a0Sobre la m\u00fasica instrumental de Bach.<\/strong><br \/>\nA cargo de: Juan Florentino La Moglie (Argentina).<br \/>\nHora: 17:00.<br \/>\nLugar: Casa Bicentenario de la M\u00fasica -Cerro Cor\u00e1 848 e\/Tacuary y EE.UU, Asunci\u00f3n-.<\/p>\n<p style=\"text-align: justify;\"><strong>Viernes 21 de julio \u2013 \u00a0conferencia virtual:<\/strong><strong><em>\u00a0Bach y la representaci\u00f3n de la muerte en la m\u00fasica<\/em><\/strong><strong>.<\/strong><br \/>\nA cargo de: Luisa Moreno L\u00f3pez (Colombia-Alemania). YouTube y Facebook: Sociedad Bach.<br \/>\nHora: 15:00.<\/p>\n<p style=\"text-align: justify;\"><strong>S\u00e1bado 22 de julio \u2013\u00a0<em>conversatorio: sobre el repertorio abordado durante el Festival.<\/em><\/strong><em><br \/>\n<\/em>A cargo de: Diego S\u00e1nchez Haase, Pablo Dzodan, Juan Florentino La Moglie, Hugo Ponce.<br \/>\nHora: 17:00.<br \/>\nLugar: Casa Bicentenario de la M\u00fasica -Cerro Cor\u00e1 848 e\/Tacuary y EE.UU, Asunci\u00f3n-.<\/p>\n<p style=\"text-align: justify;\"><u>ACTIVIDADES ESPECIALES.<\/u><\/p>\n<p style=\"text-align: justify;\"><strong>Domingo 16 de julio \u2013\u00a0<em>Exposici\u00f3n fotogr\u00e1fica \u201cIm\u00e1genes en Do mayor\u201d.<\/em><\/strong><br \/>\nSerie de fotogr\u00e1fica de Lourdes Franco Garelli, inspirada en el Preludio BWV 846 de \u201cEl clave bien temperado\u201d.<br \/>\nHora: al t\u00e9rmino del concierto inaugural.<br \/>\nLugar: Nino Hotel Boutique -Gral. Eugenio Alejandrino Garay 430, Asunci\u00f3n-.<br \/>\n* Luego de la inauguraci\u00f3n, la muestra fotogr\u00e1fica ser\u00e1 expuesta en la Casa Bicentenario de la<br \/>\nM\u00fasica \u201cAgust\u00edn P\u00edo Barrios\u201d, hasta el domingo 23 de julio.<\/p>\n<p style=\"text-align: justify;\"><strong>S\u00e1bado 22 de julio \u2013\u00a0<em>Un arroyo para Bach (Ein Bach f\u00fcr Bach<\/em><\/strong><strong><em>).<\/em><\/strong><br \/>\nLimpieza simb\u00f3lica del arroyo Mburica\u00f3.<br \/>\nInterpretaci\u00f3n de corales de Bach.<br \/>\nHora: 10:00.<br \/>\nLugar: Plaza Manuel Ortiz Guerrero y Jos\u00e9 Asunci\u00f3n Flores -Mcal. L\u00f3pez casi Sacramento, Asunci\u00f3n-.<\/p>\n<p style=\"text-align: justify;\"><strong>S\u00e1bado 22 de julio \u2013 visita guiada a la exposici\u00f3n fotogr\u00e1fica \u201cIm\u00e1genes en Do mayor\u201d.<\/strong><strong><br \/>\n<\/strong>Inspirada en el Preludio BWV 846 de \u201cEl clave bien temperado\u201d de J. S. Bach, con la fot\u00f3grafa<br \/>\nLourdes Franco Galli, -autora de las im\u00e1genes-, \u00a0y los comentarios sobre dicha obra de Bach con Diego S\u00e1nchez Haase.<br \/>\nHora: 18:00.<br \/>\nLugar: Casa Bicentenario de la M\u00fasica -Cerro Cor\u00e1 Nro. 848.<br \/>\n*Acceso libre y gratuito.<\/p>\n<p style=\"text-align: justify;\">Para inscripci\u00f3n a las conferencias y clases magistrales, ingres\u00e1 al enlace @sociedadbachparaguay | Linktree , como as\u00ed tambi\u00e9n a la p\u00e1gina web<a href=\"https:\/\/sociedadbachparaguay.com\/festival-bach\/\"> https:\/\/sociedadbachparaguay.com\/festival-bach\/<\/a><\/p>\n","protected":false},"excerpt":{"rendered":"<p>Asunci\u00f3n, Agencia IP.- Del 15 al 23 de julio se desarrollar\u00e1 en nuestro pa\u00eds el Festival Bach Sudamericano Asunci\u00f3n 2023, en conmemoraci\u00f3n de los 15 a\u00f1os de actividad de la Sociedad Bach del Paraguay.<\/p>\n","protected":false},"author":2,"featured_media":462561,"comment_status":"closed","ping_status":"closed","sticky":false,"template":"","format":"standard","meta":{"_monsterinsights_skip_tracking":false,"_monsterinsights_sitenote_active":false,"_monsterinsights_sitenote_note":"","_monsterinsights_sitenote_category":0,"footnotes":""},"categories":[7],"tags":[],"class_list":{"0":"post-462560","1":"post","2":"type-post","3":"status-publish","4":"format-standard","5":"has-post-thumbnail","7":"category-cultura"},"yoast_head":"<!-- This site is optimized with the Yoast SEO plugin v27.5 - https:\/\/yoast.com\/product\/yoast-seo-wordpress\/ -->\n<title>Festival Bach Sudamericano conmemorar\u00e1 sus 15 a\u00f1os de actividad en Paraguay - .::Agencia IP::.<\/title>\n<meta name=\"robots\" content=\"index, follow, max-snippet:-1, max-image-preview:large, max-video-preview:-1\" \/>\n<link rel=\"canonical\" href=\"https:\/\/www.ip.gov.py\/ip\/2023\/07\/08\/festival-bach-sudamericano-conmemorara-sus-15-anos-de-actividad-en-paraguay\/\" \/>\n<meta property=\"og:locale\" content=\"es_ES\" \/>\n<meta property=\"og:type\" content=\"article\" \/>\n<meta property=\"og:title\" content=\"Festival Bach Sudamericano conmemorar\u00e1 sus 15 a\u00f1os de actividad en Paraguay - .::Agencia IP::.\" \/>\n<meta property=\"og:description\" content=\"Asunci\u00f3n, Agencia IP.- Del 15 al 23 de julio se desarrollar\u00e1 en nuestro pa\u00eds el Festival Bach Sudamericano Asunci\u00f3n 2023, en conmemoraci\u00f3n de los 15 a\u00f1os de actividad de la Sociedad Bach del Paraguay.\" \/>\n<meta property=\"og:url\" content=\"https:\/\/www.ip.gov.py\/ip\/2023\/07\/08\/festival-bach-sudamericano-conmemorara-sus-15-anos-de-actividad-en-paraguay\/\" \/>\n<meta property=\"og:site_name\" content=\".::Agencia IP::.\" \/>\n<meta property=\"article:publisher\" content=\"https:\/\/www.facebook.com\/IPParaguay\/\" \/>\n<meta property=\"article:published_time\" content=\"2023-07-08T18:30:29+00:00\" \/>\n<meta property=\"og:image\" content=\"https:\/\/www.ip.gov.py\/ip\/wp-content\/uploads\/2023\/07\/jsb.jpeg\" \/>\n\t<meta property=\"og:image:width\" content=\"1131\" \/>\n\t<meta property=\"og:image:height\" content=\"1600\" \/>\n\t<meta property=\"og:image:type\" content=\"image\/jpeg\" \/>\n<meta name=\"author\" content=\"Roque Mereles\" \/>\n<meta name=\"twitter:card\" content=\"summary_large_image\" \/>\n<meta name=\"twitter:creator\" content=\"@IPParaguay\" \/>\n<meta name=\"twitter:site\" content=\"@IPParaguay\" \/>\n<meta name=\"twitter:label1\" content=\"Escrito por\" \/>\n\t<meta name=\"twitter:data1\" content=\"Roque Mereles\" \/>\n\t<meta name=\"twitter:label2\" content=\"Tiempo de lectura\" \/>\n\t<meta name=\"twitter:data2\" content=\"5 minutos\" \/>\n<script type=\"application\/ld+json\" class=\"yoast-schema-graph\">{\"@context\":\"https:\\\/\\\/schema.org\",\"@graph\":[{\"@type\":\"Article\",\"@id\":\"https:\\\/\\\/www.ip.gov.py\\\/ip\\\/2023\\\/07\\\/08\\\/festival-bach-sudamericano-conmemorara-sus-15-anos-de-actividad-en-paraguay\\\/#article\",\"isPartOf\":{\"@id\":\"https:\\\/\\\/www.ip.gov.py\\\/ip\\\/2023\\\/07\\\/08\\\/festival-bach-sudamericano-conmemorara-sus-15-anos-de-actividad-en-paraguay\\\/\"},\"author\":{\"name\":\"Roque Mereles\",\"@id\":\"https:\\\/\\\/www.ip.gov.py\\\/ip\\\/#\\\/schema\\\/person\\\/7ec1ca00d0a9301ecc37fff902ff6741\"},\"headline\":\"Festival Bach Sudamericano conmemorar\u00e1 sus 15 a\u00f1os de actividad en Paraguay\",\"datePublished\":\"2023-07-08T18:30:29+00:00\",\"mainEntityOfPage\":{\"@id\":\"https:\\\/\\\/www.ip.gov.py\\\/ip\\\/2023\\\/07\\\/08\\\/festival-bach-sudamericano-conmemorara-sus-15-anos-de-actividad-en-paraguay\\\/\"},\"wordCount\":1044,\"publisher\":{\"@id\":\"https:\\\/\\\/www.ip.gov.py\\\/ip\\\/#organization\"},\"image\":{\"@id\":\"https:\\\/\\\/www.ip.gov.py\\\/ip\\\/2023\\\/07\\\/08\\\/festival-bach-sudamericano-conmemorara-sus-15-anos-de-actividad-en-paraguay\\\/#primaryimage\"},\"thumbnailUrl\":\"https:\\\/\\\/www.ip.gov.py\\\/ip\\\/wp-content\\\/uploads\\\/2023\\\/07\\\/jsb.jpeg\",\"articleSection\":[\"Cultura\"],\"inLanguage\":\"es\"},{\"@type\":\"WebPage\",\"@id\":\"https:\\\/\\\/www.ip.gov.py\\\/ip\\\/2023\\\/07\\\/08\\\/festival-bach-sudamericano-conmemorara-sus-15-anos-de-actividad-en-paraguay\\\/\",\"url\":\"https:\\\/\\\/www.ip.gov.py\\\/ip\\\/2023\\\/07\\\/08\\\/festival-bach-sudamericano-conmemorara-sus-15-anos-de-actividad-en-paraguay\\\/\",\"name\":\"Festival Bach Sudamericano conmemorar\u00e1 sus 15 a\u00f1os de actividad en Paraguay - .::Agencia IP::.\",\"isPartOf\":{\"@id\":\"https:\\\/\\\/www.ip.gov.py\\\/ip\\\/#website\"},\"primaryImageOfPage\":{\"@id\":\"https:\\\/\\\/www.ip.gov.py\\\/ip\\\/2023\\\/07\\\/08\\\/festival-bach-sudamericano-conmemorara-sus-15-anos-de-actividad-en-paraguay\\\/#primaryimage\"},\"image\":{\"@id\":\"https:\\\/\\\/www.ip.gov.py\\\/ip\\\/2023\\\/07\\\/08\\\/festival-bach-sudamericano-conmemorara-sus-15-anos-de-actividad-en-paraguay\\\/#primaryimage\"},\"thumbnailUrl\":\"https:\\\/\\\/www.ip.gov.py\\\/ip\\\/wp-content\\\/uploads\\\/2023\\\/07\\\/jsb.jpeg\",\"datePublished\":\"2023-07-08T18:30:29+00:00\",\"breadcrumb\":{\"@id\":\"https:\\\/\\\/www.ip.gov.py\\\/ip\\\/2023\\\/07\\\/08\\\/festival-bach-sudamericano-conmemorara-sus-15-anos-de-actividad-en-paraguay\\\/#breadcrumb\"},\"inLanguage\":\"es\",\"potentialAction\":[{\"@type\":\"ReadAction\",\"target\":[\"https:\\\/\\\/www.ip.gov.py\\\/ip\\\/2023\\\/07\\\/08\\\/festival-bach-sudamericano-conmemorara-sus-15-anos-de-actividad-en-paraguay\\\/\"]}]},{\"@type\":\"ImageObject\",\"inLanguage\":\"es\",\"@id\":\"https:\\\/\\\/www.ip.gov.py\\\/ip\\\/2023\\\/07\\\/08\\\/festival-bach-sudamericano-conmemorara-sus-15-anos-de-actividad-en-paraguay\\\/#primaryimage\",\"url\":\"https:\\\/\\\/www.ip.gov.py\\\/ip\\\/wp-content\\\/uploads\\\/2023\\\/07\\\/jsb.jpeg\",\"contentUrl\":\"https:\\\/\\\/www.ip.gov.py\\\/ip\\\/wp-content\\\/uploads\\\/2023\\\/07\\\/jsb.jpeg\",\"width\":1131,\"height\":1600},{\"@type\":\"BreadcrumbList\",\"@id\":\"https:\\\/\\\/www.ip.gov.py\\\/ip\\\/2023\\\/07\\\/08\\\/festival-bach-sudamericano-conmemorara-sus-15-anos-de-actividad-en-paraguay\\\/#breadcrumb\",\"itemListElement\":[{\"@type\":\"ListItem\",\"position\":1,\"name\":\"Portada\",\"item\":\"https:\\\/\\\/www.ip.gov.py\\\/ip\\\/\"},{\"@type\":\"ListItem\",\"position\":2,\"name\":\"Festival Bach Sudamericano conmemorar\u00e1 sus 15 a\u00f1os de actividad en Paraguay\"}]},{\"@type\":\"WebSite\",\"@id\":\"https:\\\/\\\/www.ip.gov.py\\\/ip\\\/#website\",\"url\":\"https:\\\/\\\/www.ip.gov.py\\\/ip\\\/\",\"name\":\".::Agencia IP::.\",\"description\":\"\",\"publisher\":{\"@id\":\"https:\\\/\\\/www.ip.gov.py\\\/ip\\\/#organization\"},\"potentialAction\":[{\"@type\":\"SearchAction\",\"target\":{\"@type\":\"EntryPoint\",\"urlTemplate\":\"https:\\\/\\\/www.ip.gov.py\\\/ip\\\/?s={search_term_string}\"},\"query-input\":{\"@type\":\"PropertyValueSpecification\",\"valueRequired\":true,\"valueName\":\"search_term_string\"}}],\"inLanguage\":\"es\"},{\"@type\":\"Organization\",\"@id\":\"https:\\\/\\\/www.ip.gov.py\\\/ip\\\/#organization\",\"name\":\"Agencia IP\",\"url\":\"https:\\\/\\\/www.ip.gov.py\\\/ip\\\/\",\"logo\":{\"@type\":\"ImageObject\",\"inLanguage\":\"es\",\"@id\":\"https:\\\/\\\/www.ip.gov.py\\\/ip\\\/#\\\/schema\\\/logo\\\/image\\\/\",\"url\":\"https:\\\/\\\/www.ip.gov.py\\\/ip\\\/wp-content\\\/uploads\\\/2018\\\/01\\\/Agencia-IP.jpg\",\"contentUrl\":\"https:\\\/\\\/www.ip.gov.py\\\/ip\\\/wp-content\\\/uploads\\\/2018\\\/01\\\/Agencia-IP.jpg\",\"width\":150,\"height\":150,\"caption\":\"Agencia IP\"},\"image\":{\"@id\":\"https:\\\/\\\/www.ip.gov.py\\\/ip\\\/#\\\/schema\\\/logo\\\/image\\\/\"},\"sameAs\":[\"https:\\\/\\\/www.facebook.com\\\/IPParaguay\\\/\",\"https:\\\/\\\/x.com\\\/IPParaguay\",\"https:\\\/\\\/www.instagram.com\\\/IPParaguay\"]},{\"@type\":\"Person\",\"@id\":\"https:\\\/\\\/www.ip.gov.py\\\/ip\\\/#\\\/schema\\\/person\\\/7ec1ca00d0a9301ecc37fff902ff6741\",\"name\":\"Roque Mereles\",\"url\":\"https:\\\/\\\/www.ip.gov.py\\\/ip\\\/author\\\/rmereles\\\/\"}]}<\/script>\n<!-- \/ Yoast SEO plugin. -->","yoast_head_json":{"title":"Festival Bach Sudamericano conmemorar\u00e1 sus 15 a\u00f1os de actividad en Paraguay - .::Agencia IP::.","robots":{"index":"index","follow":"follow","max-snippet":"max-snippet:-1","max-image-preview":"max-image-preview:large","max-video-preview":"max-video-preview:-1"},"canonical":"https:\/\/www.ip.gov.py\/ip\/2023\/07\/08\/festival-bach-sudamericano-conmemorara-sus-15-anos-de-actividad-en-paraguay\/","og_locale":"es_ES","og_type":"article","og_title":"Festival Bach Sudamericano conmemorar\u00e1 sus 15 a\u00f1os de actividad en Paraguay - .::Agencia IP::.","og_description":"Asunci\u00f3n, Agencia IP.- Del 15 al 23 de julio se desarrollar\u00e1 en nuestro pa\u00eds el Festival Bach Sudamericano Asunci\u00f3n 2023, en conmemoraci\u00f3n de los 15 a\u00f1os de actividad de la Sociedad Bach del Paraguay.","og_url":"https:\/\/www.ip.gov.py\/ip\/2023\/07\/08\/festival-bach-sudamericano-conmemorara-sus-15-anos-de-actividad-en-paraguay\/","og_site_name":".::Agencia IP::.","article_publisher":"https:\/\/www.facebook.com\/IPParaguay\/","article_published_time":"2023-07-08T18:30:29+00:00","og_image":[{"width":1131,"height":1600,"url":"https:\/\/www.ip.gov.py\/ip\/wp-content\/uploads\/2023\/07\/jsb.jpeg","type":"image\/jpeg"}],"author":"Roque Mereles","twitter_card":"summary_large_image","twitter_creator":"@IPParaguay","twitter_site":"@IPParaguay","twitter_misc":{"Escrito por":"Roque Mereles","Tiempo de lectura":"5 minutos"},"schema":{"@context":"https:\/\/schema.org","@graph":[{"@type":"Article","@id":"https:\/\/www.ip.gov.py\/ip\/2023\/07\/08\/festival-bach-sudamericano-conmemorara-sus-15-anos-de-actividad-en-paraguay\/#article","isPartOf":{"@id":"https:\/\/www.ip.gov.py\/ip\/2023\/07\/08\/festival-bach-sudamericano-conmemorara-sus-15-anos-de-actividad-en-paraguay\/"},"author":{"name":"Roque Mereles","@id":"https:\/\/www.ip.gov.py\/ip\/#\/schema\/person\/7ec1ca00d0a9301ecc37fff902ff6741"},"headline":"Festival Bach Sudamericano conmemorar\u00e1 sus 15 a\u00f1os de actividad en Paraguay","datePublished":"2023-07-08T18:30:29+00:00","mainEntityOfPage":{"@id":"https:\/\/www.ip.gov.py\/ip\/2023\/07\/08\/festival-bach-sudamericano-conmemorara-sus-15-anos-de-actividad-en-paraguay\/"},"wordCount":1044,"publisher":{"@id":"https:\/\/www.ip.gov.py\/ip\/#organization"},"image":{"@id":"https:\/\/www.ip.gov.py\/ip\/2023\/07\/08\/festival-bach-sudamericano-conmemorara-sus-15-anos-de-actividad-en-paraguay\/#primaryimage"},"thumbnailUrl":"https:\/\/www.ip.gov.py\/ip\/wp-content\/uploads\/2023\/07\/jsb.jpeg","articleSection":["Cultura"],"inLanguage":"es"},{"@type":"WebPage","@id":"https:\/\/www.ip.gov.py\/ip\/2023\/07\/08\/festival-bach-sudamericano-conmemorara-sus-15-anos-de-actividad-en-paraguay\/","url":"https:\/\/www.ip.gov.py\/ip\/2023\/07\/08\/festival-bach-sudamericano-conmemorara-sus-15-anos-de-actividad-en-paraguay\/","name":"Festival Bach Sudamericano conmemorar\u00e1 sus 15 a\u00f1os de actividad en Paraguay - .::Agencia IP::.","isPartOf":{"@id":"https:\/\/www.ip.gov.py\/ip\/#website"},"primaryImageOfPage":{"@id":"https:\/\/www.ip.gov.py\/ip\/2023\/07\/08\/festival-bach-sudamericano-conmemorara-sus-15-anos-de-actividad-en-paraguay\/#primaryimage"},"image":{"@id":"https:\/\/www.ip.gov.py\/ip\/2023\/07\/08\/festival-bach-sudamericano-conmemorara-sus-15-anos-de-actividad-en-paraguay\/#primaryimage"},"thumbnailUrl":"https:\/\/www.ip.gov.py\/ip\/wp-content\/uploads\/2023\/07\/jsb.jpeg","datePublished":"2023-07-08T18:30:29+00:00","breadcrumb":{"@id":"https:\/\/www.ip.gov.py\/ip\/2023\/07\/08\/festival-bach-sudamericano-conmemorara-sus-15-anos-de-actividad-en-paraguay\/#breadcrumb"},"inLanguage":"es","potentialAction":[{"@type":"ReadAction","target":["https:\/\/www.ip.gov.py\/ip\/2023\/07\/08\/festival-bach-sudamericano-conmemorara-sus-15-anos-de-actividad-en-paraguay\/"]}]},{"@type":"ImageObject","inLanguage":"es","@id":"https:\/\/www.ip.gov.py\/ip\/2023\/07\/08\/festival-bach-sudamericano-conmemorara-sus-15-anos-de-actividad-en-paraguay\/#primaryimage","url":"https:\/\/www.ip.gov.py\/ip\/wp-content\/uploads\/2023\/07\/jsb.jpeg","contentUrl":"https:\/\/www.ip.gov.py\/ip\/wp-content\/uploads\/2023\/07\/jsb.jpeg","width":1131,"height":1600},{"@type":"BreadcrumbList","@id":"https:\/\/www.ip.gov.py\/ip\/2023\/07\/08\/festival-bach-sudamericano-conmemorara-sus-15-anos-de-actividad-en-paraguay\/#breadcrumb","itemListElement":[{"@type":"ListItem","position":1,"name":"Portada","item":"https:\/\/www.ip.gov.py\/ip\/"},{"@type":"ListItem","position":2,"name":"Festival Bach Sudamericano conmemorar\u00e1 sus 15 a\u00f1os de actividad en Paraguay"}]},{"@type":"WebSite","@id":"https:\/\/www.ip.gov.py\/ip\/#website","url":"https:\/\/www.ip.gov.py\/ip\/","name":".::Agencia IP::.","description":"","publisher":{"@id":"https:\/\/www.ip.gov.py\/ip\/#organization"},"potentialAction":[{"@type":"SearchAction","target":{"@type":"EntryPoint","urlTemplate":"https:\/\/www.ip.gov.py\/ip\/?s={search_term_string}"},"query-input":{"@type":"PropertyValueSpecification","valueRequired":true,"valueName":"search_term_string"}}],"inLanguage":"es"},{"@type":"Organization","@id":"https:\/\/www.ip.gov.py\/ip\/#organization","name":"Agencia IP","url":"https:\/\/www.ip.gov.py\/ip\/","logo":{"@type":"ImageObject","inLanguage":"es","@id":"https:\/\/www.ip.gov.py\/ip\/#\/schema\/logo\/image\/","url":"https:\/\/www.ip.gov.py\/ip\/wp-content\/uploads\/2018\/01\/Agencia-IP.jpg","contentUrl":"https:\/\/www.ip.gov.py\/ip\/wp-content\/uploads\/2018\/01\/Agencia-IP.jpg","width":150,"height":150,"caption":"Agencia IP"},"image":{"@id":"https:\/\/www.ip.gov.py\/ip\/#\/schema\/logo\/image\/"},"sameAs":["https:\/\/www.facebook.com\/IPParaguay\/","https:\/\/x.com\/IPParaguay","https:\/\/www.instagram.com\/IPParaguay"]},{"@type":"Person","@id":"https:\/\/www.ip.gov.py\/ip\/#\/schema\/person\/7ec1ca00d0a9301ecc37fff902ff6741","name":"Roque Mereles","url":"https:\/\/www.ip.gov.py\/ip\/author\/rmereles\/"}]}},"_links":{"self":[{"href":"https:\/\/www.ip.gov.py\/ip\/wp-json\/wp\/v2\/posts\/462560","targetHints":{"allow":["GET"]}}],"collection":[{"href":"https:\/\/www.ip.gov.py\/ip\/wp-json\/wp\/v2\/posts"}],"about":[{"href":"https:\/\/www.ip.gov.py\/ip\/wp-json\/wp\/v2\/types\/post"}],"author":[{"embeddable":true,"href":"https:\/\/www.ip.gov.py\/ip\/wp-json\/wp\/v2\/users\/2"}],"replies":[{"embeddable":true,"href":"https:\/\/www.ip.gov.py\/ip\/wp-json\/wp\/v2\/comments?post=462560"}],"version-history":[{"count":0,"href":"https:\/\/www.ip.gov.py\/ip\/wp-json\/wp\/v2\/posts\/462560\/revisions"}],"wp:featuredmedia":[{"embeddable":true,"href":"https:\/\/www.ip.gov.py\/ip\/wp-json\/wp\/v2\/media\/462561"}],"wp:attachment":[{"href":"https:\/\/www.ip.gov.py\/ip\/wp-json\/wp\/v2\/media?parent=462560"}],"wp:term":[{"taxonomy":"category","embeddable":true,"href":"https:\/\/www.ip.gov.py\/ip\/wp-json\/wp\/v2\/categories?post=462560"},{"taxonomy":"post_tag","embeddable":true,"href":"https:\/\/www.ip.gov.py\/ip\/wp-json\/wp\/v2\/tags?post=462560"}],"curies":[{"name":"wp","href":"https:\/\/api.w.org\/{rel}","templated":true}]}}