{"id":463325,"date":"2023-07-17T15:00:39","date_gmt":"2023-07-17T19:00:39","guid":{"rendered":"https:\/\/www.ip.gov.py\/ip\/?p=463325"},"modified":"2023-07-17T17:59:27","modified_gmt":"2023-07-17T21:59:27","slug":"contenedor-detenido-en-alemania-debio-ser-reportado-y-fiscalia-iniciara-investigacion","status":"publish","type":"post","link":"https:\/\/www.ip.gov.py\/ip\/2023\/07\/17\/contenedor-detenido-en-alemania-debio-ser-reportado-y-fiscalia-iniciara-investigacion\/","title":{"rendered":"Contenedor detenido en Alemania debi\u00f3 ser reportado y Fiscal\u00eda iniciar\u00e1 investigaci\u00f3n"},"content":{"rendered":"<p style=\"text-align: justify;\"><em><strong>Asunci\u00f3n, Agencia IP.- <\/strong><\/em>La Direcci\u00f3n de Aduanas comunic\u00f3 este lunes que, de acuerdo a sus registros, el contenedor ahora detenido en Alemania con coca\u00edna present\u00f3 irregularidades durante su escaneo que no fueron comunicados por el operador a cargo de la revisi\u00f3n.<!--more--><\/p>\n<p style=\"text-align: justify;\">El operador no report\u00f3 \u00abim\u00e1genes llamativas y con detalles que deber\u00edan haber sido comunicados de inmediato a las \u00e1reas correspondientes\u00bb, inform\u00f3 la instituci\u00f3n en un comunicado.<\/p>\n<p style=\"text-align: justify;\">Finaliza diciendo que se ha comunicado del caso al Ministerio P\u00fablico y la instituci\u00f3n se encuentra a disposici\u00f3n de colaborar con la investigaci\u00f3n.<\/p>\n<p style=\"text-align: justify;\">Sobre este punto, la fiscal antidrogas Fabiola Molas iniciar\u00e1 la investigaci\u00f3n sobre la presunta salida de la carga de 10 toneladas de coca\u00edna, incautadas en el puerto de Hamburgo, Alemania.<\/p>\n<p style=\"text-align: justify;\">El contenedor con la droga fue enviado en mayo de este a\u00f1o y, de acuerdo a medios alemanes, el operativo de incautaci\u00f3n se realiz\u00f3 el 5 de junio y dado a conocer este viernes 14 de julio.<\/p>\n<p style=\"text-align: justify;\">El cargamento de droga se hallaba oculto en un env\u00edo de exportaci\u00f3n de semillas. Se trata del segundo mayor cargamento de droga incautada en el pa\u00eds europeo. El primero tuvo lugar en febrero de 2021 (16 toneladas) tambi\u00e9n provenientes de contenedores de exportaci\u00f3n de Paraguay.<\/p>\n","protected":false},"excerpt":{"rendered":"<p>Asunci\u00f3n, Agencia IP.- La Direcci\u00f3n de Aduanas comunic\u00f3 este lunes que, de acuerdo a sus registros, el contenedor ahora detenido en Alemania con coca\u00edna present\u00f3 irregularidades durante su escaneo que no fueron comunicados por el operador a cargo de la revisi\u00f3n.<\/p>\n","protected":false},"author":22,"featured_media":463328,"comment_status":"closed","ping_status":"closed","sticky":false,"template":"","format":"standard","meta":{"_monsterinsights_skip_tracking":false,"_monsterinsights_sitenote_active":false,"_monsterinsights_sitenote_note":"","_monsterinsights_sitenote_category":0,"footnotes":""},"categories":[2,4],"tags":[],"class_list":{"0":"post-463325","1":"post","2":"type-post","3":"status-publish","4":"format-standard","5":"has-post-thumbnail","7":"category-destacado","8":"category-nacionales"},"yoast_head":"<!-- This site is optimized with the Yoast SEO plugin v27.4 - https:\/\/yoast.com\/product\/yoast-seo-wordpress\/ -->\n<title>Contenedor detenido en Alemania debi\u00f3 ser reportado y Fiscal\u00eda iniciar\u00e1 investigaci\u00f3n - .::Agencia IP::.<\/title>\n<meta name=\"robots\" content=\"index, follow, max-snippet:-1, max-image-preview:large, max-video-preview:-1\" \/>\n<link rel=\"canonical\" href=\"https:\/\/www.ip.gov.py\/ip\/2023\/07\/17\/contenedor-detenido-en-alemania-debio-ser-reportado-y-fiscalia-iniciara-investigacion\/\" \/>\n<meta property=\"og:locale\" content=\"es_ES\" \/>\n<meta property=\"og:type\" content=\"article\" \/>\n<meta property=\"og:title\" content=\"Contenedor detenido en Alemania debi\u00f3 ser reportado y Fiscal\u00eda iniciar\u00e1 investigaci\u00f3n - .::Agencia IP::.\" \/>\n<meta property=\"og:description\" content=\"Asunci\u00f3n, Agencia IP.- La Direcci\u00f3n de Aduanas comunic\u00f3 este lunes que, de acuerdo a sus registros, el contenedor ahora detenido en Alemania con coca\u00edna present\u00f3 irregularidades durante su escaneo que no fueron comunicados por el operador a cargo de la revisi\u00f3n.\" \/>\n<meta property=\"og:url\" content=\"https:\/\/www.ip.gov.py\/ip\/2023\/07\/17\/contenedor-detenido-en-alemania-debio-ser-reportado-y-fiscalia-iniciara-investigacion\/\" \/>\n<meta property=\"og:site_name\" content=\".::Agencia IP::.\" \/>\n<meta property=\"article:publisher\" content=\"https:\/\/www.facebook.com\/IPParaguay\/\" \/>\n<meta property=\"article:published_time\" content=\"2023-07-17T19:00:39+00:00\" \/>\n<meta property=\"article:modified_time\" content=\"2023-07-17T21:59:27+00:00\" \/>\n<meta property=\"og:image\" content=\"https:\/\/www.ip.gov.py\/ip\/wp-content\/uploads\/2023\/07\/cocaina-paraguay-alemania.jpg\" \/>\n\t<meta property=\"og:image:width\" content=\"770\" \/>\n\t<meta property=\"og:image:height\" content=\"433\" \/>\n\t<meta property=\"og:image:type\" content=\"image\/jpeg\" \/>\n<meta name=\"author\" content=\"Alberto C\" \/>\n<meta name=\"twitter:card\" content=\"summary_large_image\" \/>\n<meta name=\"twitter:creator\" content=\"@IPParaguay\" \/>\n<meta name=\"twitter:site\" content=\"@IPParaguay\" \/>\n<meta name=\"twitter:label1\" content=\"Escrito por\" \/>\n\t<meta name=\"twitter:data1\" content=\"Alberto C\" \/>\n\t<meta name=\"twitter:label2\" content=\"Tiempo de lectura\" \/>\n\t<meta name=\"twitter:data2\" content=\"1 minuto\" \/>\n<script type=\"application\/ld+json\" class=\"yoast-schema-graph\">{\"@context\":\"https:\\\/\\\/schema.org\",\"@graph\":[{\"@type\":\"Article\",\"@id\":\"https:\\\/\\\/www.ip.gov.py\\\/ip\\\/2023\\\/07\\\/17\\\/contenedor-detenido-en-alemania-debio-ser-reportado-y-fiscalia-iniciara-investigacion\\\/#article\",\"isPartOf\":{\"@id\":\"https:\\\/\\\/www.ip.gov.py\\\/ip\\\/2023\\\/07\\\/17\\\/contenedor-detenido-en-alemania-debio-ser-reportado-y-fiscalia-iniciara-investigacion\\\/\"},\"author\":{\"name\":\"Alberto C\",\"@id\":\"https:\\\/\\\/www.ip.gov.py\\\/ip\\\/#\\\/schema\\\/person\\\/369fedd28420fad35e23b10a9df16fb8\"},\"headline\":\"Contenedor detenido en Alemania debi\u00f3 ser reportado y Fiscal\u00eda iniciar\u00e1 investigaci\u00f3n\",\"datePublished\":\"2023-07-17T19:00:39+00:00\",\"dateModified\":\"2023-07-17T21:59:27+00:00\",\"mainEntityOfPage\":{\"@id\":\"https:\\\/\\\/www.ip.gov.py\\\/ip\\\/2023\\\/07\\\/17\\\/contenedor-detenido-en-alemania-debio-ser-reportado-y-fiscalia-iniciara-investigacion\\\/\"},\"wordCount\":231,\"publisher\":{\"@id\":\"https:\\\/\\\/www.ip.gov.py\\\/ip\\\/#organization\"},\"image\":{\"@id\":\"https:\\\/\\\/www.ip.gov.py\\\/ip\\\/2023\\\/07\\\/17\\\/contenedor-detenido-en-alemania-debio-ser-reportado-y-fiscalia-iniciara-investigacion\\\/#primaryimage\"},\"thumbnailUrl\":\"https:\\\/\\\/www.ip.gov.py\\\/ip\\\/wp-content\\\/uploads\\\/2023\\\/07\\\/cocaina-paraguay-alemania.jpg\",\"articleSection\":[\"Destacado\",\"Nacionales\"],\"inLanguage\":\"es\"},{\"@type\":\"WebPage\",\"@id\":\"https:\\\/\\\/www.ip.gov.py\\\/ip\\\/2023\\\/07\\\/17\\\/contenedor-detenido-en-alemania-debio-ser-reportado-y-fiscalia-iniciara-investigacion\\\/\",\"url\":\"https:\\\/\\\/www.ip.gov.py\\\/ip\\\/2023\\\/07\\\/17\\\/contenedor-detenido-en-alemania-debio-ser-reportado-y-fiscalia-iniciara-investigacion\\\/\",\"name\":\"Contenedor detenido en Alemania debi\u00f3 ser reportado y Fiscal\u00eda iniciar\u00e1 investigaci\u00f3n - .::Agencia IP::.\",\"isPartOf\":{\"@id\":\"https:\\\/\\\/www.ip.gov.py\\\/ip\\\/#website\"},\"primaryImageOfPage\":{\"@id\":\"https:\\\/\\\/www.ip.gov.py\\\/ip\\\/2023\\\/07\\\/17\\\/contenedor-detenido-en-alemania-debio-ser-reportado-y-fiscalia-iniciara-investigacion\\\/#primaryimage\"},\"image\":{\"@id\":\"https:\\\/\\\/www.ip.gov.py\\\/ip\\\/2023\\\/07\\\/17\\\/contenedor-detenido-en-alemania-debio-ser-reportado-y-fiscalia-iniciara-investigacion\\\/#primaryimage\"},\"thumbnailUrl\":\"https:\\\/\\\/www.ip.gov.py\\\/ip\\\/wp-content\\\/uploads\\\/2023\\\/07\\\/cocaina-paraguay-alemania.jpg\",\"datePublished\":\"2023-07-17T19:00:39+00:00\",\"dateModified\":\"2023-07-17T21:59:27+00:00\",\"breadcrumb\":{\"@id\":\"https:\\\/\\\/www.ip.gov.py\\\/ip\\\/2023\\\/07\\\/17\\\/contenedor-detenido-en-alemania-debio-ser-reportado-y-fiscalia-iniciara-investigacion\\\/#breadcrumb\"},\"inLanguage\":\"es\",\"potentialAction\":[{\"@type\":\"ReadAction\",\"target\":[\"https:\\\/\\\/www.ip.gov.py\\\/ip\\\/2023\\\/07\\\/17\\\/contenedor-detenido-en-alemania-debio-ser-reportado-y-fiscalia-iniciara-investigacion\\\/\"]}]},{\"@type\":\"ImageObject\",\"inLanguage\":\"es\",\"@id\":\"https:\\\/\\\/www.ip.gov.py\\\/ip\\\/2023\\\/07\\\/17\\\/contenedor-detenido-en-alemania-debio-ser-reportado-y-fiscalia-iniciara-investigacion\\\/#primaryimage\",\"url\":\"https:\\\/\\\/www.ip.gov.py\\\/ip\\\/wp-content\\\/uploads\\\/2023\\\/07\\\/cocaina-paraguay-alemania.jpg\",\"contentUrl\":\"https:\\\/\\\/www.ip.gov.py\\\/ip\\\/wp-content\\\/uploads\\\/2023\\\/07\\\/cocaina-paraguay-alemania.jpg\",\"width\":770,\"height\":433,\"caption\":\"Foto Bild.de\"},{\"@type\":\"BreadcrumbList\",\"@id\":\"https:\\\/\\\/www.ip.gov.py\\\/ip\\\/2023\\\/07\\\/17\\\/contenedor-detenido-en-alemania-debio-ser-reportado-y-fiscalia-iniciara-investigacion\\\/#breadcrumb\",\"itemListElement\":[{\"@type\":\"ListItem\",\"position\":1,\"name\":\"Portada\",\"item\":\"https:\\\/\\\/www.ip.gov.py\\\/ip\\\/\"},{\"@type\":\"ListItem\",\"position\":2,\"name\":\"Contenedor detenido en Alemania debi\u00f3 ser reportado y Fiscal\u00eda iniciar\u00e1 investigaci\u00f3n\"}]},{\"@type\":\"WebSite\",\"@id\":\"https:\\\/\\\/www.ip.gov.py\\\/ip\\\/#website\",\"url\":\"https:\\\/\\\/www.ip.gov.py\\\/ip\\\/\",\"name\":\".::Agencia IP::.\",\"description\":\"\",\"publisher\":{\"@id\":\"https:\\\/\\\/www.ip.gov.py\\\/ip\\\/#organization\"},\"potentialAction\":[{\"@type\":\"SearchAction\",\"target\":{\"@type\":\"EntryPoint\",\"urlTemplate\":\"https:\\\/\\\/www.ip.gov.py\\\/ip\\\/?s={search_term_string}\"},\"query-input\":{\"@type\":\"PropertyValueSpecification\",\"valueRequired\":true,\"valueName\":\"search_term_string\"}}],\"inLanguage\":\"es\"},{\"@type\":\"Organization\",\"@id\":\"https:\\\/\\\/www.ip.gov.py\\\/ip\\\/#organization\",\"name\":\"Agencia IP\",\"url\":\"https:\\\/\\\/www.ip.gov.py\\\/ip\\\/\",\"logo\":{\"@type\":\"ImageObject\",\"inLanguage\":\"es\",\"@id\":\"https:\\\/\\\/www.ip.gov.py\\\/ip\\\/#\\\/schema\\\/logo\\\/image\\\/\",\"url\":\"https:\\\/\\\/www.ip.gov.py\\\/ip\\\/wp-content\\\/uploads\\\/2018\\\/01\\\/Agencia-IP.jpg\",\"contentUrl\":\"https:\\\/\\\/www.ip.gov.py\\\/ip\\\/wp-content\\\/uploads\\\/2018\\\/01\\\/Agencia-IP.jpg\",\"width\":150,\"height\":150,\"caption\":\"Agencia IP\"},\"image\":{\"@id\":\"https:\\\/\\\/www.ip.gov.py\\\/ip\\\/#\\\/schema\\\/logo\\\/image\\\/\"},\"sameAs\":[\"https:\\\/\\\/www.facebook.com\\\/IPParaguay\\\/\",\"https:\\\/\\\/x.com\\\/IPParaguay\",\"https:\\\/\\\/www.instagram.com\\\/IPParaguay\"]},{\"@type\":\"Person\",\"@id\":\"https:\\\/\\\/www.ip.gov.py\\\/ip\\\/#\\\/schema\\\/person\\\/369fedd28420fad35e23b10a9df16fb8\",\"name\":\"Alberto C\",\"sameAs\":[\"https:\\\/\\\/www.ip.gov.py\"],\"url\":\"https:\\\/\\\/www.ip.gov.py\\\/ip\\\/author\\\/acelma\\\/\"}]}<\/script>\n<!-- \/ Yoast SEO plugin. -->","yoast_head_json":{"title":"Contenedor detenido en Alemania debi\u00f3 ser reportado y Fiscal\u00eda iniciar\u00e1 investigaci\u00f3n - .::Agencia IP::.","robots":{"index":"index","follow":"follow","max-snippet":"max-snippet:-1","max-image-preview":"max-image-preview:large","max-video-preview":"max-video-preview:-1"},"canonical":"https:\/\/www.ip.gov.py\/ip\/2023\/07\/17\/contenedor-detenido-en-alemania-debio-ser-reportado-y-fiscalia-iniciara-investigacion\/","og_locale":"es_ES","og_type":"article","og_title":"Contenedor detenido en Alemania debi\u00f3 ser reportado y Fiscal\u00eda iniciar\u00e1 investigaci\u00f3n - .::Agencia IP::.","og_description":"Asunci\u00f3n, Agencia IP.- La Direcci\u00f3n de Aduanas comunic\u00f3 este lunes que, de acuerdo a sus registros, el contenedor ahora detenido en Alemania con coca\u00edna present\u00f3 irregularidades durante su escaneo que no fueron comunicados por el operador a cargo de la revisi\u00f3n.","og_url":"https:\/\/www.ip.gov.py\/ip\/2023\/07\/17\/contenedor-detenido-en-alemania-debio-ser-reportado-y-fiscalia-iniciara-investigacion\/","og_site_name":".::Agencia IP::.","article_publisher":"https:\/\/www.facebook.com\/IPParaguay\/","article_published_time":"2023-07-17T19:00:39+00:00","article_modified_time":"2023-07-17T21:59:27+00:00","og_image":[{"width":770,"height":433,"url":"https:\/\/www.ip.gov.py\/ip\/wp-content\/uploads\/2023\/07\/cocaina-paraguay-alemania.jpg","type":"image\/jpeg"}],"author":"Alberto C","twitter_card":"summary_large_image","twitter_creator":"@IPParaguay","twitter_site":"@IPParaguay","twitter_misc":{"Escrito por":"Alberto C","Tiempo de lectura":"1 minuto"},"schema":{"@context":"https:\/\/schema.org","@graph":[{"@type":"Article","@id":"https:\/\/www.ip.gov.py\/ip\/2023\/07\/17\/contenedor-detenido-en-alemania-debio-ser-reportado-y-fiscalia-iniciara-investigacion\/#article","isPartOf":{"@id":"https:\/\/www.ip.gov.py\/ip\/2023\/07\/17\/contenedor-detenido-en-alemania-debio-ser-reportado-y-fiscalia-iniciara-investigacion\/"},"author":{"name":"Alberto C","@id":"https:\/\/www.ip.gov.py\/ip\/#\/schema\/person\/369fedd28420fad35e23b10a9df16fb8"},"headline":"Contenedor detenido en Alemania debi\u00f3 ser reportado y Fiscal\u00eda iniciar\u00e1 investigaci\u00f3n","datePublished":"2023-07-17T19:00:39+00:00","dateModified":"2023-07-17T21:59:27+00:00","mainEntityOfPage":{"@id":"https:\/\/www.ip.gov.py\/ip\/2023\/07\/17\/contenedor-detenido-en-alemania-debio-ser-reportado-y-fiscalia-iniciara-investigacion\/"},"wordCount":231,"publisher":{"@id":"https:\/\/www.ip.gov.py\/ip\/#organization"},"image":{"@id":"https:\/\/www.ip.gov.py\/ip\/2023\/07\/17\/contenedor-detenido-en-alemania-debio-ser-reportado-y-fiscalia-iniciara-investigacion\/#primaryimage"},"thumbnailUrl":"https:\/\/www.ip.gov.py\/ip\/wp-content\/uploads\/2023\/07\/cocaina-paraguay-alemania.jpg","articleSection":["Destacado","Nacionales"],"inLanguage":"es"},{"@type":"WebPage","@id":"https:\/\/www.ip.gov.py\/ip\/2023\/07\/17\/contenedor-detenido-en-alemania-debio-ser-reportado-y-fiscalia-iniciara-investigacion\/","url":"https:\/\/www.ip.gov.py\/ip\/2023\/07\/17\/contenedor-detenido-en-alemania-debio-ser-reportado-y-fiscalia-iniciara-investigacion\/","name":"Contenedor detenido en Alemania debi\u00f3 ser reportado y Fiscal\u00eda iniciar\u00e1 investigaci\u00f3n - .::Agencia IP::.","isPartOf":{"@id":"https:\/\/www.ip.gov.py\/ip\/#website"},"primaryImageOfPage":{"@id":"https:\/\/www.ip.gov.py\/ip\/2023\/07\/17\/contenedor-detenido-en-alemania-debio-ser-reportado-y-fiscalia-iniciara-investigacion\/#primaryimage"},"image":{"@id":"https:\/\/www.ip.gov.py\/ip\/2023\/07\/17\/contenedor-detenido-en-alemania-debio-ser-reportado-y-fiscalia-iniciara-investigacion\/#primaryimage"},"thumbnailUrl":"https:\/\/www.ip.gov.py\/ip\/wp-content\/uploads\/2023\/07\/cocaina-paraguay-alemania.jpg","datePublished":"2023-07-17T19:00:39+00:00","dateModified":"2023-07-17T21:59:27+00:00","breadcrumb":{"@id":"https:\/\/www.ip.gov.py\/ip\/2023\/07\/17\/contenedor-detenido-en-alemania-debio-ser-reportado-y-fiscalia-iniciara-investigacion\/#breadcrumb"},"inLanguage":"es","potentialAction":[{"@type":"ReadAction","target":["https:\/\/www.ip.gov.py\/ip\/2023\/07\/17\/contenedor-detenido-en-alemania-debio-ser-reportado-y-fiscalia-iniciara-investigacion\/"]}]},{"@type":"ImageObject","inLanguage":"es","@id":"https:\/\/www.ip.gov.py\/ip\/2023\/07\/17\/contenedor-detenido-en-alemania-debio-ser-reportado-y-fiscalia-iniciara-investigacion\/#primaryimage","url":"https:\/\/www.ip.gov.py\/ip\/wp-content\/uploads\/2023\/07\/cocaina-paraguay-alemania.jpg","contentUrl":"https:\/\/www.ip.gov.py\/ip\/wp-content\/uploads\/2023\/07\/cocaina-paraguay-alemania.jpg","width":770,"height":433,"caption":"Foto Bild.de"},{"@type":"BreadcrumbList","@id":"https:\/\/www.ip.gov.py\/ip\/2023\/07\/17\/contenedor-detenido-en-alemania-debio-ser-reportado-y-fiscalia-iniciara-investigacion\/#breadcrumb","itemListElement":[{"@type":"ListItem","position":1,"name":"Portada","item":"https:\/\/www.ip.gov.py\/ip\/"},{"@type":"ListItem","position":2,"name":"Contenedor detenido en Alemania debi\u00f3 ser reportado y Fiscal\u00eda iniciar\u00e1 investigaci\u00f3n"}]},{"@type":"WebSite","@id":"https:\/\/www.ip.gov.py\/ip\/#website","url":"https:\/\/www.ip.gov.py\/ip\/","name":".::Agencia IP::.","description":"","publisher":{"@id":"https:\/\/www.ip.gov.py\/ip\/#organization"},"potentialAction":[{"@type":"SearchAction","target":{"@type":"EntryPoint","urlTemplate":"https:\/\/www.ip.gov.py\/ip\/?s={search_term_string}"},"query-input":{"@type":"PropertyValueSpecification","valueRequired":true,"valueName":"search_term_string"}}],"inLanguage":"es"},{"@type":"Organization","@id":"https:\/\/www.ip.gov.py\/ip\/#organization","name":"Agencia IP","url":"https:\/\/www.ip.gov.py\/ip\/","logo":{"@type":"ImageObject","inLanguage":"es","@id":"https:\/\/www.ip.gov.py\/ip\/#\/schema\/logo\/image\/","url":"https:\/\/www.ip.gov.py\/ip\/wp-content\/uploads\/2018\/01\/Agencia-IP.jpg","contentUrl":"https:\/\/www.ip.gov.py\/ip\/wp-content\/uploads\/2018\/01\/Agencia-IP.jpg","width":150,"height":150,"caption":"Agencia IP"},"image":{"@id":"https:\/\/www.ip.gov.py\/ip\/#\/schema\/logo\/image\/"},"sameAs":["https:\/\/www.facebook.com\/IPParaguay\/","https:\/\/x.com\/IPParaguay","https:\/\/www.instagram.com\/IPParaguay"]},{"@type":"Person","@id":"https:\/\/www.ip.gov.py\/ip\/#\/schema\/person\/369fedd28420fad35e23b10a9df16fb8","name":"Alberto C","sameAs":["https:\/\/www.ip.gov.py"],"url":"https:\/\/www.ip.gov.py\/ip\/author\/acelma\/"}]}},"_links":{"self":[{"href":"https:\/\/www.ip.gov.py\/ip\/wp-json\/wp\/v2\/posts\/463325","targetHints":{"allow":["GET"]}}],"collection":[{"href":"https:\/\/www.ip.gov.py\/ip\/wp-json\/wp\/v2\/posts"}],"about":[{"href":"https:\/\/www.ip.gov.py\/ip\/wp-json\/wp\/v2\/types\/post"}],"author":[{"embeddable":true,"href":"https:\/\/www.ip.gov.py\/ip\/wp-json\/wp\/v2\/users\/22"}],"replies":[{"embeddable":true,"href":"https:\/\/www.ip.gov.py\/ip\/wp-json\/wp\/v2\/comments?post=463325"}],"version-history":[{"count":0,"href":"https:\/\/www.ip.gov.py\/ip\/wp-json\/wp\/v2\/posts\/463325\/revisions"}],"wp:featuredmedia":[{"embeddable":true,"href":"https:\/\/www.ip.gov.py\/ip\/wp-json\/wp\/v2\/media\/463328"}],"wp:attachment":[{"href":"https:\/\/www.ip.gov.py\/ip\/wp-json\/wp\/v2\/media?parent=463325"}],"wp:term":[{"taxonomy":"category","embeddable":true,"href":"https:\/\/www.ip.gov.py\/ip\/wp-json\/wp\/v2\/categories?post=463325"},{"taxonomy":"post_tag","embeddable":true,"href":"https:\/\/www.ip.gov.py\/ip\/wp-json\/wp\/v2\/tags?post=463325"}],"curies":[{"name":"wp","href":"https:\/\/api.w.org\/{rel}","templated":true}]}}