{"id":463945,"date":"2023-07-25T07:40:05","date_gmt":"2023-07-25T11:40:05","guid":{"rendered":"https:\/\/www.ip.gov.py\/ip\/?p=463945"},"modified":"2023-07-25T07:40:05","modified_gmt":"2023-07-25T11:40:05","slug":"al-menos-34-muertos-y-1-500-evacuados-por-los-incendios-forestales-que-afectan-el-noreste-de-argelia","status":"publish","type":"post","link":"https:\/\/www.ip.gov.py\/ip\/2023\/07\/25\/al-menos-34-muertos-y-1-500-evacuados-por-los-incendios-forestales-que-afectan-el-noreste-de-argelia\/","title":{"rendered":"Al menos 34 muertos y 1.500 evacuados por los incendios forestales que afectan el noreste de Argelia"},"content":{"rendered":"<p style=\"text-align: justify;\"><em><strong>Argel.-<\/strong><\/em>Al menos 34 personas, entre ellas diez militares, fallecieron a causa de los incendios forestales en el noreste de Argelia, que segu\u00edan hoy en curso, indic\u00f3 el Ministerio del Interior.<!--more--><\/p>\n<p style=\"text-align: justify;\">\u00abAlgunos soldados se vieron rodeados por las llamas, cuando ya estaban siendo evacuados del municipio de Beni Ksila, en la prefectura de Bug\u00eda (este)\u00bb, indic\u00f3 el Ministerio de Defensa.<\/p>\n<p style=\"text-align: justify;\">Entre el domingo y lunes, Argelia registr\u00f3 la cifra de 97 incendios en 16 prefecturas. Los fuegos m\u00e1s violentos se dieron en la provincia de Bug\u00eda, regi\u00f3n de Cavilia, en la ciudad de Al Buira, al norte del pa\u00eds, y en la provincia de Jijel, al noreste, seg\u00fan el Ministerio del Interior.<\/p>\n<p style=\"text-align: justify;\">\u00abAl menos unas 1.500 personas fueron evacuadas de estas zonas por las llamas, atizadas por los fuertes vientos\u00bb, seg\u00fan consign\u00f3 la agencia de noticias AFP.<\/p>\n<p style=\"text-align: justify;\">El fiscal general de Buj\u00eda orden\u00f3 \u00abla apertura de una investigaci\u00f3n preliminar para determinar las causas de los incendios e identificar a eventuales autores\u00bb, ampli\u00f3 el informe de las autoridades locales.<\/p>\n<p style=\"text-align: justify;\">Argelia sufre una ola de calor, con temperaturas que alcanzaron el lunes los 48 \u00baC. Unos 8.000 agentes de protecci\u00f3n civil y 525 camiones fueron desplegados sobre el terreno, respaldados por un importante dispositivo a\u00e9reo.<\/p>\n<p style=\"text-align: justify;\">El Ministerio del Interior inst\u00f3 a los ciudadanos argelinos a \u00abevitar todas las zonas que est\u00e1n afectadas por los incendios y usar los n\u00fameros habilitados para cualquier denuncia\u00bb.<\/p>\n<p style=\"text-align: justify;\">Para combatir el fuego \u00abfueron desplegados sobre el terreno alrededor de 7.500 agentes y 350 camiones respaldados por un importante dispositivo a\u00e9reo que permiti\u00f3 controlar la mayor parte de los incendios\u00bb, se a\u00f1adi\u00f3 en el comunicado del organismo estatal.<\/p>\n<p style=\"text-align: justify;\">Las operaciones de extinci\u00f3n siguen en las provincias de Bumerd\u00e9s, Tizi Uzu, y Skikda, a la vez que doce aviones contin\u00faan operando en estas regiones, precis\u00f3 la cartera del Interior.<\/p>\n<p style=\"text-align: justify;\">El norte y el este de Argelia suelen sufrir importantes incendios en verano, un fen\u00f3meno que se empeora de a\u00f1o en a\u00f1o debido al cambio clim\u00e1tico, que acarrea sequ\u00edas y olas de calor.<\/p>\n<p style=\"text-align: justify;\">En agosto de 2022, 37 personas murieron en la regi\u00f3n de El Taref, en el noreste del pa\u00eds, debido a los incendios.<\/p>\n<p style=\"text-align: justify;\">El verano m\u00e1s mortal en d\u00e9cadas fue el de 2021, con m\u00e1s de 90 muertos.T\u00e9lam.<\/p>\n<p style=\"text-align: justify;\">\n<p style=\"text-align: justify;\">\n","protected":false},"excerpt":{"rendered":"<p>Argel.-Al menos 34 personas, entre ellas diez militares, fallecieron a causa de los incendios forestales en el noreste de Argelia, que segu\u00edan hoy en curso, indic\u00f3 el Ministerio del Interior.<\/p>\n","protected":false},"author":11,"featured_media":463946,"comment_status":"closed","ping_status":"closed","sticky":false,"template":"","format":"standard","meta":{"_monsterinsights_skip_tracking":false,"_monsterinsights_sitenote_active":false,"_monsterinsights_sitenote_note":"","_monsterinsights_sitenote_category":0,"footnotes":""},"categories":[5],"tags":[3983,15465,7451,7796,3345,693],"class_list":{"0":"post-463945","1":"post","2":"type-post","3":"status-publish","4":"format-standard","5":"has-post-thumbnail","7":"category-internacionales","8":"tag-alarma","9":"tag-argelia","10":"tag-calor","11":"tag-incendios","12":"tag-recuento","13":"tag-victimas"},"yoast_head":"<!-- This site is optimized with the Yoast SEO plugin v27.5 - https:\/\/yoast.com\/product\/yoast-seo-wordpress\/ -->\n<title>Al menos 34 muertos y 1.500 evacuados por los incendios forestales que afectan el noreste de Argelia - .::Agencia IP::.<\/title>\n<meta name=\"robots\" content=\"index, follow, max-snippet:-1, max-image-preview:large, max-video-preview:-1\" \/>\n<link rel=\"canonical\" href=\"https:\/\/www.ip.gov.py\/ip\/2023\/07\/25\/al-menos-34-muertos-y-1-500-evacuados-por-los-incendios-forestales-que-afectan-el-noreste-de-argelia\/\" \/>\n<meta property=\"og:locale\" content=\"es_ES\" \/>\n<meta property=\"og:type\" content=\"article\" \/>\n<meta property=\"og:title\" content=\"Al menos 34 muertos y 1.500 evacuados por los incendios forestales que afectan el noreste de Argelia - .::Agencia IP::.\" \/>\n<meta property=\"og:description\" content=\"Argel.-Al menos 34 personas, entre ellas diez militares, fallecieron a causa de los incendios forestales en el noreste de Argelia, que segu\u00edan hoy en curso, indic\u00f3 el Ministerio del Interior.\" \/>\n<meta property=\"og:url\" content=\"https:\/\/www.ip.gov.py\/ip\/2023\/07\/25\/al-menos-34-muertos-y-1-500-evacuados-por-los-incendios-forestales-que-afectan-el-noreste-de-argelia\/\" \/>\n<meta property=\"og:site_name\" content=\".::Agencia IP::.\" \/>\n<meta property=\"article:publisher\" content=\"https:\/\/www.facebook.com\/IPParaguay\/\" \/>\n<meta property=\"article:published_time\" content=\"2023-07-25T11:40:05+00:00\" \/>\n<meta property=\"og:image\" content=\"https:\/\/www.ip.gov.py\/ip\/wp-content\/uploads\/2023\/07\/Calor-1.jpg\" \/>\n\t<meta property=\"og:image:width\" content=\"980\" \/>\n\t<meta property=\"og:image:height\" content=\"551\" \/>\n\t<meta property=\"og:image:type\" content=\"image\/jpeg\" \/>\n<meta name=\"author\" content=\"vrios\" \/>\n<meta name=\"twitter:card\" content=\"summary_large_image\" \/>\n<meta name=\"twitter:creator\" content=\"@IPParaguay\" \/>\n<meta name=\"twitter:site\" content=\"@IPParaguay\" \/>\n<meta name=\"twitter:label1\" content=\"Escrito por\" \/>\n\t<meta name=\"twitter:data1\" content=\"vrios\" \/>\n\t<meta name=\"twitter:label2\" content=\"Tiempo de lectura\" \/>\n\t<meta name=\"twitter:data2\" content=\"2 minutos\" \/>\n<script type=\"application\/ld+json\" class=\"yoast-schema-graph\">{\"@context\":\"https:\\\/\\\/schema.org\",\"@graph\":[{\"@type\":\"Article\",\"@id\":\"https:\\\/\\\/www.ip.gov.py\\\/ip\\\/2023\\\/07\\\/25\\\/al-menos-34-muertos-y-1-500-evacuados-por-los-incendios-forestales-que-afectan-el-noreste-de-argelia\\\/#article\",\"isPartOf\":{\"@id\":\"https:\\\/\\\/www.ip.gov.py\\\/ip\\\/2023\\\/07\\\/25\\\/al-menos-34-muertos-y-1-500-evacuados-por-los-incendios-forestales-que-afectan-el-noreste-de-argelia\\\/\"},\"author\":{\"name\":\"vrios\",\"@id\":\"https:\\\/\\\/www.ip.gov.py\\\/ip\\\/#\\\/schema\\\/person\\\/fa3668852e893cb0423795330f919039\"},\"headline\":\"Al menos 34 muertos y 1.500 evacuados por los incendios forestales que afectan el noreste de Argelia\",\"datePublished\":\"2023-07-25T11:40:05+00:00\",\"mainEntityOfPage\":{\"@id\":\"https:\\\/\\\/www.ip.gov.py\\\/ip\\\/2023\\\/07\\\/25\\\/al-menos-34-muertos-y-1-500-evacuados-por-los-incendios-forestales-que-afectan-el-noreste-de-argelia\\\/\"},\"wordCount\":404,\"publisher\":{\"@id\":\"https:\\\/\\\/www.ip.gov.py\\\/ip\\\/#organization\"},\"image\":{\"@id\":\"https:\\\/\\\/www.ip.gov.py\\\/ip\\\/2023\\\/07\\\/25\\\/al-menos-34-muertos-y-1-500-evacuados-por-los-incendios-forestales-que-afectan-el-noreste-de-argelia\\\/#primaryimage\"},\"thumbnailUrl\":\"https:\\\/\\\/www.ip.gov.py\\\/ip\\\/wp-content\\\/uploads\\\/2023\\\/07\\\/Calor-1.jpg\",\"keywords\":[\"Alarma\",\"Argelia\",\"Calor\",\"Incendios\",\"recuento\",\"V\u00edctimas\"],\"articleSection\":[\"Internacionales\"],\"inLanguage\":\"es\"},{\"@type\":\"WebPage\",\"@id\":\"https:\\\/\\\/www.ip.gov.py\\\/ip\\\/2023\\\/07\\\/25\\\/al-menos-34-muertos-y-1-500-evacuados-por-los-incendios-forestales-que-afectan-el-noreste-de-argelia\\\/\",\"url\":\"https:\\\/\\\/www.ip.gov.py\\\/ip\\\/2023\\\/07\\\/25\\\/al-menos-34-muertos-y-1-500-evacuados-por-los-incendios-forestales-que-afectan-el-noreste-de-argelia\\\/\",\"name\":\"Al menos 34 muertos y 1.500 evacuados por los incendios forestales que afectan el noreste de Argelia - .::Agencia IP::.\",\"isPartOf\":{\"@id\":\"https:\\\/\\\/www.ip.gov.py\\\/ip\\\/#website\"},\"primaryImageOfPage\":{\"@id\":\"https:\\\/\\\/www.ip.gov.py\\\/ip\\\/2023\\\/07\\\/25\\\/al-menos-34-muertos-y-1-500-evacuados-por-los-incendios-forestales-que-afectan-el-noreste-de-argelia\\\/#primaryimage\"},\"image\":{\"@id\":\"https:\\\/\\\/www.ip.gov.py\\\/ip\\\/2023\\\/07\\\/25\\\/al-menos-34-muertos-y-1-500-evacuados-por-los-incendios-forestales-que-afectan-el-noreste-de-argelia\\\/#primaryimage\"},\"thumbnailUrl\":\"https:\\\/\\\/www.ip.gov.py\\\/ip\\\/wp-content\\\/uploads\\\/2023\\\/07\\\/Calor-1.jpg\",\"datePublished\":\"2023-07-25T11:40:05+00:00\",\"breadcrumb\":{\"@id\":\"https:\\\/\\\/www.ip.gov.py\\\/ip\\\/2023\\\/07\\\/25\\\/al-menos-34-muertos-y-1-500-evacuados-por-los-incendios-forestales-que-afectan-el-noreste-de-argelia\\\/#breadcrumb\"},\"inLanguage\":\"es\",\"potentialAction\":[{\"@type\":\"ReadAction\",\"target\":[\"https:\\\/\\\/www.ip.gov.py\\\/ip\\\/2023\\\/07\\\/25\\\/al-menos-34-muertos-y-1-500-evacuados-por-los-incendios-forestales-que-afectan-el-noreste-de-argelia\\\/\"]}]},{\"@type\":\"ImageObject\",\"inLanguage\":\"es\",\"@id\":\"https:\\\/\\\/www.ip.gov.py\\\/ip\\\/2023\\\/07\\\/25\\\/al-menos-34-muertos-y-1-500-evacuados-por-los-incendios-forestales-que-afectan-el-noreste-de-argelia\\\/#primaryimage\",\"url\":\"https:\\\/\\\/www.ip.gov.py\\\/ip\\\/wp-content\\\/uploads\\\/2023\\\/07\\\/Calor-1.jpg\",\"contentUrl\":\"https:\\\/\\\/www.ip.gov.py\\\/ip\\\/wp-content\\\/uploads\\\/2023\\\/07\\\/Calor-1.jpg\",\"width\":980,\"height\":551,\"caption\":\"France 24\"},{\"@type\":\"BreadcrumbList\",\"@id\":\"https:\\\/\\\/www.ip.gov.py\\\/ip\\\/2023\\\/07\\\/25\\\/al-menos-34-muertos-y-1-500-evacuados-por-los-incendios-forestales-que-afectan-el-noreste-de-argelia\\\/#breadcrumb\",\"itemListElement\":[{\"@type\":\"ListItem\",\"position\":1,\"name\":\"Portada\",\"item\":\"https:\\\/\\\/www.ip.gov.py\\\/ip\\\/\"},{\"@type\":\"ListItem\",\"position\":2,\"name\":\"Al menos 34 muertos y 1.500 evacuados por los incendios forestales que afectan el noreste de Argelia\"}]},{\"@type\":\"WebSite\",\"@id\":\"https:\\\/\\\/www.ip.gov.py\\\/ip\\\/#website\",\"url\":\"https:\\\/\\\/www.ip.gov.py\\\/ip\\\/\",\"name\":\".::Agencia IP::.\",\"description\":\"\",\"publisher\":{\"@id\":\"https:\\\/\\\/www.ip.gov.py\\\/ip\\\/#organization\"},\"potentialAction\":[{\"@type\":\"SearchAction\",\"target\":{\"@type\":\"EntryPoint\",\"urlTemplate\":\"https:\\\/\\\/www.ip.gov.py\\\/ip\\\/?s={search_term_string}\"},\"query-input\":{\"@type\":\"PropertyValueSpecification\",\"valueRequired\":true,\"valueName\":\"search_term_string\"}}],\"inLanguage\":\"es\"},{\"@type\":\"Organization\",\"@id\":\"https:\\\/\\\/www.ip.gov.py\\\/ip\\\/#organization\",\"name\":\"Agencia IP\",\"url\":\"https:\\\/\\\/www.ip.gov.py\\\/ip\\\/\",\"logo\":{\"@type\":\"ImageObject\",\"inLanguage\":\"es\",\"@id\":\"https:\\\/\\\/www.ip.gov.py\\\/ip\\\/#\\\/schema\\\/logo\\\/image\\\/\",\"url\":\"https:\\\/\\\/www.ip.gov.py\\\/ip\\\/wp-content\\\/uploads\\\/2018\\\/01\\\/Agencia-IP.jpg\",\"contentUrl\":\"https:\\\/\\\/www.ip.gov.py\\\/ip\\\/wp-content\\\/uploads\\\/2018\\\/01\\\/Agencia-IP.jpg\",\"width\":150,\"height\":150,\"caption\":\"Agencia IP\"},\"image\":{\"@id\":\"https:\\\/\\\/www.ip.gov.py\\\/ip\\\/#\\\/schema\\\/logo\\\/image\\\/\"},\"sameAs\":[\"https:\\\/\\\/www.facebook.com\\\/IPParaguay\\\/\",\"https:\\\/\\\/x.com\\\/IPParaguay\",\"https:\\\/\\\/www.instagram.com\\\/IPParaguay\"]},{\"@type\":\"Person\",\"@id\":\"https:\\\/\\\/www.ip.gov.py\\\/ip\\\/#\\\/schema\\\/person\\\/fa3668852e893cb0423795330f919039\",\"name\":\"vrios\",\"url\":\"https:\\\/\\\/www.ip.gov.py\\\/ip\\\/author\\\/vrios\\\/\"}]}<\/script>\n<!-- \/ Yoast SEO plugin. -->","yoast_head_json":{"title":"Al menos 34 muertos y 1.500 evacuados por los incendios forestales que afectan el noreste de Argelia - .::Agencia IP::.","robots":{"index":"index","follow":"follow","max-snippet":"max-snippet:-1","max-image-preview":"max-image-preview:large","max-video-preview":"max-video-preview:-1"},"canonical":"https:\/\/www.ip.gov.py\/ip\/2023\/07\/25\/al-menos-34-muertos-y-1-500-evacuados-por-los-incendios-forestales-que-afectan-el-noreste-de-argelia\/","og_locale":"es_ES","og_type":"article","og_title":"Al menos 34 muertos y 1.500 evacuados por los incendios forestales que afectan el noreste de Argelia - .::Agencia IP::.","og_description":"Argel.-Al menos 34 personas, entre ellas diez militares, fallecieron a causa de los incendios forestales en el noreste de Argelia, que segu\u00edan hoy en curso, indic\u00f3 el Ministerio del Interior.","og_url":"https:\/\/www.ip.gov.py\/ip\/2023\/07\/25\/al-menos-34-muertos-y-1-500-evacuados-por-los-incendios-forestales-que-afectan-el-noreste-de-argelia\/","og_site_name":".::Agencia IP::.","article_publisher":"https:\/\/www.facebook.com\/IPParaguay\/","article_published_time":"2023-07-25T11:40:05+00:00","og_image":[{"width":980,"height":551,"url":"https:\/\/www.ip.gov.py\/ip\/wp-content\/uploads\/2023\/07\/Calor-1.jpg","type":"image\/jpeg"}],"author":"vrios","twitter_card":"summary_large_image","twitter_creator":"@IPParaguay","twitter_site":"@IPParaguay","twitter_misc":{"Escrito por":"vrios","Tiempo de lectura":"2 minutos"},"schema":{"@context":"https:\/\/schema.org","@graph":[{"@type":"Article","@id":"https:\/\/www.ip.gov.py\/ip\/2023\/07\/25\/al-menos-34-muertos-y-1-500-evacuados-por-los-incendios-forestales-que-afectan-el-noreste-de-argelia\/#article","isPartOf":{"@id":"https:\/\/www.ip.gov.py\/ip\/2023\/07\/25\/al-menos-34-muertos-y-1-500-evacuados-por-los-incendios-forestales-que-afectan-el-noreste-de-argelia\/"},"author":{"name":"vrios","@id":"https:\/\/www.ip.gov.py\/ip\/#\/schema\/person\/fa3668852e893cb0423795330f919039"},"headline":"Al menos 34 muertos y 1.500 evacuados por los incendios forestales que afectan el noreste de Argelia","datePublished":"2023-07-25T11:40:05+00:00","mainEntityOfPage":{"@id":"https:\/\/www.ip.gov.py\/ip\/2023\/07\/25\/al-menos-34-muertos-y-1-500-evacuados-por-los-incendios-forestales-que-afectan-el-noreste-de-argelia\/"},"wordCount":404,"publisher":{"@id":"https:\/\/www.ip.gov.py\/ip\/#organization"},"image":{"@id":"https:\/\/www.ip.gov.py\/ip\/2023\/07\/25\/al-menos-34-muertos-y-1-500-evacuados-por-los-incendios-forestales-que-afectan-el-noreste-de-argelia\/#primaryimage"},"thumbnailUrl":"https:\/\/www.ip.gov.py\/ip\/wp-content\/uploads\/2023\/07\/Calor-1.jpg","keywords":["Alarma","Argelia","Calor","Incendios","recuento","V\u00edctimas"],"articleSection":["Internacionales"],"inLanguage":"es"},{"@type":"WebPage","@id":"https:\/\/www.ip.gov.py\/ip\/2023\/07\/25\/al-menos-34-muertos-y-1-500-evacuados-por-los-incendios-forestales-que-afectan-el-noreste-de-argelia\/","url":"https:\/\/www.ip.gov.py\/ip\/2023\/07\/25\/al-menos-34-muertos-y-1-500-evacuados-por-los-incendios-forestales-que-afectan-el-noreste-de-argelia\/","name":"Al menos 34 muertos y 1.500 evacuados por los incendios forestales que afectan el noreste de Argelia - .::Agencia IP::.","isPartOf":{"@id":"https:\/\/www.ip.gov.py\/ip\/#website"},"primaryImageOfPage":{"@id":"https:\/\/www.ip.gov.py\/ip\/2023\/07\/25\/al-menos-34-muertos-y-1-500-evacuados-por-los-incendios-forestales-que-afectan-el-noreste-de-argelia\/#primaryimage"},"image":{"@id":"https:\/\/www.ip.gov.py\/ip\/2023\/07\/25\/al-menos-34-muertos-y-1-500-evacuados-por-los-incendios-forestales-que-afectan-el-noreste-de-argelia\/#primaryimage"},"thumbnailUrl":"https:\/\/www.ip.gov.py\/ip\/wp-content\/uploads\/2023\/07\/Calor-1.jpg","datePublished":"2023-07-25T11:40:05+00:00","breadcrumb":{"@id":"https:\/\/www.ip.gov.py\/ip\/2023\/07\/25\/al-menos-34-muertos-y-1-500-evacuados-por-los-incendios-forestales-que-afectan-el-noreste-de-argelia\/#breadcrumb"},"inLanguage":"es","potentialAction":[{"@type":"ReadAction","target":["https:\/\/www.ip.gov.py\/ip\/2023\/07\/25\/al-menos-34-muertos-y-1-500-evacuados-por-los-incendios-forestales-que-afectan-el-noreste-de-argelia\/"]}]},{"@type":"ImageObject","inLanguage":"es","@id":"https:\/\/www.ip.gov.py\/ip\/2023\/07\/25\/al-menos-34-muertos-y-1-500-evacuados-por-los-incendios-forestales-que-afectan-el-noreste-de-argelia\/#primaryimage","url":"https:\/\/www.ip.gov.py\/ip\/wp-content\/uploads\/2023\/07\/Calor-1.jpg","contentUrl":"https:\/\/www.ip.gov.py\/ip\/wp-content\/uploads\/2023\/07\/Calor-1.jpg","width":980,"height":551,"caption":"France 24"},{"@type":"BreadcrumbList","@id":"https:\/\/www.ip.gov.py\/ip\/2023\/07\/25\/al-menos-34-muertos-y-1-500-evacuados-por-los-incendios-forestales-que-afectan-el-noreste-de-argelia\/#breadcrumb","itemListElement":[{"@type":"ListItem","position":1,"name":"Portada","item":"https:\/\/www.ip.gov.py\/ip\/"},{"@type":"ListItem","position":2,"name":"Al menos 34 muertos y 1.500 evacuados por los incendios forestales que afectan el noreste de Argelia"}]},{"@type":"WebSite","@id":"https:\/\/www.ip.gov.py\/ip\/#website","url":"https:\/\/www.ip.gov.py\/ip\/","name":".::Agencia IP::.","description":"","publisher":{"@id":"https:\/\/www.ip.gov.py\/ip\/#organization"},"potentialAction":[{"@type":"SearchAction","target":{"@type":"EntryPoint","urlTemplate":"https:\/\/www.ip.gov.py\/ip\/?s={search_term_string}"},"query-input":{"@type":"PropertyValueSpecification","valueRequired":true,"valueName":"search_term_string"}}],"inLanguage":"es"},{"@type":"Organization","@id":"https:\/\/www.ip.gov.py\/ip\/#organization","name":"Agencia IP","url":"https:\/\/www.ip.gov.py\/ip\/","logo":{"@type":"ImageObject","inLanguage":"es","@id":"https:\/\/www.ip.gov.py\/ip\/#\/schema\/logo\/image\/","url":"https:\/\/www.ip.gov.py\/ip\/wp-content\/uploads\/2018\/01\/Agencia-IP.jpg","contentUrl":"https:\/\/www.ip.gov.py\/ip\/wp-content\/uploads\/2018\/01\/Agencia-IP.jpg","width":150,"height":150,"caption":"Agencia IP"},"image":{"@id":"https:\/\/www.ip.gov.py\/ip\/#\/schema\/logo\/image\/"},"sameAs":["https:\/\/www.facebook.com\/IPParaguay\/","https:\/\/x.com\/IPParaguay","https:\/\/www.instagram.com\/IPParaguay"]},{"@type":"Person","@id":"https:\/\/www.ip.gov.py\/ip\/#\/schema\/person\/fa3668852e893cb0423795330f919039","name":"vrios","url":"https:\/\/www.ip.gov.py\/ip\/author\/vrios\/"}]}},"_links":{"self":[{"href":"https:\/\/www.ip.gov.py\/ip\/wp-json\/wp\/v2\/posts\/463945","targetHints":{"allow":["GET"]}}],"collection":[{"href":"https:\/\/www.ip.gov.py\/ip\/wp-json\/wp\/v2\/posts"}],"about":[{"href":"https:\/\/www.ip.gov.py\/ip\/wp-json\/wp\/v2\/types\/post"}],"author":[{"embeddable":true,"href":"https:\/\/www.ip.gov.py\/ip\/wp-json\/wp\/v2\/users\/11"}],"replies":[{"embeddable":true,"href":"https:\/\/www.ip.gov.py\/ip\/wp-json\/wp\/v2\/comments?post=463945"}],"version-history":[{"count":0,"href":"https:\/\/www.ip.gov.py\/ip\/wp-json\/wp\/v2\/posts\/463945\/revisions"}],"wp:featuredmedia":[{"embeddable":true,"href":"https:\/\/www.ip.gov.py\/ip\/wp-json\/wp\/v2\/media\/463946"}],"wp:attachment":[{"href":"https:\/\/www.ip.gov.py\/ip\/wp-json\/wp\/v2\/media?parent=463945"}],"wp:term":[{"taxonomy":"category","embeddable":true,"href":"https:\/\/www.ip.gov.py\/ip\/wp-json\/wp\/v2\/categories?post=463945"},{"taxonomy":"post_tag","embeddable":true,"href":"https:\/\/www.ip.gov.py\/ip\/wp-json\/wp\/v2\/tags?post=463945"}],"curies":[{"name":"wp","href":"https:\/\/api.w.org\/{rel}","templated":true}]}}