{"id":464368,"date":"2023-07-28T14:19:55","date_gmt":"2023-07-28T18:19:55","guid":{"rendered":"https:\/\/www.ip.gov.py\/ip\/?p=464368"},"modified":"2023-07-28T14:19:55","modified_gmt":"2023-07-28T18:19:55","slug":"ministros-de-ambiente-del-g20-cierran-encuentro-sin-acuerdos-sobre-la-crisis-climatica","status":"publish","type":"post","link":"https:\/\/www.ip.gov.py\/ip\/2023\/07\/28\/ministros-de-ambiente-del-g20-cierran-encuentro-sin-acuerdos-sobre-la-crisis-climatica\/","title":{"rendered":"Ministros de Ambiente del G20 cierran encuentro sin acuerdos sobre la crisis clim\u00e1tica"},"content":{"rendered":"<p style=\"text-align: justify;\"><em><strong>Nueva Dheli.-<\/strong><\/em>Los ministros de Medioambiente de los pa\u00edses miembros del G20 cerraron hoy una reuni\u00f3n en India sin un acuerdo para limitar las emisiones de gases invernaderos a partir de 2025 frente a la crisis clim\u00e1tica global, anunci\u00f3 el representante de Francia.<!--more--><\/p>\n<p style=\"text-align: justify;\">Los delegados de las 20 mayores econom\u00edas del mundo no lograron avanzar de cara a la pr\u00f3xima conferencia de la ONU sobre el clima ni en las conversaciones respecto al aumento del uso de energ\u00edas renovables, en momentos en que se registran olas de calor extremo en el hemisferio norte, con inundaciones, sequ\u00edas e incendios forestales.<\/p>\n<p style=\"text-align: justify;\">\u00abEstoy muy decepcionado\u00bb, declar\u00f3 el ministro de Transici\u00f3n Ecol\u00f3gica de Francia, Christophe Bechu, tras afirmar que no hab\u00edan logrado ponerse de acuerdo acerca de un incremento dr\u00e1stico del uso de energ\u00edas renovables ni de una disminuci\u00f3n de los combustibles f\u00f3siles, especialmente el carb\u00f3n.<\/p>\n<p style=\"text-align: justify;\">\u00abHay r\u00e9cord de temperaturas, cat\u00e1strofes, incendios gigantescos y no pudimos llegar a un acuerdo para una limitaci\u00f3n de las emisiones para 2025\u00bb, lament\u00f3 el ministro franc\u00e9s, inform\u00f3 la agencia de noticias AFP.<\/p>\n<p style=\"text-align: justify;\">De acuerdo con Bechu, tanto las conversaciones en la ciudad india de Chennai con China y Arabia Saudita como los temas de clima con Rusia fueron \u00abcomplicados\u00bb.<\/p>\n<p style=\"text-align: justify;\">Todos comprenden \u00abla gravedad de la crisis\u00bb a la que se enfrenta el mundo, declar\u00f3 Adnan Amin, director de la COP28, pero afirm\u00f3 que hay temas de \u00abintereses nacionales\u00bb que deben ser resueltos antes de lograr compromisos m\u00e1s firmes sobre las energ\u00edas f\u00f3siles.<\/p>\n<p style=\"text-align: justify;\">\u00abEst\u00e1 claro que cada pa\u00eds va a empezar por buscar su inter\u00e9s inmediato\u00bb, manifest\u00f3 Amin.<\/p>\n<p style=\"text-align: justify;\">Tambi\u00e9n particip\u00f3 el presidente de la COP28, que se celebrar\u00e1 entre noviembre y diciembre en Dubai, el Sult\u00e1n Al Jaber, que, parad\u00f3jicamente, encabeza el principal consorcio de producci\u00f3n de gas y petr\u00f3leo de Emiratos \u00c1rabes Unidos.<\/p>\n<p style=\"text-align: justify;\">Su rol en la empresa petrolera fue muy criticado por el posible conflicto de intereses, ya que la quema de combustibles f\u00f3siles es la principal causa del calentamiento global.<\/p>\n<p style=\"text-align: justify;\">Antes de la reuni\u00f3n del G20, el comisario de la Uni\u00f3n Europea (UE) para el Medioambiente, Virginijus Sinkevicius, advirti\u00f3 que cada vez hay \u00abm\u00e1s evidencia en el terreno del devastador impacto clim\u00e1tico\u00bb y que \u00abse est\u00e1n destruyendo los medios de subsistencia de muchas personas\u00bb.<\/p>\n<p style=\"text-align: justify;\">Los pa\u00edses del G20 representan un 80% del PIB y de las emisiones de CO2 globales.<\/p>\n<p style=\"text-align: justify;\">Pa\u00edses como India defienden que las naciones que hist\u00f3ricamente son responsables de m\u00e1s emisiones deben gastar m\u00e1s en los esfuerzos globales de mitigaci\u00f3n que las econom\u00edas m\u00e1s pobres.<\/p>\n<p style=\"text-align: justify;\">Los pa\u00edses que son productores de energ\u00eda se resisten a compromisos m\u00e1s ambiciosos por los temores sobre el efecto en sus econom\u00edas.<\/p>\n<p style=\"text-align: justify;\">Integran el G20 Alemania, Arabia Saudita, Argentina, Australia, Brasil, Canad\u00e1, China, Corea del Sur, Estados Unidos, Francia, la India, Indonesia, Italia, Jap\u00f3n, M\u00e9xico, el Reino Unido, Rusia, Sud\u00e1frica, Turqu\u00eda y la UE.<\/p>\n<p style=\"text-align: justify;\">Esta cumbre ministerial se produce luego de que el s\u00e1bado pasado se reunieran en la ciudad india de Goa los ministros de Energ\u00eda del bloque y no lograran elaborar un plan de acci\u00f3n para la reducci\u00f3n progresiva del uso de energ\u00edas f\u00f3siles.<\/p>\n<p style=\"text-align: justify;\">La declaraci\u00f3n final del encuentro ni siquiera mencion\u00f3 el carb\u00f3n, fuente importante de gases de efecto invernadero -una de las principales causas del cambio clim\u00e1tico-, pero tambi\u00e9n de energ\u00eda en muchas econom\u00edas emergentes como India, el pa\u00eds m\u00e1s poblado del mundo, y China, segunda econom\u00eda mundial.<\/p>\n<p style=\"text-align: justify;\">Sin embargo, \u00abse inst\u00f3 a los pa\u00edses desarrollados a cumplir sus compromisos para alcanzar el objetivo de movilizar conjuntamente 100.000 millones de d\u00f3lares al a\u00f1o desde 2020 y hasta 2025 en el contexto de una acci\u00f3n de mitigaci\u00f3n significativa, con transparencia en la aplicaci\u00f3n\u00bb, hab\u00edan precisado los pa\u00edses del G20 en un documento conjunto.<\/p>\n<p style=\"text-align: justify;\">En mayo pasado, los mandatarios del G7 de las econom\u00edas m\u00e1s avanzadas resolvieron en la ciudad japonesa de Hiroshima \u00abacelerar la reducci\u00f3n paulatina\u00bb del uso de energ\u00edas f\u00f3siles.<\/p>\n<p style=\"text-align: justify;\">El texto del grupo, que representa el 80% de la econom\u00eda global, dos terceras partes de la poblaci\u00f3n mundial y el 75% del comercio internacional, destaca la importancia del financiamiento clim\u00e1tico para el desarrollo sostenible y la erradicaci\u00f3n de la pobreza.<\/p>\n<p style=\"text-align: justify;\">La cumbre de jefes de Estado y de Gobierno del G20 se celebrar\u00e1 este a\u00f1o el 9 y 10 de septiembre en Nueva Delhi.T\u00e9lam.<\/p>\n<p style=\"text-align: justify;\">\n","protected":false},"excerpt":{"rendered":"<p>Nueva Dheli.-Los ministros de Medioambiente de los pa\u00edses miembros del G20 cerraron hoy una reuni\u00f3n en India sin un acuerdo para limitar las emisiones de gases invernaderos a partir de 2025 frente a la crisis clim\u00e1tica global, anunci\u00f3 el representante de Francia.<\/p>\n","protected":false},"author":11,"featured_media":464369,"comment_status":"closed","ping_status":"closed","sticky":false,"template":"","format":"standard","meta":{"_monsterinsights_skip_tracking":false,"_monsterinsights_sitenote_active":false,"_monsterinsights_sitenote_note":"","_monsterinsights_sitenote_category":0,"footnotes":""},"categories":[5],"tags":[8474,4247,3826,1702,1406,274],"class_list":{"0":"post-464368","1":"post","2":"type-post","3":"status-publish","4":"format-standard","5":"has-post-thumbnail","7":"category-internacionales","8":"tag-ambiente","9":"tag-cumbre","10":"tag-g20","11":"tag-india","12":"tag-ministros","13":"tag-onu"},"yoast_head":"<!-- This site is optimized with the Yoast SEO plugin v27.5 - https:\/\/yoast.com\/product\/yoast-seo-wordpress\/ -->\n<title>Ministros de Ambiente del G20 cierran encuentro sin acuerdos sobre la crisis clim\u00e1tica - .::Agencia IP::.<\/title>\n<meta name=\"robots\" content=\"index, follow, max-snippet:-1, max-image-preview:large, max-video-preview:-1\" \/>\n<link rel=\"canonical\" href=\"https:\/\/www.ip.gov.py\/ip\/2023\/07\/28\/ministros-de-ambiente-del-g20-cierran-encuentro-sin-acuerdos-sobre-la-crisis-climatica\/\" \/>\n<meta property=\"og:locale\" content=\"es_ES\" \/>\n<meta property=\"og:type\" content=\"article\" \/>\n<meta property=\"og:title\" content=\"Ministros de Ambiente del G20 cierran encuentro sin acuerdos sobre la crisis clim\u00e1tica - .::Agencia IP::.\" \/>\n<meta property=\"og:description\" content=\"Nueva Dheli.-Los ministros de Medioambiente de los pa\u00edses miembros del G20 cerraron hoy una reuni\u00f3n en India sin un acuerdo para limitar las emisiones de gases invernaderos a partir de 2025 frente a la crisis clim\u00e1tica global, anunci\u00f3 el representante de Francia.\" \/>\n<meta property=\"og:url\" content=\"https:\/\/www.ip.gov.py\/ip\/2023\/07\/28\/ministros-de-ambiente-del-g20-cierran-encuentro-sin-acuerdos-sobre-la-crisis-climatica\/\" \/>\n<meta property=\"og:site_name\" content=\".::Agencia IP::.\" \/>\n<meta property=\"article:publisher\" content=\"https:\/\/www.facebook.com\/IPParaguay\/\" \/>\n<meta property=\"article:published_time\" content=\"2023-07-28T18:19:55+00:00\" \/>\n<meta property=\"og:image\" content=\"https:\/\/www.ip.gov.py\/ip\/wp-content\/uploads\/2023\/07\/G20-scaled.jpg\" \/>\n\t<meta property=\"og:image:width\" content=\"2560\" \/>\n\t<meta property=\"og:image:height\" content=\"1615\" \/>\n\t<meta property=\"og:image:type\" content=\"image\/jpeg\" \/>\n<meta name=\"author\" content=\"vrios\" \/>\n<meta name=\"twitter:card\" content=\"summary_large_image\" \/>\n<meta name=\"twitter:creator\" content=\"@IPParaguay\" \/>\n<meta name=\"twitter:site\" content=\"@IPParaguay\" \/>\n<meta name=\"twitter:label1\" content=\"Escrito por\" \/>\n\t<meta name=\"twitter:data1\" content=\"vrios\" \/>\n\t<meta name=\"twitter:label2\" content=\"Tiempo de lectura\" \/>\n\t<meta name=\"twitter:data2\" content=\"4 minutos\" \/>\n<script type=\"application\/ld+json\" class=\"yoast-schema-graph\">{\"@context\":\"https:\\\/\\\/schema.org\",\"@graph\":[{\"@type\":\"Article\",\"@id\":\"https:\\\/\\\/www.ip.gov.py\\\/ip\\\/2023\\\/07\\\/28\\\/ministros-de-ambiente-del-g20-cierran-encuentro-sin-acuerdos-sobre-la-crisis-climatica\\\/#article\",\"isPartOf\":{\"@id\":\"https:\\\/\\\/www.ip.gov.py\\\/ip\\\/2023\\\/07\\\/28\\\/ministros-de-ambiente-del-g20-cierran-encuentro-sin-acuerdos-sobre-la-crisis-climatica\\\/\"},\"author\":{\"name\":\"vrios\",\"@id\":\"https:\\\/\\\/www.ip.gov.py\\\/ip\\\/#\\\/schema\\\/person\\\/fa3668852e893cb0423795330f919039\"},\"headline\":\"Ministros de Ambiente del G20 cierran encuentro sin acuerdos sobre la crisis clim\u00e1tica\",\"datePublished\":\"2023-07-28T18:19:55+00:00\",\"mainEntityOfPage\":{\"@id\":\"https:\\\/\\\/www.ip.gov.py\\\/ip\\\/2023\\\/07\\\/28\\\/ministros-de-ambiente-del-g20-cierran-encuentro-sin-acuerdos-sobre-la-crisis-climatica\\\/\"},\"wordCount\":791,\"publisher\":{\"@id\":\"https:\\\/\\\/www.ip.gov.py\\\/ip\\\/#organization\"},\"image\":{\"@id\":\"https:\\\/\\\/www.ip.gov.py\\\/ip\\\/2023\\\/07\\\/28\\\/ministros-de-ambiente-del-g20-cierran-encuentro-sin-acuerdos-sobre-la-crisis-climatica\\\/#primaryimage\"},\"thumbnailUrl\":\"https:\\\/\\\/www.ip.gov.py\\\/ip\\\/wp-content\\\/uploads\\\/2023\\\/07\\\/G20-scaled.jpg\",\"keywords\":[\"Ambiente\",\"Cumbre\",\"G20\",\"india\",\"Ministros\",\"ONU\"],\"articleSection\":[\"Internacionales\"],\"inLanguage\":\"es\"},{\"@type\":\"WebPage\",\"@id\":\"https:\\\/\\\/www.ip.gov.py\\\/ip\\\/2023\\\/07\\\/28\\\/ministros-de-ambiente-del-g20-cierran-encuentro-sin-acuerdos-sobre-la-crisis-climatica\\\/\",\"url\":\"https:\\\/\\\/www.ip.gov.py\\\/ip\\\/2023\\\/07\\\/28\\\/ministros-de-ambiente-del-g20-cierran-encuentro-sin-acuerdos-sobre-la-crisis-climatica\\\/\",\"name\":\"Ministros de Ambiente del G20 cierran encuentro sin acuerdos sobre la crisis clim\u00e1tica - .::Agencia IP::.\",\"isPartOf\":{\"@id\":\"https:\\\/\\\/www.ip.gov.py\\\/ip\\\/#website\"},\"primaryImageOfPage\":{\"@id\":\"https:\\\/\\\/www.ip.gov.py\\\/ip\\\/2023\\\/07\\\/28\\\/ministros-de-ambiente-del-g20-cierran-encuentro-sin-acuerdos-sobre-la-crisis-climatica\\\/#primaryimage\"},\"image\":{\"@id\":\"https:\\\/\\\/www.ip.gov.py\\\/ip\\\/2023\\\/07\\\/28\\\/ministros-de-ambiente-del-g20-cierran-encuentro-sin-acuerdos-sobre-la-crisis-climatica\\\/#primaryimage\"},\"thumbnailUrl\":\"https:\\\/\\\/www.ip.gov.py\\\/ip\\\/wp-content\\\/uploads\\\/2023\\\/07\\\/G20-scaled.jpg\",\"datePublished\":\"2023-07-28T18:19:55+00:00\",\"breadcrumb\":{\"@id\":\"https:\\\/\\\/www.ip.gov.py\\\/ip\\\/2023\\\/07\\\/28\\\/ministros-de-ambiente-del-g20-cierran-encuentro-sin-acuerdos-sobre-la-crisis-climatica\\\/#breadcrumb\"},\"inLanguage\":\"es\",\"potentialAction\":[{\"@type\":\"ReadAction\",\"target\":[\"https:\\\/\\\/www.ip.gov.py\\\/ip\\\/2023\\\/07\\\/28\\\/ministros-de-ambiente-del-g20-cierran-encuentro-sin-acuerdos-sobre-la-crisis-climatica\\\/\"]}]},{\"@type\":\"ImageObject\",\"inLanguage\":\"es\",\"@id\":\"https:\\\/\\\/www.ip.gov.py\\\/ip\\\/2023\\\/07\\\/28\\\/ministros-de-ambiente-del-g20-cierran-encuentro-sin-acuerdos-sobre-la-crisis-climatica\\\/#primaryimage\",\"url\":\"https:\\\/\\\/www.ip.gov.py\\\/ip\\\/wp-content\\\/uploads\\\/2023\\\/07\\\/G20-scaled.jpg\",\"contentUrl\":\"https:\\\/\\\/www.ip.gov.py\\\/ip\\\/wp-content\\\/uploads\\\/2023\\\/07\\\/G20-scaled.jpg\",\"width\":2560,\"height\":1615,\"caption\":\"El Pais Cali\"},{\"@type\":\"BreadcrumbList\",\"@id\":\"https:\\\/\\\/www.ip.gov.py\\\/ip\\\/2023\\\/07\\\/28\\\/ministros-de-ambiente-del-g20-cierran-encuentro-sin-acuerdos-sobre-la-crisis-climatica\\\/#breadcrumb\",\"itemListElement\":[{\"@type\":\"ListItem\",\"position\":1,\"name\":\"Portada\",\"item\":\"https:\\\/\\\/www.ip.gov.py\\\/ip\\\/\"},{\"@type\":\"ListItem\",\"position\":2,\"name\":\"Ministros de Ambiente del G20 cierran encuentro sin acuerdos sobre la crisis clim\u00e1tica\"}]},{\"@type\":\"WebSite\",\"@id\":\"https:\\\/\\\/www.ip.gov.py\\\/ip\\\/#website\",\"url\":\"https:\\\/\\\/www.ip.gov.py\\\/ip\\\/\",\"name\":\".::Agencia IP::.\",\"description\":\"\",\"publisher\":{\"@id\":\"https:\\\/\\\/www.ip.gov.py\\\/ip\\\/#organization\"},\"potentialAction\":[{\"@type\":\"SearchAction\",\"target\":{\"@type\":\"EntryPoint\",\"urlTemplate\":\"https:\\\/\\\/www.ip.gov.py\\\/ip\\\/?s={search_term_string}\"},\"query-input\":{\"@type\":\"PropertyValueSpecification\",\"valueRequired\":true,\"valueName\":\"search_term_string\"}}],\"inLanguage\":\"es\"},{\"@type\":\"Organization\",\"@id\":\"https:\\\/\\\/www.ip.gov.py\\\/ip\\\/#organization\",\"name\":\"Agencia IP\",\"url\":\"https:\\\/\\\/www.ip.gov.py\\\/ip\\\/\",\"logo\":{\"@type\":\"ImageObject\",\"inLanguage\":\"es\",\"@id\":\"https:\\\/\\\/www.ip.gov.py\\\/ip\\\/#\\\/schema\\\/logo\\\/image\\\/\",\"url\":\"https:\\\/\\\/www.ip.gov.py\\\/ip\\\/wp-content\\\/uploads\\\/2018\\\/01\\\/Agencia-IP.jpg\",\"contentUrl\":\"https:\\\/\\\/www.ip.gov.py\\\/ip\\\/wp-content\\\/uploads\\\/2018\\\/01\\\/Agencia-IP.jpg\",\"width\":150,\"height\":150,\"caption\":\"Agencia IP\"},\"image\":{\"@id\":\"https:\\\/\\\/www.ip.gov.py\\\/ip\\\/#\\\/schema\\\/logo\\\/image\\\/\"},\"sameAs\":[\"https:\\\/\\\/www.facebook.com\\\/IPParaguay\\\/\",\"https:\\\/\\\/x.com\\\/IPParaguay\",\"https:\\\/\\\/www.instagram.com\\\/IPParaguay\"]},{\"@type\":\"Person\",\"@id\":\"https:\\\/\\\/www.ip.gov.py\\\/ip\\\/#\\\/schema\\\/person\\\/fa3668852e893cb0423795330f919039\",\"name\":\"vrios\",\"url\":\"https:\\\/\\\/www.ip.gov.py\\\/ip\\\/author\\\/vrios\\\/\"}]}<\/script>\n<!-- \/ Yoast SEO plugin. -->","yoast_head_json":{"title":"Ministros de Ambiente del G20 cierran encuentro sin acuerdos sobre la crisis clim\u00e1tica - .::Agencia IP::.","robots":{"index":"index","follow":"follow","max-snippet":"max-snippet:-1","max-image-preview":"max-image-preview:large","max-video-preview":"max-video-preview:-1"},"canonical":"https:\/\/www.ip.gov.py\/ip\/2023\/07\/28\/ministros-de-ambiente-del-g20-cierran-encuentro-sin-acuerdos-sobre-la-crisis-climatica\/","og_locale":"es_ES","og_type":"article","og_title":"Ministros de Ambiente del G20 cierran encuentro sin acuerdos sobre la crisis clim\u00e1tica - .::Agencia IP::.","og_description":"Nueva Dheli.-Los ministros de Medioambiente de los pa\u00edses miembros del G20 cerraron hoy una reuni\u00f3n en India sin un acuerdo para limitar las emisiones de gases invernaderos a partir de 2025 frente a la crisis clim\u00e1tica global, anunci\u00f3 el representante de Francia.","og_url":"https:\/\/www.ip.gov.py\/ip\/2023\/07\/28\/ministros-de-ambiente-del-g20-cierran-encuentro-sin-acuerdos-sobre-la-crisis-climatica\/","og_site_name":".::Agencia IP::.","article_publisher":"https:\/\/www.facebook.com\/IPParaguay\/","article_published_time":"2023-07-28T18:19:55+00:00","og_image":[{"width":2560,"height":1615,"url":"https:\/\/www.ip.gov.py\/ip\/wp-content\/uploads\/2023\/07\/G20-scaled.jpg","type":"image\/jpeg"}],"author":"vrios","twitter_card":"summary_large_image","twitter_creator":"@IPParaguay","twitter_site":"@IPParaguay","twitter_misc":{"Escrito por":"vrios","Tiempo de lectura":"4 minutos"},"schema":{"@context":"https:\/\/schema.org","@graph":[{"@type":"Article","@id":"https:\/\/www.ip.gov.py\/ip\/2023\/07\/28\/ministros-de-ambiente-del-g20-cierran-encuentro-sin-acuerdos-sobre-la-crisis-climatica\/#article","isPartOf":{"@id":"https:\/\/www.ip.gov.py\/ip\/2023\/07\/28\/ministros-de-ambiente-del-g20-cierran-encuentro-sin-acuerdos-sobre-la-crisis-climatica\/"},"author":{"name":"vrios","@id":"https:\/\/www.ip.gov.py\/ip\/#\/schema\/person\/fa3668852e893cb0423795330f919039"},"headline":"Ministros de Ambiente del G20 cierran encuentro sin acuerdos sobre la crisis clim\u00e1tica","datePublished":"2023-07-28T18:19:55+00:00","mainEntityOfPage":{"@id":"https:\/\/www.ip.gov.py\/ip\/2023\/07\/28\/ministros-de-ambiente-del-g20-cierran-encuentro-sin-acuerdos-sobre-la-crisis-climatica\/"},"wordCount":791,"publisher":{"@id":"https:\/\/www.ip.gov.py\/ip\/#organization"},"image":{"@id":"https:\/\/www.ip.gov.py\/ip\/2023\/07\/28\/ministros-de-ambiente-del-g20-cierran-encuentro-sin-acuerdos-sobre-la-crisis-climatica\/#primaryimage"},"thumbnailUrl":"https:\/\/www.ip.gov.py\/ip\/wp-content\/uploads\/2023\/07\/G20-scaled.jpg","keywords":["Ambiente","Cumbre","G20","india","Ministros","ONU"],"articleSection":["Internacionales"],"inLanguage":"es"},{"@type":"WebPage","@id":"https:\/\/www.ip.gov.py\/ip\/2023\/07\/28\/ministros-de-ambiente-del-g20-cierran-encuentro-sin-acuerdos-sobre-la-crisis-climatica\/","url":"https:\/\/www.ip.gov.py\/ip\/2023\/07\/28\/ministros-de-ambiente-del-g20-cierran-encuentro-sin-acuerdos-sobre-la-crisis-climatica\/","name":"Ministros de Ambiente del G20 cierran encuentro sin acuerdos sobre la crisis clim\u00e1tica - .::Agencia IP::.","isPartOf":{"@id":"https:\/\/www.ip.gov.py\/ip\/#website"},"primaryImageOfPage":{"@id":"https:\/\/www.ip.gov.py\/ip\/2023\/07\/28\/ministros-de-ambiente-del-g20-cierran-encuentro-sin-acuerdos-sobre-la-crisis-climatica\/#primaryimage"},"image":{"@id":"https:\/\/www.ip.gov.py\/ip\/2023\/07\/28\/ministros-de-ambiente-del-g20-cierran-encuentro-sin-acuerdos-sobre-la-crisis-climatica\/#primaryimage"},"thumbnailUrl":"https:\/\/www.ip.gov.py\/ip\/wp-content\/uploads\/2023\/07\/G20-scaled.jpg","datePublished":"2023-07-28T18:19:55+00:00","breadcrumb":{"@id":"https:\/\/www.ip.gov.py\/ip\/2023\/07\/28\/ministros-de-ambiente-del-g20-cierran-encuentro-sin-acuerdos-sobre-la-crisis-climatica\/#breadcrumb"},"inLanguage":"es","potentialAction":[{"@type":"ReadAction","target":["https:\/\/www.ip.gov.py\/ip\/2023\/07\/28\/ministros-de-ambiente-del-g20-cierran-encuentro-sin-acuerdos-sobre-la-crisis-climatica\/"]}]},{"@type":"ImageObject","inLanguage":"es","@id":"https:\/\/www.ip.gov.py\/ip\/2023\/07\/28\/ministros-de-ambiente-del-g20-cierran-encuentro-sin-acuerdos-sobre-la-crisis-climatica\/#primaryimage","url":"https:\/\/www.ip.gov.py\/ip\/wp-content\/uploads\/2023\/07\/G20-scaled.jpg","contentUrl":"https:\/\/www.ip.gov.py\/ip\/wp-content\/uploads\/2023\/07\/G20-scaled.jpg","width":2560,"height":1615,"caption":"El Pais Cali"},{"@type":"BreadcrumbList","@id":"https:\/\/www.ip.gov.py\/ip\/2023\/07\/28\/ministros-de-ambiente-del-g20-cierran-encuentro-sin-acuerdos-sobre-la-crisis-climatica\/#breadcrumb","itemListElement":[{"@type":"ListItem","position":1,"name":"Portada","item":"https:\/\/www.ip.gov.py\/ip\/"},{"@type":"ListItem","position":2,"name":"Ministros de Ambiente del G20 cierran encuentro sin acuerdos sobre la crisis clim\u00e1tica"}]},{"@type":"WebSite","@id":"https:\/\/www.ip.gov.py\/ip\/#website","url":"https:\/\/www.ip.gov.py\/ip\/","name":".::Agencia IP::.","description":"","publisher":{"@id":"https:\/\/www.ip.gov.py\/ip\/#organization"},"potentialAction":[{"@type":"SearchAction","target":{"@type":"EntryPoint","urlTemplate":"https:\/\/www.ip.gov.py\/ip\/?s={search_term_string}"},"query-input":{"@type":"PropertyValueSpecification","valueRequired":true,"valueName":"search_term_string"}}],"inLanguage":"es"},{"@type":"Organization","@id":"https:\/\/www.ip.gov.py\/ip\/#organization","name":"Agencia IP","url":"https:\/\/www.ip.gov.py\/ip\/","logo":{"@type":"ImageObject","inLanguage":"es","@id":"https:\/\/www.ip.gov.py\/ip\/#\/schema\/logo\/image\/","url":"https:\/\/www.ip.gov.py\/ip\/wp-content\/uploads\/2018\/01\/Agencia-IP.jpg","contentUrl":"https:\/\/www.ip.gov.py\/ip\/wp-content\/uploads\/2018\/01\/Agencia-IP.jpg","width":150,"height":150,"caption":"Agencia IP"},"image":{"@id":"https:\/\/www.ip.gov.py\/ip\/#\/schema\/logo\/image\/"},"sameAs":["https:\/\/www.facebook.com\/IPParaguay\/","https:\/\/x.com\/IPParaguay","https:\/\/www.instagram.com\/IPParaguay"]},{"@type":"Person","@id":"https:\/\/www.ip.gov.py\/ip\/#\/schema\/person\/fa3668852e893cb0423795330f919039","name":"vrios","url":"https:\/\/www.ip.gov.py\/ip\/author\/vrios\/"}]}},"_links":{"self":[{"href":"https:\/\/www.ip.gov.py\/ip\/wp-json\/wp\/v2\/posts\/464368","targetHints":{"allow":["GET"]}}],"collection":[{"href":"https:\/\/www.ip.gov.py\/ip\/wp-json\/wp\/v2\/posts"}],"about":[{"href":"https:\/\/www.ip.gov.py\/ip\/wp-json\/wp\/v2\/types\/post"}],"author":[{"embeddable":true,"href":"https:\/\/www.ip.gov.py\/ip\/wp-json\/wp\/v2\/users\/11"}],"replies":[{"embeddable":true,"href":"https:\/\/www.ip.gov.py\/ip\/wp-json\/wp\/v2\/comments?post=464368"}],"version-history":[{"count":0,"href":"https:\/\/www.ip.gov.py\/ip\/wp-json\/wp\/v2\/posts\/464368\/revisions"}],"wp:featuredmedia":[{"embeddable":true,"href":"https:\/\/www.ip.gov.py\/ip\/wp-json\/wp\/v2\/media\/464369"}],"wp:attachment":[{"href":"https:\/\/www.ip.gov.py\/ip\/wp-json\/wp\/v2\/media?parent=464368"}],"wp:term":[{"taxonomy":"category","embeddable":true,"href":"https:\/\/www.ip.gov.py\/ip\/wp-json\/wp\/v2\/categories?post=464368"},{"taxonomy":"post_tag","embeddable":true,"href":"https:\/\/www.ip.gov.py\/ip\/wp-json\/wp\/v2\/tags?post=464368"}],"curies":[{"name":"wp","href":"https:\/\/api.w.org\/{rel}","templated":true}]}}