{"id":465165,"date":"2023-08-07T13:44:58","date_gmt":"2023-08-07T17:44:58","guid":{"rendered":"https:\/\/www.ip.gov.py\/ip\/?p=465165"},"modified":"2023-08-07T14:41:23","modified_gmt":"2023-08-07T18:41:23","slug":"maquilas-aumentaron-en-5-generacion-de-empleos-y-preven-superar-los-23-000-este-ano","status":"publish","type":"post","link":"https:\/\/www.ip.gov.py\/ip\/2023\/08\/07\/maquilas-aumentaron-en-5-generacion-de-empleos-y-preven-superar-los-23-000-este-ano\/","title":{"rendered":"Maquilas aumentaron en 5% generaci\u00f3n de empleos y prev\u00e9n superar los 23.000 este a\u00f1o"},"content":{"rendered":"<p style=\"text-align: justify;\"><em><strong>Asunci\u00f3n, Agencia IP.- <\/strong><\/em>Hasta el mes de julio, las empresas bajo el r\u00e9gimen de maquila reportaron el empleo directo de 22.604 personas, un 5% m\u00e1s que el a\u00f1o pasado, y se espera superar la cifra de 23.000 empleos generados este 2023.<!--more--><\/p>\n<p style=\"text-align: justify;\">En cuanto a balanza comercial, se registra un super\u00e1vit de US$ 274 millones en comparaci\u00f3n a los 233 millones de d\u00f3lares de enero a julio de 2022. Las exportaciones acumuladas son de m\u00e1s de US$ 581 millones.<\/p>\n<p style=\"text-align: justify;\">El viceministro de Industria del Ministerio de Industria y Comercio (MIC), Francisco Ruiz D\u00edaz, y la presidenta de la C\u00e1mara de Empresas Maquiladoras del Paraguay (CEMAP), Carina Daher, presentaron este lunes el reporte de las industrias del sector.<\/p>\n<p style=\"text-align: justify;\">Durante este a\u00f1o se aprobaron 22 nuevos proyectos de maquila y las inversiones de son actualmente de US$ 1.002 millones para las 278 empresas operando bajo este r\u00e9gimen.<\/p>\n<p style=\"text-align: justify;\">El reporte indica que 22.604 trabajadores est\u00e1n registrados en la n\u00f3mina de las empresas y del Instituto de Previsi\u00f3n Social (IPS), mientras que se estima un total de 10.850 de empleos indirectos de los prestadores de servicios a la industria.<\/p>\n<p style=\"text-align: justify;\">Los principales productos de exportaci\u00f3n bajo el regimen de maquila son las autopartes (27%), confecciones y textiles (20%), productos alimenticiones (16%), aluminio (12%) y pl\u00e1sticos (6%).<\/p>\n<p style=\"text-align: justify;\">Los principales destinos de exportaci\u00f3n son Brasil, 56%; Argentina, 12%; EE. UU, 7%; Pa\u00edses Bajos, 6%: Singapur 5% y Chile, 5%.<\/p>\n<h4 style=\"text-align: justify;\"><strong>Expo maquila 2023<\/strong><\/h4>\n<p style=\"text-align: justify;\">Este 4, 5 y 6 de setiembre se realizar\u00e1 la Expo Maquila 2023, organizada por la C\u00e1mara de Empresas Maquiladoras del Paraguay (CEMAP). La agenda tiene prevista la exposici\u00f3n de las empresas maquiladoras, de los proveedores del sector, charlas, presentaciones, networking y un tour por maquilas de la regi\u00f3n.<\/p>\n<p style=\"text-align: justify;\">El evento ser\u00e1 en el Shopping Salemmna de Ciudad del Este, considerando que el departamento de Alto Paran\u00e1 concentra el mayor porcentaje de maquiladoras con 47,5%.<\/p>\n<p style=\"text-align: justify;\">La inscripci\u00f3n gratuita para las charlas, exposici\u00f3n, tour por maquiladoras, cocktail en https:\/\/www.maquila.org.py\/expo.<\/p>\n","protected":false},"excerpt":{"rendered":"<p>Asunci\u00f3n, Agencia IP.- Hasta el mes de julio, las empresas bajo el r\u00e9gimen de maquila reportaron el empleo directo de 22.604 personas, un 5% m\u00e1s que el a\u00f1o pasado, y se espera superar la cifra de 23.000 empleos generados este 2023.<\/p>\n","protected":false},"author":22,"featured_media":465169,"comment_status":"closed","ping_status":"closed","sticky":false,"template":"","format":"standard","meta":{"_monsterinsights_skip_tracking":false,"_monsterinsights_sitenote_active":false,"_monsterinsights_sitenote_note":"","_monsterinsights_sitenote_category":0,"footnotes":""},"categories":[2,9],"tags":[],"class_list":{"0":"post-465165","1":"post","2":"type-post","3":"status-publish","4":"format-standard","5":"has-post-thumbnail","7":"category-destacado","8":"category-economia"},"yoast_head":"<!-- This site is optimized with the Yoast SEO plugin v27.5 - https:\/\/yoast.com\/product\/yoast-seo-wordpress\/ -->\n<title>Maquilas aumentaron en 5% generaci\u00f3n de empleos y prev\u00e9n superar los 23.000 este a\u00f1o - .::Agencia IP::.<\/title>\n<meta name=\"robots\" content=\"index, follow, max-snippet:-1, max-image-preview:large, max-video-preview:-1\" \/>\n<link rel=\"canonical\" href=\"https:\/\/www.ip.gov.py\/ip\/2023\/08\/07\/maquilas-aumentaron-en-5-generacion-de-empleos-y-preven-superar-los-23-000-este-ano\/\" \/>\n<meta property=\"og:locale\" content=\"es_ES\" \/>\n<meta property=\"og:type\" content=\"article\" \/>\n<meta property=\"og:title\" content=\"Maquilas aumentaron en 5% generaci\u00f3n de empleos y prev\u00e9n superar los 23.000 este a\u00f1o - .::Agencia IP::.\" \/>\n<meta property=\"og:description\" content=\"Asunci\u00f3n, Agencia IP.- Hasta el mes de julio, las empresas bajo el r\u00e9gimen de maquila reportaron el empleo directo de 22.604 personas, un 5% m\u00e1s que el a\u00f1o pasado, y se espera superar la cifra de 23.000 empleos generados este 2023.\" \/>\n<meta property=\"og:url\" content=\"https:\/\/www.ip.gov.py\/ip\/2023\/08\/07\/maquilas-aumentaron-en-5-generacion-de-empleos-y-preven-superar-los-23-000-este-ano\/\" \/>\n<meta property=\"og:site_name\" content=\".::Agencia IP::.\" \/>\n<meta property=\"article:publisher\" content=\"https:\/\/www.facebook.com\/IPParaguay\/\" \/>\n<meta property=\"article:published_time\" content=\"2023-08-07T17:44:58+00:00\" \/>\n<meta property=\"article:modified_time\" content=\"2023-08-07T18:41:23+00:00\" \/>\n<meta property=\"og:image\" content=\"https:\/\/www.ip.gov.py\/ip\/wp-content\/uploads\/2023\/08\/maquila-carina-daher-mic.jpg\" \/>\n\t<meta property=\"og:image:width\" content=\"1560\" \/>\n\t<meta property=\"og:image:height\" content=\"1040\" \/>\n\t<meta property=\"og:image:type\" content=\"image\/jpeg\" \/>\n<meta name=\"author\" content=\"Alberto C\" \/>\n<meta name=\"twitter:card\" content=\"summary_large_image\" \/>\n<meta name=\"twitter:creator\" content=\"@IPParaguay\" \/>\n<meta name=\"twitter:site\" content=\"@IPParaguay\" \/>\n<meta name=\"twitter:label1\" content=\"Escrito por\" \/>\n\t<meta name=\"twitter:data1\" content=\"Alberto C\" \/>\n\t<meta name=\"twitter:label2\" content=\"Tiempo de lectura\" \/>\n\t<meta name=\"twitter:data2\" content=\"2 minutos\" \/>\n<script type=\"application\/ld+json\" class=\"yoast-schema-graph\">{\"@context\":\"https:\\\/\\\/schema.org\",\"@graph\":[{\"@type\":\"Article\",\"@id\":\"https:\\\/\\\/www.ip.gov.py\\\/ip\\\/2023\\\/08\\\/07\\\/maquilas-aumentaron-en-5-generacion-de-empleos-y-preven-superar-los-23-000-este-ano\\\/#article\",\"isPartOf\":{\"@id\":\"https:\\\/\\\/www.ip.gov.py\\\/ip\\\/2023\\\/08\\\/07\\\/maquilas-aumentaron-en-5-generacion-de-empleos-y-preven-superar-los-23-000-este-ano\\\/\"},\"author\":{\"name\":\"Alberto C\",\"@id\":\"https:\\\/\\\/www.ip.gov.py\\\/ip\\\/#\\\/schema\\\/person\\\/369fedd28420fad35e23b10a9df16fb8\"},\"headline\":\"Maquilas aumentaron en 5% generaci\u00f3n de empleos y prev\u00e9n superar los 23.000 este a\u00f1o\",\"datePublished\":\"2023-08-07T17:44:58+00:00\",\"dateModified\":\"2023-08-07T18:41:23+00:00\",\"mainEntityOfPage\":{\"@id\":\"https:\\\/\\\/www.ip.gov.py\\\/ip\\\/2023\\\/08\\\/07\\\/maquilas-aumentaron-en-5-generacion-de-empleos-y-preven-superar-los-23-000-este-ano\\\/\"},\"wordCount\":337,\"publisher\":{\"@id\":\"https:\\\/\\\/www.ip.gov.py\\\/ip\\\/#organization\"},\"image\":{\"@id\":\"https:\\\/\\\/www.ip.gov.py\\\/ip\\\/2023\\\/08\\\/07\\\/maquilas-aumentaron-en-5-generacion-de-empleos-y-preven-superar-los-23-000-este-ano\\\/#primaryimage\"},\"thumbnailUrl\":\"https:\\\/\\\/www.ip.gov.py\\\/ip\\\/wp-content\\\/uploads\\\/2023\\\/08\\\/maquila-carina-daher-mic.jpg\",\"articleSection\":[\"Destacado\",\"Econom\u00eda\"],\"inLanguage\":\"es\"},{\"@type\":\"WebPage\",\"@id\":\"https:\\\/\\\/www.ip.gov.py\\\/ip\\\/2023\\\/08\\\/07\\\/maquilas-aumentaron-en-5-generacion-de-empleos-y-preven-superar-los-23-000-este-ano\\\/\",\"url\":\"https:\\\/\\\/www.ip.gov.py\\\/ip\\\/2023\\\/08\\\/07\\\/maquilas-aumentaron-en-5-generacion-de-empleos-y-preven-superar-los-23-000-este-ano\\\/\",\"name\":\"Maquilas aumentaron en 5% generaci\u00f3n de empleos y prev\u00e9n superar los 23.000 este a\u00f1o - .::Agencia IP::.\",\"isPartOf\":{\"@id\":\"https:\\\/\\\/www.ip.gov.py\\\/ip\\\/#website\"},\"primaryImageOfPage\":{\"@id\":\"https:\\\/\\\/www.ip.gov.py\\\/ip\\\/2023\\\/08\\\/07\\\/maquilas-aumentaron-en-5-generacion-de-empleos-y-preven-superar-los-23-000-este-ano\\\/#primaryimage\"},\"image\":{\"@id\":\"https:\\\/\\\/www.ip.gov.py\\\/ip\\\/2023\\\/08\\\/07\\\/maquilas-aumentaron-en-5-generacion-de-empleos-y-preven-superar-los-23-000-este-ano\\\/#primaryimage\"},\"thumbnailUrl\":\"https:\\\/\\\/www.ip.gov.py\\\/ip\\\/wp-content\\\/uploads\\\/2023\\\/08\\\/maquila-carina-daher-mic.jpg\",\"datePublished\":\"2023-08-07T17:44:58+00:00\",\"dateModified\":\"2023-08-07T18:41:23+00:00\",\"breadcrumb\":{\"@id\":\"https:\\\/\\\/www.ip.gov.py\\\/ip\\\/2023\\\/08\\\/07\\\/maquilas-aumentaron-en-5-generacion-de-empleos-y-preven-superar-los-23-000-este-ano\\\/#breadcrumb\"},\"inLanguage\":\"es\",\"potentialAction\":[{\"@type\":\"ReadAction\",\"target\":[\"https:\\\/\\\/www.ip.gov.py\\\/ip\\\/2023\\\/08\\\/07\\\/maquilas-aumentaron-en-5-generacion-de-empleos-y-preven-superar-los-23-000-este-ano\\\/\"]}]},{\"@type\":\"ImageObject\",\"inLanguage\":\"es\",\"@id\":\"https:\\\/\\\/www.ip.gov.py\\\/ip\\\/2023\\\/08\\\/07\\\/maquilas-aumentaron-en-5-generacion-de-empleos-y-preven-superar-los-23-000-este-ano\\\/#primaryimage\",\"url\":\"https:\\\/\\\/www.ip.gov.py\\\/ip\\\/wp-content\\\/uploads\\\/2023\\\/08\\\/maquila-carina-daher-mic.jpg\",\"contentUrl\":\"https:\\\/\\\/www.ip.gov.py\\\/ip\\\/wp-content\\\/uploads\\\/2023\\\/08\\\/maquila-carina-daher-mic.jpg\",\"width\":1560,\"height\":1040,\"caption\":\"Foto Agencia IP.\"},{\"@type\":\"BreadcrumbList\",\"@id\":\"https:\\\/\\\/www.ip.gov.py\\\/ip\\\/2023\\\/08\\\/07\\\/maquilas-aumentaron-en-5-generacion-de-empleos-y-preven-superar-los-23-000-este-ano\\\/#breadcrumb\",\"itemListElement\":[{\"@type\":\"ListItem\",\"position\":1,\"name\":\"Portada\",\"item\":\"https:\\\/\\\/www.ip.gov.py\\\/ip\\\/\"},{\"@type\":\"ListItem\",\"position\":2,\"name\":\"Maquilas aumentaron en 5% generaci\u00f3n de empleos y prev\u00e9n superar los 23.000 este a\u00f1o\"}]},{\"@type\":\"WebSite\",\"@id\":\"https:\\\/\\\/www.ip.gov.py\\\/ip\\\/#website\",\"url\":\"https:\\\/\\\/www.ip.gov.py\\\/ip\\\/\",\"name\":\".::Agencia IP::.\",\"description\":\"\",\"publisher\":{\"@id\":\"https:\\\/\\\/www.ip.gov.py\\\/ip\\\/#organization\"},\"potentialAction\":[{\"@type\":\"SearchAction\",\"target\":{\"@type\":\"EntryPoint\",\"urlTemplate\":\"https:\\\/\\\/www.ip.gov.py\\\/ip\\\/?s={search_term_string}\"},\"query-input\":{\"@type\":\"PropertyValueSpecification\",\"valueRequired\":true,\"valueName\":\"search_term_string\"}}],\"inLanguage\":\"es\"},{\"@type\":\"Organization\",\"@id\":\"https:\\\/\\\/www.ip.gov.py\\\/ip\\\/#organization\",\"name\":\"Agencia IP\",\"url\":\"https:\\\/\\\/www.ip.gov.py\\\/ip\\\/\",\"logo\":{\"@type\":\"ImageObject\",\"inLanguage\":\"es\",\"@id\":\"https:\\\/\\\/www.ip.gov.py\\\/ip\\\/#\\\/schema\\\/logo\\\/image\\\/\",\"url\":\"https:\\\/\\\/www.ip.gov.py\\\/ip\\\/wp-content\\\/uploads\\\/2018\\\/01\\\/Agencia-IP.jpg\",\"contentUrl\":\"https:\\\/\\\/www.ip.gov.py\\\/ip\\\/wp-content\\\/uploads\\\/2018\\\/01\\\/Agencia-IP.jpg\",\"width\":150,\"height\":150,\"caption\":\"Agencia IP\"},\"image\":{\"@id\":\"https:\\\/\\\/www.ip.gov.py\\\/ip\\\/#\\\/schema\\\/logo\\\/image\\\/\"},\"sameAs\":[\"https:\\\/\\\/www.facebook.com\\\/IPParaguay\\\/\",\"https:\\\/\\\/x.com\\\/IPParaguay\",\"https:\\\/\\\/www.instagram.com\\\/IPParaguay\"]},{\"@type\":\"Person\",\"@id\":\"https:\\\/\\\/www.ip.gov.py\\\/ip\\\/#\\\/schema\\\/person\\\/369fedd28420fad35e23b10a9df16fb8\",\"name\":\"Alberto C\",\"sameAs\":[\"https:\\\/\\\/www.ip.gov.py\"],\"url\":\"https:\\\/\\\/www.ip.gov.py\\\/ip\\\/author\\\/acelma\\\/\"}]}<\/script>\n<!-- \/ Yoast SEO plugin. -->","yoast_head_json":{"title":"Maquilas aumentaron en 5% generaci\u00f3n de empleos y prev\u00e9n superar los 23.000 este a\u00f1o - .::Agencia IP::.","robots":{"index":"index","follow":"follow","max-snippet":"max-snippet:-1","max-image-preview":"max-image-preview:large","max-video-preview":"max-video-preview:-1"},"canonical":"https:\/\/www.ip.gov.py\/ip\/2023\/08\/07\/maquilas-aumentaron-en-5-generacion-de-empleos-y-preven-superar-los-23-000-este-ano\/","og_locale":"es_ES","og_type":"article","og_title":"Maquilas aumentaron en 5% generaci\u00f3n de empleos y prev\u00e9n superar los 23.000 este a\u00f1o - .::Agencia IP::.","og_description":"Asunci\u00f3n, Agencia IP.- Hasta el mes de julio, las empresas bajo el r\u00e9gimen de maquila reportaron el empleo directo de 22.604 personas, un 5% m\u00e1s que el a\u00f1o pasado, y se espera superar la cifra de 23.000 empleos generados este 2023.","og_url":"https:\/\/www.ip.gov.py\/ip\/2023\/08\/07\/maquilas-aumentaron-en-5-generacion-de-empleos-y-preven-superar-los-23-000-este-ano\/","og_site_name":".::Agencia IP::.","article_publisher":"https:\/\/www.facebook.com\/IPParaguay\/","article_published_time":"2023-08-07T17:44:58+00:00","article_modified_time":"2023-08-07T18:41:23+00:00","og_image":[{"width":1560,"height":1040,"url":"https:\/\/www.ip.gov.py\/ip\/wp-content\/uploads\/2023\/08\/maquila-carina-daher-mic.jpg","type":"image\/jpeg"}],"author":"Alberto C","twitter_card":"summary_large_image","twitter_creator":"@IPParaguay","twitter_site":"@IPParaguay","twitter_misc":{"Escrito por":"Alberto C","Tiempo de lectura":"2 minutos"},"schema":{"@context":"https:\/\/schema.org","@graph":[{"@type":"Article","@id":"https:\/\/www.ip.gov.py\/ip\/2023\/08\/07\/maquilas-aumentaron-en-5-generacion-de-empleos-y-preven-superar-los-23-000-este-ano\/#article","isPartOf":{"@id":"https:\/\/www.ip.gov.py\/ip\/2023\/08\/07\/maquilas-aumentaron-en-5-generacion-de-empleos-y-preven-superar-los-23-000-este-ano\/"},"author":{"name":"Alberto C","@id":"https:\/\/www.ip.gov.py\/ip\/#\/schema\/person\/369fedd28420fad35e23b10a9df16fb8"},"headline":"Maquilas aumentaron en 5% generaci\u00f3n de empleos y prev\u00e9n superar los 23.000 este a\u00f1o","datePublished":"2023-08-07T17:44:58+00:00","dateModified":"2023-08-07T18:41:23+00:00","mainEntityOfPage":{"@id":"https:\/\/www.ip.gov.py\/ip\/2023\/08\/07\/maquilas-aumentaron-en-5-generacion-de-empleos-y-preven-superar-los-23-000-este-ano\/"},"wordCount":337,"publisher":{"@id":"https:\/\/www.ip.gov.py\/ip\/#organization"},"image":{"@id":"https:\/\/www.ip.gov.py\/ip\/2023\/08\/07\/maquilas-aumentaron-en-5-generacion-de-empleos-y-preven-superar-los-23-000-este-ano\/#primaryimage"},"thumbnailUrl":"https:\/\/www.ip.gov.py\/ip\/wp-content\/uploads\/2023\/08\/maquila-carina-daher-mic.jpg","articleSection":["Destacado","Econom\u00eda"],"inLanguage":"es"},{"@type":"WebPage","@id":"https:\/\/www.ip.gov.py\/ip\/2023\/08\/07\/maquilas-aumentaron-en-5-generacion-de-empleos-y-preven-superar-los-23-000-este-ano\/","url":"https:\/\/www.ip.gov.py\/ip\/2023\/08\/07\/maquilas-aumentaron-en-5-generacion-de-empleos-y-preven-superar-los-23-000-este-ano\/","name":"Maquilas aumentaron en 5% generaci\u00f3n de empleos y prev\u00e9n superar los 23.000 este a\u00f1o - .::Agencia IP::.","isPartOf":{"@id":"https:\/\/www.ip.gov.py\/ip\/#website"},"primaryImageOfPage":{"@id":"https:\/\/www.ip.gov.py\/ip\/2023\/08\/07\/maquilas-aumentaron-en-5-generacion-de-empleos-y-preven-superar-los-23-000-este-ano\/#primaryimage"},"image":{"@id":"https:\/\/www.ip.gov.py\/ip\/2023\/08\/07\/maquilas-aumentaron-en-5-generacion-de-empleos-y-preven-superar-los-23-000-este-ano\/#primaryimage"},"thumbnailUrl":"https:\/\/www.ip.gov.py\/ip\/wp-content\/uploads\/2023\/08\/maquila-carina-daher-mic.jpg","datePublished":"2023-08-07T17:44:58+00:00","dateModified":"2023-08-07T18:41:23+00:00","breadcrumb":{"@id":"https:\/\/www.ip.gov.py\/ip\/2023\/08\/07\/maquilas-aumentaron-en-5-generacion-de-empleos-y-preven-superar-los-23-000-este-ano\/#breadcrumb"},"inLanguage":"es","potentialAction":[{"@type":"ReadAction","target":["https:\/\/www.ip.gov.py\/ip\/2023\/08\/07\/maquilas-aumentaron-en-5-generacion-de-empleos-y-preven-superar-los-23-000-este-ano\/"]}]},{"@type":"ImageObject","inLanguage":"es","@id":"https:\/\/www.ip.gov.py\/ip\/2023\/08\/07\/maquilas-aumentaron-en-5-generacion-de-empleos-y-preven-superar-los-23-000-este-ano\/#primaryimage","url":"https:\/\/www.ip.gov.py\/ip\/wp-content\/uploads\/2023\/08\/maquila-carina-daher-mic.jpg","contentUrl":"https:\/\/www.ip.gov.py\/ip\/wp-content\/uploads\/2023\/08\/maquila-carina-daher-mic.jpg","width":1560,"height":1040,"caption":"Foto Agencia IP."},{"@type":"BreadcrumbList","@id":"https:\/\/www.ip.gov.py\/ip\/2023\/08\/07\/maquilas-aumentaron-en-5-generacion-de-empleos-y-preven-superar-los-23-000-este-ano\/#breadcrumb","itemListElement":[{"@type":"ListItem","position":1,"name":"Portada","item":"https:\/\/www.ip.gov.py\/ip\/"},{"@type":"ListItem","position":2,"name":"Maquilas aumentaron en 5% generaci\u00f3n de empleos y prev\u00e9n superar los 23.000 este a\u00f1o"}]},{"@type":"WebSite","@id":"https:\/\/www.ip.gov.py\/ip\/#website","url":"https:\/\/www.ip.gov.py\/ip\/","name":".::Agencia IP::.","description":"","publisher":{"@id":"https:\/\/www.ip.gov.py\/ip\/#organization"},"potentialAction":[{"@type":"SearchAction","target":{"@type":"EntryPoint","urlTemplate":"https:\/\/www.ip.gov.py\/ip\/?s={search_term_string}"},"query-input":{"@type":"PropertyValueSpecification","valueRequired":true,"valueName":"search_term_string"}}],"inLanguage":"es"},{"@type":"Organization","@id":"https:\/\/www.ip.gov.py\/ip\/#organization","name":"Agencia IP","url":"https:\/\/www.ip.gov.py\/ip\/","logo":{"@type":"ImageObject","inLanguage":"es","@id":"https:\/\/www.ip.gov.py\/ip\/#\/schema\/logo\/image\/","url":"https:\/\/www.ip.gov.py\/ip\/wp-content\/uploads\/2018\/01\/Agencia-IP.jpg","contentUrl":"https:\/\/www.ip.gov.py\/ip\/wp-content\/uploads\/2018\/01\/Agencia-IP.jpg","width":150,"height":150,"caption":"Agencia IP"},"image":{"@id":"https:\/\/www.ip.gov.py\/ip\/#\/schema\/logo\/image\/"},"sameAs":["https:\/\/www.facebook.com\/IPParaguay\/","https:\/\/x.com\/IPParaguay","https:\/\/www.instagram.com\/IPParaguay"]},{"@type":"Person","@id":"https:\/\/www.ip.gov.py\/ip\/#\/schema\/person\/369fedd28420fad35e23b10a9df16fb8","name":"Alberto C","sameAs":["https:\/\/www.ip.gov.py"],"url":"https:\/\/www.ip.gov.py\/ip\/author\/acelma\/"}]}},"_links":{"self":[{"href":"https:\/\/www.ip.gov.py\/ip\/wp-json\/wp\/v2\/posts\/465165","targetHints":{"allow":["GET"]}}],"collection":[{"href":"https:\/\/www.ip.gov.py\/ip\/wp-json\/wp\/v2\/posts"}],"about":[{"href":"https:\/\/www.ip.gov.py\/ip\/wp-json\/wp\/v2\/types\/post"}],"author":[{"embeddable":true,"href":"https:\/\/www.ip.gov.py\/ip\/wp-json\/wp\/v2\/users\/22"}],"replies":[{"embeddable":true,"href":"https:\/\/www.ip.gov.py\/ip\/wp-json\/wp\/v2\/comments?post=465165"}],"version-history":[{"count":0,"href":"https:\/\/www.ip.gov.py\/ip\/wp-json\/wp\/v2\/posts\/465165\/revisions"}],"wp:featuredmedia":[{"embeddable":true,"href":"https:\/\/www.ip.gov.py\/ip\/wp-json\/wp\/v2\/media\/465169"}],"wp:attachment":[{"href":"https:\/\/www.ip.gov.py\/ip\/wp-json\/wp\/v2\/media?parent=465165"}],"wp:term":[{"taxonomy":"category","embeddable":true,"href":"https:\/\/www.ip.gov.py\/ip\/wp-json\/wp\/v2\/categories?post=465165"},{"taxonomy":"post_tag","embeddable":true,"href":"https:\/\/www.ip.gov.py\/ip\/wp-json\/wp\/v2\/tags?post=465165"}],"curies":[{"name":"wp","href":"https:\/\/api.w.org\/{rel}","templated":true}]}}