{"id":469283,"date":"2023-09-13T11:18:53","date_gmt":"2023-09-13T15:18:53","guid":{"rendered":"https:\/\/www.ip.gov.py\/ip\/?p=469283"},"modified":"2023-09-13T11:18:53","modified_gmt":"2023-09-13T15:18:53","slug":"mas-de-50-muertos-y-30-heridos-en-vietnam-tras-el-incendio-de-un-edificio","status":"publish","type":"post","link":"https:\/\/www.ip.gov.py\/ip\/2023\/09\/13\/mas-de-50-muertos-y-30-heridos-en-vietnam-tras-el-incendio-de-un-edificio\/","title":{"rendered":"M\u00e1s de 50 muertos y 30 heridos en Vietnam tras el incendio de un edificio"},"content":{"rendered":"<p style=\"text-align: justify;\"><em><strong>H\u00e1noi.-<\/strong><\/em>Al menos 56 personas fallecieron y otras 37 resultaron heridas tras el incendio de un edificio de apartamentos en Han\u00f3i, la capital de Vietnam, inform\u00f3 hoy la polic\u00eda local.<!--more--><\/p>\n<p style=\"text-align: justify;\">\u00abCincuenta y seis personas murieron y treinta y siete resultaron heridas\u00bb, indic\u00f3 la polic\u00eda local a trav\u00e9s de un comunicado y agreg\u00f3 que, de los fallecidos, 39 ya fueron identificados.<\/p>\n<p style=\"text-align: justify;\">El incendio se desat\u00f3 en el estacionamiento, justo antes de la medianoche del martes, dijeron los testigos seg\u00fan recopil\u00f3 la agencia de noticias AFP.<\/p>\n<p style=\"text-align: justify;\">\u00abEst\u00e1bamos durmiendo cuando de repente tuvimos mucho calor\u00bb, dijo a la AFP Nguyen Thi Minh Hong, una sobreviviente tratada en el hospital, quien manifest\u00f3 haberse asustado \u00abmucho\u00bb porque estuvo cinco horas atrapada en su habitaci\u00f3n.<\/p>\n<p style=\"text-align: justify;\">Adem\u00e1s, la mujer de 34 a\u00f1os que vive en el s\u00e9ptimo piso del edificio record\u00f3: \u00abTrat\u00e9 de calmar a mis hijos poni\u00e9ndoles una toalla mojada en la cara; est\u00e1bamos entre la vida y la muerte\u00bb.<\/p>\n<p style=\"text-align: justify;\">Este mi\u00e9rcoles, cientos de personas acud\u00edan a una morgue de Han\u00f3i para ayudar a identificar muchos cuerpos sin vida, mientras que algunos lloraban cuando confirmaban que sus allegados estaban entre los fallecidos.<\/p>\n<p style=\"text-align: justify;\">\u00abNo sabemos cu\u00e1ndo nos dar\u00e1n los cuerpos, estamos esperando aqu\u00ed para traerlos de vuelta a nuestra provincia y enterrarlos\u00bb, dijo Dung, ciudadano de la provincia de Thai Binh, al norte del pa\u00eds, quien perdi\u00f3 a dos primos en el incendio.<\/p>\n<p style=\"text-align: justify;\">Se trata de uno de los incendios m\u00e1s mort\u00edferos registrados en Vietnam, donde es \u00abmuy frecuente\u00bb el incumplimiento de las normas de seguridad, agreg\u00f3 la AFP.<\/p>\n<p style=\"text-align: justify;\">El primer ministro Pham Minh Chinh orden\u00f3 la apertura de una investigaci\u00f3n y visit\u00f3 el lugar en medio de motocicletas carbonizadas.<\/p>\n<p style=\"text-align: justify;\">Videos transmitidos por medios locales mostraron la magnitud del incendio que se extendi\u00f3 por gran parte del edificio de diez pisos, ubicado en un callej\u00f3n estrecho en una zona residencial de la capital, donde viv\u00edan unas 150 personas.<\/p>\n<p style=\"text-align: justify;\">La configuraci\u00f3n del callej\u00f3n, t\u00edpica de la bulliciosa capital de ocho millones de habitantes, dificult\u00f3 el acceso de los socorristas, mientras que los balcones del edificio est\u00e1n protegidos por rejas que los a\u00edslan del exterior.<\/p>\n<p style=\"text-align: justify;\">\u00abEl humo estaba por todas partes. Un ni\u00f1o peque\u00f1o fue arrojado desde un piso alto, no se si sobrevivi\u00f3 o si la gente lo alcanz\u00f3 con un colch\u00f3n\u00bb, se\u00f1al\u00f3 a la AFP Huong, otro testigo del hecho.<\/p>\n<p style=\"text-align: justify;\">Los vecinos reportaron que vieron a residentes saltar del edificio, arriesgar sus vidas y otros escapar a trav\u00e9s de los techos, como explic\u00f3 Dao To Nga, un vecino del edificio afectado: \u00abEl techo de mi familia permiti\u00f3 que unas 14 o 15 personas escaparan\u00bb.<\/p>\n<p style=\"text-align: justify;\">El incendio tuvo lugar dos d\u00edas despu\u00e9s de una visita del presidente de Estados Unidos, Joe Biden, quien abandon\u00f3 la capital vietnamita el lunes.<\/p>\n<p style=\"text-align: justify;\">Vietnam registr\u00f3 varios incendios mortales en los \u00faltimos a\u00f1os que han alimentado las sospechas en torno a la aplicaci\u00f3n de normas b\u00e1sicas de seguridad.T\u00e9lam.<\/p>\n<p style=\"text-align: justify;\">\n<p style=\"text-align: justify;\">\n<p style=\"text-align: justify;\">\n","protected":false},"excerpt":{"rendered":"<p>H\u00e1noi.-Al menos 56 personas fallecieron y otras 37 resultaron heridas tras el incendio de un edificio de apartamentos en Han\u00f3i, la capital de Vietnam, inform\u00f3 hoy la polic\u00eda local.<\/p>\n","protected":false},"author":11,"featured_media":469284,"comment_status":"closed","ping_status":"closed","sticky":false,"template":"","format":"standard","meta":{"_monsterinsights_skip_tracking":false,"_monsterinsights_sitenote_active":false,"_monsterinsights_sitenote_note":"","_monsterinsights_sitenote_category":0,"footnotes":""},"categories":[5],"tags":[5340,7051,1775,3237,6475,15675],"class_list":{"0":"post-469283","1":"post","2":"type-post","3":"status-publish","4":"format-standard","5":"has-post-thumbnail","7":"category-internacionales","8":"tag-alerta","9":"tag-edificio","10":"tag-incendio","11":"tag-muertes","12":"tag-tragedia","13":"tag-vietnan"},"yoast_head":"<!-- This site is optimized with the Yoast SEO plugin v27.4 - https:\/\/yoast.com\/product\/yoast-seo-wordpress\/ -->\n<title>M\u00e1s de 50 muertos y 30 heridos en Vietnam tras el incendio de un edificio - .::Agencia IP::.<\/title>\n<meta name=\"robots\" content=\"index, follow, max-snippet:-1, max-image-preview:large, max-video-preview:-1\" \/>\n<link rel=\"canonical\" href=\"https:\/\/www.ip.gov.py\/ip\/2023\/09\/13\/mas-de-50-muertos-y-30-heridos-en-vietnam-tras-el-incendio-de-un-edificio\/\" \/>\n<meta property=\"og:locale\" content=\"es_ES\" \/>\n<meta property=\"og:type\" content=\"article\" \/>\n<meta property=\"og:title\" content=\"M\u00e1s de 50 muertos y 30 heridos en Vietnam tras el incendio de un edificio - .::Agencia IP::.\" \/>\n<meta property=\"og:description\" content=\"H\u00e1noi.-Al menos 56 personas fallecieron y otras 37 resultaron heridas tras el incendio de un edificio de apartamentos en Han\u00f3i, la capital de Vietnam, inform\u00f3 hoy la polic\u00eda local.\" \/>\n<meta property=\"og:url\" content=\"https:\/\/www.ip.gov.py\/ip\/2023\/09\/13\/mas-de-50-muertos-y-30-heridos-en-vietnam-tras-el-incendio-de-un-edificio\/\" \/>\n<meta property=\"og:site_name\" content=\".::Agencia IP::.\" \/>\n<meta property=\"article:publisher\" content=\"https:\/\/www.facebook.com\/IPParaguay\/\" \/>\n<meta property=\"article:published_time\" content=\"2023-09-13T15:18:53+00:00\" \/>\n<meta property=\"og:image\" content=\"https:\/\/www.ip.gov.py\/ip\/wp-content\/uploads\/2023\/09\/Vietnan.jpeg\" \/>\n\t<meta property=\"og:image:width\" content=\"990\" \/>\n\t<meta property=\"og:image:height\" content=\"556\" \/>\n\t<meta property=\"og:image:type\" content=\"image\/jpeg\" \/>\n<meta name=\"author\" content=\"vrios\" \/>\n<meta name=\"twitter:card\" content=\"summary_large_image\" \/>\n<meta name=\"twitter:creator\" content=\"@IPParaguay\" \/>\n<meta name=\"twitter:site\" content=\"@IPParaguay\" \/>\n<meta name=\"twitter:label1\" content=\"Escrito por\" \/>\n\t<meta name=\"twitter:data1\" content=\"vrios\" \/>\n\t<meta name=\"twitter:label2\" content=\"Tiempo de lectura\" \/>\n\t<meta name=\"twitter:data2\" content=\"3 minutos\" \/>\n<script type=\"application\/ld+json\" class=\"yoast-schema-graph\">{\"@context\":\"https:\\\/\\\/schema.org\",\"@graph\":[{\"@type\":\"Article\",\"@id\":\"https:\\\/\\\/www.ip.gov.py\\\/ip\\\/2023\\\/09\\\/13\\\/mas-de-50-muertos-y-30-heridos-en-vietnam-tras-el-incendio-de-un-edificio\\\/#article\",\"isPartOf\":{\"@id\":\"https:\\\/\\\/www.ip.gov.py\\\/ip\\\/2023\\\/09\\\/13\\\/mas-de-50-muertos-y-30-heridos-en-vietnam-tras-el-incendio-de-un-edificio\\\/\"},\"author\":{\"name\":\"vrios\",\"@id\":\"https:\\\/\\\/www.ip.gov.py\\\/ip\\\/#\\\/schema\\\/person\\\/fa3668852e893cb0423795330f919039\"},\"headline\":\"M\u00e1s de 50 muertos y 30 heridos en Vietnam tras el incendio de un edificio\",\"datePublished\":\"2023-09-13T15:18:53+00:00\",\"mainEntityOfPage\":{\"@id\":\"https:\\\/\\\/www.ip.gov.py\\\/ip\\\/2023\\\/09\\\/13\\\/mas-de-50-muertos-y-30-heridos-en-vietnam-tras-el-incendio-de-un-edificio\\\/\"},\"wordCount\":524,\"publisher\":{\"@id\":\"https:\\\/\\\/www.ip.gov.py\\\/ip\\\/#organization\"},\"image\":{\"@id\":\"https:\\\/\\\/www.ip.gov.py\\\/ip\\\/2023\\\/09\\\/13\\\/mas-de-50-muertos-y-30-heridos-en-vietnam-tras-el-incendio-de-un-edificio\\\/#primaryimage\"},\"thumbnailUrl\":\"https:\\\/\\\/www.ip.gov.py\\\/ip\\\/wp-content\\\/uploads\\\/2023\\\/09\\\/Vietnan.jpeg\",\"keywords\":[\"Alerta\",\"Edificio\",\"Incendio\",\"muertes\",\"Tragedia\",\"Vietnan\"],\"articleSection\":[\"Internacionales\"],\"inLanguage\":\"es\"},{\"@type\":\"WebPage\",\"@id\":\"https:\\\/\\\/www.ip.gov.py\\\/ip\\\/2023\\\/09\\\/13\\\/mas-de-50-muertos-y-30-heridos-en-vietnam-tras-el-incendio-de-un-edificio\\\/\",\"url\":\"https:\\\/\\\/www.ip.gov.py\\\/ip\\\/2023\\\/09\\\/13\\\/mas-de-50-muertos-y-30-heridos-en-vietnam-tras-el-incendio-de-un-edificio\\\/\",\"name\":\"M\u00e1s de 50 muertos y 30 heridos en Vietnam tras el incendio de un edificio - .::Agencia IP::.\",\"isPartOf\":{\"@id\":\"https:\\\/\\\/www.ip.gov.py\\\/ip\\\/#website\"},\"primaryImageOfPage\":{\"@id\":\"https:\\\/\\\/www.ip.gov.py\\\/ip\\\/2023\\\/09\\\/13\\\/mas-de-50-muertos-y-30-heridos-en-vietnam-tras-el-incendio-de-un-edificio\\\/#primaryimage\"},\"image\":{\"@id\":\"https:\\\/\\\/www.ip.gov.py\\\/ip\\\/2023\\\/09\\\/13\\\/mas-de-50-muertos-y-30-heridos-en-vietnam-tras-el-incendio-de-un-edificio\\\/#primaryimage\"},\"thumbnailUrl\":\"https:\\\/\\\/www.ip.gov.py\\\/ip\\\/wp-content\\\/uploads\\\/2023\\\/09\\\/Vietnan.jpeg\",\"datePublished\":\"2023-09-13T15:18:53+00:00\",\"breadcrumb\":{\"@id\":\"https:\\\/\\\/www.ip.gov.py\\\/ip\\\/2023\\\/09\\\/13\\\/mas-de-50-muertos-y-30-heridos-en-vietnam-tras-el-incendio-de-un-edificio\\\/#breadcrumb\"},\"inLanguage\":\"es\",\"potentialAction\":[{\"@type\":\"ReadAction\",\"target\":[\"https:\\\/\\\/www.ip.gov.py\\\/ip\\\/2023\\\/09\\\/13\\\/mas-de-50-muertos-y-30-heridos-en-vietnam-tras-el-incendio-de-un-edificio\\\/\"]}]},{\"@type\":\"ImageObject\",\"inLanguage\":\"es\",\"@id\":\"https:\\\/\\\/www.ip.gov.py\\\/ip\\\/2023\\\/09\\\/13\\\/mas-de-50-muertos-y-30-heridos-en-vietnam-tras-el-incendio-de-un-edificio\\\/#primaryimage\",\"url\":\"https:\\\/\\\/www.ip.gov.py\\\/ip\\\/wp-content\\\/uploads\\\/2023\\\/09\\\/Vietnan.jpeg\",\"contentUrl\":\"https:\\\/\\\/www.ip.gov.py\\\/ip\\\/wp-content\\\/uploads\\\/2023\\\/09\\\/Vietnan.jpeg\",\"width\":990,\"height\":556,\"caption\":\"20Minutos\"},{\"@type\":\"BreadcrumbList\",\"@id\":\"https:\\\/\\\/www.ip.gov.py\\\/ip\\\/2023\\\/09\\\/13\\\/mas-de-50-muertos-y-30-heridos-en-vietnam-tras-el-incendio-de-un-edificio\\\/#breadcrumb\",\"itemListElement\":[{\"@type\":\"ListItem\",\"position\":1,\"name\":\"Portada\",\"item\":\"https:\\\/\\\/www.ip.gov.py\\\/ip\\\/\"},{\"@type\":\"ListItem\",\"position\":2,\"name\":\"M\u00e1s de 50 muertos y 30 heridos en Vietnam tras el incendio de un edificio\"}]},{\"@type\":\"WebSite\",\"@id\":\"https:\\\/\\\/www.ip.gov.py\\\/ip\\\/#website\",\"url\":\"https:\\\/\\\/www.ip.gov.py\\\/ip\\\/\",\"name\":\".::Agencia IP::.\",\"description\":\"\",\"publisher\":{\"@id\":\"https:\\\/\\\/www.ip.gov.py\\\/ip\\\/#organization\"},\"potentialAction\":[{\"@type\":\"SearchAction\",\"target\":{\"@type\":\"EntryPoint\",\"urlTemplate\":\"https:\\\/\\\/www.ip.gov.py\\\/ip\\\/?s={search_term_string}\"},\"query-input\":{\"@type\":\"PropertyValueSpecification\",\"valueRequired\":true,\"valueName\":\"search_term_string\"}}],\"inLanguage\":\"es\"},{\"@type\":\"Organization\",\"@id\":\"https:\\\/\\\/www.ip.gov.py\\\/ip\\\/#organization\",\"name\":\"Agencia IP\",\"url\":\"https:\\\/\\\/www.ip.gov.py\\\/ip\\\/\",\"logo\":{\"@type\":\"ImageObject\",\"inLanguage\":\"es\",\"@id\":\"https:\\\/\\\/www.ip.gov.py\\\/ip\\\/#\\\/schema\\\/logo\\\/image\\\/\",\"url\":\"https:\\\/\\\/www.ip.gov.py\\\/ip\\\/wp-content\\\/uploads\\\/2018\\\/01\\\/Agencia-IP.jpg\",\"contentUrl\":\"https:\\\/\\\/www.ip.gov.py\\\/ip\\\/wp-content\\\/uploads\\\/2018\\\/01\\\/Agencia-IP.jpg\",\"width\":150,\"height\":150,\"caption\":\"Agencia IP\"},\"image\":{\"@id\":\"https:\\\/\\\/www.ip.gov.py\\\/ip\\\/#\\\/schema\\\/logo\\\/image\\\/\"},\"sameAs\":[\"https:\\\/\\\/www.facebook.com\\\/IPParaguay\\\/\",\"https:\\\/\\\/x.com\\\/IPParaguay\",\"https:\\\/\\\/www.instagram.com\\\/IPParaguay\"]},{\"@type\":\"Person\",\"@id\":\"https:\\\/\\\/www.ip.gov.py\\\/ip\\\/#\\\/schema\\\/person\\\/fa3668852e893cb0423795330f919039\",\"name\":\"vrios\",\"url\":\"https:\\\/\\\/www.ip.gov.py\\\/ip\\\/author\\\/vrios\\\/\"}]}<\/script>\n<!-- \/ Yoast SEO plugin. -->","yoast_head_json":{"title":"M\u00e1s de 50 muertos y 30 heridos en Vietnam tras el incendio de un edificio - .::Agencia IP::.","robots":{"index":"index","follow":"follow","max-snippet":"max-snippet:-1","max-image-preview":"max-image-preview:large","max-video-preview":"max-video-preview:-1"},"canonical":"https:\/\/www.ip.gov.py\/ip\/2023\/09\/13\/mas-de-50-muertos-y-30-heridos-en-vietnam-tras-el-incendio-de-un-edificio\/","og_locale":"es_ES","og_type":"article","og_title":"M\u00e1s de 50 muertos y 30 heridos en Vietnam tras el incendio de un edificio - .::Agencia IP::.","og_description":"H\u00e1noi.-Al menos 56 personas fallecieron y otras 37 resultaron heridas tras el incendio de un edificio de apartamentos en Han\u00f3i, la capital de Vietnam, inform\u00f3 hoy la polic\u00eda local.","og_url":"https:\/\/www.ip.gov.py\/ip\/2023\/09\/13\/mas-de-50-muertos-y-30-heridos-en-vietnam-tras-el-incendio-de-un-edificio\/","og_site_name":".::Agencia IP::.","article_publisher":"https:\/\/www.facebook.com\/IPParaguay\/","article_published_time":"2023-09-13T15:18:53+00:00","og_image":[{"width":990,"height":556,"url":"https:\/\/www.ip.gov.py\/ip\/wp-content\/uploads\/2023\/09\/Vietnan.jpeg","type":"image\/jpeg"}],"author":"vrios","twitter_card":"summary_large_image","twitter_creator":"@IPParaguay","twitter_site":"@IPParaguay","twitter_misc":{"Escrito por":"vrios","Tiempo de lectura":"3 minutos"},"schema":{"@context":"https:\/\/schema.org","@graph":[{"@type":"Article","@id":"https:\/\/www.ip.gov.py\/ip\/2023\/09\/13\/mas-de-50-muertos-y-30-heridos-en-vietnam-tras-el-incendio-de-un-edificio\/#article","isPartOf":{"@id":"https:\/\/www.ip.gov.py\/ip\/2023\/09\/13\/mas-de-50-muertos-y-30-heridos-en-vietnam-tras-el-incendio-de-un-edificio\/"},"author":{"name":"vrios","@id":"https:\/\/www.ip.gov.py\/ip\/#\/schema\/person\/fa3668852e893cb0423795330f919039"},"headline":"M\u00e1s de 50 muertos y 30 heridos en Vietnam tras el incendio de un edificio","datePublished":"2023-09-13T15:18:53+00:00","mainEntityOfPage":{"@id":"https:\/\/www.ip.gov.py\/ip\/2023\/09\/13\/mas-de-50-muertos-y-30-heridos-en-vietnam-tras-el-incendio-de-un-edificio\/"},"wordCount":524,"publisher":{"@id":"https:\/\/www.ip.gov.py\/ip\/#organization"},"image":{"@id":"https:\/\/www.ip.gov.py\/ip\/2023\/09\/13\/mas-de-50-muertos-y-30-heridos-en-vietnam-tras-el-incendio-de-un-edificio\/#primaryimage"},"thumbnailUrl":"https:\/\/www.ip.gov.py\/ip\/wp-content\/uploads\/2023\/09\/Vietnan.jpeg","keywords":["Alerta","Edificio","Incendio","muertes","Tragedia","Vietnan"],"articleSection":["Internacionales"],"inLanguage":"es"},{"@type":"WebPage","@id":"https:\/\/www.ip.gov.py\/ip\/2023\/09\/13\/mas-de-50-muertos-y-30-heridos-en-vietnam-tras-el-incendio-de-un-edificio\/","url":"https:\/\/www.ip.gov.py\/ip\/2023\/09\/13\/mas-de-50-muertos-y-30-heridos-en-vietnam-tras-el-incendio-de-un-edificio\/","name":"M\u00e1s de 50 muertos y 30 heridos en Vietnam tras el incendio de un edificio - .::Agencia IP::.","isPartOf":{"@id":"https:\/\/www.ip.gov.py\/ip\/#website"},"primaryImageOfPage":{"@id":"https:\/\/www.ip.gov.py\/ip\/2023\/09\/13\/mas-de-50-muertos-y-30-heridos-en-vietnam-tras-el-incendio-de-un-edificio\/#primaryimage"},"image":{"@id":"https:\/\/www.ip.gov.py\/ip\/2023\/09\/13\/mas-de-50-muertos-y-30-heridos-en-vietnam-tras-el-incendio-de-un-edificio\/#primaryimage"},"thumbnailUrl":"https:\/\/www.ip.gov.py\/ip\/wp-content\/uploads\/2023\/09\/Vietnan.jpeg","datePublished":"2023-09-13T15:18:53+00:00","breadcrumb":{"@id":"https:\/\/www.ip.gov.py\/ip\/2023\/09\/13\/mas-de-50-muertos-y-30-heridos-en-vietnam-tras-el-incendio-de-un-edificio\/#breadcrumb"},"inLanguage":"es","potentialAction":[{"@type":"ReadAction","target":["https:\/\/www.ip.gov.py\/ip\/2023\/09\/13\/mas-de-50-muertos-y-30-heridos-en-vietnam-tras-el-incendio-de-un-edificio\/"]}]},{"@type":"ImageObject","inLanguage":"es","@id":"https:\/\/www.ip.gov.py\/ip\/2023\/09\/13\/mas-de-50-muertos-y-30-heridos-en-vietnam-tras-el-incendio-de-un-edificio\/#primaryimage","url":"https:\/\/www.ip.gov.py\/ip\/wp-content\/uploads\/2023\/09\/Vietnan.jpeg","contentUrl":"https:\/\/www.ip.gov.py\/ip\/wp-content\/uploads\/2023\/09\/Vietnan.jpeg","width":990,"height":556,"caption":"20Minutos"},{"@type":"BreadcrumbList","@id":"https:\/\/www.ip.gov.py\/ip\/2023\/09\/13\/mas-de-50-muertos-y-30-heridos-en-vietnam-tras-el-incendio-de-un-edificio\/#breadcrumb","itemListElement":[{"@type":"ListItem","position":1,"name":"Portada","item":"https:\/\/www.ip.gov.py\/ip\/"},{"@type":"ListItem","position":2,"name":"M\u00e1s de 50 muertos y 30 heridos en Vietnam tras el incendio de un edificio"}]},{"@type":"WebSite","@id":"https:\/\/www.ip.gov.py\/ip\/#website","url":"https:\/\/www.ip.gov.py\/ip\/","name":".::Agencia IP::.","description":"","publisher":{"@id":"https:\/\/www.ip.gov.py\/ip\/#organization"},"potentialAction":[{"@type":"SearchAction","target":{"@type":"EntryPoint","urlTemplate":"https:\/\/www.ip.gov.py\/ip\/?s={search_term_string}"},"query-input":{"@type":"PropertyValueSpecification","valueRequired":true,"valueName":"search_term_string"}}],"inLanguage":"es"},{"@type":"Organization","@id":"https:\/\/www.ip.gov.py\/ip\/#organization","name":"Agencia IP","url":"https:\/\/www.ip.gov.py\/ip\/","logo":{"@type":"ImageObject","inLanguage":"es","@id":"https:\/\/www.ip.gov.py\/ip\/#\/schema\/logo\/image\/","url":"https:\/\/www.ip.gov.py\/ip\/wp-content\/uploads\/2018\/01\/Agencia-IP.jpg","contentUrl":"https:\/\/www.ip.gov.py\/ip\/wp-content\/uploads\/2018\/01\/Agencia-IP.jpg","width":150,"height":150,"caption":"Agencia IP"},"image":{"@id":"https:\/\/www.ip.gov.py\/ip\/#\/schema\/logo\/image\/"},"sameAs":["https:\/\/www.facebook.com\/IPParaguay\/","https:\/\/x.com\/IPParaguay","https:\/\/www.instagram.com\/IPParaguay"]},{"@type":"Person","@id":"https:\/\/www.ip.gov.py\/ip\/#\/schema\/person\/fa3668852e893cb0423795330f919039","name":"vrios","url":"https:\/\/www.ip.gov.py\/ip\/author\/vrios\/"}]}},"_links":{"self":[{"href":"https:\/\/www.ip.gov.py\/ip\/wp-json\/wp\/v2\/posts\/469283","targetHints":{"allow":["GET"]}}],"collection":[{"href":"https:\/\/www.ip.gov.py\/ip\/wp-json\/wp\/v2\/posts"}],"about":[{"href":"https:\/\/www.ip.gov.py\/ip\/wp-json\/wp\/v2\/types\/post"}],"author":[{"embeddable":true,"href":"https:\/\/www.ip.gov.py\/ip\/wp-json\/wp\/v2\/users\/11"}],"replies":[{"embeddable":true,"href":"https:\/\/www.ip.gov.py\/ip\/wp-json\/wp\/v2\/comments?post=469283"}],"version-history":[{"count":0,"href":"https:\/\/www.ip.gov.py\/ip\/wp-json\/wp\/v2\/posts\/469283\/revisions"}],"wp:featuredmedia":[{"embeddable":true,"href":"https:\/\/www.ip.gov.py\/ip\/wp-json\/wp\/v2\/media\/469284"}],"wp:attachment":[{"href":"https:\/\/www.ip.gov.py\/ip\/wp-json\/wp\/v2\/media?parent=469283"}],"wp:term":[{"taxonomy":"category","embeddable":true,"href":"https:\/\/www.ip.gov.py\/ip\/wp-json\/wp\/v2\/categories?post=469283"},{"taxonomy":"post_tag","embeddable":true,"href":"https:\/\/www.ip.gov.py\/ip\/wp-json\/wp\/v2\/tags?post=469283"}],"curies":[{"name":"wp","href":"https:\/\/api.w.org\/{rel}","templated":true}]}}