{"id":469710,"date":"2023-09-15T11:29:24","date_gmt":"2023-09-15T15:29:24","guid":{"rendered":"https:\/\/www.ip.gov.py\/ip\/?p=469710"},"modified":"2023-09-15T11:30:30","modified_gmt":"2023-09-15T15:30:30","slug":"dia-de-la-polka-paraguaya-ballet-lleva-la-magia-de-esta-danza-a-diversos-puntos-de-la-ciudad","status":"publish","type":"post","link":"https:\/\/www.ip.gov.py\/ip\/2023\/09\/15\/dia-de-la-polka-paraguaya-ballet-lleva-la-magia-de-esta-danza-a-diversos-puntos-de-la-ciudad\/","title":{"rendered":"D\u00eda de la Polka Paraguaya: ballet lleva la magia de esta danza a diversos puntos de la ciudad"},"content":{"rendered":"<p style=\"text-align: justify;\"><em><strong>Asunci\u00f3n, Agencia IP.-<\/strong><\/em> El Ballet Folkl\u00f3rico Nacional de la Secretar\u00eda Nacional de Cultura (SNC) realiza en la jornada recorridos por el Aeropuerto Internacional Silvio Pettirossi, la Estaci\u00f3n de Buses de Asunci\u00f3n y la Escuela Rep\u00fablica Oriental del Uruguay en el marco del D\u00eda de la Polka Paraguaya.<!--more--><\/p>\n<p style=\"text-align: justify;\">El ballet lleva la magia de esta danza ic\u00f3nica a diversos puntos de la ciudad, celebrando as\u00ed nuestra herencia cultural y la importancia de mantener viva la tradici\u00f3n de la polka.<\/p>\n<p style=\"text-align: justify;\">La jornada se inici\u00f3 a las 10:00 en el Aeropuerto Internacional Silvio Pettirossi, donde los pasajeros fueron cautivados por las interpretaciones del ballet, que rinden homenaje a esta joya del Patrimonio Nacional Cultural Inmaterial, tal como lo reconoci\u00f3 la Resoluci\u00f3n SNC N\u00b0 335\/2019.<\/p>\n<p style=\"text-align: justify;\">Luego, el ballet se traslad\u00f3 a la Estaci\u00f3n de Buses de Asunci\u00f3n, llevando su arte a un lugar emblem\u00e1tico de la ciudad. Finalmente, a las 13:30, cerrar\u00e1n la serie de presentaciones en la Escuela Rep\u00fablica Oriental del Uruguay, brindando a los j\u00f3venes la oportunidad de experimentar de cerca la destreza y pasi\u00f3n de nuestros talentosos bailarines.<\/p>\n<figure id=\"attachment_469713\" aria-describedby=\"caption-attachment-469713\" style=\"width: 358px\" class=\"wp-caption alignright\"><img loading=\"lazy\" decoding=\"async\" class=\" wp-image-469713\" src=\"https:\/\/www.ip.gov.py\/ip\/wp-content\/uploads\/2023\/09\/Danza-ballet-600x406.jpeg\" alt=\"\" width=\"358\" height=\"242\" srcset=\"https:\/\/www.ip.gov.py\/ip\/wp-content\/uploads\/2023\/09\/Danza-ballet-600x406.jpeg 600w, https:\/\/www.ip.gov.py\/ip\/wp-content\/uploads\/2023\/09\/Danza-ballet-1024x693.jpeg 1024w, https:\/\/www.ip.gov.py\/ip\/wp-content\/uploads\/2023\/09\/Danza-ballet-768x520.jpeg 768w, https:\/\/www.ip.gov.py\/ip\/wp-content\/uploads\/2023\/09\/Danza-ballet-696x471.jpeg 696w, https:\/\/www.ip.gov.py\/ip\/wp-content\/uploads\/2023\/09\/Danza-ballet-1068x723.jpeg 1068w, https:\/\/www.ip.gov.py\/ip\/wp-content\/uploads\/2023\/09\/Danza-ballet-621x420.jpeg 621w, https:\/\/www.ip.gov.py\/ip\/wp-content\/uploads\/2023\/09\/Danza-ballet.jpeg 1385w\" sizes=\"auto, (max-width: 358px) 100vw, 358px\" \/><figcaption id=\"caption-attachment-469713\" class=\"wp-caption-text\">Foto: Agencia IP<\/figcaption><\/figure>\n<p style=\"text-align: justify;\">Este d\u00eda de conmemoraci\u00f3n adquiere un significado especial al rendir homenaje a dos grandes exponentes del arte y la cultura popular de Paraguay que nos dejaron en esta misma fecha. En 1949, despedimos al gran poeta Emiliano R. Fern\u00e1ndez, cuyas letras han dejado un legado invaluable, y en 1974, recordamos al famoso cantante Luis Alberto del Paran\u00e1, quien conquist\u00f3 corazones con su voz \u00fanica.<\/p>\n<p style=\"text-align: justify;\">El Ballet Folkl\u00f3rico Nacional del Paraguay, creado por la Resoluci\u00f3n SNC N\u00b0 145\/2013, tiene como misi\u00f3n rescatar, fortalecer y difundir nuestras danzas y m\u00fasicas tradicionales. Dirigido por V\u00edctor Rodr\u00edguez, director de la Direcci\u00f3n de Elencos Nacionales, el ballet ha logrado desarrollar una producci\u00f3n art\u00edstica con identidad propia que representa y define territorial y culturalmente a Paraguay.<\/p>\n<figure id=\"attachment_469717\" aria-describedby=\"caption-attachment-469717\" style=\"width: 377px\" class=\"wp-caption alignright\"><img loading=\"lazy\" decoding=\"async\" class=\" wp-image-469717\" src=\"https:\/\/www.ip.gov.py\/ip\/wp-content\/uploads\/2023\/09\/DANZA-600x400.jpeg\" alt=\"\" width=\"377\" height=\"251\" srcset=\"https:\/\/www.ip.gov.py\/ip\/wp-content\/uploads\/2023\/09\/DANZA-600x400.jpeg 600w, https:\/\/www.ip.gov.py\/ip\/wp-content\/uploads\/2023\/09\/DANZA-1024x683.jpeg 1024w, https:\/\/www.ip.gov.py\/ip\/wp-content\/uploads\/2023\/09\/DANZA-768x512.jpeg 768w, https:\/\/www.ip.gov.py\/ip\/wp-content\/uploads\/2023\/09\/DANZA-1536x1024.jpeg 1536w, https:\/\/www.ip.gov.py\/ip\/wp-content\/uploads\/2023\/09\/DANZA-696x464.jpeg 696w, https:\/\/www.ip.gov.py\/ip\/wp-content\/uploads\/2023\/09\/DANZA-1068x712.jpeg 1068w, https:\/\/www.ip.gov.py\/ip\/wp-content\/uploads\/2023\/09\/DANZA-630x420.jpeg 630w, https:\/\/www.ip.gov.py\/ip\/wp-content\/uploads\/2023\/09\/DANZA.jpeg 1560w\" sizes=\"auto, (max-width: 377px) 100vw, 377px\" \/><figcaption id=\"caption-attachment-469717\" class=\"wp-caption-text\">Foto: Agencia IP<\/figcaption><\/figure>\n<p style=\"text-align: justify;\">En sus 10 a\u00f1os de existencia, el ballet ha llevado la cultura paraguaya m\u00e1s all\u00e1 de nuestras fronteras, representando al pa\u00eds en diversos escenarios internacionales como M\u00e9xico, Costa Rica, Argentina, Brasil y Colombia, entre otros. El talento y dedicaci\u00f3n de sus integrantes han dejado una huella imborrable en cada lugar donde han actuado.<\/p>\n<p style=\"text-align: justify;\">Hoy en d\u00eda, el ballet cuenta con artistas talentosos como Liliana Calderini, Adriana Lugo, Patricia Romero, Sonia Gim\u00e9nez, Juan Carlos N\u00fa\u00f1ez y Hugo Rojas. Su pasi\u00f3n por la danza y su compromiso con la preservaci\u00f3n de nuestras tradiciones hacen que cada presentaci\u00f3n sea una experiencia \u00fanica y llena de energ\u00eda.<\/p>\n<p style=\"text-align: justify;\">Esta jornada es una oportunidad para celebrar nuestra rica herencia cultural y honrar a quienes han contribuido a mantener viva la tradici\u00f3n de la polka paraguaya.<\/p>\n","protected":false},"excerpt":{"rendered":"<p>Asunci\u00f3n, Agencia IP.- El Ballet Folkl\u00f3rico Nacional de la Secretar\u00eda Nacional de Cultura (SNC) realiza en la jornada recorridos por el Aeropuerto Internacional Silvio Pettirossi, la Estaci\u00f3n de Buses de Asunci\u00f3n y la Escuela Rep\u00fablica Oriental del Uruguay en el marco del D\u00eda de la Polka Paraguaya.<\/p>\n","protected":false},"author":23,"featured_media":469712,"comment_status":"closed","ping_status":"closed","sticky":false,"template":"","format":"standard","meta":{"_monsterinsights_skip_tracking":false,"_monsterinsights_sitenote_active":false,"_monsterinsights_sitenote_note":"","_monsterinsights_sitenote_category":0,"footnotes":""},"categories":[7,2],"tags":[],"class_list":{"0":"post-469710","1":"post","2":"type-post","3":"status-publish","4":"format-standard","5":"has-post-thumbnail","7":"category-cultura","8":"category-destacado"},"yoast_head":"<!-- This site is optimized with the Yoast SEO plugin v27.5 - https:\/\/yoast.com\/product\/yoast-seo-wordpress\/ -->\n<title>D\u00eda de la Polka Paraguaya: ballet lleva la magia de esta danza a diversos puntos de la ciudad - .::Agencia IP::.<\/title>\n<meta name=\"robots\" content=\"index, follow, max-snippet:-1, max-image-preview:large, max-video-preview:-1\" \/>\n<link rel=\"canonical\" href=\"https:\/\/www.ip.gov.py\/ip\/2023\/09\/15\/dia-de-la-polka-paraguaya-ballet-lleva-la-magia-de-esta-danza-a-diversos-puntos-de-la-ciudad\/\" \/>\n<meta property=\"og:locale\" content=\"es_ES\" \/>\n<meta property=\"og:type\" content=\"article\" \/>\n<meta property=\"og:title\" content=\"D\u00eda de la Polka Paraguaya: ballet lleva la magia de esta danza a diversos puntos de la ciudad - .::Agencia IP::.\" \/>\n<meta property=\"og:description\" content=\"Asunci\u00f3n, Agencia IP.- El Ballet Folkl\u00f3rico Nacional de la Secretar\u00eda Nacional de Cultura (SNC) realiza en la jornada recorridos por el Aeropuerto Internacional Silvio Pettirossi, la Estaci\u00f3n de Buses de Asunci\u00f3n y la Escuela Rep\u00fablica Oriental del Uruguay en el marco del D\u00eda de la Polka Paraguaya.\" \/>\n<meta property=\"og:url\" content=\"https:\/\/www.ip.gov.py\/ip\/2023\/09\/15\/dia-de-la-polka-paraguaya-ballet-lleva-la-magia-de-esta-danza-a-diversos-puntos-de-la-ciudad\/\" \/>\n<meta property=\"og:site_name\" content=\".::Agencia IP::.\" \/>\n<meta property=\"article:publisher\" content=\"https:\/\/www.facebook.com\/IPParaguay\/\" \/>\n<meta property=\"article:published_time\" content=\"2023-09-15T15:29:24+00:00\" \/>\n<meta property=\"article:modified_time\" content=\"2023-09-15T15:30:30+00:00\" \/>\n<meta property=\"og:image\" content=\"https:\/\/www.ip.gov.py\/ip\/wp-content\/uploads\/2023\/09\/Ballet-aeropuerto.jpeg\" \/>\n\t<meta property=\"og:image:width\" content=\"1560\" \/>\n\t<meta property=\"og:image:height\" content=\"1040\" \/>\n\t<meta property=\"og:image:type\" content=\"image\/jpeg\" \/>\n<meta name=\"author\" content=\"Noelia Ferreira\" \/>\n<meta name=\"twitter:card\" content=\"summary_large_image\" \/>\n<meta name=\"twitter:creator\" content=\"@IPParaguay\" \/>\n<meta name=\"twitter:site\" content=\"@IPParaguay\" \/>\n<meta name=\"twitter:label1\" content=\"Escrito por\" \/>\n\t<meta name=\"twitter:data1\" content=\"Noelia Ferreira\" \/>\n\t<meta name=\"twitter:label2\" content=\"Tiempo de lectura\" \/>\n\t<meta name=\"twitter:data2\" content=\"3 minutos\" \/>\n<script type=\"application\/ld+json\" class=\"yoast-schema-graph\">{\"@context\":\"https:\\\/\\\/schema.org\",\"@graph\":[{\"@type\":\"Article\",\"@id\":\"https:\\\/\\\/www.ip.gov.py\\\/ip\\\/2023\\\/09\\\/15\\\/dia-de-la-polka-paraguaya-ballet-lleva-la-magia-de-esta-danza-a-diversos-puntos-de-la-ciudad\\\/#article\",\"isPartOf\":{\"@id\":\"https:\\\/\\\/www.ip.gov.py\\\/ip\\\/2023\\\/09\\\/15\\\/dia-de-la-polka-paraguaya-ballet-lleva-la-magia-de-esta-danza-a-diversos-puntos-de-la-ciudad\\\/\"},\"author\":{\"name\":\"Noelia Ferreira\",\"@id\":\"https:\\\/\\\/www.ip.gov.py\\\/ip\\\/#\\\/schema\\\/person\\\/791af27a9219bdbf9064abb776bb41c2\"},\"headline\":\"D\u00eda de la Polka Paraguaya: ballet lleva la magia de esta danza a diversos puntos de la ciudad\",\"datePublished\":\"2023-09-15T15:29:24+00:00\",\"dateModified\":\"2023-09-15T15:30:30+00:00\",\"mainEntityOfPage\":{\"@id\":\"https:\\\/\\\/www.ip.gov.py\\\/ip\\\/2023\\\/09\\\/15\\\/dia-de-la-polka-paraguaya-ballet-lleva-la-magia-de-esta-danza-a-diversos-puntos-de-la-ciudad\\\/\"},\"wordCount\":501,\"publisher\":{\"@id\":\"https:\\\/\\\/www.ip.gov.py\\\/ip\\\/#organization\"},\"image\":{\"@id\":\"https:\\\/\\\/www.ip.gov.py\\\/ip\\\/2023\\\/09\\\/15\\\/dia-de-la-polka-paraguaya-ballet-lleva-la-magia-de-esta-danza-a-diversos-puntos-de-la-ciudad\\\/#primaryimage\"},\"thumbnailUrl\":\"https:\\\/\\\/www.ip.gov.py\\\/ip\\\/wp-content\\\/uploads\\\/2023\\\/09\\\/Ballet-aeropuerto.jpeg\",\"articleSection\":[\"Cultura\",\"Destacado\"],\"inLanguage\":\"es\"},{\"@type\":\"WebPage\",\"@id\":\"https:\\\/\\\/www.ip.gov.py\\\/ip\\\/2023\\\/09\\\/15\\\/dia-de-la-polka-paraguaya-ballet-lleva-la-magia-de-esta-danza-a-diversos-puntos-de-la-ciudad\\\/\",\"url\":\"https:\\\/\\\/www.ip.gov.py\\\/ip\\\/2023\\\/09\\\/15\\\/dia-de-la-polka-paraguaya-ballet-lleva-la-magia-de-esta-danza-a-diversos-puntos-de-la-ciudad\\\/\",\"name\":\"D\u00eda de la Polka Paraguaya: ballet lleva la magia de esta danza a diversos puntos de la ciudad - .::Agencia IP::.\",\"isPartOf\":{\"@id\":\"https:\\\/\\\/www.ip.gov.py\\\/ip\\\/#website\"},\"primaryImageOfPage\":{\"@id\":\"https:\\\/\\\/www.ip.gov.py\\\/ip\\\/2023\\\/09\\\/15\\\/dia-de-la-polka-paraguaya-ballet-lleva-la-magia-de-esta-danza-a-diversos-puntos-de-la-ciudad\\\/#primaryimage\"},\"image\":{\"@id\":\"https:\\\/\\\/www.ip.gov.py\\\/ip\\\/2023\\\/09\\\/15\\\/dia-de-la-polka-paraguaya-ballet-lleva-la-magia-de-esta-danza-a-diversos-puntos-de-la-ciudad\\\/#primaryimage\"},\"thumbnailUrl\":\"https:\\\/\\\/www.ip.gov.py\\\/ip\\\/wp-content\\\/uploads\\\/2023\\\/09\\\/Ballet-aeropuerto.jpeg\",\"datePublished\":\"2023-09-15T15:29:24+00:00\",\"dateModified\":\"2023-09-15T15:30:30+00:00\",\"breadcrumb\":{\"@id\":\"https:\\\/\\\/www.ip.gov.py\\\/ip\\\/2023\\\/09\\\/15\\\/dia-de-la-polka-paraguaya-ballet-lleva-la-magia-de-esta-danza-a-diversos-puntos-de-la-ciudad\\\/#breadcrumb\"},\"inLanguage\":\"es\",\"potentialAction\":[{\"@type\":\"ReadAction\",\"target\":[\"https:\\\/\\\/www.ip.gov.py\\\/ip\\\/2023\\\/09\\\/15\\\/dia-de-la-polka-paraguaya-ballet-lleva-la-magia-de-esta-danza-a-diversos-puntos-de-la-ciudad\\\/\"]}]},{\"@type\":\"ImageObject\",\"inLanguage\":\"es\",\"@id\":\"https:\\\/\\\/www.ip.gov.py\\\/ip\\\/2023\\\/09\\\/15\\\/dia-de-la-polka-paraguaya-ballet-lleva-la-magia-de-esta-danza-a-diversos-puntos-de-la-ciudad\\\/#primaryimage\",\"url\":\"https:\\\/\\\/www.ip.gov.py\\\/ip\\\/wp-content\\\/uploads\\\/2023\\\/09\\\/Ballet-aeropuerto.jpeg\",\"contentUrl\":\"https:\\\/\\\/www.ip.gov.py\\\/ip\\\/wp-content\\\/uploads\\\/2023\\\/09\\\/Ballet-aeropuerto.jpeg\",\"width\":1560,\"height\":1040,\"caption\":\"Foto: Agencia IP\"},{\"@type\":\"BreadcrumbList\",\"@id\":\"https:\\\/\\\/www.ip.gov.py\\\/ip\\\/2023\\\/09\\\/15\\\/dia-de-la-polka-paraguaya-ballet-lleva-la-magia-de-esta-danza-a-diversos-puntos-de-la-ciudad\\\/#breadcrumb\",\"itemListElement\":[{\"@type\":\"ListItem\",\"position\":1,\"name\":\"Portada\",\"item\":\"https:\\\/\\\/www.ip.gov.py\\\/ip\\\/\"},{\"@type\":\"ListItem\",\"position\":2,\"name\":\"D\u00eda de la Polka Paraguaya: ballet lleva la magia de esta danza a diversos puntos de la ciudad\"}]},{\"@type\":\"WebSite\",\"@id\":\"https:\\\/\\\/www.ip.gov.py\\\/ip\\\/#website\",\"url\":\"https:\\\/\\\/www.ip.gov.py\\\/ip\\\/\",\"name\":\".::Agencia IP::.\",\"description\":\"\",\"publisher\":{\"@id\":\"https:\\\/\\\/www.ip.gov.py\\\/ip\\\/#organization\"},\"potentialAction\":[{\"@type\":\"SearchAction\",\"target\":{\"@type\":\"EntryPoint\",\"urlTemplate\":\"https:\\\/\\\/www.ip.gov.py\\\/ip\\\/?s={search_term_string}\"},\"query-input\":{\"@type\":\"PropertyValueSpecification\",\"valueRequired\":true,\"valueName\":\"search_term_string\"}}],\"inLanguage\":\"es\"},{\"@type\":\"Organization\",\"@id\":\"https:\\\/\\\/www.ip.gov.py\\\/ip\\\/#organization\",\"name\":\"Agencia IP\",\"url\":\"https:\\\/\\\/www.ip.gov.py\\\/ip\\\/\",\"logo\":{\"@type\":\"ImageObject\",\"inLanguage\":\"es\",\"@id\":\"https:\\\/\\\/www.ip.gov.py\\\/ip\\\/#\\\/schema\\\/logo\\\/image\\\/\",\"url\":\"https:\\\/\\\/www.ip.gov.py\\\/ip\\\/wp-content\\\/uploads\\\/2018\\\/01\\\/Agencia-IP.jpg\",\"contentUrl\":\"https:\\\/\\\/www.ip.gov.py\\\/ip\\\/wp-content\\\/uploads\\\/2018\\\/01\\\/Agencia-IP.jpg\",\"width\":150,\"height\":150,\"caption\":\"Agencia IP\"},\"image\":{\"@id\":\"https:\\\/\\\/www.ip.gov.py\\\/ip\\\/#\\\/schema\\\/logo\\\/image\\\/\"},\"sameAs\":[\"https:\\\/\\\/www.facebook.com\\\/IPParaguay\\\/\",\"https:\\\/\\\/x.com\\\/IPParaguay\",\"https:\\\/\\\/www.instagram.com\\\/IPParaguay\"]},{\"@type\":\"Person\",\"@id\":\"https:\\\/\\\/www.ip.gov.py\\\/ip\\\/#\\\/schema\\\/person\\\/791af27a9219bdbf9064abb776bb41c2\",\"name\":\"Noelia Ferreira\",\"sameAs\":[\"http:\\\/\\\/www.ip.gov.py\"],\"url\":\"https:\\\/\\\/www.ip.gov.py\\\/ip\\\/author\\\/nferreira\\\/\"}]}<\/script>\n<!-- \/ Yoast SEO plugin. -->","yoast_head_json":{"title":"D\u00eda de la Polka Paraguaya: ballet lleva la magia de esta danza a diversos puntos de la ciudad - .::Agencia IP::.","robots":{"index":"index","follow":"follow","max-snippet":"max-snippet:-1","max-image-preview":"max-image-preview:large","max-video-preview":"max-video-preview:-1"},"canonical":"https:\/\/www.ip.gov.py\/ip\/2023\/09\/15\/dia-de-la-polka-paraguaya-ballet-lleva-la-magia-de-esta-danza-a-diversos-puntos-de-la-ciudad\/","og_locale":"es_ES","og_type":"article","og_title":"D\u00eda de la Polka Paraguaya: ballet lleva la magia de esta danza a diversos puntos de la ciudad - .::Agencia IP::.","og_description":"Asunci\u00f3n, Agencia IP.- El Ballet Folkl\u00f3rico Nacional de la Secretar\u00eda Nacional de Cultura (SNC) realiza en la jornada recorridos por el Aeropuerto Internacional Silvio Pettirossi, la Estaci\u00f3n de Buses de Asunci\u00f3n y la Escuela Rep\u00fablica Oriental del Uruguay en el marco del D\u00eda de la Polka Paraguaya.","og_url":"https:\/\/www.ip.gov.py\/ip\/2023\/09\/15\/dia-de-la-polka-paraguaya-ballet-lleva-la-magia-de-esta-danza-a-diversos-puntos-de-la-ciudad\/","og_site_name":".::Agencia IP::.","article_publisher":"https:\/\/www.facebook.com\/IPParaguay\/","article_published_time":"2023-09-15T15:29:24+00:00","article_modified_time":"2023-09-15T15:30:30+00:00","og_image":[{"width":1560,"height":1040,"url":"https:\/\/www.ip.gov.py\/ip\/wp-content\/uploads\/2023\/09\/Ballet-aeropuerto.jpeg","type":"image\/jpeg"}],"author":"Noelia Ferreira","twitter_card":"summary_large_image","twitter_creator":"@IPParaguay","twitter_site":"@IPParaguay","twitter_misc":{"Escrito por":"Noelia Ferreira","Tiempo de lectura":"3 minutos"},"schema":{"@context":"https:\/\/schema.org","@graph":[{"@type":"Article","@id":"https:\/\/www.ip.gov.py\/ip\/2023\/09\/15\/dia-de-la-polka-paraguaya-ballet-lleva-la-magia-de-esta-danza-a-diversos-puntos-de-la-ciudad\/#article","isPartOf":{"@id":"https:\/\/www.ip.gov.py\/ip\/2023\/09\/15\/dia-de-la-polka-paraguaya-ballet-lleva-la-magia-de-esta-danza-a-diversos-puntos-de-la-ciudad\/"},"author":{"name":"Noelia Ferreira","@id":"https:\/\/www.ip.gov.py\/ip\/#\/schema\/person\/791af27a9219bdbf9064abb776bb41c2"},"headline":"D\u00eda de la Polka Paraguaya: ballet lleva la magia de esta danza a diversos puntos de la ciudad","datePublished":"2023-09-15T15:29:24+00:00","dateModified":"2023-09-15T15:30:30+00:00","mainEntityOfPage":{"@id":"https:\/\/www.ip.gov.py\/ip\/2023\/09\/15\/dia-de-la-polka-paraguaya-ballet-lleva-la-magia-de-esta-danza-a-diversos-puntos-de-la-ciudad\/"},"wordCount":501,"publisher":{"@id":"https:\/\/www.ip.gov.py\/ip\/#organization"},"image":{"@id":"https:\/\/www.ip.gov.py\/ip\/2023\/09\/15\/dia-de-la-polka-paraguaya-ballet-lleva-la-magia-de-esta-danza-a-diversos-puntos-de-la-ciudad\/#primaryimage"},"thumbnailUrl":"https:\/\/www.ip.gov.py\/ip\/wp-content\/uploads\/2023\/09\/Ballet-aeropuerto.jpeg","articleSection":["Cultura","Destacado"],"inLanguage":"es"},{"@type":"WebPage","@id":"https:\/\/www.ip.gov.py\/ip\/2023\/09\/15\/dia-de-la-polka-paraguaya-ballet-lleva-la-magia-de-esta-danza-a-diversos-puntos-de-la-ciudad\/","url":"https:\/\/www.ip.gov.py\/ip\/2023\/09\/15\/dia-de-la-polka-paraguaya-ballet-lleva-la-magia-de-esta-danza-a-diversos-puntos-de-la-ciudad\/","name":"D\u00eda de la Polka Paraguaya: ballet lleva la magia de esta danza a diversos puntos de la ciudad - .::Agencia IP::.","isPartOf":{"@id":"https:\/\/www.ip.gov.py\/ip\/#website"},"primaryImageOfPage":{"@id":"https:\/\/www.ip.gov.py\/ip\/2023\/09\/15\/dia-de-la-polka-paraguaya-ballet-lleva-la-magia-de-esta-danza-a-diversos-puntos-de-la-ciudad\/#primaryimage"},"image":{"@id":"https:\/\/www.ip.gov.py\/ip\/2023\/09\/15\/dia-de-la-polka-paraguaya-ballet-lleva-la-magia-de-esta-danza-a-diversos-puntos-de-la-ciudad\/#primaryimage"},"thumbnailUrl":"https:\/\/www.ip.gov.py\/ip\/wp-content\/uploads\/2023\/09\/Ballet-aeropuerto.jpeg","datePublished":"2023-09-15T15:29:24+00:00","dateModified":"2023-09-15T15:30:30+00:00","breadcrumb":{"@id":"https:\/\/www.ip.gov.py\/ip\/2023\/09\/15\/dia-de-la-polka-paraguaya-ballet-lleva-la-magia-de-esta-danza-a-diversos-puntos-de-la-ciudad\/#breadcrumb"},"inLanguage":"es","potentialAction":[{"@type":"ReadAction","target":["https:\/\/www.ip.gov.py\/ip\/2023\/09\/15\/dia-de-la-polka-paraguaya-ballet-lleva-la-magia-de-esta-danza-a-diversos-puntos-de-la-ciudad\/"]}]},{"@type":"ImageObject","inLanguage":"es","@id":"https:\/\/www.ip.gov.py\/ip\/2023\/09\/15\/dia-de-la-polka-paraguaya-ballet-lleva-la-magia-de-esta-danza-a-diversos-puntos-de-la-ciudad\/#primaryimage","url":"https:\/\/www.ip.gov.py\/ip\/wp-content\/uploads\/2023\/09\/Ballet-aeropuerto.jpeg","contentUrl":"https:\/\/www.ip.gov.py\/ip\/wp-content\/uploads\/2023\/09\/Ballet-aeropuerto.jpeg","width":1560,"height":1040,"caption":"Foto: Agencia IP"},{"@type":"BreadcrumbList","@id":"https:\/\/www.ip.gov.py\/ip\/2023\/09\/15\/dia-de-la-polka-paraguaya-ballet-lleva-la-magia-de-esta-danza-a-diversos-puntos-de-la-ciudad\/#breadcrumb","itemListElement":[{"@type":"ListItem","position":1,"name":"Portada","item":"https:\/\/www.ip.gov.py\/ip\/"},{"@type":"ListItem","position":2,"name":"D\u00eda de la Polka Paraguaya: ballet lleva la magia de esta danza a diversos puntos de la ciudad"}]},{"@type":"WebSite","@id":"https:\/\/www.ip.gov.py\/ip\/#website","url":"https:\/\/www.ip.gov.py\/ip\/","name":".::Agencia IP::.","description":"","publisher":{"@id":"https:\/\/www.ip.gov.py\/ip\/#organization"},"potentialAction":[{"@type":"SearchAction","target":{"@type":"EntryPoint","urlTemplate":"https:\/\/www.ip.gov.py\/ip\/?s={search_term_string}"},"query-input":{"@type":"PropertyValueSpecification","valueRequired":true,"valueName":"search_term_string"}}],"inLanguage":"es"},{"@type":"Organization","@id":"https:\/\/www.ip.gov.py\/ip\/#organization","name":"Agencia IP","url":"https:\/\/www.ip.gov.py\/ip\/","logo":{"@type":"ImageObject","inLanguage":"es","@id":"https:\/\/www.ip.gov.py\/ip\/#\/schema\/logo\/image\/","url":"https:\/\/www.ip.gov.py\/ip\/wp-content\/uploads\/2018\/01\/Agencia-IP.jpg","contentUrl":"https:\/\/www.ip.gov.py\/ip\/wp-content\/uploads\/2018\/01\/Agencia-IP.jpg","width":150,"height":150,"caption":"Agencia IP"},"image":{"@id":"https:\/\/www.ip.gov.py\/ip\/#\/schema\/logo\/image\/"},"sameAs":["https:\/\/www.facebook.com\/IPParaguay\/","https:\/\/x.com\/IPParaguay","https:\/\/www.instagram.com\/IPParaguay"]},{"@type":"Person","@id":"https:\/\/www.ip.gov.py\/ip\/#\/schema\/person\/791af27a9219bdbf9064abb776bb41c2","name":"Noelia Ferreira","sameAs":["http:\/\/www.ip.gov.py"],"url":"https:\/\/www.ip.gov.py\/ip\/author\/nferreira\/"}]}},"_links":{"self":[{"href":"https:\/\/www.ip.gov.py\/ip\/wp-json\/wp\/v2\/posts\/469710","targetHints":{"allow":["GET"]}}],"collection":[{"href":"https:\/\/www.ip.gov.py\/ip\/wp-json\/wp\/v2\/posts"}],"about":[{"href":"https:\/\/www.ip.gov.py\/ip\/wp-json\/wp\/v2\/types\/post"}],"author":[{"embeddable":true,"href":"https:\/\/www.ip.gov.py\/ip\/wp-json\/wp\/v2\/users\/23"}],"replies":[{"embeddable":true,"href":"https:\/\/www.ip.gov.py\/ip\/wp-json\/wp\/v2\/comments?post=469710"}],"version-history":[{"count":0,"href":"https:\/\/www.ip.gov.py\/ip\/wp-json\/wp\/v2\/posts\/469710\/revisions"}],"wp:featuredmedia":[{"embeddable":true,"href":"https:\/\/www.ip.gov.py\/ip\/wp-json\/wp\/v2\/media\/469712"}],"wp:attachment":[{"href":"https:\/\/www.ip.gov.py\/ip\/wp-json\/wp\/v2\/media?parent=469710"}],"wp:term":[{"taxonomy":"category","embeddable":true,"href":"https:\/\/www.ip.gov.py\/ip\/wp-json\/wp\/v2\/categories?post=469710"},{"taxonomy":"post_tag","embeddable":true,"href":"https:\/\/www.ip.gov.py\/ip\/wp-json\/wp\/v2\/tags?post=469710"}],"curies":[{"name":"wp","href":"https:\/\/api.w.org\/{rel}","templated":true}]}}