{"id":470411,"date":"2023-09-21T08:28:53","date_gmt":"2023-09-21T12:28:53","guid":{"rendered":"https:\/\/www.ip.gov.py\/ip\/?p=470411"},"modified":"2023-09-21T08:28:53","modified_gmt":"2023-09-21T12:28:53","slug":"memory-lain-lanzo-su-videoclip-de-la-cancion-the-city-como-adelanto-del-proximo-album","status":"publish","type":"post","link":"https:\/\/www.ip.gov.py\/ip\/2023\/09\/21\/memory-lain-lanzo-su-videoclip-de-la-cancion-the-city-como-adelanto-del-proximo-album\/","title":{"rendered":"Memory Lain lanz\u00f3 su videoclip de la canci\u00f3n \u00abThe City\u00bb como adelanto del pr\u00f3ximo \u00e1lbum"},"content":{"rendered":"<p style=\"text-align: justify;\"><em><strong>Asunci\u00f3n, Agencia IP.-<\/strong><\/em> La banda paraguaya de heavy metal Memory Lain acaba de lanzar el videoclip de la canci\u00f3n \u00abThe City\u00bb. El video est\u00e1 disponible en YouTube y marca el primer adelanto del pr\u00f3ximo \u00e1lbum de la banda.<!--more--><\/p>\n<p style=\"text-align: justify;\">Luis Molinas, vocalista principal y bajista de Memory Lain, coment\u00f3: \u201cElegimos lanzar esta canci\u00f3n como el primer sencillo del \u00e1lbum porque representa mejor la idea que permea todo el disco. Abordamos una tem\u00e1tica post-apocal\u00edptica, fuertemente influenciada por lo que fue la pandemia. La letra tiene ese sentido\u201d.<\/p>\n<p style=\"text-align: justify;\">La direcci\u00f3n del videoclip estuvo a cargo de Paulo Lezcano, con la asistencia de Juan Andr\u00e9s Colm\u00e1n. Ambos son m\u00fasicos destacados, multi-instrumentistas y productores musicales en nuestro medio. \u00abThe City\u00bb est\u00e1 disponible en YouTube y se puede acceder al enlace visitando las redes sociales de Memory Lain en Facebook e Instagram, o haciendo clic directamente en <a href=\"https:\/\/www.youtube.com\/watch?v=QUPgQWMPNks\" target=\"_blank\" rel=\"noopener\"><strong>https:\/\/www.youtube.com\/watch?v=QUPgQWMPNks<\/strong><\/a><\/p>\n<p style=\"text-align: justify;\">La grabaci\u00f3n se realiz\u00f3 en una antigua hilander\u00eda propiedad de la familia Genovese, ubicada en Estero Bellaco, al lado del Hospital Militar cerca de la zona de Loma San Jer\u00f3nimo. Fundada en 1908, este lugar sol\u00eda producir lonas para sillas, uniformes, carpas, vendajes y otros elementos necesarios para los combatientes de la Guerra del Chaco. Hoy en d\u00eda, el sitio funciona como local de eventos y conserva las viejas m\u00e1quinas de la f\u00e1brica, creando una imagen de una \u00e9poca pasada que refleja perfectamente la idea del disco de Memory Lain. Molinas afirm\u00f3: \u00abEstero Bellaco encaja perfectamente con la idea visual del disco, que lleva el mismo t\u00edtulo que nuestro primer sencillo, &#8216;The City&#8217;. Este lugar representa de manera excepcional el tema que realmente engloba y resume nuestro primer \u00e1lbum de larga duraci\u00f3n\u00bb.<\/p>\n<p style=\"text-align: justify;\">La banda se form\u00f3 en 2020 y, poco despu\u00e9s, lanzaron su EP \u00abThe Deafening Sound of the Void\u00bb de forma digital, que incluye temas como \u00abInto the Night\u00bb, \u00abIt&#8217;s Too Late\u00bb y \u00abSabbath\u00bb. Hicieron su debut en vivo como teloneros de Dave Evans, uno de los primeros vocalistas de los legendarios AC\/DC, en un concierto que tuvo lugar el a\u00f1o pasado en Paraguay. Entre finales de 2022 y principios de 2023, comenzaron la grabaci\u00f3n de este \u00e1lbum que ser\u00e1 lanzado pr\u00f3ximamente.<\/p>\n<p style=\"text-align: justify;\">Memory Lain inicia con este lanzamiento una serie de presentaciones en vivo para promocionar el disco, que tienen previsto publicarse a finales de 2023. Las fechas anunciadas incluyen su participaci\u00f3n en el Metal United World Wide el pr\u00f3ximo 30 de septiembre en The Jam, y en el festival abierto y gratuito Metal Feria Fest 7, programado para el 2 de diciembre en la Plaza Uruguaya.<\/p>\n","protected":false},"excerpt":{"rendered":"<p>Asunci\u00f3n, Agencia IP.- La banda paraguaya de heavy metal Memory Lain acaba de lanzar el videoclip de la canci\u00f3n \u00abThe City\u00bb. El video est\u00e1 disponible en YouTube y marca el primer adelanto del pr\u00f3ximo \u00e1lbum de la banda.<\/p>\n","protected":false},"author":23,"featured_media":470415,"comment_status":"closed","ping_status":"closed","sticky":false,"template":"","format":"standard","meta":{"_monsterinsights_skip_tracking":false,"_monsterinsights_sitenote_active":false,"_monsterinsights_sitenote_note":"","_monsterinsights_sitenote_category":0,"footnotes":""},"categories":[7],"tags":[],"class_list":{"0":"post-470411","1":"post","2":"type-post","3":"status-publish","4":"format-standard","5":"has-post-thumbnail","7":"category-cultura"},"yoast_head":"<!-- This site is optimized with the Yoast SEO plugin v27.5 - https:\/\/yoast.com\/product\/yoast-seo-wordpress\/ -->\n<title>Memory Lain lanz\u00f3 su videoclip de la canci\u00f3n &quot;The City&quot; como adelanto del pr\u00f3ximo \u00e1lbum - .::Agencia IP::.<\/title>\n<meta name=\"robots\" content=\"index, follow, max-snippet:-1, max-image-preview:large, max-video-preview:-1\" \/>\n<link rel=\"canonical\" href=\"https:\/\/www.ip.gov.py\/ip\/2023\/09\/21\/memory-lain-lanzo-su-videoclip-de-la-cancion-the-city-como-adelanto-del-proximo-album\/\" \/>\n<meta property=\"og:locale\" content=\"es_ES\" \/>\n<meta property=\"og:type\" content=\"article\" \/>\n<meta property=\"og:title\" content=\"Memory Lain lanz\u00f3 su videoclip de la canci\u00f3n &quot;The City&quot; como adelanto del pr\u00f3ximo \u00e1lbum - .::Agencia IP::.\" \/>\n<meta property=\"og:description\" content=\"Asunci\u00f3n, Agencia IP.- La banda paraguaya de heavy metal Memory Lain acaba de lanzar el videoclip de la canci\u00f3n \u00abThe City\u00bb. El video est\u00e1 disponible en YouTube y marca el primer adelanto del pr\u00f3ximo \u00e1lbum de la banda.\" \/>\n<meta property=\"og:url\" content=\"https:\/\/www.ip.gov.py\/ip\/2023\/09\/21\/memory-lain-lanzo-su-videoclip-de-la-cancion-the-city-como-adelanto-del-proximo-album\/\" \/>\n<meta property=\"og:site_name\" content=\".::Agencia IP::.\" \/>\n<meta property=\"article:publisher\" content=\"https:\/\/www.facebook.com\/IPParaguay\/\" \/>\n<meta property=\"article:published_time\" content=\"2023-09-21T12:28:53+00:00\" \/>\n<meta property=\"og:image\" content=\"https:\/\/www.ip.gov.py\/ip\/wp-content\/uploads\/2023\/09\/Memory-Lain-.jpg\" \/>\n\t<meta property=\"og:image:width\" content=\"851\" \/>\n\t<meta property=\"og:image:height\" content=\"315\" \/>\n\t<meta property=\"og:image:type\" content=\"image\/jpeg\" \/>\n<meta name=\"author\" content=\"Noelia Ferreira\" \/>\n<meta name=\"twitter:card\" content=\"summary_large_image\" \/>\n<meta name=\"twitter:creator\" content=\"@IPParaguay\" \/>\n<meta name=\"twitter:site\" content=\"@IPParaguay\" \/>\n<meta name=\"twitter:label1\" content=\"Escrito por\" \/>\n\t<meta name=\"twitter:data1\" content=\"Noelia Ferreira\" \/>\n\t<meta name=\"twitter:label2\" content=\"Tiempo de lectura\" \/>\n\t<meta name=\"twitter:data2\" content=\"2 minutos\" \/>\n<script type=\"application\/ld+json\" class=\"yoast-schema-graph\">{\"@context\":\"https:\\\/\\\/schema.org\",\"@graph\":[{\"@type\":\"Article\",\"@id\":\"https:\\\/\\\/www.ip.gov.py\\\/ip\\\/2023\\\/09\\\/21\\\/memory-lain-lanzo-su-videoclip-de-la-cancion-the-city-como-adelanto-del-proximo-album\\\/#article\",\"isPartOf\":{\"@id\":\"https:\\\/\\\/www.ip.gov.py\\\/ip\\\/2023\\\/09\\\/21\\\/memory-lain-lanzo-su-videoclip-de-la-cancion-the-city-como-adelanto-del-proximo-album\\\/\"},\"author\":{\"name\":\"Noelia Ferreira\",\"@id\":\"https:\\\/\\\/www.ip.gov.py\\\/ip\\\/#\\\/schema\\\/person\\\/791af27a9219bdbf9064abb776bb41c2\"},\"headline\":\"Memory Lain lanz\u00f3 su videoclip de la canci\u00f3n \u00abThe City\u00bb como adelanto del pr\u00f3ximo \u00e1lbum\",\"datePublished\":\"2023-09-21T12:28:53+00:00\",\"mainEntityOfPage\":{\"@id\":\"https:\\\/\\\/www.ip.gov.py\\\/ip\\\/2023\\\/09\\\/21\\\/memory-lain-lanzo-su-videoclip-de-la-cancion-the-city-como-adelanto-del-proximo-album\\\/\"},\"wordCount\":463,\"publisher\":{\"@id\":\"https:\\\/\\\/www.ip.gov.py\\\/ip\\\/#organization\"},\"image\":{\"@id\":\"https:\\\/\\\/www.ip.gov.py\\\/ip\\\/2023\\\/09\\\/21\\\/memory-lain-lanzo-su-videoclip-de-la-cancion-the-city-como-adelanto-del-proximo-album\\\/#primaryimage\"},\"thumbnailUrl\":\"https:\\\/\\\/www.ip.gov.py\\\/ip\\\/wp-content\\\/uploads\\\/2023\\\/09\\\/Memory-Lain-.jpg\",\"articleSection\":[\"Cultura\"],\"inLanguage\":\"es\"},{\"@type\":\"WebPage\",\"@id\":\"https:\\\/\\\/www.ip.gov.py\\\/ip\\\/2023\\\/09\\\/21\\\/memory-lain-lanzo-su-videoclip-de-la-cancion-the-city-como-adelanto-del-proximo-album\\\/\",\"url\":\"https:\\\/\\\/www.ip.gov.py\\\/ip\\\/2023\\\/09\\\/21\\\/memory-lain-lanzo-su-videoclip-de-la-cancion-the-city-como-adelanto-del-proximo-album\\\/\",\"name\":\"Memory Lain lanz\u00f3 su videoclip de la canci\u00f3n \\\"The City\\\" como adelanto del pr\u00f3ximo \u00e1lbum - .::Agencia IP::.\",\"isPartOf\":{\"@id\":\"https:\\\/\\\/www.ip.gov.py\\\/ip\\\/#website\"},\"primaryImageOfPage\":{\"@id\":\"https:\\\/\\\/www.ip.gov.py\\\/ip\\\/2023\\\/09\\\/21\\\/memory-lain-lanzo-su-videoclip-de-la-cancion-the-city-como-adelanto-del-proximo-album\\\/#primaryimage\"},\"image\":{\"@id\":\"https:\\\/\\\/www.ip.gov.py\\\/ip\\\/2023\\\/09\\\/21\\\/memory-lain-lanzo-su-videoclip-de-la-cancion-the-city-como-adelanto-del-proximo-album\\\/#primaryimage\"},\"thumbnailUrl\":\"https:\\\/\\\/www.ip.gov.py\\\/ip\\\/wp-content\\\/uploads\\\/2023\\\/09\\\/Memory-Lain-.jpg\",\"datePublished\":\"2023-09-21T12:28:53+00:00\",\"breadcrumb\":{\"@id\":\"https:\\\/\\\/www.ip.gov.py\\\/ip\\\/2023\\\/09\\\/21\\\/memory-lain-lanzo-su-videoclip-de-la-cancion-the-city-como-adelanto-del-proximo-album\\\/#breadcrumb\"},\"inLanguage\":\"es\",\"potentialAction\":[{\"@type\":\"ReadAction\",\"target\":[\"https:\\\/\\\/www.ip.gov.py\\\/ip\\\/2023\\\/09\\\/21\\\/memory-lain-lanzo-su-videoclip-de-la-cancion-the-city-como-adelanto-del-proximo-album\\\/\"]}]},{\"@type\":\"ImageObject\",\"inLanguage\":\"es\",\"@id\":\"https:\\\/\\\/www.ip.gov.py\\\/ip\\\/2023\\\/09\\\/21\\\/memory-lain-lanzo-su-videoclip-de-la-cancion-the-city-como-adelanto-del-proximo-album\\\/#primaryimage\",\"url\":\"https:\\\/\\\/www.ip.gov.py\\\/ip\\\/wp-content\\\/uploads\\\/2023\\\/09\\\/Memory-Lain-.jpg\",\"contentUrl\":\"https:\\\/\\\/www.ip.gov.py\\\/ip\\\/wp-content\\\/uploads\\\/2023\\\/09\\\/Memory-Lain-.jpg\",\"width\":851,\"height\":315,\"caption\":\"La agrupaci\u00f3n paraguaya est\u00e1 compuesta por Luis Molinas en bajo y voz, Roberto Grange en guitarra, Juan Taboada en teclados y Jorge Torres en bater\u00eda. Foto: Facebook Memory Lain\"},{\"@type\":\"BreadcrumbList\",\"@id\":\"https:\\\/\\\/www.ip.gov.py\\\/ip\\\/2023\\\/09\\\/21\\\/memory-lain-lanzo-su-videoclip-de-la-cancion-the-city-como-adelanto-del-proximo-album\\\/#breadcrumb\",\"itemListElement\":[{\"@type\":\"ListItem\",\"position\":1,\"name\":\"Portada\",\"item\":\"https:\\\/\\\/www.ip.gov.py\\\/ip\\\/\"},{\"@type\":\"ListItem\",\"position\":2,\"name\":\"Memory Lain lanz\u00f3 su videoclip de la canci\u00f3n \u00abThe City\u00bb como adelanto del pr\u00f3ximo \u00e1lbum\"}]},{\"@type\":\"WebSite\",\"@id\":\"https:\\\/\\\/www.ip.gov.py\\\/ip\\\/#website\",\"url\":\"https:\\\/\\\/www.ip.gov.py\\\/ip\\\/\",\"name\":\".::Agencia IP::.\",\"description\":\"\",\"publisher\":{\"@id\":\"https:\\\/\\\/www.ip.gov.py\\\/ip\\\/#organization\"},\"potentialAction\":[{\"@type\":\"SearchAction\",\"target\":{\"@type\":\"EntryPoint\",\"urlTemplate\":\"https:\\\/\\\/www.ip.gov.py\\\/ip\\\/?s={search_term_string}\"},\"query-input\":{\"@type\":\"PropertyValueSpecification\",\"valueRequired\":true,\"valueName\":\"search_term_string\"}}],\"inLanguage\":\"es\"},{\"@type\":\"Organization\",\"@id\":\"https:\\\/\\\/www.ip.gov.py\\\/ip\\\/#organization\",\"name\":\"Agencia IP\",\"url\":\"https:\\\/\\\/www.ip.gov.py\\\/ip\\\/\",\"logo\":{\"@type\":\"ImageObject\",\"inLanguage\":\"es\",\"@id\":\"https:\\\/\\\/www.ip.gov.py\\\/ip\\\/#\\\/schema\\\/logo\\\/image\\\/\",\"url\":\"https:\\\/\\\/www.ip.gov.py\\\/ip\\\/wp-content\\\/uploads\\\/2018\\\/01\\\/Agencia-IP.jpg\",\"contentUrl\":\"https:\\\/\\\/www.ip.gov.py\\\/ip\\\/wp-content\\\/uploads\\\/2018\\\/01\\\/Agencia-IP.jpg\",\"width\":150,\"height\":150,\"caption\":\"Agencia IP\"},\"image\":{\"@id\":\"https:\\\/\\\/www.ip.gov.py\\\/ip\\\/#\\\/schema\\\/logo\\\/image\\\/\"},\"sameAs\":[\"https:\\\/\\\/www.facebook.com\\\/IPParaguay\\\/\",\"https:\\\/\\\/x.com\\\/IPParaguay\",\"https:\\\/\\\/www.instagram.com\\\/IPParaguay\"]},{\"@type\":\"Person\",\"@id\":\"https:\\\/\\\/www.ip.gov.py\\\/ip\\\/#\\\/schema\\\/person\\\/791af27a9219bdbf9064abb776bb41c2\",\"name\":\"Noelia Ferreira\",\"sameAs\":[\"http:\\\/\\\/www.ip.gov.py\"],\"url\":\"https:\\\/\\\/www.ip.gov.py\\\/ip\\\/author\\\/nferreira\\\/\"}]}<\/script>\n<!-- \/ Yoast SEO plugin. -->","yoast_head_json":{"title":"Memory Lain lanz\u00f3 su videoclip de la canci\u00f3n \"The City\" como adelanto del pr\u00f3ximo \u00e1lbum - .::Agencia IP::.","robots":{"index":"index","follow":"follow","max-snippet":"max-snippet:-1","max-image-preview":"max-image-preview:large","max-video-preview":"max-video-preview:-1"},"canonical":"https:\/\/www.ip.gov.py\/ip\/2023\/09\/21\/memory-lain-lanzo-su-videoclip-de-la-cancion-the-city-como-adelanto-del-proximo-album\/","og_locale":"es_ES","og_type":"article","og_title":"Memory Lain lanz\u00f3 su videoclip de la canci\u00f3n \"The City\" como adelanto del pr\u00f3ximo \u00e1lbum - .::Agencia IP::.","og_description":"Asunci\u00f3n, Agencia IP.- La banda paraguaya de heavy metal Memory Lain acaba de lanzar el videoclip de la canci\u00f3n \u00abThe City\u00bb. El video est\u00e1 disponible en YouTube y marca el primer adelanto del pr\u00f3ximo \u00e1lbum de la banda.","og_url":"https:\/\/www.ip.gov.py\/ip\/2023\/09\/21\/memory-lain-lanzo-su-videoclip-de-la-cancion-the-city-como-adelanto-del-proximo-album\/","og_site_name":".::Agencia IP::.","article_publisher":"https:\/\/www.facebook.com\/IPParaguay\/","article_published_time":"2023-09-21T12:28:53+00:00","og_image":[{"width":851,"height":315,"url":"https:\/\/www.ip.gov.py\/ip\/wp-content\/uploads\/2023\/09\/Memory-Lain-.jpg","type":"image\/jpeg"}],"author":"Noelia Ferreira","twitter_card":"summary_large_image","twitter_creator":"@IPParaguay","twitter_site":"@IPParaguay","twitter_misc":{"Escrito por":"Noelia Ferreira","Tiempo de lectura":"2 minutos"},"schema":{"@context":"https:\/\/schema.org","@graph":[{"@type":"Article","@id":"https:\/\/www.ip.gov.py\/ip\/2023\/09\/21\/memory-lain-lanzo-su-videoclip-de-la-cancion-the-city-como-adelanto-del-proximo-album\/#article","isPartOf":{"@id":"https:\/\/www.ip.gov.py\/ip\/2023\/09\/21\/memory-lain-lanzo-su-videoclip-de-la-cancion-the-city-como-adelanto-del-proximo-album\/"},"author":{"name":"Noelia Ferreira","@id":"https:\/\/www.ip.gov.py\/ip\/#\/schema\/person\/791af27a9219bdbf9064abb776bb41c2"},"headline":"Memory Lain lanz\u00f3 su videoclip de la canci\u00f3n \u00abThe City\u00bb como adelanto del pr\u00f3ximo \u00e1lbum","datePublished":"2023-09-21T12:28:53+00:00","mainEntityOfPage":{"@id":"https:\/\/www.ip.gov.py\/ip\/2023\/09\/21\/memory-lain-lanzo-su-videoclip-de-la-cancion-the-city-como-adelanto-del-proximo-album\/"},"wordCount":463,"publisher":{"@id":"https:\/\/www.ip.gov.py\/ip\/#organization"},"image":{"@id":"https:\/\/www.ip.gov.py\/ip\/2023\/09\/21\/memory-lain-lanzo-su-videoclip-de-la-cancion-the-city-como-adelanto-del-proximo-album\/#primaryimage"},"thumbnailUrl":"https:\/\/www.ip.gov.py\/ip\/wp-content\/uploads\/2023\/09\/Memory-Lain-.jpg","articleSection":["Cultura"],"inLanguage":"es"},{"@type":"WebPage","@id":"https:\/\/www.ip.gov.py\/ip\/2023\/09\/21\/memory-lain-lanzo-su-videoclip-de-la-cancion-the-city-como-adelanto-del-proximo-album\/","url":"https:\/\/www.ip.gov.py\/ip\/2023\/09\/21\/memory-lain-lanzo-su-videoclip-de-la-cancion-the-city-como-adelanto-del-proximo-album\/","name":"Memory Lain lanz\u00f3 su videoclip de la canci\u00f3n \"The City\" como adelanto del pr\u00f3ximo \u00e1lbum - .::Agencia IP::.","isPartOf":{"@id":"https:\/\/www.ip.gov.py\/ip\/#website"},"primaryImageOfPage":{"@id":"https:\/\/www.ip.gov.py\/ip\/2023\/09\/21\/memory-lain-lanzo-su-videoclip-de-la-cancion-the-city-como-adelanto-del-proximo-album\/#primaryimage"},"image":{"@id":"https:\/\/www.ip.gov.py\/ip\/2023\/09\/21\/memory-lain-lanzo-su-videoclip-de-la-cancion-the-city-como-adelanto-del-proximo-album\/#primaryimage"},"thumbnailUrl":"https:\/\/www.ip.gov.py\/ip\/wp-content\/uploads\/2023\/09\/Memory-Lain-.jpg","datePublished":"2023-09-21T12:28:53+00:00","breadcrumb":{"@id":"https:\/\/www.ip.gov.py\/ip\/2023\/09\/21\/memory-lain-lanzo-su-videoclip-de-la-cancion-the-city-como-adelanto-del-proximo-album\/#breadcrumb"},"inLanguage":"es","potentialAction":[{"@type":"ReadAction","target":["https:\/\/www.ip.gov.py\/ip\/2023\/09\/21\/memory-lain-lanzo-su-videoclip-de-la-cancion-the-city-como-adelanto-del-proximo-album\/"]}]},{"@type":"ImageObject","inLanguage":"es","@id":"https:\/\/www.ip.gov.py\/ip\/2023\/09\/21\/memory-lain-lanzo-su-videoclip-de-la-cancion-the-city-como-adelanto-del-proximo-album\/#primaryimage","url":"https:\/\/www.ip.gov.py\/ip\/wp-content\/uploads\/2023\/09\/Memory-Lain-.jpg","contentUrl":"https:\/\/www.ip.gov.py\/ip\/wp-content\/uploads\/2023\/09\/Memory-Lain-.jpg","width":851,"height":315,"caption":"La agrupaci\u00f3n paraguaya est\u00e1 compuesta por Luis Molinas en bajo y voz, Roberto Grange en guitarra, Juan Taboada en teclados y Jorge Torres en bater\u00eda. Foto: Facebook Memory Lain"},{"@type":"BreadcrumbList","@id":"https:\/\/www.ip.gov.py\/ip\/2023\/09\/21\/memory-lain-lanzo-su-videoclip-de-la-cancion-the-city-como-adelanto-del-proximo-album\/#breadcrumb","itemListElement":[{"@type":"ListItem","position":1,"name":"Portada","item":"https:\/\/www.ip.gov.py\/ip\/"},{"@type":"ListItem","position":2,"name":"Memory Lain lanz\u00f3 su videoclip de la canci\u00f3n \u00abThe City\u00bb como adelanto del pr\u00f3ximo \u00e1lbum"}]},{"@type":"WebSite","@id":"https:\/\/www.ip.gov.py\/ip\/#website","url":"https:\/\/www.ip.gov.py\/ip\/","name":".::Agencia IP::.","description":"","publisher":{"@id":"https:\/\/www.ip.gov.py\/ip\/#organization"},"potentialAction":[{"@type":"SearchAction","target":{"@type":"EntryPoint","urlTemplate":"https:\/\/www.ip.gov.py\/ip\/?s={search_term_string}"},"query-input":{"@type":"PropertyValueSpecification","valueRequired":true,"valueName":"search_term_string"}}],"inLanguage":"es"},{"@type":"Organization","@id":"https:\/\/www.ip.gov.py\/ip\/#organization","name":"Agencia IP","url":"https:\/\/www.ip.gov.py\/ip\/","logo":{"@type":"ImageObject","inLanguage":"es","@id":"https:\/\/www.ip.gov.py\/ip\/#\/schema\/logo\/image\/","url":"https:\/\/www.ip.gov.py\/ip\/wp-content\/uploads\/2018\/01\/Agencia-IP.jpg","contentUrl":"https:\/\/www.ip.gov.py\/ip\/wp-content\/uploads\/2018\/01\/Agencia-IP.jpg","width":150,"height":150,"caption":"Agencia IP"},"image":{"@id":"https:\/\/www.ip.gov.py\/ip\/#\/schema\/logo\/image\/"},"sameAs":["https:\/\/www.facebook.com\/IPParaguay\/","https:\/\/x.com\/IPParaguay","https:\/\/www.instagram.com\/IPParaguay"]},{"@type":"Person","@id":"https:\/\/www.ip.gov.py\/ip\/#\/schema\/person\/791af27a9219bdbf9064abb776bb41c2","name":"Noelia Ferreira","sameAs":["http:\/\/www.ip.gov.py"],"url":"https:\/\/www.ip.gov.py\/ip\/author\/nferreira\/"}]}},"_links":{"self":[{"href":"https:\/\/www.ip.gov.py\/ip\/wp-json\/wp\/v2\/posts\/470411","targetHints":{"allow":["GET"]}}],"collection":[{"href":"https:\/\/www.ip.gov.py\/ip\/wp-json\/wp\/v2\/posts"}],"about":[{"href":"https:\/\/www.ip.gov.py\/ip\/wp-json\/wp\/v2\/types\/post"}],"author":[{"embeddable":true,"href":"https:\/\/www.ip.gov.py\/ip\/wp-json\/wp\/v2\/users\/23"}],"replies":[{"embeddable":true,"href":"https:\/\/www.ip.gov.py\/ip\/wp-json\/wp\/v2\/comments?post=470411"}],"version-history":[{"count":0,"href":"https:\/\/www.ip.gov.py\/ip\/wp-json\/wp\/v2\/posts\/470411\/revisions"}],"wp:featuredmedia":[{"embeddable":true,"href":"https:\/\/www.ip.gov.py\/ip\/wp-json\/wp\/v2\/media\/470415"}],"wp:attachment":[{"href":"https:\/\/www.ip.gov.py\/ip\/wp-json\/wp\/v2\/media?parent=470411"}],"wp:term":[{"taxonomy":"category","embeddable":true,"href":"https:\/\/www.ip.gov.py\/ip\/wp-json\/wp\/v2\/categories?post=470411"},{"taxonomy":"post_tag","embeddable":true,"href":"https:\/\/www.ip.gov.py\/ip\/wp-json\/wp\/v2\/tags?post=470411"}],"curies":[{"name":"wp","href":"https:\/\/api.w.org\/{rel}","templated":true}]}}