{"id":470446,"date":"2023-09-21T09:33:08","date_gmt":"2023-09-21T13:33:08","guid":{"rendered":"https:\/\/www.ip.gov.py\/ip\/?p=470446"},"modified":"2023-09-21T12:21:54","modified_gmt":"2023-09-21T16:21:54","slug":"pena-ha-lula-onembyatyta-brasilia-pe-one-e-nemopete-i-hagua-itaipu-rehegua","status":"publish","type":"post","link":"https:\/\/www.ip.gov.py\/ip\/2023\/09\/21\/pena-ha-lula-onembyatyta-brasilia-pe-one-e-nemopete-i-hagua-itaipu-rehegua\/","title":{"rendered":"Pe\u00f1a ha Lula o\u00f1embyatyta Brasilia-pe o\u00f1e\u2019 \u1ebd \u00f1emopete\u0129 hagu\u00e3 Itaip\u00fa rehegua"},"content":{"rendered":"<p style=\"font-weight: 400; text-align: justify;\"><strong><em>Asunci\u00f3n, Agencia IP.-<\/em><\/strong>\u00a0Mburuvicha Paragu\u00e1igua Santiago Pe\u00f1a ha mburuvicha Brasil-gua Luiz In\u00e1cio Lula da Silva o\u00f1embyaty hiku\u00e1i <em>Nueva York, Estados Unidos-pe<\/em>, ojejap\u00f3ro guive <em>Asamblea General Naciones Unidas<\/em><em>-gua<\/em>. Mok\u00f5i mburuvicha he\u2019i o\u00f1e\u2019 \u1ebd \u00f1emopete\u0129ta <em>Anexo C<\/em> Itaip\u00fa rehegua pete\u0129 \u00f1uvait\u0129me ojejap\u00f3ta Brasilia-pe.<!--more--><\/p>\n<p style=\"font-weight: 400; text-align: justify;\">Aty guive, mburuvichaku\u00e9ra o\u00f1e\u2019\u1ebd <em>agenda bilateral<\/em> rehegua, ha omotenonde pe jokuaa poravopyre Brasil ha Paraguay oreko. Ohechakuaa avei o\u00f1emotenonde umi mba\u2019apo ojejap\u00f3va o\u00f1embopu\u2019akar\u00e3 pe hasaha ombojoajuva Presidente Franco ha Foz de Yguasu o\u00f1ondive.<\/p>\n<p style=\"font-weight: 400; text-align: justify;\">O\u00f1e\u2019\u1ebd avei hiku\u00e1i pete\u0129 aty rehegua ojejap\u00f3tava Brasilia-pe, o\u00f1emonguet\u00e1ta <em>Anexo C<\/em> Itaip\u00fa rehegua, <em>Corredor Bioce\u00e1nico<\/em>, hasaha R\u00edo Paran\u00e1-pe ha ombohovake <em>crimen organizado-pe<\/em>.<\/p>\n<p style=\"font-weight: 400; text-align: justify;\">Mburuvicha Santiago Pe\u00f1a o\u00f1emongueta avei Mauricio Ramos ndive, <em>Millicom Tigo<\/em> omba\u2019ap\u00f3va, ha o\u00f1e\u2019\u1ebd hiku\u00e1i inversi\u00f3n telecomunicaciones rehegua, ikatuhagu\u00e3icha hetave o\u0129 mba\u2019apo \u00f1ane ret\u00e3me.<\/p>\n<p style=\"font-weight: 400; text-align: justify;\">Mburuvicha Pe\u00f1a omomarandu avei pete\u0129 \u00f1omongueta-pe h\u00e9rava <em>\u201cSpotlight on Latin America\u201d The Finantial Times<\/em>ombohys\u00fdva <em>Millicom<\/em> ndive. Pe\u00f1a he\u2019i akue ikatu ojejapo hetave inversi\u00f3n Paragu\u00e1i ryep\u00fdpe.<\/p>\n","protected":false},"excerpt":{"rendered":"<p>Asunci\u00f3n, Agencia IP.-\u00a0Mburuvicha Paragu\u00e1igua Santiago Pe\u00f1a ha mburuvicha Brasil-gua Luiz In\u00e1cio Lula da Silva o\u00f1embyaty hiku\u00e1i Nueva York, Estados Unidos-pe, ojejap\u00f3ro guive Asamblea General Naciones Unidas-gua. Mok\u00f5i mburuvicha he\u2019i o\u00f1e\u2019 \u1ebd \u00f1emopete\u0129ta Anexo C Itaip\u00fa rehegua pete\u0129 \u00f1uvait\u0129me ojejap\u00f3ta Brasilia-pe.<\/p>\n","protected":false},"author":38,"featured_media":470513,"comment_status":"closed","ping_status":"closed","sticky":false,"template":"","format":"standard","meta":{"_monsterinsights_skip_tracking":false,"_monsterinsights_sitenote_active":false,"_monsterinsights_sitenote_note":"","_monsterinsights_sitenote_category":0,"footnotes":""},"categories":[15665],"tags":[15740,15724,106,15741,9030,15071],"class_list":{"0":"post-470446","1":"post","2":"type-post","3":"status-publish","4":"format-standard","5":"has-post-thumbnail","7":"category-en-guarani","8":"tag-anexo-c-itaipu","9":"tag-asamblea-general-naciones-unidas","10":"tag-guarani","11":"tag-ipguaranime","12":"tag-lula-da-silva","13":"tag-santiago-pena"},"yoast_head":"<!-- This site is optimized with the Yoast SEO plugin v27.5 - https:\/\/yoast.com\/product\/yoast-seo-wordpress\/ -->\n<title>Pe\u00f1a ha Lula o\u00f1embyatyta Brasilia-pe o\u00f1e\u2019 \u1ebd \u00f1emopete\u0129 hagu\u00e3 Itaip\u00fa rehegua - .::Agencia IP::.<\/title>\n<meta name=\"robots\" content=\"index, follow, max-snippet:-1, max-image-preview:large, max-video-preview:-1\" \/>\n<link rel=\"canonical\" href=\"https:\/\/www.ip.gov.py\/ip\/2023\/09\/21\/pena-ha-lula-onembyatyta-brasilia-pe-one-e-nemopete-i-hagua-itaipu-rehegua\/\" \/>\n<meta property=\"og:locale\" content=\"es_ES\" \/>\n<meta property=\"og:type\" content=\"article\" \/>\n<meta property=\"og:title\" content=\"Pe\u00f1a ha Lula o\u00f1embyatyta Brasilia-pe o\u00f1e\u2019 \u1ebd \u00f1emopete\u0129 hagu\u00e3 Itaip\u00fa rehegua - .::Agencia IP::.\" \/>\n<meta property=\"og:description\" content=\"Asunci\u00f3n, Agencia IP.-\u00a0Mburuvicha Paragu\u00e1igua Santiago Pe\u00f1a ha mburuvicha Brasil-gua Luiz In\u00e1cio Lula da Silva o\u00f1embyaty hiku\u00e1i Nueva York, Estados Unidos-pe, ojejap\u00f3ro guive Asamblea General Naciones Unidas-gua. Mok\u00f5i mburuvicha he\u2019i o\u00f1e\u2019 \u1ebd \u00f1emopete\u0129ta Anexo C Itaip\u00fa rehegua pete\u0129 \u00f1uvait\u0129me ojejap\u00f3ta Brasilia-pe.\" \/>\n<meta property=\"og:url\" content=\"https:\/\/www.ip.gov.py\/ip\/2023\/09\/21\/pena-ha-lula-onembyatyta-brasilia-pe-one-e-nemopete-i-hagua-itaipu-rehegua\/\" \/>\n<meta property=\"og:site_name\" content=\".::Agencia IP::.\" \/>\n<meta property=\"article:publisher\" content=\"https:\/\/www.facebook.com\/IPParaguay\/\" \/>\n<meta property=\"article:published_time\" content=\"2023-09-21T13:33:08+00:00\" \/>\n<meta property=\"article:modified_time\" content=\"2023-09-21T16:21:54+00:00\" \/>\n<meta property=\"og:image\" content=\"https:\/\/www.ip.gov.py\/ip\/wp-content\/uploads\/2023\/09\/santi-pena-con-lula-da-silva.jpg\" \/>\n\t<meta property=\"og:image:width\" content=\"1600\" \/>\n\t<meta property=\"og:image:height\" content=\"1064\" \/>\n\t<meta property=\"og:image:type\" content=\"image\/jpeg\" \/>\n<meta name=\"author\" content=\"Jazm\u00edn Romero\" \/>\n<meta name=\"twitter:card\" content=\"summary_large_image\" \/>\n<meta name=\"twitter:creator\" content=\"@IPParaguay\" \/>\n<meta name=\"twitter:site\" content=\"@IPParaguay\" \/>\n<meta name=\"twitter:label1\" content=\"Escrito por\" \/>\n\t<meta name=\"twitter:data1\" content=\"Jazm\u00edn Romero\" \/>\n\t<meta name=\"twitter:label2\" content=\"Tiempo de lectura\" \/>\n\t<meta name=\"twitter:data2\" content=\"1 minuto\" \/>\n<script type=\"application\/ld+json\" class=\"yoast-schema-graph\">{\"@context\":\"https:\\\/\\\/schema.org\",\"@graph\":[{\"@type\":\"Article\",\"@id\":\"https:\\\/\\\/www.ip.gov.py\\\/ip\\\/2023\\\/09\\\/21\\\/pena-ha-lula-onembyatyta-brasilia-pe-one-e-nemopete-i-hagua-itaipu-rehegua\\\/#article\",\"isPartOf\":{\"@id\":\"https:\\\/\\\/www.ip.gov.py\\\/ip\\\/2023\\\/09\\\/21\\\/pena-ha-lula-onembyatyta-brasilia-pe-one-e-nemopete-i-hagua-itaipu-rehegua\\\/\"},\"author\":{\"name\":\"Jazm\u00edn Romero\",\"@id\":\"https:\\\/\\\/www.ip.gov.py\\\/ip\\\/#\\\/schema\\\/person\\\/d7339edf7d2cb522982203812abc7941\"},\"headline\":\"Pe\u00f1a ha Lula o\u00f1embyatyta Brasilia-pe o\u00f1e\u2019 \u1ebd \u00f1emopete\u0129 hagu\u00e3 Itaip\u00fa rehegua\",\"datePublished\":\"2023-09-21T13:33:08+00:00\",\"dateModified\":\"2023-09-21T16:21:54+00:00\",\"mainEntityOfPage\":{\"@id\":\"https:\\\/\\\/www.ip.gov.py\\\/ip\\\/2023\\\/09\\\/21\\\/pena-ha-lula-onembyatyta-brasilia-pe-one-e-nemopete-i-hagua-itaipu-rehegua\\\/\"},\"wordCount\":205,\"publisher\":{\"@id\":\"https:\\\/\\\/www.ip.gov.py\\\/ip\\\/#organization\"},\"image\":{\"@id\":\"https:\\\/\\\/www.ip.gov.py\\\/ip\\\/2023\\\/09\\\/21\\\/pena-ha-lula-onembyatyta-brasilia-pe-one-e-nemopete-i-hagua-itaipu-rehegua\\\/#primaryimage\"},\"thumbnailUrl\":\"https:\\\/\\\/www.ip.gov.py\\\/ip\\\/wp-content\\\/uploads\\\/2023\\\/09\\\/santi-pena-con-lula-da-silva.jpg\",\"keywords\":[\"Anexo C Itaip\u00fa\",\"Asamblea General Naciones Unidas\",\"Guaran\u00ed\",\"IPGuaran\u00edme\",\"Lula Da Silva\",\"Santiago Pe\u00f1a\"],\"articleSection\":[\"En Guaran\u00ed\"],\"inLanguage\":\"es\"},{\"@type\":\"WebPage\",\"@id\":\"https:\\\/\\\/www.ip.gov.py\\\/ip\\\/2023\\\/09\\\/21\\\/pena-ha-lula-onembyatyta-brasilia-pe-one-e-nemopete-i-hagua-itaipu-rehegua\\\/\",\"url\":\"https:\\\/\\\/www.ip.gov.py\\\/ip\\\/2023\\\/09\\\/21\\\/pena-ha-lula-onembyatyta-brasilia-pe-one-e-nemopete-i-hagua-itaipu-rehegua\\\/\",\"name\":\"Pe\u00f1a ha Lula o\u00f1embyatyta Brasilia-pe o\u00f1e\u2019 \u1ebd \u00f1emopete\u0129 hagu\u00e3 Itaip\u00fa rehegua - .::Agencia IP::.\",\"isPartOf\":{\"@id\":\"https:\\\/\\\/www.ip.gov.py\\\/ip\\\/#website\"},\"primaryImageOfPage\":{\"@id\":\"https:\\\/\\\/www.ip.gov.py\\\/ip\\\/2023\\\/09\\\/21\\\/pena-ha-lula-onembyatyta-brasilia-pe-one-e-nemopete-i-hagua-itaipu-rehegua\\\/#primaryimage\"},\"image\":{\"@id\":\"https:\\\/\\\/www.ip.gov.py\\\/ip\\\/2023\\\/09\\\/21\\\/pena-ha-lula-onembyatyta-brasilia-pe-one-e-nemopete-i-hagua-itaipu-rehegua\\\/#primaryimage\"},\"thumbnailUrl\":\"https:\\\/\\\/www.ip.gov.py\\\/ip\\\/wp-content\\\/uploads\\\/2023\\\/09\\\/santi-pena-con-lula-da-silva.jpg\",\"datePublished\":\"2023-09-21T13:33:08+00:00\",\"dateModified\":\"2023-09-21T16:21:54+00:00\",\"breadcrumb\":{\"@id\":\"https:\\\/\\\/www.ip.gov.py\\\/ip\\\/2023\\\/09\\\/21\\\/pena-ha-lula-onembyatyta-brasilia-pe-one-e-nemopete-i-hagua-itaipu-rehegua\\\/#breadcrumb\"},\"inLanguage\":\"es\",\"potentialAction\":[{\"@type\":\"ReadAction\",\"target\":[\"https:\\\/\\\/www.ip.gov.py\\\/ip\\\/2023\\\/09\\\/21\\\/pena-ha-lula-onembyatyta-brasilia-pe-one-e-nemopete-i-hagua-itaipu-rehegua\\\/\"]}]},{\"@type\":\"ImageObject\",\"inLanguage\":\"es\",\"@id\":\"https:\\\/\\\/www.ip.gov.py\\\/ip\\\/2023\\\/09\\\/21\\\/pena-ha-lula-onembyatyta-brasilia-pe-one-e-nemopete-i-hagua-itaipu-rehegua\\\/#primaryimage\",\"url\":\"https:\\\/\\\/www.ip.gov.py\\\/ip\\\/wp-content\\\/uploads\\\/2023\\\/09\\\/santi-pena-con-lula-da-silva.jpg\",\"contentUrl\":\"https:\\\/\\\/www.ip.gov.py\\\/ip\\\/wp-content\\\/uploads\\\/2023\\\/09\\\/santi-pena-con-lula-da-silva.jpg\",\"width\":1600,\"height\":1064,\"caption\":\"Foto Presidencia de la Rep\u00fablica\"},{\"@type\":\"BreadcrumbList\",\"@id\":\"https:\\\/\\\/www.ip.gov.py\\\/ip\\\/2023\\\/09\\\/21\\\/pena-ha-lula-onembyatyta-brasilia-pe-one-e-nemopete-i-hagua-itaipu-rehegua\\\/#breadcrumb\",\"itemListElement\":[{\"@type\":\"ListItem\",\"position\":1,\"name\":\"Portada\",\"item\":\"https:\\\/\\\/www.ip.gov.py\\\/ip\\\/\"},{\"@type\":\"ListItem\",\"position\":2,\"name\":\"Pe\u00f1a ha Lula o\u00f1embyatyta Brasilia-pe o\u00f1e\u2019 \u1ebd \u00f1emopete\u0129 hagu\u00e3 Itaip\u00fa rehegua\"}]},{\"@type\":\"WebSite\",\"@id\":\"https:\\\/\\\/www.ip.gov.py\\\/ip\\\/#website\",\"url\":\"https:\\\/\\\/www.ip.gov.py\\\/ip\\\/\",\"name\":\".::Agencia IP::.\",\"description\":\"\",\"publisher\":{\"@id\":\"https:\\\/\\\/www.ip.gov.py\\\/ip\\\/#organization\"},\"potentialAction\":[{\"@type\":\"SearchAction\",\"target\":{\"@type\":\"EntryPoint\",\"urlTemplate\":\"https:\\\/\\\/www.ip.gov.py\\\/ip\\\/?s={search_term_string}\"},\"query-input\":{\"@type\":\"PropertyValueSpecification\",\"valueRequired\":true,\"valueName\":\"search_term_string\"}}],\"inLanguage\":\"es\"},{\"@type\":\"Organization\",\"@id\":\"https:\\\/\\\/www.ip.gov.py\\\/ip\\\/#organization\",\"name\":\"Agencia IP\",\"url\":\"https:\\\/\\\/www.ip.gov.py\\\/ip\\\/\",\"logo\":{\"@type\":\"ImageObject\",\"inLanguage\":\"es\",\"@id\":\"https:\\\/\\\/www.ip.gov.py\\\/ip\\\/#\\\/schema\\\/logo\\\/image\\\/\",\"url\":\"https:\\\/\\\/www.ip.gov.py\\\/ip\\\/wp-content\\\/uploads\\\/2018\\\/01\\\/Agencia-IP.jpg\",\"contentUrl\":\"https:\\\/\\\/www.ip.gov.py\\\/ip\\\/wp-content\\\/uploads\\\/2018\\\/01\\\/Agencia-IP.jpg\",\"width\":150,\"height\":150,\"caption\":\"Agencia IP\"},\"image\":{\"@id\":\"https:\\\/\\\/www.ip.gov.py\\\/ip\\\/#\\\/schema\\\/logo\\\/image\\\/\"},\"sameAs\":[\"https:\\\/\\\/www.facebook.com\\\/IPParaguay\\\/\",\"https:\\\/\\\/x.com\\\/IPParaguay\",\"https:\\\/\\\/www.instagram.com\\\/IPParaguay\"]},{\"@type\":\"Person\",\"@id\":\"https:\\\/\\\/www.ip.gov.py\\\/ip\\\/#\\\/schema\\\/person\\\/d7339edf7d2cb522982203812abc7941\",\"name\":\"Jazm\u00edn Romero\",\"url\":\"https:\\\/\\\/www.ip.gov.py\\\/ip\\\/author\\\/jromero\\\/\"}]}<\/script>\n<!-- \/ Yoast SEO plugin. -->","yoast_head_json":{"title":"Pe\u00f1a ha Lula o\u00f1embyatyta Brasilia-pe o\u00f1e\u2019 \u1ebd \u00f1emopete\u0129 hagu\u00e3 Itaip\u00fa rehegua - .::Agencia IP::.","robots":{"index":"index","follow":"follow","max-snippet":"max-snippet:-1","max-image-preview":"max-image-preview:large","max-video-preview":"max-video-preview:-1"},"canonical":"https:\/\/www.ip.gov.py\/ip\/2023\/09\/21\/pena-ha-lula-onembyatyta-brasilia-pe-one-e-nemopete-i-hagua-itaipu-rehegua\/","og_locale":"es_ES","og_type":"article","og_title":"Pe\u00f1a ha Lula o\u00f1embyatyta Brasilia-pe o\u00f1e\u2019 \u1ebd \u00f1emopete\u0129 hagu\u00e3 Itaip\u00fa rehegua - .::Agencia IP::.","og_description":"Asunci\u00f3n, Agencia IP.-\u00a0Mburuvicha Paragu\u00e1igua Santiago Pe\u00f1a ha mburuvicha Brasil-gua Luiz In\u00e1cio Lula da Silva o\u00f1embyaty hiku\u00e1i Nueva York, Estados Unidos-pe, ojejap\u00f3ro guive Asamblea General Naciones Unidas-gua. Mok\u00f5i mburuvicha he\u2019i o\u00f1e\u2019 \u1ebd \u00f1emopete\u0129ta Anexo C Itaip\u00fa rehegua pete\u0129 \u00f1uvait\u0129me ojejap\u00f3ta Brasilia-pe.","og_url":"https:\/\/www.ip.gov.py\/ip\/2023\/09\/21\/pena-ha-lula-onembyatyta-brasilia-pe-one-e-nemopete-i-hagua-itaipu-rehegua\/","og_site_name":".::Agencia IP::.","article_publisher":"https:\/\/www.facebook.com\/IPParaguay\/","article_published_time":"2023-09-21T13:33:08+00:00","article_modified_time":"2023-09-21T16:21:54+00:00","og_image":[{"width":1600,"height":1064,"url":"https:\/\/www.ip.gov.py\/ip\/wp-content\/uploads\/2023\/09\/santi-pena-con-lula-da-silva.jpg","type":"image\/jpeg"}],"author":"Jazm\u00edn Romero","twitter_card":"summary_large_image","twitter_creator":"@IPParaguay","twitter_site":"@IPParaguay","twitter_misc":{"Escrito por":"Jazm\u00edn Romero","Tiempo de lectura":"1 minuto"},"schema":{"@context":"https:\/\/schema.org","@graph":[{"@type":"Article","@id":"https:\/\/www.ip.gov.py\/ip\/2023\/09\/21\/pena-ha-lula-onembyatyta-brasilia-pe-one-e-nemopete-i-hagua-itaipu-rehegua\/#article","isPartOf":{"@id":"https:\/\/www.ip.gov.py\/ip\/2023\/09\/21\/pena-ha-lula-onembyatyta-brasilia-pe-one-e-nemopete-i-hagua-itaipu-rehegua\/"},"author":{"name":"Jazm\u00edn Romero","@id":"https:\/\/www.ip.gov.py\/ip\/#\/schema\/person\/d7339edf7d2cb522982203812abc7941"},"headline":"Pe\u00f1a ha Lula o\u00f1embyatyta Brasilia-pe o\u00f1e\u2019 \u1ebd \u00f1emopete\u0129 hagu\u00e3 Itaip\u00fa rehegua","datePublished":"2023-09-21T13:33:08+00:00","dateModified":"2023-09-21T16:21:54+00:00","mainEntityOfPage":{"@id":"https:\/\/www.ip.gov.py\/ip\/2023\/09\/21\/pena-ha-lula-onembyatyta-brasilia-pe-one-e-nemopete-i-hagua-itaipu-rehegua\/"},"wordCount":205,"publisher":{"@id":"https:\/\/www.ip.gov.py\/ip\/#organization"},"image":{"@id":"https:\/\/www.ip.gov.py\/ip\/2023\/09\/21\/pena-ha-lula-onembyatyta-brasilia-pe-one-e-nemopete-i-hagua-itaipu-rehegua\/#primaryimage"},"thumbnailUrl":"https:\/\/www.ip.gov.py\/ip\/wp-content\/uploads\/2023\/09\/santi-pena-con-lula-da-silva.jpg","keywords":["Anexo C Itaip\u00fa","Asamblea General Naciones Unidas","Guaran\u00ed","IPGuaran\u00edme","Lula Da Silva","Santiago Pe\u00f1a"],"articleSection":["En Guaran\u00ed"],"inLanguage":"es"},{"@type":"WebPage","@id":"https:\/\/www.ip.gov.py\/ip\/2023\/09\/21\/pena-ha-lula-onembyatyta-brasilia-pe-one-e-nemopete-i-hagua-itaipu-rehegua\/","url":"https:\/\/www.ip.gov.py\/ip\/2023\/09\/21\/pena-ha-lula-onembyatyta-brasilia-pe-one-e-nemopete-i-hagua-itaipu-rehegua\/","name":"Pe\u00f1a ha Lula o\u00f1embyatyta Brasilia-pe o\u00f1e\u2019 \u1ebd \u00f1emopete\u0129 hagu\u00e3 Itaip\u00fa rehegua - .::Agencia IP::.","isPartOf":{"@id":"https:\/\/www.ip.gov.py\/ip\/#website"},"primaryImageOfPage":{"@id":"https:\/\/www.ip.gov.py\/ip\/2023\/09\/21\/pena-ha-lula-onembyatyta-brasilia-pe-one-e-nemopete-i-hagua-itaipu-rehegua\/#primaryimage"},"image":{"@id":"https:\/\/www.ip.gov.py\/ip\/2023\/09\/21\/pena-ha-lula-onembyatyta-brasilia-pe-one-e-nemopete-i-hagua-itaipu-rehegua\/#primaryimage"},"thumbnailUrl":"https:\/\/www.ip.gov.py\/ip\/wp-content\/uploads\/2023\/09\/santi-pena-con-lula-da-silva.jpg","datePublished":"2023-09-21T13:33:08+00:00","dateModified":"2023-09-21T16:21:54+00:00","breadcrumb":{"@id":"https:\/\/www.ip.gov.py\/ip\/2023\/09\/21\/pena-ha-lula-onembyatyta-brasilia-pe-one-e-nemopete-i-hagua-itaipu-rehegua\/#breadcrumb"},"inLanguage":"es","potentialAction":[{"@type":"ReadAction","target":["https:\/\/www.ip.gov.py\/ip\/2023\/09\/21\/pena-ha-lula-onembyatyta-brasilia-pe-one-e-nemopete-i-hagua-itaipu-rehegua\/"]}]},{"@type":"ImageObject","inLanguage":"es","@id":"https:\/\/www.ip.gov.py\/ip\/2023\/09\/21\/pena-ha-lula-onembyatyta-brasilia-pe-one-e-nemopete-i-hagua-itaipu-rehegua\/#primaryimage","url":"https:\/\/www.ip.gov.py\/ip\/wp-content\/uploads\/2023\/09\/santi-pena-con-lula-da-silva.jpg","contentUrl":"https:\/\/www.ip.gov.py\/ip\/wp-content\/uploads\/2023\/09\/santi-pena-con-lula-da-silva.jpg","width":1600,"height":1064,"caption":"Foto Presidencia de la Rep\u00fablica"},{"@type":"BreadcrumbList","@id":"https:\/\/www.ip.gov.py\/ip\/2023\/09\/21\/pena-ha-lula-onembyatyta-brasilia-pe-one-e-nemopete-i-hagua-itaipu-rehegua\/#breadcrumb","itemListElement":[{"@type":"ListItem","position":1,"name":"Portada","item":"https:\/\/www.ip.gov.py\/ip\/"},{"@type":"ListItem","position":2,"name":"Pe\u00f1a ha Lula o\u00f1embyatyta Brasilia-pe o\u00f1e\u2019 \u1ebd \u00f1emopete\u0129 hagu\u00e3 Itaip\u00fa rehegua"}]},{"@type":"WebSite","@id":"https:\/\/www.ip.gov.py\/ip\/#website","url":"https:\/\/www.ip.gov.py\/ip\/","name":".::Agencia IP::.","description":"","publisher":{"@id":"https:\/\/www.ip.gov.py\/ip\/#organization"},"potentialAction":[{"@type":"SearchAction","target":{"@type":"EntryPoint","urlTemplate":"https:\/\/www.ip.gov.py\/ip\/?s={search_term_string}"},"query-input":{"@type":"PropertyValueSpecification","valueRequired":true,"valueName":"search_term_string"}}],"inLanguage":"es"},{"@type":"Organization","@id":"https:\/\/www.ip.gov.py\/ip\/#organization","name":"Agencia IP","url":"https:\/\/www.ip.gov.py\/ip\/","logo":{"@type":"ImageObject","inLanguage":"es","@id":"https:\/\/www.ip.gov.py\/ip\/#\/schema\/logo\/image\/","url":"https:\/\/www.ip.gov.py\/ip\/wp-content\/uploads\/2018\/01\/Agencia-IP.jpg","contentUrl":"https:\/\/www.ip.gov.py\/ip\/wp-content\/uploads\/2018\/01\/Agencia-IP.jpg","width":150,"height":150,"caption":"Agencia IP"},"image":{"@id":"https:\/\/www.ip.gov.py\/ip\/#\/schema\/logo\/image\/"},"sameAs":["https:\/\/www.facebook.com\/IPParaguay\/","https:\/\/x.com\/IPParaguay","https:\/\/www.instagram.com\/IPParaguay"]},{"@type":"Person","@id":"https:\/\/www.ip.gov.py\/ip\/#\/schema\/person\/d7339edf7d2cb522982203812abc7941","name":"Jazm\u00edn Romero","url":"https:\/\/www.ip.gov.py\/ip\/author\/jromero\/"}]}},"_links":{"self":[{"href":"https:\/\/www.ip.gov.py\/ip\/wp-json\/wp\/v2\/posts\/470446","targetHints":{"allow":["GET"]}}],"collection":[{"href":"https:\/\/www.ip.gov.py\/ip\/wp-json\/wp\/v2\/posts"}],"about":[{"href":"https:\/\/www.ip.gov.py\/ip\/wp-json\/wp\/v2\/types\/post"}],"author":[{"embeddable":true,"href":"https:\/\/www.ip.gov.py\/ip\/wp-json\/wp\/v2\/users\/38"}],"replies":[{"embeddable":true,"href":"https:\/\/www.ip.gov.py\/ip\/wp-json\/wp\/v2\/comments?post=470446"}],"version-history":[{"count":0,"href":"https:\/\/www.ip.gov.py\/ip\/wp-json\/wp\/v2\/posts\/470446\/revisions"}],"wp:featuredmedia":[{"embeddable":true,"href":"https:\/\/www.ip.gov.py\/ip\/wp-json\/wp\/v2\/media\/470513"}],"wp:attachment":[{"href":"https:\/\/www.ip.gov.py\/ip\/wp-json\/wp\/v2\/media?parent=470446"}],"wp:term":[{"taxonomy":"category","embeddable":true,"href":"https:\/\/www.ip.gov.py\/ip\/wp-json\/wp\/v2\/categories?post=470446"},{"taxonomy":"post_tag","embeddable":true,"href":"https:\/\/www.ip.gov.py\/ip\/wp-json\/wp\/v2\/tags?post=470446"}],"curies":[{"name":"wp","href":"https:\/\/api.w.org\/{rel}","templated":true}]}}