{"id":470936,"date":"2023-09-25T12:23:28","date_gmt":"2023-09-25T16:23:28","guid":{"rendered":"https:\/\/www.ip.gov.py\/ip\/?p=470936"},"modified":"2023-09-25T12:25:18","modified_gmt":"2023-09-25T16:25:18","slug":"evo-morales-anuncio-que-se-postulara-a-la-presidencia-de-bolivia-en-2025","status":"publish","type":"post","link":"https:\/\/www.ip.gov.py\/ip\/2023\/09\/25\/evo-morales-anuncio-que-se-postulara-a-la-presidencia-de-bolivia-en-2025\/","title":{"rendered":"Evo Morales anunci\u00f3 que se postular\u00e1 a la presidencia de Bolivia en 2025"},"content":{"rendered":"<p style=\"text-align: justify;\"><em><strong>La Paz.-<\/strong><\/em>El expresidente de Bolivia Evo Morales anunci\u00f3 hoy que decidi\u00f3 \u201caceptar los pedidos\u201d de sus simpatizantes y postularse a la Presidencia en las elecciones de 2025, a fin de \u201cenfrentar\u201d la \u201cagresi\u00f3n\u201d que atribuy\u00f3 al gobierno de su correligionario Luis Arce.<!--more--><\/p>\n<p style=\"text-align: justify;\">\u201cHemos decidido aceptar los pedidos de nuestra militancia y de tantas hermanas y hermanos que asisten a las concentraciones en todo el pa\u00eds para ser candidato a la presidencia de nuestra querida Bolivia\u201d, dijo Morales en la red X.<\/p>\n<p style=\"text-align: justify;\">\u201cObligados por los ataques del gobierno, su plan para proscribir al MAS (Movimiento al Socialismo, el partido fundado por \u00e9l) y defenestrarnos con procesos pol\u00edticos, incluso eliminarnos f\u00edsicamente\u201d, argument\u00f3 el exmandatario sobre su decisi\u00f3n.<\/p>\n<p style=\"text-align: justify;\">Afirm\u00f3 que dar\u00e1 \u201ctodo lo que pueda\u201d, porque tiene \u201cfuerza todav\u00eda\u201d, y prometi\u00f3 \u201cenfrentar con la verdad, dignidad y honestidad toda esa agresi\u00f3n\u201d que, seg\u00fan dijo, \u00e9l y sus partidarios sufren \u201cen las redes sociales desde el Ministerio de la Presidencia\u201d.<\/p>\n<p style=\"text-align: justify;\">Morales gobern\u00f3 Bolivia entre 2006 y 2019, y casi todo ese tiempo cont\u00f3 con Arce como ministro de Econom\u00eda.<\/p>\n<p style=\"text-align: justify;\">Sin embargo, ambos se distanciaron desde que Arce asumi\u00f3 la jefatura del Poder Ejecutivo, a fines de 2020.<\/p>\n","protected":false},"excerpt":{"rendered":"<p>La Paz.-El expresidente de Bolivia Evo Morales anunci\u00f3 hoy que decidi\u00f3 \u201caceptar los pedidos\u201d de sus simpatizantes y postularse a la Presidencia en las elecciones de 2025, a fin de \u201cenfrentar\u201d la \u201cagresi\u00f3n\u201d que atribuy\u00f3 al gobierno de su correligionario Luis Arce.<\/p>\n","protected":false},"author":11,"featured_media":470941,"comment_status":"closed","ping_status":"closed","sticky":false,"template":"","format":"standard","meta":{"_monsterinsights_skip_tracking":false,"_monsterinsights_sitenote_active":false,"_monsterinsights_sitenote_note":"","_monsterinsights_sitenote_category":0,"footnotes":""},"categories":[5],"tags":[3919,1656,1875,9741,142,379],"class_list":{"0":"post-470936","1":"post","2":"type-post","3":"status-publish","4":"format-standard","5":"has-post-thumbnail","7":"category-internacionales","8":"tag-anuncio","9":"tag-bolivia","10":"tag-candidatura","11":"tag-evo-morales","12":"tag-gobierno","13":"tag-presidencia"},"yoast_head":"<!-- This site is optimized with the Yoast SEO plugin v27.5 - https:\/\/yoast.com\/product\/yoast-seo-wordpress\/ -->\n<title>Evo Morales anunci\u00f3 que se postular\u00e1 a la presidencia de Bolivia en 2025 - .::Agencia IP::.<\/title>\n<meta name=\"robots\" content=\"index, follow, max-snippet:-1, max-image-preview:large, max-video-preview:-1\" \/>\n<link rel=\"canonical\" href=\"https:\/\/www.ip.gov.py\/ip\/2023\/09\/25\/evo-morales-anuncio-que-se-postulara-a-la-presidencia-de-bolivia-en-2025\/\" \/>\n<meta property=\"og:locale\" content=\"es_ES\" \/>\n<meta property=\"og:type\" content=\"article\" \/>\n<meta property=\"og:title\" content=\"Evo Morales anunci\u00f3 que se postular\u00e1 a la presidencia de Bolivia en 2025 - .::Agencia IP::.\" \/>\n<meta property=\"og:description\" content=\"La Paz.-El expresidente de Bolivia Evo Morales anunci\u00f3 hoy que decidi\u00f3 \u201caceptar los pedidos\u201d de sus simpatizantes y postularse a la Presidencia en las elecciones de 2025, a fin de \u201cenfrentar\u201d la \u201cagresi\u00f3n\u201d que atribuy\u00f3 al gobierno de su correligionario Luis Arce.\" \/>\n<meta property=\"og:url\" content=\"https:\/\/www.ip.gov.py\/ip\/2023\/09\/25\/evo-morales-anuncio-que-se-postulara-a-la-presidencia-de-bolivia-en-2025\/\" \/>\n<meta property=\"og:site_name\" content=\".::Agencia IP::.\" \/>\n<meta property=\"article:publisher\" content=\"https:\/\/www.facebook.com\/IPParaguay\/\" \/>\n<meta property=\"article:published_time\" content=\"2023-09-25T16:23:28+00:00\" \/>\n<meta property=\"article:modified_time\" content=\"2023-09-25T16:25:18+00:00\" \/>\n<meta property=\"og:image\" content=\"https:\/\/www.ip.gov.py\/ip\/wp-content\/uploads\/2023\/09\/Morales.webp\" \/>\n\t<meta property=\"og:image:width\" content=\"723\" \/>\n\t<meta property=\"og:image:height\" content=\"405\" \/>\n\t<meta property=\"og:image:type\" content=\"image\/webp\" \/>\n<meta name=\"author\" content=\"vrios\" \/>\n<meta name=\"twitter:card\" content=\"summary_large_image\" \/>\n<meta name=\"twitter:creator\" content=\"@IPParaguay\" \/>\n<meta name=\"twitter:site\" content=\"@IPParaguay\" \/>\n<meta name=\"twitter:label1\" content=\"Escrito por\" \/>\n\t<meta name=\"twitter:data1\" content=\"vrios\" \/>\n\t<meta name=\"twitter:label2\" content=\"Tiempo de lectura\" \/>\n\t<meta name=\"twitter:data2\" content=\"1 minuto\" \/>\n<script type=\"application\/ld+json\" class=\"yoast-schema-graph\">{\"@context\":\"https:\\\/\\\/schema.org\",\"@graph\":[{\"@type\":\"Article\",\"@id\":\"https:\\\/\\\/www.ip.gov.py\\\/ip\\\/2023\\\/09\\\/25\\\/evo-morales-anuncio-que-se-postulara-a-la-presidencia-de-bolivia-en-2025\\\/#article\",\"isPartOf\":{\"@id\":\"https:\\\/\\\/www.ip.gov.py\\\/ip\\\/2023\\\/09\\\/25\\\/evo-morales-anuncio-que-se-postulara-a-la-presidencia-de-bolivia-en-2025\\\/\"},\"author\":{\"name\":\"vrios\",\"@id\":\"https:\\\/\\\/www.ip.gov.py\\\/ip\\\/#\\\/schema\\\/person\\\/fa3668852e893cb0423795330f919039\"},\"headline\":\"Evo Morales anunci\u00f3 que se postular\u00e1 a la presidencia de Bolivia en 2025\",\"datePublished\":\"2023-09-25T16:23:28+00:00\",\"dateModified\":\"2023-09-25T16:25:18+00:00\",\"mainEntityOfPage\":{\"@id\":\"https:\\\/\\\/www.ip.gov.py\\\/ip\\\/2023\\\/09\\\/25\\\/evo-morales-anuncio-que-se-postulara-a-la-presidencia-de-bolivia-en-2025\\\/\"},\"wordCount\":212,\"publisher\":{\"@id\":\"https:\\\/\\\/www.ip.gov.py\\\/ip\\\/#organization\"},\"image\":{\"@id\":\"https:\\\/\\\/www.ip.gov.py\\\/ip\\\/2023\\\/09\\\/25\\\/evo-morales-anuncio-que-se-postulara-a-la-presidencia-de-bolivia-en-2025\\\/#primaryimage\"},\"thumbnailUrl\":\"https:\\\/\\\/www.ip.gov.py\\\/ip\\\/wp-content\\\/uploads\\\/2023\\\/09\\\/Morales.webp\",\"keywords\":[\"Anuncio\",\"Bolivia\",\"Candidatura\",\"Evo Morales\",\"Gobierno\",\"presidencia\"],\"articleSection\":[\"Internacionales\"],\"inLanguage\":\"es\"},{\"@type\":\"WebPage\",\"@id\":\"https:\\\/\\\/www.ip.gov.py\\\/ip\\\/2023\\\/09\\\/25\\\/evo-morales-anuncio-que-se-postulara-a-la-presidencia-de-bolivia-en-2025\\\/\",\"url\":\"https:\\\/\\\/www.ip.gov.py\\\/ip\\\/2023\\\/09\\\/25\\\/evo-morales-anuncio-que-se-postulara-a-la-presidencia-de-bolivia-en-2025\\\/\",\"name\":\"Evo Morales anunci\u00f3 que se postular\u00e1 a la presidencia de Bolivia en 2025 - .::Agencia IP::.\",\"isPartOf\":{\"@id\":\"https:\\\/\\\/www.ip.gov.py\\\/ip\\\/#website\"},\"primaryImageOfPage\":{\"@id\":\"https:\\\/\\\/www.ip.gov.py\\\/ip\\\/2023\\\/09\\\/25\\\/evo-morales-anuncio-que-se-postulara-a-la-presidencia-de-bolivia-en-2025\\\/#primaryimage\"},\"image\":{\"@id\":\"https:\\\/\\\/www.ip.gov.py\\\/ip\\\/2023\\\/09\\\/25\\\/evo-morales-anuncio-que-se-postulara-a-la-presidencia-de-bolivia-en-2025\\\/#primaryimage\"},\"thumbnailUrl\":\"https:\\\/\\\/www.ip.gov.py\\\/ip\\\/wp-content\\\/uploads\\\/2023\\\/09\\\/Morales.webp\",\"datePublished\":\"2023-09-25T16:23:28+00:00\",\"dateModified\":\"2023-09-25T16:25:18+00:00\",\"breadcrumb\":{\"@id\":\"https:\\\/\\\/www.ip.gov.py\\\/ip\\\/2023\\\/09\\\/25\\\/evo-morales-anuncio-que-se-postulara-a-la-presidencia-de-bolivia-en-2025\\\/#breadcrumb\"},\"inLanguage\":\"es\",\"potentialAction\":[{\"@type\":\"ReadAction\",\"target\":[\"https:\\\/\\\/www.ip.gov.py\\\/ip\\\/2023\\\/09\\\/25\\\/evo-morales-anuncio-que-se-postulara-a-la-presidencia-de-bolivia-en-2025\\\/\"]}]},{\"@type\":\"ImageObject\",\"inLanguage\":\"es\",\"@id\":\"https:\\\/\\\/www.ip.gov.py\\\/ip\\\/2023\\\/09\\\/25\\\/evo-morales-anuncio-que-se-postulara-a-la-presidencia-de-bolivia-en-2025\\\/#primaryimage\",\"url\":\"https:\\\/\\\/www.ip.gov.py\\\/ip\\\/wp-content\\\/uploads\\\/2023\\\/09\\\/Morales.webp\",\"contentUrl\":\"https:\\\/\\\/www.ip.gov.py\\\/ip\\\/wp-content\\\/uploads\\\/2023\\\/09\\\/Morales.webp\",\"width\":723,\"height\":405,\"caption\":\"El Chubut\"},{\"@type\":\"BreadcrumbList\",\"@id\":\"https:\\\/\\\/www.ip.gov.py\\\/ip\\\/2023\\\/09\\\/25\\\/evo-morales-anuncio-que-se-postulara-a-la-presidencia-de-bolivia-en-2025\\\/#breadcrumb\",\"itemListElement\":[{\"@type\":\"ListItem\",\"position\":1,\"name\":\"Portada\",\"item\":\"https:\\\/\\\/www.ip.gov.py\\\/ip\\\/\"},{\"@type\":\"ListItem\",\"position\":2,\"name\":\"Evo Morales anunci\u00f3 que se postular\u00e1 a la presidencia de Bolivia en 2025\"}]},{\"@type\":\"WebSite\",\"@id\":\"https:\\\/\\\/www.ip.gov.py\\\/ip\\\/#website\",\"url\":\"https:\\\/\\\/www.ip.gov.py\\\/ip\\\/\",\"name\":\".::Agencia IP::.\",\"description\":\"\",\"publisher\":{\"@id\":\"https:\\\/\\\/www.ip.gov.py\\\/ip\\\/#organization\"},\"potentialAction\":[{\"@type\":\"SearchAction\",\"target\":{\"@type\":\"EntryPoint\",\"urlTemplate\":\"https:\\\/\\\/www.ip.gov.py\\\/ip\\\/?s={search_term_string}\"},\"query-input\":{\"@type\":\"PropertyValueSpecification\",\"valueRequired\":true,\"valueName\":\"search_term_string\"}}],\"inLanguage\":\"es\"},{\"@type\":\"Organization\",\"@id\":\"https:\\\/\\\/www.ip.gov.py\\\/ip\\\/#organization\",\"name\":\"Agencia IP\",\"url\":\"https:\\\/\\\/www.ip.gov.py\\\/ip\\\/\",\"logo\":{\"@type\":\"ImageObject\",\"inLanguage\":\"es\",\"@id\":\"https:\\\/\\\/www.ip.gov.py\\\/ip\\\/#\\\/schema\\\/logo\\\/image\\\/\",\"url\":\"https:\\\/\\\/www.ip.gov.py\\\/ip\\\/wp-content\\\/uploads\\\/2018\\\/01\\\/Agencia-IP.jpg\",\"contentUrl\":\"https:\\\/\\\/www.ip.gov.py\\\/ip\\\/wp-content\\\/uploads\\\/2018\\\/01\\\/Agencia-IP.jpg\",\"width\":150,\"height\":150,\"caption\":\"Agencia IP\"},\"image\":{\"@id\":\"https:\\\/\\\/www.ip.gov.py\\\/ip\\\/#\\\/schema\\\/logo\\\/image\\\/\"},\"sameAs\":[\"https:\\\/\\\/www.facebook.com\\\/IPParaguay\\\/\",\"https:\\\/\\\/x.com\\\/IPParaguay\",\"https:\\\/\\\/www.instagram.com\\\/IPParaguay\"]},{\"@type\":\"Person\",\"@id\":\"https:\\\/\\\/www.ip.gov.py\\\/ip\\\/#\\\/schema\\\/person\\\/fa3668852e893cb0423795330f919039\",\"name\":\"vrios\",\"url\":\"https:\\\/\\\/www.ip.gov.py\\\/ip\\\/author\\\/vrios\\\/\"}]}<\/script>\n<!-- \/ Yoast SEO plugin. -->","yoast_head_json":{"title":"Evo Morales anunci\u00f3 que se postular\u00e1 a la presidencia de Bolivia en 2025 - .::Agencia IP::.","robots":{"index":"index","follow":"follow","max-snippet":"max-snippet:-1","max-image-preview":"max-image-preview:large","max-video-preview":"max-video-preview:-1"},"canonical":"https:\/\/www.ip.gov.py\/ip\/2023\/09\/25\/evo-morales-anuncio-que-se-postulara-a-la-presidencia-de-bolivia-en-2025\/","og_locale":"es_ES","og_type":"article","og_title":"Evo Morales anunci\u00f3 que se postular\u00e1 a la presidencia de Bolivia en 2025 - .::Agencia IP::.","og_description":"La Paz.-El expresidente de Bolivia Evo Morales anunci\u00f3 hoy que decidi\u00f3 \u201caceptar los pedidos\u201d de sus simpatizantes y postularse a la Presidencia en las elecciones de 2025, a fin de \u201cenfrentar\u201d la \u201cagresi\u00f3n\u201d que atribuy\u00f3 al gobierno de su correligionario Luis Arce.","og_url":"https:\/\/www.ip.gov.py\/ip\/2023\/09\/25\/evo-morales-anuncio-que-se-postulara-a-la-presidencia-de-bolivia-en-2025\/","og_site_name":".::Agencia IP::.","article_publisher":"https:\/\/www.facebook.com\/IPParaguay\/","article_published_time":"2023-09-25T16:23:28+00:00","article_modified_time":"2023-09-25T16:25:18+00:00","og_image":[{"width":723,"height":405,"url":"https:\/\/www.ip.gov.py\/ip\/wp-content\/uploads\/2023\/09\/Morales.webp","type":"image\/webp"}],"author":"vrios","twitter_card":"summary_large_image","twitter_creator":"@IPParaguay","twitter_site":"@IPParaguay","twitter_misc":{"Escrito por":"vrios","Tiempo de lectura":"1 minuto"},"schema":{"@context":"https:\/\/schema.org","@graph":[{"@type":"Article","@id":"https:\/\/www.ip.gov.py\/ip\/2023\/09\/25\/evo-morales-anuncio-que-se-postulara-a-la-presidencia-de-bolivia-en-2025\/#article","isPartOf":{"@id":"https:\/\/www.ip.gov.py\/ip\/2023\/09\/25\/evo-morales-anuncio-que-se-postulara-a-la-presidencia-de-bolivia-en-2025\/"},"author":{"name":"vrios","@id":"https:\/\/www.ip.gov.py\/ip\/#\/schema\/person\/fa3668852e893cb0423795330f919039"},"headline":"Evo Morales anunci\u00f3 que se postular\u00e1 a la presidencia de Bolivia en 2025","datePublished":"2023-09-25T16:23:28+00:00","dateModified":"2023-09-25T16:25:18+00:00","mainEntityOfPage":{"@id":"https:\/\/www.ip.gov.py\/ip\/2023\/09\/25\/evo-morales-anuncio-que-se-postulara-a-la-presidencia-de-bolivia-en-2025\/"},"wordCount":212,"publisher":{"@id":"https:\/\/www.ip.gov.py\/ip\/#organization"},"image":{"@id":"https:\/\/www.ip.gov.py\/ip\/2023\/09\/25\/evo-morales-anuncio-que-se-postulara-a-la-presidencia-de-bolivia-en-2025\/#primaryimage"},"thumbnailUrl":"https:\/\/www.ip.gov.py\/ip\/wp-content\/uploads\/2023\/09\/Morales.webp","keywords":["Anuncio","Bolivia","Candidatura","Evo Morales","Gobierno","presidencia"],"articleSection":["Internacionales"],"inLanguage":"es"},{"@type":"WebPage","@id":"https:\/\/www.ip.gov.py\/ip\/2023\/09\/25\/evo-morales-anuncio-que-se-postulara-a-la-presidencia-de-bolivia-en-2025\/","url":"https:\/\/www.ip.gov.py\/ip\/2023\/09\/25\/evo-morales-anuncio-que-se-postulara-a-la-presidencia-de-bolivia-en-2025\/","name":"Evo Morales anunci\u00f3 que se postular\u00e1 a la presidencia de Bolivia en 2025 - .::Agencia IP::.","isPartOf":{"@id":"https:\/\/www.ip.gov.py\/ip\/#website"},"primaryImageOfPage":{"@id":"https:\/\/www.ip.gov.py\/ip\/2023\/09\/25\/evo-morales-anuncio-que-se-postulara-a-la-presidencia-de-bolivia-en-2025\/#primaryimage"},"image":{"@id":"https:\/\/www.ip.gov.py\/ip\/2023\/09\/25\/evo-morales-anuncio-que-se-postulara-a-la-presidencia-de-bolivia-en-2025\/#primaryimage"},"thumbnailUrl":"https:\/\/www.ip.gov.py\/ip\/wp-content\/uploads\/2023\/09\/Morales.webp","datePublished":"2023-09-25T16:23:28+00:00","dateModified":"2023-09-25T16:25:18+00:00","breadcrumb":{"@id":"https:\/\/www.ip.gov.py\/ip\/2023\/09\/25\/evo-morales-anuncio-que-se-postulara-a-la-presidencia-de-bolivia-en-2025\/#breadcrumb"},"inLanguage":"es","potentialAction":[{"@type":"ReadAction","target":["https:\/\/www.ip.gov.py\/ip\/2023\/09\/25\/evo-morales-anuncio-que-se-postulara-a-la-presidencia-de-bolivia-en-2025\/"]}]},{"@type":"ImageObject","inLanguage":"es","@id":"https:\/\/www.ip.gov.py\/ip\/2023\/09\/25\/evo-morales-anuncio-que-se-postulara-a-la-presidencia-de-bolivia-en-2025\/#primaryimage","url":"https:\/\/www.ip.gov.py\/ip\/wp-content\/uploads\/2023\/09\/Morales.webp","contentUrl":"https:\/\/www.ip.gov.py\/ip\/wp-content\/uploads\/2023\/09\/Morales.webp","width":723,"height":405,"caption":"El Chubut"},{"@type":"BreadcrumbList","@id":"https:\/\/www.ip.gov.py\/ip\/2023\/09\/25\/evo-morales-anuncio-que-se-postulara-a-la-presidencia-de-bolivia-en-2025\/#breadcrumb","itemListElement":[{"@type":"ListItem","position":1,"name":"Portada","item":"https:\/\/www.ip.gov.py\/ip\/"},{"@type":"ListItem","position":2,"name":"Evo Morales anunci\u00f3 que se postular\u00e1 a la presidencia de Bolivia en 2025"}]},{"@type":"WebSite","@id":"https:\/\/www.ip.gov.py\/ip\/#website","url":"https:\/\/www.ip.gov.py\/ip\/","name":".::Agencia IP::.","description":"","publisher":{"@id":"https:\/\/www.ip.gov.py\/ip\/#organization"},"potentialAction":[{"@type":"SearchAction","target":{"@type":"EntryPoint","urlTemplate":"https:\/\/www.ip.gov.py\/ip\/?s={search_term_string}"},"query-input":{"@type":"PropertyValueSpecification","valueRequired":true,"valueName":"search_term_string"}}],"inLanguage":"es"},{"@type":"Organization","@id":"https:\/\/www.ip.gov.py\/ip\/#organization","name":"Agencia IP","url":"https:\/\/www.ip.gov.py\/ip\/","logo":{"@type":"ImageObject","inLanguage":"es","@id":"https:\/\/www.ip.gov.py\/ip\/#\/schema\/logo\/image\/","url":"https:\/\/www.ip.gov.py\/ip\/wp-content\/uploads\/2018\/01\/Agencia-IP.jpg","contentUrl":"https:\/\/www.ip.gov.py\/ip\/wp-content\/uploads\/2018\/01\/Agencia-IP.jpg","width":150,"height":150,"caption":"Agencia IP"},"image":{"@id":"https:\/\/www.ip.gov.py\/ip\/#\/schema\/logo\/image\/"},"sameAs":["https:\/\/www.facebook.com\/IPParaguay\/","https:\/\/x.com\/IPParaguay","https:\/\/www.instagram.com\/IPParaguay"]},{"@type":"Person","@id":"https:\/\/www.ip.gov.py\/ip\/#\/schema\/person\/fa3668852e893cb0423795330f919039","name":"vrios","url":"https:\/\/www.ip.gov.py\/ip\/author\/vrios\/"}]}},"_links":{"self":[{"href":"https:\/\/www.ip.gov.py\/ip\/wp-json\/wp\/v2\/posts\/470936","targetHints":{"allow":["GET"]}}],"collection":[{"href":"https:\/\/www.ip.gov.py\/ip\/wp-json\/wp\/v2\/posts"}],"about":[{"href":"https:\/\/www.ip.gov.py\/ip\/wp-json\/wp\/v2\/types\/post"}],"author":[{"embeddable":true,"href":"https:\/\/www.ip.gov.py\/ip\/wp-json\/wp\/v2\/users\/11"}],"replies":[{"embeddable":true,"href":"https:\/\/www.ip.gov.py\/ip\/wp-json\/wp\/v2\/comments?post=470936"}],"version-history":[{"count":1,"href":"https:\/\/www.ip.gov.py\/ip\/wp-json\/wp\/v2\/posts\/470936\/revisions"}],"predecessor-version":[{"id":470939,"href":"https:\/\/www.ip.gov.py\/ip\/wp-json\/wp\/v2\/posts\/470936\/revisions\/470939"}],"wp:featuredmedia":[{"embeddable":true,"href":"https:\/\/www.ip.gov.py\/ip\/wp-json\/wp\/v2\/media\/470941"}],"wp:attachment":[{"href":"https:\/\/www.ip.gov.py\/ip\/wp-json\/wp\/v2\/media?parent=470936"}],"wp:term":[{"taxonomy":"category","embeddable":true,"href":"https:\/\/www.ip.gov.py\/ip\/wp-json\/wp\/v2\/categories?post=470936"},{"taxonomy":"post_tag","embeddable":true,"href":"https:\/\/www.ip.gov.py\/ip\/wp-json\/wp\/v2\/tags?post=470936"}],"curies":[{"name":"wp","href":"https:\/\/api.w.org\/{rel}","templated":true}]}}