{"id":471562,"date":"2023-10-02T07:17:25","date_gmt":"2023-10-02T10:17:25","guid":{"rendered":"https:\/\/www.ip.gov.py\/ip\/?p=471562"},"modified":"2023-10-02T07:38:33","modified_gmt":"2023-10-02T10:38:33","slug":"estados-unidos-y-ecuador-acordaron-el-envio-de-militares-para-combatir-el-narcotrafico","status":"publish","type":"post","link":"https:\/\/www.ip.gov.py\/ip\/2023\/10\/02\/estados-unidos-y-ecuador-acordaron-el-envio-de-militares-para-combatir-el-narcotrafico\/","title":{"rendered":"EE.UU y Ecuador acordaron el env\u00edo de militares para combatir el narcotr\u00e1fico"},"content":{"rendered":"<p style=\"text-align: justify;\"><em><strong>Washington.-<\/strong><\/em>El Gobierno de Estados Unidos firm\u00f3 un acuerdo con Ecuador para el env\u00edo de fuerzas militares terrestres y mar\u00edtimas al pa\u00eds que tendr\u00edan como objetivo combatir a las organizaciones del narcotr\u00e1fico.<!--more--><\/p>\n<p style=\"text-align: justify;\">Varios congresistas estadounidenses fueron informados durante una reuni\u00f3n a puerta cerrada celebrada el pasado mi\u00e9rcoles en la que tambi\u00e9n estuvo presente el presidente de Ecuador, Guillermo Lasso, seg\u00fan revel\u00f3 el miembro de la C\u00e1mara de Representantes Dan Crenshaw a The Washington Examiner.<\/p>\n<p style=\"text-align: justify;\">\u201cAnunciaron y firmaron un acuerdo con Estados Unidos\u201d, dijo Crenshaw, que preside la Fuerza de Intervenci\u00f3n del Congreso para Combatir a los C\u00e1rteles de la Droga Mexicanos. En la firma estuvieron presentes altos cargos de la Guardia Costera y del Departamento de Defensa estadounidenses.<\/p>\n<p style=\"text-align: justify;\">Desde el mi\u00e9rcoles el Departamento de Estado emiti\u00f3 m\u00e1s de una treintena de comunicados de prensa, pero no dio ning\u00fan tipo de publicidad al acuerdo suscrito con Ecuador, pero un portavoz del Departamento confirm\u00f3 el viernes al The Washington Examiner que se firmaron un acuerdo de status de fuerzas y un acuerdo de fuerzas mar\u00edtimas.<\/p>\n<p style=\"text-align: justify;\">El acuerdo mar\u00edtimo permite la presencia de buques militares estadounidenses en aguas de la costa ecuatoriana, una ruta utilizada habitualmente por los c\u00e1rteles de la droga colombianos para transportar coca\u00edna.<\/p>\n<p style=\"text-align: justify;\">As\u00ed \u201cse refuerza la vigilancia y se mejora la capacidad para evitar y combatir la actividad il\u00edcita mar\u00edtima transnacional\u201d, dijo el portavoz del Departamento de Estado.<\/p>\n<p style=\"text-align: justify;\">El segundo acuerdo fija las condiciones para la presencia de militares estadounidenses en Ecuador.<\/p>\n<p style=\"text-align: justify;\">\u201cEso no significa que vaya a haber fuerzas militares all\u00ed, sino que fija que podemos tenerlas y supone un mensaje muy claro de que quieren que nos impliquemos m\u00e1s\u201d, apunt\u00f3 un responsable del grupo de presi\u00f3n de la Oficina de Washington para Am\u00e9rica Latina (WOLA), Adam Isacson, citado por el medio estadounidense.<\/p>\n<p style=\"text-align: justify;\">El acuerdo llega en un momento en que Ecuador vive una escalada de violencia que las autoridades atribuyen al enfrentamiento entre bandas criminales, vinculadas al narcotr\u00e1fico.<\/p>\n<p style=\"text-align: justify;\">El pa\u00eds andino ha pasado en cinco a\u00f1os de 5,8 a 25,32 asesinatos por cada 100.000 habitantes, la cifra m\u00e1s alta desde que se tiene registro en el pa\u00eds, y seg\u00fan los expertos esa tasa podr\u00eda alcanzar incluso los 40 para finales de 2023.<\/p>\n<p style=\"text-align: justify;\">En este contexto, un millar de polic\u00edas y militares participaron este s\u00e1bado en un operativo de seguridad en el cant\u00f3n Dur\u00e1n, uno de los m\u00e1s violentos del pa\u00eds en los \u00faltimos tiempos, y que est\u00e1 situado en la provincia costera del Guayas (suroeste). El operativo incluy\u00f3 una intervenci\u00f3n en la Penitenciar\u00eda de Guayaquil con el objetivo de desarmar a las organizaciones delictivas, que est\u00e1n adem\u00e1s provocando una crisis carcelaria en el pa\u00eds.<\/p>\n<p style=\"text-align: justify;\">Asimismo, la violencia se meti\u00f3 en la campa\u00f1a presidencial para elegir al sucesor de Lasso, con el asesinato a tiros del candidato Fernando Villavicencio durante un acto de campa\u00f1a en Quito el pasado agosto.<\/p>\n<p style=\"text-align: justify;\">Villavicencio, un periodista de 59 a\u00f1os que era muy cr\u00edtico con el crimen organizado, hab\u00eda denunciado d\u00edas antes de su muerte amenazas de Jos\u00e9 Adolfo Mac\u00edas Villamar, alias \u201cFito\u201d, identificado como l\u00edder de Los Choneros, grupo con nexos con el mexicano cartel de Sinaloa.<\/p>\n<p style=\"text-align: justify;\">Tras el asesinato, las autoridades ecuatorianas arrestaron a seis ciudadanos colombianos sospechosos de haber perpetrado el ataque.<\/p>\n<p style=\"text-align: justify;\">En otra muestra de la cooperaci\u00f3n entre Ecuador y Estados Unidos, el FBI asiste a Quito en la investigaci\u00f3n del magnicidio.<\/p>\n<p style=\"text-align: justify;\">El jueves, el Departamento de Estado de Estados Unidos anunci\u00f3 una recompensa de hasta 5 millones de d\u00f3lares por informaci\u00f3n que lleve a la captura de los cabecillas responsables del asesinato.<\/p>\n<p style=\"text-align: justify;\">Tambi\u00e9n ofreci\u00f3 hasta un mill\u00f3n de d\u00f3lares por informaci\u00f3n que lleve a la identificaci\u00f3n de miembros de alto rango del grupo criminal responsable del asesinato del candidato.<\/p>\n<p style=\"text-align: justify;\">\u201cEstados Unidos seguir\u00e1 apoyando al pueblo de Ecuador y trabajar\u00e1 para llevar ante la justicia a los individuos que buscan socavar los procesos democr\u00e1ticos a trav\u00e9s del crimen violento\u201d, dijo en un comunicado el secretario de Estado estadounidense, Antony Blinken.Infobae.<\/p>\n","protected":false},"excerpt":{"rendered":"<p>Washington.-El Gobierno de Estados Unidos firm\u00f3 un acuerdo con Ecuador para el env\u00edo de fuerzas militares terrestres y mar\u00edtimas al pa\u00eds que tendr\u00edan como objetivo combatir a las organizaciones del narcotr\u00e1fico.<\/p>\n","protected":false},"author":11,"featured_media":471563,"comment_status":"closed","ping_status":"closed","sticky":false,"template":"","format":"standard","meta":{"_monsterinsights_skip_tracking":false,"_monsterinsights_sitenote_active":false,"_monsterinsights_sitenote_note":"","_monsterinsights_sitenote_category":0,"footnotes":""},"categories":[5],"tags":[281,5340,1539,368,2369,3384],"class_list":{"0":"post-471562","1":"post","2":"type-post","3":"status-publish","4":"format-standard","5":"has-post-thumbnail","7":"category-internacionales","8":"tag-acuerdo","9":"tag-alerta","10":"tag-ecuador","11":"tag-ee-uu","12":"tag-militares","13":"tag-narcotrafico"},"yoast_head":"<!-- This site is optimized with the Yoast SEO plugin v27.5 - https:\/\/yoast.com\/product\/yoast-seo-wordpress\/ -->\n<title>EE.UU y Ecuador acordaron el env\u00edo de militares para combatir el narcotr\u00e1fico - .::Agencia IP::.<\/title>\n<meta name=\"robots\" content=\"index, follow, max-snippet:-1, max-image-preview:large, max-video-preview:-1\" \/>\n<link rel=\"canonical\" href=\"https:\/\/www.ip.gov.py\/ip\/2023\/10\/02\/estados-unidos-y-ecuador-acordaron-el-envio-de-militares-para-combatir-el-narcotrafico\/\" \/>\n<meta property=\"og:locale\" content=\"es_ES\" \/>\n<meta property=\"og:type\" content=\"article\" \/>\n<meta property=\"og:title\" content=\"EE.UU y Ecuador acordaron el env\u00edo de militares para combatir el narcotr\u00e1fico - .::Agencia IP::.\" \/>\n<meta property=\"og:description\" content=\"Washington.-El Gobierno de Estados Unidos firm\u00f3 un acuerdo con Ecuador para el env\u00edo de fuerzas militares terrestres y mar\u00edtimas al pa\u00eds que tendr\u00edan como objetivo combatir a las organizaciones del narcotr\u00e1fico.\" \/>\n<meta property=\"og:url\" content=\"https:\/\/www.ip.gov.py\/ip\/2023\/10\/02\/estados-unidos-y-ecuador-acordaron-el-envio-de-militares-para-combatir-el-narcotrafico\/\" \/>\n<meta property=\"og:site_name\" content=\".::Agencia IP::.\" \/>\n<meta property=\"article:publisher\" content=\"https:\/\/www.facebook.com\/IPParaguay\/\" \/>\n<meta property=\"article:published_time\" content=\"2023-10-02T10:17:25+00:00\" \/>\n<meta property=\"article:modified_time\" content=\"2023-10-02T10:38:33+00:00\" \/>\n<meta property=\"og:image\" content=\"https:\/\/www.ip.gov.py\/ip\/wp-content\/uploads\/2023\/10\/Ecuador.jpg\" \/>\n\t<meta property=\"og:image:width\" content=\"712\" \/>\n\t<meta property=\"og:image:height\" content=\"400\" \/>\n\t<meta property=\"og:image:type\" content=\"image\/jpeg\" \/>\n<meta name=\"author\" content=\"vrios\" \/>\n<meta name=\"twitter:card\" content=\"summary_large_image\" \/>\n<meta name=\"twitter:creator\" content=\"@IPParaguay\" \/>\n<meta name=\"twitter:site\" content=\"@IPParaguay\" \/>\n<meta name=\"twitter:label1\" content=\"Escrito por\" \/>\n\t<meta name=\"twitter:data1\" content=\"vrios\" \/>\n\t<meta name=\"twitter:label2\" content=\"Tiempo de lectura\" \/>\n\t<meta name=\"twitter:data2\" content=\"4 minutos\" \/>\n<script type=\"application\/ld+json\" class=\"yoast-schema-graph\">{\"@context\":\"https:\\\/\\\/schema.org\",\"@graph\":[{\"@type\":\"Article\",\"@id\":\"https:\\\/\\\/www.ip.gov.py\\\/ip\\\/2023\\\/10\\\/02\\\/estados-unidos-y-ecuador-acordaron-el-envio-de-militares-para-combatir-el-narcotrafico\\\/#article\",\"isPartOf\":{\"@id\":\"https:\\\/\\\/www.ip.gov.py\\\/ip\\\/2023\\\/10\\\/02\\\/estados-unidos-y-ecuador-acordaron-el-envio-de-militares-para-combatir-el-narcotrafico\\\/\"},\"author\":{\"name\":\"vrios\",\"@id\":\"https:\\\/\\\/www.ip.gov.py\\\/ip\\\/#\\\/schema\\\/person\\\/fa3668852e893cb0423795330f919039\"},\"headline\":\"EE.UU y Ecuador acordaron el env\u00edo de militares para combatir el narcotr\u00e1fico\",\"datePublished\":\"2023-10-02T10:17:25+00:00\",\"dateModified\":\"2023-10-02T10:38:33+00:00\",\"mainEntityOfPage\":{\"@id\":\"https:\\\/\\\/www.ip.gov.py\\\/ip\\\/2023\\\/10\\\/02\\\/estados-unidos-y-ecuador-acordaron-el-envio-de-militares-para-combatir-el-narcotrafico\\\/\"},\"wordCount\":722,\"publisher\":{\"@id\":\"https:\\\/\\\/www.ip.gov.py\\\/ip\\\/#organization\"},\"image\":{\"@id\":\"https:\\\/\\\/www.ip.gov.py\\\/ip\\\/2023\\\/10\\\/02\\\/estados-unidos-y-ecuador-acordaron-el-envio-de-militares-para-combatir-el-narcotrafico\\\/#primaryimage\"},\"thumbnailUrl\":\"https:\\\/\\\/www.ip.gov.py\\\/ip\\\/wp-content\\\/uploads\\\/2023\\\/10\\\/Ecuador.jpg\",\"keywords\":[\"Acuerdo\",\"Alerta\",\"Ecuador\",\"EE.UU\",\"militares\",\"Narcotr\u00e1fico\"],\"articleSection\":[\"Internacionales\"],\"inLanguage\":\"es\"},{\"@type\":\"WebPage\",\"@id\":\"https:\\\/\\\/www.ip.gov.py\\\/ip\\\/2023\\\/10\\\/02\\\/estados-unidos-y-ecuador-acordaron-el-envio-de-militares-para-combatir-el-narcotrafico\\\/\",\"url\":\"https:\\\/\\\/www.ip.gov.py\\\/ip\\\/2023\\\/10\\\/02\\\/estados-unidos-y-ecuador-acordaron-el-envio-de-militares-para-combatir-el-narcotrafico\\\/\",\"name\":\"EE.UU y Ecuador acordaron el env\u00edo de militares para combatir el narcotr\u00e1fico - .::Agencia IP::.\",\"isPartOf\":{\"@id\":\"https:\\\/\\\/www.ip.gov.py\\\/ip\\\/#website\"},\"primaryImageOfPage\":{\"@id\":\"https:\\\/\\\/www.ip.gov.py\\\/ip\\\/2023\\\/10\\\/02\\\/estados-unidos-y-ecuador-acordaron-el-envio-de-militares-para-combatir-el-narcotrafico\\\/#primaryimage\"},\"image\":{\"@id\":\"https:\\\/\\\/www.ip.gov.py\\\/ip\\\/2023\\\/10\\\/02\\\/estados-unidos-y-ecuador-acordaron-el-envio-de-militares-para-combatir-el-narcotrafico\\\/#primaryimage\"},\"thumbnailUrl\":\"https:\\\/\\\/www.ip.gov.py\\\/ip\\\/wp-content\\\/uploads\\\/2023\\\/10\\\/Ecuador.jpg\",\"datePublished\":\"2023-10-02T10:17:25+00:00\",\"dateModified\":\"2023-10-02T10:38:33+00:00\",\"breadcrumb\":{\"@id\":\"https:\\\/\\\/www.ip.gov.py\\\/ip\\\/2023\\\/10\\\/02\\\/estados-unidos-y-ecuador-acordaron-el-envio-de-militares-para-combatir-el-narcotrafico\\\/#breadcrumb\"},\"inLanguage\":\"es\",\"potentialAction\":[{\"@type\":\"ReadAction\",\"target\":[\"https:\\\/\\\/www.ip.gov.py\\\/ip\\\/2023\\\/10\\\/02\\\/estados-unidos-y-ecuador-acordaron-el-envio-de-militares-para-combatir-el-narcotrafico\\\/\"]}]},{\"@type\":\"ImageObject\",\"inLanguage\":\"es\",\"@id\":\"https:\\\/\\\/www.ip.gov.py\\\/ip\\\/2023\\\/10\\\/02\\\/estados-unidos-y-ecuador-acordaron-el-envio-de-militares-para-combatir-el-narcotrafico\\\/#primaryimage\",\"url\":\"https:\\\/\\\/www.ip.gov.py\\\/ip\\\/wp-content\\\/uploads\\\/2023\\\/10\\\/Ecuador.jpg\",\"contentUrl\":\"https:\\\/\\\/www.ip.gov.py\\\/ip\\\/wp-content\\\/uploads\\\/2023\\\/10\\\/Ecuador.jpg\",\"width\":712,\"height\":400,\"caption\":\"RTVE.es\"},{\"@type\":\"BreadcrumbList\",\"@id\":\"https:\\\/\\\/www.ip.gov.py\\\/ip\\\/2023\\\/10\\\/02\\\/estados-unidos-y-ecuador-acordaron-el-envio-de-militares-para-combatir-el-narcotrafico\\\/#breadcrumb\",\"itemListElement\":[{\"@type\":\"ListItem\",\"position\":1,\"name\":\"Portada\",\"item\":\"https:\\\/\\\/www.ip.gov.py\\\/ip\\\/\"},{\"@type\":\"ListItem\",\"position\":2,\"name\":\"EE.UU y Ecuador acordaron el env\u00edo de militares para combatir el narcotr\u00e1fico\"}]},{\"@type\":\"WebSite\",\"@id\":\"https:\\\/\\\/www.ip.gov.py\\\/ip\\\/#website\",\"url\":\"https:\\\/\\\/www.ip.gov.py\\\/ip\\\/\",\"name\":\".::Agencia IP::.\",\"description\":\"\",\"publisher\":{\"@id\":\"https:\\\/\\\/www.ip.gov.py\\\/ip\\\/#organization\"},\"potentialAction\":[{\"@type\":\"SearchAction\",\"target\":{\"@type\":\"EntryPoint\",\"urlTemplate\":\"https:\\\/\\\/www.ip.gov.py\\\/ip\\\/?s={search_term_string}\"},\"query-input\":{\"@type\":\"PropertyValueSpecification\",\"valueRequired\":true,\"valueName\":\"search_term_string\"}}],\"inLanguage\":\"es\"},{\"@type\":\"Organization\",\"@id\":\"https:\\\/\\\/www.ip.gov.py\\\/ip\\\/#organization\",\"name\":\"Agencia IP\",\"url\":\"https:\\\/\\\/www.ip.gov.py\\\/ip\\\/\",\"logo\":{\"@type\":\"ImageObject\",\"inLanguage\":\"es\",\"@id\":\"https:\\\/\\\/www.ip.gov.py\\\/ip\\\/#\\\/schema\\\/logo\\\/image\\\/\",\"url\":\"https:\\\/\\\/www.ip.gov.py\\\/ip\\\/wp-content\\\/uploads\\\/2018\\\/01\\\/Agencia-IP.jpg\",\"contentUrl\":\"https:\\\/\\\/www.ip.gov.py\\\/ip\\\/wp-content\\\/uploads\\\/2018\\\/01\\\/Agencia-IP.jpg\",\"width\":150,\"height\":150,\"caption\":\"Agencia IP\"},\"image\":{\"@id\":\"https:\\\/\\\/www.ip.gov.py\\\/ip\\\/#\\\/schema\\\/logo\\\/image\\\/\"},\"sameAs\":[\"https:\\\/\\\/www.facebook.com\\\/IPParaguay\\\/\",\"https:\\\/\\\/x.com\\\/IPParaguay\",\"https:\\\/\\\/www.instagram.com\\\/IPParaguay\"]},{\"@type\":\"Person\",\"@id\":\"https:\\\/\\\/www.ip.gov.py\\\/ip\\\/#\\\/schema\\\/person\\\/fa3668852e893cb0423795330f919039\",\"name\":\"vrios\",\"url\":\"https:\\\/\\\/www.ip.gov.py\\\/ip\\\/author\\\/vrios\\\/\"}]}<\/script>\n<!-- \/ Yoast SEO plugin. -->","yoast_head_json":{"title":"EE.UU y Ecuador acordaron el env\u00edo de militares para combatir el narcotr\u00e1fico - .::Agencia IP::.","robots":{"index":"index","follow":"follow","max-snippet":"max-snippet:-1","max-image-preview":"max-image-preview:large","max-video-preview":"max-video-preview:-1"},"canonical":"https:\/\/www.ip.gov.py\/ip\/2023\/10\/02\/estados-unidos-y-ecuador-acordaron-el-envio-de-militares-para-combatir-el-narcotrafico\/","og_locale":"es_ES","og_type":"article","og_title":"EE.UU y Ecuador acordaron el env\u00edo de militares para combatir el narcotr\u00e1fico - .::Agencia IP::.","og_description":"Washington.-El Gobierno de Estados Unidos firm\u00f3 un acuerdo con Ecuador para el env\u00edo de fuerzas militares terrestres y mar\u00edtimas al pa\u00eds que tendr\u00edan como objetivo combatir a las organizaciones del narcotr\u00e1fico.","og_url":"https:\/\/www.ip.gov.py\/ip\/2023\/10\/02\/estados-unidos-y-ecuador-acordaron-el-envio-de-militares-para-combatir-el-narcotrafico\/","og_site_name":".::Agencia IP::.","article_publisher":"https:\/\/www.facebook.com\/IPParaguay\/","article_published_time":"2023-10-02T10:17:25+00:00","article_modified_time":"2023-10-02T10:38:33+00:00","og_image":[{"width":712,"height":400,"url":"https:\/\/www.ip.gov.py\/ip\/wp-content\/uploads\/2023\/10\/Ecuador.jpg","type":"image\/jpeg"}],"author":"vrios","twitter_card":"summary_large_image","twitter_creator":"@IPParaguay","twitter_site":"@IPParaguay","twitter_misc":{"Escrito por":"vrios","Tiempo de lectura":"4 minutos"},"schema":{"@context":"https:\/\/schema.org","@graph":[{"@type":"Article","@id":"https:\/\/www.ip.gov.py\/ip\/2023\/10\/02\/estados-unidos-y-ecuador-acordaron-el-envio-de-militares-para-combatir-el-narcotrafico\/#article","isPartOf":{"@id":"https:\/\/www.ip.gov.py\/ip\/2023\/10\/02\/estados-unidos-y-ecuador-acordaron-el-envio-de-militares-para-combatir-el-narcotrafico\/"},"author":{"name":"vrios","@id":"https:\/\/www.ip.gov.py\/ip\/#\/schema\/person\/fa3668852e893cb0423795330f919039"},"headline":"EE.UU y Ecuador acordaron el env\u00edo de militares para combatir el narcotr\u00e1fico","datePublished":"2023-10-02T10:17:25+00:00","dateModified":"2023-10-02T10:38:33+00:00","mainEntityOfPage":{"@id":"https:\/\/www.ip.gov.py\/ip\/2023\/10\/02\/estados-unidos-y-ecuador-acordaron-el-envio-de-militares-para-combatir-el-narcotrafico\/"},"wordCount":722,"publisher":{"@id":"https:\/\/www.ip.gov.py\/ip\/#organization"},"image":{"@id":"https:\/\/www.ip.gov.py\/ip\/2023\/10\/02\/estados-unidos-y-ecuador-acordaron-el-envio-de-militares-para-combatir-el-narcotrafico\/#primaryimage"},"thumbnailUrl":"https:\/\/www.ip.gov.py\/ip\/wp-content\/uploads\/2023\/10\/Ecuador.jpg","keywords":["Acuerdo","Alerta","Ecuador","EE.UU","militares","Narcotr\u00e1fico"],"articleSection":["Internacionales"],"inLanguage":"es"},{"@type":"WebPage","@id":"https:\/\/www.ip.gov.py\/ip\/2023\/10\/02\/estados-unidos-y-ecuador-acordaron-el-envio-de-militares-para-combatir-el-narcotrafico\/","url":"https:\/\/www.ip.gov.py\/ip\/2023\/10\/02\/estados-unidos-y-ecuador-acordaron-el-envio-de-militares-para-combatir-el-narcotrafico\/","name":"EE.UU y Ecuador acordaron el env\u00edo de militares para combatir el narcotr\u00e1fico - .::Agencia IP::.","isPartOf":{"@id":"https:\/\/www.ip.gov.py\/ip\/#website"},"primaryImageOfPage":{"@id":"https:\/\/www.ip.gov.py\/ip\/2023\/10\/02\/estados-unidos-y-ecuador-acordaron-el-envio-de-militares-para-combatir-el-narcotrafico\/#primaryimage"},"image":{"@id":"https:\/\/www.ip.gov.py\/ip\/2023\/10\/02\/estados-unidos-y-ecuador-acordaron-el-envio-de-militares-para-combatir-el-narcotrafico\/#primaryimage"},"thumbnailUrl":"https:\/\/www.ip.gov.py\/ip\/wp-content\/uploads\/2023\/10\/Ecuador.jpg","datePublished":"2023-10-02T10:17:25+00:00","dateModified":"2023-10-02T10:38:33+00:00","breadcrumb":{"@id":"https:\/\/www.ip.gov.py\/ip\/2023\/10\/02\/estados-unidos-y-ecuador-acordaron-el-envio-de-militares-para-combatir-el-narcotrafico\/#breadcrumb"},"inLanguage":"es","potentialAction":[{"@type":"ReadAction","target":["https:\/\/www.ip.gov.py\/ip\/2023\/10\/02\/estados-unidos-y-ecuador-acordaron-el-envio-de-militares-para-combatir-el-narcotrafico\/"]}]},{"@type":"ImageObject","inLanguage":"es","@id":"https:\/\/www.ip.gov.py\/ip\/2023\/10\/02\/estados-unidos-y-ecuador-acordaron-el-envio-de-militares-para-combatir-el-narcotrafico\/#primaryimage","url":"https:\/\/www.ip.gov.py\/ip\/wp-content\/uploads\/2023\/10\/Ecuador.jpg","contentUrl":"https:\/\/www.ip.gov.py\/ip\/wp-content\/uploads\/2023\/10\/Ecuador.jpg","width":712,"height":400,"caption":"RTVE.es"},{"@type":"BreadcrumbList","@id":"https:\/\/www.ip.gov.py\/ip\/2023\/10\/02\/estados-unidos-y-ecuador-acordaron-el-envio-de-militares-para-combatir-el-narcotrafico\/#breadcrumb","itemListElement":[{"@type":"ListItem","position":1,"name":"Portada","item":"https:\/\/www.ip.gov.py\/ip\/"},{"@type":"ListItem","position":2,"name":"EE.UU y Ecuador acordaron el env\u00edo de militares para combatir el narcotr\u00e1fico"}]},{"@type":"WebSite","@id":"https:\/\/www.ip.gov.py\/ip\/#website","url":"https:\/\/www.ip.gov.py\/ip\/","name":".::Agencia IP::.","description":"","publisher":{"@id":"https:\/\/www.ip.gov.py\/ip\/#organization"},"potentialAction":[{"@type":"SearchAction","target":{"@type":"EntryPoint","urlTemplate":"https:\/\/www.ip.gov.py\/ip\/?s={search_term_string}"},"query-input":{"@type":"PropertyValueSpecification","valueRequired":true,"valueName":"search_term_string"}}],"inLanguage":"es"},{"@type":"Organization","@id":"https:\/\/www.ip.gov.py\/ip\/#organization","name":"Agencia IP","url":"https:\/\/www.ip.gov.py\/ip\/","logo":{"@type":"ImageObject","inLanguage":"es","@id":"https:\/\/www.ip.gov.py\/ip\/#\/schema\/logo\/image\/","url":"https:\/\/www.ip.gov.py\/ip\/wp-content\/uploads\/2018\/01\/Agencia-IP.jpg","contentUrl":"https:\/\/www.ip.gov.py\/ip\/wp-content\/uploads\/2018\/01\/Agencia-IP.jpg","width":150,"height":150,"caption":"Agencia IP"},"image":{"@id":"https:\/\/www.ip.gov.py\/ip\/#\/schema\/logo\/image\/"},"sameAs":["https:\/\/www.facebook.com\/IPParaguay\/","https:\/\/x.com\/IPParaguay","https:\/\/www.instagram.com\/IPParaguay"]},{"@type":"Person","@id":"https:\/\/www.ip.gov.py\/ip\/#\/schema\/person\/fa3668852e893cb0423795330f919039","name":"vrios","url":"https:\/\/www.ip.gov.py\/ip\/author\/vrios\/"}]}},"_links":{"self":[{"href":"https:\/\/www.ip.gov.py\/ip\/wp-json\/wp\/v2\/posts\/471562","targetHints":{"allow":["GET"]}}],"collection":[{"href":"https:\/\/www.ip.gov.py\/ip\/wp-json\/wp\/v2\/posts"}],"about":[{"href":"https:\/\/www.ip.gov.py\/ip\/wp-json\/wp\/v2\/types\/post"}],"author":[{"embeddable":true,"href":"https:\/\/www.ip.gov.py\/ip\/wp-json\/wp\/v2\/users\/11"}],"replies":[{"embeddable":true,"href":"https:\/\/www.ip.gov.py\/ip\/wp-json\/wp\/v2\/comments?post=471562"}],"version-history":[{"count":3,"href":"https:\/\/www.ip.gov.py\/ip\/wp-json\/wp\/v2\/posts\/471562\/revisions"}],"predecessor-version":[{"id":471569,"href":"https:\/\/www.ip.gov.py\/ip\/wp-json\/wp\/v2\/posts\/471562\/revisions\/471569"}],"wp:featuredmedia":[{"embeddable":true,"href":"https:\/\/www.ip.gov.py\/ip\/wp-json\/wp\/v2\/media\/471563"}],"wp:attachment":[{"href":"https:\/\/www.ip.gov.py\/ip\/wp-json\/wp\/v2\/media?parent=471562"}],"wp:term":[{"taxonomy":"category","embeddable":true,"href":"https:\/\/www.ip.gov.py\/ip\/wp-json\/wp\/v2\/categories?post=471562"},{"taxonomy":"post_tag","embeddable":true,"href":"https:\/\/www.ip.gov.py\/ip\/wp-json\/wp\/v2\/tags?post=471562"}],"curies":[{"name":"wp","href":"https:\/\/api.w.org\/{rel}","templated":true}]}}